{"id":1041,"date":"2021-08-09T16:15:04","date_gmt":"2021-08-09T14:15:04","guid":{"rendered":"https:\/\/hoyre.no\/agder\/?p=1041"},"modified":"2021-08-11T13:20:03","modified_gmt":"2021-08-11T11:20:03","slug":"hoyre-vil-skape-muligheter-for-alle","status":"publish","type":"post","link":"https:\/\/hoyre.no\/agder\/aktuelt\/hoyre-vil-skape-muligheter-for-alle\/","title":{"rendered":"H\u00f8yre vil skape muligheter for alle!"},"content":{"rendered":"\n<p class=\"preamble\">H\u00f8yres politikk bygger p\u00e5 at den enkelte skal ha mest mulig frihet til \u00e5 forme sine egne liv og sin egen fremtid.\u00a0 Vi tror at et godt samfunn bygges nedenfra og at staten ikke skal styre mer enn n\u00f8dvendig, i motsetning til Arbeiderpartiet som mener at staten skal styre det meste i livene v\u00e5re.<\/p>\t\t\t<div class=\"post-meta wp-block teft-byline-wrapper\">\n\t\t\t\t<div class=\"top\">\n\t\t\t\t\t<div class=\"signature\">\n\t\t\t\t\t\t<div class=\"teft-byline\">\n\t\t\t\t\t\t\t\t\t\t\t\t\t\t<div>\n\t\t\t\t\t\t\t\t<h3>H\u00f8yres redaksjon<\/h3>\t\t\t\t\t\t\t\t\n\t\t\t\t\t\t\t\t\t\t\t\t\t\t\t\t\t<span class=\"date\">Sist oppdatert: 11. august 2021<\/span>\n\t\t\t\t\t\t\t\t\t\t\t\t\t\t\t\t\t\t\t\t\t\t\t\t\t<span class=\"reading-time\" itemprop=\"timeRequired\" content=\"PT5M\"><em>Ca. 5 minutter lesetid<\/em><\/span>\n\t\t\t\t\t\t\t\t\t\t\t\t\t\t\t<\/div>\n\t\t\t\t\t\t<\/div>\n\t\t\t\t\t<\/div>\n\t\t\t\t\t\t<div class=\"sharing\">\n\t\t<a class=\"share-button share-link copy-link\" data-copy=\"https:\/\/hoyre.no\/agder\/aktuelt\/hoyre-vil-skape-muligheter-for-alle\/\" target=\"_blank\"><span class=\"screen-reader-text\">Del link<\/span><\/a>\n\t\t<a class=\"share-button share-twitter\" href=\"http:\/\/twitter.com\/share?text=H\u00f8yre vil skape muligheter for alle!&#038;url=https:\/\/hoyre.no\/agder\/aktuelt\/hoyre-vil-skape-muligheter-for-alle\/&#038;hashtags=Hoyre\" target=\"_blank\"><span class=\"screen-reader-text\">Del p\u00e5 twitter<\/span><\/a>\n\t\t<a class=\"share-button share-facebook\" href=\"https:\/\/www.facebook.com\/sharer\/sharer.php?u=https:\/\/hoyre.no\/agder\/aktuelt\/hoyre-vil-skape-muligheter-for-alle\/\" target=\"_blank\"><span class=\"screen-reader-text\">Del p\u00e5 facebook<\/span><\/a>\n\t<\/div>\n\t\t\t\t\t<\/div>\n\t\t\t<\/div>\n\n\t\t\t<figure class=\"hoyre-image-wrapper\"><div class=\"hoyre-image\"><img loading=\"lazy\" decoding=\"async\" width=\"2500\" height=\"1669\" src=\"https:\/\/hoyre.no\/content\/uploads\/sites\/6\/2021\/07\/DSC_2446-scaled.jpg\" class=\"attachment-scaled size-scaled\" alt=\"\" style=\"object-position: 50% 50%\" srcset=\"https:\/\/hoyre.no\/content\/uploads\/sites\/6\/2021\/07\/DSC_2446-scaled.jpg 2500w, https:\/\/hoyre.no\/content\/uploads\/sites\/6\/2021\/07\/DSC_2446-300x200.jpg 300w, https:\/\/hoyre.no\/content\/uploads\/sites\/6\/2021\/07\/DSC_2446-1024x684.jpg 1024w, https:\/\/hoyre.no\/content\/uploads\/sites\/6\/2021\/07\/DSC_2446-768x513.jpg 768w, https:\/\/hoyre.no\/content\/uploads\/sites\/6\/2021\/07\/DSC_2446-1536x1025.jpg 1536w, https:\/\/hoyre.no\/content\/uploads\/sites\/6\/2021\/07\/DSC_2446-2048x1367.jpg 2048w\" sizes=\"auto, (max-width: 2500px) 100vw, 2500px\" \/><\/div><\/figure>\n\n\n\n\n<p><strong>Kai Steffen \u00d8stensen kommer med en hel tirade av kritikk og fremstiller H\u00f8yres politikk som usosial og at vi bare er opptatt av \u00abde rike\u00bb&nbsp; Jeg kjenner meg ikke igjen i noen av beskrivelsene.&nbsp; Faktum er at det er skapt rekordmange arbeidsplasser, helsek\u00f8ene gikk ned (f\u00f8r pandemien) og skoleresultatene er bedre.&nbsp; Kort sagt, de fleste piler peker rett vei.<\/strong><\/p>\n\n\n\n<p>Vi er opptatt av \u00e5 skape gode samfunn med arbeidsplasser nok til folk og vi skal v\u00e6re glade for at vi har mennesker som vil satse b\u00e5de tid og penger p\u00e5 \u00e5 skape private arbeidsplasser.&nbsp; Det er helt avgj\u00f8rende for velferden v\u00e5r.&nbsp; Pengene m\u00e5 komme fra et sted! Verdier m\u00e5 skapes f\u00f8r de kan fordeles.&nbsp; Faktisk er det ogs\u00e5 s\u00e5nn at de 10 % rikeste blant oss bidrar med over 40% av statens totale skatteinntekter.&nbsp;<\/p>\n\n\n\n<h4 class=\"wp-block-heading\" id=\"h-h-yre-er-et-parti-som-vil-at-velferdsstaten-skal-v-re-solid-og-v-re-mest-for-de-som-trenger-det-mest\">H\u00f8yre er et parti som vil at velferdsstaten skal v\u00e6re solid og v\u00e6re mest for de som trenger det mest.&nbsp;<\/h4>\n\n\n\n<p>For \u00e5 bygge en solid velferdsstat trenger vi en skattepolitikk som medvirker til at n\u00e6ringslivet f\u00e5r rammebetingelser slik at de kan investere, skape og sikre arbeidsplasser. &nbsp;&nbsp;H\u00f8yre vil fjerne formueskatten p\u00e5 arbeidende kapital.&nbsp; En skatt som kun betales av norske eiere og derfor er konkurransevridende.&nbsp; Den m\u00e5 ogs\u00e5 betales selv om bedriten g\u00e5r med underskudd. Da m\u00e5 verdier tas ut av selskapet og det sier seg selv at bedriften da blir mindre solid. &nbsp;Her er det mange sm\u00e5bedrifter i Agder som rammes.&nbsp;Mange sliter, og det siste de trenger n\u00e5 er en ekstra skatteregning fra Ap.<\/p>\n\n\n\n<p><strong>\u00d8stensen kritiserer blant mye annet endringene i brillest\u00f8tte til barn og fysioterapi og jeg lurer virkelig p\u00e5 om han har satt seg inn i hva endringene faktisk gikk ut p\u00e5?<\/strong><\/p>\n\n\n\n<p>Brillest\u00f8tten til barn under 18 \u00e5r ble endret etter en gjennomgang av NAV hvor det viste seg at det ble gitt st\u00f8nad til uforholdsmessig dyre briller sammenlignet med kravet om at Folketrygden kun skal gi st\u00f8tte til rimeligste, hensiktsmessige brille.&nbsp;Fra 2008 til 2018 hadde denne posten p\u00e5 statsbudsjettet \u00f8kt fra 70 til 215 millioner. Mener Ap at det ikke skal v\u00e6re noen grense p\u00e5 st\u00f8tten?<\/p>\n\n\n\n<p>St\u00f8tte til fysioterapi ble tidligere gitt p\u00e5 bakgrunn av en diagnoseliste.&nbsp; Diagnoselisten ga rett til gratis fysioterapi for de med en bestemt diagnose.&nbsp; De som ikke sto p\u00e5 listen m\u00e5tte betale selv.&nbsp;&nbsp; <\/p>\n\n\n\n<p>Vi mener at hver enkelt skal f\u00e5 et helsetilbud basert p\u00e5 deres situasjon og behov og ikke et tilbud basert p\u00e5 en liste over diagnoser.&nbsp;Mener Ap at den gamle ordningen var rettferdig?<\/p>\n\n\n\n<p>\u00d8stensen skriver ogs\u00e5 i sitt innlegg at det er urettferdig at st\u00f8rrelsen p\u00e5 lommeboka skal avgj\u00f8re kvaliteten p\u00e5 utdanning og helsetilbud.&nbsp; Det er jeg helt enig i og med H\u00f8yres politikk unng\u00e5r vi nettopp dette. &nbsp;N\u00e5 utnytter vi f.eks. privat kapasitet i helsesektoren slik at k\u00f8ene g\u00e5r ned, uten at du trenger \u00e5 betale selv eller at du m\u00e5 ha egen forsikring.&nbsp; <\/p>\n\n\n\n<p>Ap vil fjerne b\u00e5de fritt sykehusvalg og private tilbud finansiert av staten.&nbsp;Da vil k\u00f8ene vokse igjen og noen vil kj\u00f8pe seg ut av k\u00f8en med egne penger eller forsikringer. &nbsp;&nbsp;Vi tror at konkurranse og valgfrihet skaper bedre tjenester innen b\u00e5de helse og skole.<\/p>\n\n\n\n<h4 class=\"wp-block-heading\" id=\"h-ap-p-st-r-at-h-yres-politikk-f-rer-til-st-rre-ulikhet-det-er-feil\">Ap p\u00e5st\u00e5r at H\u00f8yres politikk f\u00f8rer til st\u00f8rre ulikhet.&nbsp; Det er feil!&nbsp;<\/h4>\n\n\n\n<p>Det som skaper st\u00f8rst ulikhet og utenforskap er skillet mellom de som har en jobb og de som st\u00e5r utenfor arbeidslivet.&nbsp; Derfor gj\u00f8r vi alt vi kan for at alle som kan jobbe skal f\u00e5 en jobb \u00e5 g\u00e5 til. &nbsp;<\/p>\n\n\n\n<p id=\"h-ap-vil-ke-skattene-noe-som-vil-gj-re-det-vanskeligere-skape-arbeidsplasser\">Ap vil \u00f8ke skattene, noe som vil gj\u00f8re det vanskeligere \u00e5 skape arbeidsplasser.<\/p>\n\n\n\n<p>Da Ap satt i regjeringen skulle de ogs\u00e5 \u00abutrydde fattigdom med et pennestr\u00f8k\u00bb Til tross for \u00f8kte skatter ble resultatet 15.000 flere fattige barn.<\/p>\n\n\n\n<p>Fattigdom er en utfordring denne regjeringen har h\u00f8yt fokus p\u00e5. &nbsp;Det er lagt frem en egen strategi med 40 tiltak. &nbsp;Tiltakene i strategien skal hjelpe barn slik at alle skal ha lik mulighet til deltakelse og utvikling. &nbsp;Vi har ogs\u00e5 \u00f8kt barnetrygden, doblet engangsst\u00f8naden til nybakte foreldre, redusert foreldrebetaling i barnehage og SFO og innf\u00f8rt fritidskort for barn.<\/p>\n\n\n\n<p>Dette kan umulig sies \u00e5 v\u00e6re usosialt !<\/p>\n\n\n\n<p>Nei, Kai Steffen \u00d8stensen, vi trenger ingen retningsendring.&nbsp; Vi trenger trygg styring ut av pandemien for \u00e5 f\u00e5 fart p\u00e5 Norge igjen. Vi trenger arbeidsplasser, et helsevesen som setter pasienten i sentrum, gir valgfrihet og korte ventelister. &nbsp;<\/p>\n\n\n\n<p><strong>En skole som gir elevene kunnskaper og ferdigheter nok til \u00e5 f\u00e5 seg arbeid og klare seg selv i livet og et samfunn med mest mulig frihet og muligheter for alle!<\/strong><\/p>\n\n\n\n<h4 class=\"wp-block-heading\" id=\"h-heller-det-enn-et-r-dgr-nt-alternativ-som-ingen-vet-retningen-p\"><strong>Heller det enn et r\u00f8dgr\u00f8nt alternativ som ingen vet retningen p\u00e5!<\/strong><\/h4>\n\n\n<div class=\"tags\">\n\t<\/div>\n<div class=\"post-footer alignfull has-background block-editor-block-list__block\" data-align=full>\n\t<div class=\"post-footer-inner\">\n\t\t<h3>Relaterte artikler<\/h3>\n\t\t<div class=\"related-content\"><div class=\"is-card-hoyre\">\n\t<div class=\"teft-card hoyre-teft-card post-teft-card\">\n\t\t<a href=\"https:\/\/hoyre.no\/agder\/aktuelt\/agder-hoyre-onsker-dine-innspill-fylkestings-programmet\/\" class=\"teft-card__primary-action\">\n\n\t\t\t\t\t<div class=\"teft-card__media teft-card__media--16-9\">\n\t\t\t\t\t\t<img loading=\"lazy\" decoding=\"async\" width=\"768\" height=\"819\" src=\"https:\/\/hoyre.no\/content\/uploads\/sites\/6\/2025\/06\/DSC04923-edited-768x819.jpg\" class=\"attachment-medium_large size-medium_large\" alt=\"\" srcset=\"https:\/\/hoyre.no\/content\/uploads\/sites\/6\/2025\/06\/DSC04923-edited-768x819.jpg 768w, https:\/\/hoyre.no\/content\/uploads\/sites\/6\/2025\/06\/DSC04923-edited-281x300.jpg 281w, https:\/\/hoyre.no\/content\/uploads\/sites\/6\/2025\/06\/DSC04923-edited-960x1024.jpg 960w, https:\/\/hoyre.no\/content\/uploads\/sites\/6\/2025\/06\/DSC04923-edited-1440x1536.jpg 1440w, https:\/\/hoyre.no\/content\/uploads\/sites\/6\/2025\/06\/DSC04923-edited-1920x2048.jpg 1920w\" sizes=\"auto, (max-width: 768px) 100vw, 768px\" \/>\t\t<\/div>\n\t\t\n\t\t\t<div class=\"teft-card__content-wrapper\">\n\t\t\t\t<div class=\"teft-card__secondary\">\n\t\t\t\t\t\n\t\t\t\t\t\t\t\t<div class=\"teft-card__meta\">\n\t\t\t\t\t\t\t\t\t<span class=\"post-date\">21. apr 2026<\/span>\n\n\t\t\t\t\t\t\t\t\t<span class=\"post-category\">Nyheter<\/span>\t\t\t\t\t\t\t\t<\/div>\n\t\t\t\t\t\t\t\t\t\t\t<\/div>\n\n\t\t\t\t<div class=\"teft-card__primary\">\n\t\t\t\t\t<h2 class=\"teft-card__title\">Agder H\u00f8yres programprosess for Fylkestingsvalget 2027&nbsp;<span class=\"teft-card__primary-title-append\"><\/span><\/h2>\t\t\t\t<\/div>\n\t\t\t<\/div>\n\t\t<\/a>\n\t<\/div>\n\n\t<\/div><div class=\"is-card-hoyre\">\n\t<div class=\"teft-card hoyre-teft-card post-teft-card\">\n\t\t<a href=\"https:\/\/hoyre.no\/agder\/aktuelt\/agder-hoyres-nye-regionradgiver\/\" class=\"teft-card__primary-action\">\n\n\t\t\t\t\t<div class=\"teft-card__media teft-card__media--16-9\">\n\t\t\t\t\t\t<img loading=\"lazy\" decoding=\"async\" width=\"768\" height=\"768\" src=\"https:\/\/hoyre.no\/content\/uploads\/sites\/6\/2026\/03\/Aleksander-L-768x768.png\" class=\"attachment-medium_large size-medium_large\" alt=\"\" srcset=\"https:\/\/hoyre.no\/content\/uploads\/sites\/6\/2026\/03\/Aleksander-L-768x768.png 768w, https:\/\/hoyre.no\/content\/uploads\/sites\/6\/2026\/03\/Aleksander-L-e1775591785378-300x300.png 300w, https:\/\/hoyre.no\/content\/uploads\/sites\/6\/2026\/03\/Aleksander-L-e1775591785378-150x150.png 150w, https:\/\/hoyre.no\/content\/uploads\/sites\/6\/2026\/03\/Aleksander-L-e1775591785378.png 722w\" sizes=\"auto, (max-width: 768px) 100vw, 768px\" \/>\t\t<\/div>\n\t\t\n\t\t\t<div class=\"teft-card__content-wrapper\">\n\t\t\t\t<div class=\"teft-card__secondary\">\n\t\t\t\t\t\n\t\t\t\t\t\t\t\t<div class=\"teft-card__meta\">\n\t\t\t\t\t\t\t\t\t<span class=\"post-date\">23. mar 2026<\/span>\n\n\t\t\t\t\t\t\t\t\t\t\t\t\t\t\t\t\t<\/div>\n\t\t\t\t\t\t\t\t\t\t\t<\/div>\n\n\t\t\t\t<div class=\"teft-card__primary\">\n\t\t\t\t\t<h2 class=\"teft-card__title\">Agder H\u00f8yres nye regionr\u00e5dgiver&nbsp;<span class=\"teft-card__primary-title-append\"><\/span><\/h2>\t\t\t\t<\/div>\n\t\t\t<\/div>\n\t\t<\/a>\n\t<\/div>\n\n\t<\/div><div class=\"is-card-hoyre\">\n\t<div class=\"teft-card hoyre-teft-card post-teft-card\">\n\t\t<a href=\"https:\/\/hoyre.no\/agder\/aktuelt\/agder-hoyres-nominasjonsprosess-for-fylkestingsvalget-2027\/\" class=\"teft-card__primary-action\">\n\n\t\t\t\t\t<div class=\"teft-card__media teft-card__media--16-9\">\n\t\t\t\t\t\t<img loading=\"lazy\" decoding=\"async\" width=\"768\" height=\"512\" src=\"https:\/\/hoyre.no\/content\/uploads\/sites\/6\/2026\/03\/Haagen-Poppe-Foto-Hans-Kristian-Thorbjornsen-768x512.jpg\" class=\"attachment-medium_large size-medium_large\" alt=\"\" srcset=\"https:\/\/hoyre.no\/content\/uploads\/sites\/6\/2026\/03\/Haagen-Poppe-Foto-Hans-Kristian-Thorbjornsen-768x512.jpg 768w, https:\/\/hoyre.no\/content\/uploads\/sites\/6\/2026\/03\/Haagen-Poppe-Foto-Hans-Kristian-Thorbjornsen-300x200.jpg 300w, https:\/\/hoyre.no\/content\/uploads\/sites\/6\/2026\/03\/Haagen-Poppe-Foto-Hans-Kristian-Thorbjornsen-1024x683.jpg 1024w, https:\/\/hoyre.no\/content\/uploads\/sites\/6\/2026\/03\/Haagen-Poppe-Foto-Hans-Kristian-Thorbjornsen-1536x1025.jpg 1536w, https:\/\/hoyre.no\/content\/uploads\/sites\/6\/2026\/03\/Haagen-Poppe-Foto-Hans-Kristian-Thorbjornsen-2048x1366.jpg 2048w\" sizes=\"auto, (max-width: 768px) 100vw, 768px\" \/>\t\t<\/div>\n\t\t\n\t\t\t<div class=\"teft-card__content-wrapper\">\n\t\t\t\t<div class=\"teft-card__secondary\">\n\t\t\t\t\t\n\t\t\t\t\t\t\t\t<div class=\"teft-card__meta\">\n\t\t\t\t\t\t\t\t\t<span class=\"post-date\">5. mar 2026<\/span>\n\n\t\t\t\t\t\t\t\t\t\t\t\t\t\t\t\t\t<\/div>\n\t\t\t\t\t\t\t\t\t\t\t<\/div>\n\n\t\t\t\t<div class=\"teft-card__primary\">\n\t\t\t\t\t<h2 class=\"teft-card__title\">Agder H\u00f8yres nominasjonsprosess for  Fylkestingsvalget 2027&nbsp;<span class=\"teft-card__primary-title-append\"><\/span><\/h2>\t\t\t\t<\/div>\n\t\t\t<\/div>\n\t\t<\/a>\n\t<\/div>\n\n\t<\/div><\/div>\t<\/div>\n<\/div>\n","protected":false},"excerpt":{"rendered":"","protected":false},"author":349,"featured_media":0,"comment_status":"closed","ping_status":"closed","sticky":false,"template":"","format":"standard","meta":{"teft_cards_image_url":"","teft_cards_custom_pretitle":"","teft_cards_image_id":1020,"teft_cards_image_focal_point_x":0.5,"teft_cards_image_focal_point_y":0.5,"teft_cards_title":"","teft_cards_excerpt":"","teft_show_chapters":false,"author_display_name":"","footnotes":""},"category":[1],"post_tag":[],"hoyre-visibility":[],"article-type":[],"politician":[],"class_list":["post-1041","post","type-post","status-publish","format-standard","hentry","category-ukategorisert"],"yoast_head":"<!-- This site is optimized with the Yoast SEO Premium plugin v26.5 (Yoast SEO v26.6) - https:\/\/yoast.com\/wordpress\/plugins\/seo\/ -->\n<title>H\u00f8yre vil skape muligheter for alle! - Agder H\u00f8yre<\/title>\n<meta name=\"robots\" content=\"index, follow, max-snippet:-1, max-image-preview:large, max-video-preview:-1\" \/>\n<link rel=\"canonical\" href=\"https:\/\/hoyre.no\/agder\/aktuelt\/hoyre-vil-skape-muligheter-for-alle\/\" \/>\n<meta property=\"og:locale\" content=\"nb_NO\" \/>\n<meta property=\"og:type\" content=\"article\" \/>\n<meta property=\"og:title\" content=\"H\u00f8yre vil skape muligheter for alle!\" \/>\n<meta property=\"og:url\" content=\"https:\/\/hoyre.no\/agder\/aktuelt\/hoyre-vil-skape-muligheter-for-alle\/\" \/>\n<meta property=\"og:site_name\" content=\"Agder H\u00f8yre\" \/>\n<meta property=\"article:published_time\" content=\"2021-08-09T14:15:04+00:00\" \/>\n<meta property=\"article:modified_time\" content=\"2021-08-11T11:20:03+00:00\" \/>\n<meta property=\"og:image\" content=\"https:\/\/hoyre.no\/content\/uploads\/sites\/6\/2026\/03\/Haagen-Poppe-Foto-Hans-Kristian-Thorbjornsen-1024x683.jpg\" \/>\n<meta name=\"twitter:card\" content=\"summary_large_image\" \/>\n<meta name=\"twitter:label1\" content=\"Skrevet av\" \/>\n\t<meta name=\"twitter:data1\" content=\"\" \/>\n\t<meta name=\"twitter:label2\" content=\"Ansl. lesetid\" \/>\n\t<meta name=\"twitter:data2\" content=\"4 minutter\" \/>\n<script type=\"application\/ld+json\" class=\"yoast-schema-graph\">{\"@context\":\"https:\/\/schema.org\",\"@graph\":[{\"@type\":\"NewsArticle\",\"@id\":\"https:\/\/hoyre.no\/agder\/aktuelt\/hoyre-vil-skape-muligheter-for-alle\/\",\"url\":\"https:\/\/hoyre.no\/agder\/aktuelt\/hoyre-vil-skape-muligheter-for-alle\/\",\"name\":\"H\u00f8yre vil skape muligheter for alle! - Agder H\u00f8yre\",\"isPartOf\":{\"@id\":\"https:\/\/hoyre.no\/agder\/#website\"},\"datePublished\":\"2021-08-09T14:15:04+00:00\",\"dateModified\":\"2021-08-11T11:20:03+00:00\",\"author\":{\"@id\":\"\"},\"breadcrumb\":{\"@id\":\"https:\/\/hoyre.no\/agder\/aktuelt\/hoyre-vil-skape-muligheter-for-alle\/#breadcrumb\"},\"inLanguage\":\"nb-NO\",\"potentialAction\":[{\"@type\":\"ReadAction\",\"target\":[\"https:\/\/hoyre.no\/agder\/aktuelt\/hoyre-vil-skape-muligheter-for-alle\/\"]}]},{\"@type\":\"BreadcrumbList\",\"@id\":\"https:\/\/hoyre.no\/agder\/aktuelt\/hoyre-vil-skape-muligheter-for-alle\/#breadcrumb\",\"itemListElement\":[{\"@type\":\"ListItem\",\"position\":1,\"name\":\"Til hoyre.no\",\"item\":\"https:\/\/hoyre.no\"},{\"@type\":\"ListItem\",\"position\":2,\"name\":\"Hjem\",\"item\":\"https:\/\/hoyre.no\/agder\/\"},{\"@type\":\"ListItem\",\"position\":3,\"name\":\"H\u00f8yre vil skape muligheter for alle!\"}]},{\"@type\":\"WebSite\",\"@id\":\"https:\/\/hoyre.no\/agder\/#website\",\"url\":\"https:\/\/hoyre.no\/agder\/\",\"name\":\"Agder H\u00f8yre\",\"description\":\"Bare enda et H\u00f8yres nettsteder-nettsted\",\"inLanguage\":\"nb-NO\"},{\"@type\":\"Person\",\"@id\":\"\",\"url\":\"https:\/\/hoyre.no\/agder\/aktuelt\/author\/\"}]}<\/script>\n<!-- \/ Yoast SEO Premium plugin. -->","yoast_head_json":{"title":"H\u00f8yre vil skape muligheter for alle! - Agder H\u00f8yre","robots":{"index":"index","follow":"follow","max-snippet":"max-snippet:-1","max-image-preview":"max-image-preview:large","max-video-preview":"max-video-preview:-1"},"canonical":"https:\/\/hoyre.no\/agder\/aktuelt\/hoyre-vil-skape-muligheter-for-alle\/","og_locale":"nb_NO","og_type":"article","og_title":"H\u00f8yre vil skape muligheter for alle!","og_url":"https:\/\/hoyre.no\/agder\/aktuelt\/hoyre-vil-skape-muligheter-for-alle\/","og_site_name":"Agder H\u00f8yre","article_published_time":"2021-08-09T14:15:04+00:00","article_modified_time":"2021-08-11T11:20:03+00:00","og_image":[{"url":"https:\/\/hoyre.no\/content\/uploads\/sites\/6\/2026\/03\/Haagen-Poppe-Foto-Hans-Kristian-Thorbjornsen-1024x683.jpg","width":"","height":"","type":""}],"twitter_card":"summary_large_image","twitter_misc":{"Skrevet av":"","Ansl. lesetid":"4 minutter"},"schema":{"@context":"https:\/\/schema.org","@graph":[{"@type":"NewsArticle","@id":"https:\/\/hoyre.no\/agder\/aktuelt\/hoyre-vil-skape-muligheter-for-alle\/","url":"https:\/\/hoyre.no\/agder\/aktuelt\/hoyre-vil-skape-muligheter-for-alle\/","name":"H\u00f8yre vil skape muligheter for alle! - Agder H\u00f8yre","isPartOf":{"@id":"https:\/\/hoyre.no\/agder\/#website"},"datePublished":"2021-08-09T14:15:04+00:00","dateModified":"2021-08-11T11:20:03+00:00","author":{"@id":""},"breadcrumb":{"@id":"https:\/\/hoyre.no\/agder\/aktuelt\/hoyre-vil-skape-muligheter-for-alle\/#breadcrumb"},"inLanguage":"nb-NO","potentialAction":[{"@type":"ReadAction","target":["https:\/\/hoyre.no\/agder\/aktuelt\/hoyre-vil-skape-muligheter-for-alle\/"]}]},{"@type":"BreadcrumbList","@id":"https:\/\/hoyre.no\/agder\/aktuelt\/hoyre-vil-skape-muligheter-for-alle\/#breadcrumb","itemListElement":[{"@type":"ListItem","position":1,"name":"Til hoyre.no","item":"https:\/\/hoyre.no"},{"@type":"ListItem","position":2,"name":"Hjem","item":"https:\/\/hoyre.no\/agder\/"},{"@type":"ListItem","position":3,"name":"H\u00f8yre vil skape muligheter for alle!"}]},{"@type":"WebSite","@id":"https:\/\/hoyre.no\/agder\/#website","url":"https:\/\/hoyre.no\/agder\/","name":"Agder H\u00f8yre","description":"Bare enda et H\u00f8yres nettsteder-nettsted","inLanguage":"nb-NO"},{"@type":"Person","@id":"","url":"https:\/\/hoyre.no\/agder\/aktuelt\/author\/"}]}},"distributor_meta":false,"distributor_terms":false,"distributor_media":false,"distributor_original_site_name":"Agder H\u00f8yre","distributor_original_site_url":"https:\/\/hoyre.no\/agder","push-errors":false,"_links":{"self":[{"href":"https:\/\/hoyre.no\/agder\/wp-json\/wp\/v2\/posts\/1041","targetHints":{"allow":["GET"]}}],"collection":[{"href":"https:\/\/hoyre.no\/agder\/wp-json\/wp\/v2\/posts"}],"about":[{"href":"https:\/\/hoyre.no\/agder\/wp-json\/wp\/v2\/types\/post"}],"author":[{"embeddable":true,"href":"https:\/\/hoyre.no\/agder\/wp-json\/wp\/v2\/users\/349"}],"replies":[{"embeddable":true,"href":"https:\/\/hoyre.no\/agder\/wp-json\/wp\/v2\/comments?post=1041"}],"version-history":[{"count":3,"href":"https:\/\/hoyre.no\/agder\/wp-json\/wp\/v2\/posts\/1041\/revisions"}],"predecessor-version":[{"id":1045,"href":"https:\/\/hoyre.no\/agder\/wp-json\/wp\/v2\/posts\/1041\/revisions\/1045"}],"wp:attachment":[{"href":"https:\/\/hoyre.no\/agder\/wp-json\/wp\/v2\/media?parent=1041"}],"wp:term":[{"taxonomy":"category","embeddable":true,"href":"https:\/\/hoyre.no\/agder\/wp-json\/wp\/v2\/category?post=1041"},{"taxonomy":"post_tag","embeddable":true,"href":"https:\/\/hoyre.no\/agder\/wp-json\/wp\/v2\/post_tag?post=1041"},{"taxonomy":"hoyre-visibility","embeddable":true,"href":"https:\/\/hoyre.no\/agder\/wp-json\/wp\/v2\/hoyre-visibility?post=1041"},{"taxonomy":"article-type","embeddable":true,"href":"https:\/\/hoyre.no\/agder\/wp-json\/wp\/v2\/article-type?post=1041"},{"taxonomy":"politician","embeddable":true,"href":"https:\/\/hoyre.no\/agder\/wp-json\/wp\/v2\/politician?post=1041"}],"curies":[{"name":"wp","href":"https:\/\/api.w.org\/{rel}","templated":true}]}}