{"id":1058,"date":"2021-08-26T11:22:55","date_gmt":"2021-08-26T09:22:55","guid":{"rendered":"https:\/\/hoyre.no\/agder\/?p=1058"},"modified":"2021-08-26T11:22:56","modified_gmt":"2021-08-26T09:22:56","slug":"send-studentene-pa-jobb","status":"publish","type":"post","link":"https:\/\/hoyre.no\/agder\/aktuelt\/send-studentene-pa-jobb\/","title":{"rendered":"Send studentene p\u00e5 jobb!"},"content":{"rendered":"\n<p class=\"preamble\">Norske studenter m\u00e5 bli bedre forberedt p\u00e5 arbeidslivet. Samfunnsvitere, s\u00e5vel som naturvitere, m\u00e5 f\u00e5 mulighet til \u00e5 ha praksis i studietiden, og universitetene og h\u00f8yskolene m\u00e5 bli bedre p\u00e5 \u00e5 samarbeide med arbeidslivet. Det kan bli S\u00f8rlandets konkurransefortrinn.<\/p>\t\t\t<div class=\"post-meta wp-block teft-byline-wrapper\">\n\t\t\t\t<div class=\"top\">\n\t\t\t\t\t<div class=\"signature\">\n\t\t\t\t\t\t<div class=\"teft-byline\">\n\t\t\t\t\t\t\t\t\t\t\t\t\t\t<div>\n\t\t\t\t\t\t\t\t<h3>H\u00f8yres redaksjon<\/h3>\t\t\t\t\t\t\t\t\n\t\t\t\t\t\t\t\t\t\t\t\t\t\t\t\t\t<span class=\"date\">Sist oppdatert: 26. august 2021<\/span>\n\t\t\t\t\t\t\t\t\t\t\t\t\t\t\t\t\t\t\t\t\t\t\t\t\t<span class=\"reading-time\" itemprop=\"timeRequired\" content=\"PT5M\"><em>Ca. 5 minutter lesetid<\/em><\/span>\n\t\t\t\t\t\t\t\t\t\t\t\t\t\t\t<\/div>\n\t\t\t\t\t\t<\/div>\n\t\t\t\t\t<\/div>\n\t\t\t\t\t\t<div class=\"sharing\">\n\t\t<a class=\"share-button share-link copy-link\" data-copy=\"https:\/\/hoyre.no\/agder\/aktuelt\/send-studentene-pa-jobb\/\" target=\"_blank\"><span class=\"screen-reader-text\">Del link<\/span><\/a>\n\t\t<a class=\"share-button share-twitter\" href=\"http:\/\/twitter.com\/share?text=Send studentene p\u00e5 jobb!&#038;url=https:\/\/hoyre.no\/agder\/aktuelt\/send-studentene-pa-jobb\/&#038;hashtags=Hoyre\" target=\"_blank\"><span class=\"screen-reader-text\">Del p\u00e5 twitter<\/span><\/a>\n\t\t<a class=\"share-button share-facebook\" href=\"https:\/\/www.facebook.com\/sharer\/sharer.php?u=https:\/\/hoyre.no\/agder\/aktuelt\/send-studentene-pa-jobb\/\" target=\"_blank\"><span class=\"screen-reader-text\">Del p\u00e5 facebook<\/span><\/a>\n\t<\/div>\n\t\t\t\t\t<\/div>\n\t\t\t<\/div>\n\n\t\t\t<figure class=\"hoyre-image-wrapper\"><div class=\"hoyre-image\"><img loading=\"lazy\" decoding=\"async\" width=\"2500\" height=\"1667\" src=\"https:\/\/hoyre.no\/content\/uploads\/sites\/6\/2021\/07\/Aase-Marthe-Horrigmo-foto-Hans-Kristian-Thorbjornsen--scaled.jpg\" class=\"attachment-scaled size-scaled\" alt=\"\" style=\"object-position: 50% 50%\" srcset=\"https:\/\/hoyre.no\/content\/uploads\/sites\/6\/2021\/07\/Aase-Marthe-Horrigmo-foto-Hans-Kristian-Thorbjornsen--scaled.jpg 2500w, https:\/\/hoyre.no\/content\/uploads\/sites\/6\/2021\/07\/Aase-Marthe-Horrigmo-foto-Hans-Kristian-Thorbjornsen--300x200.jpg 300w, https:\/\/hoyre.no\/content\/uploads\/sites\/6\/2021\/07\/Aase-Marthe-Horrigmo-foto-Hans-Kristian-Thorbjornsen--1024x683.jpg 1024w, https:\/\/hoyre.no\/content\/uploads\/sites\/6\/2021\/07\/Aase-Marthe-Horrigmo-foto-Hans-Kristian-Thorbjornsen--768x512.jpg 768w, https:\/\/hoyre.no\/content\/uploads\/sites\/6\/2021\/07\/Aase-Marthe-Horrigmo-foto-Hans-Kristian-Thorbjornsen--1536x1024.jpg 1536w, https:\/\/hoyre.no\/content\/uploads\/sites\/6\/2021\/07\/Aase-Marthe-Horrigmo-foto-Hans-Kristian-Thorbjornsen--2048x1365.jpg 2048w\" sizes=\"auto, (max-width: 2500px) 100vw, 2500px\" \/><\/div><figcaption class=\"caption\">2. kandidat til Stortinget, Aase Marthe Johansen Horrigmo, \u00f8nsker et tettere samarbeid mellom universitetene og arbeidsmarkedet. Foto: Mona Hauglid<\/figcaption><\/figure>\n\n\n\n\n<p>Det er ikke s\u00e5nn at norske studenter er d\u00e5rlig forberedt p\u00e5 arbeidslivet i dag. De kommer stort sett, med noen unntak, raskt i relevant jobb. Men vi er ikke s\u00e5 gode som vi burde og kunne v\u00e6re. Sammenlignet med andre europeiske, henger vi nemlig etter. Vi bruker rett og slett ikke like mange verkt\u00f8y som for eksempel v\u00e5re skandinaviske naboland for \u00e5 s\u00f8rge for at utdanningen blir mer relevant.<\/p>\n\n\n\n<p>Regjeringen la i v\u00e5r frem arbeidslivsrelevansmeldingen. Der er bestillingen til universiteter og h\u00f8yskoler om \u00e5 samarbeide mer med arbeidslivet. Samarbeid er et viktig f\u00f8rste steg for en bedre utdanning, men det er ikke nok. Regjeringen vil ogs\u00e5 at flere studenter skal f\u00e5 mer og bedre praksis. Det handler ikke bare om profesjonsfagene. Ogs\u00e5 statsvitenskapsstudenter, historiestudenter eller matematikkstudenter b\u00f8r f\u00e5 mulighet til \u00e5 teste ut arbeidslivet gjennom praksis.<\/p>\n\n\n\n<p>N\u00e5r vi n\u00e5 tar hverdagen tilbake m\u00e5 vi ogs\u00e5 f\u00e5 jobbene tilbake. Men samtidig st\u00e5r vi foran en stor omstilling av arbeidslivet og samfunnet. Digitalisering og gr\u00f8nt skifte er bare to stikkord i denne sammenhengen. Kravene til kompetanse er allerede h\u00f8ye i arbeidslivet. Vi m\u00e5 ruste studentene best mulig for de endringene som kommer.<\/p>\n\n\n\n<p>Det er ikke minst viktig for oss p\u00e5 S\u00f8rlandet. Vi har mange ansatte i olje- og energibransjen. Bransjer som allerede er i stor endring og som m\u00e5 bli gr\u00f8nnere. De som skal arbeide i denne bransjen m\u00e5 v\u00e6re klare for \u00e5 omstille seg og de m\u00e5 ikke minst evne \u00e5 tenke nytt og utvikle nye produkter og tjenester<\/p>\n\n\n\n<p>Industrien p\u00e5 S\u00f8rlandet er godt i gang med omstillingen. Prosessindustrien med lange tradisjoner i v\u00e5r landsdel, reduserer utslippene og produserer mer. Nye bedrifter vokser frem. Avfallet fra Elkems solcelleproduksjon blir videreforedlet av Resitec til silisiumpulver som kan brukes i nye produkter. Vi er p\u00e5 god vei til \u00e5 bli hele Norges batterikyst, med Morrows etablering som et tydelig eksempel p\u00e5 det industrieventyret som kan komme.<\/p>\n\n\n\n<p>Dette er samtidig en stor bestilling til universitetet v\u00e5rt. Universitetet i Agder er heldigvis allerede i gang. Handelsh\u00f8yskolen og fakultet for teknologi og realfag ved UiA har storstilte planer for tettere samarbeid med n\u00e6ringslivet. De har satt seg som m\u00e5l \u00e5 ha en samarbeidsavtale med over 100 virksomheter i l\u00f8pet av 2021\/2022. Innholdet i avtalene skal dreie seg om alt fra alt fra bachelor\u2013 og masteroppgaver og internships, til store og langsiktige forskningsprosjekter med m\u00e5l om publisering og kommersialisering. Det betyr at flere studenter vil f\u00e5 mulighet til \u00e5 skrive oppgaver som tar utgangspunkt i et reelt problem n\u00e6ringslivet opplever, eller f\u00e5 oppl\u00e6ring i hvordan industrien arbeider. Det kan bli et kjempel\u00f8ft for regionen.<\/p>\n\n\n\n<blockquote class=\"wp-block-quote is-layout-flow wp-block-quote-is-layout-flow\"><p><strong>Det kan bli et kjempel\u00f8ft for regionen.<\/strong><\/p><\/blockquote>\n\n\n\n<p>En viktig forutsetning for dette arbeidet, er at bedriftenes \u00f8nsker og behov for samarbeid skal st\u00e5 i sentrum. Det svarer ut en del av kritikken om at universitets- og h\u00f8yskolesektoren gjerne vil samarbeid, men p\u00e5 deres premisser. Skal vi lykkes med et bedre samarbeid mellom universiteter og h\u00f8yskoler og arbeidslivet, m\u00e5 det nettopp skje p\u00e5 begges premisser.<\/p>\n\n\n\n<p>Regjeringen har sagt at staten skal g\u00e5 foran i \u00e5 legge til rette for \u00e5 ta imot praksisstudenter. Kunnskapsdepartementet og Kommunal- og moderniseringsdepartementet har allerede studenter i praksis. Flere i staten og arbeidslivet m\u00e5 komme etter.<\/p>\n\n\n\n<p>Men p\u00e5 S\u00f8rlandet er det mange som allerede er i gang. UiA og arbeidslivet i regionen v\u00e5r har allerede f\u00e5tt p\u00e5 plass praksisplasser for nye studentgrupper, som \u00f8konomi, statsvitenskap og informasjonsteknologi. Jeg har selv hatt stor nytte av dyktige praksisstudenter fra UiA, b\u00e5de da jeg jobbet som r\u00e5dgiver for tidligere ordf\u00f8rer i Kristiansand og som ansatt i konsulentbransjen. Det krever en innsats fra de som mottar studentene. Det krever oppf\u00f8lging og oppl\u00e6ring. Men det gir ogs\u00e5 tilgang p\u00e5 ny kunnskap og god arbeidskraft. Jeg mener dette er en vinn-vinn-situasjon for studentene og for arbeidsgivere. Men det er ogs\u00e5 en vinn-vinn-situasjon for regionen v\u00e5r at studentene ved UiA f\u00e5r tettere kobling med arbeidslivet, en erfaring mange studenter fra andre steder ikke har. I tillegg blir arbeidslivet kjent med UiA.<\/p>\n\n\n\n<p>Dette er godt nytt. Vi vet at de store samfunnsutfordringene vi skal gjennom ikke kan l\u00f8ses av n\u00e6ringslivet, forskningsmilj\u00f8er eller offentlig sektor hver for seg. For at vi skal lykkes, m\u00e5 de spille p\u00e5 lag. Agder har fremdeles en vei \u00e5 g\u00e5, men er godt i gang.<\/p>\n\n\n\n<p><strong>Dersom regionen lykkes med \u00e5 forberede studentene bedre p\u00e5 arbeidslivet, og styrke samarbeidet mellom arbeidslivet og h\u00f8yere utdanning, vil det bli et stort konkurransefortrinn for oss s\u00f8rlendinger.<\/strong><\/p>\n\n\n\n<p><strong>Aase Marthe J. Horrigmo, <\/strong><\/p>\n\n\n\n<p><strong>2. kandidat for H\u00f8yre i Vest-Agder valgdistrikt.<\/strong><\/p>\n\n\n<div class=\"tags\">\n\t<\/div>\n<div class=\"post-footer alignfull has-background block-editor-block-list__block\" data-align=full>\n\t<div class=\"post-footer-inner\">\n\t\t<h3>Relaterte artikler<\/h3>\n\t\t<div class=\"related-content\"><div class=\"is-card-hoyre\">\n\t<div class=\"teft-card hoyre-teft-card post-teft-card\">\n\t\t<a href=\"https:\/\/hoyre.no\/agder\/aktuelt\/agder-hoyre-onsker-dine-innspill-fylkestings-programmet\/\" class=\"teft-card__primary-action\">\n\n\t\t\t\t\t<div class=\"teft-card__media teft-card__media--16-9\">\n\t\t\t\t\t\t<img loading=\"lazy\" decoding=\"async\" width=\"768\" height=\"819\" src=\"https:\/\/hoyre.no\/content\/uploads\/sites\/6\/2025\/06\/DSC04923-edited-768x819.jpg\" class=\"attachment-medium_large size-medium_large\" alt=\"\" srcset=\"https:\/\/hoyre.no\/content\/uploads\/sites\/6\/2025\/06\/DSC04923-edited-768x819.jpg 768w, https:\/\/hoyre.no\/content\/uploads\/sites\/6\/2025\/06\/DSC04923-edited-281x300.jpg 281w, https:\/\/hoyre.no\/content\/uploads\/sites\/6\/2025\/06\/DSC04923-edited-960x1024.jpg 960w, https:\/\/hoyre.no\/content\/uploads\/sites\/6\/2025\/06\/DSC04923-edited-1440x1536.jpg 1440w, https:\/\/hoyre.no\/content\/uploads\/sites\/6\/2025\/06\/DSC04923-edited-1920x2048.jpg 1920w\" sizes=\"auto, (max-width: 768px) 100vw, 768px\" \/>\t\t<\/div>\n\t\t\n\t\t\t<div class=\"teft-card__content-wrapper\">\n\t\t\t\t<div class=\"teft-card__secondary\">\n\t\t\t\t\t\n\t\t\t\t\t\t\t\t<div class=\"teft-card__meta\">\n\t\t\t\t\t\t\t\t\t<span class=\"post-date\">21. apr 2026<\/span>\n\n\t\t\t\t\t\t\t\t\t<span class=\"post-category\">Nyheter<\/span>\t\t\t\t\t\t\t\t<\/div>\n\t\t\t\t\t\t\t\t\t\t\t<\/div>\n\n\t\t\t\t<div class=\"teft-card__primary\">\n\t\t\t\t\t<h2 class=\"teft-card__title\">Agder H\u00f8yres programprosess for Fylkestingsvalget 2027&nbsp;<span class=\"teft-card__primary-title-append\"><\/span><\/h2>\t\t\t\t<\/div>\n\t\t\t<\/div>\n\t\t<\/a>\n\t<\/div>\n\n\t<\/div><div class=\"is-card-hoyre\">\n\t<div class=\"teft-card hoyre-teft-card post-teft-card\">\n\t\t<a href=\"https:\/\/hoyre.no\/agder\/aktuelt\/agder-hoyres-nye-regionradgiver\/\" class=\"teft-card__primary-action\">\n\n\t\t\t\t\t<div class=\"teft-card__media teft-card__media--16-9\">\n\t\t\t\t\t\t<img loading=\"lazy\" decoding=\"async\" width=\"768\" height=\"768\" src=\"https:\/\/hoyre.no\/content\/uploads\/sites\/6\/2026\/03\/Aleksander-L-768x768.png\" class=\"attachment-medium_large size-medium_large\" alt=\"\" srcset=\"https:\/\/hoyre.no\/content\/uploads\/sites\/6\/2026\/03\/Aleksander-L-768x768.png 768w, https:\/\/hoyre.no\/content\/uploads\/sites\/6\/2026\/03\/Aleksander-L-e1775591785378-300x300.png 300w, https:\/\/hoyre.no\/content\/uploads\/sites\/6\/2026\/03\/Aleksander-L-e1775591785378-150x150.png 150w, https:\/\/hoyre.no\/content\/uploads\/sites\/6\/2026\/03\/Aleksander-L-e1775591785378.png 722w\" sizes=\"auto, (max-width: 768px) 100vw, 768px\" \/>\t\t<\/div>\n\t\t\n\t\t\t<div class=\"teft-card__content-wrapper\">\n\t\t\t\t<div class=\"teft-card__secondary\">\n\t\t\t\t\t\n\t\t\t\t\t\t\t\t<div class=\"teft-card__meta\">\n\t\t\t\t\t\t\t\t\t<span class=\"post-date\">23. mar 2026<\/span>\n\n\t\t\t\t\t\t\t\t\t\t\t\t\t\t\t\t\t<\/div>\n\t\t\t\t\t\t\t\t\t\t\t<\/div>\n\n\t\t\t\t<div class=\"teft-card__primary\">\n\t\t\t\t\t<h2 class=\"teft-card__title\">Agder H\u00f8yres nye regionr\u00e5dgiver&nbsp;<span class=\"teft-card__primary-title-append\"><\/span><\/h2>\t\t\t\t<\/div>\n\t\t\t<\/div>\n\t\t<\/a>\n\t<\/div>\n\n\t<\/div><div class=\"is-card-hoyre\">\n\t<div class=\"teft-card hoyre-teft-card post-teft-card\">\n\t\t<a href=\"https:\/\/hoyre.no\/agder\/aktuelt\/agder-hoyres-nominasjonsprosess-for-fylkestingsvalget-2027\/\" class=\"teft-card__primary-action\">\n\n\t\t\t\t\t<div class=\"teft-card__media teft-card__media--16-9\">\n\t\t\t\t\t\t<img loading=\"lazy\" decoding=\"async\" width=\"768\" height=\"512\" src=\"https:\/\/hoyre.no\/content\/uploads\/sites\/6\/2026\/03\/Haagen-Poppe-Foto-Hans-Kristian-Thorbjornsen-768x512.jpg\" class=\"attachment-medium_large size-medium_large\" alt=\"\" srcset=\"https:\/\/hoyre.no\/content\/uploads\/sites\/6\/2026\/03\/Haagen-Poppe-Foto-Hans-Kristian-Thorbjornsen-768x512.jpg 768w, https:\/\/hoyre.no\/content\/uploads\/sites\/6\/2026\/03\/Haagen-Poppe-Foto-Hans-Kristian-Thorbjornsen-300x200.jpg 300w, https:\/\/hoyre.no\/content\/uploads\/sites\/6\/2026\/03\/Haagen-Poppe-Foto-Hans-Kristian-Thorbjornsen-1024x683.jpg 1024w, https:\/\/hoyre.no\/content\/uploads\/sites\/6\/2026\/03\/Haagen-Poppe-Foto-Hans-Kristian-Thorbjornsen-1536x1025.jpg 1536w, https:\/\/hoyre.no\/content\/uploads\/sites\/6\/2026\/03\/Haagen-Poppe-Foto-Hans-Kristian-Thorbjornsen-2048x1366.jpg 2048w\" sizes=\"auto, (max-width: 768px) 100vw, 768px\" \/>\t\t<\/div>\n\t\t\n\t\t\t<div class=\"teft-card__content-wrapper\">\n\t\t\t\t<div class=\"teft-card__secondary\">\n\t\t\t\t\t\n\t\t\t\t\t\t\t\t<div class=\"teft-card__meta\">\n\t\t\t\t\t\t\t\t\t<span class=\"post-date\">5. mar 2026<\/span>\n\n\t\t\t\t\t\t\t\t\t\t\t\t\t\t\t\t\t<\/div>\n\t\t\t\t\t\t\t\t\t\t\t<\/div>\n\n\t\t\t\t<div class=\"teft-card__primary\">\n\t\t\t\t\t<h2 class=\"teft-card__title\">Agder H\u00f8yres nominasjonsprosess for  Fylkestingsvalget 2027&nbsp;<span class=\"teft-card__primary-title-append\"><\/span><\/h2>\t\t\t\t<\/div>\n\t\t\t<\/div>\n\t\t<\/a>\n\t<\/div>\n\n\t<\/div><\/div>\t<\/div>\n<\/div>\n","protected":false},"excerpt":{"rendered":"","protected":false},"author":13407,"featured_media":0,"comment_status":"closed","ping_status":"closed","sticky":false,"template":"","format":"standard","meta":{"teft_cards_image_url":"","teft_cards_custom_pretitle":"","teft_cards_image_id":1007,"teft_cards_image_focal_point_x":0.5,"teft_cards_image_focal_point_y":0.5,"teft_cards_title":"","teft_cards_excerpt":"","teft_show_chapters":false,"author_display_name":"","footnotes":""},"category":[1],"post_tag":[],"hoyre-visibility":[],"article-type":[],"politician":[],"class_list":["post-1058","post","type-post","status-publish","format-standard","hentry","category-ukategorisert"],"yoast_head":"<!-- This site is optimized with the Yoast SEO Premium plugin v26.5 (Yoast SEO v26.6) - https:\/\/yoast.com\/wordpress\/plugins\/seo\/ -->\n<title>Send studentene p\u00e5 jobb! - Agder H\u00f8yre<\/title>\n<meta name=\"robots\" content=\"index, follow, max-snippet:-1, max-image-preview:large, max-video-preview:-1\" \/>\n<link rel=\"canonical\" href=\"https:\/\/hoyre.no\/agder\/aktuelt\/send-studentene-pa-jobb\/\" \/>\n<meta property=\"og:locale\" content=\"nb_NO\" \/>\n<meta property=\"og:type\" content=\"article\" \/>\n<meta property=\"og:title\" content=\"Send studentene p\u00e5 jobb!\" \/>\n<meta property=\"og:url\" content=\"https:\/\/hoyre.no\/agder\/aktuelt\/send-studentene-pa-jobb\/\" \/>\n<meta property=\"og:site_name\" content=\"Agder H\u00f8yre\" \/>\n<meta property=\"article:published_time\" content=\"2021-08-26T09:22:55+00:00\" \/>\n<meta property=\"article:modified_time\" content=\"2021-08-26T09:22:56+00:00\" \/>\n<meta property=\"og:image\" content=\"https:\/\/hoyre.no\/content\/uploads\/sites\/6\/2026\/03\/Haagen-Poppe-Foto-Hans-Kristian-Thorbjornsen-1024x683.jpg\" \/>\n<meta name=\"author\" content=\"Sindre \u00d8verg\u00e5rd N\u00e6ss\" \/>\n<meta name=\"twitter:card\" content=\"summary_large_image\" \/>\n<meta name=\"twitter:label1\" content=\"Skrevet av\" \/>\n\t<meta name=\"twitter:data1\" content=\"Sindre \u00d8verg\u00e5rd N\u00e6ss\" \/>\n\t<meta name=\"twitter:label2\" content=\"Ansl. lesetid\" \/>\n\t<meta name=\"twitter:data2\" content=\"4 minutter\" \/>\n<script type=\"application\/ld+json\" class=\"yoast-schema-graph\">{\"@context\":\"https:\/\/schema.org\",\"@graph\":[{\"@type\":\"NewsArticle\",\"@id\":\"https:\/\/hoyre.no\/agder\/aktuelt\/send-studentene-pa-jobb\/\",\"url\":\"https:\/\/hoyre.no\/agder\/aktuelt\/send-studentene-pa-jobb\/\",\"name\":\"Send studentene p\u00e5 jobb! - Agder H\u00f8yre\",\"isPartOf\":{\"@id\":\"https:\/\/hoyre.no\/agder\/#website\"},\"datePublished\":\"2021-08-26T09:22:55+00:00\",\"dateModified\":\"2021-08-26T09:22:56+00:00\",\"author\":{\"@id\":\"https:\/\/hoyre.no\/agder\/#\/schema\/person\/af18aaaa0fa5b23bfe36f39bd69ef0e7\"},\"breadcrumb\":{\"@id\":\"https:\/\/hoyre.no\/agder\/aktuelt\/send-studentene-pa-jobb\/#breadcrumb\"},\"inLanguage\":\"nb-NO\",\"potentialAction\":[{\"@type\":\"ReadAction\",\"target\":[\"https:\/\/hoyre.no\/agder\/aktuelt\/send-studentene-pa-jobb\/\"]}]},{\"@type\":\"BreadcrumbList\",\"@id\":\"https:\/\/hoyre.no\/agder\/aktuelt\/send-studentene-pa-jobb\/#breadcrumb\",\"itemListElement\":[{\"@type\":\"ListItem\",\"position\":1,\"name\":\"Til hoyre.no\",\"item\":\"https:\/\/hoyre.no\"},{\"@type\":\"ListItem\",\"position\":2,\"name\":\"Hjem\",\"item\":\"https:\/\/hoyre.no\/agder\/\"},{\"@type\":\"ListItem\",\"position\":3,\"name\":\"Send studentene p\u00e5 jobb!\"}]},{\"@type\":\"WebSite\",\"@id\":\"https:\/\/hoyre.no\/agder\/#website\",\"url\":\"https:\/\/hoyre.no\/agder\/\",\"name\":\"Agder H\u00f8yre\",\"description\":\"Bare enda et H\u00f8yres nettsteder-nettsted\",\"inLanguage\":\"nb-NO\"},{\"@type\":\"Person\",\"@id\":\"https:\/\/hoyre.no\/agder\/#\/schema\/person\/af18aaaa0fa5b23bfe36f39bd69ef0e7\",\"name\":\"Sindre \u00d8verg\u00e5rd N\u00e6ss\",\"image\":{\"@type\":\"ImageObject\",\"inLanguage\":\"nb-NO\",\"@id\":\"https:\/\/hoyre.no\/agder\/#\/schema\/person\/image\/\",\"url\":\"https:\/\/secure.gravatar.com\/avatar\/3cbd97e78ae303d4b4dd2f7c0420848ac9f0ef5670a00a261eccde5043da39ac?s=96&d=mm&r=g\",\"contentUrl\":\"https:\/\/secure.gravatar.com\/avatar\/3cbd97e78ae303d4b4dd2f7c0420848ac9f0ef5670a00a261eccde5043da39ac?s=96&d=mm&r=g\",\"caption\":\"Sindre \u00d8verg\u00e5rd N\u00e6ss\"},\"url\":\"https:\/\/hoyre.no\/agder\/aktuelt\/author\/m52011186\/\"}]}<\/script>\n<!-- \/ Yoast SEO Premium plugin. -->","yoast_head_json":{"title":"Send studentene p\u00e5 jobb! - Agder H\u00f8yre","robots":{"index":"index","follow":"follow","max-snippet":"max-snippet:-1","max-image-preview":"max-image-preview:large","max-video-preview":"max-video-preview:-1"},"canonical":"https:\/\/hoyre.no\/agder\/aktuelt\/send-studentene-pa-jobb\/","og_locale":"nb_NO","og_type":"article","og_title":"Send studentene p\u00e5 jobb!","og_url":"https:\/\/hoyre.no\/agder\/aktuelt\/send-studentene-pa-jobb\/","og_site_name":"Agder H\u00f8yre","article_published_time":"2021-08-26T09:22:55+00:00","article_modified_time":"2021-08-26T09:22:56+00:00","og_image":[{"url":"https:\/\/hoyre.no\/content\/uploads\/sites\/6\/2026\/03\/Haagen-Poppe-Foto-Hans-Kristian-Thorbjornsen-1024x683.jpg","width":"","height":"","type":""}],"author":"Sindre \u00d8verg\u00e5rd N\u00e6ss","twitter_card":"summary_large_image","twitter_misc":{"Skrevet av":"Sindre \u00d8verg\u00e5rd N\u00e6ss","Ansl. lesetid":"4 minutter"},"schema":{"@context":"https:\/\/schema.org","@graph":[{"@type":"NewsArticle","@id":"https:\/\/hoyre.no\/agder\/aktuelt\/send-studentene-pa-jobb\/","url":"https:\/\/hoyre.no\/agder\/aktuelt\/send-studentene-pa-jobb\/","name":"Send studentene p\u00e5 jobb! - Agder H\u00f8yre","isPartOf":{"@id":"https:\/\/hoyre.no\/agder\/#website"},"datePublished":"2021-08-26T09:22:55+00:00","dateModified":"2021-08-26T09:22:56+00:00","author":{"@id":"https:\/\/hoyre.no\/agder\/#\/schema\/person\/af18aaaa0fa5b23bfe36f39bd69ef0e7"},"breadcrumb":{"@id":"https:\/\/hoyre.no\/agder\/aktuelt\/send-studentene-pa-jobb\/#breadcrumb"},"inLanguage":"nb-NO","potentialAction":[{"@type":"ReadAction","target":["https:\/\/hoyre.no\/agder\/aktuelt\/send-studentene-pa-jobb\/"]}]},{"@type":"BreadcrumbList","@id":"https:\/\/hoyre.no\/agder\/aktuelt\/send-studentene-pa-jobb\/#breadcrumb","itemListElement":[{"@type":"ListItem","position":1,"name":"Til hoyre.no","item":"https:\/\/hoyre.no"},{"@type":"ListItem","position":2,"name":"Hjem","item":"https:\/\/hoyre.no\/agder\/"},{"@type":"ListItem","position":3,"name":"Send studentene p\u00e5 jobb!"}]},{"@type":"WebSite","@id":"https:\/\/hoyre.no\/agder\/#website","url":"https:\/\/hoyre.no\/agder\/","name":"Agder H\u00f8yre","description":"Bare enda et H\u00f8yres nettsteder-nettsted","inLanguage":"nb-NO"},{"@type":"Person","@id":"https:\/\/hoyre.no\/agder\/#\/schema\/person\/af18aaaa0fa5b23bfe36f39bd69ef0e7","name":"Sindre \u00d8verg\u00e5rd N\u00e6ss","image":{"@type":"ImageObject","inLanguage":"nb-NO","@id":"https:\/\/hoyre.no\/agder\/#\/schema\/person\/image\/","url":"https:\/\/secure.gravatar.com\/avatar\/3cbd97e78ae303d4b4dd2f7c0420848ac9f0ef5670a00a261eccde5043da39ac?s=96&d=mm&r=g","contentUrl":"https:\/\/secure.gravatar.com\/avatar\/3cbd97e78ae303d4b4dd2f7c0420848ac9f0ef5670a00a261eccde5043da39ac?s=96&d=mm&r=g","caption":"Sindre \u00d8verg\u00e5rd N\u00e6ss"},"url":"https:\/\/hoyre.no\/agder\/aktuelt\/author\/m52011186\/"}]}},"distributor_meta":false,"distributor_terms":false,"distributor_media":false,"distributor_original_site_name":"Agder H\u00f8yre","distributor_original_site_url":"https:\/\/hoyre.no\/agder","push-errors":false,"_links":{"self":[{"href":"https:\/\/hoyre.no\/agder\/wp-json\/wp\/v2\/posts\/1058","targetHints":{"allow":["GET"]}}],"collection":[{"href":"https:\/\/hoyre.no\/agder\/wp-json\/wp\/v2\/posts"}],"about":[{"href":"https:\/\/hoyre.no\/agder\/wp-json\/wp\/v2\/types\/post"}],"author":[{"embeddable":true,"href":"https:\/\/hoyre.no\/agder\/wp-json\/wp\/v2\/users\/13407"}],"replies":[{"embeddable":true,"href":"https:\/\/hoyre.no\/agder\/wp-json\/wp\/v2\/comments?post=1058"}],"version-history":[{"count":1,"href":"https:\/\/hoyre.no\/agder\/wp-json\/wp\/v2\/posts\/1058\/revisions"}],"predecessor-version":[{"id":1059,"href":"https:\/\/hoyre.no\/agder\/wp-json\/wp\/v2\/posts\/1058\/revisions\/1059"}],"wp:attachment":[{"href":"https:\/\/hoyre.no\/agder\/wp-json\/wp\/v2\/media?parent=1058"}],"wp:term":[{"taxonomy":"category","embeddable":true,"href":"https:\/\/hoyre.no\/agder\/wp-json\/wp\/v2\/category?post=1058"},{"taxonomy":"post_tag","embeddable":true,"href":"https:\/\/hoyre.no\/agder\/wp-json\/wp\/v2\/post_tag?post=1058"},{"taxonomy":"hoyre-visibility","embeddable":true,"href":"https:\/\/hoyre.no\/agder\/wp-json\/wp\/v2\/hoyre-visibility?post=1058"},{"taxonomy":"article-type","embeddable":true,"href":"https:\/\/hoyre.no\/agder\/wp-json\/wp\/v2\/article-type?post=1058"},{"taxonomy":"politician","embeddable":true,"href":"https:\/\/hoyre.no\/agder\/wp-json\/wp\/v2\/politician?post=1058"}],"curies":[{"name":"wp","href":"https:\/\/api.w.org\/{rel}","templated":true}]}}