{"id":1065,"date":"2021-09-02T12:13:23","date_gmt":"2021-09-02T10:13:23","guid":{"rendered":"https:\/\/hoyre.no\/agder\/?p=1065"},"modified":"2021-09-02T12:13:24","modified_gmt":"2021-09-02T10:13:24","slug":"vi-ma-skape-mer-ikke-skatte-mer","status":"publish","type":"post","link":"https:\/\/hoyre.no\/agder\/aktuelt\/vi-ma-skape-mer-ikke-skatte-mer\/","title":{"rendered":"Vi m\u00e5 skape mer, ikke skatte mer!"},"content":{"rendered":"\n<p class=\"preamble\">Torunn Ostad og Svein Harberg svarer Arbeiderpariet i dagens utgave av Grimstad Adresstidende. Arbeiderpartiet kan ikke garantere at ingen av samarbeidspartiene skal f\u00e5 gjennomslag i skattepolitikken. B\u00e5de R\u00f8dt, SV og MDG \u00f8nsker en lavere inntektsgrense for \u00f8kt skatt.<\/p>\t\t\t<div class=\"post-meta wp-block teft-byline-wrapper\">\n\t\t\t\t<div class=\"top\">\n\t\t\t\t\t<div class=\"signature\">\n\t\t\t\t\t\t<div class=\"teft-byline\">\n\t\t\t\t\t\t\t\t\t\t\t\t\t\t<div>\n\t\t\t\t\t\t\t\t<h3>H\u00f8yres redaksjon<\/h3>\t\t\t\t\t\t\t\t\n\t\t\t\t\t\t\t\t\t\t\t\t\t\t\t\t\t<span class=\"date\">Sist oppdatert: 2. september 2021<\/span>\n\t\t\t\t\t\t\t\t\t\t\t\t\t\t\t\t\t\t\t\t\t\t\t\t\t<span class=\"reading-time\" itemprop=\"timeRequired\" content=\"PT3M\"><em>Ca. 3 minutter lesetid<\/em><\/span>\n\t\t\t\t\t\t\t\t\t\t\t\t\t\t\t<\/div>\n\t\t\t\t\t\t<\/div>\n\t\t\t\t\t<\/div>\n\t\t\t\t\t\t<div class=\"sharing\">\n\t\t<a class=\"share-button share-link copy-link\" data-copy=\"https:\/\/hoyre.no\/agder\/aktuelt\/vi-ma-skape-mer-ikke-skatte-mer\/\" target=\"_blank\"><span class=\"screen-reader-text\">Del link<\/span><\/a>\n\t\t<a class=\"share-button share-twitter\" href=\"http:\/\/twitter.com\/share?text=Vi m\u00e5 skape mer, ikke skatte mer!&#038;url=https:\/\/hoyre.no\/agder\/aktuelt\/vi-ma-skape-mer-ikke-skatte-mer\/&#038;hashtags=Hoyre\" target=\"_blank\"><span class=\"screen-reader-text\">Del p\u00e5 twitter<\/span><\/a>\n\t\t<a class=\"share-button share-facebook\" href=\"https:\/\/www.facebook.com\/sharer\/sharer.php?u=https:\/\/hoyre.no\/agder\/aktuelt\/vi-ma-skape-mer-ikke-skatte-mer\/\" target=\"_blank\"><span class=\"screen-reader-text\">Del p\u00e5 facebook<\/span><\/a>\n\t<\/div>\n\t\t\t\t\t<\/div>\n\t\t\t<\/div>\n\n\t\t\t<figure class=\"hoyre-image-wrapper\"><div class=\"hoyre-image\"><img loading=\"lazy\" decoding=\"async\" width=\"2500\" height=\"1667\" src=\"https:\/\/hoyre.no\/content\/uploads\/sites\/6\/2021\/08\/gwohknhA-scaled.jpeg\" class=\"attachment-scaled size-scaled\" alt=\"\" style=\"object-position: 50% 50%\" srcset=\"https:\/\/hoyre.no\/content\/uploads\/sites\/6\/2021\/08\/gwohknhA-scaled.jpeg 2500w, https:\/\/hoyre.no\/content\/uploads\/sites\/6\/2021\/08\/gwohknhA-300x200.jpeg 300w, https:\/\/hoyre.no\/content\/uploads\/sites\/6\/2021\/08\/gwohknhA-1024x683.jpeg 1024w, https:\/\/hoyre.no\/content\/uploads\/sites\/6\/2021\/08\/gwohknhA-768x512.jpeg 768w, https:\/\/hoyre.no\/content\/uploads\/sites\/6\/2021\/08\/gwohknhA-1536x1024.jpeg 1536w, https:\/\/hoyre.no\/content\/uploads\/sites\/6\/2021\/08\/gwohknhA-2048x1365.jpeg 2048w\" sizes=\"auto, (max-width: 2500px) 100vw, 2500px\" \/><\/div><figcaption class=\"caption\">Stortingskandidatene Svein Harberg og Torunn Ostad mener at vi m\u00e5 skape flere nye jobber og inkludere flere i arbeidslivet for \u00e5 f\u00e5 fart p\u00e5 Norge etter krisen. Riktig medisin er ikke \u00e5 \u00f8ke skattene for folk og bedrifter. Foto: Mona Hauglid<\/figcaption><\/figure>\n\n\n\n\n<p>Marit Grefstad hevder at H\u00f8yres innlegg om r\u00f8dgr\u00f8nt skatteopplegg villeder leserne fordi vi presenterer alle de r\u00f8dgr\u00f8nne partienes skattepolitikk, ikke kun Arbeiderpartiets. Det g\u00e5r helt klart frem av v\u00e5rt innlegg hvor de ulike partiene plasserer grensen for hvem som skal f\u00e5 \u00f8kt skatt.<\/p>\n\n\n\n<p>Arbeiderpartiet kan ikke garantere at ingen av samarbeidspartiene skal f\u00e5 gjennomslag i skattepolitikken. B\u00e5de R\u00f8dt, SV og MDG \u00f8nsker en lavere inntektsgrense for \u00f8kt skatt. SV vil kreve inn tre ganger s\u00e5 mye som Grefstad oppgir i sitt eksempel, R\u00f8dt enda mer. Og de har lovet \u00e5 st\u00e5 hardt p\u00e5 kravet om skatte\u00f8kning, b\u00e5de for inntektsskatt, selskapsskatt og arveavgift. St\u00f8re hevder i flere saker at han ikke vil gi etter for krav fra samarbeidspartiene. Men han kommer til \u00e5 m\u00e5tte forhandle og de andre r\u00f8dgr\u00f8nne partiene vil sette sitt preg p\u00e5 politikken. St\u00f8re bekreftet selv i TV2-nyhetene 30. august at han er villig til \u00e5 forhandle om skatteniv\u00e5et.<\/p>\n\n\n\n<p>Innev\u00e6rende \u00e5r betaler en vanlig familie 14 000 kr. mindre i skatt enn de gjorde under forrige r\u00f8dgr\u00f8nne styre. I tillegg har vi \u00f8kt barnetrygden, innf\u00f8rt fritidskort, gitt flere gratis kjernetid i barnehagen, redusert prisen p\u00e5 barnehage og SFO for lavinntektsfamilier, senket terskelen inn i arbeidslivet, gjort det enklere for eldre \u00e5 st\u00e5 lenger i jobb og f\u00f8rt en m\u00e5lrettet politikk for integrering og inkludering.<\/p>\n\n\n\n<p>Norge er blant de landene i verden med lavest ulikhet, og det \u00f8nsker vi \u00e5 bevare. Det er rett at de som tjener mest, skatter mest. Men den st\u00f8rste forskjellen mellom folk i Norge er mellom de som har en jobb og de som ikke har det. For H\u00f8yre er det viktigste \u00e5 inkludere flere i arbeidslivet. Da m\u00e5 vi satse p\u00e5 utdanning og integrering, og vi m\u00e5 heie p\u00e5 alle dem som skaper jobber.<\/p>\n\n\n\n<p>For \u00e5 f\u00e5 fart p\u00e5 Norge etter koronakrisen og trygge velferden fremover, m\u00e5 det skapes flere nye jobber og vi m\u00e5 inkludere flere i arbeidslivet. Jobbene m\u00e5 skapes i hele landet, og de m\u00e5 skapes i privat sektor, slik at de kan bidra til statsbudsjettet og ikke leve av statsbudsjettet. Gjennom utvikling av arbeidsplasser som skaper verdier utvikler vi et b\u00e6rekraftig samfunn som tar vare p\u00e5 velferdssamfunnet v\u00e5rt.<\/p>\n\n\n\n<p><strong>Norge er p\u00e5 vei ut av en krise. For \u00e5 f\u00e5 fart p\u00e5 Norge igjen, er det ikke rett medisin \u00e5 \u00f8ke skattene for bedrifter og for vanlige l\u00f8nnsmottagere. Vi m\u00e5 skape mer, ikke skatte mer!<\/strong><\/p>\n\n\n<div class=\"tags\">\n\t<\/div>\n<div class=\"post-footer alignfull has-background block-editor-block-list__block\" data-align=full>\n\t<div class=\"post-footer-inner\">\n\t\t<h3>Relaterte artikler<\/h3>\n\t\t<div class=\"related-content\"><div class=\"is-card-hoyre\">\n\t<div class=\"teft-card hoyre-teft-card post-teft-card\">\n\t\t<a href=\"https:\/\/hoyre.no\/agder\/aktuelt\/agder-hoyre-onsker-dine-innspill-fylkestings-programmet\/\" class=\"teft-card__primary-action\">\n\n\t\t\t\t\t<div class=\"teft-card__media teft-card__media--16-9\">\n\t\t\t\t\t\t<img loading=\"lazy\" decoding=\"async\" width=\"768\" height=\"819\" src=\"https:\/\/hoyre.no\/content\/uploads\/sites\/6\/2025\/06\/DSC04923-edited-768x819.jpg\" class=\"attachment-medium_large size-medium_large\" alt=\"\" srcset=\"https:\/\/hoyre.no\/content\/uploads\/sites\/6\/2025\/06\/DSC04923-edited-768x819.jpg 768w, https:\/\/hoyre.no\/content\/uploads\/sites\/6\/2025\/06\/DSC04923-edited-281x300.jpg 281w, https:\/\/hoyre.no\/content\/uploads\/sites\/6\/2025\/06\/DSC04923-edited-960x1024.jpg 960w, https:\/\/hoyre.no\/content\/uploads\/sites\/6\/2025\/06\/DSC04923-edited-1440x1536.jpg 1440w, https:\/\/hoyre.no\/content\/uploads\/sites\/6\/2025\/06\/DSC04923-edited-1920x2048.jpg 1920w\" sizes=\"auto, (max-width: 768px) 100vw, 768px\" \/>\t\t<\/div>\n\t\t\n\t\t\t<div class=\"teft-card__content-wrapper\">\n\t\t\t\t<div class=\"teft-card__secondary\">\n\t\t\t\t\t\n\t\t\t\t\t\t\t\t<div class=\"teft-card__meta\">\n\t\t\t\t\t\t\t\t\t<span class=\"post-date\">21. apr 2026<\/span>\n\n\t\t\t\t\t\t\t\t\t<span class=\"post-category\">Nyheter<\/span>\t\t\t\t\t\t\t\t<\/div>\n\t\t\t\t\t\t\t\t\t\t\t<\/div>\n\n\t\t\t\t<div class=\"teft-card__primary\">\n\t\t\t\t\t<h2 class=\"teft-card__title\">Agder H\u00f8yres programprosess for Fylkestingsvalget 2027&nbsp;<span class=\"teft-card__primary-title-append\"><\/span><\/h2>\t\t\t\t<\/div>\n\t\t\t<\/div>\n\t\t<\/a>\n\t<\/div>\n\n\t<\/div><div class=\"is-card-hoyre\">\n\t<div class=\"teft-card hoyre-teft-card post-teft-card\">\n\t\t<a href=\"https:\/\/hoyre.no\/agder\/aktuelt\/agder-hoyres-nye-regionradgiver\/\" class=\"teft-card__primary-action\">\n\n\t\t\t\t\t<div class=\"teft-card__media teft-card__media--16-9\">\n\t\t\t\t\t\t<img loading=\"lazy\" decoding=\"async\" width=\"768\" height=\"768\" src=\"https:\/\/hoyre.no\/content\/uploads\/sites\/6\/2026\/03\/Aleksander-L-768x768.png\" class=\"attachment-medium_large size-medium_large\" alt=\"\" srcset=\"https:\/\/hoyre.no\/content\/uploads\/sites\/6\/2026\/03\/Aleksander-L-768x768.png 768w, https:\/\/hoyre.no\/content\/uploads\/sites\/6\/2026\/03\/Aleksander-L-e1775591785378-300x300.png 300w, https:\/\/hoyre.no\/content\/uploads\/sites\/6\/2026\/03\/Aleksander-L-e1775591785378-150x150.png 150w, https:\/\/hoyre.no\/content\/uploads\/sites\/6\/2026\/03\/Aleksander-L-e1775591785378.png 722w\" sizes=\"auto, (max-width: 768px) 100vw, 768px\" \/>\t\t<\/div>\n\t\t\n\t\t\t<div class=\"teft-card__content-wrapper\">\n\t\t\t\t<div class=\"teft-card__secondary\">\n\t\t\t\t\t\n\t\t\t\t\t\t\t\t<div class=\"teft-card__meta\">\n\t\t\t\t\t\t\t\t\t<span class=\"post-date\">23. mar 2026<\/span>\n\n\t\t\t\t\t\t\t\t\t\t\t\t\t\t\t\t\t<\/div>\n\t\t\t\t\t\t\t\t\t\t\t<\/div>\n\n\t\t\t\t<div class=\"teft-card__primary\">\n\t\t\t\t\t<h2 class=\"teft-card__title\">Agder H\u00f8yres nye regionr\u00e5dgiver&nbsp;<span class=\"teft-card__primary-title-append\"><\/span><\/h2>\t\t\t\t<\/div>\n\t\t\t<\/div>\n\t\t<\/a>\n\t<\/div>\n\n\t<\/div><div class=\"is-card-hoyre\">\n\t<div class=\"teft-card hoyre-teft-card post-teft-card\">\n\t\t<a href=\"https:\/\/hoyre.no\/agder\/aktuelt\/agder-hoyres-nominasjonsprosess-for-fylkestingsvalget-2027\/\" class=\"teft-card__primary-action\">\n\n\t\t\t\t\t<div class=\"teft-card__media teft-card__media--16-9\">\n\t\t\t\t\t\t<img loading=\"lazy\" decoding=\"async\" width=\"768\" height=\"512\" src=\"https:\/\/hoyre.no\/content\/uploads\/sites\/6\/2026\/03\/Haagen-Poppe-Foto-Hans-Kristian-Thorbjornsen-768x512.jpg\" class=\"attachment-medium_large size-medium_large\" alt=\"\" srcset=\"https:\/\/hoyre.no\/content\/uploads\/sites\/6\/2026\/03\/Haagen-Poppe-Foto-Hans-Kristian-Thorbjornsen-768x512.jpg 768w, https:\/\/hoyre.no\/content\/uploads\/sites\/6\/2026\/03\/Haagen-Poppe-Foto-Hans-Kristian-Thorbjornsen-300x200.jpg 300w, https:\/\/hoyre.no\/content\/uploads\/sites\/6\/2026\/03\/Haagen-Poppe-Foto-Hans-Kristian-Thorbjornsen-1024x683.jpg 1024w, https:\/\/hoyre.no\/content\/uploads\/sites\/6\/2026\/03\/Haagen-Poppe-Foto-Hans-Kristian-Thorbjornsen-1536x1025.jpg 1536w, https:\/\/hoyre.no\/content\/uploads\/sites\/6\/2026\/03\/Haagen-Poppe-Foto-Hans-Kristian-Thorbjornsen-2048x1366.jpg 2048w\" sizes=\"auto, (max-width: 768px) 100vw, 768px\" \/>\t\t<\/div>\n\t\t\n\t\t\t<div class=\"teft-card__content-wrapper\">\n\t\t\t\t<div class=\"teft-card__secondary\">\n\t\t\t\t\t\n\t\t\t\t\t\t\t\t<div class=\"teft-card__meta\">\n\t\t\t\t\t\t\t\t\t<span class=\"post-date\">5. mar 2026<\/span>\n\n\t\t\t\t\t\t\t\t\t\t\t\t\t\t\t\t\t<\/div>\n\t\t\t\t\t\t\t\t\t\t\t<\/div>\n\n\t\t\t\t<div class=\"teft-card__primary\">\n\t\t\t\t\t<h2 class=\"teft-card__title\">Agder H\u00f8yres nominasjonsprosess for  Fylkestingsvalget 2027&nbsp;<span class=\"teft-card__primary-title-append\"><\/span><\/h2>\t\t\t\t<\/div>\n\t\t\t<\/div>\n\t\t<\/a>\n\t<\/div>\n\n\t<\/div><\/div>\t<\/div>\n<\/div>\n","protected":false},"excerpt":{"rendered":"","protected":false},"author":11571,"featured_media":0,"comment_status":"closed","ping_status":"closed","sticky":false,"template":"","format":"standard","meta":{"teft_cards_image_url":"","teft_cards_custom_pretitle":"","teft_cards_image_id":1033,"teft_cards_image_focal_point_x":0.5,"teft_cards_image_focal_point_y":0.5,"teft_cards_title":"","teft_cards_excerpt":"","teft_show_chapters":false,"author_display_name":"","footnotes":""},"category":[1],"post_tag":[],"hoyre-visibility":[],"article-type":[],"politician":[],"class_list":["post-1065","post","type-post","status-publish","format-standard","hentry","category-ukategorisert"],"yoast_head":"<!-- This site is optimized with the Yoast SEO Premium plugin v26.5 (Yoast SEO v26.6) - https:\/\/yoast.com\/wordpress\/plugins\/seo\/ -->\n<title>Vi m\u00e5 skape mer, ikke skatte mer! - Agder H\u00f8yre<\/title>\n<meta name=\"robots\" content=\"index, follow, max-snippet:-1, max-image-preview:large, max-video-preview:-1\" \/>\n<link rel=\"canonical\" href=\"https:\/\/hoyre.no\/agder\/aktuelt\/vi-ma-skape-mer-ikke-skatte-mer\/\" \/>\n<meta property=\"og:locale\" content=\"nb_NO\" \/>\n<meta property=\"og:type\" content=\"article\" \/>\n<meta property=\"og:title\" content=\"Vi m\u00e5 skape mer, ikke skatte mer!\" \/>\n<meta property=\"og:url\" content=\"https:\/\/hoyre.no\/agder\/aktuelt\/vi-ma-skape-mer-ikke-skatte-mer\/\" \/>\n<meta property=\"og:site_name\" content=\"Agder H\u00f8yre\" \/>\n<meta property=\"article:published_time\" content=\"2021-09-02T10:13:23+00:00\" \/>\n<meta property=\"article:modified_time\" content=\"2021-09-02T10:13:24+00:00\" \/>\n<meta property=\"og:image\" content=\"https:\/\/hoyre.no\/content\/uploads\/sites\/6\/2026\/03\/Haagen-Poppe-Foto-Hans-Kristian-Thorbjornsen-1024x683.jpg\" \/>\n<meta name=\"author\" content=\"J\u00f8rgen Heims\u00e6ter\" \/>\n<meta name=\"twitter:card\" content=\"summary_large_image\" \/>\n<meta name=\"twitter:label1\" content=\"Skrevet av\" \/>\n\t<meta name=\"twitter:data1\" content=\"J\u00f8rgen Heims\u00e6ter\" \/>\n\t<meta name=\"twitter:label2\" content=\"Ansl. lesetid\" \/>\n\t<meta name=\"twitter:data2\" content=\"3 minutter\" \/>\n<script type=\"application\/ld+json\" class=\"yoast-schema-graph\">{\"@context\":\"https:\/\/schema.org\",\"@graph\":[{\"@type\":\"NewsArticle\",\"@id\":\"https:\/\/hoyre.no\/agder\/aktuelt\/vi-ma-skape-mer-ikke-skatte-mer\/\",\"url\":\"https:\/\/hoyre.no\/agder\/aktuelt\/vi-ma-skape-mer-ikke-skatte-mer\/\",\"name\":\"Vi m\u00e5 skape mer, ikke skatte mer! - Agder H\u00f8yre\",\"isPartOf\":{\"@id\":\"https:\/\/hoyre.no\/agder\/#website\"},\"datePublished\":\"2021-09-02T10:13:23+00:00\",\"dateModified\":\"2021-09-02T10:13:24+00:00\",\"author\":{\"@id\":\"https:\/\/hoyre.no\/agder\/#\/schema\/person\/7b19c371bd5c2f58b61ef653b81cde23\"},\"breadcrumb\":{\"@id\":\"https:\/\/hoyre.no\/agder\/aktuelt\/vi-ma-skape-mer-ikke-skatte-mer\/#breadcrumb\"},\"inLanguage\":\"nb-NO\",\"potentialAction\":[{\"@type\":\"ReadAction\",\"target\":[\"https:\/\/hoyre.no\/agder\/aktuelt\/vi-ma-skape-mer-ikke-skatte-mer\/\"]}]},{\"@type\":\"BreadcrumbList\",\"@id\":\"https:\/\/hoyre.no\/agder\/aktuelt\/vi-ma-skape-mer-ikke-skatte-mer\/#breadcrumb\",\"itemListElement\":[{\"@type\":\"ListItem\",\"position\":1,\"name\":\"Til hoyre.no\",\"item\":\"https:\/\/hoyre.no\"},{\"@type\":\"ListItem\",\"position\":2,\"name\":\"Hjem\",\"item\":\"https:\/\/hoyre.no\/agder\/\"},{\"@type\":\"ListItem\",\"position\":3,\"name\":\"Vi m\u00e5 skape mer, ikke skatte mer!\"}]},{\"@type\":\"WebSite\",\"@id\":\"https:\/\/hoyre.no\/agder\/#website\",\"url\":\"https:\/\/hoyre.no\/agder\/\",\"name\":\"Agder H\u00f8yre\",\"description\":\"Bare enda et H\u00f8yres nettsteder-nettsted\",\"inLanguage\":\"nb-NO\"},{\"@type\":\"Person\",\"@id\":\"https:\/\/hoyre.no\/agder\/#\/schema\/person\/7b19c371bd5c2f58b61ef653b81cde23\",\"name\":\"J\u00f8rgen Heims\u00e6ter\",\"image\":{\"@type\":\"ImageObject\",\"inLanguage\":\"nb-NO\",\"@id\":\"https:\/\/hoyre.no\/agder\/#\/schema\/person\/image\/\",\"url\":\"https:\/\/secure.gravatar.com\/avatar\/59c59d5ccb701941b2a4716c9ff1fd44476e11ae10098403afafc478d5f921ad?s=96&d=mm&r=g\",\"contentUrl\":\"https:\/\/secure.gravatar.com\/avatar\/59c59d5ccb701941b2a4716c9ff1fd44476e11ae10098403afafc478d5f921ad?s=96&d=mm&r=g\",\"caption\":\"J\u00f8rgen Heims\u00e6ter\"},\"url\":\"https:\/\/hoyre.no\/agder\/aktuelt\/author\/m51918688\/\"}]}<\/script>\n<!-- \/ Yoast SEO Premium plugin. -->","yoast_head_json":{"title":"Vi m\u00e5 skape mer, ikke skatte mer! - Agder H\u00f8yre","robots":{"index":"index","follow":"follow","max-snippet":"max-snippet:-1","max-image-preview":"max-image-preview:large","max-video-preview":"max-video-preview:-1"},"canonical":"https:\/\/hoyre.no\/agder\/aktuelt\/vi-ma-skape-mer-ikke-skatte-mer\/","og_locale":"nb_NO","og_type":"article","og_title":"Vi m\u00e5 skape mer, ikke skatte mer!","og_url":"https:\/\/hoyre.no\/agder\/aktuelt\/vi-ma-skape-mer-ikke-skatte-mer\/","og_site_name":"Agder H\u00f8yre","article_published_time":"2021-09-02T10:13:23+00:00","article_modified_time":"2021-09-02T10:13:24+00:00","og_image":[{"url":"https:\/\/hoyre.no\/content\/uploads\/sites\/6\/2026\/03\/Haagen-Poppe-Foto-Hans-Kristian-Thorbjornsen-1024x683.jpg","width":"","height":"","type":""}],"author":"J\u00f8rgen Heims\u00e6ter","twitter_card":"summary_large_image","twitter_misc":{"Skrevet av":"J\u00f8rgen Heims\u00e6ter","Ansl. lesetid":"3 minutter"},"schema":{"@context":"https:\/\/schema.org","@graph":[{"@type":"NewsArticle","@id":"https:\/\/hoyre.no\/agder\/aktuelt\/vi-ma-skape-mer-ikke-skatte-mer\/","url":"https:\/\/hoyre.no\/agder\/aktuelt\/vi-ma-skape-mer-ikke-skatte-mer\/","name":"Vi m\u00e5 skape mer, ikke skatte mer! - Agder H\u00f8yre","isPartOf":{"@id":"https:\/\/hoyre.no\/agder\/#website"},"datePublished":"2021-09-02T10:13:23+00:00","dateModified":"2021-09-02T10:13:24+00:00","author":{"@id":"https:\/\/hoyre.no\/agder\/#\/schema\/person\/7b19c371bd5c2f58b61ef653b81cde23"},"breadcrumb":{"@id":"https:\/\/hoyre.no\/agder\/aktuelt\/vi-ma-skape-mer-ikke-skatte-mer\/#breadcrumb"},"inLanguage":"nb-NO","potentialAction":[{"@type":"ReadAction","target":["https:\/\/hoyre.no\/agder\/aktuelt\/vi-ma-skape-mer-ikke-skatte-mer\/"]}]},{"@type":"BreadcrumbList","@id":"https:\/\/hoyre.no\/agder\/aktuelt\/vi-ma-skape-mer-ikke-skatte-mer\/#breadcrumb","itemListElement":[{"@type":"ListItem","position":1,"name":"Til hoyre.no","item":"https:\/\/hoyre.no"},{"@type":"ListItem","position":2,"name":"Hjem","item":"https:\/\/hoyre.no\/agder\/"},{"@type":"ListItem","position":3,"name":"Vi m\u00e5 skape mer, ikke skatte mer!"}]},{"@type":"WebSite","@id":"https:\/\/hoyre.no\/agder\/#website","url":"https:\/\/hoyre.no\/agder\/","name":"Agder H\u00f8yre","description":"Bare enda et H\u00f8yres nettsteder-nettsted","inLanguage":"nb-NO"},{"@type":"Person","@id":"https:\/\/hoyre.no\/agder\/#\/schema\/person\/7b19c371bd5c2f58b61ef653b81cde23","name":"J\u00f8rgen Heims\u00e6ter","image":{"@type":"ImageObject","inLanguage":"nb-NO","@id":"https:\/\/hoyre.no\/agder\/#\/schema\/person\/image\/","url":"https:\/\/secure.gravatar.com\/avatar\/59c59d5ccb701941b2a4716c9ff1fd44476e11ae10098403afafc478d5f921ad?s=96&d=mm&r=g","contentUrl":"https:\/\/secure.gravatar.com\/avatar\/59c59d5ccb701941b2a4716c9ff1fd44476e11ae10098403afafc478d5f921ad?s=96&d=mm&r=g","caption":"J\u00f8rgen Heims\u00e6ter"},"url":"https:\/\/hoyre.no\/agder\/aktuelt\/author\/m51918688\/"}]}},"distributor_meta":false,"distributor_terms":false,"distributor_media":false,"distributor_original_site_name":"Agder H\u00f8yre","distributor_original_site_url":"https:\/\/hoyre.no\/agder","push-errors":false,"_links":{"self":[{"href":"https:\/\/hoyre.no\/agder\/wp-json\/wp\/v2\/posts\/1065","targetHints":{"allow":["GET"]}}],"collection":[{"href":"https:\/\/hoyre.no\/agder\/wp-json\/wp\/v2\/posts"}],"about":[{"href":"https:\/\/hoyre.no\/agder\/wp-json\/wp\/v2\/types\/post"}],"author":[{"embeddable":true,"href":"https:\/\/hoyre.no\/agder\/wp-json\/wp\/v2\/users\/11571"}],"replies":[{"embeddable":true,"href":"https:\/\/hoyre.no\/agder\/wp-json\/wp\/v2\/comments?post=1065"}],"version-history":[{"count":1,"href":"https:\/\/hoyre.no\/agder\/wp-json\/wp\/v2\/posts\/1065\/revisions"}],"predecessor-version":[{"id":1066,"href":"https:\/\/hoyre.no\/agder\/wp-json\/wp\/v2\/posts\/1065\/revisions\/1066"}],"wp:attachment":[{"href":"https:\/\/hoyre.no\/agder\/wp-json\/wp\/v2\/media?parent=1065"}],"wp:term":[{"taxonomy":"category","embeddable":true,"href":"https:\/\/hoyre.no\/agder\/wp-json\/wp\/v2\/category?post=1065"},{"taxonomy":"post_tag","embeddable":true,"href":"https:\/\/hoyre.no\/agder\/wp-json\/wp\/v2\/post_tag?post=1065"},{"taxonomy":"hoyre-visibility","embeddable":true,"href":"https:\/\/hoyre.no\/agder\/wp-json\/wp\/v2\/hoyre-visibility?post=1065"},{"taxonomy":"article-type","embeddable":true,"href":"https:\/\/hoyre.no\/agder\/wp-json\/wp\/v2\/article-type?post=1065"},{"taxonomy":"politician","embeddable":true,"href":"https:\/\/hoyre.no\/agder\/wp-json\/wp\/v2\/politician?post=1065"}],"curies":[{"name":"wp","href":"https:\/\/api.w.org\/{rel}","templated":true}]}}