{"id":1084,"date":"2021-09-03T16:49:57","date_gmt":"2021-09-03T14:49:57","guid":{"rendered":"https:\/\/hoyre.no\/agder\/?p=1084"},"modified":"2021-09-03T16:49:58","modified_gmt":"2021-09-03T14:49:58","slug":"senterpartiets-utrolige-retorikk-om-salg-av-norge","status":"publish","type":"post","link":"https:\/\/hoyre.no\/agder\/aktuelt\/senterpartiets-utrolige-retorikk-om-salg-av-norge\/","title":{"rendered":"Senterpartiets utrolige retorikk om \u00abSalg av Norge\u00bb"},"content":{"rendered":"\n<p class=\"preamble\">I et leserinnlegg i Fvn kommer Gro Anita Mykj\u00e5land og Oddbj\u00f8rn Kylland med utsagn om H\u00f8yres eierskapspolitikk som er b\u00e5de feil og helt utrolig.\u00a0 Det p\u00e5st\u00e5s at vi vil selge rettigheter til norsk fisk, fossefall, olje og gass, jord og skog. Selvf\u00f8lgelig vil vi ikke det !<\/p>\t\t\t<div class=\"post-meta wp-block teft-byline-wrapper\">\n\t\t\t\t<div class=\"top\">\n\t\t\t\t\t<div class=\"signature\">\n\t\t\t\t\t\t<div class=\"teft-byline\">\n\t\t\t\t\t\t\t\t\t\t\t\t\t\t<div>\n\t\t\t\t\t\t\t\t<h3>H\u00f8yres redaksjon<\/h3>\t\t\t\t\t\t\t\t\n\t\t\t\t\t\t\t\t\t\t\t\t\t\t\t\t\t<span class=\"date\">Sist oppdatert: 3. september 2021<\/span>\n\t\t\t\t\t\t\t\t\t\t\t\t\t\t\t\t\t\t\t\t\t\t\t\t\t<span class=\"reading-time\" itemprop=\"timeRequired\" content=\"PT3M\"><em>Ca. 3 minutter lesetid<\/em><\/span>\n\t\t\t\t\t\t\t\t\t\t\t\t\t\t\t<\/div>\n\t\t\t\t\t\t<\/div>\n\t\t\t\t\t<\/div>\n\t\t\t\t\t\t<div class=\"sharing\">\n\t\t<a class=\"share-button share-link copy-link\" data-copy=\"https:\/\/hoyre.no\/agder\/aktuelt\/senterpartiets-utrolige-retorikk-om-salg-av-norge\/\" target=\"_blank\"><span class=\"screen-reader-text\">Del link<\/span><\/a>\n\t\t<a class=\"share-button share-twitter\" href=\"http:\/\/twitter.com\/share?text=Senterpartiets utrolige retorikk om \u00abSalg av Norge\u00bb&#038;url=https:\/\/hoyre.no\/agder\/aktuelt\/senterpartiets-utrolige-retorikk-om-salg-av-norge\/&#038;hashtags=Hoyre\" target=\"_blank\"><span class=\"screen-reader-text\">Del p\u00e5 twitter<\/span><\/a>\n\t\t<a class=\"share-button share-facebook\" href=\"https:\/\/www.facebook.com\/sharer\/sharer.php?u=https:\/\/hoyre.no\/agder\/aktuelt\/senterpartiets-utrolige-retorikk-om-salg-av-norge\/\" target=\"_blank\"><span class=\"screen-reader-text\">Del p\u00e5 facebook<\/span><\/a>\n\t<\/div>\n\t\t\t\t\t<\/div>\n\t\t\t<\/div>\n\n\t\t\t<figure class=\"hoyre-image-wrapper\"><div class=\"hoyre-image\"><img loading=\"lazy\" decoding=\"async\" width=\"2500\" height=\"2500\" src=\"https:\/\/hoyre.no\/content\/uploads\/sites\/6\/2021\/09\/IMG_20200815_140929-scaled.jpg\" class=\"attachment-scaled size-scaled\" alt=\"\" style=\"object-position: 50% 50%\" srcset=\"https:\/\/hoyre.no\/content\/uploads\/sites\/6\/2021\/09\/IMG_20200815_140929-scaled.jpg 2500w, https:\/\/hoyre.no\/content\/uploads\/sites\/6\/2021\/09\/IMG_20200815_140929-300x300.jpg 300w, https:\/\/hoyre.no\/content\/uploads\/sites\/6\/2021\/09\/IMG_20200815_140929-1024x1024.jpg 1024w, https:\/\/hoyre.no\/content\/uploads\/sites\/6\/2021\/09\/IMG_20200815_140929-150x150.jpg 150w, https:\/\/hoyre.no\/content\/uploads\/sites\/6\/2021\/09\/IMG_20200815_140929-768x768.jpg 768w, https:\/\/hoyre.no\/content\/uploads\/sites\/6\/2021\/09\/IMG_20200815_140929-1536x1536.jpg 1536w, https:\/\/hoyre.no\/content\/uploads\/sites\/6\/2021\/09\/IMG_20200815_140929-2048x2048.jpg 2048w\" sizes=\"auto, (max-width: 2500px) 100vw, 2500px\" \/><\/div><figcaption class=\"caption\">Bilde tatt i Valle over Bj\u00f8rnevatn. Foto: Agder H\u00f8yre\/Tor Marius Markussen<\/figcaption><\/figure>\n\n\n\n\n<h3 class=\"wp-block-heading\" id=\"h-h-yre-vil-forvalte-v-re-naturresurser-til-beste-for-folket-og-landet-v-rt\">H\u00f8yre vil forvalte v\u00e5re naturresurser til beste for folket og landet v\u00e5rt.<\/h3>\n\n\n\n<p><strong>Hvis Gro Anita og Oddbj\u00f8rn tar seg tid til \u00e5 lese Regjeringens eierskapsmelding vil de se at Regjeringen er opptatt av \u00e5 beholde kontroll over viktige hovedkontorfunksjoner i de statlige selskapene, norsk eierskap til naturresursene v\u00e5re, kontroll over samfunnssikkerhet og beredskap og markedssvikt i deler av kapitalmarkedet.\u00a0<\/strong><\/p>\n\n\n\n<p>Den Norske stat har eierskap, forvaltet av departementene, i 70 selskap.&nbsp; Staten som eier skal ut\u00f8ve sitt eierskap p\u00e5 en profesjonell og forutsigbar m\u00e5te.<\/p>\n\n\n\n<p>I innlegget kritiseres spesielt et salg av aksjer i en eiendom i Tr\u00f8ndelag.&nbsp; Helt utrolig, ettersom de selv har styrt med det samme regelverket.&nbsp; Ingenting er endret. Det er ikke ulovlig for private grunneiere \u00e5 inng\u00e5 avtaler om salg.&nbsp; Det er et utslag av den private eiendomsretten som b\u00e5de vernes av Grunnloven og den europeiske menneskerettighetskonvensjonen. Jeg trodde faktisk Senterpartiet ogs\u00e5 var opptatt av det.&nbsp; Hvis de \u00f8nsket store begrensninger i hvem som skal kunne kj\u00f8pe eiendom i Norge burde de jo ha endret dette da de&nbsp; selv satt i regjering.<\/p>\n\n\n\n<p>I tillegg m\u00e5 en sp\u00f8rre om Senterpartiet mener dette ogs\u00e5 skal gjelde motsatt vei: Skal oljefondet selge seg ut av eiendom i utlandet, skal nordmenn som eier eiendom i utlandet ikke ha lov til det ? &nbsp;Eller tenker Senterpartiet at ingen skal f\u00e5 eie noe hos oss, men det er helt greit at vi kan eie hos dem ?<\/p>\n\n\n\n<p>Og hva med utenlands eierskap til industribedriftene p\u00e5 S\u00f8rlandet? Hva tenker Senterpartiet om det ?&nbsp; Uten utenlands kapital og eierskap hadde det vel knapt v\u00e6rt industri her?&nbsp; Vi er et lite land, med f\u00e5 kapitalister, og er helt avhengige av utenlandske investorer for \u00e5 l\u00f8fte tunge industrietableringer. &nbsp;Forest\u00e5ende store etableringer trenger kapital.&nbsp; &nbsp;Sam Eyde og Kristian Birkeland m\u00e5tte ogs\u00e5 til utlandet for \u00e5 skaffe penger til vannkraftutbyggingen som igjen genererte industri, s\u00e5 dette er ikke noe nytt.<\/p>\n\n\n\n<p>N\u00e5r det gjelder skogen v\u00e5r utgj\u00f8r utenlandske skogeiere en minimal andel i Norge.&nbsp; Rundt 1% av eiendommene eies av AS.&nbsp; De som eier skog i Norge er f\u00f8rst og fremst private grunneiere, statsallmenninger, norske kommuner og Statskog.&nbsp; Sistnevnte eier 58 millioner dekar fordelt p\u00e5 30&nbsp;000 eiendommer.<\/p>\n\n\n\n<h5 class=\"wp-block-heading\" id=\"h-senterpartiet-vil-alts-ikke-ha-utenlands-eierskap-i-norge-de-vil-ogs-si-opp-v-r-viktigste-avtale-e-s-avtalen-slik-at-vi-heller-ikke-skal-ha-tollfri-adgang-til-v-rt-viktigste-marked-denne-politikken-vil-ha-enorme-konsekvenser-for-investeringer-eksport-og-arbeidsplasser-i-v-r-region\">Senterpartiet vil alts\u00e5 ikke ha utenlands eierskap i Norge. &nbsp;&nbsp;De vil ogs\u00e5 si opp v\u00e5r viktigste avtale, E\u00d8S avtalen, slik at vi heller ikke skal ha tollfri adgang til v\u00e5rt viktigste marked.&nbsp;&nbsp;&nbsp; Denne politikken vil ha enorme konsekvenser for investeringer, eksport og arbeidsplasser i v\u00e5r region.<\/h5>\n\n\n<div class=\"tags\">\n\t<\/div>\n<div class=\"post-footer alignfull has-background block-editor-block-list__block\" data-align=full>\n\t<div class=\"post-footer-inner\">\n\t\t<h3>Relaterte artikler<\/h3>\n\t\t<div class=\"related-content\"><div class=\"is-card-hoyre\">\n\t<div class=\"teft-card hoyre-teft-card post-teft-card\">\n\t\t<a href=\"https:\/\/hoyre.no\/agder\/aktuelt\/agder-hoyre-onsker-dine-innspill-fylkestings-programmet\/\" class=\"teft-card__primary-action\">\n\n\t\t\t\t\t<div class=\"teft-card__media teft-card__media--16-9\">\n\t\t\t\t\t\t<img loading=\"lazy\" decoding=\"async\" width=\"768\" height=\"819\" src=\"https:\/\/hoyre.no\/content\/uploads\/sites\/6\/2025\/06\/DSC04923-edited-768x819.jpg\" class=\"attachment-medium_large size-medium_large\" alt=\"\" srcset=\"https:\/\/hoyre.no\/content\/uploads\/sites\/6\/2025\/06\/DSC04923-edited-768x819.jpg 768w, https:\/\/hoyre.no\/content\/uploads\/sites\/6\/2025\/06\/DSC04923-edited-281x300.jpg 281w, https:\/\/hoyre.no\/content\/uploads\/sites\/6\/2025\/06\/DSC04923-edited-960x1024.jpg 960w, https:\/\/hoyre.no\/content\/uploads\/sites\/6\/2025\/06\/DSC04923-edited-1440x1536.jpg 1440w, https:\/\/hoyre.no\/content\/uploads\/sites\/6\/2025\/06\/DSC04923-edited-1920x2048.jpg 1920w\" sizes=\"auto, (max-width: 768px) 100vw, 768px\" \/>\t\t<\/div>\n\t\t\n\t\t\t<div class=\"teft-card__content-wrapper\">\n\t\t\t\t<div class=\"teft-card__secondary\">\n\t\t\t\t\t\n\t\t\t\t\t\t\t\t<div class=\"teft-card__meta\">\n\t\t\t\t\t\t\t\t\t<span class=\"post-date\">21. apr 2026<\/span>\n\n\t\t\t\t\t\t\t\t\t<span class=\"post-category\">Nyheter<\/span>\t\t\t\t\t\t\t\t<\/div>\n\t\t\t\t\t\t\t\t\t\t\t<\/div>\n\n\t\t\t\t<div class=\"teft-card__primary\">\n\t\t\t\t\t<h2 class=\"teft-card__title\">Agder H\u00f8yres programprosess for Fylkestingsvalget 2027&nbsp;<span class=\"teft-card__primary-title-append\"><\/span><\/h2>\t\t\t\t<\/div>\n\t\t\t<\/div>\n\t\t<\/a>\n\t<\/div>\n\n\t<\/div><div class=\"is-card-hoyre\">\n\t<div class=\"teft-card hoyre-teft-card post-teft-card\">\n\t\t<a href=\"https:\/\/hoyre.no\/agder\/aktuelt\/agder-hoyres-nye-regionradgiver\/\" class=\"teft-card__primary-action\">\n\n\t\t\t\t\t<div class=\"teft-card__media teft-card__media--16-9\">\n\t\t\t\t\t\t<img loading=\"lazy\" decoding=\"async\" width=\"768\" height=\"768\" src=\"https:\/\/hoyre.no\/content\/uploads\/sites\/6\/2026\/03\/Aleksander-L-768x768.png\" class=\"attachment-medium_large size-medium_large\" alt=\"\" srcset=\"https:\/\/hoyre.no\/content\/uploads\/sites\/6\/2026\/03\/Aleksander-L-768x768.png 768w, https:\/\/hoyre.no\/content\/uploads\/sites\/6\/2026\/03\/Aleksander-L-e1775591785378-300x300.png 300w, https:\/\/hoyre.no\/content\/uploads\/sites\/6\/2026\/03\/Aleksander-L-e1775591785378-150x150.png 150w, https:\/\/hoyre.no\/content\/uploads\/sites\/6\/2026\/03\/Aleksander-L-e1775591785378.png 722w\" sizes=\"auto, (max-width: 768px) 100vw, 768px\" \/>\t\t<\/div>\n\t\t\n\t\t\t<div class=\"teft-card__content-wrapper\">\n\t\t\t\t<div class=\"teft-card__secondary\">\n\t\t\t\t\t\n\t\t\t\t\t\t\t\t<div class=\"teft-card__meta\">\n\t\t\t\t\t\t\t\t\t<span class=\"post-date\">23. mar 2026<\/span>\n\n\t\t\t\t\t\t\t\t\t\t\t\t\t\t\t\t\t<\/div>\n\t\t\t\t\t\t\t\t\t\t\t<\/div>\n\n\t\t\t\t<div class=\"teft-card__primary\">\n\t\t\t\t\t<h2 class=\"teft-card__title\">Agder H\u00f8yres nye regionr\u00e5dgiver&nbsp;<span class=\"teft-card__primary-title-append\"><\/span><\/h2>\t\t\t\t<\/div>\n\t\t\t<\/div>\n\t\t<\/a>\n\t<\/div>\n\n\t<\/div><div class=\"is-card-hoyre\">\n\t<div class=\"teft-card hoyre-teft-card post-teft-card\">\n\t\t<a href=\"https:\/\/hoyre.no\/agder\/aktuelt\/agder-hoyres-nominasjonsprosess-for-fylkestingsvalget-2027\/\" class=\"teft-card__primary-action\">\n\n\t\t\t\t\t<div class=\"teft-card__media teft-card__media--16-9\">\n\t\t\t\t\t\t<img loading=\"lazy\" decoding=\"async\" width=\"768\" height=\"512\" src=\"https:\/\/hoyre.no\/content\/uploads\/sites\/6\/2026\/03\/Haagen-Poppe-Foto-Hans-Kristian-Thorbjornsen-768x512.jpg\" class=\"attachment-medium_large size-medium_large\" alt=\"\" srcset=\"https:\/\/hoyre.no\/content\/uploads\/sites\/6\/2026\/03\/Haagen-Poppe-Foto-Hans-Kristian-Thorbjornsen-768x512.jpg 768w, https:\/\/hoyre.no\/content\/uploads\/sites\/6\/2026\/03\/Haagen-Poppe-Foto-Hans-Kristian-Thorbjornsen-300x200.jpg 300w, https:\/\/hoyre.no\/content\/uploads\/sites\/6\/2026\/03\/Haagen-Poppe-Foto-Hans-Kristian-Thorbjornsen-1024x683.jpg 1024w, https:\/\/hoyre.no\/content\/uploads\/sites\/6\/2026\/03\/Haagen-Poppe-Foto-Hans-Kristian-Thorbjornsen-1536x1025.jpg 1536w, https:\/\/hoyre.no\/content\/uploads\/sites\/6\/2026\/03\/Haagen-Poppe-Foto-Hans-Kristian-Thorbjornsen-2048x1366.jpg 2048w\" sizes=\"auto, (max-width: 768px) 100vw, 768px\" \/>\t\t<\/div>\n\t\t\n\t\t\t<div class=\"teft-card__content-wrapper\">\n\t\t\t\t<div class=\"teft-card__secondary\">\n\t\t\t\t\t\n\t\t\t\t\t\t\t\t<div class=\"teft-card__meta\">\n\t\t\t\t\t\t\t\t\t<span class=\"post-date\">5. mar 2026<\/span>\n\n\t\t\t\t\t\t\t\t\t\t\t\t\t\t\t\t\t<\/div>\n\t\t\t\t\t\t\t\t\t\t\t<\/div>\n\n\t\t\t\t<div class=\"teft-card__primary\">\n\t\t\t\t\t<h2 class=\"teft-card__title\">Agder H\u00f8yres nominasjonsprosess for  Fylkestingsvalget 2027&nbsp;<span class=\"teft-card__primary-title-append\"><\/span><\/h2>\t\t\t\t<\/div>\n\t\t\t<\/div>\n\t\t<\/a>\n\t<\/div>\n\n\t<\/div><\/div>\t<\/div>\n<\/div>\n","protected":false},"excerpt":{"rendered":"","protected":false},"author":349,"featured_media":0,"comment_status":"closed","ping_status":"closed","sticky":false,"template":"","format":"standard","meta":{"teft_cards_image_url":"","teft_cards_custom_pretitle":"","teft_cards_image_id":1085,"teft_cards_image_focal_point_x":0.5,"teft_cards_image_focal_point_y":0.5,"teft_cards_title":"","teft_cards_excerpt":"","teft_show_chapters":false,"author_display_name":"","footnotes":""},"category":[1],"post_tag":[],"hoyre-visibility":[],"article-type":[],"politician":[],"class_list":["post-1084","post","type-post","status-publish","format-standard","hentry","category-ukategorisert"],"yoast_head":"<!-- This site is optimized with the Yoast SEO Premium plugin v26.5 (Yoast SEO v26.6) - https:\/\/yoast.com\/wordpress\/plugins\/seo\/ -->\n<title>Senterpartiets utrolige retorikk om \u00abSalg av Norge\u00bb - Agder H\u00f8yre<\/title>\n<meta name=\"robots\" content=\"index, follow, max-snippet:-1, max-image-preview:large, max-video-preview:-1\" \/>\n<link rel=\"canonical\" href=\"https:\/\/hoyre.no\/agder\/aktuelt\/senterpartiets-utrolige-retorikk-om-salg-av-norge\/\" \/>\n<meta property=\"og:locale\" content=\"nb_NO\" \/>\n<meta property=\"og:type\" content=\"article\" \/>\n<meta property=\"og:title\" content=\"Senterpartiets utrolige retorikk om \u00abSalg av Norge\u00bb\" \/>\n<meta property=\"og:url\" content=\"https:\/\/hoyre.no\/agder\/aktuelt\/senterpartiets-utrolige-retorikk-om-salg-av-norge\/\" \/>\n<meta property=\"og:site_name\" content=\"Agder H\u00f8yre\" \/>\n<meta property=\"article:published_time\" content=\"2021-09-03T14:49:57+00:00\" \/>\n<meta property=\"article:modified_time\" content=\"2021-09-03T14:49:58+00:00\" \/>\n<meta property=\"og:image\" content=\"https:\/\/hoyre.no\/content\/uploads\/sites\/6\/2026\/03\/Haagen-Poppe-Foto-Hans-Kristian-Thorbjornsen-1024x683.jpg\" \/>\n<meta name=\"twitter:card\" content=\"summary_large_image\" \/>\n<meta name=\"twitter:label1\" content=\"Skrevet av\" \/>\n\t<meta name=\"twitter:data1\" content=\"\" \/>\n\t<meta name=\"twitter:label2\" content=\"Ansl. lesetid\" \/>\n\t<meta name=\"twitter:data2\" content=\"3 minutter\" \/>\n<script type=\"application\/ld+json\" class=\"yoast-schema-graph\">{\"@context\":\"https:\/\/schema.org\",\"@graph\":[{\"@type\":\"NewsArticle\",\"@id\":\"https:\/\/hoyre.no\/agder\/aktuelt\/senterpartiets-utrolige-retorikk-om-salg-av-norge\/\",\"url\":\"https:\/\/hoyre.no\/agder\/aktuelt\/senterpartiets-utrolige-retorikk-om-salg-av-norge\/\",\"name\":\"Senterpartiets utrolige retorikk om \u00abSalg av Norge\u00bb - Agder H\u00f8yre\",\"isPartOf\":{\"@id\":\"https:\/\/hoyre.no\/agder\/#website\"},\"datePublished\":\"2021-09-03T14:49:57+00:00\",\"dateModified\":\"2021-09-03T14:49:58+00:00\",\"author\":{\"@id\":\"\"},\"breadcrumb\":{\"@id\":\"https:\/\/hoyre.no\/agder\/aktuelt\/senterpartiets-utrolige-retorikk-om-salg-av-norge\/#breadcrumb\"},\"inLanguage\":\"nb-NO\",\"potentialAction\":[{\"@type\":\"ReadAction\",\"target\":[\"https:\/\/hoyre.no\/agder\/aktuelt\/senterpartiets-utrolige-retorikk-om-salg-av-norge\/\"]}]},{\"@type\":\"BreadcrumbList\",\"@id\":\"https:\/\/hoyre.no\/agder\/aktuelt\/senterpartiets-utrolige-retorikk-om-salg-av-norge\/#breadcrumb\",\"itemListElement\":[{\"@type\":\"ListItem\",\"position\":1,\"name\":\"Til hoyre.no\",\"item\":\"https:\/\/hoyre.no\"},{\"@type\":\"ListItem\",\"position\":2,\"name\":\"Hjem\",\"item\":\"https:\/\/hoyre.no\/agder\/\"},{\"@type\":\"ListItem\",\"position\":3,\"name\":\"Senterpartiets utrolige retorikk om \u00abSalg av Norge\u00bb\"}]},{\"@type\":\"WebSite\",\"@id\":\"https:\/\/hoyre.no\/agder\/#website\",\"url\":\"https:\/\/hoyre.no\/agder\/\",\"name\":\"Agder H\u00f8yre\",\"description\":\"Bare enda et H\u00f8yres nettsteder-nettsted\",\"inLanguage\":\"nb-NO\"},{\"@type\":\"Person\",\"@id\":\"\",\"url\":\"https:\/\/hoyre.no\/agder\/aktuelt\/author\/\"}]}<\/script>\n<!-- \/ Yoast SEO Premium plugin. -->","yoast_head_json":{"title":"Senterpartiets utrolige retorikk om \u00abSalg av Norge\u00bb - Agder H\u00f8yre","robots":{"index":"index","follow":"follow","max-snippet":"max-snippet:-1","max-image-preview":"max-image-preview:large","max-video-preview":"max-video-preview:-1"},"canonical":"https:\/\/hoyre.no\/agder\/aktuelt\/senterpartiets-utrolige-retorikk-om-salg-av-norge\/","og_locale":"nb_NO","og_type":"article","og_title":"Senterpartiets utrolige retorikk om \u00abSalg av Norge\u00bb","og_url":"https:\/\/hoyre.no\/agder\/aktuelt\/senterpartiets-utrolige-retorikk-om-salg-av-norge\/","og_site_name":"Agder H\u00f8yre","article_published_time":"2021-09-03T14:49:57+00:00","article_modified_time":"2021-09-03T14:49:58+00:00","og_image":[{"url":"https:\/\/hoyre.no\/content\/uploads\/sites\/6\/2026\/03\/Haagen-Poppe-Foto-Hans-Kristian-Thorbjornsen-1024x683.jpg","width":"","height":"","type":""}],"twitter_card":"summary_large_image","twitter_misc":{"Skrevet av":"","Ansl. lesetid":"3 minutter"},"schema":{"@context":"https:\/\/schema.org","@graph":[{"@type":"NewsArticle","@id":"https:\/\/hoyre.no\/agder\/aktuelt\/senterpartiets-utrolige-retorikk-om-salg-av-norge\/","url":"https:\/\/hoyre.no\/agder\/aktuelt\/senterpartiets-utrolige-retorikk-om-salg-av-norge\/","name":"Senterpartiets utrolige retorikk om \u00abSalg av Norge\u00bb - Agder H\u00f8yre","isPartOf":{"@id":"https:\/\/hoyre.no\/agder\/#website"},"datePublished":"2021-09-03T14:49:57+00:00","dateModified":"2021-09-03T14:49:58+00:00","author":{"@id":""},"breadcrumb":{"@id":"https:\/\/hoyre.no\/agder\/aktuelt\/senterpartiets-utrolige-retorikk-om-salg-av-norge\/#breadcrumb"},"inLanguage":"nb-NO","potentialAction":[{"@type":"ReadAction","target":["https:\/\/hoyre.no\/agder\/aktuelt\/senterpartiets-utrolige-retorikk-om-salg-av-norge\/"]}]},{"@type":"BreadcrumbList","@id":"https:\/\/hoyre.no\/agder\/aktuelt\/senterpartiets-utrolige-retorikk-om-salg-av-norge\/#breadcrumb","itemListElement":[{"@type":"ListItem","position":1,"name":"Til hoyre.no","item":"https:\/\/hoyre.no"},{"@type":"ListItem","position":2,"name":"Hjem","item":"https:\/\/hoyre.no\/agder\/"},{"@type":"ListItem","position":3,"name":"Senterpartiets utrolige retorikk om \u00abSalg av Norge\u00bb"}]},{"@type":"WebSite","@id":"https:\/\/hoyre.no\/agder\/#website","url":"https:\/\/hoyre.no\/agder\/","name":"Agder H\u00f8yre","description":"Bare enda et H\u00f8yres nettsteder-nettsted","inLanguage":"nb-NO"},{"@type":"Person","@id":"","url":"https:\/\/hoyre.no\/agder\/aktuelt\/author\/"}]}},"distributor_meta":false,"distributor_terms":false,"distributor_media":false,"distributor_original_site_name":"Agder H\u00f8yre","distributor_original_site_url":"https:\/\/hoyre.no\/agder","push-errors":false,"_links":{"self":[{"href":"https:\/\/hoyre.no\/agder\/wp-json\/wp\/v2\/posts\/1084","targetHints":{"allow":["GET"]}}],"collection":[{"href":"https:\/\/hoyre.no\/agder\/wp-json\/wp\/v2\/posts"}],"about":[{"href":"https:\/\/hoyre.no\/agder\/wp-json\/wp\/v2\/types\/post"}],"author":[{"embeddable":true,"href":"https:\/\/hoyre.no\/agder\/wp-json\/wp\/v2\/users\/349"}],"replies":[{"embeddable":true,"href":"https:\/\/hoyre.no\/agder\/wp-json\/wp\/v2\/comments?post=1084"}],"version-history":[{"count":1,"href":"https:\/\/hoyre.no\/agder\/wp-json\/wp\/v2\/posts\/1084\/revisions"}],"predecessor-version":[{"id":1086,"href":"https:\/\/hoyre.no\/agder\/wp-json\/wp\/v2\/posts\/1084\/revisions\/1086"}],"wp:attachment":[{"href":"https:\/\/hoyre.no\/agder\/wp-json\/wp\/v2\/media?parent=1084"}],"wp:term":[{"taxonomy":"category","embeddable":true,"href":"https:\/\/hoyre.no\/agder\/wp-json\/wp\/v2\/category?post=1084"},{"taxonomy":"post_tag","embeddable":true,"href":"https:\/\/hoyre.no\/agder\/wp-json\/wp\/v2\/post_tag?post=1084"},{"taxonomy":"hoyre-visibility","embeddable":true,"href":"https:\/\/hoyre.no\/agder\/wp-json\/wp\/v2\/hoyre-visibility?post=1084"},{"taxonomy":"article-type","embeddable":true,"href":"https:\/\/hoyre.no\/agder\/wp-json\/wp\/v2\/article-type?post=1084"},{"taxonomy":"politician","embeddable":true,"href":"https:\/\/hoyre.no\/agder\/wp-json\/wp\/v2\/politician?post=1084"}],"curies":[{"name":"wp","href":"https:\/\/api.w.org\/{rel}","templated":true}]}}