{"id":1194,"date":"2021-12-07T09:59:13","date_gmt":"2021-12-07T08:59:13","guid":{"rendered":"https:\/\/hoyre.no\/agder\/?p=1194"},"modified":"2021-12-07T10:40:20","modified_gmt":"2021-12-07T09:40:20","slug":"agder-i-vekst","status":"publish","type":"post","link":"https:\/\/hoyre.no\/agder\/aktuelt\/agder-i-vekst\/","title":{"rendered":"Agder i vekst"},"content":{"rendered":"\n<p class=\"preamble\">Agder er en region i vekst. En region som ikke bare snakker om det gr\u00f8nne skiftet, men som ut\u00f8ver det i praksis. Agder er en landsdel med en stolt industrihistorie, og som vet \u00e5 utnytte naturressursene v\u00e5re p\u00e5 en effektiv og sk\u00e5nsom m\u00e5te. Fra hav til hei. I hele Agder.<\/p>\t\t\t<div class=\"post-meta wp-block teft-byline-wrapper\">\n\t\t\t\t<div class=\"top\">\n\t\t\t\t\t<div class=\"signature\">\n\t\t\t\t\t\t<div class=\"teft-byline\">\n\t\t\t\t\t\t\t\t\t\t\t\t\t\t<div>\n\t\t\t\t\t\t\t\t<h3>H\u00f8yres redaksjon<\/h3>\t\t\t\t\t\t\t\t\n\t\t\t\t\t\t\t\t\t\t\t\t\t\t\t\t\t<span class=\"date\">Sist oppdatert: 7. desember 2021<\/span>\n\t\t\t\t\t\t\t\t\t\t\t\t\t\t\t\t\t\t\t\t\t\t\t\t\t<span class=\"reading-time\" itemprop=\"timeRequired\" content=\"PT5M\"><em>Ca. 5 minutter lesetid<\/em><\/span>\n\t\t\t\t\t\t\t\t\t\t\t\t\t\t\t<\/div>\n\t\t\t\t\t\t<\/div>\n\t\t\t\t\t<\/div>\n\t\t\t\t\t\t<div class=\"sharing\">\n\t\t<a class=\"share-button share-link copy-link\" data-copy=\"https:\/\/hoyre.no\/agder\/aktuelt\/agder-i-vekst\/\" target=\"_blank\"><span class=\"screen-reader-text\">Del link<\/span><\/a>\n\t\t<a class=\"share-button share-twitter\" href=\"http:\/\/twitter.com\/share?text=Agder i vekst&#038;url=https:\/\/hoyre.no\/agder\/aktuelt\/agder-i-vekst\/&#038;hashtags=Hoyre\" target=\"_blank\"><span class=\"screen-reader-text\">Del p\u00e5 twitter<\/span><\/a>\n\t\t<a class=\"share-button share-facebook\" href=\"https:\/\/www.facebook.com\/sharer\/sharer.php?u=https:\/\/hoyre.no\/agder\/aktuelt\/agder-i-vekst\/\" target=\"_blank\"><span class=\"screen-reader-text\">Del p\u00e5 facebook<\/span><\/a>\n\t<\/div>\n\t\t\t\t\t<\/div>\n\t\t\t<\/div>\n\n\t\t\t<figure class=\"hoyre-image-wrapper\"><div class=\"hoyre-image\"><img loading=\"lazy\" decoding=\"async\" width=\"2500\" height=\"1691\" src=\"https:\/\/hoyre.no\/content\/uploads\/sites\/6\/2021\/04\/Mathias-scaled.jpg\" class=\"attachment-scaled size-scaled\" alt=\"\" style=\"object-position: 50% 50%\" srcset=\"https:\/\/hoyre.no\/content\/uploads\/sites\/6\/2021\/04\/Mathias-scaled.jpg 2500w, https:\/\/hoyre.no\/content\/uploads\/sites\/6\/2021\/04\/Mathias-300x203.jpg 300w, https:\/\/hoyre.no\/content\/uploads\/sites\/6\/2021\/04\/Mathias-1024x693.jpg 1024w, https:\/\/hoyre.no\/content\/uploads\/sites\/6\/2021\/04\/Mathias-768x520.jpg 768w, https:\/\/hoyre.no\/content\/uploads\/sites\/6\/2021\/04\/Mathias-1536x1039.jpg 1536w, https:\/\/hoyre.no\/content\/uploads\/sites\/6\/2021\/04\/Mathias-2048x1386.jpg 2048w\" sizes=\"auto, (max-width: 2500px) 100vw, 2500px\" \/><\/div><figcaption class=\"caption\">Fylkestingsrepresentant Mathias Bernander skriver om viktige satsinger i neste \u00e5rs budsjett for Agder. (Foto: Agder H\u00f8yre)<\/figcaption><\/figure>\n\n\n\n\n<p>Dette grunnlaget bygger vi videre p\u00e5 i posisjonspartienes forslag til budsjett for Agder fylkeskommune i 2022. Som leder av hovedutvalget for n\u00e6ring, klima og milj\u00f8 \u00f8nsker jeg \u00e5 trekke frem et par av de viktigste satsingene for det kommende \u00e5ret.<\/p>\n\n\n\n<p><strong>Reiseliv og Matregion Agder<\/strong><\/p>\n\n\n\n<p>Reiselivet p\u00e5 Agder har mye \u00e5 spille p\u00e5. Men Korona-krisen har gitt betydelige utfordringer. Spesielt rammet ble v\u00e5re klassiske vinterdestinasjoner som fikk store deler av sin h\u00f8ysesong b\u00e5de i 2020 og 2021 \u00f8delagt av strenge smitteverntiltak og hytteforbud. Det viser seg ogs\u00e5 n\u00e5r tallene gj\u00f8res opp. For der resten av n\u00e6ringslivet p\u00e5 Agder har klart seg godt og bedre enn landsgjennomsnittet er historien en annen for reiselivet. Den svakeste utviklingen i sysselsetting for n\u00e6ringslivet p\u00e5 Agder har v\u00e6rt nettopp innenfor reiseliv og servicebransjen. For 2022 er derfor reiselivet en hovedprioritet. Vi setter av 2 millioner til reiselivsattraktivitet, og 4 millioner til b\u00e6rekraftige opplevelsessatsinger. Og for \u00e5 v\u00e6re sikre p\u00e5 at vi n\u00e5r ut til de som er rammet hardest av pandemien \u00f8remerker vi 1 million av midlene til v\u00e5re fjell- og heidestinasjoner.&nbsp; Det vil si at destinasjoner som Setesdal, \u00c5seral og Sirdal kan s\u00f8ke p\u00e5 prosjekter og tiltak som fremmer reiseliv, og utvikler disse fantastiske omr\u00e5dene som hel\u00e5rsdestinasjoner b\u00e5de for innenlands- og utenlandsk turisme.<\/p>\n\n\n\n<p>Utover dette er vi ogs\u00e5 i gang med en ny storsatsing. Vi vil bli landets fremste matfylke. I tillegg til reiselivet vil ogs\u00e5 satsingen bli viktig for landbruksn\u00e6ringen og restaurantbransjen v\u00e5r. Men det er ogs\u00e5 et viktig tiltak for folkehelsen, og for barn- og unge. Bredden i Matregionen Agder kommer tydelig frem i budsjettet. Her setter vi av 2,5 millioner til arbeidet og prosjekter som kan realisere m\u00e5lsettingene vi har satt. Og for \u00e5 inspirere og vise retning p\u00e5 hvilke type prosjekter som kan utvikles under paraplyen Matregion Agder setter vi av 500.000 i 2022 til Geitmyra matkultursenter og deres prosjekt for l\u00e6ringsrik mat p\u00e5 SFO. Prosjektet f\u00e5r midler for \u00e5 utvide til flere kommuner i Agder. Motivasjonen for \u00e5 st\u00f8tte prosjektet er at matkultur m\u00e5 bygges stein for stein. Da m\u00e5 vi begynne med fremtiden v\u00e5r. Om barn og unge f\u00e5r et bevisst forhold til sunn, lokal kvalitetsmat vil det v\u00e6re den viktigste grunnplanken for \u00e5 lykkes med Matregion Agder p\u00e5 sikt. Det bygger omd\u00f8mme og sikrer rekruttering.<strong><\/strong><\/p>\n\n\n\n<p><strong>Bl\u00e5 n\u00e6ring og gr\u00f8nn industriutvikling<\/strong><strong><\/strong><\/p>\n\n\n\n<p>Mat er et viktig stikkord ogs\u00e5 i satsingen v\u00e5r p\u00e5 bl\u00e5 n\u00e6ring. Her fortsetter vi \u00e5 satse p\u00e5 fiskeri og oppdrettsn\u00e6ring. For oppdrettsn\u00e6ringen er det viktig at Agder finner sin nisje. Vi blir aldri en stor lakseregion. Men vi kan bli best p\u00e5 utvikling av nye produkter og arter. Og vi kan ta en posisjon p\u00e5 landbaserte oppdrettsanlegg. Nylig tildelte vi fire millioner til utviklingen av Innakva lab i Flekkefjord. Laben skal tilby en fellesarena for gr\u00fcndere, n\u00e6ringsliv, forskning, undervisning og myndigheter. Her skal verdier skapes, og n\u00e6ringslivet utvikles gjennom moderne infrastruktur, kunnskap og nettverk.&nbsp; <strong><\/strong><\/p>\n\n\n\n<p>Satsingen p\u00e5 gr\u00f8nn industriutvikling fortsetter ogs\u00e5 i 2022. Det settes av midler til prosjektutvikling, vi satser p\u00e5 klyngene v\u00e5re og funksjonen Invest in Agder relanseres som en viktig satsing. Her er arbeidet allerede i gang med \u00e5 kartlegge industriklare tomter p\u00e5 Agder. Tilgang p\u00e5 sj\u00f8, vei, og kraft er viktige \u00abselling-points\u00bb for \u00e5 f\u00e5 store akt\u00f8rer til \u00e5 satse i v\u00e5r landsdel. Skal vi f\u00e5 til det m\u00e5 fylket og kommunene p\u00e5 Agder samarbeide. Vi m\u00e5 sikre en effektiv forvaltning som spiller p\u00e5 lag med n\u00e6ringslivet, og kommunene m\u00e5 sette av tilstrekkelig med areal til n\u00e6ringsutvikling. Vi lever i en tid preget av h\u00f8y velstand, urban byplanlegging og moderne arkitektur. Det er bra, og skaper rammer for det gode liv p\u00e5 Agder. Men, vi m\u00e5 aldri glemme hva vi lever av. V\u00e5r landsdel lever av industri. Det er i industrien arbeidsplassene skapes, og det er i industrien verdiene produseres. Det m\u00e5 kommunene huske p\u00e5 n\u00e5r arealplaner skal vedtas.<\/p>\n\n\n\n<p>Og i 2022 er grunnmuren for enhver satsing p\u00e5 n\u00e6ringslivet ogs\u00e5 en satsing p\u00e5 klima og reduserte utslipp. Vi skal ha vekst p\u00e5 Agder. Men den m\u00e5 v\u00e6re b\u00e6rekraftig. Vi lever i en tid der vi har klart \u00e5 frikoble vekst fra \u00f8kte utslipp. Det er ogs\u00e5 tilfellet p\u00e5 Agder der vi i de siste \u00e5rene har redusert utslippene samtidig som regionen og n\u00e6ringslivet er i \u00f8konomisk vekst. Men vi m\u00e5 gj\u00f8re mer. Fylkeskommunen kan ikke klare det alene, men vi kan s\u00f8rge for \u00e5 gi de som kan gj\u00f8re mest de beste verkt\u00f8yene for \u00e5 lykkes. Med nytt budsjett for 2022 gir vi n\u00e6ringslivet p\u00e5 Agder verkt\u00f8yene de trenger for \u00e5 skape vekst og kutte utslipp.<\/p>\n\n\n<div class=\"tags\">\n\t<\/div>\n<div class=\"post-footer alignfull has-background block-editor-block-list__block\" data-align=full>\n\t<div class=\"post-footer-inner\">\n\t\t<h3>Relaterte artikler<\/h3>\n\t\t<div class=\"related-content\"><div class=\"is-card-hoyre\">\n\t<div class=\"teft-card hoyre-teft-card post-teft-card\">\n\t\t<a href=\"https:\/\/hoyre.no\/agder\/aktuelt\/agder-hoyre-onsker-dine-innspill-fylkestings-programmet\/\" class=\"teft-card__primary-action\">\n\n\t\t\t\t\t<div class=\"teft-card__media teft-card__media--16-9\">\n\t\t\t\t\t\t<img loading=\"lazy\" decoding=\"async\" width=\"768\" height=\"819\" src=\"https:\/\/hoyre.no\/content\/uploads\/sites\/6\/2025\/06\/DSC04923-edited-768x819.jpg\" class=\"attachment-medium_large size-medium_large\" alt=\"\" srcset=\"https:\/\/hoyre.no\/content\/uploads\/sites\/6\/2025\/06\/DSC04923-edited-768x819.jpg 768w, https:\/\/hoyre.no\/content\/uploads\/sites\/6\/2025\/06\/DSC04923-edited-281x300.jpg 281w, https:\/\/hoyre.no\/content\/uploads\/sites\/6\/2025\/06\/DSC04923-edited-960x1024.jpg 960w, https:\/\/hoyre.no\/content\/uploads\/sites\/6\/2025\/06\/DSC04923-edited-1440x1536.jpg 1440w, https:\/\/hoyre.no\/content\/uploads\/sites\/6\/2025\/06\/DSC04923-edited-1920x2048.jpg 1920w\" sizes=\"auto, (max-width: 768px) 100vw, 768px\" \/>\t\t<\/div>\n\t\t\n\t\t\t<div class=\"teft-card__content-wrapper\">\n\t\t\t\t<div class=\"teft-card__secondary\">\n\t\t\t\t\t\n\t\t\t\t\t\t\t\t<div class=\"teft-card__meta\">\n\t\t\t\t\t\t\t\t\t<span class=\"post-date\">21. apr 2026<\/span>\n\n\t\t\t\t\t\t\t\t\t<span class=\"post-category\">Nyheter<\/span>\t\t\t\t\t\t\t\t<\/div>\n\t\t\t\t\t\t\t\t\t\t\t<\/div>\n\n\t\t\t\t<div class=\"teft-card__primary\">\n\t\t\t\t\t<h2 class=\"teft-card__title\">Agder H\u00f8yres programprosess for Fylkestingsvalget 2027&nbsp;<span class=\"teft-card__primary-title-append\"><\/span><\/h2>\t\t\t\t<\/div>\n\t\t\t<\/div>\n\t\t<\/a>\n\t<\/div>\n\n\t<\/div><div class=\"is-card-hoyre\">\n\t<div class=\"teft-card hoyre-teft-card post-teft-card\">\n\t\t<a href=\"https:\/\/hoyre.no\/agder\/aktuelt\/agder-hoyres-nye-regionradgiver\/\" class=\"teft-card__primary-action\">\n\n\t\t\t\t\t<div class=\"teft-card__media teft-card__media--16-9\">\n\t\t\t\t\t\t<img loading=\"lazy\" decoding=\"async\" width=\"768\" height=\"768\" src=\"https:\/\/hoyre.no\/content\/uploads\/sites\/6\/2026\/03\/Aleksander-L-768x768.png\" class=\"attachment-medium_large size-medium_large\" alt=\"\" srcset=\"https:\/\/hoyre.no\/content\/uploads\/sites\/6\/2026\/03\/Aleksander-L-768x768.png 768w, https:\/\/hoyre.no\/content\/uploads\/sites\/6\/2026\/03\/Aleksander-L-e1775591785378-300x300.png 300w, https:\/\/hoyre.no\/content\/uploads\/sites\/6\/2026\/03\/Aleksander-L-e1775591785378-150x150.png 150w, https:\/\/hoyre.no\/content\/uploads\/sites\/6\/2026\/03\/Aleksander-L-e1775591785378.png 722w\" sizes=\"auto, (max-width: 768px) 100vw, 768px\" \/>\t\t<\/div>\n\t\t\n\t\t\t<div class=\"teft-card__content-wrapper\">\n\t\t\t\t<div class=\"teft-card__secondary\">\n\t\t\t\t\t\n\t\t\t\t\t\t\t\t<div class=\"teft-card__meta\">\n\t\t\t\t\t\t\t\t\t<span class=\"post-date\">23. mar 2026<\/span>\n\n\t\t\t\t\t\t\t\t\t\t\t\t\t\t\t\t\t<\/div>\n\t\t\t\t\t\t\t\t\t\t\t<\/div>\n\n\t\t\t\t<div class=\"teft-card__primary\">\n\t\t\t\t\t<h2 class=\"teft-card__title\">Agder H\u00f8yres nye regionr\u00e5dgiver&nbsp;<span class=\"teft-card__primary-title-append\"><\/span><\/h2>\t\t\t\t<\/div>\n\t\t\t<\/div>\n\t\t<\/a>\n\t<\/div>\n\n\t<\/div><div class=\"is-card-hoyre\">\n\t<div class=\"teft-card hoyre-teft-card post-teft-card\">\n\t\t<a href=\"https:\/\/hoyre.no\/agder\/aktuelt\/agder-hoyres-nominasjonsprosess-for-fylkestingsvalget-2027\/\" class=\"teft-card__primary-action\">\n\n\t\t\t\t\t<div class=\"teft-card__media teft-card__media--16-9\">\n\t\t\t\t\t\t<img loading=\"lazy\" decoding=\"async\" width=\"768\" height=\"512\" src=\"https:\/\/hoyre.no\/content\/uploads\/sites\/6\/2026\/03\/Haagen-Poppe-Foto-Hans-Kristian-Thorbjornsen-768x512.jpg\" class=\"attachment-medium_large size-medium_large\" alt=\"\" srcset=\"https:\/\/hoyre.no\/content\/uploads\/sites\/6\/2026\/03\/Haagen-Poppe-Foto-Hans-Kristian-Thorbjornsen-768x512.jpg 768w, https:\/\/hoyre.no\/content\/uploads\/sites\/6\/2026\/03\/Haagen-Poppe-Foto-Hans-Kristian-Thorbjornsen-300x200.jpg 300w, https:\/\/hoyre.no\/content\/uploads\/sites\/6\/2026\/03\/Haagen-Poppe-Foto-Hans-Kristian-Thorbjornsen-1024x683.jpg 1024w, https:\/\/hoyre.no\/content\/uploads\/sites\/6\/2026\/03\/Haagen-Poppe-Foto-Hans-Kristian-Thorbjornsen-1536x1025.jpg 1536w, https:\/\/hoyre.no\/content\/uploads\/sites\/6\/2026\/03\/Haagen-Poppe-Foto-Hans-Kristian-Thorbjornsen-2048x1366.jpg 2048w\" sizes=\"auto, (max-width: 768px) 100vw, 768px\" \/>\t\t<\/div>\n\t\t\n\t\t\t<div class=\"teft-card__content-wrapper\">\n\t\t\t\t<div class=\"teft-card__secondary\">\n\t\t\t\t\t\n\t\t\t\t\t\t\t\t<div class=\"teft-card__meta\">\n\t\t\t\t\t\t\t\t\t<span class=\"post-date\">5. mar 2026<\/span>\n\n\t\t\t\t\t\t\t\t\t\t\t\t\t\t\t\t\t<\/div>\n\t\t\t\t\t\t\t\t\t\t\t<\/div>\n\n\t\t\t\t<div class=\"teft-card__primary\">\n\t\t\t\t\t<h2 class=\"teft-card__title\">Agder H\u00f8yres nominasjonsprosess for  Fylkestingsvalget 2027&nbsp;<span class=\"teft-card__primary-title-append\"><\/span><\/h2>\t\t\t\t<\/div>\n\t\t\t<\/div>\n\t\t<\/a>\n\t<\/div>\n\n\t<\/div><\/div>\t<\/div>\n<\/div>\n","protected":false},"excerpt":{"rendered":"","protected":false},"author":11571,"featured_media":0,"comment_status":"closed","ping_status":"closed","sticky":false,"template":"","format":"standard","meta":{"teft_cards_image_url":"","teft_cards_custom_pretitle":"","teft_cards_image_id":595,"teft_cards_image_focal_point_x":0.5,"teft_cards_image_focal_point_y":0.5,"teft_cards_title":"","teft_cards_excerpt":"","teft_show_chapters":false,"author_display_name":"","footnotes":""},"category":[1],"post_tag":[],"hoyre-visibility":[],"article-type":[],"politician":[],"class_list":["post-1194","post","type-post","status-publish","format-standard","hentry","category-ukategorisert"],"yoast_head":"<!-- This site is optimized with the Yoast SEO Premium plugin v26.5 (Yoast SEO v26.6) - https:\/\/yoast.com\/wordpress\/plugins\/seo\/ -->\n<title>Agder i vekst - Agder H\u00f8yre<\/title>\n<meta name=\"robots\" content=\"index, follow, max-snippet:-1, max-image-preview:large, max-video-preview:-1\" \/>\n<link rel=\"canonical\" href=\"https:\/\/hoyre.no\/agder\/aktuelt\/agder-i-vekst\/\" \/>\n<meta property=\"og:locale\" content=\"nb_NO\" \/>\n<meta property=\"og:type\" content=\"article\" \/>\n<meta property=\"og:title\" content=\"Agder i vekst\" \/>\n<meta property=\"og:url\" content=\"https:\/\/hoyre.no\/agder\/aktuelt\/agder-i-vekst\/\" \/>\n<meta property=\"og:site_name\" content=\"Agder H\u00f8yre\" \/>\n<meta property=\"article:published_time\" content=\"2021-12-07T08:59:13+00:00\" \/>\n<meta property=\"article:modified_time\" content=\"2021-12-07T09:40:20+00:00\" \/>\n<meta property=\"og:image\" content=\"https:\/\/hoyre.no\/content\/uploads\/sites\/6\/2026\/03\/Haagen-Poppe-Foto-Hans-Kristian-Thorbjornsen-1024x683.jpg\" \/>\n<meta name=\"author\" content=\"J\u00f8rgen Heims\u00e6ter\" \/>\n<meta name=\"twitter:card\" content=\"summary_large_image\" \/>\n<meta name=\"twitter:label1\" content=\"Skrevet av\" \/>\n\t<meta name=\"twitter:data1\" content=\"J\u00f8rgen Heims\u00e6ter\" \/>\n\t<meta name=\"twitter:label2\" content=\"Ansl. lesetid\" \/>\n\t<meta name=\"twitter:data2\" content=\"4 minutter\" \/>\n<script type=\"application\/ld+json\" class=\"yoast-schema-graph\">{\"@context\":\"https:\/\/schema.org\",\"@graph\":[{\"@type\":\"NewsArticle\",\"@id\":\"https:\/\/hoyre.no\/agder\/aktuelt\/agder-i-vekst\/\",\"url\":\"https:\/\/hoyre.no\/agder\/aktuelt\/agder-i-vekst\/\",\"name\":\"Agder i vekst - Agder H\u00f8yre\",\"isPartOf\":{\"@id\":\"https:\/\/hoyre.no\/agder\/#website\"},\"datePublished\":\"2021-12-07T08:59:13+00:00\",\"dateModified\":\"2021-12-07T09:40:20+00:00\",\"author\":{\"@id\":\"https:\/\/hoyre.no\/agder\/#\/schema\/person\/7b19c371bd5c2f58b61ef653b81cde23\"},\"breadcrumb\":{\"@id\":\"https:\/\/hoyre.no\/agder\/aktuelt\/agder-i-vekst\/#breadcrumb\"},\"inLanguage\":\"nb-NO\",\"potentialAction\":[{\"@type\":\"ReadAction\",\"target\":[\"https:\/\/hoyre.no\/agder\/aktuelt\/agder-i-vekst\/\"]}]},{\"@type\":\"BreadcrumbList\",\"@id\":\"https:\/\/hoyre.no\/agder\/aktuelt\/agder-i-vekst\/#breadcrumb\",\"itemListElement\":[{\"@type\":\"ListItem\",\"position\":1,\"name\":\"Til hoyre.no\",\"item\":\"https:\/\/hoyre.no\"},{\"@type\":\"ListItem\",\"position\":2,\"name\":\"Hjem\",\"item\":\"https:\/\/hoyre.no\/agder\/\"},{\"@type\":\"ListItem\",\"position\":3,\"name\":\"Agder i vekst\"}]},{\"@type\":\"WebSite\",\"@id\":\"https:\/\/hoyre.no\/agder\/#website\",\"url\":\"https:\/\/hoyre.no\/agder\/\",\"name\":\"Agder H\u00f8yre\",\"description\":\"Bare enda et H\u00f8yres nettsteder-nettsted\",\"inLanguage\":\"nb-NO\"},{\"@type\":\"Person\",\"@id\":\"https:\/\/hoyre.no\/agder\/#\/schema\/person\/7b19c371bd5c2f58b61ef653b81cde23\",\"name\":\"J\u00f8rgen Heims\u00e6ter\",\"image\":{\"@type\":\"ImageObject\",\"inLanguage\":\"nb-NO\",\"@id\":\"https:\/\/hoyre.no\/agder\/#\/schema\/person\/image\/\",\"url\":\"https:\/\/secure.gravatar.com\/avatar\/59c59d5ccb701941b2a4716c9ff1fd44476e11ae10098403afafc478d5f921ad?s=96&d=mm&r=g\",\"contentUrl\":\"https:\/\/secure.gravatar.com\/avatar\/59c59d5ccb701941b2a4716c9ff1fd44476e11ae10098403afafc478d5f921ad?s=96&d=mm&r=g\",\"caption\":\"J\u00f8rgen Heims\u00e6ter\"},\"url\":\"https:\/\/hoyre.no\/agder\/aktuelt\/author\/m51918688\/\"}]}<\/script>\n<!-- \/ Yoast SEO Premium plugin. -->","yoast_head_json":{"title":"Agder i vekst - Agder H\u00f8yre","robots":{"index":"index","follow":"follow","max-snippet":"max-snippet:-1","max-image-preview":"max-image-preview:large","max-video-preview":"max-video-preview:-1"},"canonical":"https:\/\/hoyre.no\/agder\/aktuelt\/agder-i-vekst\/","og_locale":"nb_NO","og_type":"article","og_title":"Agder i vekst","og_url":"https:\/\/hoyre.no\/agder\/aktuelt\/agder-i-vekst\/","og_site_name":"Agder H\u00f8yre","article_published_time":"2021-12-07T08:59:13+00:00","article_modified_time":"2021-12-07T09:40:20+00:00","og_image":[{"url":"https:\/\/hoyre.no\/content\/uploads\/sites\/6\/2026\/03\/Haagen-Poppe-Foto-Hans-Kristian-Thorbjornsen-1024x683.jpg","width":"","height":"","type":""}],"author":"J\u00f8rgen Heims\u00e6ter","twitter_card":"summary_large_image","twitter_misc":{"Skrevet av":"J\u00f8rgen Heims\u00e6ter","Ansl. lesetid":"4 minutter"},"schema":{"@context":"https:\/\/schema.org","@graph":[{"@type":"NewsArticle","@id":"https:\/\/hoyre.no\/agder\/aktuelt\/agder-i-vekst\/","url":"https:\/\/hoyre.no\/agder\/aktuelt\/agder-i-vekst\/","name":"Agder i vekst - Agder H\u00f8yre","isPartOf":{"@id":"https:\/\/hoyre.no\/agder\/#website"},"datePublished":"2021-12-07T08:59:13+00:00","dateModified":"2021-12-07T09:40:20+00:00","author":{"@id":"https:\/\/hoyre.no\/agder\/#\/schema\/person\/7b19c371bd5c2f58b61ef653b81cde23"},"breadcrumb":{"@id":"https:\/\/hoyre.no\/agder\/aktuelt\/agder-i-vekst\/#breadcrumb"},"inLanguage":"nb-NO","potentialAction":[{"@type":"ReadAction","target":["https:\/\/hoyre.no\/agder\/aktuelt\/agder-i-vekst\/"]}]},{"@type":"BreadcrumbList","@id":"https:\/\/hoyre.no\/agder\/aktuelt\/agder-i-vekst\/#breadcrumb","itemListElement":[{"@type":"ListItem","position":1,"name":"Til hoyre.no","item":"https:\/\/hoyre.no"},{"@type":"ListItem","position":2,"name":"Hjem","item":"https:\/\/hoyre.no\/agder\/"},{"@type":"ListItem","position":3,"name":"Agder i vekst"}]},{"@type":"WebSite","@id":"https:\/\/hoyre.no\/agder\/#website","url":"https:\/\/hoyre.no\/agder\/","name":"Agder H\u00f8yre","description":"Bare enda et H\u00f8yres nettsteder-nettsted","inLanguage":"nb-NO"},{"@type":"Person","@id":"https:\/\/hoyre.no\/agder\/#\/schema\/person\/7b19c371bd5c2f58b61ef653b81cde23","name":"J\u00f8rgen Heims\u00e6ter","image":{"@type":"ImageObject","inLanguage":"nb-NO","@id":"https:\/\/hoyre.no\/agder\/#\/schema\/person\/image\/","url":"https:\/\/secure.gravatar.com\/avatar\/59c59d5ccb701941b2a4716c9ff1fd44476e11ae10098403afafc478d5f921ad?s=96&d=mm&r=g","contentUrl":"https:\/\/secure.gravatar.com\/avatar\/59c59d5ccb701941b2a4716c9ff1fd44476e11ae10098403afafc478d5f921ad?s=96&d=mm&r=g","caption":"J\u00f8rgen Heims\u00e6ter"},"url":"https:\/\/hoyre.no\/agder\/aktuelt\/author\/m51918688\/"}]}},"distributor_meta":false,"distributor_terms":false,"distributor_media":false,"distributor_original_site_name":"Agder H\u00f8yre","distributor_original_site_url":"https:\/\/hoyre.no\/agder","push-errors":false,"_links":{"self":[{"href":"https:\/\/hoyre.no\/agder\/wp-json\/wp\/v2\/posts\/1194","targetHints":{"allow":["GET"]}}],"collection":[{"href":"https:\/\/hoyre.no\/agder\/wp-json\/wp\/v2\/posts"}],"about":[{"href":"https:\/\/hoyre.no\/agder\/wp-json\/wp\/v2\/types\/post"}],"author":[{"embeddable":true,"href":"https:\/\/hoyre.no\/agder\/wp-json\/wp\/v2\/users\/11571"}],"replies":[{"embeddable":true,"href":"https:\/\/hoyre.no\/agder\/wp-json\/wp\/v2\/comments?post=1194"}],"version-history":[{"count":2,"href":"https:\/\/hoyre.no\/agder\/wp-json\/wp\/v2\/posts\/1194\/revisions"}],"predecessor-version":[{"id":1196,"href":"https:\/\/hoyre.no\/agder\/wp-json\/wp\/v2\/posts\/1194\/revisions\/1196"}],"wp:attachment":[{"href":"https:\/\/hoyre.no\/agder\/wp-json\/wp\/v2\/media?parent=1194"}],"wp:term":[{"taxonomy":"category","embeddable":true,"href":"https:\/\/hoyre.no\/agder\/wp-json\/wp\/v2\/category?post=1194"},{"taxonomy":"post_tag","embeddable":true,"href":"https:\/\/hoyre.no\/agder\/wp-json\/wp\/v2\/post_tag?post=1194"},{"taxonomy":"hoyre-visibility","embeddable":true,"href":"https:\/\/hoyre.no\/agder\/wp-json\/wp\/v2\/hoyre-visibility?post=1194"},{"taxonomy":"article-type","embeddable":true,"href":"https:\/\/hoyre.no\/agder\/wp-json\/wp\/v2\/article-type?post=1194"},{"taxonomy":"politician","embeddable":true,"href":"https:\/\/hoyre.no\/agder\/wp-json\/wp\/v2\/politician?post=1194"}],"curies":[{"name":"wp","href":"https:\/\/api.w.org\/{rel}","templated":true}]}}