{"id":1197,"date":"2021-12-13T15:08:21","date_gmt":"2021-12-13T14:08:21","guid":{"rendered":"https:\/\/hoyre.no\/agder\/?p=1197"},"modified":"2021-12-13T15:17:45","modified_gmt":"2021-12-13T14:17:45","slug":"agder-et-attraktivt-sted-a-bo-og-besoke","status":"publish","type":"post","link":"https:\/\/hoyre.no\/agder\/aktuelt\/agder-et-attraktivt-sted-a-bo-og-besoke\/","title":{"rendered":"Agder &#8211; et attraktivt sted \u00e5 bo og bes\u00f8ke"},"content":{"rendered":"\n<p class=\"preamble\">Agder fylkesting behandler den 13.12.2021 budsjett for 2022 og \u00f8konomiplan for 2022 &#8211; 2025. I denne artikkelen kan du lese innlegget til H\u00f8yres gruppeleder Torunn Ostad. <\/p>\t\t\t<div class=\"post-meta wp-block teft-byline-wrapper\">\n\t\t\t\t<div class=\"top\">\n\t\t\t\t\t<div class=\"signature\">\n\t\t\t\t\t\t<div class=\"teft-byline\">\n\t\t\t\t\t\t\t\t\t\t\t\t\t\t<div>\n\t\t\t\t\t\t\t\t<h3>H\u00f8yres redaksjon<\/h3>\t\t\t\t\t\t\t\t\n\t\t\t\t\t\t\t\t\t\t\t\t\t\t\t\t\t<span class=\"date\">Sist oppdatert: 13. desember 2021<\/span>\n\t\t\t\t\t\t\t\t\t\t\t\t\t\t\t\t\t\t\t\t\t\t\t\t\t<span class=\"reading-time\" itemprop=\"timeRequired\" content=\"PT5M\"><em>Ca. 5 minutter lesetid<\/em><\/span>\n\t\t\t\t\t\t\t\t\t\t\t\t\t\t\t<\/div>\n\t\t\t\t\t\t<\/div>\n\t\t\t\t\t<\/div>\n\t\t\t\t\t\t<div class=\"sharing\">\n\t\t<a class=\"share-button share-link copy-link\" data-copy=\"https:\/\/hoyre.no\/agder\/aktuelt\/agder-et-attraktivt-sted-a-bo-og-besoke\/\" target=\"_blank\"><span class=\"screen-reader-text\">Del link<\/span><\/a>\n\t\t<a class=\"share-button share-twitter\" href=\"http:\/\/twitter.com\/share?text=Agder &#8211; et attraktivt sted \u00e5 bo og bes\u00f8ke&#038;url=https:\/\/hoyre.no\/agder\/aktuelt\/agder-et-attraktivt-sted-a-bo-og-besoke\/&#038;hashtags=Hoyre\" target=\"_blank\"><span class=\"screen-reader-text\">Del p\u00e5 twitter<\/span><\/a>\n\t\t<a class=\"share-button share-facebook\" href=\"https:\/\/www.facebook.com\/sharer\/sharer.php?u=https:\/\/hoyre.no\/agder\/aktuelt\/agder-et-attraktivt-sted-a-bo-og-besoke\/\" target=\"_blank\"><span class=\"screen-reader-text\">Del p\u00e5 facebook<\/span><\/a>\n\t<\/div>\n\t\t\t\t\t<\/div>\n\t\t\t<\/div>\n\n\t\t\t<figure class=\"hoyre-image-wrapper\"><div class=\"hoyre-image\"><img loading=\"lazy\" decoding=\"async\" width=\"3850\" height=\"2567\" src=\"https:\/\/hoyre.no\/content\/uploads\/sites\/6\/2021\/11\/O6AOexmQ.png\" class=\"attachment-scaled size-scaled\" alt=\"\" style=\"object-position: 50% 50%\" srcset=\"https:\/\/hoyre.no\/content\/uploads\/sites\/6\/2021\/11\/O6AOexmQ.png 3850w, https:\/\/hoyre.no\/content\/uploads\/sites\/6\/2021\/11\/O6AOexmQ-300x200.png 300w, https:\/\/hoyre.no\/content\/uploads\/sites\/6\/2021\/11\/O6AOexmQ-1024x683.png 1024w, https:\/\/hoyre.no\/content\/uploads\/sites\/6\/2021\/11\/O6AOexmQ-768x512.png 768w, https:\/\/hoyre.no\/content\/uploads\/sites\/6\/2021\/11\/O6AOexmQ-1536x1024.png 1536w, https:\/\/hoyre.no\/content\/uploads\/sites\/6\/2021\/11\/O6AOexmQ-2048x1366.png 2048w\" sizes=\"auto, (max-width: 3850px) 100vw, 3850px\" \/><\/div><figcaption class=\"caption\">Torunn Ostad mener planen som vedtas tar Agder i riktig retning, mot bedre levek\u00e5r og lavere utslipp. (Foto: Mona Hauglid)<\/figcaption><\/figure>\n\n\n\n\n<h2 class=\"wp-block-heading\" id=\"h-innlegg\">Innlegg<\/h2>\n\n\n\n<p>H\u00f8yre mener at politikken m\u00e5 l\u00f8se de store utfordringene vi st\u00e5r overfor. I f\u00f8rste rekke handler det om \u00e5 kutte klimagassutslippene og inkludere flere i arbeidslivet. Derfor er det viktigere enn noen gang med en god skole og en god n\u00e6ringspolitikk som gj\u00f8r at bedriftene kan investere i gr\u00f8nne l\u00f8sninger og at vi s\u00f8rger for veier og kollektivtilbud som gj\u00f8r at folk over hele Agder kan komme seg trygt til og fra jobb.<\/p>\n\n\n\n<p>Budsjettforslaget til fylkeskommunedirekt\u00f8ren styrer etter hovedm\u00e5lene i Regionplan Agder 2030 om \u00e5 utvikle Agder til en milj\u00f8messig, sosialt og \u00f8konomisk b\u00e6rekraftig region. Og fylkeskommunedirekt\u00f8ren peker p\u00e5 noe viktig i sitt forslag, nemlig at vi m\u00e5 jobbe sammen med de 25 kommunene v\u00e5re og andre samarbeidspartnere skal vi n\u00e5 disse m\u00e5lene.<\/p>\n\n\n\n<p>Den planen vi vedtar i dag for perioden 2022 \u2013 2025 tar Agder i riktig retning, mot bedre levek\u00e5r og lavere utslipp.<\/p>\n\n\n\n<p>De st\u00f8rste forskjellene som finnes i Norge i dag er mellom de som har en jobb og er en del av samfunnet, og de som har falt utenfor. Det \u00e5 ikke fullf\u00f8re videreg\u00e5ende skole medf\u00f8rer betydelig h\u00f8yere risiko for \u00e5 falle utenfor arbeidslivet. Derfor er en av de aller viktigste oppgavene for oss som fylkeskommune \u00e5 s\u00f8rge for at enda flere f\u00e5r fullf\u00f8rt videreg\u00e5ende oppl\u00e6ring.<\/p>\n\n\n\n<p>Derfor har posisjonen satt av penger til \u00e5 opprette et utdanningstilbud for ungdom som st\u00e5r i fare for \u00e5 falle utenfor skole og arbeidsliv i \u00d8stre Agder. N\u00e5 har flere ungdommer i den delen av fylket timer med reisevei om de trenger hjelp til \u00e5 fullf\u00f8re skolegangen. Med de pengene vi bevilger kan 50 unge hvert \u00e5r f\u00e5 hjelp. Og vi har dyktige ansatte i oppf\u00f8lgingstjenesten som st\u00e5r klare til \u00e5 hjelpe. Vi har ogs\u00e5 lagt inn en styrking av den digitale skolehelsetjenesten. Det betyr at enda flere ungdommer som strever med hverdagen kan f\u00e5 hjelp n\u00e5r de trenger det. Vi vil ogs\u00e5 videref\u00f8re st\u00f8tten til organisasjonen Hopeful. Prosjektet \u00abMer robust\u00bb er et tilbud som gir unge \u00f8kt selvtillit og mestring i hverdagen, og hjelper dem tilbake i aktivitet. H\u00f8yre heier p\u00e5 organisasjoner som bidrar til et mer inkluderende samfunn.<\/p>\n\n\n\n<p>Det er ikke bare elever som sliter p\u00e5 skolen som har h\u00f8y risiko for \u00e5 droppe ut. Elever med h\u00f8yt l\u00e6ringspotensial som ikke opplever \u00e5 f\u00e5 nok utfordringer p\u00e5 skolen har ogs\u00e5 h\u00f8yere risiko for \u00e5 falle fra. Dette er en problemstilling vi har l\u00f8ftet mange ganger. N\u00e5 f\u00f8lger vi opp med penger til \u00e5 \u00f8ke skoleledere og l\u00e6reres kompetanse om elever med h\u00f8yt l\u00e6ringspotensial.<\/p>\n\n\n\n<p>Det er 3,5 \u00e5r siden jeg fikk fylkestinget med meg p\u00e5 \u00e5 vedta at 5 % av ansettelsene skal v\u00e6re personer med hull i CV-en eller nedsatt arbeidsevne. En viktig m\u00e5lsetting, men det g\u00e5r sent. Nasjonale tall viser at m\u00e5lsettingen virker. Men da m\u00e5 vi prioritere det arbeidet. Organisasjonen HELT MED bidrar til at mange med nedsatt funksjonsevne kommer i arbeid. Agder fylkeskommune samarbeider allerede med HELT MED gjennom noen av v\u00e5re videreg\u00e5ende skoler. H\u00f8yre mener at samarbeidet m\u00e5 utvides og at fylkeskommunen m\u00e5 ta sin del av ansvaret for inkluderingsdugnaden. Derfor setter vi av penger til HELT MED-stillinger. Agder fylkeskommune kan v\u00e6re en god arbeidsgiver for b\u00e5de unge og voksne i denne m\u00e5lgruppen.<\/p>\n\n\n\n<p>Arbeidsplasser over hele Agder krever politiske prioriteringer. Det er b\u00e5de viktig og riktig at fylkestinget i dag st\u00e5r samlet om \u00e5 prioritere en kraftig satsing p\u00e5 viktige veiprosjekter for hele Agder. Vi st\u00e5r overfor en periode med spennende industrisatsinger som vil kreve mye og gi mye. Fylkeskommunen setter fart for \u00e5 f\u00e5 p\u00e5 plass n\u00f8dvendig infrastruktur. N\u00e5 m\u00e5 staten f\u00f8lge opp med sitt bidrag.<\/p>\n\n\n\n<p>Et godt kollektivtilbud b\u00e5de i byene og i distriktene er ogs\u00e5 viktig for at det skal v\u00e6re mulig \u00e5 bo og jobbe i hele Agder. Nye tilbud som gir fleksibilitet og mobilitet for ulike brukergrupper m\u00e5 spres til b\u00e5de bygd og by. En samlet posisjon understreker betydningen av at AKT har gode rammer til utvikling og drift.<\/p>\n\n\n\n<p>Agder har godt med plass. Vi har flott natur. Vi tilbyr opplevelser for store og sm\u00e5. Og vi har mat i verdensklasse! Derfor styrker posisjonen satsinga p\u00e5 hel\u00e5rsturisme, p\u00e5 Matdestinasjon Agder og p\u00e5 kulturtilbud og museum i hele landsdelen. Det vil gj\u00f8re Agder til et attraktivt sted \u00e5 bo \u2013 og bes\u00f8ke.<\/p>\n\n\n\n<p><strong>\u00abBe the change you want to see in the world\u201d, sa Mahatma Gandhi. Da H\u00f8yre og posisjonen tok p\u00e5 seg ansvaret for \u00e5 lede den nye fylkeskommunen for to \u00e5r siden, lovte vi \u00e5 prioritere det viktigste. Vi lovte \u00e5 jobbe for \u00e5 skape mer og inkludere flere \u2013 i hele Agder. Det synes i budsjettforslaget vi legger fram i dag.<\/strong><\/p>\n\n\n<div class=\"tags\">\n\t<\/div>\n<div class=\"post-footer alignfull has-background block-editor-block-list__block\" data-align=full>\n\t<div class=\"post-footer-inner\">\n\t\t<h3>Relaterte artikler<\/h3>\n\t\t<div class=\"related-content\"><div class=\"is-card-hoyre\">\n\t<div class=\"teft-card hoyre-teft-card post-teft-card\">\n\t\t<a href=\"https:\/\/hoyre.no\/agder\/aktuelt\/agder-hoyre-onsker-dine-innspill-fylkestings-programmet\/\" class=\"teft-card__primary-action\">\n\n\t\t\t\t\t<div class=\"teft-card__media teft-card__media--16-9\">\n\t\t\t\t\t\t<img loading=\"lazy\" decoding=\"async\" width=\"768\" height=\"819\" src=\"https:\/\/hoyre.no\/content\/uploads\/sites\/6\/2025\/06\/DSC04923-edited-768x819.jpg\" class=\"attachment-medium_large size-medium_large\" alt=\"\" srcset=\"https:\/\/hoyre.no\/content\/uploads\/sites\/6\/2025\/06\/DSC04923-edited-768x819.jpg 768w, https:\/\/hoyre.no\/content\/uploads\/sites\/6\/2025\/06\/DSC04923-edited-281x300.jpg 281w, https:\/\/hoyre.no\/content\/uploads\/sites\/6\/2025\/06\/DSC04923-edited-960x1024.jpg 960w, https:\/\/hoyre.no\/content\/uploads\/sites\/6\/2025\/06\/DSC04923-edited-1440x1536.jpg 1440w, https:\/\/hoyre.no\/content\/uploads\/sites\/6\/2025\/06\/DSC04923-edited-1920x2048.jpg 1920w\" sizes=\"auto, (max-width: 768px) 100vw, 768px\" \/>\t\t<\/div>\n\t\t\n\t\t\t<div class=\"teft-card__content-wrapper\">\n\t\t\t\t<div class=\"teft-card__secondary\">\n\t\t\t\t\t\n\t\t\t\t\t\t\t\t<div class=\"teft-card__meta\">\n\t\t\t\t\t\t\t\t\t<span class=\"post-date\">21. apr 2026<\/span>\n\n\t\t\t\t\t\t\t\t\t<span class=\"post-category\">Nyheter<\/span>\t\t\t\t\t\t\t\t<\/div>\n\t\t\t\t\t\t\t\t\t\t\t<\/div>\n\n\t\t\t\t<div class=\"teft-card__primary\">\n\t\t\t\t\t<h2 class=\"teft-card__title\">Agder H\u00f8yres programprosess for Fylkestingsvalget 2027&nbsp;<span class=\"teft-card__primary-title-append\"><\/span><\/h2>\t\t\t\t<\/div>\n\t\t\t<\/div>\n\t\t<\/a>\n\t<\/div>\n\n\t<\/div><div class=\"is-card-hoyre\">\n\t<div class=\"teft-card hoyre-teft-card post-teft-card\">\n\t\t<a href=\"https:\/\/hoyre.no\/agder\/aktuelt\/agder-hoyres-nye-regionradgiver\/\" class=\"teft-card__primary-action\">\n\n\t\t\t\t\t<div class=\"teft-card__media teft-card__media--16-9\">\n\t\t\t\t\t\t<img loading=\"lazy\" decoding=\"async\" width=\"768\" height=\"768\" src=\"https:\/\/hoyre.no\/content\/uploads\/sites\/6\/2026\/03\/Aleksander-L-768x768.png\" class=\"attachment-medium_large size-medium_large\" alt=\"\" srcset=\"https:\/\/hoyre.no\/content\/uploads\/sites\/6\/2026\/03\/Aleksander-L-768x768.png 768w, https:\/\/hoyre.no\/content\/uploads\/sites\/6\/2026\/03\/Aleksander-L-e1775591785378-300x300.png 300w, https:\/\/hoyre.no\/content\/uploads\/sites\/6\/2026\/03\/Aleksander-L-e1775591785378-150x150.png 150w, https:\/\/hoyre.no\/content\/uploads\/sites\/6\/2026\/03\/Aleksander-L-e1775591785378.png 722w\" sizes=\"auto, (max-width: 768px) 100vw, 768px\" \/>\t\t<\/div>\n\t\t\n\t\t\t<div class=\"teft-card__content-wrapper\">\n\t\t\t\t<div class=\"teft-card__secondary\">\n\t\t\t\t\t\n\t\t\t\t\t\t\t\t<div class=\"teft-card__meta\">\n\t\t\t\t\t\t\t\t\t<span class=\"post-date\">23. mar 2026<\/span>\n\n\t\t\t\t\t\t\t\t\t\t\t\t\t\t\t\t\t<\/div>\n\t\t\t\t\t\t\t\t\t\t\t<\/div>\n\n\t\t\t\t<div class=\"teft-card__primary\">\n\t\t\t\t\t<h2 class=\"teft-card__title\">Agder H\u00f8yres nye regionr\u00e5dgiver&nbsp;<span class=\"teft-card__primary-title-append\"><\/span><\/h2>\t\t\t\t<\/div>\n\t\t\t<\/div>\n\t\t<\/a>\n\t<\/div>\n\n\t<\/div><div class=\"is-card-hoyre\">\n\t<div class=\"teft-card hoyre-teft-card post-teft-card\">\n\t\t<a href=\"https:\/\/hoyre.no\/agder\/aktuelt\/agder-hoyres-nominasjonsprosess-for-fylkestingsvalget-2027\/\" class=\"teft-card__primary-action\">\n\n\t\t\t\t\t<div class=\"teft-card__media teft-card__media--16-9\">\n\t\t\t\t\t\t<img loading=\"lazy\" decoding=\"async\" width=\"768\" height=\"512\" src=\"https:\/\/hoyre.no\/content\/uploads\/sites\/6\/2026\/03\/Haagen-Poppe-Foto-Hans-Kristian-Thorbjornsen-768x512.jpg\" class=\"attachment-medium_large size-medium_large\" alt=\"\" srcset=\"https:\/\/hoyre.no\/content\/uploads\/sites\/6\/2026\/03\/Haagen-Poppe-Foto-Hans-Kristian-Thorbjornsen-768x512.jpg 768w, https:\/\/hoyre.no\/content\/uploads\/sites\/6\/2026\/03\/Haagen-Poppe-Foto-Hans-Kristian-Thorbjornsen-300x200.jpg 300w, https:\/\/hoyre.no\/content\/uploads\/sites\/6\/2026\/03\/Haagen-Poppe-Foto-Hans-Kristian-Thorbjornsen-1024x683.jpg 1024w, https:\/\/hoyre.no\/content\/uploads\/sites\/6\/2026\/03\/Haagen-Poppe-Foto-Hans-Kristian-Thorbjornsen-1536x1025.jpg 1536w, https:\/\/hoyre.no\/content\/uploads\/sites\/6\/2026\/03\/Haagen-Poppe-Foto-Hans-Kristian-Thorbjornsen-2048x1366.jpg 2048w\" sizes=\"auto, (max-width: 768px) 100vw, 768px\" \/>\t\t<\/div>\n\t\t\n\t\t\t<div class=\"teft-card__content-wrapper\">\n\t\t\t\t<div class=\"teft-card__secondary\">\n\t\t\t\t\t\n\t\t\t\t\t\t\t\t<div class=\"teft-card__meta\">\n\t\t\t\t\t\t\t\t\t<span class=\"post-date\">5. mar 2026<\/span>\n\n\t\t\t\t\t\t\t\t\t\t\t\t\t\t\t\t\t<\/div>\n\t\t\t\t\t\t\t\t\t\t\t<\/div>\n\n\t\t\t\t<div class=\"teft-card__primary\">\n\t\t\t\t\t<h2 class=\"teft-card__title\">Agder H\u00f8yres nominasjonsprosess for  Fylkestingsvalget 2027&nbsp;<span class=\"teft-card__primary-title-append\"><\/span><\/h2>\t\t\t\t<\/div>\n\t\t\t<\/div>\n\t\t<\/a>\n\t<\/div>\n\n\t<\/div><\/div>\t<\/div>\n<\/div>\n","protected":false},"excerpt":{"rendered":"","protected":false},"author":11571,"featured_media":0,"comment_status":"closed","ping_status":"closed","sticky":false,"template":"","format":"standard","meta":{"teft_cards_image_url":"","teft_cards_custom_pretitle":"","teft_cards_image_id":1191,"teft_cards_image_focal_point_x":0.5,"teft_cards_image_focal_point_y":0.5,"teft_cards_title":"","teft_cards_excerpt":"","teft_show_chapters":false,"author_display_name":"","footnotes":""},"category":[1],"post_tag":[],"hoyre-visibility":[],"article-type":[],"politician":[],"class_list":["post-1197","post","type-post","status-publish","format-standard","hentry","category-ukategorisert"],"yoast_head":"<!-- This site is optimized with the Yoast SEO Premium plugin v26.5 (Yoast SEO v26.6) - https:\/\/yoast.com\/wordpress\/plugins\/seo\/ -->\n<title>Agder - et attraktivt sted \u00e5 bo og bes\u00f8ke - Agder H\u00f8yre<\/title>\n<meta name=\"robots\" content=\"index, follow, max-snippet:-1, max-image-preview:large, max-video-preview:-1\" \/>\n<link rel=\"canonical\" href=\"https:\/\/hoyre.no\/agder\/aktuelt\/agder-et-attraktivt-sted-a-bo-og-besoke\/\" \/>\n<meta property=\"og:locale\" content=\"nb_NO\" \/>\n<meta property=\"og:type\" content=\"article\" \/>\n<meta property=\"og:title\" content=\"Agder - et attraktivt sted \u00e5 bo og bes\u00f8ke\" \/>\n<meta property=\"og:url\" content=\"https:\/\/hoyre.no\/agder\/aktuelt\/agder-et-attraktivt-sted-a-bo-og-besoke\/\" \/>\n<meta property=\"og:site_name\" content=\"Agder H\u00f8yre\" \/>\n<meta property=\"article:published_time\" content=\"2021-12-13T14:08:21+00:00\" \/>\n<meta property=\"article:modified_time\" content=\"2021-12-13T14:17:45+00:00\" \/>\n<meta property=\"og:image\" content=\"https:\/\/hoyre.no\/content\/uploads\/sites\/6\/2026\/03\/Haagen-Poppe-Foto-Hans-Kristian-Thorbjornsen-1024x683.jpg\" \/>\n<meta name=\"author\" content=\"J\u00f8rgen Heims\u00e6ter\" \/>\n<meta name=\"twitter:card\" content=\"summary_large_image\" \/>\n<meta name=\"twitter:label1\" content=\"Skrevet av\" \/>\n\t<meta name=\"twitter:data1\" content=\"J\u00f8rgen Heims\u00e6ter\" \/>\n\t<meta name=\"twitter:label2\" content=\"Ansl. lesetid\" \/>\n\t<meta name=\"twitter:data2\" content=\"4 minutter\" \/>\n<script type=\"application\/ld+json\" class=\"yoast-schema-graph\">{\"@context\":\"https:\/\/schema.org\",\"@graph\":[{\"@type\":\"NewsArticle\",\"@id\":\"https:\/\/hoyre.no\/agder\/aktuelt\/agder-et-attraktivt-sted-a-bo-og-besoke\/\",\"url\":\"https:\/\/hoyre.no\/agder\/aktuelt\/agder-et-attraktivt-sted-a-bo-og-besoke\/\",\"name\":\"Agder - et attraktivt sted \u00e5 bo og bes\u00f8ke - Agder H\u00f8yre\",\"isPartOf\":{\"@id\":\"https:\/\/hoyre.no\/agder\/#website\"},\"datePublished\":\"2021-12-13T14:08:21+00:00\",\"dateModified\":\"2021-12-13T14:17:45+00:00\",\"author\":{\"@id\":\"https:\/\/hoyre.no\/agder\/#\/schema\/person\/7b19c371bd5c2f58b61ef653b81cde23\"},\"breadcrumb\":{\"@id\":\"https:\/\/hoyre.no\/agder\/aktuelt\/agder-et-attraktivt-sted-a-bo-og-besoke\/#breadcrumb\"},\"inLanguage\":\"nb-NO\",\"potentialAction\":[{\"@type\":\"ReadAction\",\"target\":[\"https:\/\/hoyre.no\/agder\/aktuelt\/agder-et-attraktivt-sted-a-bo-og-besoke\/\"]}]},{\"@type\":\"BreadcrumbList\",\"@id\":\"https:\/\/hoyre.no\/agder\/aktuelt\/agder-et-attraktivt-sted-a-bo-og-besoke\/#breadcrumb\",\"itemListElement\":[{\"@type\":\"ListItem\",\"position\":1,\"name\":\"Til hoyre.no\",\"item\":\"https:\/\/hoyre.no\"},{\"@type\":\"ListItem\",\"position\":2,\"name\":\"Hjem\",\"item\":\"https:\/\/hoyre.no\/agder\/\"},{\"@type\":\"ListItem\",\"position\":3,\"name\":\"Agder &#8211; et attraktivt sted \u00e5 bo og bes\u00f8ke\"}]},{\"@type\":\"WebSite\",\"@id\":\"https:\/\/hoyre.no\/agder\/#website\",\"url\":\"https:\/\/hoyre.no\/agder\/\",\"name\":\"Agder H\u00f8yre\",\"description\":\"Bare enda et H\u00f8yres nettsteder-nettsted\",\"inLanguage\":\"nb-NO\"},{\"@type\":\"Person\",\"@id\":\"https:\/\/hoyre.no\/agder\/#\/schema\/person\/7b19c371bd5c2f58b61ef653b81cde23\",\"name\":\"J\u00f8rgen Heims\u00e6ter\",\"image\":{\"@type\":\"ImageObject\",\"inLanguage\":\"nb-NO\",\"@id\":\"https:\/\/hoyre.no\/agder\/#\/schema\/person\/image\/\",\"url\":\"https:\/\/secure.gravatar.com\/avatar\/59c59d5ccb701941b2a4716c9ff1fd44476e11ae10098403afafc478d5f921ad?s=96&d=mm&r=g\",\"contentUrl\":\"https:\/\/secure.gravatar.com\/avatar\/59c59d5ccb701941b2a4716c9ff1fd44476e11ae10098403afafc478d5f921ad?s=96&d=mm&r=g\",\"caption\":\"J\u00f8rgen Heims\u00e6ter\"},\"url\":\"https:\/\/hoyre.no\/agder\/aktuelt\/author\/m51918688\/\"}]}<\/script>\n<!-- \/ Yoast SEO Premium plugin. -->","yoast_head_json":{"title":"Agder - et attraktivt sted \u00e5 bo og bes\u00f8ke - Agder H\u00f8yre","robots":{"index":"index","follow":"follow","max-snippet":"max-snippet:-1","max-image-preview":"max-image-preview:large","max-video-preview":"max-video-preview:-1"},"canonical":"https:\/\/hoyre.no\/agder\/aktuelt\/agder-et-attraktivt-sted-a-bo-og-besoke\/","og_locale":"nb_NO","og_type":"article","og_title":"Agder - et attraktivt sted \u00e5 bo og bes\u00f8ke","og_url":"https:\/\/hoyre.no\/agder\/aktuelt\/agder-et-attraktivt-sted-a-bo-og-besoke\/","og_site_name":"Agder H\u00f8yre","article_published_time":"2021-12-13T14:08:21+00:00","article_modified_time":"2021-12-13T14:17:45+00:00","og_image":[{"url":"https:\/\/hoyre.no\/content\/uploads\/sites\/6\/2026\/03\/Haagen-Poppe-Foto-Hans-Kristian-Thorbjornsen-1024x683.jpg","width":"","height":"","type":""}],"author":"J\u00f8rgen Heims\u00e6ter","twitter_card":"summary_large_image","twitter_misc":{"Skrevet av":"J\u00f8rgen Heims\u00e6ter","Ansl. lesetid":"4 minutter"},"schema":{"@context":"https:\/\/schema.org","@graph":[{"@type":"NewsArticle","@id":"https:\/\/hoyre.no\/agder\/aktuelt\/agder-et-attraktivt-sted-a-bo-og-besoke\/","url":"https:\/\/hoyre.no\/agder\/aktuelt\/agder-et-attraktivt-sted-a-bo-og-besoke\/","name":"Agder - et attraktivt sted \u00e5 bo og bes\u00f8ke - Agder H\u00f8yre","isPartOf":{"@id":"https:\/\/hoyre.no\/agder\/#website"},"datePublished":"2021-12-13T14:08:21+00:00","dateModified":"2021-12-13T14:17:45+00:00","author":{"@id":"https:\/\/hoyre.no\/agder\/#\/schema\/person\/7b19c371bd5c2f58b61ef653b81cde23"},"breadcrumb":{"@id":"https:\/\/hoyre.no\/agder\/aktuelt\/agder-et-attraktivt-sted-a-bo-og-besoke\/#breadcrumb"},"inLanguage":"nb-NO","potentialAction":[{"@type":"ReadAction","target":["https:\/\/hoyre.no\/agder\/aktuelt\/agder-et-attraktivt-sted-a-bo-og-besoke\/"]}]},{"@type":"BreadcrumbList","@id":"https:\/\/hoyre.no\/agder\/aktuelt\/agder-et-attraktivt-sted-a-bo-og-besoke\/#breadcrumb","itemListElement":[{"@type":"ListItem","position":1,"name":"Til hoyre.no","item":"https:\/\/hoyre.no"},{"@type":"ListItem","position":2,"name":"Hjem","item":"https:\/\/hoyre.no\/agder\/"},{"@type":"ListItem","position":3,"name":"Agder &#8211; et attraktivt sted \u00e5 bo og bes\u00f8ke"}]},{"@type":"WebSite","@id":"https:\/\/hoyre.no\/agder\/#website","url":"https:\/\/hoyre.no\/agder\/","name":"Agder H\u00f8yre","description":"Bare enda et H\u00f8yres nettsteder-nettsted","inLanguage":"nb-NO"},{"@type":"Person","@id":"https:\/\/hoyre.no\/agder\/#\/schema\/person\/7b19c371bd5c2f58b61ef653b81cde23","name":"J\u00f8rgen Heims\u00e6ter","image":{"@type":"ImageObject","inLanguage":"nb-NO","@id":"https:\/\/hoyre.no\/agder\/#\/schema\/person\/image\/","url":"https:\/\/secure.gravatar.com\/avatar\/59c59d5ccb701941b2a4716c9ff1fd44476e11ae10098403afafc478d5f921ad?s=96&d=mm&r=g","contentUrl":"https:\/\/secure.gravatar.com\/avatar\/59c59d5ccb701941b2a4716c9ff1fd44476e11ae10098403afafc478d5f921ad?s=96&d=mm&r=g","caption":"J\u00f8rgen Heims\u00e6ter"},"url":"https:\/\/hoyre.no\/agder\/aktuelt\/author\/m51918688\/"}]}},"distributor_meta":false,"distributor_terms":false,"distributor_media":false,"distributor_original_site_name":"Agder H\u00f8yre","distributor_original_site_url":"https:\/\/hoyre.no\/agder","push-errors":false,"_links":{"self":[{"href":"https:\/\/hoyre.no\/agder\/wp-json\/wp\/v2\/posts\/1197","targetHints":{"allow":["GET"]}}],"collection":[{"href":"https:\/\/hoyre.no\/agder\/wp-json\/wp\/v2\/posts"}],"about":[{"href":"https:\/\/hoyre.no\/agder\/wp-json\/wp\/v2\/types\/post"}],"author":[{"embeddable":true,"href":"https:\/\/hoyre.no\/agder\/wp-json\/wp\/v2\/users\/11571"}],"replies":[{"embeddable":true,"href":"https:\/\/hoyre.no\/agder\/wp-json\/wp\/v2\/comments?post=1197"}],"version-history":[{"count":3,"href":"https:\/\/hoyre.no\/agder\/wp-json\/wp\/v2\/posts\/1197\/revisions"}],"predecessor-version":[{"id":1200,"href":"https:\/\/hoyre.no\/agder\/wp-json\/wp\/v2\/posts\/1197\/revisions\/1200"}],"wp:attachment":[{"href":"https:\/\/hoyre.no\/agder\/wp-json\/wp\/v2\/media?parent=1197"}],"wp:term":[{"taxonomy":"category","embeddable":true,"href":"https:\/\/hoyre.no\/agder\/wp-json\/wp\/v2\/category?post=1197"},{"taxonomy":"post_tag","embeddable":true,"href":"https:\/\/hoyre.no\/agder\/wp-json\/wp\/v2\/post_tag?post=1197"},{"taxonomy":"hoyre-visibility","embeddable":true,"href":"https:\/\/hoyre.no\/agder\/wp-json\/wp\/v2\/hoyre-visibility?post=1197"},{"taxonomy":"article-type","embeddable":true,"href":"https:\/\/hoyre.no\/agder\/wp-json\/wp\/v2\/article-type?post=1197"},{"taxonomy":"politician","embeddable":true,"href":"https:\/\/hoyre.no\/agder\/wp-json\/wp\/v2\/politician?post=1197"}],"curies":[{"name":"wp","href":"https:\/\/api.w.org\/{rel}","templated":true}]}}