{"id":1250,"date":"2022-02-11T10:00:04","date_gmt":"2022-02-11T09:00:04","guid":{"rendered":"https:\/\/hoyre.no\/agder\/?p=1250"},"modified":"2022-11-04T07:55:41","modified_gmt":"2022-11-04T06:55:41","slug":"agder-hoyres-nominasjonsprosess-for-fylkestingsvalget-2023","status":"publish","type":"post","link":"https:\/\/hoyre.no\/agder\/aktuelt\/agder-hoyres-nominasjonsprosess-for-fylkestingsvalget-2023\/","title":{"rendered":"Agder H\u00f8yres nominasjonsprosess for Fylkestingsvalget 2023"},"content":{"rendered":"\n<p class=\"preamble\">Arbeidet med \u00e5 finne 55 kandidater til Agder H\u00f8yres fylkestingsvalgliste 2023 &#8211; 2027 er i full gang. Agder H\u00f8yres nominasjonskomite ble nedsatt av fylkesstyret 15.01.22 og avholdt konstituerende m\u00f8te 03.02.22. Her kan du lese mer om v\u00e5r prosess og arbeidet fremover.<\/p>\t\t\t<div class=\"post-meta wp-block teft-byline-wrapper\">\n\t\t\t\t<div class=\"top\">\n\t\t\t\t\t<div class=\"signature\">\n\t\t\t\t\t\t<div class=\"teft-byline\">\n\t\t\t\t\t\t\t\t\t\t\t\t\t\t<div>\n\t\t\t\t\t\t\t\t<h3>H\u00f8yres redaksjon<\/h3>\t\t\t\t\t\t\t\t\n\t\t\t\t\t\t\t\t\t\t\t\t\t\t\t\t\t<span class=\"date\">Sist oppdatert: 4. november 2022<\/span>\n\t\t\t\t\t\t\t\t\t\t\t\t\t\t\t\t\t\t\t\t\t\t\t\t\t<span class=\"reading-time\" itemprop=\"timeRequired\" content=\"PT6M\"><em>Ca. 6 minutter lesetid<\/em><\/span>\n\t\t\t\t\t\t\t\t\t\t\t\t\t\t\t<\/div>\n\t\t\t\t\t\t<\/div>\n\t\t\t\t\t<\/div>\n\t\t\t\t\t\t<div class=\"sharing\">\n\t\t<a class=\"share-button share-link copy-link\" data-copy=\"https:\/\/hoyre.no\/agder\/aktuelt\/agder-hoyres-nominasjonsprosess-for-fylkestingsvalget-2023\/\" target=\"_blank\"><span class=\"screen-reader-text\">Del link<\/span><\/a>\n\t\t<a class=\"share-button share-twitter\" href=\"http:\/\/twitter.com\/share?text=Agder H\u00f8yres nominasjonsprosess for Fylkestingsvalget 2023&#038;url=https:\/\/hoyre.no\/agder\/aktuelt\/agder-hoyres-nominasjonsprosess-for-fylkestingsvalget-2023\/&#038;hashtags=Hoyre\" target=\"_blank\"><span class=\"screen-reader-text\">Del p\u00e5 twitter<\/span><\/a>\n\t\t<a class=\"share-button share-facebook\" href=\"https:\/\/www.facebook.com\/sharer\/sharer.php?u=https:\/\/hoyre.no\/agder\/aktuelt\/agder-hoyres-nominasjonsprosess-for-fylkestingsvalget-2023\/\" target=\"_blank\"><span class=\"screen-reader-text\">Del p\u00e5 facebook<\/span><\/a>\n\t<\/div>\n\t\t\t\t\t<\/div>\n\t\t\t<\/div>\n\n\t\t\t<figure class=\"hoyre-image-wrapper\"><div class=\"hoyre-image\"><img loading=\"lazy\" decoding=\"async\" width=\"2500\" height=\"1875\" src=\"https:\/\/hoyre.no\/content\/uploads\/sites\/6\/2021\/07\/AmalieGunnufsen2863-2FotoMonaHauglid-scaled.jpg\" class=\"attachment-scaled size-scaled\" alt=\"\" style=\"object-position: 50% 50%\" srcset=\"https:\/\/hoyre.no\/content\/uploads\/sites\/6\/2021\/07\/AmalieGunnufsen2863-2FotoMonaHauglid-scaled.jpg 2500w, https:\/\/hoyre.no\/content\/uploads\/sites\/6\/2021\/07\/AmalieGunnufsen2863-2FotoMonaHauglid-300x225.jpg 300w, https:\/\/hoyre.no\/content\/uploads\/sites\/6\/2021\/07\/AmalieGunnufsen2863-2FotoMonaHauglid-1024x768.jpg 1024w, https:\/\/hoyre.no\/content\/uploads\/sites\/6\/2021\/07\/AmalieGunnufsen2863-2FotoMonaHauglid-768x576.jpg 768w, https:\/\/hoyre.no\/content\/uploads\/sites\/6\/2021\/07\/AmalieGunnufsen2863-2FotoMonaHauglid-1536x1152.jpg 1536w, https:\/\/hoyre.no\/content\/uploads\/sites\/6\/2021\/07\/AmalieGunnufsen2863-2FotoMonaHauglid-2048x1536.jpg 2048w\" sizes=\"auto, (max-width: 2500px) 100vw, 2500px\" \/><\/div><figcaption class=\"caption\">Amalie Gunnufsen er leder for nominasjonskomiteen. (Foto: Mona Hauglid)<\/figcaption><\/figure>\n\n\n\n\n<p>Agder H\u00f8yres Nominasjonsm\u00f8te avholdes 19. november 2022 kl. 14.30 -18.30 p\u00e5 Radisson Blu Caledonien Hotel i Kristiansand. innkalling sendes ut til foreningenes valgte delegater senest 4 uker f\u00f8r m\u00f8tet. Nominasjonskomiteens innstilling sendes ut og offentliggj\u00f8res senest 4. november, 14 dager f\u00f8r Nominasjonsm\u00f8tet.<\/p>\n\n\n\n<p>Agder H\u00f8yres fylkesstyre \u00f8nsker ikke at nominasjonskomiteen avholder tidlignominasjon av fylkesordf\u00f8rerkandidat.<\/p>\n\n\n\n<p>Nominasjonskomiteen oppfordrer foreningene til \u00e5 overholde alle frister og formaliteter for at prosessen skal g\u00e5 riktig for seg og at komiteen kan levere en god liste til rett tid. Et nominasjonshefte til hjelp i prosessen p\u00e5 fylkesniv\u00e5 vil bli sendt ut til v\u00e5re foreninger. Komiteen innkaller aktuelle valgvillige kandidater til intervju med vekt p\u00e5 kandidatrollen, kartlegging av oppl\u00e6ringsbehov og andre forhold som kan v\u00e6re relevant \u00e5 vite. Alle innstilte kandidater skal signere forpliktende kandidatavtale.  <\/p>\n\n\n\n<p><a href=\"https:\/\/hoyre.no\/agder\/aktuelt\/medlemsinformasjon-slik-far-du-stemmerett-i-fylkestingsnominasjonen\/\" target=\"_blank\" rel=\"noreferrer noopener\">Les mer om hvordan du som medlem kan p\u00e5virke hvem som skal sitte p\u00e5 fylkestinget for H\u00f8yre.<\/a><\/p>\n\n\n\n<p>Resultatene fra <a href=\"https:\/\/hoyre.no\/agder\/aktuelt\/resultat-fra-agder-hoyres-radgivende-urnominasjon\/\" target=\"_blank\" rel=\"noreferrer noopener\">r\u00e5dgivende urnominasjon<\/a> og <a href=\"https:\/\/hoyre.no\/agder\/aktuelt\/resultat-fra-agder-hoyres-radgivende-provenominasjon\/\">r\u00e5dgivende pr\u00f8venominasjon<\/a> er offentliggjort p\u00e5 egne sider.<\/p>\n\n\n\n<p><strong>Er det noe du lurer p\u00e5 i forbindelse med nominasjonen, kontakt:<\/strong><\/p>\n\n\n\n<ul class=\"wp-block-list\"><li>Nominasjonskomiteleder Amalie Gunnufsen, 995 66&nbsp;610, <a href=\"mailto:a-gunnuf@hotmail.com\">a-gunnuf@hotmail.com<\/a>&nbsp;&nbsp;<\/li><li>Fylkessekret\u00e6r Jannecke Beyer Guttormsen, 975 02 012, <a href=\"mailto:agder@hoyre.no\">agder@hoyre.no<\/a><\/li><\/ul>\n\n\n\n<p><\/p>\n\n\n\n<figure class=\"wp-block-table\"><table><tbody><tr><td><strong>Agder H\u00f8yres nominasjonskomit\u00e9<\/strong><\/td><td><strong>Region<\/strong><\/td><\/tr><tr><td>Amalie Gunnufsen<\/td><td>Nominasjonskomiteleder\/Region Kristiansand<\/td><\/tr><tr><td>Geir Fredrik Sissener <\/td><td>Nestleder\/Region \u00d8stre Agder<\/td><\/tr><tr><td>Janne F. Kristoffersen<\/td><td>Region Kristiansand<\/td><\/tr><tr><td>Nina Ledang<\/td><td>Region Kristiansand<\/td><\/tr><tr><td>Anne S. Eriksen <\/td><td>Region Lister <\/td><\/tr><tr><td>Mona S. Rambo<\/td><td>Region \u00d8stre Agder<\/td><\/tr><tr><td>Beate Skretting<\/td><td>Region \u00d8stre Agder<\/td><\/tr><tr><td>Mette F. Roth<\/td><td>Agder H\u00f8yres Kvinneforum<\/td><\/tr><tr><td>Kristin Tallaksen<\/td><td>Agder Unge H\u00f8yre<\/td><\/tr><tr><td>Halvor Rismyhr<\/td><td>Agder Senior H\u00f8yre<\/td><\/tr><tr><td>Jannecke Beyer Guttormsen<\/td><td>Agder H\u00f8yres fylkessekret\u00e6r<\/td><\/tr><tr><td>&nbsp;<\/td><td>&nbsp;<\/td><\/tr><tr><td><em>Grete Bachmann<\/em><\/td><td><em>Varamedlem<\/em>, Region Setesdal<\/td><\/tr><\/tbody><\/table><\/figure>\n\n\n\n<p><\/p>\n\n\n\n<h3 class=\"wp-block-heading\" id=\"h-datoplan-for-nominasjonsprosessen-pa-fylkesniva\"><a>Datoplan for nominasjonsprosessen p\u00e5 fylkesniv\u00e5<\/a><\/h3>\n\n\n\n<figure class=\"wp-block-table is-style-regular\"><table><tbody><tr><td><strong>Dato 2022<\/strong><\/td><td><strong>Sak<\/strong><\/td><td><strong>Frist<\/strong><\/td><\/tr><tr><td><s>15. januar<\/s><br><br><br><br><br><br><\/td><td><s><strong>Nedsettelse av nominasjonskomite:<\/strong> <br>Fylkesstyret oppnevner nominasjonskomit\u00e9 og nominasjonskomiteleder og vedtar en overordnet datoplan for hele nominasjonsprosessen. Agder H\u00f8yres fylkesstyre \u00f8nsker ikke at nominasjonskomiteen avholder tidlignominasjon av fylkesordf\u00f8rerkandidat.<\/s><\/td><td><s>Nedsettes senest innen 1. mars<br><\/s><br><br><br><br><\/td><\/tr><tr><td><s>15. januar<\/s><br><br><\/td><td><s>Fylkesstyret fastsetter dato for Agder H\u00f8yres Nominasjonsm\u00f8te: 19. november kl. 14.30 &#8211; 18.30. <em>Sted ikke avklart.<\/em><\/s><\/td><td><s>Fastsettes senest innen 1. mars<\/s><br><\/td><\/tr><tr><td><s>3. februar<\/s><br><br><br><br><br><br><br><br><br><\/td><td><s><strong>Konstituerende m\u00f8te for nominasjonskomiteen:<\/strong> Konstituering og valg av nestleder. Nominasjonskomitemedlemmene signerer erkl\u00e6ring om taushetsplikt. Medlemmer av nominasjonskomiteen kan ikke selv v\u00e6re kandidater til valglisten. For \u00f8vrig f\u00f8lger H\u00f8yre forvaltningslovens alminnelige bestemmelser om inhabilitet. Komiteen utarbeider en fullstendig datoplan for nominasjonsprosessen som gj\u00f8res alminnelig kjent ute i organisasjonen.<\/s><\/td><td>&nbsp;<\/td><\/tr><tr><td><s>Uke 5\/6<\/s><br><br><\/td><td><s>Rett etter konstituerende m\u00f8te tilskrives sittende representanter og vararepresentanter med sp\u00f8rsm\u00e5l om de \u00f8nsker gjenvalg.<\/s><\/td><td><s>Svarfrist innen 1. mai<\/s><br><\/td><\/tr><tr><td><s>Uke 6<\/s><br><br><br><br><br><br><\/td><td><s>Fylkessekret\u00e6r utarbeider nominasjonshefte til hjelp i prosessen p\u00e5 fylkesniv\u00e5 for foreningsledere som inneholder retningslinjer, datoplan, frister, sjekkliste, n\u00f8dvendige skjemaer til hjelp for \u00e5 overholde alle frister og formaliteter, slik at prosessen skal g\u00e5 riktig for seg og at komiteen kan levere en god liste til rett tid.<\/s><\/td><td>&nbsp;<\/td><\/tr><tr><td><s>Uke 6\/7<\/s><br><br><br><br><br><\/td><td><s>Sende ut anmodning til foreningene og sideorganisasjonene om \u00e5 avholde medlemsm\u00f8te for \u00e5 utarbeide navneforslag til valglisten. Navneforslag skal v\u00e6re i alfabetisk rekkef\u00f8lge, uprioritert og ikke inneholde mer enn halvparten av navn fra egen kommune.<\/s><\/td><td><s>Svarfrist innen 1. mai<br><\/s><br><br><br><\/td><\/tr><tr><td><s>Uke 6\/7<\/s><br><br><\/td><td><s>Sende ut elektronisk brev til alle medlemmer med oppfordring til \u00e5 komme med navneforslag til valglisten.<\/s><\/td><td><s>Svarfrist innen 1. mai<\/s><br><\/td><\/tr><tr><td><s>Uke 6\/7<\/s><br><br><\/td><td><s>Offentlig oppfordring om \u00e5 komme med navneforslag til valglisten via media, nettside, sosiale medier m.m.<\/s><\/td><td><s>Svarfrist innen 1. mai<\/s><\/td><\/tr><tr><td><s>Uke 18<br><\/s><br><\/td><td><s>Sittende representanter og vararepresentanters svar gj\u00f8res kjent for medlemmer og p\u00e5 Agder H\u00f8yres nettside m.m.<\/s><\/td><td><s>Etter 1. mai<\/s><br><br><\/td><\/tr><tr><td><s>10. mai<\/s><br><br><br><br><br><\/td><td><s><strong>Nominasjonskomitem\u00f8te:<\/strong> <br>Gjennomgang av innkommende navneforslag og svar fra sittende representanter. Nominasjonskomiteen arbeider selv frem forslag p\u00e5 aktuelle kandidater. Alfabetisk navneliste over foresl\u00e5tte kandidater utarbeides.<\/s><\/td><td>&nbsp;<\/td><\/tr><tr><td><s>Uke 22\/23<\/s><br><br><br><br><br><br><\/td><td><s>Alfabetisk navneliste over foresl\u00e5tte og standard kandidatavtale sendes ut til foresl\u00e5tte med sp\u00f8rsm\u00e5l om de \u00f8nsker \u00e5 st\u00e5 som listekandidat eller ikke. Nominasjonskomiteen st\u00e5r fritt i sitt arbeid med det endelige listeforslaget og at et ja til valgvillighet gir ikke n\u00f8dvendigvis en plass p\u00e5 listen.<\/s><\/td><td><s>Svarfrist innen 1. august<\/s><br><br><br><br><br><\/td><\/tr><tr><td><s>23. august<\/s><br><br><br><\/td><td><s><strong>Nominasjonskomitem\u00f8te:<\/strong> <br>Gjennomgang av svar fra kandidater. Alfabetisk navneliste over valgvillige kandidater utarbeides. <br>Lage en plan for gjennomf\u00f8ring av kandidatintervju.<\/s><\/td><td>&nbsp;<\/td><\/tr><tr><td>Uke 35<br><\/td><td><a href=\"https:\/\/hoyre.no\/agder\/aktuelt\/agder-hoyres-alfabetiske-liste-over-valgvillige-kandidater-til-fylkestingsvalget-2023\/\" target=\"_blank\" rel=\"noreferrer noopener\">Alfabetisk liste over valgvillige kandidater sendes ut til foreningene.<\/a><\/td><td>&nbsp;<\/td><\/tr><tr><td><s>Fra 1. &#8211; 13. september<\/s><br><br><br><br><br><\/td><td><s><strong><a href=\"https:\/\/hoyre.no\/agder\/aktuelt\/medlemsinformasjon-slik-far-du-stemmerett-i-fylkestingsnominasjonen\/\" target=\"_blank\" rel=\"noreferrer noopener\">Pr\u00f8venominasjon<\/a>:<\/strong> <\/s><br><s>Agder H\u00f8yres sideorganisasjoner og lokalforeninger avholder partim\u00f8ter med r\u00e5dgivende pr\u00f8venominasjon og sender prioritert liste over valgvillige kandidater til nominasjonskomit\u00e9en. P\u00e5 samme m\u00f8te velger lokalforeningene delegater m\/vara til Agder H\u00f8yres Nominasjonsm\u00f8te. <\/s><\/td><td><s>Svarfrist innen 13. september<\/s><br><br><br><br><br><\/td><\/tr><tr><td><s>5. september<\/s><br><br><br><br><br><\/td><td><s><strong><a href=\"https:\/\/hoyre.no\/agder\/aktuelt\/medlemsinformasjon-slik-far-du-stemmerett-i-fylkestingsnominasjonen\/\" target=\"_blank\" rel=\"noreferrer noopener\">Elektronisk r\u00e5dgivende urnominasjon<\/a>:<\/strong> <br>Alle betalende H\u00f8yremedlemmer i Agder, samt betalende Unge H\u00f8yre medlemmer som har stemmerett ved valget, f\u00e5r anledning til \u00e5 prioritere de valgvillige kandidatene i en elektronisk r\u00e5dgivende urnominasjon.<\/s><\/td><td><s>Svarfrist innen 13. september<\/s><br><br><br><br><\/td><\/tr><tr><td>Uke 38<br><br><\/td><td>Resultatet fra <a href=\"https:\/\/hoyre.no\/agder\/aktuelt\/resultat-fra-agder-hoyres-radgivende-provenominasjon\/\" target=\"_blank\" rel=\"noreferrer noopener\">r\u00e5dgivende pr\u00f8venominasjon<\/a> og <a href=\"https:\/\/hoyre.no\/agder\/aktuelt\/resultat-fra-agder-hoyres-radgivende-urnominasjon\/\" target=\"_blank\" rel=\"noreferrer noopener\">urnominasjon<\/a> gj\u00f8res kjent for medlemmer p\u00e5 Agder H\u00f8yres nettside.<\/td><td>Etter 13. september<br><\/td><\/tr><tr><td>September\/ oktober<br><br><br><\/td><td><strong>Intervju av aktuelle kandidater:<\/strong> <br>Nominasjonskomiteen innkaller aktuelle valgvillige kandidater til intervju med vekt p\u00e5 kandidatrollen, kartlegging av oppl\u00e6ringsbehov og andre forhold som kan v\u00e6re relevant \u00e5 vite.<\/td><td>&nbsp;<\/td><\/tr><tr><td>11. oktober<br><br><em>(og 18. oktober hvis n\u00f8dvendig)<\/em><\/td><td><strong>Nominasjonskomitem\u00f8te:<\/strong> <br>Endelig prioritert liste, nominasjonskomiteens innstilling, utarbeides p\u00e5 bakgrunn av egne vurderinger og resultatene fra r\u00e5dgivende pr\u00f8venominasjon og urnominasjon.<\/td><td>&nbsp;<\/td><\/tr><tr><td>Uke 42<br><br><br><br><br><br><\/td><td>Innkalling til Nominasjonsm\u00f8tet med dagsorden, tid og sted sendes ut til lokalforeningenes valgte delegater. Det er ingen selvskrevne delegater til Nominasjonsm\u00f8ter. For \u00e5 ha stemmerett m\u00e5 en ha v\u00e6rt medlem i minst 4 uker og ha betalt kontingent f\u00f8r m\u00f8tet begynner, samt ha stemmerett ved det valget det nomineres til.<\/td><td>Innen 21. oktober, senest fire uker f\u00f8r nominasjonsm\u00f8tet<br><br><br><br><\/td><\/tr><tr><td><em>&nbsp;<\/em><\/td><td>Nominasjonskomiteens innstilling offentliggj\u00f8res og legges ut p\u00e5 Agder H\u00f8yres nettside og SoMe, sendes til listekandidatene, foreningene og sideorganisasjonene.<\/td><td>Senest 4. november, 14 dager f\u00f8r Nominasjonsm\u00f8tet<br><\/td><\/tr><tr><td>19.11.22 <br>kl. 14.30 &#8211; 18.30 p\u00e5 <br>Radisson Blu Caledonien Hotel i Kristiansand<br><br><br><br><br><br><br><br><br><br><br><br><br><br><br><br><br><br><br><br><br><\/td><td><strong>Agder H\u00f8yres<\/strong> <strong>Nominasjonsm\u00f8te:<\/strong> <br>Fylkesleder \u00e5pner m\u00f8tet, fylkesstyret innstiller p\u00e5 m\u00f8teleder. Nominasjonsm\u00f8tet kan gi kandidater som ikke er valgt som delegater observat\u00f8rstatus med talerett. &nbsp; <br><br><strong>Dagsorden:<\/strong><br>1. \u00c5pning av nominasjonsm\u00f8tet. <br>2. Fastsetting av antall stemmeberettigede delegater til stede.<br>3. Godkjenning av innkalling, dagsorden og voteringsreglement.<br>4. Valg av m\u00f8teleder, referent og bisitter.<br>5. Sp\u00f8rsm\u00e5l om \u00e5pent\/lukket m\u00f8te.<br>6. Valg av 3 delegater til tellekorps.<br>7. Valg av to delegater til \u00e5 underskrive protokollen.<br>8. Nominasjonskomiteens redegj\u00f8relse og presentasjon av kandidatene.<br>9. Nominasjon av kandidater til Agder H\u00f8yres Fylkestingsvalgliste 2023 &#8211; 2027<br>10. Valg av to tillitsmenn for valglisten som m\u00e5 v\u00e6re styremedlemmer for Agder H\u00f8yre (AU) og ha stemmerett i valgdistriktet.<br>11. Nominasjonsm\u00f8tets godkjenning av at fylkesstyret gis fullmakt til \u00e5 supplere listene ved ev. frafall.<\/td><td>Avholdes innen 1. desember i mellomvalg\u00e5r<br><br><br><br><br><br><br><br><br><br><br><br><br><br><br><br><br><br><br><br><br><br><br><\/td><\/tr><tr><td>19.11.22 &#8211; 31.03.23 <br>kl. 12.00<br><\/td><td>Tillitsvalgte for listen er kontaktpersoner overfor myndighetene og s\u00f8rger for at valglisten blir innlevert, stemplet og godkjent av valgstyret for Agder fylkeskommune innen fristen.<\/td><td>Innen 31. mars 2023 kl. 12.00<br><br><\/td><\/tr><\/tbody><\/table><\/figure>\n\n\n\n<p><\/p>\n\n\n\n<p><\/p>\n\n\n\n<p><\/p>\n\n\n<div class=\"tags\">\n\t<\/div>\n<div class=\"post-footer alignfull has-background block-editor-block-list__block\" data-align=full>\n\t<div class=\"post-footer-inner\">\n\t\t<h3>Relaterte artikler<\/h3>\n\t\t<div class=\"related-content\"><div class=\"is-card-hoyre\">\n\t<div class=\"teft-card hoyre-teft-card post-teft-card\">\n\t\t<a href=\"https:\/\/hoyre.no\/agder\/aktuelt\/agder-hoyre-onsker-dine-innspill-fylkestings-programmet\/\" class=\"teft-card__primary-action\">\n\n\t\t\t\t\t<div class=\"teft-card__media teft-card__media--16-9\">\n\t\t\t\t\t\t<img loading=\"lazy\" decoding=\"async\" width=\"768\" height=\"819\" src=\"https:\/\/hoyre.no\/content\/uploads\/sites\/6\/2025\/06\/DSC04923-edited-768x819.jpg\" class=\"attachment-medium_large size-medium_large\" alt=\"\" srcset=\"https:\/\/hoyre.no\/content\/uploads\/sites\/6\/2025\/06\/DSC04923-edited-768x819.jpg 768w, https:\/\/hoyre.no\/content\/uploads\/sites\/6\/2025\/06\/DSC04923-edited-281x300.jpg 281w, https:\/\/hoyre.no\/content\/uploads\/sites\/6\/2025\/06\/DSC04923-edited-960x1024.jpg 960w, https:\/\/hoyre.no\/content\/uploads\/sites\/6\/2025\/06\/DSC04923-edited-1440x1536.jpg 1440w, https:\/\/hoyre.no\/content\/uploads\/sites\/6\/2025\/06\/DSC04923-edited-1920x2048.jpg 1920w\" sizes=\"auto, (max-width: 768px) 100vw, 768px\" \/>\t\t<\/div>\n\t\t\n\t\t\t<div class=\"teft-card__content-wrapper\">\n\t\t\t\t<div class=\"teft-card__secondary\">\n\t\t\t\t\t\n\t\t\t\t\t\t\t\t<div class=\"teft-card__meta\">\n\t\t\t\t\t\t\t\t\t<span class=\"post-date\">21. apr 2026<\/span>\n\n\t\t\t\t\t\t\t\t\t<span class=\"post-category\">Nyheter<\/span>\t\t\t\t\t\t\t\t<\/div>\n\t\t\t\t\t\t\t\t\t\t\t<\/div>\n\n\t\t\t\t<div class=\"teft-card__primary\">\n\t\t\t\t\t<h2 class=\"teft-card__title\">Agder H\u00f8yres programprosess for Fylkestingsvalget 2027&nbsp;<span class=\"teft-card__primary-title-append\"><\/span><\/h2>\t\t\t\t<\/div>\n\t\t\t<\/div>\n\t\t<\/a>\n\t<\/div>\n\n\t<\/div><div class=\"is-card-hoyre\">\n\t<div class=\"teft-card hoyre-teft-card post-teft-card\">\n\t\t<a href=\"https:\/\/hoyre.no\/agder\/aktuelt\/agder-hoyres-nye-regionradgiver\/\" class=\"teft-card__primary-action\">\n\n\t\t\t\t\t<div class=\"teft-card__media teft-card__media--16-9\">\n\t\t\t\t\t\t<img loading=\"lazy\" decoding=\"async\" width=\"768\" height=\"768\" src=\"https:\/\/hoyre.no\/content\/uploads\/sites\/6\/2026\/03\/Aleksander-L-768x768.png\" class=\"attachment-medium_large size-medium_large\" alt=\"\" srcset=\"https:\/\/hoyre.no\/content\/uploads\/sites\/6\/2026\/03\/Aleksander-L-768x768.png 768w, https:\/\/hoyre.no\/content\/uploads\/sites\/6\/2026\/03\/Aleksander-L-e1775591785378-300x300.png 300w, https:\/\/hoyre.no\/content\/uploads\/sites\/6\/2026\/03\/Aleksander-L-e1775591785378-150x150.png 150w, https:\/\/hoyre.no\/content\/uploads\/sites\/6\/2026\/03\/Aleksander-L-e1775591785378.png 722w\" sizes=\"auto, (max-width: 768px) 100vw, 768px\" \/>\t\t<\/div>\n\t\t\n\t\t\t<div class=\"teft-card__content-wrapper\">\n\t\t\t\t<div class=\"teft-card__secondary\">\n\t\t\t\t\t\n\t\t\t\t\t\t\t\t<div class=\"teft-card__meta\">\n\t\t\t\t\t\t\t\t\t<span class=\"post-date\">23. mar 2026<\/span>\n\n\t\t\t\t\t\t\t\t\t\t\t\t\t\t\t\t\t<\/div>\n\t\t\t\t\t\t\t\t\t\t\t<\/div>\n\n\t\t\t\t<div class=\"teft-card__primary\">\n\t\t\t\t\t<h2 class=\"teft-card__title\">Agder H\u00f8yres nye regionr\u00e5dgiver&nbsp;<span class=\"teft-card__primary-title-append\"><\/span><\/h2>\t\t\t\t<\/div>\n\t\t\t<\/div>\n\t\t<\/a>\n\t<\/div>\n\n\t<\/div><div class=\"is-card-hoyre\">\n\t<div class=\"teft-card hoyre-teft-card post-teft-card\">\n\t\t<a href=\"https:\/\/hoyre.no\/agder\/aktuelt\/agder-hoyres-nominasjonsprosess-for-fylkestingsvalget-2027\/\" class=\"teft-card__primary-action\">\n\n\t\t\t\t\t<div class=\"teft-card__media teft-card__media--16-9\">\n\t\t\t\t\t\t<img loading=\"lazy\" decoding=\"async\" width=\"768\" height=\"512\" src=\"https:\/\/hoyre.no\/content\/uploads\/sites\/6\/2026\/03\/Haagen-Poppe-Foto-Hans-Kristian-Thorbjornsen-768x512.jpg\" class=\"attachment-medium_large size-medium_large\" alt=\"\" srcset=\"https:\/\/hoyre.no\/content\/uploads\/sites\/6\/2026\/03\/Haagen-Poppe-Foto-Hans-Kristian-Thorbjornsen-768x512.jpg 768w, https:\/\/hoyre.no\/content\/uploads\/sites\/6\/2026\/03\/Haagen-Poppe-Foto-Hans-Kristian-Thorbjornsen-300x200.jpg 300w, https:\/\/hoyre.no\/content\/uploads\/sites\/6\/2026\/03\/Haagen-Poppe-Foto-Hans-Kristian-Thorbjornsen-1024x683.jpg 1024w, https:\/\/hoyre.no\/content\/uploads\/sites\/6\/2026\/03\/Haagen-Poppe-Foto-Hans-Kristian-Thorbjornsen-1536x1025.jpg 1536w, https:\/\/hoyre.no\/content\/uploads\/sites\/6\/2026\/03\/Haagen-Poppe-Foto-Hans-Kristian-Thorbjornsen-2048x1366.jpg 2048w\" sizes=\"auto, (max-width: 768px) 100vw, 768px\" \/>\t\t<\/div>\n\t\t\n\t\t\t<div class=\"teft-card__content-wrapper\">\n\t\t\t\t<div class=\"teft-card__secondary\">\n\t\t\t\t\t\n\t\t\t\t\t\t\t\t<div class=\"teft-card__meta\">\n\t\t\t\t\t\t\t\t\t<span class=\"post-date\">5. mar 2026<\/span>\n\n\t\t\t\t\t\t\t\t\t\t\t\t\t\t\t\t\t<\/div>\n\t\t\t\t\t\t\t\t\t\t\t<\/div>\n\n\t\t\t\t<div class=\"teft-card__primary\">\n\t\t\t\t\t<h2 class=\"teft-card__title\">Agder H\u00f8yres nominasjonsprosess for  Fylkestingsvalget 2027&nbsp;<span class=\"teft-card__primary-title-append\"><\/span><\/h2>\t\t\t\t<\/div>\n\t\t\t<\/div>\n\t\t<\/a>\n\t<\/div>\n\n\t<\/div><\/div>\t<\/div>\n<\/div>\n","protected":false},"excerpt":{"rendered":"","protected":false},"author":404,"featured_media":0,"comment_status":"closed","ping_status":"closed","sticky":false,"template":"","format":"standard","meta":{"teft_cards_image_url":"","teft_cards_custom_pretitle":"","teft_cards_image_id":1009,"teft_cards_image_focal_point_x":0.5,"teft_cards_image_focal_point_y":0.5,"teft_cards_title":"","teft_cards_excerpt":"","teft_show_chapters":false,"author_display_name":"","footnotes":""},"category":[1],"post_tag":[],"hoyre-visibility":[],"article-type":[],"politician":[],"class_list":["post-1250","post","type-post","status-publish","format-standard","hentry","category-ukategorisert"],"yoast_head":"<!-- This site is optimized with the Yoast SEO Premium plugin v26.5 (Yoast SEO v26.6) - https:\/\/yoast.com\/wordpress\/plugins\/seo\/ -->\n<title>Agder H\u00f8yres nominasjonsprosess for Fylkestingsvalget 2023 - Agder H\u00f8yre<\/title>\n<meta name=\"robots\" content=\"index, follow, max-snippet:-1, max-image-preview:large, max-video-preview:-1\" \/>\n<link rel=\"canonical\" href=\"https:\/\/hoyre.no\/agder\/aktuelt\/agder-hoyres-nominasjonsprosess-for-fylkestingsvalget-2023\/\" \/>\n<meta property=\"og:locale\" content=\"nb_NO\" \/>\n<meta property=\"og:type\" content=\"article\" \/>\n<meta property=\"og:title\" content=\"Agder H\u00f8yres nominasjonsprosess for Fylkestingsvalget 2023\" \/>\n<meta property=\"og:url\" content=\"https:\/\/hoyre.no\/agder\/aktuelt\/agder-hoyres-nominasjonsprosess-for-fylkestingsvalget-2023\/\" \/>\n<meta property=\"og:site_name\" content=\"Agder H\u00f8yre\" \/>\n<meta property=\"article:published_time\" content=\"2022-02-11T09:00:04+00:00\" \/>\n<meta property=\"article:modified_time\" content=\"2022-11-04T06:55:41+00:00\" \/>\n<meta property=\"og:image\" content=\"https:\/\/hoyre.no\/content\/uploads\/sites\/6\/2026\/03\/Haagen-Poppe-Foto-Hans-Kristian-Thorbjornsen-1024x683.jpg\" \/>\n<meta name=\"author\" content=\"Jannecke Beyer Guttormsen\" \/>\n<meta name=\"twitter:card\" content=\"summary_large_image\" \/>\n<meta name=\"twitter:label1\" content=\"Skrevet av\" \/>\n\t<meta name=\"twitter:data1\" content=\"Jannecke Beyer Guttormsen\" \/>\n<script type=\"application\/ld+json\" class=\"yoast-schema-graph\">{\"@context\":\"https:\/\/schema.org\",\"@graph\":[{\"@type\":\"NewsArticle\",\"@id\":\"https:\/\/hoyre.no\/agder\/aktuelt\/agder-hoyres-nominasjonsprosess-for-fylkestingsvalget-2023\/\",\"url\":\"https:\/\/hoyre.no\/agder\/aktuelt\/agder-hoyres-nominasjonsprosess-for-fylkestingsvalget-2023\/\",\"name\":\"Agder H\u00f8yres nominasjonsprosess for Fylkestingsvalget 2023 - Agder H\u00f8yre\",\"isPartOf\":{\"@id\":\"https:\/\/hoyre.no\/agder\/#website\"},\"datePublished\":\"2022-02-11T09:00:04+00:00\",\"dateModified\":\"2022-11-04T06:55:41+00:00\",\"author\":{\"@id\":\"https:\/\/hoyre.no\/agder\/#\/schema\/person\/7041be1f5a2efbe77b438958e52648e4\"},\"breadcrumb\":{\"@id\":\"https:\/\/hoyre.no\/agder\/aktuelt\/agder-hoyres-nominasjonsprosess-for-fylkestingsvalget-2023\/#breadcrumb\"},\"inLanguage\":\"nb-NO\",\"potentialAction\":[{\"@type\":\"ReadAction\",\"target\":[\"https:\/\/hoyre.no\/agder\/aktuelt\/agder-hoyres-nominasjonsprosess-for-fylkestingsvalget-2023\/\"]}]},{\"@type\":\"BreadcrumbList\",\"@id\":\"https:\/\/hoyre.no\/agder\/aktuelt\/agder-hoyres-nominasjonsprosess-for-fylkestingsvalget-2023\/#breadcrumb\",\"itemListElement\":[{\"@type\":\"ListItem\",\"position\":1,\"name\":\"Til hoyre.no\",\"item\":\"https:\/\/hoyre.no\"},{\"@type\":\"ListItem\",\"position\":2,\"name\":\"Hjem\",\"item\":\"https:\/\/hoyre.no\/agder\/\"},{\"@type\":\"ListItem\",\"position\":3,\"name\":\"Agder H\u00f8yres nominasjonsprosess for Fylkestingsvalget 2023\"}]},{\"@type\":\"WebSite\",\"@id\":\"https:\/\/hoyre.no\/agder\/#website\",\"url\":\"https:\/\/hoyre.no\/agder\/\",\"name\":\"Agder H\u00f8yre\",\"description\":\"Bare enda et H\u00f8yres nettsteder-nettsted\",\"inLanguage\":\"nb-NO\"},{\"@type\":\"Person\",\"@id\":\"https:\/\/hoyre.no\/agder\/#\/schema\/person\/7041be1f5a2efbe77b438958e52648e4\",\"name\":\"Jannecke Beyer Guttormsen\",\"image\":{\"@type\":\"ImageObject\",\"inLanguage\":\"nb-NO\",\"@id\":\"https:\/\/hoyre.no\/agder\/#\/schema\/person\/image\/\",\"url\":\"https:\/\/secure.gravatar.com\/avatar\/54628c803845895e8fbfc2b1806f9a676c7ecfbc14d65a294e01ff625204c3a3?s=96&d=mm&r=g\",\"contentUrl\":\"https:\/\/secure.gravatar.com\/avatar\/54628c803845895e8fbfc2b1806f9a676c7ecfbc14d65a294e01ff625204c3a3?s=96&d=mm&r=g\",\"caption\":\"Jannecke Beyer Guttormsen\"},\"url\":\"https:\/\/hoyre.no\/agder\/aktuelt\/author\/m50473883\/\"}]}<\/script>\n<!-- \/ Yoast SEO Premium plugin. -->","yoast_head_json":{"title":"Agder H\u00f8yres nominasjonsprosess for Fylkestingsvalget 2023 - Agder H\u00f8yre","robots":{"index":"index","follow":"follow","max-snippet":"max-snippet:-1","max-image-preview":"max-image-preview:large","max-video-preview":"max-video-preview:-1"},"canonical":"https:\/\/hoyre.no\/agder\/aktuelt\/agder-hoyres-nominasjonsprosess-for-fylkestingsvalget-2023\/","og_locale":"nb_NO","og_type":"article","og_title":"Agder H\u00f8yres nominasjonsprosess for Fylkestingsvalget 2023","og_url":"https:\/\/hoyre.no\/agder\/aktuelt\/agder-hoyres-nominasjonsprosess-for-fylkestingsvalget-2023\/","og_site_name":"Agder H\u00f8yre","article_published_time":"2022-02-11T09:00:04+00:00","article_modified_time":"2022-11-04T06:55:41+00:00","og_image":[{"url":"https:\/\/hoyre.no\/content\/uploads\/sites\/6\/2026\/03\/Haagen-Poppe-Foto-Hans-Kristian-Thorbjornsen-1024x683.jpg","width":"","height":"","type":""}],"author":"Jannecke Beyer Guttormsen","twitter_card":"summary_large_image","twitter_misc":{"Skrevet av":"Jannecke Beyer Guttormsen"},"schema":{"@context":"https:\/\/schema.org","@graph":[{"@type":"NewsArticle","@id":"https:\/\/hoyre.no\/agder\/aktuelt\/agder-hoyres-nominasjonsprosess-for-fylkestingsvalget-2023\/","url":"https:\/\/hoyre.no\/agder\/aktuelt\/agder-hoyres-nominasjonsprosess-for-fylkestingsvalget-2023\/","name":"Agder H\u00f8yres nominasjonsprosess for Fylkestingsvalget 2023 - Agder H\u00f8yre","isPartOf":{"@id":"https:\/\/hoyre.no\/agder\/#website"},"datePublished":"2022-02-11T09:00:04+00:00","dateModified":"2022-11-04T06:55:41+00:00","author":{"@id":"https:\/\/hoyre.no\/agder\/#\/schema\/person\/7041be1f5a2efbe77b438958e52648e4"},"breadcrumb":{"@id":"https:\/\/hoyre.no\/agder\/aktuelt\/agder-hoyres-nominasjonsprosess-for-fylkestingsvalget-2023\/#breadcrumb"},"inLanguage":"nb-NO","potentialAction":[{"@type":"ReadAction","target":["https:\/\/hoyre.no\/agder\/aktuelt\/agder-hoyres-nominasjonsprosess-for-fylkestingsvalget-2023\/"]}]},{"@type":"BreadcrumbList","@id":"https:\/\/hoyre.no\/agder\/aktuelt\/agder-hoyres-nominasjonsprosess-for-fylkestingsvalget-2023\/#breadcrumb","itemListElement":[{"@type":"ListItem","position":1,"name":"Til hoyre.no","item":"https:\/\/hoyre.no"},{"@type":"ListItem","position":2,"name":"Hjem","item":"https:\/\/hoyre.no\/agder\/"},{"@type":"ListItem","position":3,"name":"Agder H\u00f8yres nominasjonsprosess for Fylkestingsvalget 2023"}]},{"@type":"WebSite","@id":"https:\/\/hoyre.no\/agder\/#website","url":"https:\/\/hoyre.no\/agder\/","name":"Agder H\u00f8yre","description":"Bare enda et H\u00f8yres nettsteder-nettsted","inLanguage":"nb-NO"},{"@type":"Person","@id":"https:\/\/hoyre.no\/agder\/#\/schema\/person\/7041be1f5a2efbe77b438958e52648e4","name":"Jannecke Beyer Guttormsen","image":{"@type":"ImageObject","inLanguage":"nb-NO","@id":"https:\/\/hoyre.no\/agder\/#\/schema\/person\/image\/","url":"https:\/\/secure.gravatar.com\/avatar\/54628c803845895e8fbfc2b1806f9a676c7ecfbc14d65a294e01ff625204c3a3?s=96&d=mm&r=g","contentUrl":"https:\/\/secure.gravatar.com\/avatar\/54628c803845895e8fbfc2b1806f9a676c7ecfbc14d65a294e01ff625204c3a3?s=96&d=mm&r=g","caption":"Jannecke Beyer Guttormsen"},"url":"https:\/\/hoyre.no\/agder\/aktuelt\/author\/m50473883\/"}]}},"distributor_meta":false,"distributor_terms":false,"distributor_media":false,"distributor_original_site_name":"Agder H\u00f8yre","distributor_original_site_url":"https:\/\/hoyre.no\/agder","push-errors":false,"_links":{"self":[{"href":"https:\/\/hoyre.no\/agder\/wp-json\/wp\/v2\/posts\/1250","targetHints":{"allow":["GET"]}}],"collection":[{"href":"https:\/\/hoyre.no\/agder\/wp-json\/wp\/v2\/posts"}],"about":[{"href":"https:\/\/hoyre.no\/agder\/wp-json\/wp\/v2\/types\/post"}],"author":[{"embeddable":true,"href":"https:\/\/hoyre.no\/agder\/wp-json\/wp\/v2\/users\/404"}],"replies":[{"embeddable":true,"href":"https:\/\/hoyre.no\/agder\/wp-json\/wp\/v2\/comments?post=1250"}],"version-history":[{"count":23,"href":"https:\/\/hoyre.no\/agder\/wp-json\/wp\/v2\/posts\/1250\/revisions"}],"predecessor-version":[{"id":1566,"href":"https:\/\/hoyre.no\/agder\/wp-json\/wp\/v2\/posts\/1250\/revisions\/1566"}],"wp:attachment":[{"href":"https:\/\/hoyre.no\/agder\/wp-json\/wp\/v2\/media?parent=1250"}],"wp:term":[{"taxonomy":"category","embeddable":true,"href":"https:\/\/hoyre.no\/agder\/wp-json\/wp\/v2\/category?post=1250"},{"taxonomy":"post_tag","embeddable":true,"href":"https:\/\/hoyre.no\/agder\/wp-json\/wp\/v2\/post_tag?post=1250"},{"taxonomy":"hoyre-visibility","embeddable":true,"href":"https:\/\/hoyre.no\/agder\/wp-json\/wp\/v2\/hoyre-visibility?post=1250"},{"taxonomy":"article-type","embeddable":true,"href":"https:\/\/hoyre.no\/agder\/wp-json\/wp\/v2\/article-type?post=1250"},{"taxonomy":"politician","embeddable":true,"href":"https:\/\/hoyre.no\/agder\/wp-json\/wp\/v2\/politician?post=1250"}],"curies":[{"name":"wp","href":"https:\/\/api.w.org\/{rel}","templated":true}]}}