{"id":1372,"date":"2022-04-03T09:56:18","date_gmt":"2022-04-03T07:56:18","guid":{"rendered":"https:\/\/hoyre.no\/agder\/?p=1372"},"modified":"2022-04-03T09:56:39","modified_gmt":"2022-04-03T07:56:39","slug":"landsmotetale-et-nytt-europa-fortjener-en-ny-eu-debatt","status":"publish","type":"post","link":"https:\/\/hoyre.no\/agder\/aktuelt\/landsmotetale-et-nytt-europa-fortjener-en-ny-eu-debatt\/","title":{"rendered":"Landsm\u00f8tetale: Et nytt Europa, fortjener en ny EU debatt"},"content":{"rendered":"\n<p class=\"preamble\">Siri Heimdal Knudsen taler til H\u00f8yres landsm\u00f8te: &laquo;Et nytt Europa fortjener en ny EU debatt. Og et nytt Europa fortjener Norge p\u00e5 innsiden, ikke p\u00e5 utsiden.&raquo;<\/p>\t\t\t<div class=\"post-meta wp-block teft-byline-wrapper\">\n\t\t\t\t<div class=\"top\">\n\t\t\t\t\t<div class=\"signature\">\n\t\t\t\t\t\t<div class=\"teft-byline\">\n\t\t\t\t\t\t\t\t\t\t\t\t\t\t<div>\n\t\t\t\t\t\t\t\t<h3>H\u00f8yres redaksjon<\/h3>\t\t\t\t\t\t\t\t\n\t\t\t\t\t\t\t\t\t\t\t\t\t\t\t\t\t<span class=\"date\">Sist oppdatert: 3. april 2022<\/span>\n\t\t\t\t\t\t\t\t\t\t\t\t\t\t\t\t\t\t\t\t\t\t\t\t\t<span class=\"reading-time\" itemprop=\"timeRequired\" content=\"PT2M\"><em>Ca. 2 minutter lesetid<\/em><\/span>\n\t\t\t\t\t\t\t\t\t\t\t\t\t\t\t<\/div>\n\t\t\t\t\t\t<\/div>\n\t\t\t\t\t<\/div>\n\t\t\t\t\t\t<div class=\"sharing\">\n\t\t<a class=\"share-button share-link copy-link\" data-copy=\"https:\/\/hoyre.no\/agder\/aktuelt\/landsmotetale-et-nytt-europa-fortjener-en-ny-eu-debatt\/\" target=\"_blank\"><span class=\"screen-reader-text\">Del link<\/span><\/a>\n\t\t<a class=\"share-button share-twitter\" href=\"http:\/\/twitter.com\/share?text=Landsm\u00f8tetale: Et nytt Europa, fortjener en ny EU debatt&#038;url=https:\/\/hoyre.no\/agder\/aktuelt\/landsmotetale-et-nytt-europa-fortjener-en-ny-eu-debatt\/&#038;hashtags=Hoyre\" target=\"_blank\"><span class=\"screen-reader-text\">Del p\u00e5 twitter<\/span><\/a>\n\t\t<a class=\"share-button share-facebook\" href=\"https:\/\/www.facebook.com\/sharer\/sharer.php?u=https:\/\/hoyre.no\/agder\/aktuelt\/landsmotetale-et-nytt-europa-fortjener-en-ny-eu-debatt\/\" target=\"_blank\"><span class=\"screen-reader-text\">Del p\u00e5 facebook<\/span><\/a>\n\t<\/div>\n\t\t\t\t\t<\/div>\n\t\t\t<\/div>\n\n\t\t\t<figure class=\"hoyre-image-wrapper\"><div class=\"hoyre-image\"><img loading=\"lazy\" decoding=\"async\" width=\"2500\" height=\"1875\" src=\"https:\/\/hoyre.no\/content\/uploads\/sites\/6\/2022\/04\/Siri-knudsen--scaled.jpg\" class=\"attachment-scaled size-scaled\" alt=\"\" style=\"object-position: 50% 50%\" srcset=\"https:\/\/hoyre.no\/content\/uploads\/sites\/6\/2022\/04\/Siri-knudsen--scaled.jpg 2500w, https:\/\/hoyre.no\/content\/uploads\/sites\/6\/2022\/04\/Siri-knudsen--300x225.jpg 300w, https:\/\/hoyre.no\/content\/uploads\/sites\/6\/2022\/04\/Siri-knudsen--1024x768.jpg 1024w, https:\/\/hoyre.no\/content\/uploads\/sites\/6\/2022\/04\/Siri-knudsen--768x576.jpg 768w, https:\/\/hoyre.no\/content\/uploads\/sites\/6\/2022\/04\/Siri-knudsen--1536x1152.jpg 1536w, https:\/\/hoyre.no\/content\/uploads\/sites\/6\/2022\/04\/Siri-knudsen--2048x1536.jpg 2048w\" sizes=\"auto, (max-width: 2500px) 100vw, 2500px\" \/><\/div><figcaption class=\"caption\">Siri Heimdal Knudsen \u00f8nsker en ny EU-debatt. (Foto: J\u00f8rgen Heims\u00e6ter\/Agder H\u00f8yre)<\/figcaption><\/figure>\n\n\n\n\n<p>Kj\u00e6re dirigenter og gode gode landsm\u00f8te,<br><br>Se for dere at det er 2025, Erna er i Brussel og heiser det norske flagget som Norges statsminister side om side med resten av de andre europeiske landene, og Norge er endelig blitt en del av det europeiske fellesskapet.<br><br>Det er en festdag fordi Norge skal f\u00e5 v\u00e6re med \u00e5 kjempe for liberale demokratier, en festdag fordi Norge skal skal f\u00e5 en stemme rundt bordet sammen med v\u00e5re europeiske venner.<br><br>Det er alts\u00e5 en festdag fordi Norge har f\u00e5tt et fullt medlemskap i EU.<br>Det nye Europa vi er vitne til i dag fortjener en ny EU debatt. Vi kan ikke diskutere EU p\u00e5 samme premisser som for 5 uker siden. For meg s\u00e5 er krig noe jeg leser om p\u00e5 skolen i historieb\u00f8kene, og ofte er det p\u00e5 grunn av EU. <\/p>\n\n\n\n<p>Men n\u00e5 regner det skudd over uskyldige mennesker som oss. Liberale demokratier blir truet av stormakter som ikke deler samme verdier som<br>Europa. Vi st\u00e5r overfor et vendepunkt i europeisk politikk og vi kan ikke v\u00e6re p\u00e5 feil side denne gangen ogs\u00e5. Vi kan v\u00e6re p\u00e5 den siden som kjemper for frihandel, demokrati, samarbeid, fri bevegelse og internasjonal solidaritet.<br><br>Eller vi kan st\u00e5 p\u00e5 gangen som Jonas Gahr St\u00f8re gjorde n\u00e5r EUs statsledere<br>diskuterte sanksjoner mot Russland &#8211; for \u00e5 s\u00e5 innf\u00f8re de n\u00f8yaktig samme<br>sanksjonene. Jeg h\u00e5per dere ogs\u00e5 vil st\u00e5 p\u00e5 den siden av historien der Norge er en del av EU.<br><br>Kj\u00e6re landsm\u00f8te, denne festdagen i 2025 tror jeg kan komme. Men da er vi n\u00f8dt til \u00e5 ta et standpunkt i dag. Jeg h\u00e5per dere stemmer for v\u00e5rt endringsforslag 57 fra Agder H\u00f8yre fordi et nytt Europa fortjener en ny EU debatt. Og et nytt Europa fortjener Norge p\u00e5 innsiden, ikke p\u00e5 utsiden.<\/p>\n\n\n<div class=\"tags\">\n\t<\/div>\n<div class=\"post-footer alignfull has-background block-editor-block-list__block\" data-align=full>\n\t<div class=\"post-footer-inner\">\n\t\t<h3>Relaterte artikler<\/h3>\n\t\t<div class=\"related-content\"><div class=\"is-card-hoyre\">\n\t<div class=\"teft-card hoyre-teft-card post-teft-card\">\n\t\t<a href=\"https:\/\/hoyre.no\/agder\/aktuelt\/agder-hoyre-onsker-dine-innspill-fylkestings-programmet\/\" class=\"teft-card__primary-action\">\n\n\t\t\t\t\t<div class=\"teft-card__media teft-card__media--16-9\">\n\t\t\t\t\t\t<img loading=\"lazy\" decoding=\"async\" width=\"768\" height=\"819\" src=\"https:\/\/hoyre.no\/content\/uploads\/sites\/6\/2025\/06\/DSC04923-edited-768x819.jpg\" class=\"attachment-medium_large size-medium_large\" alt=\"\" srcset=\"https:\/\/hoyre.no\/content\/uploads\/sites\/6\/2025\/06\/DSC04923-edited-768x819.jpg 768w, https:\/\/hoyre.no\/content\/uploads\/sites\/6\/2025\/06\/DSC04923-edited-281x300.jpg 281w, https:\/\/hoyre.no\/content\/uploads\/sites\/6\/2025\/06\/DSC04923-edited-960x1024.jpg 960w, https:\/\/hoyre.no\/content\/uploads\/sites\/6\/2025\/06\/DSC04923-edited-1440x1536.jpg 1440w, https:\/\/hoyre.no\/content\/uploads\/sites\/6\/2025\/06\/DSC04923-edited-1920x2048.jpg 1920w\" sizes=\"auto, (max-width: 768px) 100vw, 768px\" \/>\t\t<\/div>\n\t\t\n\t\t\t<div class=\"teft-card__content-wrapper\">\n\t\t\t\t<div class=\"teft-card__secondary\">\n\t\t\t\t\t\n\t\t\t\t\t\t\t\t<div class=\"teft-card__meta\">\n\t\t\t\t\t\t\t\t\t<span class=\"post-date\">21. apr 2026<\/span>\n\n\t\t\t\t\t\t\t\t\t<span class=\"post-category\">Nyheter<\/span>\t\t\t\t\t\t\t\t<\/div>\n\t\t\t\t\t\t\t\t\t\t\t<\/div>\n\n\t\t\t\t<div class=\"teft-card__primary\">\n\t\t\t\t\t<h2 class=\"teft-card__title\">Agder H\u00f8yres programprosess for Fylkestingsvalget 2027&nbsp;<span class=\"teft-card__primary-title-append\"><\/span><\/h2>\t\t\t\t<\/div>\n\t\t\t<\/div>\n\t\t<\/a>\n\t<\/div>\n\n\t<\/div><div class=\"is-card-hoyre\">\n\t<div class=\"teft-card hoyre-teft-card post-teft-card\">\n\t\t<a href=\"https:\/\/hoyre.no\/agder\/aktuelt\/agder-hoyres-nye-regionradgiver\/\" class=\"teft-card__primary-action\">\n\n\t\t\t\t\t<div class=\"teft-card__media teft-card__media--16-9\">\n\t\t\t\t\t\t<img loading=\"lazy\" decoding=\"async\" width=\"768\" height=\"768\" src=\"https:\/\/hoyre.no\/content\/uploads\/sites\/6\/2026\/03\/Aleksander-L-768x768.png\" class=\"attachment-medium_large size-medium_large\" alt=\"\" srcset=\"https:\/\/hoyre.no\/content\/uploads\/sites\/6\/2026\/03\/Aleksander-L-768x768.png 768w, https:\/\/hoyre.no\/content\/uploads\/sites\/6\/2026\/03\/Aleksander-L-e1775591785378-300x300.png 300w, https:\/\/hoyre.no\/content\/uploads\/sites\/6\/2026\/03\/Aleksander-L-e1775591785378-150x150.png 150w, https:\/\/hoyre.no\/content\/uploads\/sites\/6\/2026\/03\/Aleksander-L-e1775591785378.png 722w\" sizes=\"auto, (max-width: 768px) 100vw, 768px\" \/>\t\t<\/div>\n\t\t\n\t\t\t<div class=\"teft-card__content-wrapper\">\n\t\t\t\t<div class=\"teft-card__secondary\">\n\t\t\t\t\t\n\t\t\t\t\t\t\t\t<div class=\"teft-card__meta\">\n\t\t\t\t\t\t\t\t\t<span class=\"post-date\">23. mar 2026<\/span>\n\n\t\t\t\t\t\t\t\t\t\t\t\t\t\t\t\t\t<\/div>\n\t\t\t\t\t\t\t\t\t\t\t<\/div>\n\n\t\t\t\t<div class=\"teft-card__primary\">\n\t\t\t\t\t<h2 class=\"teft-card__title\">Agder H\u00f8yres nye regionr\u00e5dgiver&nbsp;<span class=\"teft-card__primary-title-append\"><\/span><\/h2>\t\t\t\t<\/div>\n\t\t\t<\/div>\n\t\t<\/a>\n\t<\/div>\n\n\t<\/div><div class=\"is-card-hoyre\">\n\t<div class=\"teft-card hoyre-teft-card post-teft-card\">\n\t\t<a href=\"https:\/\/hoyre.no\/agder\/aktuelt\/agder-hoyres-nominasjonsprosess-for-fylkestingsvalget-2027\/\" class=\"teft-card__primary-action\">\n\n\t\t\t\t\t<div class=\"teft-card__media teft-card__media--16-9\">\n\t\t\t\t\t\t<img loading=\"lazy\" decoding=\"async\" width=\"768\" height=\"512\" src=\"https:\/\/hoyre.no\/content\/uploads\/sites\/6\/2026\/03\/Haagen-Poppe-Foto-Hans-Kristian-Thorbjornsen-768x512.jpg\" class=\"attachment-medium_large size-medium_large\" alt=\"\" srcset=\"https:\/\/hoyre.no\/content\/uploads\/sites\/6\/2026\/03\/Haagen-Poppe-Foto-Hans-Kristian-Thorbjornsen-768x512.jpg 768w, https:\/\/hoyre.no\/content\/uploads\/sites\/6\/2026\/03\/Haagen-Poppe-Foto-Hans-Kristian-Thorbjornsen-300x200.jpg 300w, https:\/\/hoyre.no\/content\/uploads\/sites\/6\/2026\/03\/Haagen-Poppe-Foto-Hans-Kristian-Thorbjornsen-1024x683.jpg 1024w, https:\/\/hoyre.no\/content\/uploads\/sites\/6\/2026\/03\/Haagen-Poppe-Foto-Hans-Kristian-Thorbjornsen-1536x1025.jpg 1536w, https:\/\/hoyre.no\/content\/uploads\/sites\/6\/2026\/03\/Haagen-Poppe-Foto-Hans-Kristian-Thorbjornsen-2048x1366.jpg 2048w\" sizes=\"auto, (max-width: 768px) 100vw, 768px\" \/>\t\t<\/div>\n\t\t\n\t\t\t<div class=\"teft-card__content-wrapper\">\n\t\t\t\t<div class=\"teft-card__secondary\">\n\t\t\t\t\t\n\t\t\t\t\t\t\t\t<div class=\"teft-card__meta\">\n\t\t\t\t\t\t\t\t\t<span class=\"post-date\">5. mar 2026<\/span>\n\n\t\t\t\t\t\t\t\t\t\t\t\t\t\t\t\t\t<\/div>\n\t\t\t\t\t\t\t\t\t\t\t<\/div>\n\n\t\t\t\t<div class=\"teft-card__primary\">\n\t\t\t\t\t<h2 class=\"teft-card__title\">Agder H\u00f8yres nominasjonsprosess for  Fylkestingsvalget 2027&nbsp;<span class=\"teft-card__primary-title-append\"><\/span><\/h2>\t\t\t\t<\/div>\n\t\t\t<\/div>\n\t\t<\/a>\n\t<\/div>\n\n\t<\/div><\/div>\t<\/div>\n<\/div>\n","protected":false},"excerpt":{"rendered":"","protected":false},"author":11571,"featured_media":0,"comment_status":"closed","ping_status":"closed","sticky":false,"template":"","format":"standard","meta":{"teft_cards_image_url":"","teft_cards_custom_pretitle":"","teft_cards_image_id":1374,"teft_cards_image_focal_point_x":0.5,"teft_cards_image_focal_point_y":0.5,"teft_cards_title":"","teft_cards_excerpt":"","teft_show_chapters":false,"author_display_name":"","footnotes":""},"category":[1],"post_tag":[],"hoyre-visibility":[],"article-type":[],"politician":[],"class_list":["post-1372","post","type-post","status-publish","format-standard","hentry","category-ukategorisert"],"yoast_head":"<!-- This site is optimized with the Yoast SEO Premium plugin v26.5 (Yoast SEO v26.6) - https:\/\/yoast.com\/wordpress\/plugins\/seo\/ -->\n<title>Landsm\u00f8tetale: Et nytt Europa, fortjener en ny EU debatt - Agder H\u00f8yre<\/title>\n<meta name=\"robots\" content=\"index, follow, max-snippet:-1, max-image-preview:large, max-video-preview:-1\" \/>\n<link rel=\"canonical\" href=\"https:\/\/hoyre.no\/agder\/aktuelt\/landsmotetale-et-nytt-europa-fortjener-en-ny-eu-debatt\/\" \/>\n<meta property=\"og:locale\" content=\"nb_NO\" \/>\n<meta property=\"og:type\" content=\"article\" \/>\n<meta property=\"og:title\" content=\"Landsm\u00f8tetale: Et nytt Europa, fortjener en ny EU debatt\" \/>\n<meta property=\"og:url\" content=\"https:\/\/hoyre.no\/agder\/aktuelt\/landsmotetale-et-nytt-europa-fortjener-en-ny-eu-debatt\/\" \/>\n<meta property=\"og:site_name\" content=\"Agder H\u00f8yre\" \/>\n<meta property=\"article:published_time\" content=\"2022-04-03T07:56:18+00:00\" \/>\n<meta property=\"article:modified_time\" content=\"2022-04-03T07:56:39+00:00\" \/>\n<meta property=\"og:image\" content=\"https:\/\/hoyre.no\/content\/uploads\/sites\/6\/2026\/03\/Haagen-Poppe-Foto-Hans-Kristian-Thorbjornsen-1024x683.jpg\" \/>\n<meta name=\"author\" content=\"J\u00f8rgen Heims\u00e6ter\" \/>\n<meta name=\"twitter:card\" content=\"summary_large_image\" \/>\n<meta name=\"twitter:label1\" content=\"Skrevet av\" \/>\n\t<meta name=\"twitter:data1\" content=\"J\u00f8rgen Heims\u00e6ter\" \/>\n\t<meta name=\"twitter:label2\" content=\"Ansl. lesetid\" \/>\n\t<meta name=\"twitter:data2\" content=\"2 minutter\" \/>\n<script type=\"application\/ld+json\" class=\"yoast-schema-graph\">{\"@context\":\"https:\/\/schema.org\",\"@graph\":[{\"@type\":\"NewsArticle\",\"@id\":\"https:\/\/hoyre.no\/agder\/aktuelt\/landsmotetale-et-nytt-europa-fortjener-en-ny-eu-debatt\/\",\"url\":\"https:\/\/hoyre.no\/agder\/aktuelt\/landsmotetale-et-nytt-europa-fortjener-en-ny-eu-debatt\/\",\"name\":\"Landsm\u00f8tetale: Et nytt Europa, fortjener en ny EU debatt - Agder H\u00f8yre\",\"isPartOf\":{\"@id\":\"https:\/\/hoyre.no\/agder\/#website\"},\"datePublished\":\"2022-04-03T07:56:18+00:00\",\"dateModified\":\"2022-04-03T07:56:39+00:00\",\"author\":{\"@id\":\"https:\/\/hoyre.no\/agder\/#\/schema\/person\/7b19c371bd5c2f58b61ef653b81cde23\"},\"breadcrumb\":{\"@id\":\"https:\/\/hoyre.no\/agder\/aktuelt\/landsmotetale-et-nytt-europa-fortjener-en-ny-eu-debatt\/#breadcrumb\"},\"inLanguage\":\"nb-NO\",\"potentialAction\":[{\"@type\":\"ReadAction\",\"target\":[\"https:\/\/hoyre.no\/agder\/aktuelt\/landsmotetale-et-nytt-europa-fortjener-en-ny-eu-debatt\/\"]}]},{\"@type\":\"BreadcrumbList\",\"@id\":\"https:\/\/hoyre.no\/agder\/aktuelt\/landsmotetale-et-nytt-europa-fortjener-en-ny-eu-debatt\/#breadcrumb\",\"itemListElement\":[{\"@type\":\"ListItem\",\"position\":1,\"name\":\"Til hoyre.no\",\"item\":\"https:\/\/hoyre.no\"},{\"@type\":\"ListItem\",\"position\":2,\"name\":\"Hjem\",\"item\":\"https:\/\/hoyre.no\/agder\/\"},{\"@type\":\"ListItem\",\"position\":3,\"name\":\"Landsm\u00f8tetale: Et nytt Europa, fortjener en ny EU debatt\"}]},{\"@type\":\"WebSite\",\"@id\":\"https:\/\/hoyre.no\/agder\/#website\",\"url\":\"https:\/\/hoyre.no\/agder\/\",\"name\":\"Agder H\u00f8yre\",\"description\":\"Bare enda et H\u00f8yres nettsteder-nettsted\",\"inLanguage\":\"nb-NO\"},{\"@type\":\"Person\",\"@id\":\"https:\/\/hoyre.no\/agder\/#\/schema\/person\/7b19c371bd5c2f58b61ef653b81cde23\",\"name\":\"J\u00f8rgen Heims\u00e6ter\",\"image\":{\"@type\":\"ImageObject\",\"inLanguage\":\"nb-NO\",\"@id\":\"https:\/\/hoyre.no\/agder\/#\/schema\/person\/image\/\",\"url\":\"https:\/\/secure.gravatar.com\/avatar\/59c59d5ccb701941b2a4716c9ff1fd44476e11ae10098403afafc478d5f921ad?s=96&d=mm&r=g\",\"contentUrl\":\"https:\/\/secure.gravatar.com\/avatar\/59c59d5ccb701941b2a4716c9ff1fd44476e11ae10098403afafc478d5f921ad?s=96&d=mm&r=g\",\"caption\":\"J\u00f8rgen Heims\u00e6ter\"},\"url\":\"https:\/\/hoyre.no\/agder\/aktuelt\/author\/m51918688\/\"}]}<\/script>\n<!-- \/ Yoast SEO Premium plugin. -->","yoast_head_json":{"title":"Landsm\u00f8tetale: Et nytt Europa, fortjener en ny EU debatt - Agder H\u00f8yre","robots":{"index":"index","follow":"follow","max-snippet":"max-snippet:-1","max-image-preview":"max-image-preview:large","max-video-preview":"max-video-preview:-1"},"canonical":"https:\/\/hoyre.no\/agder\/aktuelt\/landsmotetale-et-nytt-europa-fortjener-en-ny-eu-debatt\/","og_locale":"nb_NO","og_type":"article","og_title":"Landsm\u00f8tetale: Et nytt Europa, fortjener en ny EU debatt","og_url":"https:\/\/hoyre.no\/agder\/aktuelt\/landsmotetale-et-nytt-europa-fortjener-en-ny-eu-debatt\/","og_site_name":"Agder H\u00f8yre","article_published_time":"2022-04-03T07:56:18+00:00","article_modified_time":"2022-04-03T07:56:39+00:00","og_image":[{"url":"https:\/\/hoyre.no\/content\/uploads\/sites\/6\/2026\/03\/Haagen-Poppe-Foto-Hans-Kristian-Thorbjornsen-1024x683.jpg","width":"","height":"","type":""}],"author":"J\u00f8rgen Heims\u00e6ter","twitter_card":"summary_large_image","twitter_misc":{"Skrevet av":"J\u00f8rgen Heims\u00e6ter","Ansl. lesetid":"2 minutter"},"schema":{"@context":"https:\/\/schema.org","@graph":[{"@type":"NewsArticle","@id":"https:\/\/hoyre.no\/agder\/aktuelt\/landsmotetale-et-nytt-europa-fortjener-en-ny-eu-debatt\/","url":"https:\/\/hoyre.no\/agder\/aktuelt\/landsmotetale-et-nytt-europa-fortjener-en-ny-eu-debatt\/","name":"Landsm\u00f8tetale: Et nytt Europa, fortjener en ny EU debatt - Agder H\u00f8yre","isPartOf":{"@id":"https:\/\/hoyre.no\/agder\/#website"},"datePublished":"2022-04-03T07:56:18+00:00","dateModified":"2022-04-03T07:56:39+00:00","author":{"@id":"https:\/\/hoyre.no\/agder\/#\/schema\/person\/7b19c371bd5c2f58b61ef653b81cde23"},"breadcrumb":{"@id":"https:\/\/hoyre.no\/agder\/aktuelt\/landsmotetale-et-nytt-europa-fortjener-en-ny-eu-debatt\/#breadcrumb"},"inLanguage":"nb-NO","potentialAction":[{"@type":"ReadAction","target":["https:\/\/hoyre.no\/agder\/aktuelt\/landsmotetale-et-nytt-europa-fortjener-en-ny-eu-debatt\/"]}]},{"@type":"BreadcrumbList","@id":"https:\/\/hoyre.no\/agder\/aktuelt\/landsmotetale-et-nytt-europa-fortjener-en-ny-eu-debatt\/#breadcrumb","itemListElement":[{"@type":"ListItem","position":1,"name":"Til hoyre.no","item":"https:\/\/hoyre.no"},{"@type":"ListItem","position":2,"name":"Hjem","item":"https:\/\/hoyre.no\/agder\/"},{"@type":"ListItem","position":3,"name":"Landsm\u00f8tetale: Et nytt Europa, fortjener en ny EU debatt"}]},{"@type":"WebSite","@id":"https:\/\/hoyre.no\/agder\/#website","url":"https:\/\/hoyre.no\/agder\/","name":"Agder H\u00f8yre","description":"Bare enda et H\u00f8yres nettsteder-nettsted","inLanguage":"nb-NO"},{"@type":"Person","@id":"https:\/\/hoyre.no\/agder\/#\/schema\/person\/7b19c371bd5c2f58b61ef653b81cde23","name":"J\u00f8rgen Heims\u00e6ter","image":{"@type":"ImageObject","inLanguage":"nb-NO","@id":"https:\/\/hoyre.no\/agder\/#\/schema\/person\/image\/","url":"https:\/\/secure.gravatar.com\/avatar\/59c59d5ccb701941b2a4716c9ff1fd44476e11ae10098403afafc478d5f921ad?s=96&d=mm&r=g","contentUrl":"https:\/\/secure.gravatar.com\/avatar\/59c59d5ccb701941b2a4716c9ff1fd44476e11ae10098403afafc478d5f921ad?s=96&d=mm&r=g","caption":"J\u00f8rgen Heims\u00e6ter"},"url":"https:\/\/hoyre.no\/agder\/aktuelt\/author\/m51918688\/"}]}},"distributor_meta":false,"distributor_terms":false,"distributor_media":false,"distributor_original_site_name":"Agder H\u00f8yre","distributor_original_site_url":"https:\/\/hoyre.no\/agder","push-errors":false,"_links":{"self":[{"href":"https:\/\/hoyre.no\/agder\/wp-json\/wp\/v2\/posts\/1372","targetHints":{"allow":["GET"]}}],"collection":[{"href":"https:\/\/hoyre.no\/agder\/wp-json\/wp\/v2\/posts"}],"about":[{"href":"https:\/\/hoyre.no\/agder\/wp-json\/wp\/v2\/types\/post"}],"author":[{"embeddable":true,"href":"https:\/\/hoyre.no\/agder\/wp-json\/wp\/v2\/users\/11571"}],"replies":[{"embeddable":true,"href":"https:\/\/hoyre.no\/agder\/wp-json\/wp\/v2\/comments?post=1372"}],"version-history":[{"count":2,"href":"https:\/\/hoyre.no\/agder\/wp-json\/wp\/v2\/posts\/1372\/revisions"}],"predecessor-version":[{"id":1376,"href":"https:\/\/hoyre.no\/agder\/wp-json\/wp\/v2\/posts\/1372\/revisions\/1376"}],"wp:attachment":[{"href":"https:\/\/hoyre.no\/agder\/wp-json\/wp\/v2\/media?parent=1372"}],"wp:term":[{"taxonomy":"category","embeddable":true,"href":"https:\/\/hoyre.no\/agder\/wp-json\/wp\/v2\/category?post=1372"},{"taxonomy":"post_tag","embeddable":true,"href":"https:\/\/hoyre.no\/agder\/wp-json\/wp\/v2\/post_tag?post=1372"},{"taxonomy":"hoyre-visibility","embeddable":true,"href":"https:\/\/hoyre.no\/agder\/wp-json\/wp\/v2\/hoyre-visibility?post=1372"},{"taxonomy":"article-type","embeddable":true,"href":"https:\/\/hoyre.no\/agder\/wp-json\/wp\/v2\/article-type?post=1372"},{"taxonomy":"politician","embeddable":true,"href":"https:\/\/hoyre.no\/agder\/wp-json\/wp\/v2\/politician?post=1372"}],"curies":[{"name":"wp","href":"https:\/\/api.w.org\/{rel}","templated":true}]}}