{"id":1509,"date":"2022-08-31T13:24:02","date_gmt":"2022-08-31T11:24:02","guid":{"rendered":"https:\/\/hoyre.no\/agder\/?p=1509"},"modified":"2022-08-31T13:24:04","modified_gmt":"2022-08-31T11:24:04","slug":"medlemsinformasjon-slik-far-du-stemmerett-i-fylkestingsnominasjonen","status":"publish","type":"post","link":"https:\/\/hoyre.no\/agder\/aktuelt\/medlemsinformasjon-slik-far-du-stemmerett-i-fylkestingsnominasjonen\/","title":{"rendered":"Medlemsinformasjon: Slik f\u00e5r du stemmerett i fylkestingsnominasjonen"},"content":{"rendered":"\n<p class=\"preamble\">I h\u00f8st er det nominasjon til fylkestingsvalget 2023. Som medlem i H\u00f8yre er du invitert til \u00e5 si din mening om hvem som skal st\u00e5 p\u00e5 valglisten i ditt fylke.<\/p>\n\n\n\n\n<h3 class=\"wp-block-heading\" id=\"h-datoplan-og-nominasjonsprosess\">Datoplan og nominasjonsprosess<\/h3>\n\n\n\n<p>Agder H\u00f8yres fylkesstyre har vedtatt en datoplan for nominasjonsprosessen. Den forklarer prosessen fra start til m\u00e5l og er nyttig \u00e5 lese gjennom for \u00e5 f\u00e5 oversikt. Du finner den ved \u00e5 trykke&nbsp;<a href=\"https:\/\/hoyre.no\/agder\/aktuelt\/agder-hoyres-nominasjonsprosess-for-fylkestingsvalget-2023\/\" target=\"_blank\" rel=\"noreferrer noopener\">her<\/a>.<\/p>\n\n\n\n<p><\/p>\n\n\n\n<h3 class=\"wp-block-heading\" id=\"h-hvordan-kan-du-si-din-mening\">Hvordan kan du si din mening?<\/h3>\n\n\n\n<p>Det er to anledninger hvor du som medlem kan v\u00e6re med og bestemme hvem som skal representere H\u00f8yre ved fylkestingsvalget i ditt fylke:<\/p>\n\n\n\n<p>1:&nbsp;<strong><em>R\u00e5dgivende urnominasjon<\/em><\/strong>&nbsp;blant alle medlemmer.<\/p>\n\n\n\n<p>2:&nbsp;<strong><em>Medlemsm\u00f8ter med r\u00e5dgivende pr\u00f8venominasjon<\/em><\/strong>&nbsp;i din kommuneforening.<\/p>\n\n\n\n<p>Her kommer en n\u00e6rmere forklaring av begge deler, samt litt informasjon om hva du m\u00e5 ha orden p\u00e5 for \u00e5 delta.<\/p>\n\n\n\n<p><\/p>\n\n\n\n<h3 class=\"wp-block-heading\">R\u00e5dgivende urnominasjon<\/h3>\n\n\n\n<p>Den 5. september vil alle medlemmer med stemmerett motta en e-post fra Agder H\u00f8yre hvor de kan stemme p\u00e5 kandidater i sitt fylke gjennom et elektronisk skjema.<\/p>\n\n\n\n<p>Medlemslistene som danner grunnlag for denne r\u00e5dgivende uravstemningen tas ut den 5. september. For \u00e5 ha stemmerett m\u00e5 du ha v\u00e6rt medlem i minst 4 uker og betalt kontingent f\u00f8r 5. september, samt ha stemmerett i fylket ved fylkestingsvalget 2023.&nbsp;I tillegg m\u00e5 du ha registrert riktig e-postadresse i H\u00f8yres medlemsregister, du kan selv endre og kontrollere dette p\u00e5&nbsp;<a href=\"https:\/\/evt.ungppd.com\/Issues\/7a2ef149-50b5-4185-8c65-449e2b5cfa6b\/Click?ContactId=098c04e3-8ad9-42ee-be85-a4c9e0e5b4e1&amp;url=https%3a%2f%2fhoyre.no%2fmitt-hoyre%2fmin-profil%2f\">din profil i Mitt H\u00f8yre<\/a>.<\/p>\n\n\n\n<p>Urnominasjonen har svarfrist 13. september.<\/p>\n\n\n\n<p><\/p>\n\n\n\n<h3 class=\"wp-block-heading\">Medlemsm\u00f8ter med r\u00e5dgivende pr\u00f8venominasjon<\/h3>\n\n\n\n<p>Din kommuneforening skal i perioden 1.-13. september arrangere medlemsm\u00f8te hvor foreningen rangerer fylkestingskandidatene. Resultatet av dette sendes til nominasjonskomiteen som foreningenes innspill. P\u00e5 dette m\u00f8tet skal foreningen ogs\u00e5 velge sine delegater til fylkesnominasjonsm\u00f8tet i november.<\/p>\n\n\n\n<p>Innkalling til dette medlemsm\u00f8tet kommer direkte fra kommuneforeningen. Det er derfor viktig at du har korrekt e-postadresse registrert i H\u00f8yres medlemsregister, dette kan du ogs\u00e5 kontrollere og endre p\u00e5&nbsp;<a href=\"https:\/\/evt.ungppd.com\/Issues\/7a2ef149-50b5-4185-8c65-449e2b5cfa6b\/Click?ContactId=098c04e3-8ad9-42ee-be85-a4c9e0e5b4e1&amp;url=https%3a%2f%2fhoyre.no%2fmitt-hoyre%2fmin-profil%2f\">din profil<\/a>.<\/p>\n\n\n\n<p>For \u00e5 ha stemmerett p\u00e5 medlemsm\u00f8tet m\u00e5 du ha v\u00e6rt medlem i H\u00f8yre i minst 4 uker og betalt kontingent f\u00f8r m\u00f8testart, samt ha stemmerett i fylket ved fylkestingsvalget 2023.<\/p>\n\n\n\n<p><\/p>\n\n\n\n<h3 class=\"wp-block-heading\">Hvem kan du stemme p\u00e5?<\/h3>\n\n\n\n<p>P\u00e5 <a href=\"https:\/\/hoyre.no\/agder\/aktuelt\/agder-hoyres-alfabetiske-liste-over-valgvillige-kandidater-til-fylkestingsvalget-2023\/\" target=\"_blank\" rel=\"noreferrer noopener\">Agder H\u00f8yres hjemmesider<\/a> finner du en alfabetisk oversikt over valgvillige kandidater til fylkestingsvalget 2023. Her finner du ogs\u00e5 en presentasjon hvor kandidatene presenterer seg selv.<\/p>\n\n\n\n<p><\/p>\n\n\n\n<div class=\"wp-block-media-text alignwide is-stacked-on-mobile\"><figure class=\"wp-block-media-text__media\"><img loading=\"lazy\" decoding=\"async\" width=\"500\" height=\"625\" src=\"https:\/\/hoyre.no\/content\/uploads\/sites\/6\/2022\/08\/betalingsalternativer-2022-ny.png\" alt=\"\" class=\"wp-image-1510 size-full\" srcset=\"https:\/\/hoyre.no\/content\/uploads\/sites\/6\/2022\/08\/betalingsalternativer-2022-ny.png 500w, https:\/\/hoyre.no\/content\/uploads\/sites\/6\/2022\/08\/betalingsalternativer-2022-ny-240x300.png 240w\" sizes=\"auto, (max-width: 500px) 100vw, 500px\" \/><\/figure><div class=\"wp-block-media-text__content\">\n<h3 class=\"wp-block-heading\">Hva er ditt ansvar?<\/h3>\n\n\n\n<p>Du er ansvarlig for \u00e5 oppgi riktig kontaktinformasjon om deg selv i H\u00f8yres medlemsregister for \u00e5 f\u00e5 tilsendt urnominasjonen og innkalling til medlemsm\u00f8tet p\u00e5 e-post.&nbsp;<a href=\"https:\/\/hoyre.no\/agder\/ansatte\/\" target=\"_blank\" rel=\"noreferrer noopener\">Agder H\u00f8yres sekretariat<\/a>&nbsp;hjelper deg gjerne med \u00e5 registrere eller oppdatere dette hvis du \u00f8nsker det. Du har ogs\u00e5 ansvaret for at medlemskontingenten din er betalt innen fristen.<\/p>\n\n\n\n<p>Hvis du ikke har betalt medlemskontingenten, ser du her hvordan du kan gj\u00f8re det.<\/p>\n<\/div><\/div>\n\n\n\n<p><\/p>\n\n\n\n<h3 class=\"wp-block-heading\">Ta gjerne kontakt<\/h3>\n\n\n\n<p>Er det noe du lurer p\u00e5 i forbindelse med nominasjonen, kontakt:<\/p>\n\n\n\n<ul class=\"wp-block-list\"><li>Nominasjonskomiteleder Amalie Gunnufsen, 995 66&nbsp;610,&nbsp;<a href=\"mailto:a-gunnuf@hotmail.com\">a-gunnuf@hotmail.com<\/a>&nbsp;&nbsp;<\/li><li>Fylkessekret\u00e6r Jannecke Beyer Guttormsen, 975 02 012,&nbsp;<a href=\"mailto:agder@hoyre.no\">agder@hoyre.no<\/a><\/li><\/ul>\n\n\n\n<p><\/p>\n\n\n<div class=\"tags\">\n\t<\/div>\n<div class=\"post-footer alignfull has-background block-editor-block-list__block\" data-align=full>\n\t<div class=\"post-footer-inner\">\n\t\t<h3>Relaterte artikler<\/h3>\n\t\t<div class=\"related-content\"><div class=\"is-card-hoyre\">\n\t<div class=\"teft-card hoyre-teft-card post-teft-card\">\n\t\t<a href=\"https:\/\/hoyre.no\/agder\/aktuelt\/agder-hoyre-onsker-dine-innspill-fylkestings-programmet\/\" class=\"teft-card__primary-action\">\n\n\t\t\t\t\t<div class=\"teft-card__media teft-card__media--16-9\">\n\t\t\t\t\t\t<img loading=\"lazy\" decoding=\"async\" width=\"768\" height=\"819\" src=\"https:\/\/hoyre.no\/content\/uploads\/sites\/6\/2025\/06\/DSC04923-edited-768x819.jpg\" class=\"attachment-medium_large size-medium_large\" alt=\"\" srcset=\"https:\/\/hoyre.no\/content\/uploads\/sites\/6\/2025\/06\/DSC04923-edited-768x819.jpg 768w, https:\/\/hoyre.no\/content\/uploads\/sites\/6\/2025\/06\/DSC04923-edited-281x300.jpg 281w, https:\/\/hoyre.no\/content\/uploads\/sites\/6\/2025\/06\/DSC04923-edited-960x1024.jpg 960w, https:\/\/hoyre.no\/content\/uploads\/sites\/6\/2025\/06\/DSC04923-edited-1440x1536.jpg 1440w, https:\/\/hoyre.no\/content\/uploads\/sites\/6\/2025\/06\/DSC04923-edited-1920x2048.jpg 1920w\" sizes=\"auto, (max-width: 768px) 100vw, 768px\" \/>\t\t<\/div>\n\t\t\n\t\t\t<div class=\"teft-card__content-wrapper\">\n\t\t\t\t<div class=\"teft-card__secondary\">\n\t\t\t\t\t\n\t\t\t\t\t\t\t\t<div class=\"teft-card__meta\">\n\t\t\t\t\t\t\t\t\t<span class=\"post-date\">21. apr 2026<\/span>\n\n\t\t\t\t\t\t\t\t\t<span class=\"post-category\">Nyheter<\/span>\t\t\t\t\t\t\t\t<\/div>\n\t\t\t\t\t\t\t\t\t\t\t<\/div>\n\n\t\t\t\t<div class=\"teft-card__primary\">\n\t\t\t\t\t<h2 class=\"teft-card__title\">Agder H\u00f8yres programprosess for Fylkestingsvalget 2027&nbsp;<span class=\"teft-card__primary-title-append\"><\/span><\/h2>\t\t\t\t<\/div>\n\t\t\t<\/div>\n\t\t<\/a>\n\t<\/div>\n\n\t<\/div><div class=\"is-card-hoyre\">\n\t<div class=\"teft-card hoyre-teft-card post-teft-card\">\n\t\t<a href=\"https:\/\/hoyre.no\/agder\/aktuelt\/agder-hoyres-nye-regionradgiver\/\" class=\"teft-card__primary-action\">\n\n\t\t\t\t\t<div class=\"teft-card__media teft-card__media--16-9\">\n\t\t\t\t\t\t<img loading=\"lazy\" decoding=\"async\" width=\"768\" height=\"768\" src=\"https:\/\/hoyre.no\/content\/uploads\/sites\/6\/2026\/03\/Aleksander-L-768x768.png\" class=\"attachment-medium_large size-medium_large\" alt=\"\" srcset=\"https:\/\/hoyre.no\/content\/uploads\/sites\/6\/2026\/03\/Aleksander-L-768x768.png 768w, https:\/\/hoyre.no\/content\/uploads\/sites\/6\/2026\/03\/Aleksander-L-e1775591785378-300x300.png 300w, https:\/\/hoyre.no\/content\/uploads\/sites\/6\/2026\/03\/Aleksander-L-e1775591785378-150x150.png 150w, https:\/\/hoyre.no\/content\/uploads\/sites\/6\/2026\/03\/Aleksander-L-e1775591785378.png 722w\" sizes=\"auto, (max-width: 768px) 100vw, 768px\" \/>\t\t<\/div>\n\t\t\n\t\t\t<div class=\"teft-card__content-wrapper\">\n\t\t\t\t<div class=\"teft-card__secondary\">\n\t\t\t\t\t\n\t\t\t\t\t\t\t\t<div class=\"teft-card__meta\">\n\t\t\t\t\t\t\t\t\t<span class=\"post-date\">23. mar 2026<\/span>\n\n\t\t\t\t\t\t\t\t\t\t\t\t\t\t\t\t\t<\/div>\n\t\t\t\t\t\t\t\t\t\t\t<\/div>\n\n\t\t\t\t<div class=\"teft-card__primary\">\n\t\t\t\t\t<h2 class=\"teft-card__title\">Agder H\u00f8yres nye regionr\u00e5dgiver&nbsp;<span class=\"teft-card__primary-title-append\"><\/span><\/h2>\t\t\t\t<\/div>\n\t\t\t<\/div>\n\t\t<\/a>\n\t<\/div>\n\n\t<\/div><div class=\"is-card-hoyre\">\n\t<div class=\"teft-card hoyre-teft-card post-teft-card\">\n\t\t<a href=\"https:\/\/hoyre.no\/agder\/aktuelt\/agder-hoyres-nominasjonsprosess-for-fylkestingsvalget-2027\/\" class=\"teft-card__primary-action\">\n\n\t\t\t\t\t<div class=\"teft-card__media teft-card__media--16-9\">\n\t\t\t\t\t\t<img loading=\"lazy\" decoding=\"async\" width=\"768\" height=\"512\" src=\"https:\/\/hoyre.no\/content\/uploads\/sites\/6\/2026\/03\/Haagen-Poppe-Foto-Hans-Kristian-Thorbjornsen-768x512.jpg\" class=\"attachment-medium_large size-medium_large\" alt=\"\" srcset=\"https:\/\/hoyre.no\/content\/uploads\/sites\/6\/2026\/03\/Haagen-Poppe-Foto-Hans-Kristian-Thorbjornsen-768x512.jpg 768w, https:\/\/hoyre.no\/content\/uploads\/sites\/6\/2026\/03\/Haagen-Poppe-Foto-Hans-Kristian-Thorbjornsen-300x200.jpg 300w, https:\/\/hoyre.no\/content\/uploads\/sites\/6\/2026\/03\/Haagen-Poppe-Foto-Hans-Kristian-Thorbjornsen-1024x683.jpg 1024w, https:\/\/hoyre.no\/content\/uploads\/sites\/6\/2026\/03\/Haagen-Poppe-Foto-Hans-Kristian-Thorbjornsen-1536x1025.jpg 1536w, https:\/\/hoyre.no\/content\/uploads\/sites\/6\/2026\/03\/Haagen-Poppe-Foto-Hans-Kristian-Thorbjornsen-2048x1366.jpg 2048w\" sizes=\"auto, (max-width: 768px) 100vw, 768px\" \/>\t\t<\/div>\n\t\t\n\t\t\t<div class=\"teft-card__content-wrapper\">\n\t\t\t\t<div class=\"teft-card__secondary\">\n\t\t\t\t\t\n\t\t\t\t\t\t\t\t<div class=\"teft-card__meta\">\n\t\t\t\t\t\t\t\t\t<span class=\"post-date\">5. mar 2026<\/span>\n\n\t\t\t\t\t\t\t\t\t\t\t\t\t\t\t\t\t<\/div>\n\t\t\t\t\t\t\t\t\t\t\t<\/div>\n\n\t\t\t\t<div class=\"teft-card__primary\">\n\t\t\t\t\t<h2 class=\"teft-card__title\">Agder H\u00f8yres nominasjonsprosess for  Fylkestingsvalget 2027&nbsp;<span class=\"teft-card__primary-title-append\"><\/span><\/h2>\t\t\t\t<\/div>\n\t\t\t<\/div>\n\t\t<\/a>\n\t<\/div>\n\n\t<\/div><\/div>\t<\/div>\n<\/div>\n","protected":false},"excerpt":{"rendered":"","protected":false},"author":347,"featured_media":0,"comment_status":"closed","ping_status":"closed","sticky":false,"template":"","format":"standard","meta":{"teft_cards_image_url":"","teft_cards_custom_pretitle":"","teft_cards_image_id":0,"teft_cards_image_focal_point_x":0,"teft_cards_image_focal_point_y":0,"teft_cards_title":"","teft_cards_excerpt":"","teft_show_chapters":false,"author_display_name":"","footnotes":""},"category":[1],"post_tag":[],"hoyre-visibility":[],"article-type":[],"politician":[],"class_list":["post-1509","post","type-post","status-publish","format-standard","hentry","category-ukategorisert"],"yoast_head":"<!-- This site is optimized with the Yoast SEO Premium plugin v26.5 (Yoast SEO v26.6) - https:\/\/yoast.com\/wordpress\/plugins\/seo\/ -->\n<title>Medlemsinformasjon: Slik f\u00e5r du stemmerett i fylkestingsnominasjonen - Agder H\u00f8yre<\/title>\n<meta name=\"robots\" content=\"index, follow, max-snippet:-1, max-image-preview:large, max-video-preview:-1\" \/>\n<link rel=\"canonical\" href=\"https:\/\/hoyre.no\/agder\/aktuelt\/medlemsinformasjon-slik-far-du-stemmerett-i-fylkestingsnominasjonen\/\" \/>\n<meta property=\"og:locale\" content=\"nb_NO\" \/>\n<meta property=\"og:type\" content=\"article\" \/>\n<meta property=\"og:title\" content=\"Medlemsinformasjon: Slik f\u00e5r du stemmerett i fylkestingsnominasjonen\" \/>\n<meta property=\"og:url\" content=\"https:\/\/hoyre.no\/agder\/aktuelt\/medlemsinformasjon-slik-far-du-stemmerett-i-fylkestingsnominasjonen\/\" \/>\n<meta property=\"og:site_name\" content=\"Agder H\u00f8yre\" \/>\n<meta property=\"article:published_time\" content=\"2022-08-31T11:24:02+00:00\" \/>\n<meta property=\"article:modified_time\" content=\"2022-08-31T11:24:04+00:00\" \/>\n<meta property=\"og:image\" content=\"https:\/\/hoyre.no\/content\/uploads\/sites\/6\/2026\/03\/Haagen-Poppe-Foto-Hans-Kristian-Thorbjornsen-1024x683.jpg\" \/>\n<meta name=\"author\" content=\"Nicolai \u00d8steby\" \/>\n<meta name=\"twitter:card\" content=\"summary_large_image\" \/>\n<meta name=\"twitter:label1\" content=\"Skrevet av\" \/>\n\t<meta name=\"twitter:data1\" content=\"Nicolai \u00d8steby\" \/>\n\t<meta name=\"twitter:label2\" content=\"Ansl. lesetid\" \/>\n\t<meta name=\"twitter:data2\" content=\"3 minutter\" \/>\n<script type=\"application\/ld+json\" class=\"yoast-schema-graph\">{\"@context\":\"https:\/\/schema.org\",\"@graph\":[{\"@type\":\"NewsArticle\",\"@id\":\"https:\/\/hoyre.no\/agder\/aktuelt\/medlemsinformasjon-slik-far-du-stemmerett-i-fylkestingsnominasjonen\/\",\"url\":\"https:\/\/hoyre.no\/agder\/aktuelt\/medlemsinformasjon-slik-far-du-stemmerett-i-fylkestingsnominasjonen\/\",\"name\":\"Medlemsinformasjon: Slik f\u00e5r du stemmerett i fylkestingsnominasjonen - Agder H\u00f8yre\",\"isPartOf\":{\"@id\":\"https:\/\/hoyre.no\/agder\/#website\"},\"image\":{\"@id\":\"https:\/\/hoyre.no\/agder\/aktuelt\/medlemsinformasjon-slik-far-du-stemmerett-i-fylkestingsnominasjonen\/#primaryimage\"},\"thumbnailUrl\":\"https:\/\/hoyre.no\/content\/uploads\/sites\/6\/2022\/08\/betalingsalternativer-2022-ny.png\",\"datePublished\":\"2022-08-31T11:24:02+00:00\",\"dateModified\":\"2022-08-31T11:24:04+00:00\",\"author\":{\"@id\":\"https:\/\/hoyre.no\/agder\/#\/schema\/person\/021fc9b8ca1e7342b4fb2d096feabdeb\"},\"breadcrumb\":{\"@id\":\"https:\/\/hoyre.no\/agder\/aktuelt\/medlemsinformasjon-slik-far-du-stemmerett-i-fylkestingsnominasjonen\/#breadcrumb\"},\"inLanguage\":\"nb-NO\",\"potentialAction\":[{\"@type\":\"ReadAction\",\"target\":[\"https:\/\/hoyre.no\/agder\/aktuelt\/medlemsinformasjon-slik-far-du-stemmerett-i-fylkestingsnominasjonen\/\"]}]},{\"@type\":\"ImageObject\",\"inLanguage\":\"nb-NO\",\"@id\":\"https:\/\/hoyre.no\/agder\/aktuelt\/medlemsinformasjon-slik-far-du-stemmerett-i-fylkestingsnominasjonen\/#primaryimage\",\"url\":\"https:\/\/hoyre.no\/content\/uploads\/sites\/6\/2022\/08\/betalingsalternativer-2022-ny.png\",\"contentUrl\":\"https:\/\/hoyre.no\/content\/uploads\/sites\/6\/2022\/08\/betalingsalternativer-2022-ny.png\"},{\"@type\":\"BreadcrumbList\",\"@id\":\"https:\/\/hoyre.no\/agder\/aktuelt\/medlemsinformasjon-slik-far-du-stemmerett-i-fylkestingsnominasjonen\/#breadcrumb\",\"itemListElement\":[{\"@type\":\"ListItem\",\"position\":1,\"name\":\"Til hoyre.no\",\"item\":\"https:\/\/hoyre.no\"},{\"@type\":\"ListItem\",\"position\":2,\"name\":\"Hjem\",\"item\":\"https:\/\/hoyre.no\/agder\/\"},{\"@type\":\"ListItem\",\"position\":3,\"name\":\"Medlemsinformasjon: Slik f\u00e5r du stemmerett i fylkestingsnominasjonen\"}]},{\"@type\":\"WebSite\",\"@id\":\"https:\/\/hoyre.no\/agder\/#website\",\"url\":\"https:\/\/hoyre.no\/agder\/\",\"name\":\"Agder H\u00f8yre\",\"description\":\"Bare enda et H\u00f8yres nettsteder-nettsted\",\"inLanguage\":\"nb-NO\"},{\"@type\":\"Person\",\"@id\":\"https:\/\/hoyre.no\/agder\/#\/schema\/person\/021fc9b8ca1e7342b4fb2d096feabdeb\",\"name\":\"Nicolai \u00d8steby\",\"image\":{\"@type\":\"ImageObject\",\"inLanguage\":\"nb-NO\",\"@id\":\"https:\/\/hoyre.no\/agder\/#\/schema\/person\/image\/\",\"url\":\"https:\/\/secure.gravatar.com\/avatar\/a3750b4c871cea281fbf2f98069040c5f19bd5960ceb747df23830db6948b121?s=96&d=mm&r=g\",\"contentUrl\":\"https:\/\/secure.gravatar.com\/avatar\/a3750b4c871cea281fbf2f98069040c5f19bd5960ceb747df23830db6948b121?s=96&d=mm&r=g\",\"caption\":\"Nicolai \u00d8steby\"},\"url\":\"https:\/\/hoyre.no\/agder\/aktuelt\/author\/m52043361\/\"}]}<\/script>\n<!-- \/ Yoast SEO Premium plugin. -->","yoast_head_json":{"title":"Medlemsinformasjon: Slik f\u00e5r du stemmerett i fylkestingsnominasjonen - Agder H\u00f8yre","robots":{"index":"index","follow":"follow","max-snippet":"max-snippet:-1","max-image-preview":"max-image-preview:large","max-video-preview":"max-video-preview:-1"},"canonical":"https:\/\/hoyre.no\/agder\/aktuelt\/medlemsinformasjon-slik-far-du-stemmerett-i-fylkestingsnominasjonen\/","og_locale":"nb_NO","og_type":"article","og_title":"Medlemsinformasjon: Slik f\u00e5r du stemmerett i fylkestingsnominasjonen","og_url":"https:\/\/hoyre.no\/agder\/aktuelt\/medlemsinformasjon-slik-far-du-stemmerett-i-fylkestingsnominasjonen\/","og_site_name":"Agder H\u00f8yre","article_published_time":"2022-08-31T11:24:02+00:00","article_modified_time":"2022-08-31T11:24:04+00:00","og_image":[{"url":"https:\/\/hoyre.no\/content\/uploads\/sites\/6\/2026\/03\/Haagen-Poppe-Foto-Hans-Kristian-Thorbjornsen-1024x683.jpg","width":"","height":"","type":""}],"author":"Nicolai \u00d8steby","twitter_card":"summary_large_image","twitter_misc":{"Skrevet av":"Nicolai \u00d8steby","Ansl. lesetid":"3 minutter"},"schema":{"@context":"https:\/\/schema.org","@graph":[{"@type":"NewsArticle","@id":"https:\/\/hoyre.no\/agder\/aktuelt\/medlemsinformasjon-slik-far-du-stemmerett-i-fylkestingsnominasjonen\/","url":"https:\/\/hoyre.no\/agder\/aktuelt\/medlemsinformasjon-slik-far-du-stemmerett-i-fylkestingsnominasjonen\/","name":"Medlemsinformasjon: Slik f\u00e5r du stemmerett i fylkestingsnominasjonen - Agder H\u00f8yre","isPartOf":{"@id":"https:\/\/hoyre.no\/agder\/#website"},"image":{"@id":"https:\/\/hoyre.no\/agder\/aktuelt\/medlemsinformasjon-slik-far-du-stemmerett-i-fylkestingsnominasjonen\/#primaryimage"},"thumbnailUrl":"https:\/\/hoyre.no\/content\/uploads\/sites\/6\/2022\/08\/betalingsalternativer-2022-ny.png","datePublished":"2022-08-31T11:24:02+00:00","dateModified":"2022-08-31T11:24:04+00:00","author":{"@id":"https:\/\/hoyre.no\/agder\/#\/schema\/person\/021fc9b8ca1e7342b4fb2d096feabdeb"},"breadcrumb":{"@id":"https:\/\/hoyre.no\/agder\/aktuelt\/medlemsinformasjon-slik-far-du-stemmerett-i-fylkestingsnominasjonen\/#breadcrumb"},"inLanguage":"nb-NO","potentialAction":[{"@type":"ReadAction","target":["https:\/\/hoyre.no\/agder\/aktuelt\/medlemsinformasjon-slik-far-du-stemmerett-i-fylkestingsnominasjonen\/"]}]},{"@type":"ImageObject","inLanguage":"nb-NO","@id":"https:\/\/hoyre.no\/agder\/aktuelt\/medlemsinformasjon-slik-far-du-stemmerett-i-fylkestingsnominasjonen\/#primaryimage","url":"https:\/\/hoyre.no\/content\/uploads\/sites\/6\/2022\/08\/betalingsalternativer-2022-ny.png","contentUrl":"https:\/\/hoyre.no\/content\/uploads\/sites\/6\/2022\/08\/betalingsalternativer-2022-ny.png"},{"@type":"BreadcrumbList","@id":"https:\/\/hoyre.no\/agder\/aktuelt\/medlemsinformasjon-slik-far-du-stemmerett-i-fylkestingsnominasjonen\/#breadcrumb","itemListElement":[{"@type":"ListItem","position":1,"name":"Til hoyre.no","item":"https:\/\/hoyre.no"},{"@type":"ListItem","position":2,"name":"Hjem","item":"https:\/\/hoyre.no\/agder\/"},{"@type":"ListItem","position":3,"name":"Medlemsinformasjon: Slik f\u00e5r du stemmerett i fylkestingsnominasjonen"}]},{"@type":"WebSite","@id":"https:\/\/hoyre.no\/agder\/#website","url":"https:\/\/hoyre.no\/agder\/","name":"Agder H\u00f8yre","description":"Bare enda et H\u00f8yres nettsteder-nettsted","inLanguage":"nb-NO"},{"@type":"Person","@id":"https:\/\/hoyre.no\/agder\/#\/schema\/person\/021fc9b8ca1e7342b4fb2d096feabdeb","name":"Nicolai \u00d8steby","image":{"@type":"ImageObject","inLanguage":"nb-NO","@id":"https:\/\/hoyre.no\/agder\/#\/schema\/person\/image\/","url":"https:\/\/secure.gravatar.com\/avatar\/a3750b4c871cea281fbf2f98069040c5f19bd5960ceb747df23830db6948b121?s=96&d=mm&r=g","contentUrl":"https:\/\/secure.gravatar.com\/avatar\/a3750b4c871cea281fbf2f98069040c5f19bd5960ceb747df23830db6948b121?s=96&d=mm&r=g","caption":"Nicolai \u00d8steby"},"url":"https:\/\/hoyre.no\/agder\/aktuelt\/author\/m52043361\/"}]}},"distributor_meta":false,"distributor_terms":false,"distributor_media":false,"distributor_original_site_name":"Agder H\u00f8yre","distributor_original_site_url":"https:\/\/hoyre.no\/agder","push-errors":false,"_links":{"self":[{"href":"https:\/\/hoyre.no\/agder\/wp-json\/wp\/v2\/posts\/1509","targetHints":{"allow":["GET"]}}],"collection":[{"href":"https:\/\/hoyre.no\/agder\/wp-json\/wp\/v2\/posts"}],"about":[{"href":"https:\/\/hoyre.no\/agder\/wp-json\/wp\/v2\/types\/post"}],"author":[{"embeddable":true,"href":"https:\/\/hoyre.no\/agder\/wp-json\/wp\/v2\/users\/347"}],"replies":[{"embeddable":true,"href":"https:\/\/hoyre.no\/agder\/wp-json\/wp\/v2\/comments?post=1509"}],"version-history":[{"count":3,"href":"https:\/\/hoyre.no\/agder\/wp-json\/wp\/v2\/posts\/1509\/revisions"}],"predecessor-version":[{"id":1519,"href":"https:\/\/hoyre.no\/agder\/wp-json\/wp\/v2\/posts\/1509\/revisions\/1519"}],"wp:attachment":[{"href":"https:\/\/hoyre.no\/agder\/wp-json\/wp\/v2\/media?parent=1509"}],"wp:term":[{"taxonomy":"category","embeddable":true,"href":"https:\/\/hoyre.no\/agder\/wp-json\/wp\/v2\/category?post=1509"},{"taxonomy":"post_tag","embeddable":true,"href":"https:\/\/hoyre.no\/agder\/wp-json\/wp\/v2\/post_tag?post=1509"},{"taxonomy":"hoyre-visibility","embeddable":true,"href":"https:\/\/hoyre.no\/agder\/wp-json\/wp\/v2\/hoyre-visibility?post=1509"},{"taxonomy":"article-type","embeddable":true,"href":"https:\/\/hoyre.no\/agder\/wp-json\/wp\/v2\/article-type?post=1509"},{"taxonomy":"politician","embeddable":true,"href":"https:\/\/hoyre.no\/agder\/wp-json\/wp\/v2\/politician?post=1509"}],"curies":[{"name":"wp","href":"https:\/\/api.w.org\/{rel}","templated":true}]}}