{"id":1549,"date":"2022-09-23T10:13:10","date_gmt":"2022-09-23T08:13:10","guid":{"rendered":"https:\/\/hoyre.no\/agder\/?p=1549"},"modified":"2022-09-23T10:13:11","modified_gmt":"2022-09-23T08:13:11","slug":"resultat-fra-agder-hoyres-radgivende-urnominasjon","status":"publish","type":"post","link":"https:\/\/hoyre.no\/agder\/aktuelt\/resultat-fra-agder-hoyres-radgivende-urnominasjon\/","title":{"rendered":"Resultat fra Agder H\u00f8yres r\u00e5dgivende urnominasjon"},"content":{"rendered":"\n\n\n\n<p><strong>R\u00e5dgivende urnominasjon for Agder H\u00f8yres fylkestingsvalgliste 2023 &#8211; 2027<\/strong><\/p>\n\n\n\n<p>I forbindelse med nominasjon av kandidater til Fylkestingsvalget 2023 har vi avholdt r\u00e5dgivende urnominasjon blant Agder H\u00f8yres medlemmer. Betalende medlemmer som har stemmerett ved valget neste \u00e5r, har hatt anledning til \u00e5 prioritere 15 av de 55 valgvillige fylkestingsvalgkandidatene.<\/p>\n\n\n\n<p><strong>Resultatet finner du i vedlegget her:<\/strong><\/p>\n\n\n\n<div class=\"wp-block-teft-file icon-link-block\"><a href=\"https:\/\/hoyre.no\/content\/uploads\/sites\/6\/2022\/09\/Resultat-fra-radgivende-urnominasjon-for-Agder-Hoyres-medlemmer-Fylkestingsvalget-2023.pdf\" download><span class=\"file-title\">Resultat fra r\u00e5dgivende urnominasjon<\/span><span class=\"file-name\"><\/span><\/a><\/div>\n\n\n\n<p>I tillegg til r\u00e5dgivende urnominasjon blant medlemmer, er det avholdt r\u00e5dgivende pr\u00f8venominasjonsm\u00f8ter i Agder H\u00f8yres foreninger, Agder Unge H\u00f8yre og Agder senior H\u00f8yre. Nominasjonskomiteen tar med seg resultatet fra begge videre i sitt arbeid med \u00e5 ferdigstille nominasjonskomiteens innstilling.<\/p>\n\n\n\n<p>Agder H\u00f8yres Nominasjonsm\u00f8te avholdes l\u00f8rdag 19. november kl. 14.30 &#8211; 18.30 p\u00e5 Radisson Blu Caledonien Hotel i Kristiansand. Innkalling sendes ut til de valgte delegatene 4 uker f\u00f8r m\u00f8tet. Senest 4. november vil endelig prioritert liste, nominasjonskomiteens innstilling, offentliggj\u00f8res.<\/p>\n\n\n\n<p><a href=\"https:\/\/hoyre.no\/agder\/aktuelt\/agder-hoyres-nominasjonsprosess-for-fylkestingsvalget-2023\/\">Klikk her for mer informasjon om nominasjonsprosessen og datoplan.<\/a><\/p>\n\n\n\n<p>Er det noe du lurer p\u00e5 i forbindelse med nominasjonsprosessen, kontakt:<\/p>\n\n\n\n<ul class=\"wp-block-list\"><li>Nominasjonskomiteleder Amalie Gunnufsen, 995 66 610,&nbsp;<a href=\"mailto:a-gunnuf@hotmail.com\">a-gunnuf@hotmail.com<\/a>&nbsp;&nbsp;&nbsp;<\/li><li>Fylkessekret\u00e6r Jannecke Beyer Guttormsen, 975 02 012,&nbsp;<a href=\"mailto:agder@hoyre.no\">agder@hoyre.no<\/a><\/li><\/ul>\n\n\n<div class=\"tags\">\n\t<\/div>\n<div class=\"post-footer alignfull has-background block-editor-block-list__block\" data-align=full>\n\t<div class=\"post-footer-inner\">\n\t\t<h3>Relaterte artikler<\/h3>\n\t\t<div class=\"related-content\"><div class=\"is-card-hoyre\">\n\t<div class=\"teft-card hoyre-teft-card post-teft-card\">\n\t\t<a href=\"https:\/\/hoyre.no\/agder\/aktuelt\/agder-hoyre-onsker-dine-innspill-fylkestings-programmet\/\" class=\"teft-card__primary-action\">\n\n\t\t\t\t\t<div class=\"teft-card__media teft-card__media--16-9\">\n\t\t\t\t\t\t<img loading=\"lazy\" decoding=\"async\" width=\"768\" height=\"819\" src=\"https:\/\/hoyre.no\/content\/uploads\/sites\/6\/2025\/06\/DSC04923-edited-768x819.jpg\" class=\"attachment-medium_large size-medium_large\" alt=\"\" srcset=\"https:\/\/hoyre.no\/content\/uploads\/sites\/6\/2025\/06\/DSC04923-edited-768x819.jpg 768w, https:\/\/hoyre.no\/content\/uploads\/sites\/6\/2025\/06\/DSC04923-edited-281x300.jpg 281w, https:\/\/hoyre.no\/content\/uploads\/sites\/6\/2025\/06\/DSC04923-edited-960x1024.jpg 960w, https:\/\/hoyre.no\/content\/uploads\/sites\/6\/2025\/06\/DSC04923-edited-1440x1536.jpg 1440w, https:\/\/hoyre.no\/content\/uploads\/sites\/6\/2025\/06\/DSC04923-edited-1920x2048.jpg 1920w\" sizes=\"auto, (max-width: 768px) 100vw, 768px\" \/>\t\t<\/div>\n\t\t\n\t\t\t<div class=\"teft-card__content-wrapper\">\n\t\t\t\t<div class=\"teft-card__secondary\">\n\t\t\t\t\t\n\t\t\t\t\t\t\t\t<div class=\"teft-card__meta\">\n\t\t\t\t\t\t\t\t\t<span class=\"post-date\">21. apr 2026<\/span>\n\n\t\t\t\t\t\t\t\t\t<span class=\"post-category\">Nyheter<\/span>\t\t\t\t\t\t\t\t<\/div>\n\t\t\t\t\t\t\t\t\t\t\t<\/div>\n\n\t\t\t\t<div class=\"teft-card__primary\">\n\t\t\t\t\t<h2 class=\"teft-card__title\">Agder H\u00f8yres programprosess for Fylkestingsvalget 2027&nbsp;<span class=\"teft-card__primary-title-append\"><\/span><\/h2>\t\t\t\t<\/div>\n\t\t\t<\/div>\n\t\t<\/a>\n\t<\/div>\n\n\t<\/div><div class=\"is-card-hoyre\">\n\t<div class=\"teft-card hoyre-teft-card post-teft-card\">\n\t\t<a href=\"https:\/\/hoyre.no\/agder\/aktuelt\/agder-hoyres-nye-regionradgiver\/\" class=\"teft-card__primary-action\">\n\n\t\t\t\t\t<div class=\"teft-card__media teft-card__media--16-9\">\n\t\t\t\t\t\t<img loading=\"lazy\" decoding=\"async\" width=\"768\" height=\"768\" src=\"https:\/\/hoyre.no\/content\/uploads\/sites\/6\/2026\/03\/Aleksander-L-768x768.png\" class=\"attachment-medium_large size-medium_large\" alt=\"\" srcset=\"https:\/\/hoyre.no\/content\/uploads\/sites\/6\/2026\/03\/Aleksander-L-768x768.png 768w, https:\/\/hoyre.no\/content\/uploads\/sites\/6\/2026\/03\/Aleksander-L-e1775591785378-300x300.png 300w, https:\/\/hoyre.no\/content\/uploads\/sites\/6\/2026\/03\/Aleksander-L-e1775591785378-150x150.png 150w, https:\/\/hoyre.no\/content\/uploads\/sites\/6\/2026\/03\/Aleksander-L-e1775591785378.png 722w\" sizes=\"auto, (max-width: 768px) 100vw, 768px\" \/>\t\t<\/div>\n\t\t\n\t\t\t<div class=\"teft-card__content-wrapper\">\n\t\t\t\t<div class=\"teft-card__secondary\">\n\t\t\t\t\t\n\t\t\t\t\t\t\t\t<div class=\"teft-card__meta\">\n\t\t\t\t\t\t\t\t\t<span class=\"post-date\">23. mar 2026<\/span>\n\n\t\t\t\t\t\t\t\t\t\t\t\t\t\t\t\t\t<\/div>\n\t\t\t\t\t\t\t\t\t\t\t<\/div>\n\n\t\t\t\t<div class=\"teft-card__primary\">\n\t\t\t\t\t<h2 class=\"teft-card__title\">Agder H\u00f8yres nye regionr\u00e5dgiver&nbsp;<span class=\"teft-card__primary-title-append\"><\/span><\/h2>\t\t\t\t<\/div>\n\t\t\t<\/div>\n\t\t<\/a>\n\t<\/div>\n\n\t<\/div><div class=\"is-card-hoyre\">\n\t<div class=\"teft-card hoyre-teft-card post-teft-card\">\n\t\t<a href=\"https:\/\/hoyre.no\/agder\/aktuelt\/agder-hoyres-nominasjonsprosess-for-fylkestingsvalget-2027\/\" class=\"teft-card__primary-action\">\n\n\t\t\t\t\t<div class=\"teft-card__media teft-card__media--16-9\">\n\t\t\t\t\t\t<img loading=\"lazy\" decoding=\"async\" width=\"768\" height=\"512\" src=\"https:\/\/hoyre.no\/content\/uploads\/sites\/6\/2026\/03\/Haagen-Poppe-Foto-Hans-Kristian-Thorbjornsen-768x512.jpg\" class=\"attachment-medium_large size-medium_large\" alt=\"\" srcset=\"https:\/\/hoyre.no\/content\/uploads\/sites\/6\/2026\/03\/Haagen-Poppe-Foto-Hans-Kristian-Thorbjornsen-768x512.jpg 768w, https:\/\/hoyre.no\/content\/uploads\/sites\/6\/2026\/03\/Haagen-Poppe-Foto-Hans-Kristian-Thorbjornsen-300x200.jpg 300w, https:\/\/hoyre.no\/content\/uploads\/sites\/6\/2026\/03\/Haagen-Poppe-Foto-Hans-Kristian-Thorbjornsen-1024x683.jpg 1024w, https:\/\/hoyre.no\/content\/uploads\/sites\/6\/2026\/03\/Haagen-Poppe-Foto-Hans-Kristian-Thorbjornsen-1536x1025.jpg 1536w, https:\/\/hoyre.no\/content\/uploads\/sites\/6\/2026\/03\/Haagen-Poppe-Foto-Hans-Kristian-Thorbjornsen-2048x1366.jpg 2048w\" sizes=\"auto, (max-width: 768px) 100vw, 768px\" \/>\t\t<\/div>\n\t\t\n\t\t\t<div class=\"teft-card__content-wrapper\">\n\t\t\t\t<div class=\"teft-card__secondary\">\n\t\t\t\t\t\n\t\t\t\t\t\t\t\t<div class=\"teft-card__meta\">\n\t\t\t\t\t\t\t\t\t<span class=\"post-date\">5. mar 2026<\/span>\n\n\t\t\t\t\t\t\t\t\t\t\t\t\t\t\t\t\t<\/div>\n\t\t\t\t\t\t\t\t\t\t\t<\/div>\n\n\t\t\t\t<div class=\"teft-card__primary\">\n\t\t\t\t\t<h2 class=\"teft-card__title\">Agder H\u00f8yres nominasjonsprosess for  Fylkestingsvalget 2027&nbsp;<span class=\"teft-card__primary-title-append\"><\/span><\/h2>\t\t\t\t<\/div>\n\t\t\t<\/div>\n\t\t<\/a>\n\t<\/div>\n\n\t<\/div><\/div>\t<\/div>\n<\/div>\n","protected":false},"excerpt":{"rendered":"","protected":false},"author":404,"featured_media":0,"comment_status":"closed","ping_status":"closed","sticky":false,"template":"","format":"standard","meta":{"teft_cards_image_url":"","teft_cards_custom_pretitle":"","teft_cards_image_id":0,"teft_cards_image_focal_point_x":0,"teft_cards_image_focal_point_y":0,"teft_cards_title":"","teft_cards_excerpt":"","teft_show_chapters":false,"author_display_name":"","footnotes":""},"category":[1],"post_tag":[],"hoyre-visibility":[],"article-type":[],"politician":[],"class_list":["post-1549","post","type-post","status-publish","format-standard","hentry","category-ukategorisert"],"yoast_head":"<!-- This site is optimized with the Yoast SEO Premium plugin v26.5 (Yoast SEO v26.6) - https:\/\/yoast.com\/wordpress\/plugins\/seo\/ -->\n<title>Resultat fra Agder H\u00f8yres r\u00e5dgivende urnominasjon - Agder H\u00f8yre<\/title>\n<meta name=\"robots\" content=\"index, follow, max-snippet:-1, max-image-preview:large, max-video-preview:-1\" \/>\n<link rel=\"canonical\" href=\"https:\/\/hoyre.no\/agder\/aktuelt\/resultat-fra-agder-hoyres-radgivende-urnominasjon\/\" \/>\n<meta property=\"og:locale\" content=\"nb_NO\" \/>\n<meta property=\"og:type\" content=\"article\" \/>\n<meta property=\"og:title\" content=\"Resultat fra Agder H\u00f8yres r\u00e5dgivende urnominasjon\" \/>\n<meta property=\"og:url\" content=\"https:\/\/hoyre.no\/agder\/aktuelt\/resultat-fra-agder-hoyres-radgivende-urnominasjon\/\" \/>\n<meta property=\"og:site_name\" content=\"Agder H\u00f8yre\" \/>\n<meta property=\"article:published_time\" content=\"2022-09-23T08:13:10+00:00\" \/>\n<meta property=\"article:modified_time\" content=\"2022-09-23T08:13:11+00:00\" \/>\n<meta property=\"og:image\" content=\"https:\/\/hoyre.no\/content\/uploads\/sites\/6\/2026\/03\/Haagen-Poppe-Foto-Hans-Kristian-Thorbjornsen-1024x683.jpg\" \/>\n<meta name=\"author\" content=\"Jannecke Beyer Guttormsen\" \/>\n<meta name=\"twitter:card\" content=\"summary_large_image\" \/>\n<meta name=\"twitter:label1\" content=\"Skrevet av\" \/>\n\t<meta name=\"twitter:data1\" content=\"Jannecke Beyer Guttormsen\" \/>\n\t<meta name=\"twitter:label2\" content=\"Ansl. lesetid\" \/>\n\t<meta name=\"twitter:data2\" content=\"1 minutt\" \/>\n<script type=\"application\/ld+json\" class=\"yoast-schema-graph\">{\"@context\":\"https:\/\/schema.org\",\"@graph\":[{\"@type\":\"NewsArticle\",\"@id\":\"https:\/\/hoyre.no\/agder\/aktuelt\/resultat-fra-agder-hoyres-radgivende-urnominasjon\/\",\"url\":\"https:\/\/hoyre.no\/agder\/aktuelt\/resultat-fra-agder-hoyres-radgivende-urnominasjon\/\",\"name\":\"Resultat fra Agder H\u00f8yres r\u00e5dgivende urnominasjon - Agder H\u00f8yre\",\"isPartOf\":{\"@id\":\"https:\/\/hoyre.no\/agder\/#website\"},\"datePublished\":\"2022-09-23T08:13:10+00:00\",\"dateModified\":\"2022-09-23T08:13:11+00:00\",\"author\":{\"@id\":\"https:\/\/hoyre.no\/agder\/#\/schema\/person\/7041be1f5a2efbe77b438958e52648e4\"},\"breadcrumb\":{\"@id\":\"https:\/\/hoyre.no\/agder\/aktuelt\/resultat-fra-agder-hoyres-radgivende-urnominasjon\/#breadcrumb\"},\"inLanguage\":\"nb-NO\",\"potentialAction\":[{\"@type\":\"ReadAction\",\"target\":[\"https:\/\/hoyre.no\/agder\/aktuelt\/resultat-fra-agder-hoyres-radgivende-urnominasjon\/\"]}]},{\"@type\":\"BreadcrumbList\",\"@id\":\"https:\/\/hoyre.no\/agder\/aktuelt\/resultat-fra-agder-hoyres-radgivende-urnominasjon\/#breadcrumb\",\"itemListElement\":[{\"@type\":\"ListItem\",\"position\":1,\"name\":\"Til hoyre.no\",\"item\":\"https:\/\/hoyre.no\"},{\"@type\":\"ListItem\",\"position\":2,\"name\":\"Hjem\",\"item\":\"https:\/\/hoyre.no\/agder\/\"},{\"@type\":\"ListItem\",\"position\":3,\"name\":\"Resultat fra Agder H\u00f8yres r\u00e5dgivende urnominasjon\"}]},{\"@type\":\"WebSite\",\"@id\":\"https:\/\/hoyre.no\/agder\/#website\",\"url\":\"https:\/\/hoyre.no\/agder\/\",\"name\":\"Agder H\u00f8yre\",\"description\":\"Bare enda et H\u00f8yres nettsteder-nettsted\",\"inLanguage\":\"nb-NO\"},{\"@type\":\"Person\",\"@id\":\"https:\/\/hoyre.no\/agder\/#\/schema\/person\/7041be1f5a2efbe77b438958e52648e4\",\"name\":\"Jannecke Beyer Guttormsen\",\"image\":{\"@type\":\"ImageObject\",\"inLanguage\":\"nb-NO\",\"@id\":\"https:\/\/hoyre.no\/agder\/#\/schema\/person\/image\/\",\"url\":\"https:\/\/secure.gravatar.com\/avatar\/54628c803845895e8fbfc2b1806f9a676c7ecfbc14d65a294e01ff625204c3a3?s=96&d=mm&r=g\",\"contentUrl\":\"https:\/\/secure.gravatar.com\/avatar\/54628c803845895e8fbfc2b1806f9a676c7ecfbc14d65a294e01ff625204c3a3?s=96&d=mm&r=g\",\"caption\":\"Jannecke Beyer Guttormsen\"},\"url\":\"https:\/\/hoyre.no\/agder\/aktuelt\/author\/m50473883\/\"}]}<\/script>\n<!-- \/ Yoast SEO Premium plugin. -->","yoast_head_json":{"title":"Resultat fra Agder H\u00f8yres r\u00e5dgivende urnominasjon - Agder H\u00f8yre","robots":{"index":"index","follow":"follow","max-snippet":"max-snippet:-1","max-image-preview":"max-image-preview:large","max-video-preview":"max-video-preview:-1"},"canonical":"https:\/\/hoyre.no\/agder\/aktuelt\/resultat-fra-agder-hoyres-radgivende-urnominasjon\/","og_locale":"nb_NO","og_type":"article","og_title":"Resultat fra Agder H\u00f8yres r\u00e5dgivende urnominasjon","og_url":"https:\/\/hoyre.no\/agder\/aktuelt\/resultat-fra-agder-hoyres-radgivende-urnominasjon\/","og_site_name":"Agder H\u00f8yre","article_published_time":"2022-09-23T08:13:10+00:00","article_modified_time":"2022-09-23T08:13:11+00:00","og_image":[{"url":"https:\/\/hoyre.no\/content\/uploads\/sites\/6\/2026\/03\/Haagen-Poppe-Foto-Hans-Kristian-Thorbjornsen-1024x683.jpg","width":"","height":"","type":""}],"author":"Jannecke Beyer Guttormsen","twitter_card":"summary_large_image","twitter_misc":{"Skrevet av":"Jannecke Beyer Guttormsen","Ansl. lesetid":"1 minutt"},"schema":{"@context":"https:\/\/schema.org","@graph":[{"@type":"NewsArticle","@id":"https:\/\/hoyre.no\/agder\/aktuelt\/resultat-fra-agder-hoyres-radgivende-urnominasjon\/","url":"https:\/\/hoyre.no\/agder\/aktuelt\/resultat-fra-agder-hoyres-radgivende-urnominasjon\/","name":"Resultat fra Agder H\u00f8yres r\u00e5dgivende urnominasjon - Agder H\u00f8yre","isPartOf":{"@id":"https:\/\/hoyre.no\/agder\/#website"},"datePublished":"2022-09-23T08:13:10+00:00","dateModified":"2022-09-23T08:13:11+00:00","author":{"@id":"https:\/\/hoyre.no\/agder\/#\/schema\/person\/7041be1f5a2efbe77b438958e52648e4"},"breadcrumb":{"@id":"https:\/\/hoyre.no\/agder\/aktuelt\/resultat-fra-agder-hoyres-radgivende-urnominasjon\/#breadcrumb"},"inLanguage":"nb-NO","potentialAction":[{"@type":"ReadAction","target":["https:\/\/hoyre.no\/agder\/aktuelt\/resultat-fra-agder-hoyres-radgivende-urnominasjon\/"]}]},{"@type":"BreadcrumbList","@id":"https:\/\/hoyre.no\/agder\/aktuelt\/resultat-fra-agder-hoyres-radgivende-urnominasjon\/#breadcrumb","itemListElement":[{"@type":"ListItem","position":1,"name":"Til hoyre.no","item":"https:\/\/hoyre.no"},{"@type":"ListItem","position":2,"name":"Hjem","item":"https:\/\/hoyre.no\/agder\/"},{"@type":"ListItem","position":3,"name":"Resultat fra Agder H\u00f8yres r\u00e5dgivende urnominasjon"}]},{"@type":"WebSite","@id":"https:\/\/hoyre.no\/agder\/#website","url":"https:\/\/hoyre.no\/agder\/","name":"Agder H\u00f8yre","description":"Bare enda et H\u00f8yres nettsteder-nettsted","inLanguage":"nb-NO"},{"@type":"Person","@id":"https:\/\/hoyre.no\/agder\/#\/schema\/person\/7041be1f5a2efbe77b438958e52648e4","name":"Jannecke Beyer Guttormsen","image":{"@type":"ImageObject","inLanguage":"nb-NO","@id":"https:\/\/hoyre.no\/agder\/#\/schema\/person\/image\/","url":"https:\/\/secure.gravatar.com\/avatar\/54628c803845895e8fbfc2b1806f9a676c7ecfbc14d65a294e01ff625204c3a3?s=96&d=mm&r=g","contentUrl":"https:\/\/secure.gravatar.com\/avatar\/54628c803845895e8fbfc2b1806f9a676c7ecfbc14d65a294e01ff625204c3a3?s=96&d=mm&r=g","caption":"Jannecke Beyer Guttormsen"},"url":"https:\/\/hoyre.no\/agder\/aktuelt\/author\/m50473883\/"}]}},"distributor_meta":false,"distributor_terms":false,"distributor_media":false,"distributor_original_site_name":"Agder H\u00f8yre","distributor_original_site_url":"https:\/\/hoyre.no\/agder","push-errors":false,"_links":{"self":[{"href":"https:\/\/hoyre.no\/agder\/wp-json\/wp\/v2\/posts\/1549","targetHints":{"allow":["GET"]}}],"collection":[{"href":"https:\/\/hoyre.no\/agder\/wp-json\/wp\/v2\/posts"}],"about":[{"href":"https:\/\/hoyre.no\/agder\/wp-json\/wp\/v2\/types\/post"}],"author":[{"embeddable":true,"href":"https:\/\/hoyre.no\/agder\/wp-json\/wp\/v2\/users\/404"}],"replies":[{"embeddable":true,"href":"https:\/\/hoyre.no\/agder\/wp-json\/wp\/v2\/comments?post=1549"}],"version-history":[{"count":3,"href":"https:\/\/hoyre.no\/agder\/wp-json\/wp\/v2\/posts\/1549\/revisions"}],"predecessor-version":[{"id":1561,"href":"https:\/\/hoyre.no\/agder\/wp-json\/wp\/v2\/posts\/1549\/revisions\/1561"}],"wp:attachment":[{"href":"https:\/\/hoyre.no\/agder\/wp-json\/wp\/v2\/media?parent=1549"}],"wp:term":[{"taxonomy":"category","embeddable":true,"href":"https:\/\/hoyre.no\/agder\/wp-json\/wp\/v2\/category?post=1549"},{"taxonomy":"post_tag","embeddable":true,"href":"https:\/\/hoyre.no\/agder\/wp-json\/wp\/v2\/post_tag?post=1549"},{"taxonomy":"hoyre-visibility","embeddable":true,"href":"https:\/\/hoyre.no\/agder\/wp-json\/wp\/v2\/hoyre-visibility?post=1549"},{"taxonomy":"article-type","embeddable":true,"href":"https:\/\/hoyre.no\/agder\/wp-json\/wp\/v2\/article-type?post=1549"},{"taxonomy":"politician","embeddable":true,"href":"https:\/\/hoyre.no\/agder\/wp-json\/wp\/v2\/politician?post=1549"}],"curies":[{"name":"wp","href":"https:\/\/api.w.org\/{rel}","templated":true}]}}