{"id":1613,"date":"2022-11-20T13:13:17","date_gmt":"2022-11-20T12:13:17","guid":{"rendered":"https:\/\/hoyre.no\/agder\/?p=1613"},"modified":"2022-11-21T12:43:43","modified_gmt":"2022-11-21T11:43:43","slug":"arne-thomassen-er-hoyres-fylkesordforerkandidat","status":"publish","type":"post","link":"https:\/\/hoyre.no\/agder\/aktuelt\/arne-thomassen-er-hoyres-fylkesordforerkandidat\/","title":{"rendered":"Arne Thomassen er H\u00f8yres fylkesordf\u00f8rerkandidat!"},"content":{"rendered":"\n<p class=\"preamble\">Agder H\u00f8yres nominasjonsm\u00f8te har vedtatt valglisten for fylkestingsvalget i 2023. P\u00e5 topp finner vi fylkesordf\u00f8rer Arne Thomassen som er klar for en periode til.<\/p>\t\t\t<div class=\"post-meta wp-block teft-byline-wrapper\">\n\t\t\t\t<div class=\"top\">\n\t\t\t\t\t<div class=\"signature\">\n\t\t\t\t\t\t<div class=\"teft-byline\">\n\t\t\t\t\t\t\t\t\t\t\t\t\t\t<div>\n\t\t\t\t\t\t\t\t<h3>H\u00f8yres redaksjon<\/h3>\t\t\t\t\t\t\t\t\n\t\t\t\t\t\t\t\t\t\t\t\t\t\t\t\t\t<span class=\"date\">Sist oppdatert: 21. november 2022<\/span>\n\t\t\t\t\t\t\t\t\t\t\t\t\t\t\t\t\t\t\t\t\t\t\t\t\t<span class=\"reading-time\" itemprop=\"timeRequired\" content=\"PT2M\"><em>Ca. 2 minutter lesetid<\/em><\/span>\n\t\t\t\t\t\t\t\t\t\t\t\t\t\t\t<\/div>\n\t\t\t\t\t\t<\/div>\n\t\t\t\t\t<\/div>\n\t\t\t\t\t\t<div class=\"sharing\">\n\t\t<a class=\"share-button share-link copy-link\" data-copy=\"https:\/\/hoyre.no\/agder\/aktuelt\/arne-thomassen-er-hoyres-fylkesordforerkandidat\/\" target=\"_blank\"><span class=\"screen-reader-text\">Del link<\/span><\/a>\n\t\t<a class=\"share-button share-twitter\" href=\"http:\/\/twitter.com\/share?text=Arne Thomassen er H\u00f8yres fylkesordf\u00f8rerkandidat!&#038;url=https:\/\/hoyre.no\/agder\/aktuelt\/arne-thomassen-er-hoyres-fylkesordforerkandidat\/&#038;hashtags=Hoyre\" target=\"_blank\"><span class=\"screen-reader-text\">Del p\u00e5 twitter<\/span><\/a>\n\t\t<a class=\"share-button share-facebook\" href=\"https:\/\/www.facebook.com\/sharer\/sharer.php?u=https:\/\/hoyre.no\/agder\/aktuelt\/arne-thomassen-er-hoyres-fylkesordforerkandidat\/\" target=\"_blank\"><span class=\"screen-reader-text\">Del p\u00e5 facebook<\/span><\/a>\n\t<\/div>\n\t\t\t\t\t<\/div>\n\t\t\t<\/div>\n\n\t\t\t<figure class=\"hoyre-image-wrapper\"><div class=\"hoyre-image\"><img loading=\"lazy\" decoding=\"async\" width=\"2500\" height=\"1667\" src=\"https:\/\/hoyre.no\/content\/uploads\/sites\/6\/2022\/11\/NOMINASJONS-MOTE-FYLKE_129-scaled.jpg\" class=\"attachment-scaled size-scaled\" alt=\"\" style=\"object-position: 50% 50%\" srcset=\"https:\/\/hoyre.no\/content\/uploads\/sites\/6\/2022\/11\/NOMINASJONS-MOTE-FYLKE_129-scaled.jpg 2500w, https:\/\/hoyre.no\/content\/uploads\/sites\/6\/2022\/11\/NOMINASJONS-MOTE-FYLKE_129-300x200.jpg 300w, https:\/\/hoyre.no\/content\/uploads\/sites\/6\/2022\/11\/NOMINASJONS-MOTE-FYLKE_129-1024x683.jpg 1024w, https:\/\/hoyre.no\/content\/uploads\/sites\/6\/2022\/11\/NOMINASJONS-MOTE-FYLKE_129-768x512.jpg 768w, https:\/\/hoyre.no\/content\/uploads\/sites\/6\/2022\/11\/NOMINASJONS-MOTE-FYLKE_129-1536x1024.jpg 1536w, https:\/\/hoyre.no\/content\/uploads\/sites\/6\/2022\/11\/NOMINASJONS-MOTE-FYLKE_129-2048x1365.jpg 2048w\" sizes=\"auto, (max-width: 2500px) 100vw, 2500px\" \/><\/div><figcaption class=\"caption\">De ti \u00f8verste kandidatene p\u00e5 Agder H\u00f8yres fylkestingsvalgliste. (Foto: Josva Severinsen)<\/figcaption><\/figure>\n\n\n\n\n<p><em>Nederst i saken kan du laste den hele den vedtatte valglisten.<\/em><\/p>\n\n\n\n<h3 class=\"wp-block-heading\" id=\"h-arne-thomassen-valgt-som-fylkesordforerkandidat\">Arne Thomassen valgt som fylkesordf\u00f8rerkandidat<\/h3>\n\n\n\n<p>\u2013&nbsp;Jeg er veldig ydmyk og takknemlig overfor medlemmene i Agder H\u00f8yre. N\u00e5 gleder jeg meg til \u00e5 drive valgkamp i hele Agder med et toppet lag. Vi skal fortsette \u00e5 jobbe for \u00e5 ta hele Agder i bruk gjennom gr\u00f8nn n\u00e6ringsutvikling som Morrow i Arendal og biozinfabrikken i \u00c5mli, solceller, flytende havvind og hydrogensatsing. S\u00e5 skal vi levere enda mer p\u00e5 yrkesfag for \u00e5 m\u00f8te behovet i arbeidsmarkedet. Vi har gjort mye p\u00e5 3 \u00e5r, men er langt ifra m\u00e5l, sier fylkesordf\u00f8reren etter nominasjonsm\u00f8tet.<\/p>\n\n\n\n<p><strong>De neste toppkandidatene er en blanding av kontinuitet og fornyelse:<\/strong><\/p>\n\n\n\n<p>2. Torunn Ostad (Grimstad)&nbsp;&nbsp;&nbsp;<\/p>\n\n\n\n<p>3. Erik Johan Tellefsen Lind\u00f8e (Arendal)&nbsp;&nbsp;&nbsp;<\/p>\n\n\n\n<p>4. Siri Heimdal Knudsen (Kristiansand)<\/p>\n\n\n\n<p>5. Ida Gr\u00f8dum (Kristiansand)&nbsp;<\/p>\n\n\n\n<figure class=\"wp-block-image size-large\"><img loading=\"lazy\" decoding=\"async\" width=\"1024\" height=\"683\" src=\"https:\/\/hoyre.no\/content\/uploads\/sites\/6\/2022\/11\/NOMINASJONS-MOTE-FYLKE_131-1024x683.jpg\" alt=\"\" class=\"wp-image-1620\" srcset=\"https:\/\/hoyre.no\/content\/uploads\/sites\/6\/2022\/11\/NOMINASJONS-MOTE-FYLKE_131-1024x683.jpg 1024w, https:\/\/hoyre.no\/content\/uploads\/sites\/6\/2022\/11\/NOMINASJONS-MOTE-FYLKE_131-300x200.jpg 300w, https:\/\/hoyre.no\/content\/uploads\/sites\/6\/2022\/11\/NOMINASJONS-MOTE-FYLKE_131-768x512.jpg 768w, https:\/\/hoyre.no\/content\/uploads\/sites\/6\/2022\/11\/NOMINASJONS-MOTE-FYLKE_131-1536x1024.jpg 1536w, https:\/\/hoyre.no\/content\/uploads\/sites\/6\/2022\/11\/NOMINASJONS-MOTE-FYLKE_131-2048x1365.jpg 2048w\" sizes=\"auto, (max-width: 1024px) 100vw, 1024px\" \/><figcaption>Agder H\u00f8yres toppkandidater ved fylkestingsvalget 2023. (Foto: Josva Severinsen)<\/figcaption><\/figure>\n\n\n\n<h3 class=\"wp-block-heading\" id=\"h-unge-hoyre-leder-18-blir-toppkandidat\">Unge H\u00f8yre-leder (18) blir toppkandidat<\/h3>\n\n\n\n<p>Nominasjonsm\u00f8tet valgte Siri Heimdal Knudsen fra S\u00f8gne i Kristiansand, fylkesleder i Agder Unge H\u00f8yre, som fjerdekandidat p\u00e5 listen. Hun blir Agder H\u00f8yres yngste fylkestingskandidat i historien.<\/p>\n\n\n\n<p>\u2013&nbsp;Det er stort og \u00e6refullt \u00e5 f\u00e5 denne tilliten fra medlemmene. N\u00e5 skal jeg og resten av Unge H\u00f8yre-laget jobbe beinhardt hver dag for \u00e5 vise oss tilliten verdig. Det er fortsatt altfor mange elever p\u00e5 S\u00f8rlandet som ikke fullf\u00f8rer videreg\u00e5ende skole, og det er for mange unge som ikke flytter tilbake til hjemkommunen etter de har studert. Jeg vil jobbe for mer kunnskap og valgfrihet i agderskolen, og for at S\u00f8rlandet skal v\u00e6re en ja-region for bedrifter som \u00f8nsker \u00e5 skape jobber for unge, sier Siri etter valget.<\/p>\n\n\n\n<figure class=\"wp-block-image size-large\"><img loading=\"lazy\" decoding=\"async\" width=\"1024\" height=\"683\" src=\"https:\/\/hoyre.no\/content\/uploads\/sites\/6\/2022\/11\/NOMINASJONS-MOTE-FYLKE_26-1024x683.jpg\" alt=\"\" class=\"wp-image-1622\" srcset=\"https:\/\/hoyre.no\/content\/uploads\/sites\/6\/2022\/11\/NOMINASJONS-MOTE-FYLKE_26-1024x683.jpg 1024w, https:\/\/hoyre.no\/content\/uploads\/sites\/6\/2022\/11\/NOMINASJONS-MOTE-FYLKE_26-300x200.jpg 300w, https:\/\/hoyre.no\/content\/uploads\/sites\/6\/2022\/11\/NOMINASJONS-MOTE-FYLKE_26-768x512.jpg 768w, https:\/\/hoyre.no\/content\/uploads\/sites\/6\/2022\/11\/NOMINASJONS-MOTE-FYLKE_26-1536x1024.jpg 1536w, https:\/\/hoyre.no\/content\/uploads\/sites\/6\/2022\/11\/NOMINASJONS-MOTE-FYLKE_26-2048x1365.jpg 2048w\" sizes=\"auto, (max-width: 1024px) 100vw, 1024px\" \/><figcaption>Siri Heimdal Knudsen med delegasjonen fra Kristiansand H\u00f8yre. (Foto: Josva Severinsen)<\/figcaption><\/figure>\n\n\n\n<p><strong>Vedlagt finner du hele den vedtatte listen:<\/strong><\/p>\n\n\n\n<div class=\"wp-block-teft-file icon-link-block\"><a href=\"https:\/\/hoyre.no\/content\/uploads\/sites\/6\/2022\/11\/Agder-Hoyres-fylkestingsvalgliste-2023-2027-vedtatt-under-nominasjonsmotet-19.11.22.pdf\" download><span class=\"file-title\">Agder H\u00f8yres fylkestingsvalgliste 2023-2027<\/span><span class=\"file-name\">Agder-Hoyres-fylkestingsvalgliste-2023-2027-vedtatt-under-nominasjonsmotet-19.11.22.pdf [3.5kb]<\/span><\/a><\/div>\n\n\n<div class=\"tags\">\n\t<\/div>\n<div class=\"post-footer alignfull has-background block-editor-block-list__block\" data-align=full>\n\t<div class=\"post-footer-inner\">\n\t\t<h3>Relaterte artikler<\/h3>\n\t\t<div class=\"related-content\"><div class=\"is-card-hoyre\">\n\t<div class=\"teft-card hoyre-teft-card post-teft-card\">\n\t\t<a href=\"https:\/\/hoyre.no\/agder\/aktuelt\/agder-hoyre-onsker-dine-innspill-fylkestings-programmet\/\" class=\"teft-card__primary-action\">\n\n\t\t\t\t\t<div class=\"teft-card__media teft-card__media--16-9\">\n\t\t\t\t\t\t<img loading=\"lazy\" decoding=\"async\" width=\"768\" height=\"819\" src=\"https:\/\/hoyre.no\/content\/uploads\/sites\/6\/2025\/06\/DSC04923-edited-768x819.jpg\" class=\"attachment-medium_large size-medium_large\" alt=\"\" srcset=\"https:\/\/hoyre.no\/content\/uploads\/sites\/6\/2025\/06\/DSC04923-edited-768x819.jpg 768w, https:\/\/hoyre.no\/content\/uploads\/sites\/6\/2025\/06\/DSC04923-edited-281x300.jpg 281w, https:\/\/hoyre.no\/content\/uploads\/sites\/6\/2025\/06\/DSC04923-edited-960x1024.jpg 960w, https:\/\/hoyre.no\/content\/uploads\/sites\/6\/2025\/06\/DSC04923-edited-1440x1536.jpg 1440w, https:\/\/hoyre.no\/content\/uploads\/sites\/6\/2025\/06\/DSC04923-edited-1920x2048.jpg 1920w\" sizes=\"auto, (max-width: 768px) 100vw, 768px\" \/>\t\t<\/div>\n\t\t\n\t\t\t<div class=\"teft-card__content-wrapper\">\n\t\t\t\t<div class=\"teft-card__secondary\">\n\t\t\t\t\t\n\t\t\t\t\t\t\t\t<div class=\"teft-card__meta\">\n\t\t\t\t\t\t\t\t\t<span class=\"post-date\">21. apr 2026<\/span>\n\n\t\t\t\t\t\t\t\t\t<span class=\"post-category\">Nyheter<\/span>\t\t\t\t\t\t\t\t<\/div>\n\t\t\t\t\t\t\t\t\t\t\t<\/div>\n\n\t\t\t\t<div class=\"teft-card__primary\">\n\t\t\t\t\t<h2 class=\"teft-card__title\">Agder H\u00f8yres programprosess for Fylkestingsvalget 2027&nbsp;<span class=\"teft-card__primary-title-append\"><\/span><\/h2>\t\t\t\t<\/div>\n\t\t\t<\/div>\n\t\t<\/a>\n\t<\/div>\n\n\t<\/div><div class=\"is-card-hoyre\">\n\t<div class=\"teft-card hoyre-teft-card post-teft-card\">\n\t\t<a href=\"https:\/\/hoyre.no\/agder\/aktuelt\/agder-hoyres-nye-regionradgiver\/\" class=\"teft-card__primary-action\">\n\n\t\t\t\t\t<div class=\"teft-card__media teft-card__media--16-9\">\n\t\t\t\t\t\t<img loading=\"lazy\" decoding=\"async\" width=\"768\" height=\"768\" src=\"https:\/\/hoyre.no\/content\/uploads\/sites\/6\/2026\/03\/Aleksander-L-768x768.png\" class=\"attachment-medium_large size-medium_large\" alt=\"\" srcset=\"https:\/\/hoyre.no\/content\/uploads\/sites\/6\/2026\/03\/Aleksander-L-768x768.png 768w, https:\/\/hoyre.no\/content\/uploads\/sites\/6\/2026\/03\/Aleksander-L-e1775591785378-300x300.png 300w, https:\/\/hoyre.no\/content\/uploads\/sites\/6\/2026\/03\/Aleksander-L-e1775591785378-150x150.png 150w, https:\/\/hoyre.no\/content\/uploads\/sites\/6\/2026\/03\/Aleksander-L-e1775591785378.png 722w\" sizes=\"auto, (max-width: 768px) 100vw, 768px\" \/>\t\t<\/div>\n\t\t\n\t\t\t<div class=\"teft-card__content-wrapper\">\n\t\t\t\t<div class=\"teft-card__secondary\">\n\t\t\t\t\t\n\t\t\t\t\t\t\t\t<div class=\"teft-card__meta\">\n\t\t\t\t\t\t\t\t\t<span class=\"post-date\">23. mar 2026<\/span>\n\n\t\t\t\t\t\t\t\t\t\t\t\t\t\t\t\t\t<\/div>\n\t\t\t\t\t\t\t\t\t\t\t<\/div>\n\n\t\t\t\t<div class=\"teft-card__primary\">\n\t\t\t\t\t<h2 class=\"teft-card__title\">Agder H\u00f8yres nye regionr\u00e5dgiver&nbsp;<span class=\"teft-card__primary-title-append\"><\/span><\/h2>\t\t\t\t<\/div>\n\t\t\t<\/div>\n\t\t<\/a>\n\t<\/div>\n\n\t<\/div><div class=\"is-card-hoyre\">\n\t<div class=\"teft-card hoyre-teft-card post-teft-card\">\n\t\t<a href=\"https:\/\/hoyre.no\/agder\/aktuelt\/agder-hoyres-nominasjonsprosess-for-fylkestingsvalget-2027\/\" class=\"teft-card__primary-action\">\n\n\t\t\t\t\t<div class=\"teft-card__media teft-card__media--16-9\">\n\t\t\t\t\t\t<img loading=\"lazy\" decoding=\"async\" width=\"768\" height=\"512\" src=\"https:\/\/hoyre.no\/content\/uploads\/sites\/6\/2026\/03\/Haagen-Poppe-Foto-Hans-Kristian-Thorbjornsen-768x512.jpg\" class=\"attachment-medium_large size-medium_large\" alt=\"\" srcset=\"https:\/\/hoyre.no\/content\/uploads\/sites\/6\/2026\/03\/Haagen-Poppe-Foto-Hans-Kristian-Thorbjornsen-768x512.jpg 768w, https:\/\/hoyre.no\/content\/uploads\/sites\/6\/2026\/03\/Haagen-Poppe-Foto-Hans-Kristian-Thorbjornsen-300x200.jpg 300w, https:\/\/hoyre.no\/content\/uploads\/sites\/6\/2026\/03\/Haagen-Poppe-Foto-Hans-Kristian-Thorbjornsen-1024x683.jpg 1024w, https:\/\/hoyre.no\/content\/uploads\/sites\/6\/2026\/03\/Haagen-Poppe-Foto-Hans-Kristian-Thorbjornsen-1536x1025.jpg 1536w, https:\/\/hoyre.no\/content\/uploads\/sites\/6\/2026\/03\/Haagen-Poppe-Foto-Hans-Kristian-Thorbjornsen-2048x1366.jpg 2048w\" sizes=\"auto, (max-width: 768px) 100vw, 768px\" \/>\t\t<\/div>\n\t\t\n\t\t\t<div class=\"teft-card__content-wrapper\">\n\t\t\t\t<div class=\"teft-card__secondary\">\n\t\t\t\t\t\n\t\t\t\t\t\t\t\t<div class=\"teft-card__meta\">\n\t\t\t\t\t\t\t\t\t<span class=\"post-date\">5. mar 2026<\/span>\n\n\t\t\t\t\t\t\t\t\t\t\t\t\t\t\t\t\t<\/div>\n\t\t\t\t\t\t\t\t\t\t\t<\/div>\n\n\t\t\t\t<div class=\"teft-card__primary\">\n\t\t\t\t\t<h2 class=\"teft-card__title\">Agder H\u00f8yres nominasjonsprosess for  Fylkestingsvalget 2027&nbsp;<span class=\"teft-card__primary-title-append\"><\/span><\/h2>\t\t\t\t<\/div>\n\t\t\t<\/div>\n\t\t<\/a>\n\t<\/div>\n\n\t<\/div><\/div>\t<\/div>\n<\/div>\n","protected":false},"excerpt":{"rendered":"","protected":false},"author":347,"featured_media":0,"comment_status":"closed","ping_status":"closed","sticky":false,"template":"","format":"standard","meta":{"teft_cards_image_url":"","teft_cards_custom_pretitle":"","teft_cards_image_id":1620,"teft_cards_image_focal_point_x":0.5,"teft_cards_image_focal_point_y":0.5,"teft_cards_title":"","teft_cards_excerpt":"","teft_show_chapters":false,"author_display_name":"","footnotes":""},"category":[1],"post_tag":[],"hoyre-visibility":[],"article-type":[],"politician":[],"class_list":["post-1613","post","type-post","status-publish","format-standard","hentry","category-ukategorisert"],"yoast_head":"<!-- This site is optimized with the Yoast SEO Premium plugin v26.5 (Yoast SEO v26.6) - https:\/\/yoast.com\/wordpress\/plugins\/seo\/ -->\n<title>Arne Thomassen er H\u00f8yres fylkesordf\u00f8rerkandidat! - Agder H\u00f8yre<\/title>\n<meta name=\"robots\" content=\"index, follow, max-snippet:-1, max-image-preview:large, max-video-preview:-1\" \/>\n<link rel=\"canonical\" href=\"https:\/\/hoyre.no\/agder\/aktuelt\/arne-thomassen-er-hoyres-fylkesordforerkandidat\/\" \/>\n<meta property=\"og:locale\" content=\"nb_NO\" \/>\n<meta property=\"og:type\" content=\"article\" \/>\n<meta property=\"og:title\" content=\"Arne Thomassen er H\u00f8yres fylkesordf\u00f8rerkandidat!\" \/>\n<meta property=\"og:url\" content=\"https:\/\/hoyre.no\/agder\/aktuelt\/arne-thomassen-er-hoyres-fylkesordforerkandidat\/\" \/>\n<meta property=\"og:site_name\" content=\"Agder H\u00f8yre\" \/>\n<meta property=\"article:published_time\" content=\"2022-11-20T12:13:17+00:00\" \/>\n<meta property=\"article:modified_time\" content=\"2022-11-21T11:43:43+00:00\" \/>\n<meta property=\"og:image\" content=\"https:\/\/hoyre.no\/content\/uploads\/sites\/6\/2026\/03\/Haagen-Poppe-Foto-Hans-Kristian-Thorbjornsen-1024x683.jpg\" \/>\n<meta name=\"author\" content=\"Nicolai \u00d8steby\" \/>\n<meta name=\"twitter:card\" content=\"summary_large_image\" \/>\n<meta name=\"twitter:label1\" content=\"Skrevet av\" \/>\n\t<meta name=\"twitter:data1\" content=\"Nicolai \u00d8steby\" \/>\n\t<meta name=\"twitter:label2\" content=\"Ansl. lesetid\" \/>\n\t<meta name=\"twitter:data2\" content=\"3 minutter\" \/>\n<script type=\"application\/ld+json\" class=\"yoast-schema-graph\">{\"@context\":\"https:\/\/schema.org\",\"@graph\":[{\"@type\":\"NewsArticle\",\"@id\":\"https:\/\/hoyre.no\/agder\/aktuelt\/arne-thomassen-er-hoyres-fylkesordforerkandidat\/\",\"url\":\"https:\/\/hoyre.no\/agder\/aktuelt\/arne-thomassen-er-hoyres-fylkesordforerkandidat\/\",\"name\":\"Arne Thomassen er H\u00f8yres fylkesordf\u00f8rerkandidat! - Agder H\u00f8yre\",\"isPartOf\":{\"@id\":\"https:\/\/hoyre.no\/agder\/#website\"},\"image\":{\"@id\":\"https:\/\/hoyre.no\/agder\/aktuelt\/arne-thomassen-er-hoyres-fylkesordforerkandidat\/#primaryimage\"},\"thumbnailUrl\":\"https:\/\/hoyre.no\/content\/uploads\/sites\/6\/2022\/11\/NOMINASJONS-MOTE-FYLKE_131-1024x683.jpg\",\"datePublished\":\"2022-11-20T12:13:17+00:00\",\"dateModified\":\"2022-11-21T11:43:43+00:00\",\"author\":{\"@id\":\"https:\/\/hoyre.no\/agder\/#\/schema\/person\/021fc9b8ca1e7342b4fb2d096feabdeb\"},\"breadcrumb\":{\"@id\":\"https:\/\/hoyre.no\/agder\/aktuelt\/arne-thomassen-er-hoyres-fylkesordforerkandidat\/#breadcrumb\"},\"inLanguage\":\"nb-NO\",\"potentialAction\":[{\"@type\":\"ReadAction\",\"target\":[\"https:\/\/hoyre.no\/agder\/aktuelt\/arne-thomassen-er-hoyres-fylkesordforerkandidat\/\"]}]},{\"@type\":\"ImageObject\",\"inLanguage\":\"nb-NO\",\"@id\":\"https:\/\/hoyre.no\/agder\/aktuelt\/arne-thomassen-er-hoyres-fylkesordforerkandidat\/#primaryimage\",\"url\":\"https:\/\/hoyre.no\/content\/uploads\/sites\/6\/2022\/11\/NOMINASJONS-MOTE-FYLKE_131-1024x683.jpg\",\"contentUrl\":\"https:\/\/hoyre.no\/content\/uploads\/sites\/6\/2022\/11\/NOMINASJONS-MOTE-FYLKE_131-1024x683.jpg\"},{\"@type\":\"BreadcrumbList\",\"@id\":\"https:\/\/hoyre.no\/agder\/aktuelt\/arne-thomassen-er-hoyres-fylkesordforerkandidat\/#breadcrumb\",\"itemListElement\":[{\"@type\":\"ListItem\",\"position\":1,\"name\":\"Til hoyre.no\",\"item\":\"https:\/\/hoyre.no\"},{\"@type\":\"ListItem\",\"position\":2,\"name\":\"Hjem\",\"item\":\"https:\/\/hoyre.no\/agder\/\"},{\"@type\":\"ListItem\",\"position\":3,\"name\":\"Arne Thomassen er H\u00f8yres fylkesordf\u00f8rerkandidat!\"}]},{\"@type\":\"WebSite\",\"@id\":\"https:\/\/hoyre.no\/agder\/#website\",\"url\":\"https:\/\/hoyre.no\/agder\/\",\"name\":\"Agder H\u00f8yre\",\"description\":\"Bare enda et H\u00f8yres nettsteder-nettsted\",\"inLanguage\":\"nb-NO\"},{\"@type\":\"Person\",\"@id\":\"https:\/\/hoyre.no\/agder\/#\/schema\/person\/021fc9b8ca1e7342b4fb2d096feabdeb\",\"name\":\"Nicolai \u00d8steby\",\"image\":{\"@type\":\"ImageObject\",\"inLanguage\":\"nb-NO\",\"@id\":\"https:\/\/hoyre.no\/agder\/#\/schema\/person\/image\/\",\"url\":\"https:\/\/secure.gravatar.com\/avatar\/a3750b4c871cea281fbf2f98069040c5f19bd5960ceb747df23830db6948b121?s=96&d=mm&r=g\",\"contentUrl\":\"https:\/\/secure.gravatar.com\/avatar\/a3750b4c871cea281fbf2f98069040c5f19bd5960ceb747df23830db6948b121?s=96&d=mm&r=g\",\"caption\":\"Nicolai \u00d8steby\"},\"url\":\"https:\/\/hoyre.no\/agder\/aktuelt\/author\/m52043361\/\"}]}<\/script>\n<!-- \/ Yoast SEO Premium plugin. -->","yoast_head_json":{"title":"Arne Thomassen er H\u00f8yres fylkesordf\u00f8rerkandidat! - Agder H\u00f8yre","robots":{"index":"index","follow":"follow","max-snippet":"max-snippet:-1","max-image-preview":"max-image-preview:large","max-video-preview":"max-video-preview:-1"},"canonical":"https:\/\/hoyre.no\/agder\/aktuelt\/arne-thomassen-er-hoyres-fylkesordforerkandidat\/","og_locale":"nb_NO","og_type":"article","og_title":"Arne Thomassen er H\u00f8yres fylkesordf\u00f8rerkandidat!","og_url":"https:\/\/hoyre.no\/agder\/aktuelt\/arne-thomassen-er-hoyres-fylkesordforerkandidat\/","og_site_name":"Agder H\u00f8yre","article_published_time":"2022-11-20T12:13:17+00:00","article_modified_time":"2022-11-21T11:43:43+00:00","og_image":[{"url":"https:\/\/hoyre.no\/content\/uploads\/sites\/6\/2026\/03\/Haagen-Poppe-Foto-Hans-Kristian-Thorbjornsen-1024x683.jpg","width":"","height":"","type":""}],"author":"Nicolai \u00d8steby","twitter_card":"summary_large_image","twitter_misc":{"Skrevet av":"Nicolai \u00d8steby","Ansl. lesetid":"3 minutter"},"schema":{"@context":"https:\/\/schema.org","@graph":[{"@type":"NewsArticle","@id":"https:\/\/hoyre.no\/agder\/aktuelt\/arne-thomassen-er-hoyres-fylkesordforerkandidat\/","url":"https:\/\/hoyre.no\/agder\/aktuelt\/arne-thomassen-er-hoyres-fylkesordforerkandidat\/","name":"Arne Thomassen er H\u00f8yres fylkesordf\u00f8rerkandidat! - Agder H\u00f8yre","isPartOf":{"@id":"https:\/\/hoyre.no\/agder\/#website"},"image":{"@id":"https:\/\/hoyre.no\/agder\/aktuelt\/arne-thomassen-er-hoyres-fylkesordforerkandidat\/#primaryimage"},"thumbnailUrl":"https:\/\/hoyre.no\/content\/uploads\/sites\/6\/2022\/11\/NOMINASJONS-MOTE-FYLKE_131-1024x683.jpg","datePublished":"2022-11-20T12:13:17+00:00","dateModified":"2022-11-21T11:43:43+00:00","author":{"@id":"https:\/\/hoyre.no\/agder\/#\/schema\/person\/021fc9b8ca1e7342b4fb2d096feabdeb"},"breadcrumb":{"@id":"https:\/\/hoyre.no\/agder\/aktuelt\/arne-thomassen-er-hoyres-fylkesordforerkandidat\/#breadcrumb"},"inLanguage":"nb-NO","potentialAction":[{"@type":"ReadAction","target":["https:\/\/hoyre.no\/agder\/aktuelt\/arne-thomassen-er-hoyres-fylkesordforerkandidat\/"]}]},{"@type":"ImageObject","inLanguage":"nb-NO","@id":"https:\/\/hoyre.no\/agder\/aktuelt\/arne-thomassen-er-hoyres-fylkesordforerkandidat\/#primaryimage","url":"https:\/\/hoyre.no\/content\/uploads\/sites\/6\/2022\/11\/NOMINASJONS-MOTE-FYLKE_131-1024x683.jpg","contentUrl":"https:\/\/hoyre.no\/content\/uploads\/sites\/6\/2022\/11\/NOMINASJONS-MOTE-FYLKE_131-1024x683.jpg"},{"@type":"BreadcrumbList","@id":"https:\/\/hoyre.no\/agder\/aktuelt\/arne-thomassen-er-hoyres-fylkesordforerkandidat\/#breadcrumb","itemListElement":[{"@type":"ListItem","position":1,"name":"Til hoyre.no","item":"https:\/\/hoyre.no"},{"@type":"ListItem","position":2,"name":"Hjem","item":"https:\/\/hoyre.no\/agder\/"},{"@type":"ListItem","position":3,"name":"Arne Thomassen er H\u00f8yres fylkesordf\u00f8rerkandidat!"}]},{"@type":"WebSite","@id":"https:\/\/hoyre.no\/agder\/#website","url":"https:\/\/hoyre.no\/agder\/","name":"Agder H\u00f8yre","description":"Bare enda et H\u00f8yres nettsteder-nettsted","inLanguage":"nb-NO"},{"@type":"Person","@id":"https:\/\/hoyre.no\/agder\/#\/schema\/person\/021fc9b8ca1e7342b4fb2d096feabdeb","name":"Nicolai \u00d8steby","image":{"@type":"ImageObject","inLanguage":"nb-NO","@id":"https:\/\/hoyre.no\/agder\/#\/schema\/person\/image\/","url":"https:\/\/secure.gravatar.com\/avatar\/a3750b4c871cea281fbf2f98069040c5f19bd5960ceb747df23830db6948b121?s=96&d=mm&r=g","contentUrl":"https:\/\/secure.gravatar.com\/avatar\/a3750b4c871cea281fbf2f98069040c5f19bd5960ceb747df23830db6948b121?s=96&d=mm&r=g","caption":"Nicolai \u00d8steby"},"url":"https:\/\/hoyre.no\/agder\/aktuelt\/author\/m52043361\/"}]}},"distributor_meta":false,"distributor_terms":false,"distributor_media":false,"distributor_original_site_name":"Agder H\u00f8yre","distributor_original_site_url":"https:\/\/hoyre.no\/agder","push-errors":false,"_links":{"self":[{"href":"https:\/\/hoyre.no\/agder\/wp-json\/wp\/v2\/posts\/1613","targetHints":{"allow":["GET"]}}],"collection":[{"href":"https:\/\/hoyre.no\/agder\/wp-json\/wp\/v2\/posts"}],"about":[{"href":"https:\/\/hoyre.no\/agder\/wp-json\/wp\/v2\/types\/post"}],"author":[{"embeddable":true,"href":"https:\/\/hoyre.no\/agder\/wp-json\/wp\/v2\/users\/347"}],"replies":[{"embeddable":true,"href":"https:\/\/hoyre.no\/agder\/wp-json\/wp\/v2\/comments?post=1613"}],"version-history":[{"count":5,"href":"https:\/\/hoyre.no\/agder\/wp-json\/wp\/v2\/posts\/1613\/revisions"}],"predecessor-version":[{"id":1627,"href":"https:\/\/hoyre.no\/agder\/wp-json\/wp\/v2\/posts\/1613\/revisions\/1627"}],"wp:attachment":[{"href":"https:\/\/hoyre.no\/agder\/wp-json\/wp\/v2\/media?parent=1613"}],"wp:term":[{"taxonomy":"category","embeddable":true,"href":"https:\/\/hoyre.no\/agder\/wp-json\/wp\/v2\/category?post=1613"},{"taxonomy":"post_tag","embeddable":true,"href":"https:\/\/hoyre.no\/agder\/wp-json\/wp\/v2\/post_tag?post=1613"},{"taxonomy":"hoyre-visibility","embeddable":true,"href":"https:\/\/hoyre.no\/agder\/wp-json\/wp\/v2\/hoyre-visibility?post=1613"},{"taxonomy":"article-type","embeddable":true,"href":"https:\/\/hoyre.no\/agder\/wp-json\/wp\/v2\/article-type?post=1613"},{"taxonomy":"politician","embeddable":true,"href":"https:\/\/hoyre.no\/agder\/wp-json\/wp\/v2\/politician?post=1613"}],"curies":[{"name":"wp","href":"https:\/\/api.w.org\/{rel}","templated":true}]}}