{"id":1690,"date":"2023-02-07T10:11:30","date_gmt":"2023-02-07T09:11:30","guid":{"rendered":"https:\/\/hoyre.no\/agder\/?p=1690"},"modified":"2023-02-07T10:12:22","modified_gmt":"2023-02-07T09:12:22","slug":"resolusjon-energi-til-naering","status":"publish","type":"post","link":"https:\/\/hoyre.no\/agder\/aktuelt\/resolusjon-energi-til-naering\/","title":{"rendered":"Resolusjon: Energi til n\u00e6ring"},"content":{"rendered":"\n<p class=\"preamble\">Les resolusjonen Agder H\u00f8yres fylkes\u00e5rsm\u00f8te 2023 vedtok.<\/p>\t\t\t<div class=\"post-meta wp-block teft-byline-wrapper\">\n\t\t\t\t<div class=\"top\">\n\t\t\t\t\t<div class=\"signature\">\n\t\t\t\t\t\t<div class=\"teft-byline\">\n\t\t\t\t\t\t\t\t\t\t\t\t\t\t<div>\n\t\t\t\t\t\t\t\t<h3>H\u00f8yres redaksjon<\/h3>\t\t\t\t\t\t\t\t\n\t\t\t\t\t\t\t\t\t\t\t\t\t\t\t\t\t<span class=\"date\">Sist oppdatert: 7. februar 2023<\/span>\n\t\t\t\t\t\t\t\t\t\t\t\t\t\t\t\t\t\t\t\t\t\t\t\t\t<span class=\"reading-time\" itemprop=\"timeRequired\" content=\"PT5M\"><em>Ca. 5 minutter lesetid<\/em><\/span>\n\t\t\t\t\t\t\t\t\t\t\t\t\t\t\t<\/div>\n\t\t\t\t\t\t<\/div>\n\t\t\t\t\t<\/div>\n\t\t\t\t\t\t<div class=\"sharing\">\n\t\t<a class=\"share-button share-link copy-link\" data-copy=\"https:\/\/hoyre.no\/agder\/aktuelt\/resolusjon-energi-til-naering\/\" target=\"_blank\"><span class=\"screen-reader-text\">Del link<\/span><\/a>\n\t\t<a class=\"share-button share-twitter\" href=\"http:\/\/twitter.com\/share?text=Resolusjon: Energi til n\u00e6ring&#038;url=https:\/\/hoyre.no\/agder\/aktuelt\/resolusjon-energi-til-naering\/&#038;hashtags=Hoyre\" target=\"_blank\"><span class=\"screen-reader-text\">Del p\u00e5 twitter<\/span><\/a>\n\t\t<a class=\"share-button share-facebook\" href=\"https:\/\/www.facebook.com\/sharer\/sharer.php?u=https:\/\/hoyre.no\/agder\/aktuelt\/resolusjon-energi-til-naering\/\" target=\"_blank\"><span class=\"screen-reader-text\">Del p\u00e5 facebook<\/span><\/a>\n\t<\/div>\n\t\t\t\t\t<\/div>\n\t\t\t<\/div>\n\n\t\t\t<figure class=\"hoyre-image-wrapper\"><div class=\"hoyre-image\"><img loading=\"lazy\" decoding=\"async\" width=\"2500\" height=\"1668\" src=\"https:\/\/hoyre.no\/content\/uploads\/sites\/6\/2023\/02\/GettyImages-1292878815-scaled.jpg\" class=\"attachment-scaled size-scaled\" alt=\"\" style=\"object-position: 50% 50%\" srcset=\"https:\/\/hoyre.no\/content\/uploads\/sites\/6\/2023\/02\/GettyImages-1292878815-scaled.jpg 2500w, https:\/\/hoyre.no\/content\/uploads\/sites\/6\/2023\/02\/GettyImages-1292878815-300x200.jpg 300w, https:\/\/hoyre.no\/content\/uploads\/sites\/6\/2023\/02\/GettyImages-1292878815-1024x683.jpg 1024w, https:\/\/hoyre.no\/content\/uploads\/sites\/6\/2023\/02\/GettyImages-1292878815-768x513.jpg 768w, https:\/\/hoyre.no\/content\/uploads\/sites\/6\/2023\/02\/GettyImages-1292878815-1536x1025.jpg 1536w, https:\/\/hoyre.no\/content\/uploads\/sites\/6\/2023\/02\/GettyImages-1292878815-2048x1367.jpg 2048w\" sizes=\"auto, (max-width: 2500px) 100vw, 2500px\" \/><\/div><\/figure>\n\n\n\n\n<p>Tilgang til sikker og rimelig str\u00f8m har sikret Agder utvikling, vekst, velferd, og et viktig konkurransefortrinn. Fra naturens side har landsdelen v\u00e5r tilgang p\u00e5 et stort overskudd p\u00e5 fleksibel vannkraft. I et normal\u00e5r tilsvarer overskuddet alene 11-12 Altakraftverk og utgj\u00f8r faktisk halvparten av Norges kraftoverskudd.<\/p>\n\n\n\n<p>Det siste \u00e5ret har situasjonen blitt snudd p\u00e5 hodet. Fra \u00e5 v\u00e6re den landsdelen som har best tilgang p\u00e5 ren, rimelig fornybar kraft har v\u00e5rt n\u00e6ringsliv opplevd h\u00f8ye str\u00f8mpriser sammenlignet med det n\u00e6ringen i nord har opplevd. Vi har p\u00e5 kort tid g\u00e5tt fra \u00e5 ha kraft som konkurransefordel til \u00e5 f\u00e5 h\u00f8ye str\u00f8mpriser som en konkurranseulempe. Det kan ikke fortsette over tid.<\/p>\n\n\n\n<p>H\u00f8ye str\u00f8mpriser f\u00e5r store konsekvenser for v\u00e5rt n\u00e6ringsliv og for v\u00e5r industri. I tillegg gir regjeringens kraftskattepakke ekstra store utslag for v\u00e5r landsdel og v\u00e5re kommuner. I stedet for at \u00f8kte konsesjonskraftsinntekter og h\u00f8yt utbytte fra \u00c5 Energi finner veien til fylkeskommunen og kommunene p\u00e5 Agder g\u00e5r n\u00e5 det meste av ekstrainntektene til staten. Det er penger vi kunne brukt p\u00e5 investeringer som kommer v\u00e5re innbyggere til gode, og tiltak for \u00e5 kompensere for h\u00f8ye str\u00f8mpriser til n\u00e6ringslivet v\u00e5rt.<\/p>\n\n\n\n<p>Det er v\u00e5r landsdel som har opplevd ekstremt h\u00f8ye str\u00f8mpriser, og det er vi som har betalt regningene som n\u00e5 gir v\u00e5re kommunalt eide kraftselskap rekordoverskudd.<\/p>\n\n\n\n<p>Vi kan ikke skattelegge oss ut av krisen. Det vi trenger er tydelige og gode politiske prioriteringer. \u00c5 prioritere er i ordboka definert som \u00e5 gi forrang til noe og med det velge bort noe annet. Etter ett \u00e5r med Arbeiderpartiet og Senterpartiet i regjering prioriteres det feil, og Agder er valgt bort. Det er ogs\u00e5 hoved\u00e5rsaken til at n\u00e6ringslivet p\u00e5 Agder aldri har hatt lavere tillit til v\u00e5re Stortingsrepresentanter.<\/p>\n\n\n\n<p>Agder H\u00f8yre \u00f8nsker \u00e5 f\u00f8re en energi- og n\u00e6ringspolitikk som skaper vekst og arbeidsplasser i v\u00e5r landsdel. Da m\u00e5 vi f\u00f8re en skattepolitikk som gir incentiver til \u00e5 investere. Vi m\u00e5 f\u00f8re en energipolitikk som f\u00e5r ned kraftprisene i v\u00e5r region uten \u00e5 g\u00e5 p\u00e5 tvers av E\u00d8S-avtalen og v\u00e5rt samarbeid med Europa. I den offentlige debatten f\u00e5r EU, ACER og kraftkabler skylden for h\u00f8ye kraftpriser. Realiteten er langt mer sammensatt. Det handler p\u00e5 den ene siden om et kraftmarked med lite tilgang p\u00e5 gass for\u00e5rsaket av Russlands president Vladimir Putin og krigen i Ukraina.<\/p>\n\n\n\n<p>For Norges del kommer dette p\u00e5 toppen av kalde og t\u00f8rre vintre i 2021 og 2022 som \u00f8kte str\u00f8mforbruket og tappet v\u00e5re magasiner. Variasjonen i pris f\u00f8lger ogs\u00e5 variasjoner i v\u00e6ret. Derfor har vi det siste \u00e5ret hatt rekordh\u00f8ye priser, mens vi tilbake i 2020 hadde gleden av rekordlave priser. Det er b\u00e5de fordelen og ulempen med \u00e5 v\u00e6re en vannkraftnasjon som Norge.<\/p>\n\n\n\n<p>I tillegg sl\u00e5r lange perioder med lite vind p\u00e5 det europeiske kontinentet ogs\u00e5 ut i betydelige og rekordh\u00f8ye pristopper i det europeiske kraftmarkedet som vi er en del av.<\/p>\n\n\n\n<p>Men kraftkabler og energisamarbeid med Europa er ikke noe nytt. Det har vi holdt p\u00e5 med siden 60-tallet, og det har tjent en v\u00e6ravhengig kraftnasjon som Norge godt. Det nye er at kraftpolitikken ogs\u00e5 blir brukt i et storpolitisk spill.&nbsp;<\/p>\n\n\n\n<p>Det gir en ekstra dimensjon til kraftpolitikken v\u00e5r. Sikkerhetspolitikk.<\/p>\n\n\n\n<p>\u00c5 strupe energisamarbeidet v\u00e5rt med Europa i en tid hvor v\u00e5re naboland og venner skriker etter mer energi ville v\u00e6rt en usolidarisk politikk som ikke hadde tjent nasjonen Norge.<\/p>\n\n\n\n<p>Vi m\u00e5 heller ikke glemme at i en stadig mer urolig verden er gjensidig avhengighet av hverandre den viktigste garantien vi har mot krig og konflikt. \u00c5 knytte oss til det europeiske kraftmarkedet gir oss en sikkerhetspolitisk garanti som knytter v\u00e5re alliertes interesser til v\u00e5re. Energi vil alltid v\u00e6re en ressurs og et gode som er viktig i internasjonal storpolitikk. Et integrert kraftmarked med v\u00e5re allierte gir oss ikke bare sikkerhetspolitiske garantier, men en realpolitisk og n\u00f8dvendig innsats for \u00e5 beskytte Norge. Krigen i Ukraina har vist oss hvor viktig det kan v\u00e6re.<\/p>\n\n\n\n<p>Agder H\u00f8yre mener at str\u00f8mprisen er for h\u00f8y. Derfor m\u00e5 det gj\u00f8res tiltak for \u00e5 redusere den. Det er viktig p\u00e5 kort sikt \u00e5 f\u00e5 p\u00e5 plass mekanismer som gj\u00f8r str\u00f8mregningen ogs\u00e5 kan reduseres for n\u00e6ringslivet. Det m\u00e5 v\u00e6re mulig n\u00e5r vi vet at kraftinntektene til det offentlige stiger til rekordh\u00f8ye niv\u00e5er som f\u00f8lge av de h\u00f8ye energiprisene.<\/p>\n\n\n\n<p>Vi m\u00e5 bygge ut mer fornybar kraft for \u00e5 redusere prisene og sikre krafttilgang til nye n\u00e6ringer. Infrastrukturen mellom nord og s\u00f8r i Norge m\u00e5 bygges ut for f\u00e5 et mer velfungerende kraftmarked p\u00e5 hjemmebane, og vi m\u00e5 bruke eiermakten i v\u00e5re kraftselskap til \u00e5 sikre industri- og n\u00e6ringsliv tilgang p\u00e5 rimelig energi. Norge er tjent med et tett integrert Europa som driver handel med hverandre. Rundt 80 prosent av v\u00e5r eksport g\u00e5r til EU og Storbritannia. Norsk gass og infrastruktur med r\u00f8rledninger til kontinentet er viktige i europeisk energiforsyning og norsk verdiskaping. Det samme er kraftkabler med str\u00f8m. En god internasjonal handelsavtale m\u00e5 tjene alle parter, og da kan vi ikke melde oss ut av det europeiske fellesskapet. Agder H\u00f8yre mener vi m\u00e5 jobbe for \u00e5 forbedre, utvikle og fornye v\u00e5r kraftpolitikk og samarbeid med EU og Europa. Det tjener Agder p\u00e5, det tjener Norge p\u00e5, og det tjener Europa p\u00e5.<\/p>\n\n\n\n<p><strong>Agder H\u00f8yre vil:<\/strong><\/p>\n\n\n\n<ul class=\"wp-block-list\"><li>Bevare v\u00e5r konkurransefordel og arbeide for sikker tilgang til rimelig kraft for norske husholdninger og bedrifter.<\/li><li>Jobbe for \u00e5 tilby n\u00e6ringsliv og industri gunstige og forutsigbare fastprisavtaler.<\/li><li>Sikre at deler av de \u00f8kte offentlige inntektene fra h\u00f8ye kraftpriser brukes til \u00e5 \u00f8ke str\u00f8mst\u00f8tten til privatpersoner og n\u00e6ringslivet for \u00e5 sikre konkurransekraft og tilgang til rimelig str\u00f8m.\u00a0<\/li><li>Sterkt redusere regjeringens kraftskattepakke og trekk i overf\u00f8ringer til kommune og fylkeskommuner med konsesjonskraftsinntekter.<\/li><li>Redusere skatte- og avgiftsniv\u00e5et til n\u00e6ringslivet generelt med m\u00e5l om \u00e5 bedre konkurransebetingelsene til v\u00e5re bedrifter.<\/li><li>Bygge ut mer fornybarkraft Norge i form av vind, vann og solenergi.<\/li><li>V\u00e6re positive til at land i Europa utvider og utvikler sine atomkraftanlegg.<\/li><li>Utvikle str\u00f8mnettet i Norge og sikre tilgang til industriutvikling.<\/li><li>\u00d8ke overf\u00f8ringskapasiteten mellom nord og s\u00f8r.<\/li><li>Bevare og utvikle norsk energipolitikk som en integrert del av norsk sikkerhetspolitikk.<\/li><li>Ha som m\u00e5l at Norge p\u00e5 sikt skal etablere kjernekraft som en p\u00e5litelig energikilde i landet.<\/li><\/ul>\n\n\n<div class=\"tags\">\n\t<\/div>\n<div class=\"post-footer alignfull has-background block-editor-block-list__block\" data-align=full>\n\t<div class=\"post-footer-inner\">\n\t\t<h3>Relaterte artikler<\/h3>\n\t\t<div class=\"related-content\"><div class=\"is-card-hoyre\">\n\t<div class=\"teft-card hoyre-teft-card post-teft-card\">\n\t\t<a href=\"https:\/\/hoyre.no\/agder\/aktuelt\/agder-hoyre-onsker-dine-innspill-fylkestings-programmet\/\" class=\"teft-card__primary-action\">\n\n\t\t\t\t\t<div class=\"teft-card__media teft-card__media--16-9\">\n\t\t\t\t\t\t<img loading=\"lazy\" decoding=\"async\" width=\"768\" height=\"819\" src=\"https:\/\/hoyre.no\/content\/uploads\/sites\/6\/2025\/06\/DSC04923-edited-768x819.jpg\" class=\"attachment-medium_large size-medium_large\" alt=\"\" srcset=\"https:\/\/hoyre.no\/content\/uploads\/sites\/6\/2025\/06\/DSC04923-edited-768x819.jpg 768w, https:\/\/hoyre.no\/content\/uploads\/sites\/6\/2025\/06\/DSC04923-edited-281x300.jpg 281w, https:\/\/hoyre.no\/content\/uploads\/sites\/6\/2025\/06\/DSC04923-edited-960x1024.jpg 960w, https:\/\/hoyre.no\/content\/uploads\/sites\/6\/2025\/06\/DSC04923-edited-1440x1536.jpg 1440w, https:\/\/hoyre.no\/content\/uploads\/sites\/6\/2025\/06\/DSC04923-edited-1920x2048.jpg 1920w\" sizes=\"auto, (max-width: 768px) 100vw, 768px\" \/>\t\t<\/div>\n\t\t\n\t\t\t<div class=\"teft-card__content-wrapper\">\n\t\t\t\t<div class=\"teft-card__secondary\">\n\t\t\t\t\t\n\t\t\t\t\t\t\t\t<div class=\"teft-card__meta\">\n\t\t\t\t\t\t\t\t\t<span class=\"post-date\">21. apr 2026<\/span>\n\n\t\t\t\t\t\t\t\t\t<span class=\"post-category\">Nyheter<\/span>\t\t\t\t\t\t\t\t<\/div>\n\t\t\t\t\t\t\t\t\t\t\t<\/div>\n\n\t\t\t\t<div class=\"teft-card__primary\">\n\t\t\t\t\t<h2 class=\"teft-card__title\">Agder H\u00f8yres programprosess for Fylkestingsvalget 2027&nbsp;<span class=\"teft-card__primary-title-append\"><\/span><\/h2>\t\t\t\t<\/div>\n\t\t\t<\/div>\n\t\t<\/a>\n\t<\/div>\n\n\t<\/div><div class=\"is-card-hoyre\">\n\t<div class=\"teft-card hoyre-teft-card post-teft-card\">\n\t\t<a href=\"https:\/\/hoyre.no\/agder\/aktuelt\/agder-hoyres-nye-regionradgiver\/\" class=\"teft-card__primary-action\">\n\n\t\t\t\t\t<div class=\"teft-card__media teft-card__media--16-9\">\n\t\t\t\t\t\t<img loading=\"lazy\" decoding=\"async\" width=\"768\" height=\"768\" src=\"https:\/\/hoyre.no\/content\/uploads\/sites\/6\/2026\/03\/Aleksander-L-768x768.png\" class=\"attachment-medium_large size-medium_large\" alt=\"\" srcset=\"https:\/\/hoyre.no\/content\/uploads\/sites\/6\/2026\/03\/Aleksander-L-768x768.png 768w, https:\/\/hoyre.no\/content\/uploads\/sites\/6\/2026\/03\/Aleksander-L-e1775591785378-300x300.png 300w, https:\/\/hoyre.no\/content\/uploads\/sites\/6\/2026\/03\/Aleksander-L-e1775591785378-150x150.png 150w, https:\/\/hoyre.no\/content\/uploads\/sites\/6\/2026\/03\/Aleksander-L-e1775591785378.png 722w\" sizes=\"auto, (max-width: 768px) 100vw, 768px\" \/>\t\t<\/div>\n\t\t\n\t\t\t<div class=\"teft-card__content-wrapper\">\n\t\t\t\t<div class=\"teft-card__secondary\">\n\t\t\t\t\t\n\t\t\t\t\t\t\t\t<div class=\"teft-card__meta\">\n\t\t\t\t\t\t\t\t\t<span class=\"post-date\">23. mar 2026<\/span>\n\n\t\t\t\t\t\t\t\t\t\t\t\t\t\t\t\t\t<\/div>\n\t\t\t\t\t\t\t\t\t\t\t<\/div>\n\n\t\t\t\t<div class=\"teft-card__primary\">\n\t\t\t\t\t<h2 class=\"teft-card__title\">Agder H\u00f8yres nye regionr\u00e5dgiver&nbsp;<span class=\"teft-card__primary-title-append\"><\/span><\/h2>\t\t\t\t<\/div>\n\t\t\t<\/div>\n\t\t<\/a>\n\t<\/div>\n\n\t<\/div><div class=\"is-card-hoyre\">\n\t<div class=\"teft-card hoyre-teft-card post-teft-card\">\n\t\t<a href=\"https:\/\/hoyre.no\/agder\/aktuelt\/agder-hoyres-nominasjonsprosess-for-fylkestingsvalget-2027\/\" class=\"teft-card__primary-action\">\n\n\t\t\t\t\t<div class=\"teft-card__media teft-card__media--16-9\">\n\t\t\t\t\t\t<img loading=\"lazy\" decoding=\"async\" width=\"768\" height=\"512\" src=\"https:\/\/hoyre.no\/content\/uploads\/sites\/6\/2026\/03\/Haagen-Poppe-Foto-Hans-Kristian-Thorbjornsen-768x512.jpg\" class=\"attachment-medium_large size-medium_large\" alt=\"\" srcset=\"https:\/\/hoyre.no\/content\/uploads\/sites\/6\/2026\/03\/Haagen-Poppe-Foto-Hans-Kristian-Thorbjornsen-768x512.jpg 768w, https:\/\/hoyre.no\/content\/uploads\/sites\/6\/2026\/03\/Haagen-Poppe-Foto-Hans-Kristian-Thorbjornsen-300x200.jpg 300w, https:\/\/hoyre.no\/content\/uploads\/sites\/6\/2026\/03\/Haagen-Poppe-Foto-Hans-Kristian-Thorbjornsen-1024x683.jpg 1024w, https:\/\/hoyre.no\/content\/uploads\/sites\/6\/2026\/03\/Haagen-Poppe-Foto-Hans-Kristian-Thorbjornsen-1536x1025.jpg 1536w, https:\/\/hoyre.no\/content\/uploads\/sites\/6\/2026\/03\/Haagen-Poppe-Foto-Hans-Kristian-Thorbjornsen-2048x1366.jpg 2048w\" sizes=\"auto, (max-width: 768px) 100vw, 768px\" \/>\t\t<\/div>\n\t\t\n\t\t\t<div class=\"teft-card__content-wrapper\">\n\t\t\t\t<div class=\"teft-card__secondary\">\n\t\t\t\t\t\n\t\t\t\t\t\t\t\t<div class=\"teft-card__meta\">\n\t\t\t\t\t\t\t\t\t<span class=\"post-date\">5. mar 2026<\/span>\n\n\t\t\t\t\t\t\t\t\t\t\t\t\t\t\t\t\t<\/div>\n\t\t\t\t\t\t\t\t\t\t\t<\/div>\n\n\t\t\t\t<div class=\"teft-card__primary\">\n\t\t\t\t\t<h2 class=\"teft-card__title\">Agder H\u00f8yres nominasjonsprosess for  Fylkestingsvalget 2027&nbsp;<span class=\"teft-card__primary-title-append\"><\/span><\/h2>\t\t\t\t<\/div>\n\t\t\t<\/div>\n\t\t<\/a>\n\t<\/div>\n\n\t<\/div><\/div>\t<\/div>\n<\/div>\n","protected":false},"excerpt":{"rendered":"","protected":false},"author":347,"featured_media":0,"comment_status":"closed","ping_status":"closed","sticky":false,"template":"","format":"standard","meta":{"teft_cards_image_url":"","teft_cards_custom_pretitle":"","teft_cards_image_id":1691,"teft_cards_image_focal_point_x":0.5,"teft_cards_image_focal_point_y":0.5,"teft_cards_title":"","teft_cards_excerpt":"","teft_show_chapters":false,"author_display_name":"","footnotes":""},"category":[9],"post_tag":[],"hoyre-visibility":[],"article-type":[],"politician":[],"class_list":["post-1690","post","type-post","status-publish","format-standard","hentry","category-politikk"],"yoast_head":"<!-- This site is optimized with the Yoast SEO Premium plugin v26.5 (Yoast SEO v26.6) - https:\/\/yoast.com\/wordpress\/plugins\/seo\/ -->\n<title>Resolusjon: Energi til n\u00e6ring - Agder H\u00f8yre<\/title>\n<meta name=\"robots\" content=\"index, follow, max-snippet:-1, max-image-preview:large, max-video-preview:-1\" \/>\n<link rel=\"canonical\" href=\"https:\/\/hoyre.no\/agder\/aktuelt\/resolusjon-energi-til-naering\/\" \/>\n<meta property=\"og:locale\" content=\"nb_NO\" \/>\n<meta property=\"og:type\" content=\"article\" \/>\n<meta property=\"og:title\" content=\"Resolusjon: Energi til n\u00e6ring\" \/>\n<meta property=\"og:url\" content=\"https:\/\/hoyre.no\/agder\/aktuelt\/resolusjon-energi-til-naering\/\" \/>\n<meta property=\"og:site_name\" content=\"Agder H\u00f8yre\" \/>\n<meta property=\"article:published_time\" content=\"2023-02-07T09:11:30+00:00\" \/>\n<meta property=\"article:modified_time\" content=\"2023-02-07T09:12:22+00:00\" \/>\n<meta property=\"og:image\" content=\"https:\/\/hoyre.no\/content\/uploads\/sites\/6\/2026\/03\/Haagen-Poppe-Foto-Hans-Kristian-Thorbjornsen-1024x683.jpg\" \/>\n<meta name=\"author\" content=\"Nicolai \u00d8steby\" \/>\n<meta name=\"twitter:card\" content=\"summary_large_image\" \/>\n<meta name=\"twitter:label1\" content=\"Skrevet av\" \/>\n\t<meta name=\"twitter:data1\" content=\"Nicolai \u00d8steby\" \/>\n\t<meta name=\"twitter:label2\" content=\"Ansl. lesetid\" \/>\n\t<meta name=\"twitter:data2\" content=\"6 minutter\" \/>\n<script type=\"application\/ld+json\" class=\"yoast-schema-graph\">{\"@context\":\"https:\/\/schema.org\",\"@graph\":[{\"@type\":\"NewsArticle\",\"@id\":\"https:\/\/hoyre.no\/agder\/aktuelt\/resolusjon-energi-til-naering\/\",\"url\":\"https:\/\/hoyre.no\/agder\/aktuelt\/resolusjon-energi-til-naering\/\",\"name\":\"Resolusjon: Energi til n\u00e6ring - Agder H\u00f8yre\",\"isPartOf\":{\"@id\":\"https:\/\/hoyre.no\/agder\/#website\"},\"datePublished\":\"2023-02-07T09:11:30+00:00\",\"dateModified\":\"2023-02-07T09:12:22+00:00\",\"author\":{\"@id\":\"https:\/\/hoyre.no\/agder\/#\/schema\/person\/021fc9b8ca1e7342b4fb2d096feabdeb\"},\"breadcrumb\":{\"@id\":\"https:\/\/hoyre.no\/agder\/aktuelt\/resolusjon-energi-til-naering\/#breadcrumb\"},\"inLanguage\":\"nb-NO\",\"potentialAction\":[{\"@type\":\"ReadAction\",\"target\":[\"https:\/\/hoyre.no\/agder\/aktuelt\/resolusjon-energi-til-naering\/\"]}]},{\"@type\":\"BreadcrumbList\",\"@id\":\"https:\/\/hoyre.no\/agder\/aktuelt\/resolusjon-energi-til-naering\/#breadcrumb\",\"itemListElement\":[{\"@type\":\"ListItem\",\"position\":1,\"name\":\"Til hoyre.no\",\"item\":\"https:\/\/hoyre.no\"},{\"@type\":\"ListItem\",\"position\":2,\"name\":\"Hjem\",\"item\":\"https:\/\/hoyre.no\/agder\/\"},{\"@type\":\"ListItem\",\"position\":3,\"name\":\"Resolusjon: Energi til n\u00e6ring\"}]},{\"@type\":\"WebSite\",\"@id\":\"https:\/\/hoyre.no\/agder\/#website\",\"url\":\"https:\/\/hoyre.no\/agder\/\",\"name\":\"Agder H\u00f8yre\",\"description\":\"Bare enda et H\u00f8yres nettsteder-nettsted\",\"inLanguage\":\"nb-NO\"},{\"@type\":\"Person\",\"@id\":\"https:\/\/hoyre.no\/agder\/#\/schema\/person\/021fc9b8ca1e7342b4fb2d096feabdeb\",\"name\":\"Nicolai \u00d8steby\",\"image\":{\"@type\":\"ImageObject\",\"inLanguage\":\"nb-NO\",\"@id\":\"https:\/\/hoyre.no\/agder\/#\/schema\/person\/image\/\",\"url\":\"https:\/\/secure.gravatar.com\/avatar\/a3750b4c871cea281fbf2f98069040c5f19bd5960ceb747df23830db6948b121?s=96&d=mm&r=g\",\"contentUrl\":\"https:\/\/secure.gravatar.com\/avatar\/a3750b4c871cea281fbf2f98069040c5f19bd5960ceb747df23830db6948b121?s=96&d=mm&r=g\",\"caption\":\"Nicolai \u00d8steby\"},\"url\":\"https:\/\/hoyre.no\/agder\/aktuelt\/author\/m52043361\/\"}]}<\/script>\n<!-- \/ Yoast SEO Premium plugin. -->","yoast_head_json":{"title":"Resolusjon: Energi til n\u00e6ring - Agder H\u00f8yre","robots":{"index":"index","follow":"follow","max-snippet":"max-snippet:-1","max-image-preview":"max-image-preview:large","max-video-preview":"max-video-preview:-1"},"canonical":"https:\/\/hoyre.no\/agder\/aktuelt\/resolusjon-energi-til-naering\/","og_locale":"nb_NO","og_type":"article","og_title":"Resolusjon: Energi til n\u00e6ring","og_url":"https:\/\/hoyre.no\/agder\/aktuelt\/resolusjon-energi-til-naering\/","og_site_name":"Agder H\u00f8yre","article_published_time":"2023-02-07T09:11:30+00:00","article_modified_time":"2023-02-07T09:12:22+00:00","og_image":[{"url":"https:\/\/hoyre.no\/content\/uploads\/sites\/6\/2026\/03\/Haagen-Poppe-Foto-Hans-Kristian-Thorbjornsen-1024x683.jpg","width":"","height":"","type":""}],"author":"Nicolai \u00d8steby","twitter_card":"summary_large_image","twitter_misc":{"Skrevet av":"Nicolai \u00d8steby","Ansl. lesetid":"6 minutter"},"schema":{"@context":"https:\/\/schema.org","@graph":[{"@type":"NewsArticle","@id":"https:\/\/hoyre.no\/agder\/aktuelt\/resolusjon-energi-til-naering\/","url":"https:\/\/hoyre.no\/agder\/aktuelt\/resolusjon-energi-til-naering\/","name":"Resolusjon: Energi til n\u00e6ring - Agder H\u00f8yre","isPartOf":{"@id":"https:\/\/hoyre.no\/agder\/#website"},"datePublished":"2023-02-07T09:11:30+00:00","dateModified":"2023-02-07T09:12:22+00:00","author":{"@id":"https:\/\/hoyre.no\/agder\/#\/schema\/person\/021fc9b8ca1e7342b4fb2d096feabdeb"},"breadcrumb":{"@id":"https:\/\/hoyre.no\/agder\/aktuelt\/resolusjon-energi-til-naering\/#breadcrumb"},"inLanguage":"nb-NO","potentialAction":[{"@type":"ReadAction","target":["https:\/\/hoyre.no\/agder\/aktuelt\/resolusjon-energi-til-naering\/"]}]},{"@type":"BreadcrumbList","@id":"https:\/\/hoyre.no\/agder\/aktuelt\/resolusjon-energi-til-naering\/#breadcrumb","itemListElement":[{"@type":"ListItem","position":1,"name":"Til hoyre.no","item":"https:\/\/hoyre.no"},{"@type":"ListItem","position":2,"name":"Hjem","item":"https:\/\/hoyre.no\/agder\/"},{"@type":"ListItem","position":3,"name":"Resolusjon: Energi til n\u00e6ring"}]},{"@type":"WebSite","@id":"https:\/\/hoyre.no\/agder\/#website","url":"https:\/\/hoyre.no\/agder\/","name":"Agder H\u00f8yre","description":"Bare enda et H\u00f8yres nettsteder-nettsted","inLanguage":"nb-NO"},{"@type":"Person","@id":"https:\/\/hoyre.no\/agder\/#\/schema\/person\/021fc9b8ca1e7342b4fb2d096feabdeb","name":"Nicolai \u00d8steby","image":{"@type":"ImageObject","inLanguage":"nb-NO","@id":"https:\/\/hoyre.no\/agder\/#\/schema\/person\/image\/","url":"https:\/\/secure.gravatar.com\/avatar\/a3750b4c871cea281fbf2f98069040c5f19bd5960ceb747df23830db6948b121?s=96&d=mm&r=g","contentUrl":"https:\/\/secure.gravatar.com\/avatar\/a3750b4c871cea281fbf2f98069040c5f19bd5960ceb747df23830db6948b121?s=96&d=mm&r=g","caption":"Nicolai \u00d8steby"},"url":"https:\/\/hoyre.no\/agder\/aktuelt\/author\/m52043361\/"}]}},"distributor_meta":false,"distributor_terms":false,"distributor_media":false,"distributor_original_site_name":"Agder H\u00f8yre","distributor_original_site_url":"https:\/\/hoyre.no\/agder","push-errors":false,"_links":{"self":[{"href":"https:\/\/hoyre.no\/agder\/wp-json\/wp\/v2\/posts\/1690","targetHints":{"allow":["GET"]}}],"collection":[{"href":"https:\/\/hoyre.no\/agder\/wp-json\/wp\/v2\/posts"}],"about":[{"href":"https:\/\/hoyre.no\/agder\/wp-json\/wp\/v2\/types\/post"}],"author":[{"embeddable":true,"href":"https:\/\/hoyre.no\/agder\/wp-json\/wp\/v2\/users\/347"}],"replies":[{"embeddable":true,"href":"https:\/\/hoyre.no\/agder\/wp-json\/wp\/v2\/comments?post=1690"}],"version-history":[{"count":2,"href":"https:\/\/hoyre.no\/agder\/wp-json\/wp\/v2\/posts\/1690\/revisions"}],"predecessor-version":[{"id":1693,"href":"https:\/\/hoyre.no\/agder\/wp-json\/wp\/v2\/posts\/1690\/revisions\/1693"}],"wp:attachment":[{"href":"https:\/\/hoyre.no\/agder\/wp-json\/wp\/v2\/media?parent=1690"}],"wp:term":[{"taxonomy":"category","embeddable":true,"href":"https:\/\/hoyre.no\/agder\/wp-json\/wp\/v2\/category?post=1690"},{"taxonomy":"post_tag","embeddable":true,"href":"https:\/\/hoyre.no\/agder\/wp-json\/wp\/v2\/post_tag?post=1690"},{"taxonomy":"hoyre-visibility","embeddable":true,"href":"https:\/\/hoyre.no\/agder\/wp-json\/wp\/v2\/hoyre-visibility?post=1690"},{"taxonomy":"article-type","embeddable":true,"href":"https:\/\/hoyre.no\/agder\/wp-json\/wp\/v2\/article-type?post=1690"},{"taxonomy":"politician","embeddable":true,"href":"https:\/\/hoyre.no\/agder\/wp-json\/wp\/v2\/politician?post=1690"}],"curies":[{"name":"wp","href":"https:\/\/api.w.org\/{rel}","templated":true}]}}