{"id":1763,"date":"2023-03-27T12:57:59","date_gmt":"2023-03-27T10:57:59","guid":{"rendered":"https:\/\/hoyre.no\/agder\/?p=1763"},"modified":"2023-03-30T14:40:22","modified_gmt":"2023-03-30T12:40:22","slug":"landsmotetale-beate-skretting","status":"publish","type":"post","link":"https:\/\/hoyre.no\/agder\/aktuelt\/landsmotetale-beate-skretting\/","title":{"rendered":"Landsm\u00f8tetale: Beate Skretting"},"content":{"rendered":"\n<p class=\"preamble\">Her kan du lese Grimstad-ordf\u00f8rer Beate Skrettings innlegg i storresolusjonsdebatten under H\u00f8yres landsm\u00f8te 2023.<\/p>\t\t\t<div class=\"post-meta wp-block teft-byline-wrapper\">\n\t\t\t\t<div class=\"top\">\n\t\t\t\t\t<div class=\"signature\">\n\t\t\t\t\t\t<div class=\"teft-byline\">\n\t\t\t\t\t\t\t\t\t\t\t\t\t\t<div>\n\t\t\t\t\t\t\t\t<h3>H\u00f8yres redaksjon<\/h3>\t\t\t\t\t\t\t\t\n\t\t\t\t\t\t\t\t\t\t\t\t\t\t\t\t\t<span class=\"date\">Sist oppdatert: 30. mars 2023<\/span>\n\t\t\t\t\t\t\t\t\t\t\t\t\t\t\t\t\t\t\t\t\t\t\t\t\t<span class=\"reading-time\" itemprop=\"timeRequired\" content=\"PT2M\"><em>Ca. 2 minutter lesetid<\/em><\/span>\n\t\t\t\t\t\t\t\t\t\t\t\t\t\t\t<\/div>\n\t\t\t\t\t\t<\/div>\n\t\t\t\t\t<\/div>\n\t\t\t\t\t\t<div class=\"sharing\">\n\t\t<a class=\"share-button share-link copy-link\" data-copy=\"https:\/\/hoyre.no\/agder\/aktuelt\/landsmotetale-beate-skretting\/\" target=\"_blank\"><span class=\"screen-reader-text\">Del link<\/span><\/a>\n\t\t<a class=\"share-button share-twitter\" href=\"http:\/\/twitter.com\/share?text=Landsm\u00f8tetale: Beate Skretting&#038;url=https:\/\/hoyre.no\/agder\/aktuelt\/landsmotetale-beate-skretting\/&#038;hashtags=Hoyre\" target=\"_blank\"><span class=\"screen-reader-text\">Del p\u00e5 twitter<\/span><\/a>\n\t\t<a class=\"share-button share-facebook\" href=\"https:\/\/www.facebook.com\/sharer\/sharer.php?u=https:\/\/hoyre.no\/agder\/aktuelt\/landsmotetale-beate-skretting\/\" target=\"_blank\"><span class=\"screen-reader-text\">Del p\u00e5 facebook<\/span><\/a>\n\t<\/div>\n\t\t\t\t\t<\/div>\n\t\t\t<\/div>\n\n\t\t\t<figure class=\"hoyre-image-wrapper\"><div class=\"hoyre-image\"><img loading=\"lazy\" decoding=\"async\" width=\"2500\" height=\"1875\" src=\"https:\/\/hoyre.no\/content\/uploads\/sites\/6\/2023\/03\/IMG_7592-scaled.jpeg\" class=\"attachment-scaled size-scaled\" alt=\"\" style=\"object-position: 50% 50%\" srcset=\"https:\/\/hoyre.no\/content\/uploads\/sites\/6\/2023\/03\/IMG_7592-scaled.jpeg 2500w, https:\/\/hoyre.no\/content\/uploads\/sites\/6\/2023\/03\/IMG_7592-300x225.jpeg 300w, https:\/\/hoyre.no\/content\/uploads\/sites\/6\/2023\/03\/IMG_7592-1024x768.jpeg 1024w, https:\/\/hoyre.no\/content\/uploads\/sites\/6\/2023\/03\/IMG_7592-768x576.jpeg 768w, https:\/\/hoyre.no\/content\/uploads\/sites\/6\/2023\/03\/IMG_7592-1536x1152.jpeg 1536w, https:\/\/hoyre.no\/content\/uploads\/sites\/6\/2023\/03\/IMG_7592-2048x1536.jpeg 2048w\" sizes=\"auto, (max-width: 2500px) 100vw, 2500px\" \/><\/div><figcaption class=\"caption\">Bildet kan brukes fritt til redaksjonell bruk. (Foto: H\u00f8yre)<\/figcaption><\/figure>\n\n\n\n\n<p>Kj\u00e6re landsm\u00f8te \u2013 dirigenter og delegater:<\/p>\n\n\n\n<p>Som ordf\u00f8rer i en mellomstor norsk kommune ser jeg daglig kommunen samhandle med andre akt\u00f8rer.&nbsp;&nbsp;<\/p>\n\n\n\n<p>Og jeg vil trekke frem forholdet til Statsforvalteren, som spiller en viktig rolle i mange sammenhenger som sektormyndighet, samordningsmyndighet, kontrollorgan og klageinstans.&nbsp;<\/p>\n\n\n\n<p>Mange av kommunenes oppgaver ber\u00f8res av Statsforvalters ansvarsomr\u00e5de, og vi&nbsp;trenger&nbsp;et Statsforvalterembete som bidrar til&nbsp;vekst og utvikling.<\/p>\n\n\n\n<p>Vi har behov for mer energi, b\u00e5de kraftproduksjon og infrastruktur, og vi har behov for utvikling av nye gr\u00f8nne n\u00e6ringer. Og vi trenger&nbsp;tempo&nbsp;for \u00e5 henge med i kampen om de b\u00e6rekraftige etableringene.&nbsp;<\/p>\n\n\n\n<p>Innbyggerne v\u00e5re trenger at vi bygger boliger tilpasset ulike behov, og vi skal samtidig verne om viktige naturressurser for fremtidige generasjoner. Ute i kommunene jobber vi daglig med \u00e5 im\u00f8tekomme og balansere alle disse behovene.<\/p>\n\n\n\n<p>Men prosessene tar for lang tid!<\/p>\n\n\n\n<p>For n\u00e5r saksbehandlingstiden hos Statsforvalter noen gang er p\u00e5 over&nbsp;ett \u00e5r&nbsp;i saker som burde kreve uker &#8211; ja, da er det krevende \u00e5 f\u00e5 til utvikling av v\u00e5re lokalsamfunn. Og dette gjelder ikke bare saksomr\u00e5der der Statsforvalter opptrer som klageorgan.<\/p>\n\n\n\n<p>Til stadighet opplever vi ogs\u00e5 at statsforvalteren har innsigelser i&nbsp;for mange&nbsp;og&nbsp;for sm\u00e5 saker. Da blir kanskje ogs\u00e5 saksomfanget mer omfattende enn n\u00f8dvendig?<\/p>\n\n\n\n<p>Derfor, kj\u00e6re landsm\u00f8te, trenger vi en&nbsp;tydeligere avklaring av Statsforvalters ansvarsomr\u00e5der for \u00e5 avgrense innsigelsesgrunnlaget og dermed ogs\u00e5 sikre&nbsp;lokal styring av lokale interesser.<\/p>\n\n\n\n<p>Det er et&nbsp;viktig prinsipp&nbsp;for oss i H\u00f8yre!<\/p>\n\n\n\n<p>Og vi m\u00e5 sikre&nbsp;tilstrekkelig med ressurser&nbsp;til Statsforvalterembetet for \u00e5 ivareta en&nbsp;forsvarlig saksbehandlingstid.<\/p>\n\n\n\n<p>Vi trenger&nbsp;fart&nbsp;i den b\u00e6rekraftige utviklingen. Da kan ikke sakene bli liggende i k\u00f8 hos Statsforvalter. Det skaper&nbsp;stor&nbsp;frustrasjon hos n\u00e6ringsliv og innbyggere.&nbsp;<\/p>\n\n\n\n<p>Jeg h\u00e5per derfor landsm\u00f8tet kan st\u00f8tte forslagene fra Agder H\u00f8yre om to&nbsp;nye kulepunkt p\u00e5 linje 60 som ivaretar nettopp dette.<\/p>\n\n\n\n<p>Takk.<\/p>\n\n\n\n<figure class=\"wp-block-image size-large\"><img loading=\"lazy\" decoding=\"async\" width=\"1024\" height=\"656\" src=\"https:\/\/hoyre.no\/content\/uploads\/sites\/6\/2023\/03\/MG_3620-2-1024x656.jpg\" alt=\"\" class=\"wp-image-1819\" srcset=\"https:\/\/hoyre.no\/content\/uploads\/sites\/6\/2023\/03\/MG_3620-2-1024x656.jpg 1024w, https:\/\/hoyre.no\/content\/uploads\/sites\/6\/2023\/03\/MG_3620-2-300x192.jpg 300w, https:\/\/hoyre.no\/content\/uploads\/sites\/6\/2023\/03\/MG_3620-2-768x492.jpg 768w, https:\/\/hoyre.no\/content\/uploads\/sites\/6\/2023\/03\/MG_3620-2-1536x985.jpg 1536w, https:\/\/hoyre.no\/content\/uploads\/sites\/6\/2023\/03\/MG_3620-2-2048x1313.jpg 2048w\" sizes=\"auto, (max-width: 1024px) 100vw, 1024px\" \/><figcaption>Bildet kan brukes fritt til redaksjonell bruk. (Foto: H\u00f8yre)<\/figcaption><\/figure>\n\n\n<div class=\"tags\">\n\t<\/div>\n<div class=\"post-footer alignfull has-background block-editor-block-list__block\" data-align=full>\n\t<div class=\"post-footer-inner\">\n\t\t<h3>Relaterte artikler<\/h3>\n\t\t<div class=\"related-content\"><div class=\"is-card-hoyre\">\n\t<div class=\"teft-card hoyre-teft-card post-teft-card\">\n\t\t<a href=\"https:\/\/hoyre.no\/agder\/aktuelt\/agder-hoyre-onsker-dine-innspill-fylkestings-programmet\/\" class=\"teft-card__primary-action\">\n\n\t\t\t\t\t<div class=\"teft-card__media teft-card__media--16-9\">\n\t\t\t\t\t\t<img loading=\"lazy\" decoding=\"async\" width=\"768\" height=\"819\" src=\"https:\/\/hoyre.no\/content\/uploads\/sites\/6\/2025\/06\/DSC04923-edited-768x819.jpg\" class=\"attachment-medium_large size-medium_large\" alt=\"\" srcset=\"https:\/\/hoyre.no\/content\/uploads\/sites\/6\/2025\/06\/DSC04923-edited-768x819.jpg 768w, https:\/\/hoyre.no\/content\/uploads\/sites\/6\/2025\/06\/DSC04923-edited-281x300.jpg 281w, https:\/\/hoyre.no\/content\/uploads\/sites\/6\/2025\/06\/DSC04923-edited-960x1024.jpg 960w, https:\/\/hoyre.no\/content\/uploads\/sites\/6\/2025\/06\/DSC04923-edited-1440x1536.jpg 1440w, https:\/\/hoyre.no\/content\/uploads\/sites\/6\/2025\/06\/DSC04923-edited-1920x2048.jpg 1920w\" sizes=\"auto, (max-width: 768px) 100vw, 768px\" \/>\t\t<\/div>\n\t\t\n\t\t\t<div class=\"teft-card__content-wrapper\">\n\t\t\t\t<div class=\"teft-card__secondary\">\n\t\t\t\t\t\n\t\t\t\t\t\t\t\t<div class=\"teft-card__meta\">\n\t\t\t\t\t\t\t\t\t<span class=\"post-date\">21. apr 2026<\/span>\n\n\t\t\t\t\t\t\t\t\t<span class=\"post-category\">Nyheter<\/span>\t\t\t\t\t\t\t\t<\/div>\n\t\t\t\t\t\t\t\t\t\t\t<\/div>\n\n\t\t\t\t<div class=\"teft-card__primary\">\n\t\t\t\t\t<h2 class=\"teft-card__title\">Agder H\u00f8yres programprosess for Fylkestingsvalget 2027&nbsp;<span class=\"teft-card__primary-title-append\"><\/span><\/h2>\t\t\t\t<\/div>\n\t\t\t<\/div>\n\t\t<\/a>\n\t<\/div>\n\n\t<\/div><div class=\"is-card-hoyre\">\n\t<div class=\"teft-card hoyre-teft-card post-teft-card\">\n\t\t<a href=\"https:\/\/hoyre.no\/agder\/aktuelt\/agder-hoyres-nye-regionradgiver\/\" class=\"teft-card__primary-action\">\n\n\t\t\t\t\t<div class=\"teft-card__media teft-card__media--16-9\">\n\t\t\t\t\t\t<img loading=\"lazy\" decoding=\"async\" width=\"768\" height=\"768\" src=\"https:\/\/hoyre.no\/content\/uploads\/sites\/6\/2026\/03\/Aleksander-L-768x768.png\" class=\"attachment-medium_large size-medium_large\" alt=\"\" srcset=\"https:\/\/hoyre.no\/content\/uploads\/sites\/6\/2026\/03\/Aleksander-L-768x768.png 768w, https:\/\/hoyre.no\/content\/uploads\/sites\/6\/2026\/03\/Aleksander-L-e1775591785378-300x300.png 300w, https:\/\/hoyre.no\/content\/uploads\/sites\/6\/2026\/03\/Aleksander-L-e1775591785378-150x150.png 150w, https:\/\/hoyre.no\/content\/uploads\/sites\/6\/2026\/03\/Aleksander-L-e1775591785378.png 722w\" sizes=\"auto, (max-width: 768px) 100vw, 768px\" \/>\t\t<\/div>\n\t\t\n\t\t\t<div class=\"teft-card__content-wrapper\">\n\t\t\t\t<div class=\"teft-card__secondary\">\n\t\t\t\t\t\n\t\t\t\t\t\t\t\t<div class=\"teft-card__meta\">\n\t\t\t\t\t\t\t\t\t<span class=\"post-date\">23. mar 2026<\/span>\n\n\t\t\t\t\t\t\t\t\t\t\t\t\t\t\t\t\t<\/div>\n\t\t\t\t\t\t\t\t\t\t\t<\/div>\n\n\t\t\t\t<div class=\"teft-card__primary\">\n\t\t\t\t\t<h2 class=\"teft-card__title\">Agder H\u00f8yres nye regionr\u00e5dgiver&nbsp;<span class=\"teft-card__primary-title-append\"><\/span><\/h2>\t\t\t\t<\/div>\n\t\t\t<\/div>\n\t\t<\/a>\n\t<\/div>\n\n\t<\/div><div class=\"is-card-hoyre\">\n\t<div class=\"teft-card hoyre-teft-card post-teft-card\">\n\t\t<a href=\"https:\/\/hoyre.no\/agder\/aktuelt\/agder-hoyres-nominasjonsprosess-for-fylkestingsvalget-2027\/\" class=\"teft-card__primary-action\">\n\n\t\t\t\t\t<div class=\"teft-card__media teft-card__media--16-9\">\n\t\t\t\t\t\t<img loading=\"lazy\" decoding=\"async\" width=\"768\" height=\"512\" src=\"https:\/\/hoyre.no\/content\/uploads\/sites\/6\/2026\/03\/Haagen-Poppe-Foto-Hans-Kristian-Thorbjornsen-768x512.jpg\" class=\"attachment-medium_large size-medium_large\" alt=\"\" srcset=\"https:\/\/hoyre.no\/content\/uploads\/sites\/6\/2026\/03\/Haagen-Poppe-Foto-Hans-Kristian-Thorbjornsen-768x512.jpg 768w, https:\/\/hoyre.no\/content\/uploads\/sites\/6\/2026\/03\/Haagen-Poppe-Foto-Hans-Kristian-Thorbjornsen-300x200.jpg 300w, https:\/\/hoyre.no\/content\/uploads\/sites\/6\/2026\/03\/Haagen-Poppe-Foto-Hans-Kristian-Thorbjornsen-1024x683.jpg 1024w, https:\/\/hoyre.no\/content\/uploads\/sites\/6\/2026\/03\/Haagen-Poppe-Foto-Hans-Kristian-Thorbjornsen-1536x1025.jpg 1536w, https:\/\/hoyre.no\/content\/uploads\/sites\/6\/2026\/03\/Haagen-Poppe-Foto-Hans-Kristian-Thorbjornsen-2048x1366.jpg 2048w\" sizes=\"auto, (max-width: 768px) 100vw, 768px\" \/>\t\t<\/div>\n\t\t\n\t\t\t<div class=\"teft-card__content-wrapper\">\n\t\t\t\t<div class=\"teft-card__secondary\">\n\t\t\t\t\t\n\t\t\t\t\t\t\t\t<div class=\"teft-card__meta\">\n\t\t\t\t\t\t\t\t\t<span class=\"post-date\">5. mar 2026<\/span>\n\n\t\t\t\t\t\t\t\t\t\t\t\t\t\t\t\t\t<\/div>\n\t\t\t\t\t\t\t\t\t\t\t<\/div>\n\n\t\t\t\t<div class=\"teft-card__primary\">\n\t\t\t\t\t<h2 class=\"teft-card__title\">Agder H\u00f8yres nominasjonsprosess for  Fylkestingsvalget 2027&nbsp;<span class=\"teft-card__primary-title-append\"><\/span><\/h2>\t\t\t\t<\/div>\n\t\t\t<\/div>\n\t\t<\/a>\n\t<\/div>\n\n\t<\/div><\/div>\t<\/div>\n<\/div>\n","protected":false},"excerpt":{"rendered":"","protected":false},"author":347,"featured_media":0,"comment_status":"closed","ping_status":"closed","sticky":false,"template":"","format":"standard","meta":{"teft_cards_image_url":"","teft_cards_custom_pretitle":"","teft_cards_image_id":1764,"teft_cards_image_focal_point_x":0.5,"teft_cards_image_focal_point_y":0.5,"teft_cards_title":"","teft_cards_excerpt":"","teft_show_chapters":false,"author_display_name":"","footnotes":""},"category":[1],"post_tag":[],"hoyre-visibility":[],"article-type":[],"politician":[],"class_list":["post-1763","post","type-post","status-publish","format-standard","hentry","category-ukategorisert"],"yoast_head":"<!-- This site is optimized with the Yoast SEO Premium plugin v26.5 (Yoast SEO v26.6) - https:\/\/yoast.com\/wordpress\/plugins\/seo\/ -->\n<title>Landsm\u00f8tetale: Beate Skretting - Agder H\u00f8yre<\/title>\n<meta name=\"robots\" content=\"index, follow, max-snippet:-1, max-image-preview:large, max-video-preview:-1\" \/>\n<link rel=\"canonical\" href=\"https:\/\/hoyre.no\/agder\/aktuelt\/landsmotetale-beate-skretting\/\" \/>\n<meta property=\"og:locale\" content=\"nb_NO\" \/>\n<meta property=\"og:type\" content=\"article\" \/>\n<meta property=\"og:title\" content=\"Landsm\u00f8tetale: Beate Skretting\" \/>\n<meta property=\"og:url\" content=\"https:\/\/hoyre.no\/agder\/aktuelt\/landsmotetale-beate-skretting\/\" \/>\n<meta property=\"og:site_name\" content=\"Agder H\u00f8yre\" \/>\n<meta property=\"article:published_time\" content=\"2023-03-27T10:57:59+00:00\" \/>\n<meta property=\"article:modified_time\" content=\"2023-03-30T12:40:22+00:00\" \/>\n<meta property=\"og:image\" content=\"https:\/\/hoyre.no\/content\/uploads\/sites\/6\/2026\/03\/Haagen-Poppe-Foto-Hans-Kristian-Thorbjornsen-1024x683.jpg\" \/>\n<meta name=\"author\" content=\"Nicolai \u00d8steby\" \/>\n<meta name=\"twitter:card\" content=\"summary_large_image\" \/>\n<meta name=\"twitter:label1\" content=\"Skrevet av\" \/>\n\t<meta name=\"twitter:data1\" content=\"Nicolai \u00d8steby\" \/>\n\t<meta name=\"twitter:label2\" content=\"Ansl. lesetid\" \/>\n\t<meta name=\"twitter:data2\" content=\"3 minutter\" \/>\n<script type=\"application\/ld+json\" class=\"yoast-schema-graph\">{\"@context\":\"https:\/\/schema.org\",\"@graph\":[{\"@type\":\"NewsArticle\",\"@id\":\"https:\/\/hoyre.no\/agder\/aktuelt\/landsmotetale-beate-skretting\/\",\"url\":\"https:\/\/hoyre.no\/agder\/aktuelt\/landsmotetale-beate-skretting\/\",\"name\":\"Landsm\u00f8tetale: Beate Skretting - Agder H\u00f8yre\",\"isPartOf\":{\"@id\":\"https:\/\/hoyre.no\/agder\/#website\"},\"image\":{\"@id\":\"https:\/\/hoyre.no\/agder\/aktuelt\/landsmotetale-beate-skretting\/#primaryimage\"},\"thumbnailUrl\":\"https:\/\/hoyre.no\/content\/uploads\/sites\/6\/2023\/03\/MG_3620-2-1024x656.jpg\",\"datePublished\":\"2023-03-27T10:57:59+00:00\",\"dateModified\":\"2023-03-30T12:40:22+00:00\",\"author\":{\"@id\":\"https:\/\/hoyre.no\/agder\/#\/schema\/person\/021fc9b8ca1e7342b4fb2d096feabdeb\"},\"breadcrumb\":{\"@id\":\"https:\/\/hoyre.no\/agder\/aktuelt\/landsmotetale-beate-skretting\/#breadcrumb\"},\"inLanguage\":\"nb-NO\",\"potentialAction\":[{\"@type\":\"ReadAction\",\"target\":[\"https:\/\/hoyre.no\/agder\/aktuelt\/landsmotetale-beate-skretting\/\"]}]},{\"@type\":\"ImageObject\",\"inLanguage\":\"nb-NO\",\"@id\":\"https:\/\/hoyre.no\/agder\/aktuelt\/landsmotetale-beate-skretting\/#primaryimage\",\"url\":\"https:\/\/hoyre.no\/content\/uploads\/sites\/6\/2023\/03\/MG_3620-2-1024x656.jpg\",\"contentUrl\":\"https:\/\/hoyre.no\/content\/uploads\/sites\/6\/2023\/03\/MG_3620-2-1024x656.jpg\"},{\"@type\":\"BreadcrumbList\",\"@id\":\"https:\/\/hoyre.no\/agder\/aktuelt\/landsmotetale-beate-skretting\/#breadcrumb\",\"itemListElement\":[{\"@type\":\"ListItem\",\"position\":1,\"name\":\"Til hoyre.no\",\"item\":\"https:\/\/hoyre.no\"},{\"@type\":\"ListItem\",\"position\":2,\"name\":\"Hjem\",\"item\":\"https:\/\/hoyre.no\/agder\/\"},{\"@type\":\"ListItem\",\"position\":3,\"name\":\"Landsm\u00f8tetale: Beate Skretting\"}]},{\"@type\":\"WebSite\",\"@id\":\"https:\/\/hoyre.no\/agder\/#website\",\"url\":\"https:\/\/hoyre.no\/agder\/\",\"name\":\"Agder H\u00f8yre\",\"description\":\"Bare enda et H\u00f8yres nettsteder-nettsted\",\"inLanguage\":\"nb-NO\"},{\"@type\":\"Person\",\"@id\":\"https:\/\/hoyre.no\/agder\/#\/schema\/person\/021fc9b8ca1e7342b4fb2d096feabdeb\",\"name\":\"Nicolai \u00d8steby\",\"image\":{\"@type\":\"ImageObject\",\"inLanguage\":\"nb-NO\",\"@id\":\"https:\/\/hoyre.no\/agder\/#\/schema\/person\/image\/\",\"url\":\"https:\/\/secure.gravatar.com\/avatar\/a3750b4c871cea281fbf2f98069040c5f19bd5960ceb747df23830db6948b121?s=96&d=mm&r=g\",\"contentUrl\":\"https:\/\/secure.gravatar.com\/avatar\/a3750b4c871cea281fbf2f98069040c5f19bd5960ceb747df23830db6948b121?s=96&d=mm&r=g\",\"caption\":\"Nicolai \u00d8steby\"},\"url\":\"https:\/\/hoyre.no\/agder\/aktuelt\/author\/m52043361\/\"}]}<\/script>\n<!-- \/ Yoast SEO Premium plugin. -->","yoast_head_json":{"title":"Landsm\u00f8tetale: Beate Skretting - Agder H\u00f8yre","robots":{"index":"index","follow":"follow","max-snippet":"max-snippet:-1","max-image-preview":"max-image-preview:large","max-video-preview":"max-video-preview:-1"},"canonical":"https:\/\/hoyre.no\/agder\/aktuelt\/landsmotetale-beate-skretting\/","og_locale":"nb_NO","og_type":"article","og_title":"Landsm\u00f8tetale: Beate Skretting","og_url":"https:\/\/hoyre.no\/agder\/aktuelt\/landsmotetale-beate-skretting\/","og_site_name":"Agder H\u00f8yre","article_published_time":"2023-03-27T10:57:59+00:00","article_modified_time":"2023-03-30T12:40:22+00:00","og_image":[{"url":"https:\/\/hoyre.no\/content\/uploads\/sites\/6\/2026\/03\/Haagen-Poppe-Foto-Hans-Kristian-Thorbjornsen-1024x683.jpg","width":"","height":"","type":""}],"author":"Nicolai \u00d8steby","twitter_card":"summary_large_image","twitter_misc":{"Skrevet av":"Nicolai \u00d8steby","Ansl. lesetid":"3 minutter"},"schema":{"@context":"https:\/\/schema.org","@graph":[{"@type":"NewsArticle","@id":"https:\/\/hoyre.no\/agder\/aktuelt\/landsmotetale-beate-skretting\/","url":"https:\/\/hoyre.no\/agder\/aktuelt\/landsmotetale-beate-skretting\/","name":"Landsm\u00f8tetale: Beate Skretting - Agder H\u00f8yre","isPartOf":{"@id":"https:\/\/hoyre.no\/agder\/#website"},"image":{"@id":"https:\/\/hoyre.no\/agder\/aktuelt\/landsmotetale-beate-skretting\/#primaryimage"},"thumbnailUrl":"https:\/\/hoyre.no\/content\/uploads\/sites\/6\/2023\/03\/MG_3620-2-1024x656.jpg","datePublished":"2023-03-27T10:57:59+00:00","dateModified":"2023-03-30T12:40:22+00:00","author":{"@id":"https:\/\/hoyre.no\/agder\/#\/schema\/person\/021fc9b8ca1e7342b4fb2d096feabdeb"},"breadcrumb":{"@id":"https:\/\/hoyre.no\/agder\/aktuelt\/landsmotetale-beate-skretting\/#breadcrumb"},"inLanguage":"nb-NO","potentialAction":[{"@type":"ReadAction","target":["https:\/\/hoyre.no\/agder\/aktuelt\/landsmotetale-beate-skretting\/"]}]},{"@type":"ImageObject","inLanguage":"nb-NO","@id":"https:\/\/hoyre.no\/agder\/aktuelt\/landsmotetale-beate-skretting\/#primaryimage","url":"https:\/\/hoyre.no\/content\/uploads\/sites\/6\/2023\/03\/MG_3620-2-1024x656.jpg","contentUrl":"https:\/\/hoyre.no\/content\/uploads\/sites\/6\/2023\/03\/MG_3620-2-1024x656.jpg"},{"@type":"BreadcrumbList","@id":"https:\/\/hoyre.no\/agder\/aktuelt\/landsmotetale-beate-skretting\/#breadcrumb","itemListElement":[{"@type":"ListItem","position":1,"name":"Til hoyre.no","item":"https:\/\/hoyre.no"},{"@type":"ListItem","position":2,"name":"Hjem","item":"https:\/\/hoyre.no\/agder\/"},{"@type":"ListItem","position":3,"name":"Landsm\u00f8tetale: Beate Skretting"}]},{"@type":"WebSite","@id":"https:\/\/hoyre.no\/agder\/#website","url":"https:\/\/hoyre.no\/agder\/","name":"Agder H\u00f8yre","description":"Bare enda et H\u00f8yres nettsteder-nettsted","inLanguage":"nb-NO"},{"@type":"Person","@id":"https:\/\/hoyre.no\/agder\/#\/schema\/person\/021fc9b8ca1e7342b4fb2d096feabdeb","name":"Nicolai \u00d8steby","image":{"@type":"ImageObject","inLanguage":"nb-NO","@id":"https:\/\/hoyre.no\/agder\/#\/schema\/person\/image\/","url":"https:\/\/secure.gravatar.com\/avatar\/a3750b4c871cea281fbf2f98069040c5f19bd5960ceb747df23830db6948b121?s=96&d=mm&r=g","contentUrl":"https:\/\/secure.gravatar.com\/avatar\/a3750b4c871cea281fbf2f98069040c5f19bd5960ceb747df23830db6948b121?s=96&d=mm&r=g","caption":"Nicolai \u00d8steby"},"url":"https:\/\/hoyre.no\/agder\/aktuelt\/author\/m52043361\/"}]}},"distributor_meta":false,"distributor_terms":false,"distributor_media":false,"distributor_original_site_name":"Agder H\u00f8yre","distributor_original_site_url":"https:\/\/hoyre.no\/agder","push-errors":false,"_links":{"self":[{"href":"https:\/\/hoyre.no\/agder\/wp-json\/wp\/v2\/posts\/1763","targetHints":{"allow":["GET"]}}],"collection":[{"href":"https:\/\/hoyre.no\/agder\/wp-json\/wp\/v2\/posts"}],"about":[{"href":"https:\/\/hoyre.no\/agder\/wp-json\/wp\/v2\/types\/post"}],"author":[{"embeddable":true,"href":"https:\/\/hoyre.no\/agder\/wp-json\/wp\/v2\/users\/347"}],"replies":[{"embeddable":true,"href":"https:\/\/hoyre.no\/agder\/wp-json\/wp\/v2\/comments?post=1763"}],"version-history":[{"count":2,"href":"https:\/\/hoyre.no\/agder\/wp-json\/wp\/v2\/posts\/1763\/revisions"}],"predecessor-version":[{"id":1820,"href":"https:\/\/hoyre.no\/agder\/wp-json\/wp\/v2\/posts\/1763\/revisions\/1820"}],"wp:attachment":[{"href":"https:\/\/hoyre.no\/agder\/wp-json\/wp\/v2\/media?parent=1763"}],"wp:term":[{"taxonomy":"category","embeddable":true,"href":"https:\/\/hoyre.no\/agder\/wp-json\/wp\/v2\/category?post=1763"},{"taxonomy":"post_tag","embeddable":true,"href":"https:\/\/hoyre.no\/agder\/wp-json\/wp\/v2\/post_tag?post=1763"},{"taxonomy":"hoyre-visibility","embeddable":true,"href":"https:\/\/hoyre.no\/agder\/wp-json\/wp\/v2\/hoyre-visibility?post=1763"},{"taxonomy":"article-type","embeddable":true,"href":"https:\/\/hoyre.no\/agder\/wp-json\/wp\/v2\/article-type?post=1763"},{"taxonomy":"politician","embeddable":true,"href":"https:\/\/hoyre.no\/agder\/wp-json\/wp\/v2\/politician?post=1763"}],"curies":[{"name":"wp","href":"https:\/\/api.w.org\/{rel}","templated":true}]}}