{"id":1996,"date":"2023-08-23T16:28:53","date_gmt":"2023-08-23T14:28:53","guid":{"rendered":"https:\/\/hoyre.no\/agder\/?p=1996"},"modified":"2023-08-25T11:42:06","modified_gmt":"2023-08-25T09:42:06","slug":"hoyre-onsker-at-regjeringen-skal-gi-statsforvalteren-mer-ressurser","status":"publish","type":"post","link":"https:\/\/hoyre.no\/agder\/aktuelt\/hoyre-onsker-at-regjeringen-skal-gi-statsforvalteren-mer-ressurser\/","title":{"rendered":"H\u00f8yre \u00f8nsker at regjeringen skal gi statsforvalteren mer ressurser"},"content":{"rendered":"\n<p class=\"preamble\">Det er med betydelig bekymring at vi ser oss n\u00f8dt til \u00e5 rette oppmerksomheten mot den n\u00e5v\u00e6rende regjeringens forbedringspotensial n\u00e5r det gjelder \u00e5 tilf\u00f8re tilstrekkelige ressurser til Statsforvalteren.<\/p>\t\t\t<div class=\"post-meta wp-block teft-byline-wrapper\">\n\t\t\t\t<div class=\"top\">\n\t\t\t\t\t<div class=\"signature\">\n\t\t\t\t\t\t<div class=\"teft-byline\">\n\t\t\t\t\t\t\t\t\t\t\t\t\t\t<div>\n\t\t\t\t\t\t\t\t<h3>H\u00f8yres redaksjon<\/h3>\t\t\t\t\t\t\t\t\n\t\t\t\t\t\t\t\t\t\t\t\t\t\t\t\t\t<span class=\"date\">Sist oppdatert: 25. august 2023<\/span>\n\t\t\t\t\t\t\t\t\t\t\t\t\t\t\t\t\t\t\t\t\t\t\t\t\t<span class=\"reading-time\" itemprop=\"timeRequired\" content=\"PT3M\"><em>Ca. 3 minutter lesetid<\/em><\/span>\n\t\t\t\t\t\t\t\t\t\t\t\t\t\t\t<\/div>\n\t\t\t\t\t\t<\/div>\n\t\t\t\t\t<\/div>\n\t\t\t\t\t\t<div class=\"sharing\">\n\t\t<a class=\"share-button share-link copy-link\" data-copy=\"https:\/\/hoyre.no\/agder\/aktuelt\/hoyre-onsker-at-regjeringen-skal-gi-statsforvalteren-mer-ressurser\/\" target=\"_blank\"><span class=\"screen-reader-text\">Del link<\/span><\/a>\n\t\t<a class=\"share-button share-twitter\" href=\"http:\/\/twitter.com\/share?text=H\u00f8yre \u00f8nsker at regjeringen skal gi statsforvalteren mer ressurser&#038;url=https:\/\/hoyre.no\/agder\/aktuelt\/hoyre-onsker-at-regjeringen-skal-gi-statsforvalteren-mer-ressurser\/&#038;hashtags=Hoyre\" target=\"_blank\"><span class=\"screen-reader-text\">Del p\u00e5 twitter<\/span><\/a>\n\t\t<a class=\"share-button share-facebook\" href=\"https:\/\/www.facebook.com\/sharer\/sharer.php?u=https:\/\/hoyre.no\/agder\/aktuelt\/hoyre-onsker-at-regjeringen-skal-gi-statsforvalteren-mer-ressurser\/\" target=\"_blank\"><span class=\"screen-reader-text\">Del p\u00e5 facebook<\/span><\/a>\n\t<\/div>\n\t\t\t\t\t<\/div>\n\t\t\t<\/div>\n\n\t\t\t<figure class=\"hoyre-image-wrapper\"><div class=\"hoyre-image\"><img loading=\"lazy\" decoding=\"async\" width=\"2500\" height=\"1876\" src=\"https:\/\/hoyre.no\/content\/uploads\/sites\/6\/2023\/05\/Foto-Mona-Hauglid-6748-scaled.jpg\" class=\"attachment-scaled size-scaled\" alt=\"\" style=\"object-position: 50% 50%\" srcset=\"https:\/\/hoyre.no\/content\/uploads\/sites\/6\/2023\/05\/Foto-Mona-Hauglid-6748-scaled.jpg 2500w, https:\/\/hoyre.no\/content\/uploads\/sites\/6\/2023\/05\/Foto-Mona-Hauglid-6748-300x225.jpg 300w, https:\/\/hoyre.no\/content\/uploads\/sites\/6\/2023\/05\/Foto-Mona-Hauglid-6748-1024x769.jpg 1024w, https:\/\/hoyre.no\/content\/uploads\/sites\/6\/2023\/05\/Foto-Mona-Hauglid-6748-768x576.jpg 768w, https:\/\/hoyre.no\/content\/uploads\/sites\/6\/2023\/05\/Foto-Mona-Hauglid-6748-1536x1153.jpg 1536w, https:\/\/hoyre.no\/content\/uploads\/sites\/6\/2023\/05\/Foto-Mona-Hauglid-6748-2048x1537.jpg 2048w\" sizes=\"auto, (max-width: 2500px) 100vw, 2500px\" \/><\/div><\/figure>\n\n\n\n\n<p>Den p\u00e5g\u00e5ende situasjonen har f\u00f8rt til en saksbehandlingstid som i enkelte tilfeller utvider seg til opp mot 12 m\u00e5neder i v\u00e5re kommuner. Dette er en situasjon som det er viktig \u00e5 n\u00f8ye vurdere, med sikte p\u00e5 \u00e5 forbedre forholdene.<\/p>\n\n\n\n<p>Det har blitt belyst at Statsforvalteren st\u00e5r overfor over 300 ubehandlede klagesaker. Videre er det sv\u00e6rt urovekkende at behandlingstiden for disse sakene ligger p\u00e5 hele 12\u201313 m\u00e5neder og dessuten er \u00f8kende. Av disse ubehandlede sakene har 200 til og med overg\u00e5tt den lovp\u00e5lagte fristen. Dette er en klar indikasjon p\u00e5 at ressursene som er n\u00f8dvendige for \u00e5 drive en effektiv og rettferdig statsforvaltning, ikke blir tildelt p\u00e5 en tilstrekkelig m\u00e5te.<\/p>\n\n\n\n<p>Kommunaldepartementet og Statsforvalteren i Agder har tatt initiativ til m\u00f8ter for \u00e5 belyse denne alvorlige situasjonen. Departementet responderte ved \u00e5 tilf\u00f8re ekstra midler p\u00e5 1,5 millioner kroner til Agder tidligere denne sommeren. Mens dette er et skritt i riktig retning, er det viktig \u00e5 understreke at en dypere og mer varig l\u00f8sning er n\u00f8dvendig. Regjeringen m\u00e5 ta konkrete skritt for \u00e5 sikre en varig \u00f8kning i ressursene som stilles til r\u00e5dighet for statsforvaltningen.<\/p>\n\n\n\n<p>En annen problemstilling som har kommet til overflaten er den \u00f8kende tendensen til at det fremst\u00e5r som for enkelt \u00e5 fremsette klager p\u00e5 saker. Mangelen p\u00e5 \u00f8konomiske konsekvenser i forbindelse med klager f\u00f8rer til at personer klager uten tilstrekkelig ettertanke. Denne praksisen setter tiltakshaverne i en uheldig posisjon, idet de blir de som lider mest under den utvidede saksbehandlingstiden. Dette aspektet understreker ytterligere n\u00f8dvendigheten av at regjeringen m\u00e5 ta p\u00e5 seg ansvaret for \u00e5 korrigere situasjonen.<\/p>\n\n\n\n<p>Vi i H\u00f8yre har alltid holdt fast ved prinsippet om en ansvarlig og effektiv offentlig forvaltning. Vi er dypt forankret i forst\u00e5elsen av at en robust statsforvaltning utgj\u00f8r en b\u00e6rebjelke i v\u00e5rt demokratiske system. Den m\u00e5 derfor tildeles de n\u00f8dvendige ressurser for \u00e5 levere tjenester av enest\u00e5ende kvalitet til v\u00e5re innbyggere. Det er derfor med en f\u00f8lelse av betydelig skuffelse at vi observerer at den n\u00e5v\u00e6rende regjeringen ikke tildeler dette omr\u00e5det den n\u00f8dvendige prioritering.<\/p>\n\n\n\n<p>I lys av dette, \u00f8nsker vi \u00e5 formidle en klar oppfordring til regjeringen: Det er p\u00e5 h\u00f8y tid \u00e5 gi Statsforvalteren en h\u00f8yere prioritet. De tilgjengelige ressursene m\u00e5 fordeles p\u00e5 en slik m\u00e5te at v\u00e5re prosjekter og initiativer ikke lenger blir hindret av en un\u00f8dvendig lang saksbehandlingstid. V\u00e5rt ansvar overfor innbyggerne og n\u00e6ringslivet krever at vi tar dette p\u00e5 alvor for \u00e5 sikre en langt bedre behandlingssituasjon enn den som er tilfelle i dag.<\/p>\n\n\n\n<p><em>Innlegget er publisert i F\u00e6drelandsvennen 23. august 2023.<\/em><\/p>\n\n\n<div class=\"tags\">\n\t<\/div>\n<div class=\"post-footer alignfull has-background block-editor-block-list__block\" data-align=full>\n\t<div class=\"post-footer-inner\">\n\t\t<h3>Relaterte artikler<\/h3>\n\t\t<div class=\"related-content\"><div class=\"is-card-hoyre\">\n\t<div class=\"teft-card hoyre-teft-card post-teft-card\">\n\t\t<a href=\"https:\/\/hoyre.no\/agder\/aktuelt\/agder-hoyre-onsker-dine-innspill-fylkestings-programmet\/\" class=\"teft-card__primary-action\">\n\n\t\t\t\t\t<div class=\"teft-card__media teft-card__media--16-9\">\n\t\t\t\t\t\t<img loading=\"lazy\" decoding=\"async\" width=\"768\" height=\"819\" src=\"https:\/\/hoyre.no\/content\/uploads\/sites\/6\/2025\/06\/DSC04923-edited-768x819.jpg\" class=\"attachment-medium_large size-medium_large\" alt=\"\" srcset=\"https:\/\/hoyre.no\/content\/uploads\/sites\/6\/2025\/06\/DSC04923-edited-768x819.jpg 768w, https:\/\/hoyre.no\/content\/uploads\/sites\/6\/2025\/06\/DSC04923-edited-281x300.jpg 281w, https:\/\/hoyre.no\/content\/uploads\/sites\/6\/2025\/06\/DSC04923-edited-960x1024.jpg 960w, https:\/\/hoyre.no\/content\/uploads\/sites\/6\/2025\/06\/DSC04923-edited-1440x1536.jpg 1440w, https:\/\/hoyre.no\/content\/uploads\/sites\/6\/2025\/06\/DSC04923-edited-1920x2048.jpg 1920w\" sizes=\"auto, (max-width: 768px) 100vw, 768px\" \/>\t\t<\/div>\n\t\t\n\t\t\t<div class=\"teft-card__content-wrapper\">\n\t\t\t\t<div class=\"teft-card__secondary\">\n\t\t\t\t\t\n\t\t\t\t\t\t\t\t<div class=\"teft-card__meta\">\n\t\t\t\t\t\t\t\t\t<span class=\"post-date\">21. apr 2026<\/span>\n\n\t\t\t\t\t\t\t\t\t<span class=\"post-category\">Nyheter<\/span>\t\t\t\t\t\t\t\t<\/div>\n\t\t\t\t\t\t\t\t\t\t\t<\/div>\n\n\t\t\t\t<div class=\"teft-card__primary\">\n\t\t\t\t\t<h2 class=\"teft-card__title\">Agder H\u00f8yres programprosess for Fylkestingsvalget 2027&nbsp;<span class=\"teft-card__primary-title-append\"><\/span><\/h2>\t\t\t\t<\/div>\n\t\t\t<\/div>\n\t\t<\/a>\n\t<\/div>\n\n\t<\/div><div class=\"is-card-hoyre\">\n\t<div class=\"teft-card hoyre-teft-card post-teft-card\">\n\t\t<a href=\"https:\/\/hoyre.no\/agder\/aktuelt\/agder-hoyres-nye-regionradgiver\/\" class=\"teft-card__primary-action\">\n\n\t\t\t\t\t<div class=\"teft-card__media teft-card__media--16-9\">\n\t\t\t\t\t\t<img loading=\"lazy\" decoding=\"async\" width=\"768\" height=\"768\" src=\"https:\/\/hoyre.no\/content\/uploads\/sites\/6\/2026\/03\/Aleksander-L-768x768.png\" class=\"attachment-medium_large size-medium_large\" alt=\"\" srcset=\"https:\/\/hoyre.no\/content\/uploads\/sites\/6\/2026\/03\/Aleksander-L-768x768.png 768w, https:\/\/hoyre.no\/content\/uploads\/sites\/6\/2026\/03\/Aleksander-L-e1775591785378-300x300.png 300w, https:\/\/hoyre.no\/content\/uploads\/sites\/6\/2026\/03\/Aleksander-L-e1775591785378-150x150.png 150w, https:\/\/hoyre.no\/content\/uploads\/sites\/6\/2026\/03\/Aleksander-L-e1775591785378.png 722w\" sizes=\"auto, (max-width: 768px) 100vw, 768px\" \/>\t\t<\/div>\n\t\t\n\t\t\t<div class=\"teft-card__content-wrapper\">\n\t\t\t\t<div class=\"teft-card__secondary\">\n\t\t\t\t\t\n\t\t\t\t\t\t\t\t<div class=\"teft-card__meta\">\n\t\t\t\t\t\t\t\t\t<span class=\"post-date\">23. mar 2026<\/span>\n\n\t\t\t\t\t\t\t\t\t\t\t\t\t\t\t\t\t<\/div>\n\t\t\t\t\t\t\t\t\t\t\t<\/div>\n\n\t\t\t\t<div class=\"teft-card__primary\">\n\t\t\t\t\t<h2 class=\"teft-card__title\">Agder H\u00f8yres nye regionr\u00e5dgiver&nbsp;<span class=\"teft-card__primary-title-append\"><\/span><\/h2>\t\t\t\t<\/div>\n\t\t\t<\/div>\n\t\t<\/a>\n\t<\/div>\n\n\t<\/div><div class=\"is-card-hoyre\">\n\t<div class=\"teft-card hoyre-teft-card post-teft-card\">\n\t\t<a href=\"https:\/\/hoyre.no\/agder\/aktuelt\/agder-hoyres-nominasjonsprosess-for-fylkestingsvalget-2027\/\" class=\"teft-card__primary-action\">\n\n\t\t\t\t\t<div class=\"teft-card__media teft-card__media--16-9\">\n\t\t\t\t\t\t<img loading=\"lazy\" decoding=\"async\" width=\"768\" height=\"512\" src=\"https:\/\/hoyre.no\/content\/uploads\/sites\/6\/2026\/03\/Haagen-Poppe-Foto-Hans-Kristian-Thorbjornsen-768x512.jpg\" class=\"attachment-medium_large size-medium_large\" alt=\"\" srcset=\"https:\/\/hoyre.no\/content\/uploads\/sites\/6\/2026\/03\/Haagen-Poppe-Foto-Hans-Kristian-Thorbjornsen-768x512.jpg 768w, https:\/\/hoyre.no\/content\/uploads\/sites\/6\/2026\/03\/Haagen-Poppe-Foto-Hans-Kristian-Thorbjornsen-300x200.jpg 300w, https:\/\/hoyre.no\/content\/uploads\/sites\/6\/2026\/03\/Haagen-Poppe-Foto-Hans-Kristian-Thorbjornsen-1024x683.jpg 1024w, https:\/\/hoyre.no\/content\/uploads\/sites\/6\/2026\/03\/Haagen-Poppe-Foto-Hans-Kristian-Thorbjornsen-1536x1025.jpg 1536w, https:\/\/hoyre.no\/content\/uploads\/sites\/6\/2026\/03\/Haagen-Poppe-Foto-Hans-Kristian-Thorbjornsen-2048x1366.jpg 2048w\" sizes=\"auto, (max-width: 768px) 100vw, 768px\" \/>\t\t<\/div>\n\t\t\n\t\t\t<div class=\"teft-card__content-wrapper\">\n\t\t\t\t<div class=\"teft-card__secondary\">\n\t\t\t\t\t\n\t\t\t\t\t\t\t\t<div class=\"teft-card__meta\">\n\t\t\t\t\t\t\t\t\t<span class=\"post-date\">5. mar 2026<\/span>\n\n\t\t\t\t\t\t\t\t\t\t\t\t\t\t\t\t\t<\/div>\n\t\t\t\t\t\t\t\t\t\t\t<\/div>\n\n\t\t\t\t<div class=\"teft-card__primary\">\n\t\t\t\t\t<h2 class=\"teft-card__title\">Agder H\u00f8yres nominasjonsprosess for  Fylkestingsvalget 2027&nbsp;<span class=\"teft-card__primary-title-append\"><\/span><\/h2>\t\t\t\t<\/div>\n\t\t\t<\/div>\n\t\t<\/a>\n\t<\/div>\n\n\t<\/div><\/div>\t<\/div>\n<\/div>\n","protected":false},"excerpt":{"rendered":"","protected":false},"author":35144,"featured_media":0,"comment_status":"closed","ping_status":"closed","sticky":false,"template":"","format":"standard","meta":{"teft_cards_image_url":"","teft_cards_custom_pretitle":"","teft_cards_image_id":1899,"teft_cards_image_focal_point_x":0.5,"teft_cards_image_focal_point_y":0.5,"teft_cards_title":"","teft_cards_excerpt":"","teft_show_chapters":false,"author_display_name":"Arne Thomassen, fylkesordf\u00f8rer, Torunn Ostad, gruppeleder, Erik Johan Tellefsen Lind\u00f8e, 3. kandidat, Siri Heimdal Knudsen, 4. kandidat, Ida Gr\u00f8dum, 5. kandidat","footnotes":""},"category":[5],"post_tag":[],"hoyre-visibility":[],"article-type":[],"politician":[],"class_list":["post-1996","post","type-post","status-publish","format-standard","hentry","category-kronikk"],"yoast_head":"<!-- This site is optimized with the Yoast SEO Premium plugin v26.5 (Yoast SEO v26.6) - https:\/\/yoast.com\/wordpress\/plugins\/seo\/ -->\n<title>H\u00f8yre \u00f8nsker at regjeringen skal gi statsforvalteren mer ressurser - Agder H\u00f8yre<\/title>\n<meta name=\"robots\" content=\"index, follow, max-snippet:-1, max-image-preview:large, max-video-preview:-1\" \/>\n<link rel=\"canonical\" href=\"https:\/\/hoyre.no\/agder\/aktuelt\/hoyre-onsker-at-regjeringen-skal-gi-statsforvalteren-mer-ressurser\/\" \/>\n<meta property=\"og:locale\" content=\"nb_NO\" \/>\n<meta property=\"og:type\" content=\"article\" \/>\n<meta property=\"og:title\" content=\"H\u00f8yre \u00f8nsker at regjeringen skal gi statsforvalteren mer ressurser\" \/>\n<meta property=\"og:url\" content=\"https:\/\/hoyre.no\/agder\/aktuelt\/hoyre-onsker-at-regjeringen-skal-gi-statsforvalteren-mer-ressurser\/\" \/>\n<meta property=\"og:site_name\" content=\"Agder H\u00f8yre\" \/>\n<meta property=\"article:published_time\" content=\"2023-08-23T14:28:53+00:00\" \/>\n<meta property=\"article:modified_time\" content=\"2023-08-25T09:42:06+00:00\" \/>\n<meta property=\"og:image\" content=\"https:\/\/hoyre.no\/content\/uploads\/sites\/6\/2026\/03\/Haagen-Poppe-Foto-Hans-Kristian-Thorbjornsen-1024x683.jpg\" \/>\n<meta name=\"author\" content=\"Thea Ahmed Ommundsen\" \/>\n<meta name=\"twitter:card\" content=\"summary_large_image\" \/>\n<meta name=\"twitter:label1\" content=\"Skrevet av\" \/>\n\t<meta name=\"twitter:data1\" content=\"Thea Ahmed Ommundsen\" \/>\n\t<meta name=\"twitter:label2\" content=\"Ansl. lesetid\" \/>\n\t<meta name=\"twitter:data2\" content=\"3 minutter\" \/>\n<script type=\"application\/ld+json\" class=\"yoast-schema-graph\">{\"@context\":\"https:\/\/schema.org\",\"@graph\":[{\"@type\":\"NewsArticle\",\"@id\":\"https:\/\/hoyre.no\/agder\/aktuelt\/hoyre-onsker-at-regjeringen-skal-gi-statsforvalteren-mer-ressurser\/\",\"url\":\"https:\/\/hoyre.no\/agder\/aktuelt\/hoyre-onsker-at-regjeringen-skal-gi-statsforvalteren-mer-ressurser\/\",\"name\":\"H\u00f8yre \u00f8nsker at regjeringen skal gi statsforvalteren mer ressurser - Agder H\u00f8yre\",\"isPartOf\":{\"@id\":\"https:\/\/hoyre.no\/agder\/#website\"},\"datePublished\":\"2023-08-23T14:28:53+00:00\",\"dateModified\":\"2023-08-25T09:42:06+00:00\",\"author\":{\"@id\":\"https:\/\/hoyre.no\/agder\/#\/schema\/person\/38aa4bf8fb5054a5f48ac8f47143f04e\"},\"breadcrumb\":{\"@id\":\"https:\/\/hoyre.no\/agder\/aktuelt\/hoyre-onsker-at-regjeringen-skal-gi-statsforvalteren-mer-ressurser\/#breadcrumb\"},\"inLanguage\":\"nb-NO\",\"potentialAction\":[{\"@type\":\"ReadAction\",\"target\":[\"https:\/\/hoyre.no\/agder\/aktuelt\/hoyre-onsker-at-regjeringen-skal-gi-statsforvalteren-mer-ressurser\/\"]}]},{\"@type\":\"BreadcrumbList\",\"@id\":\"https:\/\/hoyre.no\/agder\/aktuelt\/hoyre-onsker-at-regjeringen-skal-gi-statsforvalteren-mer-ressurser\/#breadcrumb\",\"itemListElement\":[{\"@type\":\"ListItem\",\"position\":1,\"name\":\"Til hoyre.no\",\"item\":\"https:\/\/hoyre.no\"},{\"@type\":\"ListItem\",\"position\":2,\"name\":\"Hjem\",\"item\":\"https:\/\/hoyre.no\/agder\/\"},{\"@type\":\"ListItem\",\"position\":3,\"name\":\"H\u00f8yre \u00f8nsker at regjeringen skal gi statsforvalteren mer ressurser\"}]},{\"@type\":\"WebSite\",\"@id\":\"https:\/\/hoyre.no\/agder\/#website\",\"url\":\"https:\/\/hoyre.no\/agder\/\",\"name\":\"Agder H\u00f8yre\",\"description\":\"Bare enda et H\u00f8yres nettsteder-nettsted\",\"inLanguage\":\"nb-NO\"},{\"@type\":\"Person\",\"@id\":\"https:\/\/hoyre.no\/agder\/#\/schema\/person\/38aa4bf8fb5054a5f48ac8f47143f04e\",\"name\":\"Thea Ahmed Ommundsen\",\"image\":{\"@type\":\"ImageObject\",\"inLanguage\":\"nb-NO\",\"@id\":\"https:\/\/hoyre.no\/agder\/#\/schema\/person\/image\/\",\"url\":\"https:\/\/secure.gravatar.com\/avatar\/b8ee679d29c2093e6f15ac72c60b2e22efffc0cb4329b2224b7d13d29fa5d062?s=96&d=mm&r=g\",\"contentUrl\":\"https:\/\/secure.gravatar.com\/avatar\/b8ee679d29c2093e6f15ac72c60b2e22efffc0cb4329b2224b7d13d29fa5d062?s=96&d=mm&r=g\",\"caption\":\"Thea Ahmed Ommundsen\"},\"url\":\"https:\/\/hoyre.no\/agder\/aktuelt\/author\/m52062361\/\"}]}<\/script>\n<!-- \/ Yoast SEO Premium plugin. -->","yoast_head_json":{"title":"H\u00f8yre \u00f8nsker at regjeringen skal gi statsforvalteren mer ressurser - Agder H\u00f8yre","robots":{"index":"index","follow":"follow","max-snippet":"max-snippet:-1","max-image-preview":"max-image-preview:large","max-video-preview":"max-video-preview:-1"},"canonical":"https:\/\/hoyre.no\/agder\/aktuelt\/hoyre-onsker-at-regjeringen-skal-gi-statsforvalteren-mer-ressurser\/","og_locale":"nb_NO","og_type":"article","og_title":"H\u00f8yre \u00f8nsker at regjeringen skal gi statsforvalteren mer ressurser","og_url":"https:\/\/hoyre.no\/agder\/aktuelt\/hoyre-onsker-at-regjeringen-skal-gi-statsforvalteren-mer-ressurser\/","og_site_name":"Agder H\u00f8yre","article_published_time":"2023-08-23T14:28:53+00:00","article_modified_time":"2023-08-25T09:42:06+00:00","og_image":[{"url":"https:\/\/hoyre.no\/content\/uploads\/sites\/6\/2026\/03\/Haagen-Poppe-Foto-Hans-Kristian-Thorbjornsen-1024x683.jpg","width":"","height":"","type":""}],"author":"Thea Ahmed Ommundsen","twitter_card":"summary_large_image","twitter_misc":{"Skrevet av":"Thea Ahmed Ommundsen","Ansl. lesetid":"3 minutter"},"schema":{"@context":"https:\/\/schema.org","@graph":[{"@type":"NewsArticle","@id":"https:\/\/hoyre.no\/agder\/aktuelt\/hoyre-onsker-at-regjeringen-skal-gi-statsforvalteren-mer-ressurser\/","url":"https:\/\/hoyre.no\/agder\/aktuelt\/hoyre-onsker-at-regjeringen-skal-gi-statsforvalteren-mer-ressurser\/","name":"H\u00f8yre \u00f8nsker at regjeringen skal gi statsforvalteren mer ressurser - Agder H\u00f8yre","isPartOf":{"@id":"https:\/\/hoyre.no\/agder\/#website"},"datePublished":"2023-08-23T14:28:53+00:00","dateModified":"2023-08-25T09:42:06+00:00","author":{"@id":"https:\/\/hoyre.no\/agder\/#\/schema\/person\/38aa4bf8fb5054a5f48ac8f47143f04e"},"breadcrumb":{"@id":"https:\/\/hoyre.no\/agder\/aktuelt\/hoyre-onsker-at-regjeringen-skal-gi-statsforvalteren-mer-ressurser\/#breadcrumb"},"inLanguage":"nb-NO","potentialAction":[{"@type":"ReadAction","target":["https:\/\/hoyre.no\/agder\/aktuelt\/hoyre-onsker-at-regjeringen-skal-gi-statsforvalteren-mer-ressurser\/"]}]},{"@type":"BreadcrumbList","@id":"https:\/\/hoyre.no\/agder\/aktuelt\/hoyre-onsker-at-regjeringen-skal-gi-statsforvalteren-mer-ressurser\/#breadcrumb","itemListElement":[{"@type":"ListItem","position":1,"name":"Til hoyre.no","item":"https:\/\/hoyre.no"},{"@type":"ListItem","position":2,"name":"Hjem","item":"https:\/\/hoyre.no\/agder\/"},{"@type":"ListItem","position":3,"name":"H\u00f8yre \u00f8nsker at regjeringen skal gi statsforvalteren mer ressurser"}]},{"@type":"WebSite","@id":"https:\/\/hoyre.no\/agder\/#website","url":"https:\/\/hoyre.no\/agder\/","name":"Agder H\u00f8yre","description":"Bare enda et H\u00f8yres nettsteder-nettsted","inLanguage":"nb-NO"},{"@type":"Person","@id":"https:\/\/hoyre.no\/agder\/#\/schema\/person\/38aa4bf8fb5054a5f48ac8f47143f04e","name":"Thea Ahmed Ommundsen","image":{"@type":"ImageObject","inLanguage":"nb-NO","@id":"https:\/\/hoyre.no\/agder\/#\/schema\/person\/image\/","url":"https:\/\/secure.gravatar.com\/avatar\/b8ee679d29c2093e6f15ac72c60b2e22efffc0cb4329b2224b7d13d29fa5d062?s=96&d=mm&r=g","contentUrl":"https:\/\/secure.gravatar.com\/avatar\/b8ee679d29c2093e6f15ac72c60b2e22efffc0cb4329b2224b7d13d29fa5d062?s=96&d=mm&r=g","caption":"Thea Ahmed Ommundsen"},"url":"https:\/\/hoyre.no\/agder\/aktuelt\/author\/m52062361\/"}]}},"distributor_meta":false,"distributor_terms":false,"distributor_media":false,"distributor_original_site_name":"Agder H\u00f8yre","distributor_original_site_url":"https:\/\/hoyre.no\/agder","push-errors":false,"_links":{"self":[{"href":"https:\/\/hoyre.no\/agder\/wp-json\/wp\/v2\/posts\/1996","targetHints":{"allow":["GET"]}}],"collection":[{"href":"https:\/\/hoyre.no\/agder\/wp-json\/wp\/v2\/posts"}],"about":[{"href":"https:\/\/hoyre.no\/agder\/wp-json\/wp\/v2\/types\/post"}],"author":[{"embeddable":true,"href":"https:\/\/hoyre.no\/agder\/wp-json\/wp\/v2\/users\/35144"}],"replies":[{"embeddable":true,"href":"https:\/\/hoyre.no\/agder\/wp-json\/wp\/v2\/comments?post=1996"}],"version-history":[{"count":2,"href":"https:\/\/hoyre.no\/agder\/wp-json\/wp\/v2\/posts\/1996\/revisions"}],"predecessor-version":[{"id":2013,"href":"https:\/\/hoyre.no\/agder\/wp-json\/wp\/v2\/posts\/1996\/revisions\/2013"}],"wp:attachment":[{"href":"https:\/\/hoyre.no\/agder\/wp-json\/wp\/v2\/media?parent=1996"}],"wp:term":[{"taxonomy":"category","embeddable":true,"href":"https:\/\/hoyre.no\/agder\/wp-json\/wp\/v2\/category?post=1996"},{"taxonomy":"post_tag","embeddable":true,"href":"https:\/\/hoyre.no\/agder\/wp-json\/wp\/v2\/post_tag?post=1996"},{"taxonomy":"hoyre-visibility","embeddable":true,"href":"https:\/\/hoyre.no\/agder\/wp-json\/wp\/v2\/hoyre-visibility?post=1996"},{"taxonomy":"article-type","embeddable":true,"href":"https:\/\/hoyre.no\/agder\/wp-json\/wp\/v2\/article-type?post=1996"},{"taxonomy":"politician","embeddable":true,"href":"https:\/\/hoyre.no\/agder\/wp-json\/wp\/v2\/politician?post=1996"}],"curies":[{"name":"wp","href":"https:\/\/api.w.org\/{rel}","templated":true}]}}