{"id":1999,"date":"2023-08-25T11:01:00","date_gmt":"2023-08-25T09:01:00","guid":{"rendered":"https:\/\/hoyre.no\/agder\/?p=1999"},"modified":"2023-08-25T11:42:53","modified_gmt":"2023-08-25T09:42:53","slug":"hoyre-vil-gjore-agder-til-landets-fremste-matfylke","status":"publish","type":"post","link":"https:\/\/hoyre.no\/agder\/aktuelt\/hoyre-vil-gjore-agder-til-landets-fremste-matfylke\/","title":{"rendered":"H\u00f8yre vil gj\u00f8re Agder til landets fremste matfylke"},"content":{"rendered":"\n<p class=\"preamble\">Jeg elsker \u00e5 lage mat! Jeg har flere hyllemeter med kokeb\u00f8ker og jeg samler oppskrifter fra reiser, fra bekjente og fra tv-program. Jeg lager mat fra alle verdenshj\u00f8rner, men oppveksten p\u00e5 g\u00e5rd har nok bidratt til at b\u00e5de norsk tradisjonsmat og norske r\u00e5varer har en ekstra plass i hjertet mitt. Og til tross for litt himling med \u00f8ynene innimellom, har alle seks ungene f\u00e5tt med seg en god dose kostholdsr\u00e5d og sunne oppskrifter f\u00f8r de flyttet hjemmefra.<\/p>\t\t\t<div class=\"post-meta wp-block teft-byline-wrapper\">\n\t\t\t\t<div class=\"top\">\n\t\t\t\t\t<div class=\"signature\">\n\t\t\t\t\t\t<div class=\"teft-byline\">\n\t\t\t\t\t\t\t\t\t\t\t\t\t\t<div>\n\t\t\t\t\t\t\t\t<h3>H\u00f8yres redaksjon<\/h3>\t\t\t\t\t\t\t\t\n\t\t\t\t\t\t\t\t\t\t\t\t\t\t\t\t\t<span class=\"date\">Sist oppdatert: 25. august 2023<\/span>\n\t\t\t\t\t\t\t\t\t\t\t\t\t\t\t\t\t\t\t\t\t\t\t\t\t<span class=\"reading-time\" itemprop=\"timeRequired\" content=\"PT3M\"><em>Ca. 3 minutter lesetid<\/em><\/span>\n\t\t\t\t\t\t\t\t\t\t\t\t\t\t\t<\/div>\n\t\t\t\t\t\t<\/div>\n\t\t\t\t\t<\/div>\n\t\t\t\t\t\t<div class=\"sharing\">\n\t\t<a class=\"share-button share-link copy-link\" data-copy=\"https:\/\/hoyre.no\/agder\/aktuelt\/hoyre-vil-gjore-agder-til-landets-fremste-matfylke\/\" target=\"_blank\"><span class=\"screen-reader-text\">Del link<\/span><\/a>\n\t\t<a class=\"share-button share-twitter\" href=\"http:\/\/twitter.com\/share?text=H\u00f8yre vil gj\u00f8re Agder til landets fremste matfylke&#038;url=https:\/\/hoyre.no\/agder\/aktuelt\/hoyre-vil-gjore-agder-til-landets-fremste-matfylke\/&#038;hashtags=Hoyre\" target=\"_blank\"><span class=\"screen-reader-text\">Del p\u00e5 twitter<\/span><\/a>\n\t\t<a class=\"share-button share-facebook\" href=\"https:\/\/www.facebook.com\/sharer\/sharer.php?u=https:\/\/hoyre.no\/agder\/aktuelt\/hoyre-vil-gjore-agder-til-landets-fremste-matfylke\/\" target=\"_blank\"><span class=\"screen-reader-text\">Del p\u00e5 facebook<\/span><\/a>\n\t<\/div>\n\t\t\t\t\t<\/div>\n\t\t\t<\/div>\n\n\t\t\t<figure class=\"hoyre-image-wrapper\"><div class=\"hoyre-image\"><img loading=\"lazy\" decoding=\"async\" width=\"2032\" height=\"2500\" src=\"https:\/\/hoyre.no\/content\/uploads\/sites\/6\/2023\/08\/Bilde.-Torunn-Matregion-JPG.-scaled.jpg\" class=\"attachment-scaled size-scaled\" alt=\"\" style=\"object-position: 50% 19%\" srcset=\"https:\/\/hoyre.no\/content\/uploads\/sites\/6\/2023\/08\/Bilde.-Torunn-Matregion-JPG.-scaled.jpg 2032w, https:\/\/hoyre.no\/content\/uploads\/sites\/6\/2023\/08\/Bilde.-Torunn-Matregion-JPG.-244x300.jpg 244w, https:\/\/hoyre.no\/content\/uploads\/sites\/6\/2023\/08\/Bilde.-Torunn-Matregion-JPG.-832x1024.jpg 832w, https:\/\/hoyre.no\/content\/uploads\/sites\/6\/2023\/08\/Bilde.-Torunn-Matregion-JPG.-768x945.jpg 768w, https:\/\/hoyre.no\/content\/uploads\/sites\/6\/2023\/08\/Bilde.-Torunn-Matregion-JPG.-1248x1536.jpg 1248w, https:\/\/hoyre.no\/content\/uploads\/sites\/6\/2023\/08\/Bilde.-Torunn-Matregion-JPG.-1665x2048.jpg 1665w\" sizes=\"auto, (max-width: 2032px) 100vw, 2032px\" \/><\/div><figcaption class=\"caption\">Torunn Ostad er H\u00f8yres gruppeleder p\u00e5 fylkestinget og 2. kandidat ved fylkestingsvalget.<\/figcaption><\/figure>\n\n\n\n\n<p>Lokal mat er identitet, kultur, b\u00e6rekraft og det er verdiskaping. Ett av de mest spennende prosjektene til H\u00f8yre og de borgerlige partiene innev\u00e6rende fylkestingsperiode er Matregion Agder, som skal gi \u00f8kt kunnskap og bevissthet om Agders ressurser og matkultur. B\u00e5de folkehelse, matproduksjon og reiseliv er viktige perspektiver i satsingen.<\/p>\n\n\n\n<p>Bakgrunnen er Solberg-regjeringens strategi Matnasjonen Norge. Den handler om gr\u00f8nn og bl\u00e5 matproduksjon og hvordan dette kan kobles til opplevelser og utvikling av Norge som matnasjon.<\/p>\n\n\n\n<p>I Agder har prosjektet tre deler:<\/p>\n\n\n\n<ul class=\"wp-block-list\"><li>Barnehager, skoler, institusjoner og kantiner skal f\u00f8lge kostholdsr\u00e5dene, ha null matsvinn og bruke lokale r\u00e5varer i alle retter.<\/li><li>Legge til rette for vekst og verdiskaping knytta til b\u00e6rekraftig mat og reiseliv i hele Agder.<\/li><li>Legge til rette for \u00f8kt rekruttering til og omd\u00f8mmebygging av matfagene.<\/li><\/ul>\n\n\n\n<p>Helt konkret betyr det for eksempel at vi har vedtatt at mat som serveres i alle kantiner eller p\u00e5 arrangement i regi av fylkeskommunen skal bruke minst 50 % lokale r\u00e5varer. Det betyr at virkemiddelapparatet skal prioritere matprodusenter. Vi har opprettet et stipend som g\u00e5r til ambassad\u00f8rer for mat fra Agder. Og vi har bevilget ekstra midler til Geitmyra matkultursenter s\u00e5 de kan utvide prosjektet om l\u00e6ringsrik mat i SFO til flere kommuner.<\/p>\n\n\n\n<p>Ambisjonen om \u00e5 bli landets fremste matfylke vil v\u00e6re viktig for reiselivet, for landbruket og for restaurantbransjen. Men det er ogs\u00e5 et viktig b\u00e6rekrafts- og folkehelsetiltak.<\/p>\n\n\n\n<p>Det er mange som vil kjempe med oss om den posisjonen. Men Agder har lange tradisjoner med \u00e5 utnytte ressursene i jorda og i havet. Og vi har sterke kompetansemilj\u00f8 og innovative akt\u00f8rer b\u00e5de innenfor de bl\u00e5 og gr\u00f8nne n\u00e6ringene.<\/p>\n\n\n\n<p>For \u00e5 n\u00e5 m\u00e5lene i Matregion Agder m\u00e5 vi jobbe med markedsf\u00f8ring utenfor fylkesgrensa og med bevisstgj\u00f8ring og matkultur her hjemme i Agder. Vi m\u00e5 ha tilgjengelige arealer til matproduksjon b\u00e5de til lands og til vanns og vi m\u00e5 jobbe sammen med n\u00e6ringene om rekruttering til b\u00e5de bl\u00e5tt og gr\u00f8nt naturbruk og til matfag.<\/p>\n\n\n\n<p>Det vil kreve langsiktig og systematisk innsats og godt samarbeid p\u00e5 tvers av n\u00e6ringer og offentlige myndigheter. Men tenk deg bel\u00f8nningen! Se for deg barn og unge som er stolte av matkulturen v\u00e5r og som gjerne ser for seg en fremtidig jobb knyttet til mat og matproduksjon. Se for deg norske og utenlandske turister som str\u00f8mmer til regionen for \u00e5 f\u00e5 en smak av Agder. Se for deg et b\u00e6rekraftig forbruk og b\u00e6rekraftig produksjon av flotte, lokale r\u00e5varer.<\/p>\n\n\n\n<p>H\u00f8yre vil fortsette en bred og kraftfull satsing p\u00e5 Matregion Agder!<\/p>\n\n\n<div class=\"tags\">\n\t<\/div>\n<div class=\"post-footer alignfull has-background block-editor-block-list__block\" data-align=full>\n\t<div class=\"post-footer-inner\">\n\t\t<h3>Relaterte artikler<\/h3>\n\t\t<div class=\"related-content\"><div class=\"is-card-hoyre\">\n\t<div class=\"teft-card hoyre-teft-card post-teft-card\">\n\t\t<a href=\"https:\/\/hoyre.no\/agder\/aktuelt\/agder-hoyre-onsker-dine-innspill-fylkestings-programmet\/\" class=\"teft-card__primary-action\">\n\n\t\t\t\t\t<div class=\"teft-card__media teft-card__media--16-9\">\n\t\t\t\t\t\t<img loading=\"lazy\" decoding=\"async\" width=\"768\" height=\"819\" src=\"https:\/\/hoyre.no\/content\/uploads\/sites\/6\/2025\/06\/DSC04923-edited-768x819.jpg\" class=\"attachment-medium_large size-medium_large\" alt=\"\" srcset=\"https:\/\/hoyre.no\/content\/uploads\/sites\/6\/2025\/06\/DSC04923-edited-768x819.jpg 768w, https:\/\/hoyre.no\/content\/uploads\/sites\/6\/2025\/06\/DSC04923-edited-281x300.jpg 281w, https:\/\/hoyre.no\/content\/uploads\/sites\/6\/2025\/06\/DSC04923-edited-960x1024.jpg 960w, https:\/\/hoyre.no\/content\/uploads\/sites\/6\/2025\/06\/DSC04923-edited-1440x1536.jpg 1440w, https:\/\/hoyre.no\/content\/uploads\/sites\/6\/2025\/06\/DSC04923-edited-1920x2048.jpg 1920w\" sizes=\"auto, (max-width: 768px) 100vw, 768px\" \/>\t\t<\/div>\n\t\t\n\t\t\t<div class=\"teft-card__content-wrapper\">\n\t\t\t\t<div class=\"teft-card__secondary\">\n\t\t\t\t\t\n\t\t\t\t\t\t\t\t<div class=\"teft-card__meta\">\n\t\t\t\t\t\t\t\t\t<span class=\"post-date\">21. apr 2026<\/span>\n\n\t\t\t\t\t\t\t\t\t<span class=\"post-category\">Nyheter<\/span>\t\t\t\t\t\t\t\t<\/div>\n\t\t\t\t\t\t\t\t\t\t\t<\/div>\n\n\t\t\t\t<div class=\"teft-card__primary\">\n\t\t\t\t\t<h2 class=\"teft-card__title\">Agder H\u00f8yres programprosess for Fylkestingsvalget 2027&nbsp;<span class=\"teft-card__primary-title-append\"><\/span><\/h2>\t\t\t\t<\/div>\n\t\t\t<\/div>\n\t\t<\/a>\n\t<\/div>\n\n\t<\/div><div class=\"is-card-hoyre\">\n\t<div class=\"teft-card hoyre-teft-card post-teft-card\">\n\t\t<a href=\"https:\/\/hoyre.no\/agder\/aktuelt\/agder-hoyres-nye-regionradgiver\/\" class=\"teft-card__primary-action\">\n\n\t\t\t\t\t<div class=\"teft-card__media teft-card__media--16-9\">\n\t\t\t\t\t\t<img loading=\"lazy\" decoding=\"async\" width=\"768\" height=\"768\" src=\"https:\/\/hoyre.no\/content\/uploads\/sites\/6\/2026\/03\/Aleksander-L-768x768.png\" class=\"attachment-medium_large size-medium_large\" alt=\"\" srcset=\"https:\/\/hoyre.no\/content\/uploads\/sites\/6\/2026\/03\/Aleksander-L-768x768.png 768w, https:\/\/hoyre.no\/content\/uploads\/sites\/6\/2026\/03\/Aleksander-L-e1775591785378-300x300.png 300w, https:\/\/hoyre.no\/content\/uploads\/sites\/6\/2026\/03\/Aleksander-L-e1775591785378-150x150.png 150w, https:\/\/hoyre.no\/content\/uploads\/sites\/6\/2026\/03\/Aleksander-L-e1775591785378.png 722w\" sizes=\"auto, (max-width: 768px) 100vw, 768px\" \/>\t\t<\/div>\n\t\t\n\t\t\t<div class=\"teft-card__content-wrapper\">\n\t\t\t\t<div class=\"teft-card__secondary\">\n\t\t\t\t\t\n\t\t\t\t\t\t\t\t<div class=\"teft-card__meta\">\n\t\t\t\t\t\t\t\t\t<span class=\"post-date\">23. mar 2026<\/span>\n\n\t\t\t\t\t\t\t\t\t\t\t\t\t\t\t\t\t<\/div>\n\t\t\t\t\t\t\t\t\t\t\t<\/div>\n\n\t\t\t\t<div class=\"teft-card__primary\">\n\t\t\t\t\t<h2 class=\"teft-card__title\">Agder H\u00f8yres nye regionr\u00e5dgiver&nbsp;<span class=\"teft-card__primary-title-append\"><\/span><\/h2>\t\t\t\t<\/div>\n\t\t\t<\/div>\n\t\t<\/a>\n\t<\/div>\n\n\t<\/div><div class=\"is-card-hoyre\">\n\t<div class=\"teft-card hoyre-teft-card post-teft-card\">\n\t\t<a href=\"https:\/\/hoyre.no\/agder\/aktuelt\/agder-hoyres-nominasjonsprosess-for-fylkestingsvalget-2027\/\" class=\"teft-card__primary-action\">\n\n\t\t\t\t\t<div class=\"teft-card__media teft-card__media--16-9\">\n\t\t\t\t\t\t<img loading=\"lazy\" decoding=\"async\" width=\"768\" height=\"512\" src=\"https:\/\/hoyre.no\/content\/uploads\/sites\/6\/2026\/03\/Haagen-Poppe-Foto-Hans-Kristian-Thorbjornsen-768x512.jpg\" class=\"attachment-medium_large size-medium_large\" alt=\"\" srcset=\"https:\/\/hoyre.no\/content\/uploads\/sites\/6\/2026\/03\/Haagen-Poppe-Foto-Hans-Kristian-Thorbjornsen-768x512.jpg 768w, https:\/\/hoyre.no\/content\/uploads\/sites\/6\/2026\/03\/Haagen-Poppe-Foto-Hans-Kristian-Thorbjornsen-300x200.jpg 300w, https:\/\/hoyre.no\/content\/uploads\/sites\/6\/2026\/03\/Haagen-Poppe-Foto-Hans-Kristian-Thorbjornsen-1024x683.jpg 1024w, https:\/\/hoyre.no\/content\/uploads\/sites\/6\/2026\/03\/Haagen-Poppe-Foto-Hans-Kristian-Thorbjornsen-1536x1025.jpg 1536w, https:\/\/hoyre.no\/content\/uploads\/sites\/6\/2026\/03\/Haagen-Poppe-Foto-Hans-Kristian-Thorbjornsen-2048x1366.jpg 2048w\" sizes=\"auto, (max-width: 768px) 100vw, 768px\" \/>\t\t<\/div>\n\t\t\n\t\t\t<div class=\"teft-card__content-wrapper\">\n\t\t\t\t<div class=\"teft-card__secondary\">\n\t\t\t\t\t\n\t\t\t\t\t\t\t\t<div class=\"teft-card__meta\">\n\t\t\t\t\t\t\t\t\t<span class=\"post-date\">5. mar 2026<\/span>\n\n\t\t\t\t\t\t\t\t\t\t\t\t\t\t\t\t\t<\/div>\n\t\t\t\t\t\t\t\t\t\t\t<\/div>\n\n\t\t\t\t<div class=\"teft-card__primary\">\n\t\t\t\t\t<h2 class=\"teft-card__title\">Agder H\u00f8yres nominasjonsprosess for  Fylkestingsvalget 2027&nbsp;<span class=\"teft-card__primary-title-append\"><\/span><\/h2>\t\t\t\t<\/div>\n\t\t\t<\/div>\n\t\t<\/a>\n\t<\/div>\n\n\t<\/div><\/div>\t<\/div>\n<\/div>\n","protected":false},"excerpt":{"rendered":"","protected":false},"author":28868,"featured_media":0,"comment_status":"closed","ping_status":"closed","sticky":false,"template":"","format":"standard","meta":{"teft_cards_image_url":"","teft_cards_custom_pretitle":"","teft_cards_image_id":2002,"teft_cards_image_focal_point_x":0.49,"teft_cards_image_focal_point_y":0.1,"teft_cards_title":"","teft_cards_excerpt":"","teft_show_chapters":false,"author_display_name":"","footnotes":""},"category":[5],"post_tag":[],"hoyre-visibility":[],"article-type":[],"politician":[],"class_list":["post-1999","post","type-post","status-publish","format-standard","hentry","category-kronikk"],"yoast_head":"<!-- This site is optimized with the Yoast SEO Premium plugin v26.5 (Yoast SEO v26.6) - https:\/\/yoast.com\/wordpress\/plugins\/seo\/ -->\n<title>H\u00f8yre vil gj\u00f8re Agder til landets fremste matfylke - Agder H\u00f8yre<\/title>\n<meta name=\"robots\" content=\"index, follow, max-snippet:-1, max-image-preview:large, max-video-preview:-1\" \/>\n<link rel=\"canonical\" href=\"https:\/\/hoyre.no\/agder\/aktuelt\/hoyre-vil-gjore-agder-til-landets-fremste-matfylke\/\" \/>\n<meta property=\"og:locale\" content=\"nb_NO\" \/>\n<meta property=\"og:type\" content=\"article\" \/>\n<meta property=\"og:title\" content=\"H\u00f8yre vil gj\u00f8re Agder til landets fremste matfylke\" \/>\n<meta property=\"og:url\" content=\"https:\/\/hoyre.no\/agder\/aktuelt\/hoyre-vil-gjore-agder-til-landets-fremste-matfylke\/\" \/>\n<meta property=\"og:site_name\" content=\"Agder H\u00f8yre\" \/>\n<meta property=\"article:published_time\" content=\"2023-08-25T09:01:00+00:00\" \/>\n<meta property=\"article:modified_time\" content=\"2023-08-25T09:42:53+00:00\" \/>\n<meta property=\"og:image\" content=\"https:\/\/hoyre.no\/content\/uploads\/sites\/6\/2026\/03\/Haagen-Poppe-Foto-Hans-Kristian-Thorbjornsen-1024x683.jpg\" \/>\n<meta name=\"author\" content=\"Johannes Str\u00f8mberg\" \/>\n<meta name=\"twitter:card\" content=\"summary_large_image\" \/>\n<meta name=\"twitter:label1\" content=\"Skrevet av\" \/>\n\t<meta name=\"twitter:data1\" content=\"Johannes Str\u00f8mberg\" \/>\n\t<meta name=\"twitter:label2\" content=\"Ansl. lesetid\" \/>\n\t<meta name=\"twitter:data2\" content=\"3 minutter\" \/>\n<script type=\"application\/ld+json\" class=\"yoast-schema-graph\">{\"@context\":\"https:\/\/schema.org\",\"@graph\":[{\"@type\":\"NewsArticle\",\"@id\":\"https:\/\/hoyre.no\/agder\/aktuelt\/hoyre-vil-gjore-agder-til-landets-fremste-matfylke\/\",\"url\":\"https:\/\/hoyre.no\/agder\/aktuelt\/hoyre-vil-gjore-agder-til-landets-fremste-matfylke\/\",\"name\":\"H\u00f8yre vil gj\u00f8re Agder til landets fremste matfylke - Agder H\u00f8yre\",\"isPartOf\":{\"@id\":\"https:\/\/hoyre.no\/agder\/#website\"},\"datePublished\":\"2023-08-25T09:01:00+00:00\",\"dateModified\":\"2023-08-25T09:42:53+00:00\",\"author\":{\"@id\":\"https:\/\/hoyre.no\/agder\/#\/schema\/person\/c163ff5f76c860a02db911f83831bd69\"},\"breadcrumb\":{\"@id\":\"https:\/\/hoyre.no\/agder\/aktuelt\/hoyre-vil-gjore-agder-til-landets-fremste-matfylke\/#breadcrumb\"},\"inLanguage\":\"nb-NO\",\"potentialAction\":[{\"@type\":\"ReadAction\",\"target\":[\"https:\/\/hoyre.no\/agder\/aktuelt\/hoyre-vil-gjore-agder-til-landets-fremste-matfylke\/\"]}]},{\"@type\":\"BreadcrumbList\",\"@id\":\"https:\/\/hoyre.no\/agder\/aktuelt\/hoyre-vil-gjore-agder-til-landets-fremste-matfylke\/#breadcrumb\",\"itemListElement\":[{\"@type\":\"ListItem\",\"position\":1,\"name\":\"Til hoyre.no\",\"item\":\"https:\/\/hoyre.no\"},{\"@type\":\"ListItem\",\"position\":2,\"name\":\"Hjem\",\"item\":\"https:\/\/hoyre.no\/agder\/\"},{\"@type\":\"ListItem\",\"position\":3,\"name\":\"H\u00f8yre vil gj\u00f8re Agder til landets fremste matfylke\"}]},{\"@type\":\"WebSite\",\"@id\":\"https:\/\/hoyre.no\/agder\/#website\",\"url\":\"https:\/\/hoyre.no\/agder\/\",\"name\":\"Agder H\u00f8yre\",\"description\":\"Bare enda et H\u00f8yres nettsteder-nettsted\",\"inLanguage\":\"nb-NO\"},{\"@type\":\"Person\",\"@id\":\"https:\/\/hoyre.no\/agder\/#\/schema\/person\/c163ff5f76c860a02db911f83831bd69\",\"name\":\"Johannes Str\u00f8mberg\",\"image\":{\"@type\":\"ImageObject\",\"inLanguage\":\"nb-NO\",\"@id\":\"https:\/\/hoyre.no\/agder\/#\/schema\/person\/image\/\",\"url\":\"https:\/\/secure.gravatar.com\/avatar\/69a51525e179c87eaf4c14f9c59455d87efc9f0f7e0fb555882dc63e89aaa9a8?s=96&d=mm&r=g\",\"contentUrl\":\"https:\/\/secure.gravatar.com\/avatar\/69a51525e179c87eaf4c14f9c59455d87efc9f0f7e0fb555882dc63e89aaa9a8?s=96&d=mm&r=g\",\"caption\":\"Johannes Str\u00f8mberg\"},\"url\":\"https:\/\/hoyre.no\/agder\/aktuelt\/author\/m51961407\/\"}]}<\/script>\n<!-- \/ Yoast SEO Premium plugin. -->","yoast_head_json":{"title":"H\u00f8yre vil gj\u00f8re Agder til landets fremste matfylke - Agder H\u00f8yre","robots":{"index":"index","follow":"follow","max-snippet":"max-snippet:-1","max-image-preview":"max-image-preview:large","max-video-preview":"max-video-preview:-1"},"canonical":"https:\/\/hoyre.no\/agder\/aktuelt\/hoyre-vil-gjore-agder-til-landets-fremste-matfylke\/","og_locale":"nb_NO","og_type":"article","og_title":"H\u00f8yre vil gj\u00f8re Agder til landets fremste matfylke","og_url":"https:\/\/hoyre.no\/agder\/aktuelt\/hoyre-vil-gjore-agder-til-landets-fremste-matfylke\/","og_site_name":"Agder H\u00f8yre","article_published_time":"2023-08-25T09:01:00+00:00","article_modified_time":"2023-08-25T09:42:53+00:00","og_image":[{"url":"https:\/\/hoyre.no\/content\/uploads\/sites\/6\/2026\/03\/Haagen-Poppe-Foto-Hans-Kristian-Thorbjornsen-1024x683.jpg","width":"","height":"","type":""}],"author":"Johannes Str\u00f8mberg","twitter_card":"summary_large_image","twitter_misc":{"Skrevet av":"Johannes Str\u00f8mberg","Ansl. lesetid":"3 minutter"},"schema":{"@context":"https:\/\/schema.org","@graph":[{"@type":"NewsArticle","@id":"https:\/\/hoyre.no\/agder\/aktuelt\/hoyre-vil-gjore-agder-til-landets-fremste-matfylke\/","url":"https:\/\/hoyre.no\/agder\/aktuelt\/hoyre-vil-gjore-agder-til-landets-fremste-matfylke\/","name":"H\u00f8yre vil gj\u00f8re Agder til landets fremste matfylke - Agder H\u00f8yre","isPartOf":{"@id":"https:\/\/hoyre.no\/agder\/#website"},"datePublished":"2023-08-25T09:01:00+00:00","dateModified":"2023-08-25T09:42:53+00:00","author":{"@id":"https:\/\/hoyre.no\/agder\/#\/schema\/person\/c163ff5f76c860a02db911f83831bd69"},"breadcrumb":{"@id":"https:\/\/hoyre.no\/agder\/aktuelt\/hoyre-vil-gjore-agder-til-landets-fremste-matfylke\/#breadcrumb"},"inLanguage":"nb-NO","potentialAction":[{"@type":"ReadAction","target":["https:\/\/hoyre.no\/agder\/aktuelt\/hoyre-vil-gjore-agder-til-landets-fremste-matfylke\/"]}]},{"@type":"BreadcrumbList","@id":"https:\/\/hoyre.no\/agder\/aktuelt\/hoyre-vil-gjore-agder-til-landets-fremste-matfylke\/#breadcrumb","itemListElement":[{"@type":"ListItem","position":1,"name":"Til hoyre.no","item":"https:\/\/hoyre.no"},{"@type":"ListItem","position":2,"name":"Hjem","item":"https:\/\/hoyre.no\/agder\/"},{"@type":"ListItem","position":3,"name":"H\u00f8yre vil gj\u00f8re Agder til landets fremste matfylke"}]},{"@type":"WebSite","@id":"https:\/\/hoyre.no\/agder\/#website","url":"https:\/\/hoyre.no\/agder\/","name":"Agder H\u00f8yre","description":"Bare enda et H\u00f8yres nettsteder-nettsted","inLanguage":"nb-NO"},{"@type":"Person","@id":"https:\/\/hoyre.no\/agder\/#\/schema\/person\/c163ff5f76c860a02db911f83831bd69","name":"Johannes Str\u00f8mberg","image":{"@type":"ImageObject","inLanguage":"nb-NO","@id":"https:\/\/hoyre.no\/agder\/#\/schema\/person\/image\/","url":"https:\/\/secure.gravatar.com\/avatar\/69a51525e179c87eaf4c14f9c59455d87efc9f0f7e0fb555882dc63e89aaa9a8?s=96&d=mm&r=g","contentUrl":"https:\/\/secure.gravatar.com\/avatar\/69a51525e179c87eaf4c14f9c59455d87efc9f0f7e0fb555882dc63e89aaa9a8?s=96&d=mm&r=g","caption":"Johannes Str\u00f8mberg"},"url":"https:\/\/hoyre.no\/agder\/aktuelt\/author\/m51961407\/"}]}},"distributor_meta":false,"distributor_terms":false,"distributor_media":false,"distributor_original_site_name":"Agder H\u00f8yre","distributor_original_site_url":"https:\/\/hoyre.no\/agder","push-errors":false,"_links":{"self":[{"href":"https:\/\/hoyre.no\/agder\/wp-json\/wp\/v2\/posts\/1999","targetHints":{"allow":["GET"]}}],"collection":[{"href":"https:\/\/hoyre.no\/agder\/wp-json\/wp\/v2\/posts"}],"about":[{"href":"https:\/\/hoyre.no\/agder\/wp-json\/wp\/v2\/types\/post"}],"author":[{"embeddable":true,"href":"https:\/\/hoyre.no\/agder\/wp-json\/wp\/v2\/users\/28868"}],"replies":[{"embeddable":true,"href":"https:\/\/hoyre.no\/agder\/wp-json\/wp\/v2\/comments?post=1999"}],"version-history":[{"count":3,"href":"https:\/\/hoyre.no\/agder\/wp-json\/wp\/v2\/posts\/1999\/revisions"}],"predecessor-version":[{"id":2009,"href":"https:\/\/hoyre.no\/agder\/wp-json\/wp\/v2\/posts\/1999\/revisions\/2009"}],"wp:attachment":[{"href":"https:\/\/hoyre.no\/agder\/wp-json\/wp\/v2\/media?parent=1999"}],"wp:term":[{"taxonomy":"category","embeddable":true,"href":"https:\/\/hoyre.no\/agder\/wp-json\/wp\/v2\/category?post=1999"},{"taxonomy":"post_tag","embeddable":true,"href":"https:\/\/hoyre.no\/agder\/wp-json\/wp\/v2\/post_tag?post=1999"},{"taxonomy":"hoyre-visibility","embeddable":true,"href":"https:\/\/hoyre.no\/agder\/wp-json\/wp\/v2\/hoyre-visibility?post=1999"},{"taxonomy":"article-type","embeddable":true,"href":"https:\/\/hoyre.no\/agder\/wp-json\/wp\/v2\/article-type?post=1999"},{"taxonomy":"politician","embeddable":true,"href":"https:\/\/hoyre.no\/agder\/wp-json\/wp\/v2\/politician?post=1999"}],"curies":[{"name":"wp","href":"https:\/\/api.w.org\/{rel}","templated":true}]}}