{"id":201,"date":"2018-09-17T22:00:00","date_gmt":"2018-09-17T20:00:00","guid":{"rendered":"https:\/\/hoyre.no\/agder\/aktuelt\/nominasjonskomiteens_innstilling_til_agder_hoyres_fylkestingsvalgliste_2019_2023\/"},"modified":"2018-09-17T22:00:00","modified_gmt":"2018-09-17T20:00:00","slug":"nominasjonskomiteens_innstilling_til_agder_hoyres_fylkestingsvalgliste_2019_2023","status":"publish","type":"post","link":"https:\/\/hoyre.no\/agder\/aktuelt\/nominasjonskomiteens_innstilling_til_agder_hoyres_fylkestingsvalgliste_2019_2023\/","title":{"rendered":"Nominasjonskomit\u00e9ens innstilling til Agder H\u00f8yres fylkesordf\u00f8rerkandidat 2019"},"content":{"rendered":"<p class=\"preamble\">nNominasjonskomiteen innstiller enstemmig ArnenThomassen (59) fra Lillesand som fylkesordf\u00f8rerkandidat til Agder H\u00f8yres Nominasjonsm\u00f8ten26. november 2018n<\/p>\t\t\t<div class=\"post-meta wp-block teft-byline-wrapper\">\n\t\t\t\t<div class=\"top\">\n\t\t\t\t\t<div class=\"signature\">\n\t\t\t\t\t\t<div class=\"teft-byline\">\n\t\t\t\t\t\t\t\t\t\t\t\t\t\t<div>\n\t\t\t\t\t\t\t\t<h3>H\u00f8yres redaksjon<\/h3>\t\t\t\t\t\t\t\t\n\t\t\t\t\t\t\t\t\t\t\t\t\t\t\t\t\t<span class=\"date\">Sist oppdatert: 17. september 2018<\/span>\n\t\t\t\t\t\t\t\t\t\t\t\t\t\t\t\t\t\t\t\t\t\t\t\t\t<span class=\"reading-time\" itemprop=\"timeRequired\" content=\"PT7M\"><em>Ca. 7 minutter lesetid<\/em><\/span>\n\t\t\t\t\t\t\t\t\t\t\t\t\t\t\t<\/div>\n\t\t\t\t\t\t<\/div>\n\t\t\t\t\t<\/div>\n\t\t\t\t\t\t<div class=\"sharing\">\n\t\t<a class=\"share-button share-link copy-link\" data-copy=\"https:\/\/hoyre.no\/agder\/aktuelt\/nominasjonskomiteens_innstilling_til_agder_hoyres_fylkestingsvalgliste_2019_2023\/\" target=\"_blank\"><span class=\"screen-reader-text\">Del link<\/span><\/a>\n\t\t<a class=\"share-button share-twitter\" href=\"http:\/\/twitter.com\/share?text=Nominasjonskomit\u00e9ens innstilling til Agder H\u00f8yres fylkesordf\u00f8rerkandidat 2019&#038;url=https:\/\/hoyre.no\/agder\/aktuelt\/nominasjonskomiteens_innstilling_til_agder_hoyres_fylkestingsvalgliste_2019_2023\/&#038;hashtags=Hoyre\" target=\"_blank\"><span class=\"screen-reader-text\">Del p\u00e5 twitter<\/span><\/a>\n\t\t<a class=\"share-button share-facebook\" href=\"https:\/\/www.facebook.com\/sharer\/sharer.php?u=https:\/\/hoyre.no\/agder\/aktuelt\/nominasjonskomiteens_innstilling_til_agder_hoyres_fylkestingsvalgliste_2019_2023\/\" target=\"_blank\"><span class=\"screen-reader-text\">Del p\u00e5 facebook<\/span><\/a>\n\t<\/div>\n\t\t\t\t\t<\/div>\n\t\t\t<\/div>\n\n\t\t\t<figure class=\"hoyre-image-wrapper\"><div class=\"hoyre-image\"><img loading=\"lazy\" decoding=\"async\" width=\"1536\" height=\"1080\" src=\"https:\/\/hoyre.no\/content\/uploads\/sites\/6\/2020\/11\/arne_thomassen_ekstr.png\" class=\"attachment-scaled size-scaled\" alt=\"\" style=\"object-position: 50% 50%\" srcset=\"https:\/\/hoyre.no\/content\/uploads\/sites\/6\/2020\/11\/arne_thomassen_ekstr.png 1536w, https:\/\/hoyre.no\/content\/uploads\/sites\/6\/2020\/11\/arne_thomassen_ekstr-300x211.png 300w, https:\/\/hoyre.no\/content\/uploads\/sites\/6\/2020\/11\/arne_thomassen_ekstr-1024x720.png 1024w, https:\/\/hoyre.no\/content\/uploads\/sites\/6\/2020\/11\/arne_thomassen_ekstr-768x540.png 768w\" sizes=\"auto, (max-width: 1536px) 100vw, 1536px\" \/><\/div><\/figure><div id=\"hoyre-old-article-content-wrapper\"><p>Det er ennerfaren politiker som blir innstilt og han har i sitt politiske arbeid vist b\u00e5dengjennomf\u00f8ringsevne og evne til \u00e5 oppn\u00e5 samarbeid omkring de gode l\u00f8sningene. Ennsom gjennom sitt arbeid og engasjement har vist at han er en politikere mednintegritet og innflytelse. Arne var den kandidaten med st\u00f8rst oppslutning i pr\u00f8venominasjonenntil Agder H\u00f8yres foreninger og i urnominasjonen for alle medlemmene. Han oppn\u00e5ddensterk st\u00f8tte p\u00e5 tvers av regioner og kommuner.n  <br \/>n<\/p>n<p><\/p>n<p>Hele nominasjonskomiteensninnstilling til Agder H\u00f8yres fylkestingsvalgliste 2019 &#8211; 2023 blirnoffentliggjort innen 2. oktober.<\/p>n<p><strong><\/strong><\/p>n<p>AgdernH\u00f8yres Nominasjonsm\u00f8te avholdes 26. november 2018 kl. 18.00 p\u00e5 hotell <a href=\"https:\/\/www.scandichotels.no\/kristiansandbystranda?cmpid=ms_MailSignatureNO\">ScandicnKristiansand Bystranda<\/a>, \u00d8stre Strandgate 74, 4608nKristiansand Sn  <br \/>n<\/p>n<p><strong><\/strong><\/p>n<p><u>Kontaktinfo for uttalelser:<\/u><\/p>n<p>Leder av Agder H\u00f8yres nominasjonskomit\u00e9 Bj\u00f8rgulv S.nLund, mobil: 978 98 905, e-post: <a href=\"mailto:bjorgulv.sverdrup.lund@ae.no\">bjorgulv.sverdrup.lund@ae.no<\/a>n<\/p>n<p><\/p>n<table border=\"1\" cellspacing=\"0\" cellpadding=\"0\" width=\"0\">n  <tbody>n    <tr>n      <td width=\"189\" valign=\"top\">n        <p><b>AgdernH\u00f8yres nominasjonskomite<\/b><\/p>n      <\/td>n      <td width=\"66\" valign=\"top\">n        <p><b>Verv<\/b><\/p>n      <\/td>n      <td width=\"85\" valign=\"top\">n        <p><b>Region<\/b><\/p>n      <\/td>n      <td width=\"85\" valign=\"top\">n        <p><b>Kommune<\/b><\/p>n      <\/td>n    <\/tr>n    <tr>n      <td width=\"189\" valign=\"top\">n        <p>Bj\u00f8rgulv S. Lund                <\/p>n      <\/td>n      <td width=\"66\" valign=\"top\">n        <p>Leder<\/p>n      <\/td>n      <td width=\"85\" valign=\"top\">n        <p>Setesdalen<\/p>n      <\/td>n      <td width=\"85\" valign=\"top\">n        <p>Valle<\/p>n      <\/td>n    <\/tr>n    <tr>n      <td width=\"189\" valign=\"top\">n        <p>Hilde Rullestad<\/p>n      <\/td>n      <td width=\"66\" valign=\"top\">n        <p>Nestleder<\/p>n      <\/td>n      <td width=\"85\" valign=\"top\">n        <p>Agder H\u00f8yre<\/p>n      <\/td>n      <td width=\"85\" valign=\"top\">n        <p>Farsund<\/p>n      <\/td>n    <\/tr>n    <tr>n      <td width=\"189\" valign=\"top\">n        <p>Janne F. Kristoffersen<\/p>n      <\/td>n      <td width=\"66\" valign=\"top\">n        <p>Medlem<\/p>n      <\/td>n      <td width=\"85\" valign=\"top\">n        <p>Lindesnes<\/p>n      <\/td>n      <td width=\"85\" valign=\"top\">n        <p>Lindesnes<\/p>n      <\/td>n    <\/tr>n    <tr>n      <td width=\"189\" valign=\"top\">n        <p>Edmund Stave<\/p>n      <\/td>n      <td width=\"66\" valign=\"top\">n        <p>Medlem<\/p>n      <\/td>n      <td width=\"85\" valign=\"top\">n        <p>Lister<\/p>n      <\/td>n      <td width=\"85\" valign=\"top\">n        <p>Farsund<\/p>n      <\/td>n    <\/tr>n    <tr>n      <td width=\"189\" valign=\"top\">n        <p>Einar Holmer-Hoven                 <\/p>n      <\/td>n      <td width=\"66\" valign=\"top\">n        <p>Medlem<\/p>n      <\/td>n      <td width=\"85\" valign=\"top\">n        <p>Kristiansand<\/p>n      <\/td>n      <td width=\"85\" valign=\"top\">n        <p>Lillesand<\/p>n      <\/td>n    <\/tr>n    <tr>n      <td width=\"189\" valign=\"top\">n        <p>Vegard Launes<\/p>n      <\/td>n      <td width=\"66\" valign=\"top\">n        <p>Medlem<\/p>n      <\/td>n      <td width=\"85\" valign=\"top\">n        <p>Kristiansand<\/p>n      <\/td>n      <td width=\"85\" valign=\"top\">n        <p>Kristiansand<\/p>n      <\/td>n    <\/tr>n    <tr>n      <td width=\"189\" valign=\"top\">n        <p>Ragnhild L\u00f8vdal<\/p>n      <\/td>n      <td width=\"66\" valign=\"top\">n        <p>Medlem<\/p>n      <\/td>n      <td width=\"85\" valign=\"top\">n        <p>\u00d8stre Agder<\/p>n      <\/td>n      <td width=\"85\" valign=\"top\">n        <p>Gjerstad<\/p>n      <\/td>n    <\/tr>n    <tr>n      <td width=\"189\" valign=\"top\">n        <p>Peder Syrdalen<\/p>n      <\/td>n      <td width=\"66\" valign=\"top\">n        <p>Medlem<\/p>n      <\/td>n      <td width=\"85\" valign=\"top\">n        <p>Arendal<\/p>n      <\/td>n      <td width=\"85\" valign=\"top\">n        <p>Arendal<\/p>n      <\/td>n    <\/tr>n    <tr>n      <td width=\"189\" valign=\"top\">n        <p>BeatenSkretting                 <\/p>n      <\/td>n      <td width=\"66\" valign=\"top\">n        <p>Medlem<\/p>n      <\/td>n      <td width=\"85\" valign=\"top\">n        <p>Kvinneforum<\/p>n      <\/td>n      <td width=\"85\" valign=\"top\">n        <p>Grimstad<\/p>n      <\/td>n    <\/tr>n    <tr>n      <td width=\"189\" valign=\"top\">n        <p>Amalie Gunnufsen<\/p>n      <\/td>n      <td width=\"66\" valign=\"top\">n        <p>Medlem<\/p>n      <\/td>n      <td width=\"85\" valign=\"top\">n        <p>Unge H\u00f8yre<\/p>n      <\/td>n      <td width=\"85\" valign=\"top\">n        <p>Kristiansand<\/p>n      <\/td>n    <\/tr>n    <tr>n      <td width=\"189\" valign=\"top\">n        <p>Rolf Larsen<\/p>n      <\/td>n      <td width=\"66\" valign=\"top\">n        <p>Medlem<\/p>n      <\/td>n      <td width=\"85\" valign=\"top\">n        <p>Senior H\u00f8yre<\/p>n      <\/td>n      <td width=\"85\" valign=\"top\">n        <p>Arendal<\/p>n      <\/td>n    <\/tr>n    <tr>n      <td width=\"189\" valign=\"top\">n        <p>Jannecke Beyer Guttormsen<\/p>n      <\/td>n      <td width=\"66\" valign=\"top\">n        <p>Sekret\u00e6r<\/p>n      <\/td>n      <td width=\"85\" valign=\"top\">n        <p>Agder H\u00f8yre<\/p>n      <\/td>n      <td width=\"85\" valign=\"top\">n        <p>Arendal<\/p>n      <\/td>n    <\/tr>n  <\/tbody>n<\/table>nnnn<p>n  <br \/>n<\/p><\/div>\n<div class=\"tags\">\n\t<\/div>\n<div class=\"post-footer alignfull has-background block-editor-block-list__block\" data-align=full>\n\t<div class=\"post-footer-inner\">\n\t\t<h3>Relaterte artikler<\/h3>\n\t\t<div class=\"related-content\"><div class=\"is-card-hoyre\">\n\t<div class=\"teft-card hoyre-teft-card post-teft-card\">\n\t\t<a href=\"https:\/\/hoyre.no\/agder\/aktuelt\/agder-hoyre-onsker-dine-innspill-fylkestings-programmet\/\" class=\"teft-card__primary-action\">\n\n\t\t\t\t\t<div class=\"teft-card__media teft-card__media--16-9\">\n\t\t\t\t\t\t<img loading=\"lazy\" decoding=\"async\" width=\"768\" height=\"819\" src=\"https:\/\/hoyre.no\/content\/uploads\/sites\/6\/2025\/06\/DSC04923-edited-768x819.jpg\" class=\"attachment-medium_large size-medium_large\" alt=\"\" srcset=\"https:\/\/hoyre.no\/content\/uploads\/sites\/6\/2025\/06\/DSC04923-edited-768x819.jpg 768w, https:\/\/hoyre.no\/content\/uploads\/sites\/6\/2025\/06\/DSC04923-edited-281x300.jpg 281w, https:\/\/hoyre.no\/content\/uploads\/sites\/6\/2025\/06\/DSC04923-edited-960x1024.jpg 960w, https:\/\/hoyre.no\/content\/uploads\/sites\/6\/2025\/06\/DSC04923-edited-1440x1536.jpg 1440w, https:\/\/hoyre.no\/content\/uploads\/sites\/6\/2025\/06\/DSC04923-edited-1920x2048.jpg 1920w\" sizes=\"auto, (max-width: 768px) 100vw, 768px\" \/>\t\t<\/div>\n\t\t\n\t\t\t<div class=\"teft-card__content-wrapper\">\n\t\t\t\t<div class=\"teft-card__secondary\">\n\t\t\t\t\t\n\t\t\t\t\t\t\t\t<div class=\"teft-card__meta\">\n\t\t\t\t\t\t\t\t\t<span class=\"post-date\">21. apr 2026<\/span>\n\n\t\t\t\t\t\t\t\t\t<span class=\"post-category\">Nyheter<\/span>\t\t\t\t\t\t\t\t<\/div>\n\t\t\t\t\t\t\t\t\t\t\t<\/div>\n\n\t\t\t\t<div class=\"teft-card__primary\">\n\t\t\t\t\t<h2 class=\"teft-card__title\">Agder H\u00f8yres programprosess for Fylkestingsvalget 2027&nbsp;<span class=\"teft-card__primary-title-append\"><\/span><\/h2>\t\t\t\t<\/div>\n\t\t\t<\/div>\n\t\t<\/a>\n\t<\/div>\n\n\t<\/div><div class=\"is-card-hoyre\">\n\t<div class=\"teft-card hoyre-teft-card post-teft-card\">\n\t\t<a href=\"https:\/\/hoyre.no\/agder\/aktuelt\/agder-hoyres-nye-regionradgiver\/\" class=\"teft-card__primary-action\">\n\n\t\t\t\t\t<div class=\"teft-card__media teft-card__media--16-9\">\n\t\t\t\t\t\t<img loading=\"lazy\" decoding=\"async\" width=\"768\" height=\"768\" src=\"https:\/\/hoyre.no\/content\/uploads\/sites\/6\/2026\/03\/Aleksander-L-768x768.png\" class=\"attachment-medium_large size-medium_large\" alt=\"\" srcset=\"https:\/\/hoyre.no\/content\/uploads\/sites\/6\/2026\/03\/Aleksander-L-768x768.png 768w, https:\/\/hoyre.no\/content\/uploads\/sites\/6\/2026\/03\/Aleksander-L-e1775591785378-300x300.png 300w, https:\/\/hoyre.no\/content\/uploads\/sites\/6\/2026\/03\/Aleksander-L-e1775591785378-150x150.png 150w, https:\/\/hoyre.no\/content\/uploads\/sites\/6\/2026\/03\/Aleksander-L-e1775591785378.png 722w\" sizes=\"auto, (max-width: 768px) 100vw, 768px\" \/>\t\t<\/div>\n\t\t\n\t\t\t<div class=\"teft-card__content-wrapper\">\n\t\t\t\t<div class=\"teft-card__secondary\">\n\t\t\t\t\t\n\t\t\t\t\t\t\t\t<div class=\"teft-card__meta\">\n\t\t\t\t\t\t\t\t\t<span class=\"post-date\">23. mar 2026<\/span>\n\n\t\t\t\t\t\t\t\t\t\t\t\t\t\t\t\t\t<\/div>\n\t\t\t\t\t\t\t\t\t\t\t<\/div>\n\n\t\t\t\t<div class=\"teft-card__primary\">\n\t\t\t\t\t<h2 class=\"teft-card__title\">Agder H\u00f8yres nye regionr\u00e5dgiver&nbsp;<span class=\"teft-card__primary-title-append\"><\/span><\/h2>\t\t\t\t<\/div>\n\t\t\t<\/div>\n\t\t<\/a>\n\t<\/div>\n\n\t<\/div><div class=\"is-card-hoyre\">\n\t<div class=\"teft-card hoyre-teft-card post-teft-card\">\n\t\t<a href=\"https:\/\/hoyre.no\/agder\/aktuelt\/agder-hoyres-nominasjonsprosess-for-fylkestingsvalget-2027\/\" class=\"teft-card__primary-action\">\n\n\t\t\t\t\t<div class=\"teft-card__media teft-card__media--16-9\">\n\t\t\t\t\t\t<img loading=\"lazy\" decoding=\"async\" width=\"768\" height=\"512\" src=\"https:\/\/hoyre.no\/content\/uploads\/sites\/6\/2026\/03\/Haagen-Poppe-Foto-Hans-Kristian-Thorbjornsen-768x512.jpg\" class=\"attachment-medium_large size-medium_large\" alt=\"\" srcset=\"https:\/\/hoyre.no\/content\/uploads\/sites\/6\/2026\/03\/Haagen-Poppe-Foto-Hans-Kristian-Thorbjornsen-768x512.jpg 768w, https:\/\/hoyre.no\/content\/uploads\/sites\/6\/2026\/03\/Haagen-Poppe-Foto-Hans-Kristian-Thorbjornsen-300x200.jpg 300w, https:\/\/hoyre.no\/content\/uploads\/sites\/6\/2026\/03\/Haagen-Poppe-Foto-Hans-Kristian-Thorbjornsen-1024x683.jpg 1024w, https:\/\/hoyre.no\/content\/uploads\/sites\/6\/2026\/03\/Haagen-Poppe-Foto-Hans-Kristian-Thorbjornsen-1536x1025.jpg 1536w, https:\/\/hoyre.no\/content\/uploads\/sites\/6\/2026\/03\/Haagen-Poppe-Foto-Hans-Kristian-Thorbjornsen-2048x1366.jpg 2048w\" sizes=\"auto, (max-width: 768px) 100vw, 768px\" \/>\t\t<\/div>\n\t\t\n\t\t\t<div class=\"teft-card__content-wrapper\">\n\t\t\t\t<div class=\"teft-card__secondary\">\n\t\t\t\t\t\n\t\t\t\t\t\t\t\t<div class=\"teft-card__meta\">\n\t\t\t\t\t\t\t\t\t<span class=\"post-date\">5. mar 2026<\/span>\n\n\t\t\t\t\t\t\t\t\t\t\t\t\t\t\t\t\t<\/div>\n\t\t\t\t\t\t\t\t\t\t\t<\/div>\n\n\t\t\t\t<div class=\"teft-card__primary\">\n\t\t\t\t\t<h2 class=\"teft-card__title\">Agder H\u00f8yres nominasjonsprosess for  Fylkestingsvalget 2027&nbsp;<span class=\"teft-card__primary-title-append\"><\/span><\/h2>\t\t\t\t<\/div>\n\t\t\t<\/div>\n\t\t<\/a>\n\t<\/div>\n\n\t<\/div><\/div>\t<\/div>\n<\/div>\n","protected":false},"excerpt":{"rendered":"","protected":false},"author":0,"featured_media":0,"comment_status":"open","ping_status":"open","sticky":false,"template":"","format":"standard","meta":{"teft_cards_image_url":"https:\/\/hoyre.no\/content\/uploads\/sites\/6\/2020\/11\/arne_thomassen_ekstr.png","teft_cards_custom_pretitle":"","teft_cards_image_id":200,"teft_cards_image_focal_point_x":0,"teft_cards_image_focal_point_y":0,"teft_cards_title":"","teft_cards_excerpt":"","teft_show_chapters":false,"author_display_name":"Jannecke Beyer Guttormsen","footnotes":""},"category":[1],"post_tag":[],"hoyre-visibility":[],"article-type":[],"politician":[],"class_list":["post-201","post","type-post","status-publish","format-standard","hentry","category-ukategorisert"],"yoast_head":"<!-- This site is optimized with the Yoast SEO Premium plugin v26.5 (Yoast SEO v26.6) - https:\/\/yoast.com\/wordpress\/plugins\/seo\/ -->\n<title>Nominasjonskomit\u00e9ens innstilling til Agder H\u00f8yres fylkesordf\u00f8rerkandidat 2019 - Agder H\u00f8yre<\/title>\n<meta name=\"robots\" content=\"index, follow, max-snippet:-1, max-image-preview:large, max-video-preview:-1\" \/>\n<link rel=\"canonical\" href=\"https:\/\/hoyre.no\/agder\/aktuelt\/nominasjonskomiteens_innstilling_til_agder_hoyres_fylkestingsvalgliste_2019_2023\/\" \/>\n<meta property=\"og:locale\" content=\"nb_NO\" \/>\n<meta property=\"og:type\" content=\"article\" \/>\n<meta property=\"og:title\" content=\"Nominasjonskomit\u00e9ens innstilling til Agder H\u00f8yres fylkesordf\u00f8rerkandidat 2019\" \/>\n<meta property=\"og:url\" content=\"https:\/\/hoyre.no\/agder\/aktuelt\/nominasjonskomiteens_innstilling_til_agder_hoyres_fylkestingsvalgliste_2019_2023\/\" \/>\n<meta property=\"og:site_name\" content=\"Agder H\u00f8yre\" \/>\n<meta property=\"article:published_time\" content=\"2018-09-17T20:00:00+00:00\" \/>\n<meta property=\"og:image\" content=\"https:\/\/hoyre.no\/content\/uploads\/sites\/6\/2026\/03\/Haagen-Poppe-Foto-Hans-Kristian-Thorbjornsen-1024x683.jpg\" \/>\n<meta name=\"twitter:card\" content=\"summary_large_image\" \/>\n<meta name=\"twitter:label1\" content=\"Ansl. lesetid\" \/>\n\t<meta name=\"twitter:data1\" content=\"2 minutter\" \/>\n<script type=\"application\/ld+json\" class=\"yoast-schema-graph\">{\"@context\":\"https:\/\/schema.org\",\"@graph\":[{\"@type\":\"NewsArticle\",\"@id\":\"https:\/\/hoyre.no\/agder\/aktuelt\/nominasjonskomiteens_innstilling_til_agder_hoyres_fylkestingsvalgliste_2019_2023\/\",\"url\":\"https:\/\/hoyre.no\/agder\/aktuelt\/nominasjonskomiteens_innstilling_til_agder_hoyres_fylkestingsvalgliste_2019_2023\/\",\"name\":\"Nominasjonskomit\u00e9ens innstilling til Agder H\u00f8yres fylkesordf\u00f8rerkandidat 2019 - Agder H\u00f8yre\",\"isPartOf\":{\"@id\":\"https:\/\/hoyre.no\/agder\/#website\"},\"datePublished\":\"2018-09-17T20:00:00+00:00\",\"author\":{\"@id\":\"\"},\"breadcrumb\":{\"@id\":\"https:\/\/hoyre.no\/agder\/aktuelt\/nominasjonskomiteens_innstilling_til_agder_hoyres_fylkestingsvalgliste_2019_2023\/#breadcrumb\"},\"inLanguage\":\"nb-NO\",\"potentialAction\":[{\"@type\":\"ReadAction\",\"target\":[\"https:\/\/hoyre.no\/agder\/aktuelt\/nominasjonskomiteens_innstilling_til_agder_hoyres_fylkestingsvalgliste_2019_2023\/\"]}]},{\"@type\":\"BreadcrumbList\",\"@id\":\"https:\/\/hoyre.no\/agder\/aktuelt\/nominasjonskomiteens_innstilling_til_agder_hoyres_fylkestingsvalgliste_2019_2023\/#breadcrumb\",\"itemListElement\":[{\"@type\":\"ListItem\",\"position\":1,\"name\":\"Til hoyre.no\",\"item\":\"https:\/\/hoyre.no\"},{\"@type\":\"ListItem\",\"position\":2,\"name\":\"Hjem\",\"item\":\"https:\/\/hoyre.no\/agder\/\"},{\"@type\":\"ListItem\",\"position\":3,\"name\":\"Nominasjonskomit\u00e9ens innstilling til Agder H\u00f8yres fylkesordf\u00f8rerkandidat 2019\"}]},{\"@type\":\"WebSite\",\"@id\":\"https:\/\/hoyre.no\/agder\/#website\",\"url\":\"https:\/\/hoyre.no\/agder\/\",\"name\":\"Agder H\u00f8yre\",\"description\":\"Bare enda et H\u00f8yres nettsteder-nettsted\",\"inLanguage\":\"nb-NO\"}]}<\/script>\n<!-- \/ Yoast SEO Premium plugin. -->","yoast_head_json":{"title":"Nominasjonskomit\u00e9ens innstilling til Agder H\u00f8yres fylkesordf\u00f8rerkandidat 2019 - Agder H\u00f8yre","robots":{"index":"index","follow":"follow","max-snippet":"max-snippet:-1","max-image-preview":"max-image-preview:large","max-video-preview":"max-video-preview:-1"},"canonical":"https:\/\/hoyre.no\/agder\/aktuelt\/nominasjonskomiteens_innstilling_til_agder_hoyres_fylkestingsvalgliste_2019_2023\/","og_locale":"nb_NO","og_type":"article","og_title":"Nominasjonskomit\u00e9ens innstilling til Agder H\u00f8yres fylkesordf\u00f8rerkandidat 2019","og_url":"https:\/\/hoyre.no\/agder\/aktuelt\/nominasjonskomiteens_innstilling_til_agder_hoyres_fylkestingsvalgliste_2019_2023\/","og_site_name":"Agder H\u00f8yre","article_published_time":"2018-09-17T20:00:00+00:00","og_image":[{"url":"https:\/\/hoyre.no\/content\/uploads\/sites\/6\/2026\/03\/Haagen-Poppe-Foto-Hans-Kristian-Thorbjornsen-1024x683.jpg","width":"","height":"","type":""}],"twitter_card":"summary_large_image","twitter_misc":{"Ansl. lesetid":"2 minutter"},"schema":{"@context":"https:\/\/schema.org","@graph":[{"@type":"NewsArticle","@id":"https:\/\/hoyre.no\/agder\/aktuelt\/nominasjonskomiteens_innstilling_til_agder_hoyres_fylkestingsvalgliste_2019_2023\/","url":"https:\/\/hoyre.no\/agder\/aktuelt\/nominasjonskomiteens_innstilling_til_agder_hoyres_fylkestingsvalgliste_2019_2023\/","name":"Nominasjonskomit\u00e9ens innstilling til Agder H\u00f8yres fylkesordf\u00f8rerkandidat 2019 - Agder H\u00f8yre","isPartOf":{"@id":"https:\/\/hoyre.no\/agder\/#website"},"datePublished":"2018-09-17T20:00:00+00:00","author":{"@id":""},"breadcrumb":{"@id":"https:\/\/hoyre.no\/agder\/aktuelt\/nominasjonskomiteens_innstilling_til_agder_hoyres_fylkestingsvalgliste_2019_2023\/#breadcrumb"},"inLanguage":"nb-NO","potentialAction":[{"@type":"ReadAction","target":["https:\/\/hoyre.no\/agder\/aktuelt\/nominasjonskomiteens_innstilling_til_agder_hoyres_fylkestingsvalgliste_2019_2023\/"]}]},{"@type":"BreadcrumbList","@id":"https:\/\/hoyre.no\/agder\/aktuelt\/nominasjonskomiteens_innstilling_til_agder_hoyres_fylkestingsvalgliste_2019_2023\/#breadcrumb","itemListElement":[{"@type":"ListItem","position":1,"name":"Til hoyre.no","item":"https:\/\/hoyre.no"},{"@type":"ListItem","position":2,"name":"Hjem","item":"https:\/\/hoyre.no\/agder\/"},{"@type":"ListItem","position":3,"name":"Nominasjonskomit\u00e9ens innstilling til Agder H\u00f8yres fylkesordf\u00f8rerkandidat 2019"}]},{"@type":"WebSite","@id":"https:\/\/hoyre.no\/agder\/#website","url":"https:\/\/hoyre.no\/agder\/","name":"Agder H\u00f8yre","description":"Bare enda et H\u00f8yres nettsteder-nettsted","inLanguage":"nb-NO"}]}},"distributor_meta":false,"distributor_terms":false,"distributor_media":false,"distributor_original_site_name":"Agder H\u00f8yre","distributor_original_site_url":"https:\/\/hoyre.no\/agder","push-errors":false,"_links":{"self":[{"href":"https:\/\/hoyre.no\/agder\/wp-json\/wp\/v2\/posts\/201","targetHints":{"allow":["GET"]}}],"collection":[{"href":"https:\/\/hoyre.no\/agder\/wp-json\/wp\/v2\/posts"}],"about":[{"href":"https:\/\/hoyre.no\/agder\/wp-json\/wp\/v2\/types\/post"}],"replies":[{"embeddable":true,"href":"https:\/\/hoyre.no\/agder\/wp-json\/wp\/v2\/comments?post=201"}],"version-history":[{"count":0,"href":"https:\/\/hoyre.no\/agder\/wp-json\/wp\/v2\/posts\/201\/revisions"}],"wp:attachment":[{"href":"https:\/\/hoyre.no\/agder\/wp-json\/wp\/v2\/media?parent=201"}],"wp:term":[{"taxonomy":"category","embeddable":true,"href":"https:\/\/hoyre.no\/agder\/wp-json\/wp\/v2\/category?post=201"},{"taxonomy":"post_tag","embeddable":true,"href":"https:\/\/hoyre.no\/agder\/wp-json\/wp\/v2\/post_tag?post=201"},{"taxonomy":"hoyre-visibility","embeddable":true,"href":"https:\/\/hoyre.no\/agder\/wp-json\/wp\/v2\/hoyre-visibility?post=201"},{"taxonomy":"article-type","embeddable":true,"href":"https:\/\/hoyre.no\/agder\/wp-json\/wp\/v2\/article-type?post=201"},{"taxonomy":"politician","embeddable":true,"href":"https:\/\/hoyre.no\/agder\/wp-json\/wp\/v2\/politician?post=201"}],"curies":[{"name":"wp","href":"https:\/\/api.w.org\/{rel}","templated":true}]}}