{"id":2070,"date":"2024-01-05T15:12:47","date_gmt":"2024-01-05T14:12:47","guid":{"rendered":"https:\/\/hoyre.no\/agder\/?p=2070"},"modified":"2024-03-18T12:37:49","modified_gmt":"2024-03-18T11:37:49","slug":"vil-du-jobbe-i-sorlandets-viktigste-politiske-parti","status":"publish","type":"post","link":"https:\/\/hoyre.no\/agder\/aktuelt\/vil-du-jobbe-i-sorlandets-viktigste-politiske-parti\/","title":{"rendered":"Vil du jobbe i S\u00f8rlandets viktigste politiske parti?"},"content":{"rendered":"\n<p class=\"preamble\"><strong>Agder H\u00f8yre utlyser ledig stilling som regionr\u00e5dgiver og er p\u00e5 utkikk etter en samfunnsengasjert person full av arbeidslyst!<\/strong><\/p>\t\t\t<div class=\"post-meta wp-block teft-byline-wrapper\">\n\t\t\t\t<div class=\"top\">\n\t\t\t\t\t<div class=\"signature\">\n\t\t\t\t\t\t<div class=\"teft-byline\">\n\t\t\t\t\t\t\t\t\t\t\t\t\t\t<div>\n\t\t\t\t\t\t\t\t<h3>H\u00f8yres redaksjon<\/h3>\t\t\t\t\t\t\t\t\n\t\t\t\t\t\t\t\t\t\t\t\t\t\t\t\t\t<span class=\"date\">Sist oppdatert: 18. mars 2024<\/span>\n\t\t\t\t\t\t\t\t\t\t\t\t\t\t\t\t\t\t\t\t\t\t\t\t\t<span class=\"reading-time\" itemprop=\"timeRequired\" content=\"PT4M\"><em>Ca. 4 minutter lesetid<\/em><\/span>\n\t\t\t\t\t\t\t\t\t\t\t\t\t\t\t<\/div>\n\t\t\t\t\t\t<\/div>\n\t\t\t\t\t<\/div>\n\t\t\t\t\t\t<div class=\"sharing\">\n\t\t<a class=\"share-button share-link copy-link\" data-copy=\"https:\/\/hoyre.no\/agder\/aktuelt\/vil-du-jobbe-i-sorlandets-viktigste-politiske-parti\/\" target=\"_blank\"><span class=\"screen-reader-text\">Del link<\/span><\/a>\n\t\t<a class=\"share-button share-twitter\" href=\"http:\/\/twitter.com\/share?text=Vil du jobbe i S\u00f8rlandets viktigste politiske parti?&#038;url=https:\/\/hoyre.no\/agder\/aktuelt\/vil-du-jobbe-i-sorlandets-viktigste-politiske-parti\/&#038;hashtags=Hoyre\" target=\"_blank\"><span class=\"screen-reader-text\">Del p\u00e5 twitter<\/span><\/a>\n\t\t<a class=\"share-button share-facebook\" href=\"https:\/\/www.facebook.com\/sharer\/sharer.php?u=https:\/\/hoyre.no\/agder\/aktuelt\/vil-du-jobbe-i-sorlandets-viktigste-politiske-parti\/\" target=\"_blank\"><span class=\"screen-reader-text\">Del p\u00e5 facebook<\/span><\/a>\n\t<\/div>\n\t\t\t\t\t<\/div>\n\t\t\t<\/div>\n\n\t\t\t<figure class=\"hoyre-image-wrapper\"><div class=\"hoyre-image\"><img loading=\"lazy\" decoding=\"async\" width=\"1536\" height=\"1153\" src=\"https:\/\/hoyre.no\/content\/uploads\/sites\/6\/2024\/01\/Foto-Mona-Hauglid-6748-1536x1153-1.jpg\" class=\"attachment-scaled size-scaled\" alt=\"\" style=\"object-position: 50% 50%\" srcset=\"https:\/\/hoyre.no\/content\/uploads\/sites\/6\/2024\/01\/Foto-Mona-Hauglid-6748-1536x1153-1.jpg 1536w, https:\/\/hoyre.no\/content\/uploads\/sites\/6\/2024\/01\/Foto-Mona-Hauglid-6748-1536x1153-1-300x225.jpg 300w, https:\/\/hoyre.no\/content\/uploads\/sites\/6\/2024\/01\/Foto-Mona-Hauglid-6748-1536x1153-1-1024x769.jpg 1024w, https:\/\/hoyre.no\/content\/uploads\/sites\/6\/2024\/01\/Foto-Mona-Hauglid-6748-1536x1153-1-768x577.jpg 768w\" sizes=\"auto, (max-width: 1536px) 100vw, 1536px\" \/><\/div><figcaption class=\"caption\">Foto: Mona Hauglid<\/figcaption><\/figure>\n\n\n\n\n<p>Vi \u00f8nsker \u00e5 videreutvikle organisasjonen og har h\u00f8ye ambisjoner for de kommende valgene. Er du den rette personen til stillingen, s\u00e5 har du en sterk motivasjon og et stort engasjement for \u00e5 v\u00e6re med \u00e5 styrke partiet i Agder. Du er villig til \u00e5 reise rundt og bruke mye tid p\u00e5 v\u00e6re ute i foreningene. Du trives med at det ogs\u00e5 blir endel kvelds- og helgearbeid i et spennende, dynamisk og utviklende milj\u00f8.<\/p>\n\n\n\n<h3 class=\"wp-block-heading\" id=\"h-arbeidsoppgaver\">Arbeidsoppgaver:<\/h3>\n\n\n\n<ul class=\"wp-block-list\">\n<li>R\u00e5dgiver for Agder H\u00f8yres fylkestingsgruppe med ansvar for politisk kommunikasjon og praktisk oppf\u00f8lging.<\/li>\n\n\n\n<li>Kommunikasjonsarbeid internt og eksternt, presse- og mediearbeid.<\/li>\n\n\n\n<li>Tilrettelegge for \u00f8kt aktivitet og vekst, v\u00e6re operativt ute i foreningene for \u00e5 v\u00e6re med \u00e5 styrke dem og bygge organisasjonen.<\/li>\n\n\n\n<li>V\u00e6re en p\u00e5driver for og tilrettelegger av politisk arbeid for v\u00e5re foreninger og fylkesorganisasjon.&nbsp;<\/li>\n\n\n\n<li>Ansvar for planlegging og gjennomf\u00f8ring av skolering av v\u00e5re folke- og tillitsvalgte.&nbsp;<\/li>\n\n\n\n<li>Ansvarlig for Agder H\u00f8yres digitale flater. Innholdsproduksjon p\u00e5 sosiale medier og hjemmeside.&nbsp;<\/li>\n\n\n\n<li>Bist\u00e5 i planleggingen og gjennomf\u00f8ringen av valgkamper.<\/li>\n\n\n\n<li>Grunnleggende kontoroppgaver.<\/li>\n<\/ul>\n\n\n\n<h3 class=\"wp-block-heading\" id=\"h-kvalifikasjoner\">Kvalifikasjoner:<\/h3>\n\n\n\n<ul class=\"wp-block-list\">\n<li>H\u00f8yere utdanning er en fordel, men relevant arbeidserfaring kan kompensere for dette<\/li>\n\n\n\n<li>Erfaring fra arbeid med organisasjons- og politikkutvikling&nbsp;<\/li>\n\n\n\n<li>Politisk forst\u00e5else, H\u00f8yres politikk og kjennskap til politiske prosesser lokalt, regionalt og nasjonalt<\/li>\n\n\n\n<li>God skriftlig og muntlig formulerings- og formidlingsevne<\/li>\n\n\n\n<li>Gode kommunikasjons- og samarbeidsegenskaper<\/li>\n\n\n\n<li>Gode tekniske ferdiheter og erfaring med sosiale medier<\/li>\n\n\n\n<li>F\u00f8rerkort klasse B og disponere bil<\/li>\n<\/ul>\n\n\n\n<h3 class=\"wp-block-heading\" id=\"h-personlige-egenskaper\">Personlige egenskaper:<\/h3>\n\n\n\n<ul class=\"wp-block-list\">\n<li>Evne til \u00e5 arbeide selvstendig, men trives ogs\u00e5 godt med \u00e5 arbeide i team<\/li>\n\n\n\n<li>Samfunnsengasjert og l\u00f8sningsorientert<\/li>\n\n\n\n<li>Initiativrik, kontaktskapende og utadvendt<\/li>\n\n\n\n<li>Er strukturert med god orden, har gjennomf\u00f8ringsevne og holder tidsfrister<\/li>\n\n\n\n<li>God arbeidsmoral, h\u00f8y arbeidskapasitet og fleksibilitet med en positiv innstilling<\/li>\n<\/ul>\n\n\n\n<h3 class=\"wp-block-heading\" id=\"h-vi-kan-tilby\">Vi kan tilby:<\/h3>\n\n\n\n<ul class=\"wp-block-list\">\n<li>Fast heltidsstilling i et spennende, dynamisk og utviklende milj\u00f8<\/li>\n\n\n\n<li>L\u00f8nn og \u00f8konomiske betingelser etter avtale<\/li>\n\n\n\n<li>En fleksibel arbeidshverdag, hvor noe helg- og kveldsarbeid m\u00e5 p\u00e5regnes.<\/li>\n\n\n\n<li>God pensjonsordning<\/li>\n\n\n\n<li>Kontor p\u00e5 H\u00f8yres Hus i Kristiansand<\/li>\n\n\n\n<li>Tiltredelse etter avtale<\/li>\n<\/ul>\n\n\n\n<p><\/p>\n\n\n\n<p><\/p>\n\n\n\n<p>Regionr\u00e5dgiverstillingen er underlagt fylkessekret\u00e6r\/daglig leder.<\/p>\n\n\n\n<p><\/p>\n\n\n\n<p><\/p>\n\n\n\n<p><\/p>\n\n\n\n<p><strong>For mer informasjon, kontakt Agder H\u00f8yres:<\/strong><\/p>\n\n\n\n<p>Gruppeleder Torunn Ostad, mobil 971 68 848<\/p>\n\n\n\n<p>Gruppenestleder Erik Johan T. Lind\u00f8e, mobil 452 81 104<\/p>\n\n\n\n<p>Fylkessekret\u00e6r\/daglig leder Jannecke Beyer Guttormsen, mobil 975 02 012<\/p>\n\n\n\n<p><\/p>\n\n\n\n<p><\/p>\n\n\n\n<p><strong>Om arbeidsgiveren<\/strong><\/p>\n\n\n\n<p>Agder H\u00f8yre har aktive foreninger i hele fylket med engasjerte tillits- og folkevalgte p\u00e5 alle plan, som hver dag arbeider for \u00e5 skape et bedre samfunn. Sekretariatet leder det daglige arbeidet i fylkesorganisasjonen og er det administrative st\u00f8tteapparatet. Vi har to faste ansatte, fylkessekret\u00e6r\/daglig leder og regionr\u00e5dgiver, som har ansvar for \u00e5 drive organisasjonsutvikling, legge til rette for politisk utviklingsarbeid og st\u00f8tte v\u00e5re folke- og tillitsvalgte p\u00e5 lokalt, regionalt og nasjonalt niv\u00e5. Sekretariatet har ansvar for at fylkesorganisasjonen og underliggende organisasjonsledd gjennomf\u00f8rer lovp\u00e5lagte oppgaver og iverksetter vedtak.&nbsp;&nbsp;<\/p>\n\n\n\n<p><\/p>\n\n\n\n<p><strong>Er du den samfunnsengasjerte personen vi s\u00f8ker, som ivrer etter \u00e5 v\u00e6re med \u00e5 videreutvikle organisasjonen og ta Agder H\u00f8yre videre, da ser vi frem til \u00e5 h\u00f8re fra deg!<\/strong><\/p>\n\n\n\n<p>S\u00f8knadsfrist: 14.01.24<\/p>\n\n\n\n<p><a href=\"https:\/\/secure.webtemp.no\/WebtempCVPortal\/stillingsingle.aspx?k=236&amp;id_rekruttering=3000062&amp;langset=47\">S\u00f8k her<\/a><\/p>\n\n\n\n<p><\/p>\n\n\n\n<figure class=\"wp-block-image is-resized\"><a href=\"http:\/\/ivre.no\/rekruttering\" target=\"_blank\" rel=\"noreferrer noopener\"><img loading=\"lazy\" decoding=\"async\" src=\"https:\/\/hoyre.no\/content\/uploads\/sites\/6\/2024\/01\/image-1.png\" alt=\"Ivre Rekruttering og Bemanning AS\" class=\"wp-image-2087\" style=\"width:251px;height:55px\" width=\"251\" height=\"55\"\/><\/a><\/figure>\n\n\n\n<p><\/p>\n\n\n\n<p>N\u00f8kkelord: kommunikasjon, r\u00e5dgiver, politikk, politisk kommunikasjon<\/p>\n\n\n\n<p>Finn-kode: 333934708<\/p>\n\n\n\n<p>Kontoradresse: \u00d8stre Strandgate 31, 4610 Kristiansand S<\/p>\n\n\n\n<figure class=\"wp-block-image\"><a href=\"https:\/\/www.finn.no\/map?adId=333934708&amp;lat=58.145023345947266&amp;lon=8.000284194946289&amp;zoom=14&amp;showPin=true\"><img loading=\"lazy\" decoding=\"async\" width=\"400\" height=\"300\" src=\"https:\/\/hoyre.no\/content\/uploads\/sites\/6\/2024\/01\/image.png\" alt=\"Kart\" class=\"wp-image-2086\" srcset=\"https:\/\/hoyre.no\/content\/uploads\/sites\/6\/2024\/01\/image.png 400w, https:\/\/hoyre.no\/content\/uploads\/sites\/6\/2024\/01\/image-300x225.png 300w\" sizes=\"auto, (max-width: 400px) 100vw, 400px\" \/><\/a><\/figure>\n\n\n\n<p><\/p>\n\n\n\n<p><\/p>\n\n\n\n<p><\/p>\n\n\n\n<p><\/p>\n\n\n\n<figure class=\"wp-block-table\"><table><tbody><tr><th><\/th><td><\/td><\/tr><tr><th><\/th><td><\/td><\/tr><\/tbody><\/table><\/figure>\n\n\n<div class=\"tags\">\n\t<\/div>\n<div class=\"post-footer alignfull has-background block-editor-block-list__block\" data-align=full>\n\t<div class=\"post-footer-inner\">\n\t\t<h3>Relaterte artikler<\/h3>\n\t\t<div class=\"related-content\"><div class=\"is-card-hoyre\">\n\t<div class=\"teft-card hoyre-teft-card post-teft-card\">\n\t\t<a href=\"https:\/\/hoyre.no\/agder\/aktuelt\/agder-hoyre-onsker-dine-innspill-fylkestings-programmet\/\" class=\"teft-card__primary-action\">\n\n\t\t\t\t\t<div class=\"teft-card__media teft-card__media--16-9\">\n\t\t\t\t\t\t<img loading=\"lazy\" decoding=\"async\" width=\"768\" height=\"819\" src=\"https:\/\/hoyre.no\/content\/uploads\/sites\/6\/2025\/06\/DSC04923-edited-768x819.jpg\" class=\"attachment-medium_large size-medium_large\" alt=\"\" srcset=\"https:\/\/hoyre.no\/content\/uploads\/sites\/6\/2025\/06\/DSC04923-edited-768x819.jpg 768w, https:\/\/hoyre.no\/content\/uploads\/sites\/6\/2025\/06\/DSC04923-edited-281x300.jpg 281w, https:\/\/hoyre.no\/content\/uploads\/sites\/6\/2025\/06\/DSC04923-edited-960x1024.jpg 960w, https:\/\/hoyre.no\/content\/uploads\/sites\/6\/2025\/06\/DSC04923-edited-1440x1536.jpg 1440w, https:\/\/hoyre.no\/content\/uploads\/sites\/6\/2025\/06\/DSC04923-edited-1920x2048.jpg 1920w\" sizes=\"auto, (max-width: 768px) 100vw, 768px\" \/>\t\t<\/div>\n\t\t\n\t\t\t<div class=\"teft-card__content-wrapper\">\n\t\t\t\t<div class=\"teft-card__secondary\">\n\t\t\t\t\t\n\t\t\t\t\t\t\t\t<div class=\"teft-card__meta\">\n\t\t\t\t\t\t\t\t\t<span class=\"post-date\">21. apr 2026<\/span>\n\n\t\t\t\t\t\t\t\t\t<span class=\"post-category\">Nyheter<\/span>\t\t\t\t\t\t\t\t<\/div>\n\t\t\t\t\t\t\t\t\t\t\t<\/div>\n\n\t\t\t\t<div class=\"teft-card__primary\">\n\t\t\t\t\t<h2 class=\"teft-card__title\">Agder H\u00f8yres programprosess for Fylkestingsvalget 2027&nbsp;<span class=\"teft-card__primary-title-append\"><\/span><\/h2>\t\t\t\t<\/div>\n\t\t\t<\/div>\n\t\t<\/a>\n\t<\/div>\n\n\t<\/div><div class=\"is-card-hoyre\">\n\t<div class=\"teft-card hoyre-teft-card post-teft-card\">\n\t\t<a href=\"https:\/\/hoyre.no\/agder\/aktuelt\/agder-hoyres-nye-regionradgiver\/\" class=\"teft-card__primary-action\">\n\n\t\t\t\t\t<div class=\"teft-card__media teft-card__media--16-9\">\n\t\t\t\t\t\t<img loading=\"lazy\" decoding=\"async\" width=\"768\" height=\"768\" src=\"https:\/\/hoyre.no\/content\/uploads\/sites\/6\/2026\/03\/Aleksander-L-768x768.png\" class=\"attachment-medium_large size-medium_large\" alt=\"\" srcset=\"https:\/\/hoyre.no\/content\/uploads\/sites\/6\/2026\/03\/Aleksander-L-768x768.png 768w, https:\/\/hoyre.no\/content\/uploads\/sites\/6\/2026\/03\/Aleksander-L-e1775591785378-300x300.png 300w, https:\/\/hoyre.no\/content\/uploads\/sites\/6\/2026\/03\/Aleksander-L-e1775591785378-150x150.png 150w, https:\/\/hoyre.no\/content\/uploads\/sites\/6\/2026\/03\/Aleksander-L-e1775591785378.png 722w\" sizes=\"auto, (max-width: 768px) 100vw, 768px\" \/>\t\t<\/div>\n\t\t\n\t\t\t<div class=\"teft-card__content-wrapper\">\n\t\t\t\t<div class=\"teft-card__secondary\">\n\t\t\t\t\t\n\t\t\t\t\t\t\t\t<div class=\"teft-card__meta\">\n\t\t\t\t\t\t\t\t\t<span class=\"post-date\">23. mar 2026<\/span>\n\n\t\t\t\t\t\t\t\t\t\t\t\t\t\t\t\t\t<\/div>\n\t\t\t\t\t\t\t\t\t\t\t<\/div>\n\n\t\t\t\t<div class=\"teft-card__primary\">\n\t\t\t\t\t<h2 class=\"teft-card__title\">Agder H\u00f8yres nye regionr\u00e5dgiver&nbsp;<span class=\"teft-card__primary-title-append\"><\/span><\/h2>\t\t\t\t<\/div>\n\t\t\t<\/div>\n\t\t<\/a>\n\t<\/div>\n\n\t<\/div><div class=\"is-card-hoyre\">\n\t<div class=\"teft-card hoyre-teft-card post-teft-card\">\n\t\t<a href=\"https:\/\/hoyre.no\/agder\/aktuelt\/agder-hoyres-nominasjonsprosess-for-fylkestingsvalget-2027\/\" class=\"teft-card__primary-action\">\n\n\t\t\t\t\t<div class=\"teft-card__media teft-card__media--16-9\">\n\t\t\t\t\t\t<img loading=\"lazy\" decoding=\"async\" width=\"768\" height=\"512\" src=\"https:\/\/hoyre.no\/content\/uploads\/sites\/6\/2026\/03\/Haagen-Poppe-Foto-Hans-Kristian-Thorbjornsen-768x512.jpg\" class=\"attachment-medium_large size-medium_large\" alt=\"\" srcset=\"https:\/\/hoyre.no\/content\/uploads\/sites\/6\/2026\/03\/Haagen-Poppe-Foto-Hans-Kristian-Thorbjornsen-768x512.jpg 768w, https:\/\/hoyre.no\/content\/uploads\/sites\/6\/2026\/03\/Haagen-Poppe-Foto-Hans-Kristian-Thorbjornsen-300x200.jpg 300w, https:\/\/hoyre.no\/content\/uploads\/sites\/6\/2026\/03\/Haagen-Poppe-Foto-Hans-Kristian-Thorbjornsen-1024x683.jpg 1024w, https:\/\/hoyre.no\/content\/uploads\/sites\/6\/2026\/03\/Haagen-Poppe-Foto-Hans-Kristian-Thorbjornsen-1536x1025.jpg 1536w, https:\/\/hoyre.no\/content\/uploads\/sites\/6\/2026\/03\/Haagen-Poppe-Foto-Hans-Kristian-Thorbjornsen-2048x1366.jpg 2048w\" sizes=\"auto, (max-width: 768px) 100vw, 768px\" \/>\t\t<\/div>\n\t\t\n\t\t\t<div class=\"teft-card__content-wrapper\">\n\t\t\t\t<div class=\"teft-card__secondary\">\n\t\t\t\t\t\n\t\t\t\t\t\t\t\t<div class=\"teft-card__meta\">\n\t\t\t\t\t\t\t\t\t<span class=\"post-date\">5. mar 2026<\/span>\n\n\t\t\t\t\t\t\t\t\t\t\t\t\t\t\t\t\t<\/div>\n\t\t\t\t\t\t\t\t\t\t\t<\/div>\n\n\t\t\t\t<div class=\"teft-card__primary\">\n\t\t\t\t\t<h2 class=\"teft-card__title\">Agder H\u00f8yres nominasjonsprosess for  Fylkestingsvalget 2027&nbsp;<span class=\"teft-card__primary-title-append\"><\/span><\/h2>\t\t\t\t<\/div>\n\t\t\t<\/div>\n\t\t<\/a>\n\t<\/div>\n\n\t<\/div><\/div>\t<\/div>\n<\/div>\n\n\n\n<p><\/p>\n","protected":false},"excerpt":{"rendered":"","protected":false},"author":404,"featured_media":0,"comment_status":"closed","ping_status":"closed","sticky":false,"template":"","format":"standard","meta":{"teft_cards_image_url":"","teft_cards_custom_pretitle":"","teft_cards_image_id":1899,"teft_cards_image_focal_point_x":0.5,"teft_cards_image_focal_point_y":0.5,"teft_cards_title":"","teft_cards_excerpt":"","teft_show_chapters":false,"author_display_name":"","footnotes":""},"category":[1],"post_tag":[],"hoyre-visibility":[],"article-type":[],"politician":[],"class_list":["post-2070","post","type-post","status-publish","format-standard","hentry","category-ukategorisert"],"yoast_head":"<!-- This site is optimized with the Yoast SEO Premium plugin v26.5 (Yoast SEO v26.6) - https:\/\/yoast.com\/wordpress\/plugins\/seo\/ -->\n<title>Vil du jobbe i S\u00f8rlandets viktigste politiske parti? - Agder H\u00f8yre<\/title>\n<meta name=\"robots\" content=\"index, follow, max-snippet:-1, max-image-preview:large, max-video-preview:-1\" \/>\n<link rel=\"canonical\" href=\"https:\/\/hoyre.no\/agder\/aktuelt\/vil-du-jobbe-i-sorlandets-viktigste-politiske-parti\/\" \/>\n<meta property=\"og:locale\" content=\"nb_NO\" \/>\n<meta property=\"og:type\" content=\"article\" \/>\n<meta property=\"og:title\" content=\"Vil du jobbe i S\u00f8rlandets viktigste politiske parti?\" \/>\n<meta property=\"og:url\" content=\"https:\/\/hoyre.no\/agder\/aktuelt\/vil-du-jobbe-i-sorlandets-viktigste-politiske-parti\/\" \/>\n<meta property=\"og:site_name\" content=\"Agder H\u00f8yre\" \/>\n<meta property=\"article:published_time\" content=\"2024-01-05T14:12:47+00:00\" \/>\n<meta property=\"article:modified_time\" content=\"2024-03-18T11:37:49+00:00\" \/>\n<meta property=\"og:image\" content=\"https:\/\/hoyre.no\/content\/uploads\/sites\/6\/2026\/03\/Haagen-Poppe-Foto-Hans-Kristian-Thorbjornsen-1024x683.jpg\" \/>\n<meta name=\"author\" content=\"Jannecke Beyer Guttormsen\" \/>\n<meta name=\"twitter:card\" content=\"summary_large_image\" \/>\n<meta name=\"twitter:label1\" content=\"Skrevet av\" \/>\n\t<meta name=\"twitter:data1\" content=\"Jannecke Beyer Guttormsen\" \/>\n\t<meta name=\"twitter:label2\" content=\"Ansl. lesetid\" \/>\n\t<meta name=\"twitter:data2\" content=\"4 minutter\" \/>\n<script type=\"application\/ld+json\" class=\"yoast-schema-graph\">{\"@context\":\"https:\/\/schema.org\",\"@graph\":[{\"@type\":\"NewsArticle\",\"@id\":\"https:\/\/hoyre.no\/agder\/aktuelt\/vil-du-jobbe-i-sorlandets-viktigste-politiske-parti\/\",\"url\":\"https:\/\/hoyre.no\/agder\/aktuelt\/vil-du-jobbe-i-sorlandets-viktigste-politiske-parti\/\",\"name\":\"Vil du jobbe i S\u00f8rlandets viktigste politiske parti? - Agder H\u00f8yre\",\"isPartOf\":{\"@id\":\"https:\/\/hoyre.no\/agder\/#website\"},\"image\":{\"@id\":\"https:\/\/hoyre.no\/agder\/aktuelt\/vil-du-jobbe-i-sorlandets-viktigste-politiske-parti\/#primaryimage\"},\"thumbnailUrl\":\"https:\/\/hoyre.no\/content\/uploads\/sites\/6\/2024\/01\/image-1.png\",\"datePublished\":\"2024-01-05T14:12:47+00:00\",\"dateModified\":\"2024-03-18T11:37:49+00:00\",\"author\":{\"@id\":\"https:\/\/hoyre.no\/agder\/#\/schema\/person\/7041be1f5a2efbe77b438958e52648e4\"},\"breadcrumb\":{\"@id\":\"https:\/\/hoyre.no\/agder\/aktuelt\/vil-du-jobbe-i-sorlandets-viktigste-politiske-parti\/#breadcrumb\"},\"inLanguage\":\"nb-NO\",\"potentialAction\":[{\"@type\":\"ReadAction\",\"target\":[\"https:\/\/hoyre.no\/agder\/aktuelt\/vil-du-jobbe-i-sorlandets-viktigste-politiske-parti\/\"]}]},{\"@type\":\"ImageObject\",\"inLanguage\":\"nb-NO\",\"@id\":\"https:\/\/hoyre.no\/agder\/aktuelt\/vil-du-jobbe-i-sorlandets-viktigste-politiske-parti\/#primaryimage\",\"url\":\"https:\/\/hoyre.no\/content\/uploads\/sites\/6\/2024\/01\/image-1.png\",\"contentUrl\":\"https:\/\/hoyre.no\/content\/uploads\/sites\/6\/2024\/01\/image-1.png\"},{\"@type\":\"BreadcrumbList\",\"@id\":\"https:\/\/hoyre.no\/agder\/aktuelt\/vil-du-jobbe-i-sorlandets-viktigste-politiske-parti\/#breadcrumb\",\"itemListElement\":[{\"@type\":\"ListItem\",\"position\":1,\"name\":\"Til hoyre.no\",\"item\":\"https:\/\/hoyre.no\"},{\"@type\":\"ListItem\",\"position\":2,\"name\":\"Hjem\",\"item\":\"https:\/\/hoyre.no\/agder\/\"},{\"@type\":\"ListItem\",\"position\":3,\"name\":\"Vil du jobbe i S\u00f8rlandets viktigste politiske parti?\"}]},{\"@type\":\"WebSite\",\"@id\":\"https:\/\/hoyre.no\/agder\/#website\",\"url\":\"https:\/\/hoyre.no\/agder\/\",\"name\":\"Agder H\u00f8yre\",\"description\":\"Bare enda et H\u00f8yres nettsteder-nettsted\",\"inLanguage\":\"nb-NO\"},{\"@type\":\"Person\",\"@id\":\"https:\/\/hoyre.no\/agder\/#\/schema\/person\/7041be1f5a2efbe77b438958e52648e4\",\"name\":\"Jannecke Beyer Guttormsen\",\"image\":{\"@type\":\"ImageObject\",\"inLanguage\":\"nb-NO\",\"@id\":\"https:\/\/hoyre.no\/agder\/#\/schema\/person\/image\/\",\"url\":\"https:\/\/secure.gravatar.com\/avatar\/54628c803845895e8fbfc2b1806f9a676c7ecfbc14d65a294e01ff625204c3a3?s=96&d=mm&r=g\",\"contentUrl\":\"https:\/\/secure.gravatar.com\/avatar\/54628c803845895e8fbfc2b1806f9a676c7ecfbc14d65a294e01ff625204c3a3?s=96&d=mm&r=g\",\"caption\":\"Jannecke Beyer Guttormsen\"},\"url\":\"https:\/\/hoyre.no\/agder\/aktuelt\/author\/m50473883\/\"}]}<\/script>\n<!-- \/ Yoast SEO Premium plugin. -->","yoast_head_json":{"title":"Vil du jobbe i S\u00f8rlandets viktigste politiske parti? - Agder H\u00f8yre","robots":{"index":"index","follow":"follow","max-snippet":"max-snippet:-1","max-image-preview":"max-image-preview:large","max-video-preview":"max-video-preview:-1"},"canonical":"https:\/\/hoyre.no\/agder\/aktuelt\/vil-du-jobbe-i-sorlandets-viktigste-politiske-parti\/","og_locale":"nb_NO","og_type":"article","og_title":"Vil du jobbe i S\u00f8rlandets viktigste politiske parti?","og_url":"https:\/\/hoyre.no\/agder\/aktuelt\/vil-du-jobbe-i-sorlandets-viktigste-politiske-parti\/","og_site_name":"Agder H\u00f8yre","article_published_time":"2024-01-05T14:12:47+00:00","article_modified_time":"2024-03-18T11:37:49+00:00","og_image":[{"url":"https:\/\/hoyre.no\/content\/uploads\/sites\/6\/2026\/03\/Haagen-Poppe-Foto-Hans-Kristian-Thorbjornsen-1024x683.jpg","width":"","height":"","type":""}],"author":"Jannecke Beyer Guttormsen","twitter_card":"summary_large_image","twitter_misc":{"Skrevet av":"Jannecke Beyer Guttormsen","Ansl. lesetid":"4 minutter"},"schema":{"@context":"https:\/\/schema.org","@graph":[{"@type":"NewsArticle","@id":"https:\/\/hoyre.no\/agder\/aktuelt\/vil-du-jobbe-i-sorlandets-viktigste-politiske-parti\/","url":"https:\/\/hoyre.no\/agder\/aktuelt\/vil-du-jobbe-i-sorlandets-viktigste-politiske-parti\/","name":"Vil du jobbe i S\u00f8rlandets viktigste politiske parti? - Agder H\u00f8yre","isPartOf":{"@id":"https:\/\/hoyre.no\/agder\/#website"},"image":{"@id":"https:\/\/hoyre.no\/agder\/aktuelt\/vil-du-jobbe-i-sorlandets-viktigste-politiske-parti\/#primaryimage"},"thumbnailUrl":"https:\/\/hoyre.no\/content\/uploads\/sites\/6\/2024\/01\/image-1.png","datePublished":"2024-01-05T14:12:47+00:00","dateModified":"2024-03-18T11:37:49+00:00","author":{"@id":"https:\/\/hoyre.no\/agder\/#\/schema\/person\/7041be1f5a2efbe77b438958e52648e4"},"breadcrumb":{"@id":"https:\/\/hoyre.no\/agder\/aktuelt\/vil-du-jobbe-i-sorlandets-viktigste-politiske-parti\/#breadcrumb"},"inLanguage":"nb-NO","potentialAction":[{"@type":"ReadAction","target":["https:\/\/hoyre.no\/agder\/aktuelt\/vil-du-jobbe-i-sorlandets-viktigste-politiske-parti\/"]}]},{"@type":"ImageObject","inLanguage":"nb-NO","@id":"https:\/\/hoyre.no\/agder\/aktuelt\/vil-du-jobbe-i-sorlandets-viktigste-politiske-parti\/#primaryimage","url":"https:\/\/hoyre.no\/content\/uploads\/sites\/6\/2024\/01\/image-1.png","contentUrl":"https:\/\/hoyre.no\/content\/uploads\/sites\/6\/2024\/01\/image-1.png"},{"@type":"BreadcrumbList","@id":"https:\/\/hoyre.no\/agder\/aktuelt\/vil-du-jobbe-i-sorlandets-viktigste-politiske-parti\/#breadcrumb","itemListElement":[{"@type":"ListItem","position":1,"name":"Til hoyre.no","item":"https:\/\/hoyre.no"},{"@type":"ListItem","position":2,"name":"Hjem","item":"https:\/\/hoyre.no\/agder\/"},{"@type":"ListItem","position":3,"name":"Vil du jobbe i S\u00f8rlandets viktigste politiske parti?"}]},{"@type":"WebSite","@id":"https:\/\/hoyre.no\/agder\/#website","url":"https:\/\/hoyre.no\/agder\/","name":"Agder H\u00f8yre","description":"Bare enda et H\u00f8yres nettsteder-nettsted","inLanguage":"nb-NO"},{"@type":"Person","@id":"https:\/\/hoyre.no\/agder\/#\/schema\/person\/7041be1f5a2efbe77b438958e52648e4","name":"Jannecke Beyer Guttormsen","image":{"@type":"ImageObject","inLanguage":"nb-NO","@id":"https:\/\/hoyre.no\/agder\/#\/schema\/person\/image\/","url":"https:\/\/secure.gravatar.com\/avatar\/54628c803845895e8fbfc2b1806f9a676c7ecfbc14d65a294e01ff625204c3a3?s=96&d=mm&r=g","contentUrl":"https:\/\/secure.gravatar.com\/avatar\/54628c803845895e8fbfc2b1806f9a676c7ecfbc14d65a294e01ff625204c3a3?s=96&d=mm&r=g","caption":"Jannecke Beyer Guttormsen"},"url":"https:\/\/hoyre.no\/agder\/aktuelt\/author\/m50473883\/"}]}},"distributor_meta":false,"distributor_terms":false,"distributor_media":false,"distributor_original_site_name":"Agder H\u00f8yre","distributor_original_site_url":"https:\/\/hoyre.no\/agder","push-errors":false,"_links":{"self":[{"href":"https:\/\/hoyre.no\/agder\/wp-json\/wp\/v2\/posts\/2070","targetHints":{"allow":["GET"]}}],"collection":[{"href":"https:\/\/hoyre.no\/agder\/wp-json\/wp\/v2\/posts"}],"about":[{"href":"https:\/\/hoyre.no\/agder\/wp-json\/wp\/v2\/types\/post"}],"author":[{"embeddable":true,"href":"https:\/\/hoyre.no\/agder\/wp-json\/wp\/v2\/users\/404"}],"replies":[{"embeddable":true,"href":"https:\/\/hoyre.no\/agder\/wp-json\/wp\/v2\/comments?post=2070"}],"version-history":[{"count":18,"href":"https:\/\/hoyre.no\/agder\/wp-json\/wp\/v2\/posts\/2070\/revisions"}],"predecessor-version":[{"id":2176,"href":"https:\/\/hoyre.no\/agder\/wp-json\/wp\/v2\/posts\/2070\/revisions\/2176"}],"wp:attachment":[{"href":"https:\/\/hoyre.no\/agder\/wp-json\/wp\/v2\/media?parent=2070"}],"wp:term":[{"taxonomy":"category","embeddable":true,"href":"https:\/\/hoyre.no\/agder\/wp-json\/wp\/v2\/category?post=2070"},{"taxonomy":"post_tag","embeddable":true,"href":"https:\/\/hoyre.no\/agder\/wp-json\/wp\/v2\/post_tag?post=2070"},{"taxonomy":"hoyre-visibility","embeddable":true,"href":"https:\/\/hoyre.no\/agder\/wp-json\/wp\/v2\/hoyre-visibility?post=2070"},{"taxonomy":"article-type","embeddable":true,"href":"https:\/\/hoyre.no\/agder\/wp-json\/wp\/v2\/article-type?post=2070"},{"taxonomy":"politician","embeddable":true,"href":"https:\/\/hoyre.no\/agder\/wp-json\/wp\/v2\/politician?post=2070"}],"curies":[{"name":"wp","href":"https:\/\/api.w.org\/{rel}","templated":true}]}}