{"id":2279,"date":"2024-08-12T16:41:22","date_gmt":"2024-08-12T14:41:22","guid":{"rendered":"https:\/\/hoyre.no\/agder\/?p=2279"},"modified":"2024-08-12T16:41:23","modified_gmt":"2024-08-12T14:41:23","slug":"hoyre-regjering-er-best-for-sorlandet","status":"publish","type":"post","link":"https:\/\/hoyre.no\/agder\/aktuelt\/hoyre-regjering-er-best-for-sorlandet\/","title":{"rendered":"H\u00f8yre-regjering er best for S\u00f8rlandet!"},"content":{"rendered":"\n<p class=\"preamble\">N\u00e5r H\u00f8yre har v\u00e6rt i regjeringen har S\u00f8rlandet blitt sett og prioritert, H\u00f8yre har l\u00f8ftet landsdelen gang p\u00e5 gang. Derfor trenger vi et regjeringsskifte i 2025 \u2013 for \u00e5 bygge S\u00f8rlandet som fremtidsregion!<\/p>\t\t\t<div class=\"post-meta wp-block teft-byline-wrapper\">\n\t\t\t\t<div class=\"top\">\n\t\t\t\t\t<div class=\"signature\">\n\t\t\t\t\t\t<div class=\"teft-byline\">\n\t\t\t\t\t\t\t\t\t\t\t\t\t\t<div>\n\t\t\t\t\t\t\t\t<h3>H\u00f8yres redaksjon<\/h3>\t\t\t\t\t\t\t\t\n\t\t\t\t\t\t\t\t\t\t\t\t\t\t\t\t\t<span class=\"date\">Sist oppdatert: 12. august 2024<\/span>\n\t\t\t\t\t\t\t\t\t\t\t\t\t\t\t\t\t\t\t\t\t\t\t\t\t<span class=\"reading-time\" itemprop=\"timeRequired\" content=\"PT2M\"><em>Ca. 2 minutter lesetid<\/em><\/span>\n\t\t\t\t\t\t\t\t\t\t\t\t\t\t\t<\/div>\n\t\t\t\t\t\t<\/div>\n\t\t\t\t\t<\/div>\n\t\t\t\t\t\t<div class=\"sharing\">\n\t\t<a class=\"share-button share-link copy-link\" data-copy=\"https:\/\/hoyre.no\/agder\/aktuelt\/hoyre-regjering-er-best-for-sorlandet\/\" target=\"_blank\"><span class=\"screen-reader-text\">Del link<\/span><\/a>\n\t\t<a class=\"share-button share-twitter\" href=\"http:\/\/twitter.com\/share?text=H\u00f8yre-regjering er best for S\u00f8rlandet!&#038;url=https:\/\/hoyre.no\/agder\/aktuelt\/hoyre-regjering-er-best-for-sorlandet\/&#038;hashtags=Hoyre\" target=\"_blank\"><span class=\"screen-reader-text\">Del p\u00e5 twitter<\/span><\/a>\n\t\t<a class=\"share-button share-facebook\" href=\"https:\/\/www.facebook.com\/sharer\/sharer.php?u=https:\/\/hoyre.no\/agder\/aktuelt\/hoyre-regjering-er-best-for-sorlandet\/\" target=\"_blank\"><span class=\"screen-reader-text\">Del p\u00e5 facebook<\/span><\/a>\n\t<\/div>\n\t\t\t\t\t<\/div>\n\t\t\t<\/div>\n\n\t\t\t<figure class=\"hoyre-image-wrapper\"><div class=\"hoyre-image\"><img loading=\"lazy\" decoding=\"async\" width=\"1000\" height=\"666\" src=\"https:\/\/hoyre.no\/content\/uploads\/sites\/6\/2024\/08\/bilde.png\" class=\"attachment-scaled size-scaled\" alt=\"Svein Harberg og Ingunn Foss\" style=\"object-position: 50% 50%\" srcset=\"https:\/\/hoyre.no\/content\/uploads\/sites\/6\/2024\/08\/bilde.png 1000w, https:\/\/hoyre.no\/content\/uploads\/sites\/6\/2024\/08\/bilde-300x200.png 300w, https:\/\/hoyre.no\/content\/uploads\/sites\/6\/2024\/08\/bilde-768x511.png 768w\" sizes=\"auto, (max-width: 1000px) 100vw, 1000px\" \/><\/div><figcaption class=\"caption\">F.V.: Svein Harberg og Ingunn Foss p\u00e5 H\u00f8yres landsm\u00f8te i 2023<\/figcaption><\/figure>\n\n\n\n\n<p>Da H\u00f8yre satt i regjering, ble landsdelen v\u00e5r lyttet til. Behovene v\u00e5re ble sett. Vi ble prioritert. Tre \u00e5r etter at St\u00f8re-regjeringen tok over har det v\u00e6rt stille for S\u00f8rlandet. Det er ikke holdbart i \u00e5rene som kommer.<\/p>\n\n\n\n<p>Agder har under 8 \u00e5r med H\u00f8yre i regjering i st\u00f8rre grad f\u00e5tt sin rettmessige andel av ressurser og oppmerksomhet. Gjennom store veiprosjekter har landsdelen blitt bundet sammen og skapt nye bo- og arbeidsmarkeder, samtidig som veien til naboregioner har blitt kortere. Forsknings- og utviklingsmilj\u00f8et rundt UiA er sterkt forsterket gjennom etablering av&nbsp;<em>Mechatronic<\/em>&nbsp;Innovasjon Lab, innovasjonsarenaen&nbsp;<em>I 4 Helse<\/em>&nbsp;for helseteknologi og&nbsp;<em>House of CAIR<\/em>&nbsp;som senter for forskning p\u00e5 kunstig intelligens. Marin forskning og arbeidet med nye marine n\u00e6ringer har f\u00e5tt betydelig st\u00f8tte, ikke minst gjennom&nbsp;<em>Bl\u00e5tt kompetansesenter S\u00f8r<\/em>. Dette har gitt resultater. Det har skapt verdier og arbeidsplasser. H\u00f8yre bidro med finansiering til en rekke gode initiativ tiltak rettet mot barn og unge med utfordringer og i utenforskap. Dette er bare noen f\u00e5 av de tingene H\u00f8yre fikk til p\u00e5 \u00e5tte \u00e5r.<\/p>\n\n\n\n<p>H\u00f8yre vil fortsette \u00e5 utvikle det vi mener er Norges beste plass \u00e5 bo, og da er vi avhengig av at vi har politikere som er med p\u00e5 prosjektet v\u00e5rt. Erfaringen viser at det er en H\u00f8yre-styrt regjering som l\u00f8fter landsdelen og stimulerer til vekst og utvikling \u2013 vi har gjort det f\u00f8r, og vi skal gj\u00f8re igjen!<\/p>\n\n\n\n<p>H\u00f8yre brukte sine \u00e5tte \u00e5r i regjering p\u00e5 \u00e5 styrke S\u00f8rlandet. \u00d8nsker vi \u00f8kt prioritering av bedre og tryggere veier, videre styrking av Kjevik, et styrket psykiatritilbud og aktiv stimulans til nye n\u00e6ringer for fremtiden, trenger vi et regjeringsskifte. Vi trenger Erna som statsminister i 2025.<\/p>\n\n\n<div class=\"tags\">\n\t<\/div>\n<div class=\"post-footer alignfull has-background block-editor-block-list__block\" data-align=full>\n\t<div class=\"post-footer-inner\">\n\t\t<h3>Relaterte artikler<\/h3>\n\t\t<div class=\"related-content\"><div class=\"is-card-hoyre\">\n\t<div class=\"teft-card hoyre-teft-card post-teft-card\">\n\t\t<a href=\"https:\/\/hoyre.no\/agder\/aktuelt\/agder-hoyre-onsker-dine-innspill-fylkestings-programmet\/\" class=\"teft-card__primary-action\">\n\n\t\t\t\t\t<div class=\"teft-card__media teft-card__media--16-9\">\n\t\t\t\t\t\t<img loading=\"lazy\" decoding=\"async\" width=\"768\" height=\"819\" src=\"https:\/\/hoyre.no\/content\/uploads\/sites\/6\/2025\/06\/DSC04923-edited-768x819.jpg\" class=\"attachment-medium_large size-medium_large\" alt=\"\" srcset=\"https:\/\/hoyre.no\/content\/uploads\/sites\/6\/2025\/06\/DSC04923-edited-768x819.jpg 768w, https:\/\/hoyre.no\/content\/uploads\/sites\/6\/2025\/06\/DSC04923-edited-281x300.jpg 281w, https:\/\/hoyre.no\/content\/uploads\/sites\/6\/2025\/06\/DSC04923-edited-960x1024.jpg 960w, https:\/\/hoyre.no\/content\/uploads\/sites\/6\/2025\/06\/DSC04923-edited-1440x1536.jpg 1440w, https:\/\/hoyre.no\/content\/uploads\/sites\/6\/2025\/06\/DSC04923-edited-1920x2048.jpg 1920w\" sizes=\"auto, (max-width: 768px) 100vw, 768px\" \/>\t\t<\/div>\n\t\t\n\t\t\t<div class=\"teft-card__content-wrapper\">\n\t\t\t\t<div class=\"teft-card__secondary\">\n\t\t\t\t\t\n\t\t\t\t\t\t\t\t<div class=\"teft-card__meta\">\n\t\t\t\t\t\t\t\t\t<span class=\"post-date\">21. apr 2026<\/span>\n\n\t\t\t\t\t\t\t\t\t<span class=\"post-category\">Nyheter<\/span>\t\t\t\t\t\t\t\t<\/div>\n\t\t\t\t\t\t\t\t\t\t\t<\/div>\n\n\t\t\t\t<div class=\"teft-card__primary\">\n\t\t\t\t\t<h2 class=\"teft-card__title\">Agder H\u00f8yres programprosess for Fylkestingsvalget 2027&nbsp;<span class=\"teft-card__primary-title-append\"><\/span><\/h2>\t\t\t\t<\/div>\n\t\t\t<\/div>\n\t\t<\/a>\n\t<\/div>\n\n\t<\/div><div class=\"is-card-hoyre\">\n\t<div class=\"teft-card hoyre-teft-card post-teft-card\">\n\t\t<a href=\"https:\/\/hoyre.no\/agder\/aktuelt\/agder-hoyres-nye-regionradgiver\/\" class=\"teft-card__primary-action\">\n\n\t\t\t\t\t<div class=\"teft-card__media teft-card__media--16-9\">\n\t\t\t\t\t\t<img loading=\"lazy\" decoding=\"async\" width=\"768\" height=\"768\" src=\"https:\/\/hoyre.no\/content\/uploads\/sites\/6\/2026\/03\/Aleksander-L-768x768.png\" class=\"attachment-medium_large size-medium_large\" alt=\"\" srcset=\"https:\/\/hoyre.no\/content\/uploads\/sites\/6\/2026\/03\/Aleksander-L-768x768.png 768w, https:\/\/hoyre.no\/content\/uploads\/sites\/6\/2026\/03\/Aleksander-L-e1775591785378-300x300.png 300w, https:\/\/hoyre.no\/content\/uploads\/sites\/6\/2026\/03\/Aleksander-L-e1775591785378-150x150.png 150w, https:\/\/hoyre.no\/content\/uploads\/sites\/6\/2026\/03\/Aleksander-L-e1775591785378.png 722w\" sizes=\"auto, (max-width: 768px) 100vw, 768px\" \/>\t\t<\/div>\n\t\t\n\t\t\t<div class=\"teft-card__content-wrapper\">\n\t\t\t\t<div class=\"teft-card__secondary\">\n\t\t\t\t\t\n\t\t\t\t\t\t\t\t<div class=\"teft-card__meta\">\n\t\t\t\t\t\t\t\t\t<span class=\"post-date\">23. mar 2026<\/span>\n\n\t\t\t\t\t\t\t\t\t\t\t\t\t\t\t\t\t<\/div>\n\t\t\t\t\t\t\t\t\t\t\t<\/div>\n\n\t\t\t\t<div class=\"teft-card__primary\">\n\t\t\t\t\t<h2 class=\"teft-card__title\">Agder H\u00f8yres nye regionr\u00e5dgiver&nbsp;<span class=\"teft-card__primary-title-append\"><\/span><\/h2>\t\t\t\t<\/div>\n\t\t\t<\/div>\n\t\t<\/a>\n\t<\/div>\n\n\t<\/div><div class=\"is-card-hoyre\">\n\t<div class=\"teft-card hoyre-teft-card post-teft-card\">\n\t\t<a href=\"https:\/\/hoyre.no\/agder\/aktuelt\/agder-hoyres-nominasjonsprosess-for-fylkestingsvalget-2027\/\" class=\"teft-card__primary-action\">\n\n\t\t\t\t\t<div class=\"teft-card__media teft-card__media--16-9\">\n\t\t\t\t\t\t<img loading=\"lazy\" decoding=\"async\" width=\"768\" height=\"512\" src=\"https:\/\/hoyre.no\/content\/uploads\/sites\/6\/2026\/03\/Haagen-Poppe-Foto-Hans-Kristian-Thorbjornsen-768x512.jpg\" class=\"attachment-medium_large size-medium_large\" alt=\"\" srcset=\"https:\/\/hoyre.no\/content\/uploads\/sites\/6\/2026\/03\/Haagen-Poppe-Foto-Hans-Kristian-Thorbjornsen-768x512.jpg 768w, https:\/\/hoyre.no\/content\/uploads\/sites\/6\/2026\/03\/Haagen-Poppe-Foto-Hans-Kristian-Thorbjornsen-300x200.jpg 300w, https:\/\/hoyre.no\/content\/uploads\/sites\/6\/2026\/03\/Haagen-Poppe-Foto-Hans-Kristian-Thorbjornsen-1024x683.jpg 1024w, https:\/\/hoyre.no\/content\/uploads\/sites\/6\/2026\/03\/Haagen-Poppe-Foto-Hans-Kristian-Thorbjornsen-1536x1025.jpg 1536w, https:\/\/hoyre.no\/content\/uploads\/sites\/6\/2026\/03\/Haagen-Poppe-Foto-Hans-Kristian-Thorbjornsen-2048x1366.jpg 2048w\" sizes=\"auto, (max-width: 768px) 100vw, 768px\" \/>\t\t<\/div>\n\t\t\n\t\t\t<div class=\"teft-card__content-wrapper\">\n\t\t\t\t<div class=\"teft-card__secondary\">\n\t\t\t\t\t\n\t\t\t\t\t\t\t\t<div class=\"teft-card__meta\">\n\t\t\t\t\t\t\t\t\t<span class=\"post-date\">5. mar 2026<\/span>\n\n\t\t\t\t\t\t\t\t\t\t\t\t\t\t\t\t\t<\/div>\n\t\t\t\t\t\t\t\t\t\t\t<\/div>\n\n\t\t\t\t<div class=\"teft-card__primary\">\n\t\t\t\t\t<h2 class=\"teft-card__title\">Agder H\u00f8yres nominasjonsprosess for  Fylkestingsvalget 2027&nbsp;<span class=\"teft-card__primary-title-append\"><\/span><\/h2>\t\t\t\t<\/div>\n\t\t\t<\/div>\n\t\t<\/a>\n\t<\/div>\n\n\t<\/div><\/div>\t<\/div>\n<\/div>\n","protected":false},"excerpt":{"rendered":"","protected":false},"author":32598,"featured_media":0,"comment_status":"closed","ping_status":"closed","sticky":false,"template":"","format":"standard","meta":{"teft_cards_image_url":"","teft_cards_custom_pretitle":"","teft_cards_image_id":2281,"teft_cards_image_focal_point_x":0.5,"teft_cards_image_focal_point_y":0.5,"teft_cards_title":"","teft_cards_excerpt":"","teft_show_chapters":false,"author_display_name":"","footnotes":""},"category":[18,5,4],"post_tag":[],"hoyre-visibility":[],"article-type":[],"politician":[],"class_list":["post-2279","post","type-post","status-publish","format-standard","hentry","category-innlegg","category-kronikk","category-nyheter"],"yoast_head":"<!-- This site is optimized with the Yoast SEO Premium plugin v26.5 (Yoast SEO v26.6) - https:\/\/yoast.com\/wordpress\/plugins\/seo\/ -->\n<title>H\u00f8yre-regjering er best for S\u00f8rlandet! - Agder H\u00f8yre<\/title>\n<meta name=\"robots\" content=\"index, follow, max-snippet:-1, max-image-preview:large, max-video-preview:-1\" \/>\n<link rel=\"canonical\" href=\"https:\/\/hoyre.no\/agder\/aktuelt\/hoyre-regjering-er-best-for-sorlandet\/\" \/>\n<meta property=\"og:locale\" content=\"nb_NO\" \/>\n<meta property=\"og:type\" content=\"article\" \/>\n<meta property=\"og:title\" content=\"H\u00f8yre-regjering er best for S\u00f8rlandet!\" \/>\n<meta property=\"og:url\" content=\"https:\/\/hoyre.no\/agder\/aktuelt\/hoyre-regjering-er-best-for-sorlandet\/\" \/>\n<meta property=\"og:site_name\" content=\"Agder H\u00f8yre\" \/>\n<meta property=\"article:published_time\" content=\"2024-08-12T14:41:22+00:00\" \/>\n<meta property=\"article:modified_time\" content=\"2024-08-12T14:41:23+00:00\" \/>\n<meta property=\"og:image\" content=\"https:\/\/hoyre.no\/content\/uploads\/sites\/6\/2026\/03\/Haagen-Poppe-Foto-Hans-Kristian-Thorbjornsen-1024x683.jpg\" \/>\n<meta name=\"author\" content=\"Marius Dubland Andersen\" \/>\n<meta name=\"twitter:card\" content=\"summary_large_image\" \/>\n<meta name=\"twitter:label1\" content=\"Skrevet av\" \/>\n\t<meta name=\"twitter:data1\" content=\"Marius Dubland Andersen\" \/>\n\t<meta name=\"twitter:label2\" content=\"Ansl. lesetid\" \/>\n\t<meta name=\"twitter:data2\" content=\"2 minutter\" \/>\n<script type=\"application\/ld+json\" class=\"yoast-schema-graph\">{\"@context\":\"https:\/\/schema.org\",\"@graph\":[{\"@type\":\"NewsArticle\",\"@id\":\"https:\/\/hoyre.no\/agder\/aktuelt\/hoyre-regjering-er-best-for-sorlandet\/\",\"url\":\"https:\/\/hoyre.no\/agder\/aktuelt\/hoyre-regjering-er-best-for-sorlandet\/\",\"name\":\"H\u00f8yre-regjering er best for S\u00f8rlandet! - Agder H\u00f8yre\",\"isPartOf\":{\"@id\":\"https:\/\/hoyre.no\/agder\/#website\"},\"datePublished\":\"2024-08-12T14:41:22+00:00\",\"dateModified\":\"2024-08-12T14:41:23+00:00\",\"author\":{\"@id\":\"https:\/\/hoyre.no\/agder\/#\/schema\/person\/fa4544cc1cd70c8f112defc606ad5155\"},\"breadcrumb\":{\"@id\":\"https:\/\/hoyre.no\/agder\/aktuelt\/hoyre-regjering-er-best-for-sorlandet\/#breadcrumb\"},\"inLanguage\":\"nb-NO\",\"potentialAction\":[{\"@type\":\"ReadAction\",\"target\":[\"https:\/\/hoyre.no\/agder\/aktuelt\/hoyre-regjering-er-best-for-sorlandet\/\"]}]},{\"@type\":\"BreadcrumbList\",\"@id\":\"https:\/\/hoyre.no\/agder\/aktuelt\/hoyre-regjering-er-best-for-sorlandet\/#breadcrumb\",\"itemListElement\":[{\"@type\":\"ListItem\",\"position\":1,\"name\":\"Til hoyre.no\",\"item\":\"https:\/\/hoyre.no\"},{\"@type\":\"ListItem\",\"position\":2,\"name\":\"Hjem\",\"item\":\"https:\/\/hoyre.no\/agder\/\"},{\"@type\":\"ListItem\",\"position\":3,\"name\":\"H\u00f8yre-regjering er best for S\u00f8rlandet!\"}]},{\"@type\":\"WebSite\",\"@id\":\"https:\/\/hoyre.no\/agder\/#website\",\"url\":\"https:\/\/hoyre.no\/agder\/\",\"name\":\"Agder H\u00f8yre\",\"description\":\"Bare enda et H\u00f8yres nettsteder-nettsted\",\"inLanguage\":\"nb-NO\"},{\"@type\":\"Person\",\"@id\":\"https:\/\/hoyre.no\/agder\/#\/schema\/person\/fa4544cc1cd70c8f112defc606ad5155\",\"name\":\"Marius Dubland Andersen\",\"image\":{\"@type\":\"ImageObject\",\"inLanguage\":\"nb-NO\",\"@id\":\"https:\/\/hoyre.no\/agder\/#\/schema\/person\/image\/\",\"url\":\"https:\/\/secure.gravatar.com\/avatar\/5f2e42f5088d920b363c54cc2ff1f1d59b5c6641a4d28ba8e73fdc612c1e880f?s=96&d=mm&r=g\",\"contentUrl\":\"https:\/\/secure.gravatar.com\/avatar\/5f2e42f5088d920b363c54cc2ff1f1d59b5c6641a4d28ba8e73fdc612c1e880f?s=96&d=mm&r=g\",\"caption\":\"Marius Dubland Andersen\"},\"url\":\"https:\/\/hoyre.no\/agder\/aktuelt\/author\/m52129616\/\"}]}<\/script>\n<!-- \/ Yoast SEO Premium plugin. -->","yoast_head_json":{"title":"H\u00f8yre-regjering er best for S\u00f8rlandet! - Agder H\u00f8yre","robots":{"index":"index","follow":"follow","max-snippet":"max-snippet:-1","max-image-preview":"max-image-preview:large","max-video-preview":"max-video-preview:-1"},"canonical":"https:\/\/hoyre.no\/agder\/aktuelt\/hoyre-regjering-er-best-for-sorlandet\/","og_locale":"nb_NO","og_type":"article","og_title":"H\u00f8yre-regjering er best for S\u00f8rlandet!","og_url":"https:\/\/hoyre.no\/agder\/aktuelt\/hoyre-regjering-er-best-for-sorlandet\/","og_site_name":"Agder H\u00f8yre","article_published_time":"2024-08-12T14:41:22+00:00","article_modified_time":"2024-08-12T14:41:23+00:00","og_image":[{"url":"https:\/\/hoyre.no\/content\/uploads\/sites\/6\/2026\/03\/Haagen-Poppe-Foto-Hans-Kristian-Thorbjornsen-1024x683.jpg","width":"","height":"","type":""}],"author":"Marius Dubland Andersen","twitter_card":"summary_large_image","twitter_misc":{"Skrevet av":"Marius Dubland Andersen","Ansl. lesetid":"2 minutter"},"schema":{"@context":"https:\/\/schema.org","@graph":[{"@type":"NewsArticle","@id":"https:\/\/hoyre.no\/agder\/aktuelt\/hoyre-regjering-er-best-for-sorlandet\/","url":"https:\/\/hoyre.no\/agder\/aktuelt\/hoyre-regjering-er-best-for-sorlandet\/","name":"H\u00f8yre-regjering er best for S\u00f8rlandet! - Agder H\u00f8yre","isPartOf":{"@id":"https:\/\/hoyre.no\/agder\/#website"},"datePublished":"2024-08-12T14:41:22+00:00","dateModified":"2024-08-12T14:41:23+00:00","author":{"@id":"https:\/\/hoyre.no\/agder\/#\/schema\/person\/fa4544cc1cd70c8f112defc606ad5155"},"breadcrumb":{"@id":"https:\/\/hoyre.no\/agder\/aktuelt\/hoyre-regjering-er-best-for-sorlandet\/#breadcrumb"},"inLanguage":"nb-NO","potentialAction":[{"@type":"ReadAction","target":["https:\/\/hoyre.no\/agder\/aktuelt\/hoyre-regjering-er-best-for-sorlandet\/"]}]},{"@type":"BreadcrumbList","@id":"https:\/\/hoyre.no\/agder\/aktuelt\/hoyre-regjering-er-best-for-sorlandet\/#breadcrumb","itemListElement":[{"@type":"ListItem","position":1,"name":"Til hoyre.no","item":"https:\/\/hoyre.no"},{"@type":"ListItem","position":2,"name":"Hjem","item":"https:\/\/hoyre.no\/agder\/"},{"@type":"ListItem","position":3,"name":"H\u00f8yre-regjering er best for S\u00f8rlandet!"}]},{"@type":"WebSite","@id":"https:\/\/hoyre.no\/agder\/#website","url":"https:\/\/hoyre.no\/agder\/","name":"Agder H\u00f8yre","description":"Bare enda et H\u00f8yres nettsteder-nettsted","inLanguage":"nb-NO"},{"@type":"Person","@id":"https:\/\/hoyre.no\/agder\/#\/schema\/person\/fa4544cc1cd70c8f112defc606ad5155","name":"Marius Dubland Andersen","image":{"@type":"ImageObject","inLanguage":"nb-NO","@id":"https:\/\/hoyre.no\/agder\/#\/schema\/person\/image\/","url":"https:\/\/secure.gravatar.com\/avatar\/5f2e42f5088d920b363c54cc2ff1f1d59b5c6641a4d28ba8e73fdc612c1e880f?s=96&d=mm&r=g","contentUrl":"https:\/\/secure.gravatar.com\/avatar\/5f2e42f5088d920b363c54cc2ff1f1d59b5c6641a4d28ba8e73fdc612c1e880f?s=96&d=mm&r=g","caption":"Marius Dubland Andersen"},"url":"https:\/\/hoyre.no\/agder\/aktuelt\/author\/m52129616\/"}]}},"distributor_meta":false,"distributor_terms":false,"distributor_media":false,"distributor_original_site_name":"Agder H\u00f8yre","distributor_original_site_url":"https:\/\/hoyre.no\/agder","push-errors":false,"_links":{"self":[{"href":"https:\/\/hoyre.no\/agder\/wp-json\/wp\/v2\/posts\/2279","targetHints":{"allow":["GET"]}}],"collection":[{"href":"https:\/\/hoyre.no\/agder\/wp-json\/wp\/v2\/posts"}],"about":[{"href":"https:\/\/hoyre.no\/agder\/wp-json\/wp\/v2\/types\/post"}],"author":[{"embeddable":true,"href":"https:\/\/hoyre.no\/agder\/wp-json\/wp\/v2\/users\/32598"}],"replies":[{"embeddable":true,"href":"https:\/\/hoyre.no\/agder\/wp-json\/wp\/v2\/comments?post=2279"}],"version-history":[{"count":2,"href":"https:\/\/hoyre.no\/agder\/wp-json\/wp\/v2\/posts\/2279\/revisions"}],"predecessor-version":[{"id":2348,"href":"https:\/\/hoyre.no\/agder\/wp-json\/wp\/v2\/posts\/2279\/revisions\/2348"}],"wp:attachment":[{"href":"https:\/\/hoyre.no\/agder\/wp-json\/wp\/v2\/media?parent=2279"}],"wp:term":[{"taxonomy":"category","embeddable":true,"href":"https:\/\/hoyre.no\/agder\/wp-json\/wp\/v2\/category?post=2279"},{"taxonomy":"post_tag","embeddable":true,"href":"https:\/\/hoyre.no\/agder\/wp-json\/wp\/v2\/post_tag?post=2279"},{"taxonomy":"hoyre-visibility","embeddable":true,"href":"https:\/\/hoyre.no\/agder\/wp-json\/wp\/v2\/hoyre-visibility?post=2279"},{"taxonomy":"article-type","embeddable":true,"href":"https:\/\/hoyre.no\/agder\/wp-json\/wp\/v2\/article-type?post=2279"},{"taxonomy":"politician","embeddable":true,"href":"https:\/\/hoyre.no\/agder\/wp-json\/wp\/v2\/politician?post=2279"}],"curies":[{"name":"wp","href":"https:\/\/api.w.org\/{rel}","templated":true}]}}