{"id":2386,"date":"2024-11-05T19:30:22","date_gmt":"2024-11-05T18:30:22","guid":{"rendered":"https:\/\/hoyre.no\/agder\/?p=2386"},"modified":"2024-11-05T19:32:20","modified_gmt":"2024-11-05T18:32:20","slug":"hvordan-sikrer-vi-et-baerekraftig-naeringsliv","status":"publish","type":"post","link":"https:\/\/hoyre.no\/agder\/aktuelt\/hvordan-sikrer-vi-et-baerekraftig-naeringsliv\/","title":{"rendered":"Hvordan sikrer vi et b\u00e6rekraftig n\u00e6ringsliv?"},"content":{"rendered":"\n<p class=\"preamble\">H\u00f8yre vil f\u00f8re en n\u00e6ringspolitikk som bidrar til \u00e5 skape mer og inkludere flere. Derfor er vi avhengig av stemmene til de som skal skape det b\u00e6rekraftige n\u00e6ringslivet.<\/p>\t\t\t<div class=\"post-meta wp-block teft-byline-wrapper\">\n\t\t\t\t<div class=\"top\">\n\t\t\t\t\t<div class=\"signature\">\n\t\t\t\t\t\t<div class=\"teft-byline\">\n\t\t\t\t\t\t\t\t\t\t\t\t\t\t<div>\n\t\t\t\t\t\t\t\t<h3>H\u00f8yres redaksjon<\/h3>\t\t\t\t\t\t\t\t\n\t\t\t\t\t\t\t\t\t\t\t\t\t\t\t\t\t<span class=\"date\">Sist oppdatert: 5. november 2024<\/span>\n\t\t\t\t\t\t\t\t\t\t\t\t\t\t\t\t\t\t\t\t\t\t\t\t\t<span class=\"reading-time\" itemprop=\"timeRequired\" content=\"PT2M\"><em>Ca. 2 minutter lesetid<\/em><\/span>\n\t\t\t\t\t\t\t\t\t\t\t\t\t\t\t<\/div>\n\t\t\t\t\t\t<\/div>\n\t\t\t\t\t<\/div>\n\t\t\t\t\t\t<div class=\"sharing\">\n\t\t<a class=\"share-button share-link copy-link\" data-copy=\"https:\/\/hoyre.no\/agder\/aktuelt\/hvordan-sikrer-vi-et-baerekraftig-naeringsliv\/\" target=\"_blank\"><span class=\"screen-reader-text\">Del link<\/span><\/a>\n\t\t<a class=\"share-button share-twitter\" href=\"http:\/\/twitter.com\/share?text=Hvordan sikrer vi et b\u00e6rekraftig n\u00e6ringsliv?&#038;url=https:\/\/hoyre.no\/agder\/aktuelt\/hvordan-sikrer-vi-et-baerekraftig-naeringsliv\/&#038;hashtags=Hoyre\" target=\"_blank\"><span class=\"screen-reader-text\">Del p\u00e5 twitter<\/span><\/a>\n\t\t<a class=\"share-button share-facebook\" href=\"https:\/\/www.facebook.com\/sharer\/sharer.php?u=https:\/\/hoyre.no\/agder\/aktuelt\/hvordan-sikrer-vi-et-baerekraftig-naeringsliv\/\" target=\"_blank\"><span class=\"screen-reader-text\">Del p\u00e5 facebook<\/span><\/a>\n\t<\/div>\n\t\t\t\t\t<\/div>\n\t\t\t<\/div>\n\n\t\t\t<figure class=\"hoyre-image-wrapper\"><div class=\"hoyre-image\"><img loading=\"lazy\" decoding=\"async\" width=\"2500\" height=\"1667\" src=\"https:\/\/hoyre.no\/content\/uploads\/sites\/6\/2024\/11\/GettyImages-508672421-scaled.jpg\" class=\"attachment-scaled size-scaled\" alt=\"LNG tanker loading.\" style=\"object-position: 50% 50%\" srcset=\"https:\/\/hoyre.no\/content\/uploads\/sites\/6\/2024\/11\/GettyImages-508672421-scaled.jpg 2500w, https:\/\/hoyre.no\/content\/uploads\/sites\/6\/2024\/11\/GettyImages-508672421-300x200.jpg 300w, https:\/\/hoyre.no\/content\/uploads\/sites\/6\/2024\/11\/GettyImages-508672421-1024x683.jpg 1024w, https:\/\/hoyre.no\/content\/uploads\/sites\/6\/2024\/11\/GettyImages-508672421-768x512.jpg 768w, https:\/\/hoyre.no\/content\/uploads\/sites\/6\/2024\/11\/GettyImages-508672421-1536x1024.jpg 1536w, https:\/\/hoyre.no\/content\/uploads\/sites\/6\/2024\/11\/GettyImages-508672421-2048x1365.jpg 2048w\" sizes=\"auto, (max-width: 2500px) 100vw, 2500px\" \/><\/div><figcaption class=\"caption\">Foto: GettyImages.<\/figcaption><\/figure>\n\n\n\n\n<p>Vi vil skape flere arbeidsplasser i hele landet. Det er verdien av arbeid som gir velferd. S\u00e6rlig trenger vi \u00e5 skape flere jobber i privat sektor som gjennom skatter og avgifter skal betale for den velferden vi \u00f8nsker at alle nordmenn skal ha.<\/p>\n\n\n\n<p>H\u00f8yres viktigste prosjekt er \u00e5 bygge et b\u00e6rekraftig velferdssamfunn. Tidligere kriser som pandemien og oljeprisfallet f\u00f8rte til kraftige tilbakeslag i norsk \u00f8konomi. Den gang var det behov for \u00e5 bruke mer oljepenger for \u00e5 dempe fallet. N\u00e5 st\u00e5r vi i motsatt situasjon, hvor det er n\u00f8dvendig \u00e5 holde igjen for \u00e5 unng\u00e5 overoppheting i \u00f8konomien, og redusere risikoen for flere og raskere rente\u00f8kninger.<\/p>\n\n\n\n<p>Vi er godt i gang med arbeidet med nytt <a href=\"https:\/\/hoyre.no\/forsteutkast-til-nytt-partiprogram\/\">Stortingsvalgprogram for 2025-2029<\/a>. N\u00e5 \u00f8nsker vi \u00e5 lytte til jobbskapernes innspill til programmet f\u00f8r det skal vedtas endelig p\u00e5 H\u00f8yres landsm\u00f8te i mars 2025. Vi vet at det er mange grep som m\u00e5 tas n\u00e5r vi igjen entrer regjeringskontorene etter valget neste \u00e5r, og da skal vi jobbe for et n\u00e6ringsliv som er forberedt p\u00e5 fremtiden.<\/p>\n\n\n\n<p>Har du eller din bedrift innspill til programmet? Ta kontakt med regionr\u00e5dgiver <a href=\"https:\/\/hoyre.no\/personprofiler\/marius-dubland-andersen\/\">Marius Dubland Andersen<\/a> p\u00e5 e-post (<a href=\"mailto:MarDub@hoyre.no\">MarDub@hoyre.no<\/a>) eller telefon (95905925). Han videresender alle innspill til <a href=\"https:\/\/hoyre.no\/agder\/aktuelt\/vi-trenger-dine-innspill-til-programarbeidet\/\">Agder H\u00f8yres programkomite<\/a> og hjelper med \u00e5 sette opp m\u00f8ter dersom det er \u00f8nskelig.<\/p>\n\n\n\n<p>Vi gleder oss til \u00e5 h\u00f8re dine og din bedrift sine innspill!<\/p>\n\n\n<div class=\"tags\">\n\t<\/div>\n<div class=\"post-footer alignfull has-background block-editor-block-list__block\" data-align=full>\n\t<div class=\"post-footer-inner\">\n\t\t<h3>Relaterte artikler<\/h3>\n\t\t<div class=\"related-content\"><div class=\"is-card-hoyre\">\n\t<div class=\"teft-card hoyre-teft-card post-teft-card\">\n\t\t<a href=\"https:\/\/hoyre.no\/agder\/aktuelt\/agder-hoyre-onsker-dine-innspill-fylkestings-programmet\/\" class=\"teft-card__primary-action\">\n\n\t\t\t\t\t<div class=\"teft-card__media teft-card__media--16-9\">\n\t\t\t\t\t\t<img loading=\"lazy\" decoding=\"async\" width=\"768\" height=\"819\" src=\"https:\/\/hoyre.no\/content\/uploads\/sites\/6\/2025\/06\/DSC04923-edited-768x819.jpg\" class=\"attachment-medium_large size-medium_large\" alt=\"\" srcset=\"https:\/\/hoyre.no\/content\/uploads\/sites\/6\/2025\/06\/DSC04923-edited-768x819.jpg 768w, https:\/\/hoyre.no\/content\/uploads\/sites\/6\/2025\/06\/DSC04923-edited-281x300.jpg 281w, https:\/\/hoyre.no\/content\/uploads\/sites\/6\/2025\/06\/DSC04923-edited-960x1024.jpg 960w, https:\/\/hoyre.no\/content\/uploads\/sites\/6\/2025\/06\/DSC04923-edited-1440x1536.jpg 1440w, https:\/\/hoyre.no\/content\/uploads\/sites\/6\/2025\/06\/DSC04923-edited-1920x2048.jpg 1920w\" sizes=\"auto, (max-width: 768px) 100vw, 768px\" \/>\t\t<\/div>\n\t\t\n\t\t\t<div class=\"teft-card__content-wrapper\">\n\t\t\t\t<div class=\"teft-card__secondary\">\n\t\t\t\t\t\n\t\t\t\t\t\t\t\t<div class=\"teft-card__meta\">\n\t\t\t\t\t\t\t\t\t<span class=\"post-date\">21. apr 2026<\/span>\n\n\t\t\t\t\t\t\t\t\t<span class=\"post-category\">Nyheter<\/span>\t\t\t\t\t\t\t\t<\/div>\n\t\t\t\t\t\t\t\t\t\t\t<\/div>\n\n\t\t\t\t<div class=\"teft-card__primary\">\n\t\t\t\t\t<h2 class=\"teft-card__title\">Agder H\u00f8yres programprosess for Fylkestingsvalget 2027&nbsp;<span class=\"teft-card__primary-title-append\"><\/span><\/h2>\t\t\t\t<\/div>\n\t\t\t<\/div>\n\t\t<\/a>\n\t<\/div>\n\n\t<\/div><div class=\"is-card-hoyre\">\n\t<div class=\"teft-card hoyre-teft-card post-teft-card\">\n\t\t<a href=\"https:\/\/hoyre.no\/agder\/aktuelt\/agder-hoyres-nye-regionradgiver\/\" class=\"teft-card__primary-action\">\n\n\t\t\t\t\t<div class=\"teft-card__media teft-card__media--16-9\">\n\t\t\t\t\t\t<img loading=\"lazy\" decoding=\"async\" width=\"768\" height=\"768\" src=\"https:\/\/hoyre.no\/content\/uploads\/sites\/6\/2026\/03\/Aleksander-L-768x768.png\" class=\"attachment-medium_large size-medium_large\" alt=\"\" srcset=\"https:\/\/hoyre.no\/content\/uploads\/sites\/6\/2026\/03\/Aleksander-L-768x768.png 768w, https:\/\/hoyre.no\/content\/uploads\/sites\/6\/2026\/03\/Aleksander-L-e1775591785378-300x300.png 300w, https:\/\/hoyre.no\/content\/uploads\/sites\/6\/2026\/03\/Aleksander-L-e1775591785378-150x150.png 150w, https:\/\/hoyre.no\/content\/uploads\/sites\/6\/2026\/03\/Aleksander-L-e1775591785378.png 722w\" sizes=\"auto, (max-width: 768px) 100vw, 768px\" \/>\t\t<\/div>\n\t\t\n\t\t\t<div class=\"teft-card__content-wrapper\">\n\t\t\t\t<div class=\"teft-card__secondary\">\n\t\t\t\t\t\n\t\t\t\t\t\t\t\t<div class=\"teft-card__meta\">\n\t\t\t\t\t\t\t\t\t<span class=\"post-date\">23. mar 2026<\/span>\n\n\t\t\t\t\t\t\t\t\t\t\t\t\t\t\t\t\t<\/div>\n\t\t\t\t\t\t\t\t\t\t\t<\/div>\n\n\t\t\t\t<div class=\"teft-card__primary\">\n\t\t\t\t\t<h2 class=\"teft-card__title\">Agder H\u00f8yres nye regionr\u00e5dgiver&nbsp;<span class=\"teft-card__primary-title-append\"><\/span><\/h2>\t\t\t\t<\/div>\n\t\t\t<\/div>\n\t\t<\/a>\n\t<\/div>\n\n\t<\/div><div class=\"is-card-hoyre\">\n\t<div class=\"teft-card hoyre-teft-card post-teft-card\">\n\t\t<a href=\"https:\/\/hoyre.no\/agder\/aktuelt\/agder-hoyres-nominasjonsprosess-for-fylkestingsvalget-2027\/\" class=\"teft-card__primary-action\">\n\n\t\t\t\t\t<div class=\"teft-card__media teft-card__media--16-9\">\n\t\t\t\t\t\t<img loading=\"lazy\" decoding=\"async\" width=\"768\" height=\"512\" src=\"https:\/\/hoyre.no\/content\/uploads\/sites\/6\/2026\/03\/Haagen-Poppe-Foto-Hans-Kristian-Thorbjornsen-768x512.jpg\" class=\"attachment-medium_large size-medium_large\" alt=\"\" srcset=\"https:\/\/hoyre.no\/content\/uploads\/sites\/6\/2026\/03\/Haagen-Poppe-Foto-Hans-Kristian-Thorbjornsen-768x512.jpg 768w, https:\/\/hoyre.no\/content\/uploads\/sites\/6\/2026\/03\/Haagen-Poppe-Foto-Hans-Kristian-Thorbjornsen-300x200.jpg 300w, https:\/\/hoyre.no\/content\/uploads\/sites\/6\/2026\/03\/Haagen-Poppe-Foto-Hans-Kristian-Thorbjornsen-1024x683.jpg 1024w, https:\/\/hoyre.no\/content\/uploads\/sites\/6\/2026\/03\/Haagen-Poppe-Foto-Hans-Kristian-Thorbjornsen-1536x1025.jpg 1536w, https:\/\/hoyre.no\/content\/uploads\/sites\/6\/2026\/03\/Haagen-Poppe-Foto-Hans-Kristian-Thorbjornsen-2048x1366.jpg 2048w\" sizes=\"auto, (max-width: 768px) 100vw, 768px\" \/>\t\t<\/div>\n\t\t\n\t\t\t<div class=\"teft-card__content-wrapper\">\n\t\t\t\t<div class=\"teft-card__secondary\">\n\t\t\t\t\t\n\t\t\t\t\t\t\t\t<div class=\"teft-card__meta\">\n\t\t\t\t\t\t\t\t\t<span class=\"post-date\">5. mar 2026<\/span>\n\n\t\t\t\t\t\t\t\t\t\t\t\t\t\t\t\t\t<\/div>\n\t\t\t\t\t\t\t\t\t\t\t<\/div>\n\n\t\t\t\t<div class=\"teft-card__primary\">\n\t\t\t\t\t<h2 class=\"teft-card__title\">Agder H\u00f8yres nominasjonsprosess for  Fylkestingsvalget 2027&nbsp;<span class=\"teft-card__primary-title-append\"><\/span><\/h2>\t\t\t\t<\/div>\n\t\t\t<\/div>\n\t\t<\/a>\n\t<\/div>\n\n\t<\/div><\/div>\t<\/div>\n<\/div>\n","protected":false},"excerpt":{"rendered":"","protected":false},"author":32598,"featured_media":0,"comment_status":"closed","ping_status":"closed","sticky":false,"template":"","format":"standard","meta":{"teft_cards_image_url":"","teft_cards_custom_pretitle":"","teft_cards_image_id":2387,"teft_cards_image_focal_point_x":0.5,"teft_cards_image_focal_point_y":0.5,"teft_cards_title":"","teft_cards_excerpt":"","teft_show_chapters":false,"author_display_name":"","footnotes":""},"category":[1],"post_tag":[],"hoyre-visibility":[],"article-type":[],"politician":[],"class_list":["post-2386","post","type-post","status-publish","format-standard","hentry","category-ukategorisert"],"yoast_head":"<!-- This site is optimized with the Yoast SEO Premium plugin v26.5 (Yoast SEO v26.6) - https:\/\/yoast.com\/wordpress\/plugins\/seo\/ -->\n<title>Hvordan sikrer vi et b\u00e6rekraftig n\u00e6ringsliv? - Agder H\u00f8yre<\/title>\n<meta name=\"robots\" content=\"index, follow, max-snippet:-1, max-image-preview:large, max-video-preview:-1\" \/>\n<link rel=\"canonical\" href=\"https:\/\/hoyre.no\/agder\/aktuelt\/hvordan-sikrer-vi-et-baerekraftig-naeringsliv\/\" \/>\n<meta property=\"og:locale\" content=\"nb_NO\" \/>\n<meta property=\"og:type\" content=\"article\" \/>\n<meta property=\"og:title\" content=\"Hvordan sikrer vi et b\u00e6rekraftig n\u00e6ringsliv?\" \/>\n<meta property=\"og:url\" content=\"https:\/\/hoyre.no\/agder\/aktuelt\/hvordan-sikrer-vi-et-baerekraftig-naeringsliv\/\" \/>\n<meta property=\"og:site_name\" content=\"Agder H\u00f8yre\" \/>\n<meta property=\"article:published_time\" content=\"2024-11-05T18:30:22+00:00\" \/>\n<meta property=\"article:modified_time\" content=\"2024-11-05T18:32:20+00:00\" \/>\n<meta property=\"og:image\" content=\"https:\/\/hoyre.no\/content\/uploads\/sites\/6\/2026\/03\/Haagen-Poppe-Foto-Hans-Kristian-Thorbjornsen-1024x683.jpg\" \/>\n<meta name=\"author\" content=\"Marius Dubland Andersen\" \/>\n<meta name=\"twitter:card\" content=\"summary_large_image\" \/>\n<meta name=\"twitter:label1\" content=\"Skrevet av\" \/>\n\t<meta name=\"twitter:data1\" content=\"Marius Dubland Andersen\" \/>\n\t<meta name=\"twitter:label2\" content=\"Ansl. lesetid\" \/>\n\t<meta name=\"twitter:data2\" content=\"2 minutter\" \/>\n<script type=\"application\/ld+json\" class=\"yoast-schema-graph\">{\"@context\":\"https:\/\/schema.org\",\"@graph\":[{\"@type\":\"NewsArticle\",\"@id\":\"https:\/\/hoyre.no\/agder\/aktuelt\/hvordan-sikrer-vi-et-baerekraftig-naeringsliv\/\",\"url\":\"https:\/\/hoyre.no\/agder\/aktuelt\/hvordan-sikrer-vi-et-baerekraftig-naeringsliv\/\",\"name\":\"Hvordan sikrer vi et b\u00e6rekraftig n\u00e6ringsliv? - Agder H\u00f8yre\",\"isPartOf\":{\"@id\":\"https:\/\/hoyre.no\/agder\/#website\"},\"datePublished\":\"2024-11-05T18:30:22+00:00\",\"dateModified\":\"2024-11-05T18:32:20+00:00\",\"author\":{\"@id\":\"https:\/\/hoyre.no\/agder\/#\/schema\/person\/fa4544cc1cd70c8f112defc606ad5155\"},\"breadcrumb\":{\"@id\":\"https:\/\/hoyre.no\/agder\/aktuelt\/hvordan-sikrer-vi-et-baerekraftig-naeringsliv\/#breadcrumb\"},\"inLanguage\":\"nb-NO\",\"potentialAction\":[{\"@type\":\"ReadAction\",\"target\":[\"https:\/\/hoyre.no\/agder\/aktuelt\/hvordan-sikrer-vi-et-baerekraftig-naeringsliv\/\"]}]},{\"@type\":\"BreadcrumbList\",\"@id\":\"https:\/\/hoyre.no\/agder\/aktuelt\/hvordan-sikrer-vi-et-baerekraftig-naeringsliv\/#breadcrumb\",\"itemListElement\":[{\"@type\":\"ListItem\",\"position\":1,\"name\":\"Til hoyre.no\",\"item\":\"https:\/\/hoyre.no\"},{\"@type\":\"ListItem\",\"position\":2,\"name\":\"Hjem\",\"item\":\"https:\/\/hoyre.no\/agder\/\"},{\"@type\":\"ListItem\",\"position\":3,\"name\":\"Hvordan sikrer vi et b\u00e6rekraftig n\u00e6ringsliv?\"}]},{\"@type\":\"WebSite\",\"@id\":\"https:\/\/hoyre.no\/agder\/#website\",\"url\":\"https:\/\/hoyre.no\/agder\/\",\"name\":\"Agder H\u00f8yre\",\"description\":\"Bare enda et H\u00f8yres nettsteder-nettsted\",\"inLanguage\":\"nb-NO\"},{\"@type\":\"Person\",\"@id\":\"https:\/\/hoyre.no\/agder\/#\/schema\/person\/fa4544cc1cd70c8f112defc606ad5155\",\"name\":\"Marius Dubland Andersen\",\"image\":{\"@type\":\"ImageObject\",\"inLanguage\":\"nb-NO\",\"@id\":\"https:\/\/hoyre.no\/agder\/#\/schema\/person\/image\/\",\"url\":\"https:\/\/secure.gravatar.com\/avatar\/5f2e42f5088d920b363c54cc2ff1f1d59b5c6641a4d28ba8e73fdc612c1e880f?s=96&d=mm&r=g\",\"contentUrl\":\"https:\/\/secure.gravatar.com\/avatar\/5f2e42f5088d920b363c54cc2ff1f1d59b5c6641a4d28ba8e73fdc612c1e880f?s=96&d=mm&r=g\",\"caption\":\"Marius Dubland Andersen\"},\"url\":\"https:\/\/hoyre.no\/agder\/aktuelt\/author\/m52129616\/\"}]}<\/script>\n<!-- \/ Yoast SEO Premium plugin. -->","yoast_head_json":{"title":"Hvordan sikrer vi et b\u00e6rekraftig n\u00e6ringsliv? - Agder H\u00f8yre","robots":{"index":"index","follow":"follow","max-snippet":"max-snippet:-1","max-image-preview":"max-image-preview:large","max-video-preview":"max-video-preview:-1"},"canonical":"https:\/\/hoyre.no\/agder\/aktuelt\/hvordan-sikrer-vi-et-baerekraftig-naeringsliv\/","og_locale":"nb_NO","og_type":"article","og_title":"Hvordan sikrer vi et b\u00e6rekraftig n\u00e6ringsliv?","og_url":"https:\/\/hoyre.no\/agder\/aktuelt\/hvordan-sikrer-vi-et-baerekraftig-naeringsliv\/","og_site_name":"Agder H\u00f8yre","article_published_time":"2024-11-05T18:30:22+00:00","article_modified_time":"2024-11-05T18:32:20+00:00","og_image":[{"url":"https:\/\/hoyre.no\/content\/uploads\/sites\/6\/2026\/03\/Haagen-Poppe-Foto-Hans-Kristian-Thorbjornsen-1024x683.jpg","width":"","height":"","type":""}],"author":"Marius Dubland Andersen","twitter_card":"summary_large_image","twitter_misc":{"Skrevet av":"Marius Dubland Andersen","Ansl. lesetid":"2 minutter"},"schema":{"@context":"https:\/\/schema.org","@graph":[{"@type":"NewsArticle","@id":"https:\/\/hoyre.no\/agder\/aktuelt\/hvordan-sikrer-vi-et-baerekraftig-naeringsliv\/","url":"https:\/\/hoyre.no\/agder\/aktuelt\/hvordan-sikrer-vi-et-baerekraftig-naeringsliv\/","name":"Hvordan sikrer vi et b\u00e6rekraftig n\u00e6ringsliv? - Agder H\u00f8yre","isPartOf":{"@id":"https:\/\/hoyre.no\/agder\/#website"},"datePublished":"2024-11-05T18:30:22+00:00","dateModified":"2024-11-05T18:32:20+00:00","author":{"@id":"https:\/\/hoyre.no\/agder\/#\/schema\/person\/fa4544cc1cd70c8f112defc606ad5155"},"breadcrumb":{"@id":"https:\/\/hoyre.no\/agder\/aktuelt\/hvordan-sikrer-vi-et-baerekraftig-naeringsliv\/#breadcrumb"},"inLanguage":"nb-NO","potentialAction":[{"@type":"ReadAction","target":["https:\/\/hoyre.no\/agder\/aktuelt\/hvordan-sikrer-vi-et-baerekraftig-naeringsliv\/"]}]},{"@type":"BreadcrumbList","@id":"https:\/\/hoyre.no\/agder\/aktuelt\/hvordan-sikrer-vi-et-baerekraftig-naeringsliv\/#breadcrumb","itemListElement":[{"@type":"ListItem","position":1,"name":"Til hoyre.no","item":"https:\/\/hoyre.no"},{"@type":"ListItem","position":2,"name":"Hjem","item":"https:\/\/hoyre.no\/agder\/"},{"@type":"ListItem","position":3,"name":"Hvordan sikrer vi et b\u00e6rekraftig n\u00e6ringsliv?"}]},{"@type":"WebSite","@id":"https:\/\/hoyre.no\/agder\/#website","url":"https:\/\/hoyre.no\/agder\/","name":"Agder H\u00f8yre","description":"Bare enda et H\u00f8yres nettsteder-nettsted","inLanguage":"nb-NO"},{"@type":"Person","@id":"https:\/\/hoyre.no\/agder\/#\/schema\/person\/fa4544cc1cd70c8f112defc606ad5155","name":"Marius Dubland Andersen","image":{"@type":"ImageObject","inLanguage":"nb-NO","@id":"https:\/\/hoyre.no\/agder\/#\/schema\/person\/image\/","url":"https:\/\/secure.gravatar.com\/avatar\/5f2e42f5088d920b363c54cc2ff1f1d59b5c6641a4d28ba8e73fdc612c1e880f?s=96&d=mm&r=g","contentUrl":"https:\/\/secure.gravatar.com\/avatar\/5f2e42f5088d920b363c54cc2ff1f1d59b5c6641a4d28ba8e73fdc612c1e880f?s=96&d=mm&r=g","caption":"Marius Dubland Andersen"},"url":"https:\/\/hoyre.no\/agder\/aktuelt\/author\/m52129616\/"}]}},"distributor_meta":false,"distributor_terms":false,"distributor_media":false,"distributor_original_site_name":"Agder H\u00f8yre","distributor_original_site_url":"https:\/\/hoyre.no\/agder","push-errors":false,"_links":{"self":[{"href":"https:\/\/hoyre.no\/agder\/wp-json\/wp\/v2\/posts\/2386","targetHints":{"allow":["GET"]}}],"collection":[{"href":"https:\/\/hoyre.no\/agder\/wp-json\/wp\/v2\/posts"}],"about":[{"href":"https:\/\/hoyre.no\/agder\/wp-json\/wp\/v2\/types\/post"}],"author":[{"embeddable":true,"href":"https:\/\/hoyre.no\/agder\/wp-json\/wp\/v2\/users\/32598"}],"replies":[{"embeddable":true,"href":"https:\/\/hoyre.no\/agder\/wp-json\/wp\/v2\/comments?post=2386"}],"version-history":[{"count":2,"href":"https:\/\/hoyre.no\/agder\/wp-json\/wp\/v2\/posts\/2386\/revisions"}],"predecessor-version":[{"id":2390,"href":"https:\/\/hoyre.no\/agder\/wp-json\/wp\/v2\/posts\/2386\/revisions\/2390"}],"wp:attachment":[{"href":"https:\/\/hoyre.no\/agder\/wp-json\/wp\/v2\/media?parent=2386"}],"wp:term":[{"taxonomy":"category","embeddable":true,"href":"https:\/\/hoyre.no\/agder\/wp-json\/wp\/v2\/category?post=2386"},{"taxonomy":"post_tag","embeddable":true,"href":"https:\/\/hoyre.no\/agder\/wp-json\/wp\/v2\/post_tag?post=2386"},{"taxonomy":"hoyre-visibility","embeddable":true,"href":"https:\/\/hoyre.no\/agder\/wp-json\/wp\/v2\/hoyre-visibility?post=2386"},{"taxonomy":"article-type","embeddable":true,"href":"https:\/\/hoyre.no\/agder\/wp-json\/wp\/v2\/article-type?post=2386"},{"taxonomy":"politician","embeddable":true,"href":"https:\/\/hoyre.no\/agder\/wp-json\/wp\/v2\/politician?post=2386"}],"curies":[{"name":"wp","href":"https:\/\/api.w.org\/{rel}","templated":true}]}}