{"id":249,"date":"2020-03-16T23:00:00","date_gmt":"2020-03-16T22:00:00","guid":{"rendered":"https:\/\/hoyre.no\/agder\/aktuelt\/programprosess_sorlandets_viktigste_politiske_verksted\/"},"modified":"2020-03-16T23:00:00","modified_gmt":"2020-03-16T22:00:00","slug":"programprosess_sorlandets_viktigste_politiske_verksted","status":"publish","type":"post","link":"https:\/\/hoyre.no\/agder\/aktuelt\/programprosess_sorlandets_viktigste_politiske_verksted\/","title":{"rendered":"Bli med i S\u00f8rlandets viktigste politiske verksted!"},"content":{"rendered":"<p class=\"preamble\">Vi vil involvere en st\u00f8rst mulig del av organisasjonen i arbeidet med nytt partiprogram for perioden 2021-2025, og s\u00f8rge for at Agder H\u00f8yre f\u00e5r gjennomslag i programmet p\u00e5 saker som er viktig for landsdelen og H\u00f8yre.<\/p>\t\t\t<div class=\"post-meta wp-block teft-byline-wrapper\">\n\t\t\t\t<div class=\"top\">\n\t\t\t\t\t<div class=\"signature\">\n\t\t\t\t\t\t<div class=\"teft-byline\">\n\t\t\t\t\t\t\t\t\t\t\t\t\t\t<div>\n\t\t\t\t\t\t\t\t<h3>H\u00f8yres redaksjon<\/h3>\t\t\t\t\t\t\t\t\n\t\t\t\t\t\t\t\t\t\t\t\t\t\t\t\t\t<span class=\"date\">Sist oppdatert: 16. mars 2020<\/span>\n\t\t\t\t\t\t\t\t\t\t\t\t\t\t\t\t\t\t\t\t\t\t\t\t\t<span class=\"reading-time\" itemprop=\"timeRequired\" content=\"PT3M\"><em>Ca. 3 minutter lesetid<\/em><\/span>\n\t\t\t\t\t\t\t\t\t\t\t\t\t\t\t<\/div>\n\t\t\t\t\t\t<\/div>\n\t\t\t\t\t<\/div>\n\t\t\t\t\t\t<div class=\"sharing\">\n\t\t<a class=\"share-button share-link copy-link\" data-copy=\"https:\/\/hoyre.no\/agder\/aktuelt\/programprosess_sorlandets_viktigste_politiske_verksted\/\" target=\"_blank\"><span class=\"screen-reader-text\">Del link<\/span><\/a>\n\t\t<a class=\"share-button share-twitter\" href=\"http:\/\/twitter.com\/share?text=Bli med i S\u00f8rlandets viktigste politiske verksted!&#038;url=https:\/\/hoyre.no\/agder\/aktuelt\/programprosess_sorlandets_viktigste_politiske_verksted\/&#038;hashtags=Hoyre\" target=\"_blank\"><span class=\"screen-reader-text\">Del p\u00e5 twitter<\/span><\/a>\n\t\t<a class=\"share-button share-facebook\" href=\"https:\/\/www.facebook.com\/sharer\/sharer.php?u=https:\/\/hoyre.no\/agder\/aktuelt\/programprosess_sorlandets_viktigste_politiske_verksted\/\" target=\"_blank\"><span class=\"screen-reader-text\">Del p\u00e5 facebook<\/span><\/a>\n\t<\/div>\n\t\t\t\t\t<\/div>\n\t\t\t<\/div>\n\n\t\t\t<figure class=\"hoyre-image-wrapper\"><div class=\"hoyre-image\"><img loading=\"lazy\" decoding=\"async\" width=\"1352\" height=\"761\" src=\"https:\/\/hoyre.no\/content\/uploads\/sites\/6\/2020\/11\/3115643_16x9.jpg\" class=\"attachment-scaled size-scaled\" alt=\"\" style=\"object-position: 50% 50%\" srcset=\"https:\/\/hoyre.no\/content\/uploads\/sites\/6\/2020\/11\/3115643_16x9.jpg 1352w, https:\/\/hoyre.no\/content\/uploads\/sites\/6\/2020\/11\/3115643_16x9-300x169.jpg 300w, https:\/\/hoyre.no\/content\/uploads\/sites\/6\/2020\/11\/3115643_16x9-1024x576.jpg 1024w, https:\/\/hoyre.no\/content\/uploads\/sites\/6\/2020\/11\/3115643_16x9-768x432.jpg 768w\" sizes=\"auto, (max-width: 1352px) 100vw, 1352px\" \/><\/div><\/figure><div id=\"hoyre-old-article-content-wrapper\"><p>I l\u00f8pet av det neste halv\u00e5ret vil vi arrangere regionm\u00f8ter med politisk verksted hvor vi inviterer medlemmer, fagfolk, organisasjoner, n\u00e6ringsliv o.a. Sentrale politikere vil innlede p\u00e5 de ulike tema.n  <br \/>n  <br \/> Norge bygges opp nedenfra av enkeltmennesker, familier og lokalsamfunn. Et land med muligheter for alle. Sammen med hele partiorganisasjonen skal vi utarbeide nye og enda bedre politiske l\u00f8sninger som gj\u00f8r Norge enda bedre.n  <br \/>n  <br \/> Det er din hverdag og v\u00e5r felles fremtid det handler om, derfor er dine innspill s\u00e5 viktig. Vi tror p\u00e5 Norge fordi vi tror p\u00e5 deg.n  <br \/>n  <br \/><strong>V<\/strong><strong>i h\u00e5per du vil ta del i debatten om hvilket Norge vi skal ha i fremtiden! nnn<\/strong><\/p>n<p>\u00d8nsker du \u00e5 v\u00e6re medlem i en av temagruppene? Send en mail innen 30. mars til: <a href=\"https:\/\/rediger.hoyre.no\/article\/edit\/agder@hoyre.no\">agder@hoyre.no<\/a>n  <br \/>n  <br \/>Sp\u00f8rsm\u00e5l om programprosessen? Ta kontakt med regionr\u00e5dgiver Tor Marius Markussen: <a href=\"https:\/\/rediger.hoyre.no\/article\/edit\/tmm@hoyre.no\">tmm@hoyre.no<\/a>, mobil: 415 60 346n  <br \/>n<\/p>n<h2>Tidslinje for programarbeidet<\/h2><strong>Fra 8. mars til h\u00f8sten 2020<\/strong>n<br \/>Lederne\/medlemmene av de tematiske gruppene legger ut p\u00e5 turne til lokalforeningene hvor vi arrangerer  regionm\u00f8ter for \u00e5 skape engasjement.n<br \/>n<p>Til m\u00f8tene inviterer vi blant annetn  <br \/>Fagfolk, organisasjoner m.m., innledere fra stortingsgruppen\/stortingsvalgprogramkomiteen. Vi skal samle innspill til programmet blant medlemmer, lokalforeninger, lokalt n\u00e6ringsliv,n  <br \/>organisasjoner og andre.n  <em><\/p><p><\/em><strong>H\u00f8sten 2020<\/strong>n  <br \/>N\u00e5r 1. utkastet til stortingsvalgprogrammet er klart, avl\u00f8ses de tematiske arbeidsgruppene med en generell programkomite for Agder H\u00f8yre som arbeider med hele programutkastet.n  <br \/>n  <br \/><strong>November\/desember 2020<\/strong>n  <br \/>Agder H\u00f8yres programkomite tilbyr seg \u00e5 v\u00e6re tilstede p\u00e5 foreningenes \u00e5rsm\u00f8ter for \u00e5 diskutere endringsforslag til programutkastet og forberede dem til programbehandling under Fylkes\u00e5rsm\u00f8te 5. &#8211; 6. februar 2021.n  <br \/>n  <br \/><strong>Januar 2021<br \/><\/strong>Agder H\u00f8yres programkomite gjennomg\u00e5r endringsforslagene til lokalforeningene, medlemmene og innstiller til Fylkes\u00e5rsm\u00f8tet. Programkomiteen utarbeider ogs\u00e5 egne forslag der det er n\u00f8dvendig.n  <br \/>n  <br \/><strong>5. &#8211; 6. februar 2021n  <\/strong>n  <br \/>Agder H\u00f8yres Fylkes\u00e5rsm\u00f8te har en bred behandling av H\u00f8yres stortingsvalgprogram 2021 &#8211; 2025 og vedtar hvilke endringsforslag som skal sendes til H\u00f8yres Landsm\u00f8te 2021.n  <br \/>n  <br \/>Programkomiteen fungerer som redaksjonskomite under Fylkes\u00e5rsm\u00f8tet, l\u00f8fter frem de viktigste temaene og skaper en god gjennomgang og debatt.n  <br \/>n  <br \/><strong>7. februar til HLM21<br \/><\/strong>Etter Fylkes\u00e5rsm\u00f8tet er det landsm\u00f8te-delegasjonen som overtar ansvaret for arbeidet.<\/p>nn<h2>Vil du bli med aktivt i en av v\u00e5re politiske temagrupper?<\/h2>nn<p>Selv om det er mange temaer vi kunne ha diskutert, \u00f8nsker partiet konkrete retninger vi b\u00f8r f\u00f8lge innenfor temaene.n  <br \/>n  <br \/>De fire temaene vi har valgt ut er saker som blir viktige for landet og regionen v\u00e5r i \u00e5rene som kommer. H\u00f8yre b\u00f8r ogs\u00e5 utvikle og tydeliggj\u00f8re politikken fremover p\u00e5 disse saksomr\u00e5dene.n  <br \/>n  <br \/>For H\u00f8yre vil det v\u00e6re viktig \u00e5 ha tydelige svar p\u00e5 andre omr\u00e5der, som forsvar, samferdsel og helse, og andre viktige saker. Men n\u00e5 inviterer vi dere til \u00e5 gi programkomiteen tilbakemeldinger om hvilken vei vi skal g\u00e5 i utformingen av programmet, innen disse fire saksfeltene.n  <br \/>n  <br \/>For inspirasjon, se ogs\u00e5 H\u00f8yres retningsvalgdokumenter <a href=\"https:\/\/hoyre.no\/-\/media\/dokumenter\/landsmote\/2020\/hlm20_linjenummerert.pdf?la=nb-no&#038;&#038;hash=CCE7BB8AAB47B538166B1D5452C9A15B60F5FA8C\"><strong>HER<\/strong><\/a>.n  <br \/>n<\/p>n<p>Agder H\u00f8yres temagrupper:n  <br \/><strong>\u2014 Klima, \u00f8kologisk b\u00e6rekraft <\/strong>Leder: Erik J. T. Lind\u00f8en  <br \/>n  <strong>\u2014 Hva skal vi leve av? \u00d8konomisk b\u00e6rekraft <\/strong>Leder: Hannah Dybeslandn  <br \/>n  <strong>\u2014 Muligheter for alle<\/strong>n  <br \/><strong>\u2014 Utdanning og kompetanse<\/strong>n  <br \/>n  <br \/>Alle de andre sakene vil vi ha rikelig med tid til \u00e5 diskutere i den videre programprosessen som skal vare frem mot Agder H\u00f8yres fylkes\u00e5rsm\u00f8te og H\u00f8yres landsm\u00f8te i 2021.<\/p><\/div>\n<div class=\"tags\">\n\t<\/div>\n<div class=\"post-footer alignfull has-background block-editor-block-list__block\" data-align=full>\n\t<div class=\"post-footer-inner\">\n\t\t<h3>Relaterte artikler<\/h3>\n\t\t<div class=\"related-content\"><div class=\"is-card-hoyre\">\n\t<div class=\"teft-card hoyre-teft-card post-teft-card\">\n\t\t<a href=\"https:\/\/hoyre.no\/agder\/aktuelt\/agder-hoyre-onsker-dine-innspill-fylkestings-programmet\/\" class=\"teft-card__primary-action\">\n\n\t\t\t\t\t<div class=\"teft-card__media teft-card__media--16-9\">\n\t\t\t\t\t\t<img loading=\"lazy\" decoding=\"async\" width=\"768\" height=\"819\" src=\"https:\/\/hoyre.no\/content\/uploads\/sites\/6\/2025\/06\/DSC04923-edited-768x819.jpg\" class=\"attachment-medium_large size-medium_large\" alt=\"\" srcset=\"https:\/\/hoyre.no\/content\/uploads\/sites\/6\/2025\/06\/DSC04923-edited-768x819.jpg 768w, https:\/\/hoyre.no\/content\/uploads\/sites\/6\/2025\/06\/DSC04923-edited-281x300.jpg 281w, https:\/\/hoyre.no\/content\/uploads\/sites\/6\/2025\/06\/DSC04923-edited-960x1024.jpg 960w, https:\/\/hoyre.no\/content\/uploads\/sites\/6\/2025\/06\/DSC04923-edited-1440x1536.jpg 1440w, https:\/\/hoyre.no\/content\/uploads\/sites\/6\/2025\/06\/DSC04923-edited-1920x2048.jpg 1920w\" sizes=\"auto, (max-width: 768px) 100vw, 768px\" \/>\t\t<\/div>\n\t\t\n\t\t\t<div class=\"teft-card__content-wrapper\">\n\t\t\t\t<div class=\"teft-card__secondary\">\n\t\t\t\t\t\n\t\t\t\t\t\t\t\t<div class=\"teft-card__meta\">\n\t\t\t\t\t\t\t\t\t<span class=\"post-date\">21. apr 2026<\/span>\n\n\t\t\t\t\t\t\t\t\t<span class=\"post-category\">Nyheter<\/span>\t\t\t\t\t\t\t\t<\/div>\n\t\t\t\t\t\t\t\t\t\t\t<\/div>\n\n\t\t\t\t<div class=\"teft-card__primary\">\n\t\t\t\t\t<h2 class=\"teft-card__title\">Agder H\u00f8yres programprosess for Fylkestingsvalget 2027&nbsp;<span class=\"teft-card__primary-title-append\"><\/span><\/h2>\t\t\t\t<\/div>\n\t\t\t<\/div>\n\t\t<\/a>\n\t<\/div>\n\n\t<\/div><div class=\"is-card-hoyre\">\n\t<div class=\"teft-card hoyre-teft-card post-teft-card\">\n\t\t<a href=\"https:\/\/hoyre.no\/agder\/aktuelt\/agder-hoyres-nye-regionradgiver\/\" class=\"teft-card__primary-action\">\n\n\t\t\t\t\t<div class=\"teft-card__media teft-card__media--16-9\">\n\t\t\t\t\t\t<img loading=\"lazy\" decoding=\"async\" width=\"768\" height=\"768\" src=\"https:\/\/hoyre.no\/content\/uploads\/sites\/6\/2026\/03\/Aleksander-L-768x768.png\" class=\"attachment-medium_large size-medium_large\" alt=\"\" srcset=\"https:\/\/hoyre.no\/content\/uploads\/sites\/6\/2026\/03\/Aleksander-L-768x768.png 768w, https:\/\/hoyre.no\/content\/uploads\/sites\/6\/2026\/03\/Aleksander-L-e1775591785378-300x300.png 300w, https:\/\/hoyre.no\/content\/uploads\/sites\/6\/2026\/03\/Aleksander-L-e1775591785378-150x150.png 150w, https:\/\/hoyre.no\/content\/uploads\/sites\/6\/2026\/03\/Aleksander-L-e1775591785378.png 722w\" sizes=\"auto, (max-width: 768px) 100vw, 768px\" \/>\t\t<\/div>\n\t\t\n\t\t\t<div class=\"teft-card__content-wrapper\">\n\t\t\t\t<div class=\"teft-card__secondary\">\n\t\t\t\t\t\n\t\t\t\t\t\t\t\t<div class=\"teft-card__meta\">\n\t\t\t\t\t\t\t\t\t<span class=\"post-date\">23. mar 2026<\/span>\n\n\t\t\t\t\t\t\t\t\t\t\t\t\t\t\t\t\t<\/div>\n\t\t\t\t\t\t\t\t\t\t\t<\/div>\n\n\t\t\t\t<div class=\"teft-card__primary\">\n\t\t\t\t\t<h2 class=\"teft-card__title\">Agder H\u00f8yres nye regionr\u00e5dgiver&nbsp;<span class=\"teft-card__primary-title-append\"><\/span><\/h2>\t\t\t\t<\/div>\n\t\t\t<\/div>\n\t\t<\/a>\n\t<\/div>\n\n\t<\/div><div class=\"is-card-hoyre\">\n\t<div class=\"teft-card hoyre-teft-card post-teft-card\">\n\t\t<a href=\"https:\/\/hoyre.no\/agder\/aktuelt\/agder-hoyres-nominasjonsprosess-for-fylkestingsvalget-2027\/\" class=\"teft-card__primary-action\">\n\n\t\t\t\t\t<div class=\"teft-card__media teft-card__media--16-9\">\n\t\t\t\t\t\t<img loading=\"lazy\" decoding=\"async\" width=\"768\" height=\"512\" src=\"https:\/\/hoyre.no\/content\/uploads\/sites\/6\/2026\/03\/Haagen-Poppe-Foto-Hans-Kristian-Thorbjornsen-768x512.jpg\" class=\"attachment-medium_large size-medium_large\" alt=\"\" srcset=\"https:\/\/hoyre.no\/content\/uploads\/sites\/6\/2026\/03\/Haagen-Poppe-Foto-Hans-Kristian-Thorbjornsen-768x512.jpg 768w, https:\/\/hoyre.no\/content\/uploads\/sites\/6\/2026\/03\/Haagen-Poppe-Foto-Hans-Kristian-Thorbjornsen-300x200.jpg 300w, https:\/\/hoyre.no\/content\/uploads\/sites\/6\/2026\/03\/Haagen-Poppe-Foto-Hans-Kristian-Thorbjornsen-1024x683.jpg 1024w, https:\/\/hoyre.no\/content\/uploads\/sites\/6\/2026\/03\/Haagen-Poppe-Foto-Hans-Kristian-Thorbjornsen-1536x1025.jpg 1536w, https:\/\/hoyre.no\/content\/uploads\/sites\/6\/2026\/03\/Haagen-Poppe-Foto-Hans-Kristian-Thorbjornsen-2048x1366.jpg 2048w\" sizes=\"auto, (max-width: 768px) 100vw, 768px\" \/>\t\t<\/div>\n\t\t\n\t\t\t<div class=\"teft-card__content-wrapper\">\n\t\t\t\t<div class=\"teft-card__secondary\">\n\t\t\t\t\t\n\t\t\t\t\t\t\t\t<div class=\"teft-card__meta\">\n\t\t\t\t\t\t\t\t\t<span class=\"post-date\">5. mar 2026<\/span>\n\n\t\t\t\t\t\t\t\t\t\t\t\t\t\t\t\t\t<\/div>\n\t\t\t\t\t\t\t\t\t\t\t<\/div>\n\n\t\t\t\t<div class=\"teft-card__primary\">\n\t\t\t\t\t<h2 class=\"teft-card__title\">Agder H\u00f8yres nominasjonsprosess for  Fylkestingsvalget 2027&nbsp;<span class=\"teft-card__primary-title-append\"><\/span><\/h2>\t\t\t\t<\/div>\n\t\t\t<\/div>\n\t\t<\/a>\n\t<\/div>\n\n\t<\/div><\/div>\t<\/div>\n<\/div>\n","protected":false},"excerpt":{"rendered":"","protected":false},"author":0,"featured_media":0,"comment_status":"open","ping_status":"open","sticky":false,"template":"","format":"standard","meta":{"teft_cards_image_url":"https:\/\/hoyre.no\/content\/uploads\/sites\/6\/2020\/11\/3115643_16x9.jpg","teft_cards_custom_pretitle":"","teft_cards_image_id":248,"teft_cards_image_focal_point_x":0,"teft_cards_image_focal_point_y":0,"teft_cards_title":"","teft_cards_excerpt":"","teft_show_chapters":false,"author_display_name":"Agder H\u00f8yre","footnotes":""},"category":[1],"post_tag":[],"hoyre-visibility":[],"article-type":[],"politician":[],"class_list":["post-249","post","type-post","status-publish","format-standard","hentry","category-ukategorisert"],"yoast_head":"<!-- This site is optimized with the Yoast SEO Premium plugin v26.5 (Yoast SEO v26.6) - https:\/\/yoast.com\/wordpress\/plugins\/seo\/ -->\n<title>Bli med i S\u00f8rlandets viktigste politiske verksted! - Agder H\u00f8yre<\/title>\n<meta name=\"robots\" content=\"index, follow, max-snippet:-1, max-image-preview:large, max-video-preview:-1\" \/>\n<link rel=\"canonical\" href=\"https:\/\/hoyre.no\/agder\/aktuelt\/programprosess_sorlandets_viktigste_politiske_verksted\/\" \/>\n<meta property=\"og:locale\" content=\"nb_NO\" \/>\n<meta property=\"og:type\" content=\"article\" \/>\n<meta property=\"og:title\" content=\"Bli med i S\u00f8rlandets viktigste politiske verksted!\" \/>\n<meta property=\"og:url\" content=\"https:\/\/hoyre.no\/agder\/aktuelt\/programprosess_sorlandets_viktigste_politiske_verksted\/\" \/>\n<meta property=\"og:site_name\" content=\"Agder H\u00f8yre\" \/>\n<meta property=\"article:published_time\" content=\"2020-03-16T22:00:00+00:00\" \/>\n<meta property=\"og:image\" content=\"https:\/\/hoyre.no\/content\/uploads\/sites\/6\/2026\/03\/Haagen-Poppe-Foto-Hans-Kristian-Thorbjornsen-1024x683.jpg\" \/>\n<meta name=\"twitter:card\" content=\"summary_large_image\" \/>\n<meta name=\"twitter:label1\" content=\"Ansl. lesetid\" \/>\n\t<meta name=\"twitter:data1\" content=\"3 minutter\" \/>\n<script type=\"application\/ld+json\" class=\"yoast-schema-graph\">{\"@context\":\"https:\/\/schema.org\",\"@graph\":[{\"@type\":\"NewsArticle\",\"@id\":\"https:\/\/hoyre.no\/agder\/aktuelt\/programprosess_sorlandets_viktigste_politiske_verksted\/\",\"url\":\"https:\/\/hoyre.no\/agder\/aktuelt\/programprosess_sorlandets_viktigste_politiske_verksted\/\",\"name\":\"Bli med i S\u00f8rlandets viktigste politiske verksted! - Agder H\u00f8yre\",\"isPartOf\":{\"@id\":\"https:\/\/hoyre.no\/agder\/#website\"},\"datePublished\":\"2020-03-16T22:00:00+00:00\",\"author\":{\"@id\":\"\"},\"breadcrumb\":{\"@id\":\"https:\/\/hoyre.no\/agder\/aktuelt\/programprosess_sorlandets_viktigste_politiske_verksted\/#breadcrumb\"},\"inLanguage\":\"nb-NO\",\"potentialAction\":[{\"@type\":\"ReadAction\",\"target\":[\"https:\/\/hoyre.no\/agder\/aktuelt\/programprosess_sorlandets_viktigste_politiske_verksted\/\"]}]},{\"@type\":\"BreadcrumbList\",\"@id\":\"https:\/\/hoyre.no\/agder\/aktuelt\/programprosess_sorlandets_viktigste_politiske_verksted\/#breadcrumb\",\"itemListElement\":[{\"@type\":\"ListItem\",\"position\":1,\"name\":\"Til hoyre.no\",\"item\":\"https:\/\/hoyre.no\"},{\"@type\":\"ListItem\",\"position\":2,\"name\":\"Hjem\",\"item\":\"https:\/\/hoyre.no\/agder\/\"},{\"@type\":\"ListItem\",\"position\":3,\"name\":\"Bli med i S\u00f8rlandets viktigste politiske verksted!\"}]},{\"@type\":\"WebSite\",\"@id\":\"https:\/\/hoyre.no\/agder\/#website\",\"url\":\"https:\/\/hoyre.no\/agder\/\",\"name\":\"Agder H\u00f8yre\",\"description\":\"Bare enda et H\u00f8yres nettsteder-nettsted\",\"inLanguage\":\"nb-NO\"}]}<\/script>\n<!-- \/ Yoast SEO Premium plugin. -->","yoast_head_json":{"title":"Bli med i S\u00f8rlandets viktigste politiske verksted! - Agder H\u00f8yre","robots":{"index":"index","follow":"follow","max-snippet":"max-snippet:-1","max-image-preview":"max-image-preview:large","max-video-preview":"max-video-preview:-1"},"canonical":"https:\/\/hoyre.no\/agder\/aktuelt\/programprosess_sorlandets_viktigste_politiske_verksted\/","og_locale":"nb_NO","og_type":"article","og_title":"Bli med i S\u00f8rlandets viktigste politiske verksted!","og_url":"https:\/\/hoyre.no\/agder\/aktuelt\/programprosess_sorlandets_viktigste_politiske_verksted\/","og_site_name":"Agder H\u00f8yre","article_published_time":"2020-03-16T22:00:00+00:00","og_image":[{"url":"https:\/\/hoyre.no\/content\/uploads\/sites\/6\/2026\/03\/Haagen-Poppe-Foto-Hans-Kristian-Thorbjornsen-1024x683.jpg","width":"","height":"","type":""}],"twitter_card":"summary_large_image","twitter_misc":{"Ansl. lesetid":"3 minutter"},"schema":{"@context":"https:\/\/schema.org","@graph":[{"@type":"NewsArticle","@id":"https:\/\/hoyre.no\/agder\/aktuelt\/programprosess_sorlandets_viktigste_politiske_verksted\/","url":"https:\/\/hoyre.no\/agder\/aktuelt\/programprosess_sorlandets_viktigste_politiske_verksted\/","name":"Bli med i S\u00f8rlandets viktigste politiske verksted! - Agder H\u00f8yre","isPartOf":{"@id":"https:\/\/hoyre.no\/agder\/#website"},"datePublished":"2020-03-16T22:00:00+00:00","author":{"@id":""},"breadcrumb":{"@id":"https:\/\/hoyre.no\/agder\/aktuelt\/programprosess_sorlandets_viktigste_politiske_verksted\/#breadcrumb"},"inLanguage":"nb-NO","potentialAction":[{"@type":"ReadAction","target":["https:\/\/hoyre.no\/agder\/aktuelt\/programprosess_sorlandets_viktigste_politiske_verksted\/"]}]},{"@type":"BreadcrumbList","@id":"https:\/\/hoyre.no\/agder\/aktuelt\/programprosess_sorlandets_viktigste_politiske_verksted\/#breadcrumb","itemListElement":[{"@type":"ListItem","position":1,"name":"Til hoyre.no","item":"https:\/\/hoyre.no"},{"@type":"ListItem","position":2,"name":"Hjem","item":"https:\/\/hoyre.no\/agder\/"},{"@type":"ListItem","position":3,"name":"Bli med i S\u00f8rlandets viktigste politiske verksted!"}]},{"@type":"WebSite","@id":"https:\/\/hoyre.no\/agder\/#website","url":"https:\/\/hoyre.no\/agder\/","name":"Agder H\u00f8yre","description":"Bare enda et H\u00f8yres nettsteder-nettsted","inLanguage":"nb-NO"}]}},"distributor_meta":false,"distributor_terms":false,"distributor_media":false,"distributor_original_site_name":"Agder H\u00f8yre","distributor_original_site_url":"https:\/\/hoyre.no\/agder","push-errors":false,"_links":{"self":[{"href":"https:\/\/hoyre.no\/agder\/wp-json\/wp\/v2\/posts\/249","targetHints":{"allow":["GET"]}}],"collection":[{"href":"https:\/\/hoyre.no\/agder\/wp-json\/wp\/v2\/posts"}],"about":[{"href":"https:\/\/hoyre.no\/agder\/wp-json\/wp\/v2\/types\/post"}],"replies":[{"embeddable":true,"href":"https:\/\/hoyre.no\/agder\/wp-json\/wp\/v2\/comments?post=249"}],"version-history":[{"count":0,"href":"https:\/\/hoyre.no\/agder\/wp-json\/wp\/v2\/posts\/249\/revisions"}],"wp:attachment":[{"href":"https:\/\/hoyre.no\/agder\/wp-json\/wp\/v2\/media?parent=249"}],"wp:term":[{"taxonomy":"category","embeddable":true,"href":"https:\/\/hoyre.no\/agder\/wp-json\/wp\/v2\/category?post=249"},{"taxonomy":"post_tag","embeddable":true,"href":"https:\/\/hoyre.no\/agder\/wp-json\/wp\/v2\/post_tag?post=249"},{"taxonomy":"hoyre-visibility","embeddable":true,"href":"https:\/\/hoyre.no\/agder\/wp-json\/wp\/v2\/hoyre-visibility?post=249"},{"taxonomy":"article-type","embeddable":true,"href":"https:\/\/hoyre.no\/agder\/wp-json\/wp\/v2\/article-type?post=249"},{"taxonomy":"politician","embeddable":true,"href":"https:\/\/hoyre.no\/agder\/wp-json\/wp\/v2\/politician?post=249"}],"curies":[{"name":"wp","href":"https:\/\/api.w.org\/{rel}","templated":true}]}}