{"id":2493,"date":"2025-02-10T09:22:09","date_gmt":"2025-02-10T08:22:09","guid":{"rendered":"https:\/\/hoyre.no\/agder\/?p=2493"},"modified":"2025-02-10T09:22:09","modified_gmt":"2025-02-10T08:22:09","slug":"resolusjon-raskere-tryggere-og-billigere-transport-gjennom-agder","status":"publish","type":"post","link":"https:\/\/hoyre.no\/agder\/aktuelt\/resolusjon-raskere-tryggere-og-billigere-transport-gjennom-agder\/","title":{"rendered":"Resolusjon: Raskere, tryggere og billigere transport gjennom Agder\u00a0"},"content":{"rendered":"\n<p class=\"preamble\">Les resolusjonen Agder H\u00f8yres fylkes\u00e5rsm\u00f8te 2025 vedtok.<\/p>\t\t\t<div class=\"post-meta wp-block teft-byline-wrapper\">\n\t\t\t\t<div class=\"top\">\n\t\t\t\t\t<div class=\"signature\">\n\t\t\t\t\t\t<div class=\"teft-byline\">\n\t\t\t\t\t\t\t\t\t\t\t\t\t\t<div>\n\t\t\t\t\t\t\t\t<h3>H\u00f8yres redaksjon<\/h3>\t\t\t\t\t\t\t\t\n\t\t\t\t\t\t\t\t\t\t\t\t\t\t\t\t\t<span class=\"date\">Sist oppdatert: 10. februar 2025<\/span>\n\t\t\t\t\t\t\t\t\t\t\t\t\t\t\t\t\t\t\t\t\t\t\t\t\t<span class=\"reading-time\" itemprop=\"timeRequired\" content=\"PT3M\"><em>Ca. 3 minutter lesetid<\/em><\/span>\n\t\t\t\t\t\t\t\t\t\t\t\t\t\t\t<\/div>\n\t\t\t\t\t\t<\/div>\n\t\t\t\t\t<\/div>\n\t\t\t\t\t\t<div class=\"sharing\">\n\t\t<a class=\"share-button share-link copy-link\" data-copy=\"https:\/\/hoyre.no\/agder\/aktuelt\/resolusjon-raskere-tryggere-og-billigere-transport-gjennom-agder\/\" target=\"_blank\"><span class=\"screen-reader-text\">Del link<\/span><\/a>\n\t\t<a class=\"share-button share-twitter\" href=\"http:\/\/twitter.com\/share?text=Resolusjon: Raskere, tryggere og billigere transport gjennom Agder\u00a0&#038;url=https:\/\/hoyre.no\/agder\/aktuelt\/resolusjon-raskere-tryggere-og-billigere-transport-gjennom-agder\/&#038;hashtags=Hoyre\" target=\"_blank\"><span class=\"screen-reader-text\">Del p\u00e5 twitter<\/span><\/a>\n\t\t<a class=\"share-button share-facebook\" href=\"https:\/\/www.facebook.com\/sharer\/sharer.php?u=https:\/\/hoyre.no\/agder\/aktuelt\/resolusjon-raskere-tryggere-og-billigere-transport-gjennom-agder\/\" target=\"_blank\"><span class=\"screen-reader-text\">Del p\u00e5 facebook<\/span><\/a>\n\t<\/div>\n\t\t\t\t\t<\/div>\n\t\t\t<\/div>\n\n\t\t\t<figure class=\"hoyre-image-wrapper\"><div class=\"hoyre-image\"><img loading=\"lazy\" decoding=\"async\" width=\"2500\" height=\"1669\" src=\"https:\/\/hoyre.no\/content\/uploads\/sites\/6\/2023\/02\/DSC_3012-scaled.jpg\" class=\"attachment-scaled size-scaled\" alt=\"\" style=\"object-position: 50% 50%\" srcset=\"https:\/\/hoyre.no\/content\/uploads\/sites\/6\/2023\/02\/DSC_3012-scaled.jpg 2500w, https:\/\/hoyre.no\/content\/uploads\/sites\/6\/2023\/02\/DSC_3012-300x200.jpg 300w, https:\/\/hoyre.no\/content\/uploads\/sites\/6\/2023\/02\/DSC_3012-1024x684.jpg 1024w, https:\/\/hoyre.no\/content\/uploads\/sites\/6\/2023\/02\/DSC_3012-768x513.jpg 768w, https:\/\/hoyre.no\/content\/uploads\/sites\/6\/2023\/02\/DSC_3012-1536x1025.jpg 1536w, https:\/\/hoyre.no\/content\/uploads\/sites\/6\/2023\/02\/DSC_3012-2048x1367.jpg 2048w\" sizes=\"auto, (max-width: 2500px) 100vw, 2500px\" \/><\/div><\/figure>\n\n\n\n\n<p><strong>Raskere, tryggere og billigere transport gjennom Agder<\/strong>&nbsp;<\/p>\n\n\n\n<p>Europaveien gjennom Agder er en viktig transport\u00e5re for n\u00e6ringsliv, pendling og turisme. Selv om mye av strekningen er blitt oppgradert det er fortsatt store deler av veien innehar en utdatert standard som skaper utfordringer rundt trafikksikkerhet, fremkommelighet og kapasitet.&nbsp;<\/p>\n\n\n\n<p>Et eksempel er bakken ved Nulandsvika i Flekkefjord, hvor trafikken tidvis st\u00e5r stille om vinteren p\u00e5 grunn av vanskelige kj\u00f8reforhold for tungtransport. Trafikkmengden fra Lyngdal til \u00c5lg\u00e5rd er i snitt 7000 biler pr. dag, hvorav 20 prosent er tungtransport, noe som forverrer situasjonen.&nbsp;<\/p>\n\n\n\n<p>Et annet eksempel er E18 i Tvedestrand, hvor veien gjentatte ganger har v\u00e6rt stengt i lengre perioder ved ulykker, ras og sn\u00f8fall, noe som har gitt store trafikale utfordringer p\u00e5 grunn av d\u00e5rlig kapasitet p\u00e5 omkj\u00f8ringsveiene.&nbsp;<\/p>\n\n\n\n<p>For Agder H\u00f8yre er trafikksikkerheten det viktigste, derfor m\u00e5 vi prioritere \u00e5 ferdigstille E18 og E39 slik at vi har en fire-felts motorvei gjennom Agder. Samtidig tar vi innover oss at denne utbyggingen vil ta tid, og det derfor er n\u00f8dvendig \u00e5 gjennomf\u00f8re midlertidige tiltak for \u00e5 forbedre trafikksikkerheten p\u00e5 dagens eksisterende veier.&nbsp;&nbsp;<\/p>\n\n\n\n<p>N\u00e5r det blir bygd ny vei som nye E39 mellom Kristiansand og Mandal er det avgj\u00f8rende at denne blir tatt i bruk. Skal man f\u00e5 til det m\u00e5 ikke bompengebelastningen f\u00f8les uforholdsmessig h\u00f8y, som vi n\u00e5 ser p\u00e5 denne strekningen. Agder H\u00f8yre vil derfor sette inn tiltak for \u00e5 f\u00e5 bompengesatsene ned.&nbsp;&nbsp;<\/p>\n\n\n\n<p>Agder H\u00f8yre \u00f8nsker at fylkeskommunen som er garantisten for bompengeprosjektene selv kan ta risikoen og vurdere nedbetalingstiden p\u00e5 veiprosjektene som finansieres gjennom bompenger. Der Vegdirektoratet i dag overkj\u00f8rer lokaldemokratiet, vil Agder H\u00f8yre gi makten tilbake til fylkeskommunen.&nbsp;&nbsp;<\/p>\n\n\n\n<p>Samtidig som det m\u00e5 gj\u00f8res strukturelle grep, m\u00e5 det settes inn strakstiltak som kan fungere p\u00e5 kort sikt. Agder H\u00f8yre \u00f8nsker derfor \u00e5 gjennomf\u00f8re et fors\u00f8ksprosjekt p\u00e5 E39, hvor man gjennom en periode setter ned bompengesatsene og Agder fylkeskommune garanterer for eventuell tapt innkreving. P\u00e5 den m\u00e5ten \u00f8nsker vi at trafikktallene skal \u00f8ke og inntektene opprettholdes ved flere bompengepasseringer.&nbsp;&nbsp;&nbsp;<\/p>\n\n\n\n<p>Agder H\u00f8yre vil:&nbsp;<\/p>\n\n\n\n<ul class=\"wp-block-list\">\n<li>Arbeide for \u00e5 fullf\u00f8re utbygging av firefelts motorvei p\u00e5 E18 og E39 gjennom hele Agder\u00a0<\/li>\n<\/ul>\n\n\n\n<ul class=\"wp-block-list\">\n<li>F\u00e5 p\u00e5 plass midlertidige tiltak for \u00e5 forbedre trafikksikkerheten p\u00e5 utsatte strekninger langs E18 og E39, i p\u00e5vente av full utbygging\u00a0<\/li>\n<\/ul>\n\n\n\n<ul class=\"wp-block-list\">\n<li>Redusere bompengesatsene p\u00e5 eksisterende og fremtidige veiprosjekter gjennom \u00e5 forlenge nedbetalingstiden.\u00a0\u00a0<\/li>\n<\/ul>\n\n\n\n<ul class=\"wp-block-list\">\n<li>Gjennomf\u00f8re en fors\u00f8ksordning p\u00e5 E39 mellom Mandal og Kristiansand, hvor det innf\u00f8res m\u00e5nedstak for bompasseringer p\u00e5 75 passeringer i m\u00e5neden og fylkeskommunen garanterer for opprettholdelse av dagens niv\u00e5 p\u00e5 innkreving. Maksprisen blir da 1.350,- for fossilfrie biler og 1.900,- for fossilbiler.\u00a0<\/li>\n<\/ul>\n\n\n<div class=\"tags\">\n\t<\/div>\n<div class=\"post-footer alignfull has-background block-editor-block-list__block\" data-align=full>\n\t<div class=\"post-footer-inner\">\n\t\t<h3>Relaterte artikler<\/h3>\n\t\t<div class=\"related-content\"><div class=\"is-card-hoyre\">\n\t<div class=\"teft-card hoyre-teft-card post-teft-card\">\n\t\t<a href=\"https:\/\/hoyre.no\/agder\/aktuelt\/agder-hoyre-onsker-dine-innspill-fylkestings-programmet\/\" class=\"teft-card__primary-action\">\n\n\t\t\t\t\t<div class=\"teft-card__media teft-card__media--16-9\">\n\t\t\t\t\t\t<img loading=\"lazy\" decoding=\"async\" width=\"768\" height=\"819\" src=\"https:\/\/hoyre.no\/content\/uploads\/sites\/6\/2025\/06\/DSC04923-edited-768x819.jpg\" class=\"attachment-medium_large size-medium_large\" alt=\"\" srcset=\"https:\/\/hoyre.no\/content\/uploads\/sites\/6\/2025\/06\/DSC04923-edited-768x819.jpg 768w, https:\/\/hoyre.no\/content\/uploads\/sites\/6\/2025\/06\/DSC04923-edited-281x300.jpg 281w, https:\/\/hoyre.no\/content\/uploads\/sites\/6\/2025\/06\/DSC04923-edited-960x1024.jpg 960w, https:\/\/hoyre.no\/content\/uploads\/sites\/6\/2025\/06\/DSC04923-edited-1440x1536.jpg 1440w, https:\/\/hoyre.no\/content\/uploads\/sites\/6\/2025\/06\/DSC04923-edited-1920x2048.jpg 1920w\" sizes=\"auto, (max-width: 768px) 100vw, 768px\" \/>\t\t<\/div>\n\t\t\n\t\t\t<div class=\"teft-card__content-wrapper\">\n\t\t\t\t<div class=\"teft-card__secondary\">\n\t\t\t\t\t\n\t\t\t\t\t\t\t\t<div class=\"teft-card__meta\">\n\t\t\t\t\t\t\t\t\t<span class=\"post-date\">21. apr 2026<\/span>\n\n\t\t\t\t\t\t\t\t\t<span class=\"post-category\">Nyheter<\/span>\t\t\t\t\t\t\t\t<\/div>\n\t\t\t\t\t\t\t\t\t\t\t<\/div>\n\n\t\t\t\t<div class=\"teft-card__primary\">\n\t\t\t\t\t<h2 class=\"teft-card__title\">Agder H\u00f8yres programprosess for Fylkestingsvalget 2027&nbsp;<span class=\"teft-card__primary-title-append\"><\/span><\/h2>\t\t\t\t<\/div>\n\t\t\t<\/div>\n\t\t<\/a>\n\t<\/div>\n\n\t<\/div><div class=\"is-card-hoyre\">\n\t<div class=\"teft-card hoyre-teft-card post-teft-card\">\n\t\t<a href=\"https:\/\/hoyre.no\/agder\/aktuelt\/agder-hoyres-nye-regionradgiver\/\" class=\"teft-card__primary-action\">\n\n\t\t\t\t\t<div class=\"teft-card__media teft-card__media--16-9\">\n\t\t\t\t\t\t<img loading=\"lazy\" decoding=\"async\" width=\"768\" height=\"768\" src=\"https:\/\/hoyre.no\/content\/uploads\/sites\/6\/2026\/03\/Aleksander-L-768x768.png\" class=\"attachment-medium_large size-medium_large\" alt=\"\" srcset=\"https:\/\/hoyre.no\/content\/uploads\/sites\/6\/2026\/03\/Aleksander-L-768x768.png 768w, https:\/\/hoyre.no\/content\/uploads\/sites\/6\/2026\/03\/Aleksander-L-e1775591785378-300x300.png 300w, https:\/\/hoyre.no\/content\/uploads\/sites\/6\/2026\/03\/Aleksander-L-e1775591785378-150x150.png 150w, https:\/\/hoyre.no\/content\/uploads\/sites\/6\/2026\/03\/Aleksander-L-e1775591785378.png 722w\" sizes=\"auto, (max-width: 768px) 100vw, 768px\" \/>\t\t<\/div>\n\t\t\n\t\t\t<div class=\"teft-card__content-wrapper\">\n\t\t\t\t<div class=\"teft-card__secondary\">\n\t\t\t\t\t\n\t\t\t\t\t\t\t\t<div class=\"teft-card__meta\">\n\t\t\t\t\t\t\t\t\t<span class=\"post-date\">23. mar 2026<\/span>\n\n\t\t\t\t\t\t\t\t\t\t\t\t\t\t\t\t\t<\/div>\n\t\t\t\t\t\t\t\t\t\t\t<\/div>\n\n\t\t\t\t<div class=\"teft-card__primary\">\n\t\t\t\t\t<h2 class=\"teft-card__title\">Agder H\u00f8yres nye regionr\u00e5dgiver&nbsp;<span class=\"teft-card__primary-title-append\"><\/span><\/h2>\t\t\t\t<\/div>\n\t\t\t<\/div>\n\t\t<\/a>\n\t<\/div>\n\n\t<\/div><div class=\"is-card-hoyre\">\n\t<div class=\"teft-card hoyre-teft-card post-teft-card\">\n\t\t<a href=\"https:\/\/hoyre.no\/agder\/aktuelt\/agder-hoyres-nominasjonsprosess-for-fylkestingsvalget-2027\/\" class=\"teft-card__primary-action\">\n\n\t\t\t\t\t<div class=\"teft-card__media teft-card__media--16-9\">\n\t\t\t\t\t\t<img loading=\"lazy\" decoding=\"async\" width=\"768\" height=\"512\" src=\"https:\/\/hoyre.no\/content\/uploads\/sites\/6\/2026\/03\/Haagen-Poppe-Foto-Hans-Kristian-Thorbjornsen-768x512.jpg\" class=\"attachment-medium_large size-medium_large\" alt=\"\" srcset=\"https:\/\/hoyre.no\/content\/uploads\/sites\/6\/2026\/03\/Haagen-Poppe-Foto-Hans-Kristian-Thorbjornsen-768x512.jpg 768w, https:\/\/hoyre.no\/content\/uploads\/sites\/6\/2026\/03\/Haagen-Poppe-Foto-Hans-Kristian-Thorbjornsen-300x200.jpg 300w, https:\/\/hoyre.no\/content\/uploads\/sites\/6\/2026\/03\/Haagen-Poppe-Foto-Hans-Kristian-Thorbjornsen-1024x683.jpg 1024w, https:\/\/hoyre.no\/content\/uploads\/sites\/6\/2026\/03\/Haagen-Poppe-Foto-Hans-Kristian-Thorbjornsen-1536x1025.jpg 1536w, https:\/\/hoyre.no\/content\/uploads\/sites\/6\/2026\/03\/Haagen-Poppe-Foto-Hans-Kristian-Thorbjornsen-2048x1366.jpg 2048w\" sizes=\"auto, (max-width: 768px) 100vw, 768px\" \/>\t\t<\/div>\n\t\t\n\t\t\t<div class=\"teft-card__content-wrapper\">\n\t\t\t\t<div class=\"teft-card__secondary\">\n\t\t\t\t\t\n\t\t\t\t\t\t\t\t<div class=\"teft-card__meta\">\n\t\t\t\t\t\t\t\t\t<span class=\"post-date\">5. mar 2026<\/span>\n\n\t\t\t\t\t\t\t\t\t\t\t\t\t\t\t\t\t<\/div>\n\t\t\t\t\t\t\t\t\t\t\t<\/div>\n\n\t\t\t\t<div class=\"teft-card__primary\">\n\t\t\t\t\t<h2 class=\"teft-card__title\">Agder H\u00f8yres nominasjonsprosess for  Fylkestingsvalget 2027&nbsp;<span class=\"teft-card__primary-title-append\"><\/span><\/h2>\t\t\t\t<\/div>\n\t\t\t<\/div>\n\t\t<\/a>\n\t<\/div>\n\n\t<\/div><\/div>\t<\/div>\n<\/div>\n","protected":false},"excerpt":{"rendered":"","protected":false},"author":32598,"featured_media":0,"comment_status":"closed","ping_status":"closed","sticky":false,"template":"","format":"standard","meta":{"teft_cards_image_url":"","teft_cards_custom_pretitle":"","teft_cards_image_id":1688,"teft_cards_image_focal_point_x":0.5,"teft_cards_image_focal_point_y":0.5,"teft_cards_title":"","teft_cards_excerpt":"","teft_show_chapters":false,"author_display_name":"","footnotes":""},"category":[1],"post_tag":[],"hoyre-visibility":[],"article-type":[],"politician":[],"class_list":["post-2493","post","type-post","status-publish","format-standard","hentry","category-ukategorisert"],"yoast_head":"<!-- This site is optimized with the Yoast SEO Premium plugin v26.5 (Yoast SEO v26.6) - https:\/\/yoast.com\/wordpress\/plugins\/seo\/ -->\n<title>Resolusjon: Raskere, tryggere og billigere transport gjennom Agder\u00a0 - Agder H\u00f8yre<\/title>\n<meta name=\"robots\" content=\"index, follow, max-snippet:-1, max-image-preview:large, max-video-preview:-1\" \/>\n<link rel=\"canonical\" href=\"https:\/\/hoyre.no\/agder\/aktuelt\/resolusjon-raskere-tryggere-og-billigere-transport-gjennom-agder\/\" \/>\n<meta property=\"og:locale\" content=\"nb_NO\" \/>\n<meta property=\"og:type\" content=\"article\" \/>\n<meta property=\"og:title\" content=\"Resolusjon: Raskere, tryggere og billigere transport gjennom Agder\u00a0\" \/>\n<meta property=\"og:url\" content=\"https:\/\/hoyre.no\/agder\/aktuelt\/resolusjon-raskere-tryggere-og-billigere-transport-gjennom-agder\/\" \/>\n<meta property=\"og:site_name\" content=\"Agder H\u00f8yre\" \/>\n<meta property=\"article:published_time\" content=\"2025-02-10T08:22:09+00:00\" \/>\n<meta property=\"og:image\" content=\"https:\/\/hoyre.no\/content\/uploads\/sites\/6\/2026\/03\/Haagen-Poppe-Foto-Hans-Kristian-Thorbjornsen-1024x683.jpg\" \/>\n<meta name=\"author\" content=\"Marius Dubland Andersen\" \/>\n<meta name=\"twitter:card\" content=\"summary_large_image\" \/>\n<meta name=\"twitter:label1\" content=\"Skrevet av\" \/>\n\t<meta name=\"twitter:data1\" content=\"Marius Dubland Andersen\" \/>\n\t<meta name=\"twitter:label2\" content=\"Ansl. lesetid\" \/>\n\t<meta name=\"twitter:data2\" content=\"3 minutter\" \/>\n<script type=\"application\/ld+json\" class=\"yoast-schema-graph\">{\"@context\":\"https:\/\/schema.org\",\"@graph\":[{\"@type\":\"NewsArticle\",\"@id\":\"https:\/\/hoyre.no\/agder\/aktuelt\/resolusjon-raskere-tryggere-og-billigere-transport-gjennom-agder\/\",\"url\":\"https:\/\/hoyre.no\/agder\/aktuelt\/resolusjon-raskere-tryggere-og-billigere-transport-gjennom-agder\/\",\"name\":\"Resolusjon: Raskere, tryggere og billigere transport gjennom Agder\u00a0 - Agder H\u00f8yre\",\"isPartOf\":{\"@id\":\"https:\/\/hoyre.no\/agder\/#website\"},\"datePublished\":\"2025-02-10T08:22:09+00:00\",\"author\":{\"@id\":\"https:\/\/hoyre.no\/agder\/#\/schema\/person\/fa4544cc1cd70c8f112defc606ad5155\"},\"breadcrumb\":{\"@id\":\"https:\/\/hoyre.no\/agder\/aktuelt\/resolusjon-raskere-tryggere-og-billigere-transport-gjennom-agder\/#breadcrumb\"},\"inLanguage\":\"nb-NO\",\"potentialAction\":[{\"@type\":\"ReadAction\",\"target\":[\"https:\/\/hoyre.no\/agder\/aktuelt\/resolusjon-raskere-tryggere-og-billigere-transport-gjennom-agder\/\"]}]},{\"@type\":\"BreadcrumbList\",\"@id\":\"https:\/\/hoyre.no\/agder\/aktuelt\/resolusjon-raskere-tryggere-og-billigere-transport-gjennom-agder\/#breadcrumb\",\"itemListElement\":[{\"@type\":\"ListItem\",\"position\":1,\"name\":\"Til hoyre.no\",\"item\":\"https:\/\/hoyre.no\"},{\"@type\":\"ListItem\",\"position\":2,\"name\":\"Hjem\",\"item\":\"https:\/\/hoyre.no\/agder\/\"},{\"@type\":\"ListItem\",\"position\":3,\"name\":\"Resolusjon: Raskere, tryggere og billigere transport gjennom Agder\u00a0\"}]},{\"@type\":\"WebSite\",\"@id\":\"https:\/\/hoyre.no\/agder\/#website\",\"url\":\"https:\/\/hoyre.no\/agder\/\",\"name\":\"Agder H\u00f8yre\",\"description\":\"Bare enda et H\u00f8yres nettsteder-nettsted\",\"inLanguage\":\"nb-NO\"},{\"@type\":\"Person\",\"@id\":\"https:\/\/hoyre.no\/agder\/#\/schema\/person\/fa4544cc1cd70c8f112defc606ad5155\",\"name\":\"Marius Dubland Andersen\",\"image\":{\"@type\":\"ImageObject\",\"inLanguage\":\"nb-NO\",\"@id\":\"https:\/\/hoyre.no\/agder\/#\/schema\/person\/image\/\",\"url\":\"https:\/\/secure.gravatar.com\/avatar\/5f2e42f5088d920b363c54cc2ff1f1d59b5c6641a4d28ba8e73fdc612c1e880f?s=96&d=mm&r=g\",\"contentUrl\":\"https:\/\/secure.gravatar.com\/avatar\/5f2e42f5088d920b363c54cc2ff1f1d59b5c6641a4d28ba8e73fdc612c1e880f?s=96&d=mm&r=g\",\"caption\":\"Marius Dubland Andersen\"},\"url\":\"https:\/\/hoyre.no\/agder\/aktuelt\/author\/m52129616\/\"}]}<\/script>\n<!-- \/ Yoast SEO Premium plugin. -->","yoast_head_json":{"title":"Resolusjon: Raskere, tryggere og billigere transport gjennom Agder\u00a0 - Agder H\u00f8yre","robots":{"index":"index","follow":"follow","max-snippet":"max-snippet:-1","max-image-preview":"max-image-preview:large","max-video-preview":"max-video-preview:-1"},"canonical":"https:\/\/hoyre.no\/agder\/aktuelt\/resolusjon-raskere-tryggere-og-billigere-transport-gjennom-agder\/","og_locale":"nb_NO","og_type":"article","og_title":"Resolusjon: Raskere, tryggere og billigere transport gjennom Agder\u00a0","og_url":"https:\/\/hoyre.no\/agder\/aktuelt\/resolusjon-raskere-tryggere-og-billigere-transport-gjennom-agder\/","og_site_name":"Agder H\u00f8yre","article_published_time":"2025-02-10T08:22:09+00:00","og_image":[{"url":"https:\/\/hoyre.no\/content\/uploads\/sites\/6\/2026\/03\/Haagen-Poppe-Foto-Hans-Kristian-Thorbjornsen-1024x683.jpg","width":"","height":"","type":""}],"author":"Marius Dubland Andersen","twitter_card":"summary_large_image","twitter_misc":{"Skrevet av":"Marius Dubland Andersen","Ansl. lesetid":"3 minutter"},"schema":{"@context":"https:\/\/schema.org","@graph":[{"@type":"NewsArticle","@id":"https:\/\/hoyre.no\/agder\/aktuelt\/resolusjon-raskere-tryggere-og-billigere-transport-gjennom-agder\/","url":"https:\/\/hoyre.no\/agder\/aktuelt\/resolusjon-raskere-tryggere-og-billigere-transport-gjennom-agder\/","name":"Resolusjon: Raskere, tryggere og billigere transport gjennom Agder\u00a0 - Agder H\u00f8yre","isPartOf":{"@id":"https:\/\/hoyre.no\/agder\/#website"},"datePublished":"2025-02-10T08:22:09+00:00","author":{"@id":"https:\/\/hoyre.no\/agder\/#\/schema\/person\/fa4544cc1cd70c8f112defc606ad5155"},"breadcrumb":{"@id":"https:\/\/hoyre.no\/agder\/aktuelt\/resolusjon-raskere-tryggere-og-billigere-transport-gjennom-agder\/#breadcrumb"},"inLanguage":"nb-NO","potentialAction":[{"@type":"ReadAction","target":["https:\/\/hoyre.no\/agder\/aktuelt\/resolusjon-raskere-tryggere-og-billigere-transport-gjennom-agder\/"]}]},{"@type":"BreadcrumbList","@id":"https:\/\/hoyre.no\/agder\/aktuelt\/resolusjon-raskere-tryggere-og-billigere-transport-gjennom-agder\/#breadcrumb","itemListElement":[{"@type":"ListItem","position":1,"name":"Til hoyre.no","item":"https:\/\/hoyre.no"},{"@type":"ListItem","position":2,"name":"Hjem","item":"https:\/\/hoyre.no\/agder\/"},{"@type":"ListItem","position":3,"name":"Resolusjon: Raskere, tryggere og billigere transport gjennom Agder\u00a0"}]},{"@type":"WebSite","@id":"https:\/\/hoyre.no\/agder\/#website","url":"https:\/\/hoyre.no\/agder\/","name":"Agder H\u00f8yre","description":"Bare enda et H\u00f8yres nettsteder-nettsted","inLanguage":"nb-NO"},{"@type":"Person","@id":"https:\/\/hoyre.no\/agder\/#\/schema\/person\/fa4544cc1cd70c8f112defc606ad5155","name":"Marius Dubland Andersen","image":{"@type":"ImageObject","inLanguage":"nb-NO","@id":"https:\/\/hoyre.no\/agder\/#\/schema\/person\/image\/","url":"https:\/\/secure.gravatar.com\/avatar\/5f2e42f5088d920b363c54cc2ff1f1d59b5c6641a4d28ba8e73fdc612c1e880f?s=96&d=mm&r=g","contentUrl":"https:\/\/secure.gravatar.com\/avatar\/5f2e42f5088d920b363c54cc2ff1f1d59b5c6641a4d28ba8e73fdc612c1e880f?s=96&d=mm&r=g","caption":"Marius Dubland Andersen"},"url":"https:\/\/hoyre.no\/agder\/aktuelt\/author\/m52129616\/"}]}},"distributor_meta":false,"distributor_terms":false,"distributor_media":false,"distributor_original_site_name":"Agder H\u00f8yre","distributor_original_site_url":"https:\/\/hoyre.no\/agder","push-errors":false,"_links":{"self":[{"href":"https:\/\/hoyre.no\/agder\/wp-json\/wp\/v2\/posts\/2493","targetHints":{"allow":["GET"]}}],"collection":[{"href":"https:\/\/hoyre.no\/agder\/wp-json\/wp\/v2\/posts"}],"about":[{"href":"https:\/\/hoyre.no\/agder\/wp-json\/wp\/v2\/types\/post"}],"author":[{"embeddable":true,"href":"https:\/\/hoyre.no\/agder\/wp-json\/wp\/v2\/users\/32598"}],"replies":[{"embeddable":true,"href":"https:\/\/hoyre.no\/agder\/wp-json\/wp\/v2\/comments?post=2493"}],"version-history":[{"count":1,"href":"https:\/\/hoyre.no\/agder\/wp-json\/wp\/v2\/posts\/2493\/revisions"}],"predecessor-version":[{"id":2494,"href":"https:\/\/hoyre.no\/agder\/wp-json\/wp\/v2\/posts\/2493\/revisions\/2494"}],"wp:attachment":[{"href":"https:\/\/hoyre.no\/agder\/wp-json\/wp\/v2\/media?parent=2493"}],"wp:term":[{"taxonomy":"category","embeddable":true,"href":"https:\/\/hoyre.no\/agder\/wp-json\/wp\/v2\/category?post=2493"},{"taxonomy":"post_tag","embeddable":true,"href":"https:\/\/hoyre.no\/agder\/wp-json\/wp\/v2\/post_tag?post=2493"},{"taxonomy":"hoyre-visibility","embeddable":true,"href":"https:\/\/hoyre.no\/agder\/wp-json\/wp\/v2\/hoyre-visibility?post=2493"},{"taxonomy":"article-type","embeddable":true,"href":"https:\/\/hoyre.no\/agder\/wp-json\/wp\/v2\/article-type?post=2493"},{"taxonomy":"politician","embeddable":true,"href":"https:\/\/hoyre.no\/agder\/wp-json\/wp\/v2\/politician?post=2493"}],"curies":[{"name":"wp","href":"https:\/\/api.w.org\/{rel}","templated":true}]}}