{"id":2497,"date":"2025-02-10T09:25:15","date_gmt":"2025-02-10T08:25:15","guid":{"rendered":"https:\/\/hoyre.no\/agder\/?p=2497"},"modified":"2025-03-17T14:44:16","modified_gmt":"2025-03-17T13:44:16","slug":"uttalelse-styrk-norges-samarbeid-med-vare-europeiske-naboer","status":"publish","type":"post","link":"https:\/\/hoyre.no\/agder\/aktuelt\/uttalelse-styrk-norges-samarbeid-med-vare-europeiske-naboer\/","title":{"rendered":"Uttalelse: Styrk Norges samarbeid med v\u00e5re europeiske naboer\u00a0"},"content":{"rendered":"\n<p class=\"preamble\">Les uttalelsen Agder H\u00f8yres fylkes\u00e5rsm\u00f8te 2025 vedtok.<\/p>\t\t\t<div class=\"post-meta wp-block teft-byline-wrapper\">\n\t\t\t\t<div class=\"top\">\n\t\t\t\t\t<div class=\"signature\">\n\t\t\t\t\t\t<div class=\"teft-byline\">\n\t\t\t\t\t\t\t\t\t\t\t\t\t\t<div>\n\t\t\t\t\t\t\t\t<h3>H\u00f8yres redaksjon<\/h3>\t\t\t\t\t\t\t\t\n\t\t\t\t\t\t\t\t\t\t\t\t\t\t\t\t\t<span class=\"date\">Sist oppdatert: 17. mars 2025<\/span>\n\t\t\t\t\t\t\t\t\t\t\t\t\t\t\t\t\t\t\t\t\t\t\t\t\t<span class=\"reading-time\" itemprop=\"timeRequired\" content=\"PT2M\"><em>Ca. 2 minutter lesetid<\/em><\/span>\n\t\t\t\t\t\t\t\t\t\t\t\t\t\t\t<\/div>\n\t\t\t\t\t\t<\/div>\n\t\t\t\t\t<\/div>\n\t\t\t\t\t\t<div class=\"sharing\">\n\t\t<a class=\"share-button share-link copy-link\" data-copy=\"https:\/\/hoyre.no\/agder\/aktuelt\/uttalelse-styrk-norges-samarbeid-med-vare-europeiske-naboer\/\" target=\"_blank\"><span class=\"screen-reader-text\">Del link<\/span><\/a>\n\t\t<a class=\"share-button share-twitter\" href=\"http:\/\/twitter.com\/share?text=Uttalelse: Styrk Norges samarbeid med v\u00e5re europeiske naboer\u00a0&#038;url=https:\/\/hoyre.no\/agder\/aktuelt\/uttalelse-styrk-norges-samarbeid-med-vare-europeiske-naboer\/&#038;hashtags=Hoyre\" target=\"_blank\"><span class=\"screen-reader-text\">Del p\u00e5 twitter<\/span><\/a>\n\t\t<a class=\"share-button share-facebook\" href=\"https:\/\/www.facebook.com\/sharer\/sharer.php?u=https:\/\/hoyre.no\/agder\/aktuelt\/uttalelse-styrk-norges-samarbeid-med-vare-europeiske-naboer\/\" target=\"_blank\"><span class=\"screen-reader-text\">Del p\u00e5 facebook<\/span><\/a>\n\t<\/div>\n\t\t\t\t\t<\/div>\n\t\t\t<\/div>\n\n\t\t\t<figure class=\"hoyre-image-wrapper\"><div class=\"hoyre-image\"><img loading=\"lazy\" decoding=\"async\" width=\"2500\" height=\"1667\" src=\"https:\/\/hoyre.no\/content\/uploads\/sites\/6\/2025\/02\/IMG_2124-BRUK-ikke-scaled.jpg\" class=\"attachment-scaled size-scaled\" alt=\"\" style=\"object-position: 50% 50%\" srcset=\"https:\/\/hoyre.no\/content\/uploads\/sites\/6\/2025\/02\/IMG_2124-BRUK-ikke-scaled.jpg 2500w, https:\/\/hoyre.no\/content\/uploads\/sites\/6\/2025\/02\/IMG_2124-BRUK-ikke-300x200.jpg 300w, https:\/\/hoyre.no\/content\/uploads\/sites\/6\/2025\/02\/IMG_2124-BRUK-ikke-1024x683.jpg 1024w, https:\/\/hoyre.no\/content\/uploads\/sites\/6\/2025\/02\/IMG_2124-BRUK-ikke-768x512.jpg 768w, https:\/\/hoyre.no\/content\/uploads\/sites\/6\/2025\/02\/IMG_2124-BRUK-ikke-1536x1024.jpg 1536w, https:\/\/hoyre.no\/content\/uploads\/sites\/6\/2025\/02\/IMG_2124-BRUK-ikke-2048x1365.jpg 2048w\" sizes=\"auto, (max-width: 2500px) 100vw, 2500px\" \/><\/div><\/figure>\n\n\n\n\n<p>I en verden preget av \u00f8kende usikkerhet, geopolitiske spenninger og en mer proteksjonistisk handelspolitikk, m\u00e5 Norge st\u00e5 fast ved sitt engasjement for internasjonalt samarbeid. Agder H\u00f8yre mener at en aktiv og prinsippfast europapolitikk er avgj\u00f8rende for \u00e5 sikre norske interesser, \u00f8konomisk vekst og v\u00e5re grunnleggende verdier om frihet, demokrati og rettsstatens prinsipper.&nbsp;<\/p>\n\n\n\n<p>Agder H\u00f8yre vil st\u00e5 opp mot proteksjonistiske krefter i Norge og internasjonalt. Norge m\u00e5 f\u00f8re en aktiv europapolitikk, hegne om E\u00d8S-avtalen og styrke det politiske samarbeidet med EU og med v\u00e5re europeiske naboer. E\u00d8S-avtalen sikrer bedrifter p\u00e5 Agder tilgang til v\u00e5rt desidert viktigste marked, bidrar til arbeidsplasser og innovasjon, og gir oss en samhandlingsplattform for \u00e5 p\u00e5virke utviklingen av felles europeiske l\u00f8sninger.&nbsp;<\/p>\n\n\n\n<p>Agder H\u00f8yre mener St\u00f8re-regjeringen gjennom flere \u00e5r har distansert oss fra v\u00e5re europeiske naboer og ikke tatt det n\u00f8dvendige ansvaret for \u00e5 sikre at samarbeidet har utviklet seg. At retorikken mot EU\/E\u00d8S og de r\u00f8dgr\u00f8nne samarbeidspartiene til Arbeiderpartiet har blitt mer negativ i en tid hvor en ny amerikansk administrasjon varsler \u00f8kte tollbarrierer, er meget bekymringsfullt.&nbsp;<\/p>\n\n\n\n<p>At en norsk regjering g\u00e5r i oppl\u00f8sning som f\u00f8lge av at Norge skal overholde sine avtaleforpliktelser med v\u00e5r n\u00e6rmeste handelspartner og europeiske naboer, viser at utfordringen med proteksjonisme og populistisk retorikk ogs\u00e5 finner sitt fotfeste i norsk politikk.&nbsp;&nbsp;<\/p>\n\n\n\n<p>Russlands brutale angrep p\u00e5 Ukraina har understreket behovet for en samordnet europeisk sikkerhetspolitikk under NATO-paraplyen og solidaritet mellom land som forsvarer demokratiske verdier. Agder H\u00f8yre mener at Norge m\u00e5 styrke v\u00e5r tilknytning til EUs sikkerhets- og utenrikspolitikk og bidra til felles initiativer for \u00e5 motvirke hybride trusler og desinformasjon. Videre m\u00e5 vi ha en tettere integrasjon p\u00e5 helsefeltet og andre omr\u00e5der som er med p\u00e5 \u00e5 trygge norske innbyggere i en usikker tid. Da er det en forutsetning at Norge fremst\u00e5r som en etterrettelig og im\u00f8tekommende avtalepartner.&nbsp;<\/p>\n\n\n\n<p>Agder H\u00f8yre vil at Norge skal st\u00e5 for en ansvarlig, \u00e5pen og fremtidsrettet europapolitikk. I en tid der mange trekker seg tilbake bak nasjonale grenser, velger vi samarbeid, samhold og solidaritet. Bare gjennom sterkere europeisk integrasjon kan vi sikre et trygt, fritt og selvstendig Norge i \u00e5rene som kommer.&nbsp;<\/p>\n\n\n<div class=\"tags\">\n\t<\/div>\n<div class=\"post-footer alignfull has-background block-editor-block-list__block\" data-align=full>\n\t<div class=\"post-footer-inner\">\n\t\t<h3>Relaterte artikler<\/h3>\n\t\t<div class=\"related-content\"><div class=\"is-card-hoyre\">\n\t<div class=\"teft-card hoyre-teft-card post-teft-card\">\n\t\t<a href=\"https:\/\/hoyre.no\/agder\/aktuelt\/agder-hoyre-onsker-dine-innspill-fylkestings-programmet\/\" class=\"teft-card__primary-action\">\n\n\t\t\t\t\t<div class=\"teft-card__media teft-card__media--16-9\">\n\t\t\t\t\t\t<img loading=\"lazy\" decoding=\"async\" width=\"768\" height=\"819\" src=\"https:\/\/hoyre.no\/content\/uploads\/sites\/6\/2025\/06\/DSC04923-edited-768x819.jpg\" class=\"attachment-medium_large size-medium_large\" alt=\"\" srcset=\"https:\/\/hoyre.no\/content\/uploads\/sites\/6\/2025\/06\/DSC04923-edited-768x819.jpg 768w, https:\/\/hoyre.no\/content\/uploads\/sites\/6\/2025\/06\/DSC04923-edited-281x300.jpg 281w, https:\/\/hoyre.no\/content\/uploads\/sites\/6\/2025\/06\/DSC04923-edited-960x1024.jpg 960w, https:\/\/hoyre.no\/content\/uploads\/sites\/6\/2025\/06\/DSC04923-edited-1440x1536.jpg 1440w, https:\/\/hoyre.no\/content\/uploads\/sites\/6\/2025\/06\/DSC04923-edited-1920x2048.jpg 1920w\" sizes=\"auto, (max-width: 768px) 100vw, 768px\" \/>\t\t<\/div>\n\t\t\n\t\t\t<div class=\"teft-card__content-wrapper\">\n\t\t\t\t<div class=\"teft-card__secondary\">\n\t\t\t\t\t\n\t\t\t\t\t\t\t\t<div class=\"teft-card__meta\">\n\t\t\t\t\t\t\t\t\t<span class=\"post-date\">21. apr 2026<\/span>\n\n\t\t\t\t\t\t\t\t\t<span class=\"post-category\">Nyheter<\/span>\t\t\t\t\t\t\t\t<\/div>\n\t\t\t\t\t\t\t\t\t\t\t<\/div>\n\n\t\t\t\t<div class=\"teft-card__primary\">\n\t\t\t\t\t<h2 class=\"teft-card__title\">Agder H\u00f8yres programprosess for Fylkestingsvalget 2027&nbsp;<span class=\"teft-card__primary-title-append\"><\/span><\/h2>\t\t\t\t<\/div>\n\t\t\t<\/div>\n\t\t<\/a>\n\t<\/div>\n\n\t<\/div><div class=\"is-card-hoyre\">\n\t<div class=\"teft-card hoyre-teft-card post-teft-card\">\n\t\t<a href=\"https:\/\/hoyre.no\/agder\/aktuelt\/agder-hoyres-nye-regionradgiver\/\" class=\"teft-card__primary-action\">\n\n\t\t\t\t\t<div class=\"teft-card__media teft-card__media--16-9\">\n\t\t\t\t\t\t<img loading=\"lazy\" decoding=\"async\" width=\"768\" height=\"768\" src=\"https:\/\/hoyre.no\/content\/uploads\/sites\/6\/2026\/03\/Aleksander-L-768x768.png\" class=\"attachment-medium_large size-medium_large\" alt=\"\" srcset=\"https:\/\/hoyre.no\/content\/uploads\/sites\/6\/2026\/03\/Aleksander-L-768x768.png 768w, https:\/\/hoyre.no\/content\/uploads\/sites\/6\/2026\/03\/Aleksander-L-e1775591785378-300x300.png 300w, https:\/\/hoyre.no\/content\/uploads\/sites\/6\/2026\/03\/Aleksander-L-e1775591785378-150x150.png 150w, https:\/\/hoyre.no\/content\/uploads\/sites\/6\/2026\/03\/Aleksander-L-e1775591785378.png 722w\" sizes=\"auto, (max-width: 768px) 100vw, 768px\" \/>\t\t<\/div>\n\t\t\n\t\t\t<div class=\"teft-card__content-wrapper\">\n\t\t\t\t<div class=\"teft-card__secondary\">\n\t\t\t\t\t\n\t\t\t\t\t\t\t\t<div class=\"teft-card__meta\">\n\t\t\t\t\t\t\t\t\t<span class=\"post-date\">23. mar 2026<\/span>\n\n\t\t\t\t\t\t\t\t\t\t\t\t\t\t\t\t\t<\/div>\n\t\t\t\t\t\t\t\t\t\t\t<\/div>\n\n\t\t\t\t<div class=\"teft-card__primary\">\n\t\t\t\t\t<h2 class=\"teft-card__title\">Agder H\u00f8yres nye regionr\u00e5dgiver&nbsp;<span class=\"teft-card__primary-title-append\"><\/span><\/h2>\t\t\t\t<\/div>\n\t\t\t<\/div>\n\t\t<\/a>\n\t<\/div>\n\n\t<\/div><div class=\"is-card-hoyre\">\n\t<div class=\"teft-card hoyre-teft-card post-teft-card\">\n\t\t<a href=\"https:\/\/hoyre.no\/agder\/aktuelt\/agder-hoyres-nominasjonsprosess-for-fylkestingsvalget-2027\/\" class=\"teft-card__primary-action\">\n\n\t\t\t\t\t<div class=\"teft-card__media teft-card__media--16-9\">\n\t\t\t\t\t\t<img loading=\"lazy\" decoding=\"async\" width=\"768\" height=\"512\" src=\"https:\/\/hoyre.no\/content\/uploads\/sites\/6\/2026\/03\/Haagen-Poppe-Foto-Hans-Kristian-Thorbjornsen-768x512.jpg\" class=\"attachment-medium_large size-medium_large\" alt=\"\" srcset=\"https:\/\/hoyre.no\/content\/uploads\/sites\/6\/2026\/03\/Haagen-Poppe-Foto-Hans-Kristian-Thorbjornsen-768x512.jpg 768w, https:\/\/hoyre.no\/content\/uploads\/sites\/6\/2026\/03\/Haagen-Poppe-Foto-Hans-Kristian-Thorbjornsen-300x200.jpg 300w, https:\/\/hoyre.no\/content\/uploads\/sites\/6\/2026\/03\/Haagen-Poppe-Foto-Hans-Kristian-Thorbjornsen-1024x683.jpg 1024w, https:\/\/hoyre.no\/content\/uploads\/sites\/6\/2026\/03\/Haagen-Poppe-Foto-Hans-Kristian-Thorbjornsen-1536x1025.jpg 1536w, https:\/\/hoyre.no\/content\/uploads\/sites\/6\/2026\/03\/Haagen-Poppe-Foto-Hans-Kristian-Thorbjornsen-2048x1366.jpg 2048w\" sizes=\"auto, (max-width: 768px) 100vw, 768px\" \/>\t\t<\/div>\n\t\t\n\t\t\t<div class=\"teft-card__content-wrapper\">\n\t\t\t\t<div class=\"teft-card__secondary\">\n\t\t\t\t\t\n\t\t\t\t\t\t\t\t<div class=\"teft-card__meta\">\n\t\t\t\t\t\t\t\t\t<span class=\"post-date\">5. mar 2026<\/span>\n\n\t\t\t\t\t\t\t\t\t\t\t\t\t\t\t\t\t<\/div>\n\t\t\t\t\t\t\t\t\t\t\t<\/div>\n\n\t\t\t\t<div class=\"teft-card__primary\">\n\t\t\t\t\t<h2 class=\"teft-card__title\">Agder H\u00f8yres nominasjonsprosess for  Fylkestingsvalget 2027&nbsp;<span class=\"teft-card__primary-title-append\"><\/span><\/h2>\t\t\t\t<\/div>\n\t\t\t<\/div>\n\t\t<\/a>\n\t<\/div>\n\n\t<\/div><\/div>\t<\/div>\n<\/div>\n","protected":false},"excerpt":{"rendered":"","protected":false},"author":32598,"featured_media":0,"comment_status":"closed","ping_status":"closed","sticky":false,"template":"","format":"standard","meta":{"teft_cards_image_url":"","teft_cards_custom_pretitle":"","teft_cards_image_id":2533,"teft_cards_image_focal_point_x":0.5,"teft_cards_image_focal_point_y":0.5,"teft_cards_title":"","teft_cards_excerpt":"","teft_show_chapters":false,"author_display_name":"","footnotes":""},"category":[1],"post_tag":[],"hoyre-visibility":[],"article-type":[],"politician":[],"class_list":["post-2497","post","type-post","status-publish","format-standard","hentry","category-ukategorisert"],"yoast_head":"<!-- This site is optimized with the Yoast SEO Premium plugin v26.5 (Yoast SEO v26.6) - https:\/\/yoast.com\/wordpress\/plugins\/seo\/ -->\n<title>Uttalelse: Styrk Norges samarbeid med v\u00e5re europeiske naboer\u00a0 - Agder H\u00f8yre<\/title>\n<meta name=\"robots\" content=\"index, follow, max-snippet:-1, max-image-preview:large, max-video-preview:-1\" \/>\n<link rel=\"canonical\" href=\"https:\/\/hoyre.no\/agder\/aktuelt\/uttalelse-styrk-norges-samarbeid-med-vare-europeiske-naboer\/\" \/>\n<meta property=\"og:locale\" content=\"nb_NO\" \/>\n<meta property=\"og:type\" content=\"article\" \/>\n<meta property=\"og:title\" content=\"Uttalelse: Styrk Norges samarbeid med v\u00e5re europeiske naboer\u00a0\" \/>\n<meta property=\"og:url\" content=\"https:\/\/hoyre.no\/agder\/aktuelt\/uttalelse-styrk-norges-samarbeid-med-vare-europeiske-naboer\/\" \/>\n<meta property=\"og:site_name\" content=\"Agder H\u00f8yre\" \/>\n<meta property=\"article:published_time\" content=\"2025-02-10T08:25:15+00:00\" \/>\n<meta property=\"article:modified_time\" content=\"2025-03-17T13:44:16+00:00\" \/>\n<meta property=\"og:image\" content=\"https:\/\/hoyre.no\/content\/uploads\/sites\/6\/2026\/03\/Haagen-Poppe-Foto-Hans-Kristian-Thorbjornsen-1024x683.jpg\" \/>\n<meta name=\"author\" content=\"Marius Dubland Andersen\" \/>\n<meta name=\"twitter:card\" content=\"summary_large_image\" \/>\n<meta name=\"twitter:label1\" content=\"Skrevet av\" \/>\n\t<meta name=\"twitter:data1\" content=\"Marius Dubland Andersen\" \/>\n\t<meta name=\"twitter:label2\" content=\"Ansl. lesetid\" \/>\n\t<meta name=\"twitter:data2\" content=\"2 minutter\" \/>\n<script type=\"application\/ld+json\" class=\"yoast-schema-graph\">{\"@context\":\"https:\/\/schema.org\",\"@graph\":[{\"@type\":\"NewsArticle\",\"@id\":\"https:\/\/hoyre.no\/agder\/aktuelt\/uttalelse-styrk-norges-samarbeid-med-vare-europeiske-naboer\/\",\"url\":\"https:\/\/hoyre.no\/agder\/aktuelt\/uttalelse-styrk-norges-samarbeid-med-vare-europeiske-naboer\/\",\"name\":\"Uttalelse: Styrk Norges samarbeid med v\u00e5re europeiske naboer\u00a0 - Agder H\u00f8yre\",\"isPartOf\":{\"@id\":\"https:\/\/hoyre.no\/agder\/#website\"},\"datePublished\":\"2025-02-10T08:25:15+00:00\",\"dateModified\":\"2025-03-17T13:44:16+00:00\",\"author\":{\"@id\":\"https:\/\/hoyre.no\/agder\/#\/schema\/person\/fa4544cc1cd70c8f112defc606ad5155\"},\"breadcrumb\":{\"@id\":\"https:\/\/hoyre.no\/agder\/aktuelt\/uttalelse-styrk-norges-samarbeid-med-vare-europeiske-naboer\/#breadcrumb\"},\"inLanguage\":\"nb-NO\",\"potentialAction\":[{\"@type\":\"ReadAction\",\"target\":[\"https:\/\/hoyre.no\/agder\/aktuelt\/uttalelse-styrk-norges-samarbeid-med-vare-europeiske-naboer\/\"]}]},{\"@type\":\"BreadcrumbList\",\"@id\":\"https:\/\/hoyre.no\/agder\/aktuelt\/uttalelse-styrk-norges-samarbeid-med-vare-europeiske-naboer\/#breadcrumb\",\"itemListElement\":[{\"@type\":\"ListItem\",\"position\":1,\"name\":\"Til hoyre.no\",\"item\":\"https:\/\/hoyre.no\"},{\"@type\":\"ListItem\",\"position\":2,\"name\":\"Hjem\",\"item\":\"https:\/\/hoyre.no\/agder\/\"},{\"@type\":\"ListItem\",\"position\":3,\"name\":\"Uttalelse: Styrk Norges samarbeid med v\u00e5re europeiske naboer\u00a0\"}]},{\"@type\":\"WebSite\",\"@id\":\"https:\/\/hoyre.no\/agder\/#website\",\"url\":\"https:\/\/hoyre.no\/agder\/\",\"name\":\"Agder H\u00f8yre\",\"description\":\"Bare enda et H\u00f8yres nettsteder-nettsted\",\"inLanguage\":\"nb-NO\"},{\"@type\":\"Person\",\"@id\":\"https:\/\/hoyre.no\/agder\/#\/schema\/person\/fa4544cc1cd70c8f112defc606ad5155\",\"name\":\"Marius Dubland Andersen\",\"image\":{\"@type\":\"ImageObject\",\"inLanguage\":\"nb-NO\",\"@id\":\"https:\/\/hoyre.no\/agder\/#\/schema\/person\/image\/\",\"url\":\"https:\/\/secure.gravatar.com\/avatar\/5f2e42f5088d920b363c54cc2ff1f1d59b5c6641a4d28ba8e73fdc612c1e880f?s=96&d=mm&r=g\",\"contentUrl\":\"https:\/\/secure.gravatar.com\/avatar\/5f2e42f5088d920b363c54cc2ff1f1d59b5c6641a4d28ba8e73fdc612c1e880f?s=96&d=mm&r=g\",\"caption\":\"Marius Dubland Andersen\"},\"url\":\"https:\/\/hoyre.no\/agder\/aktuelt\/author\/m52129616\/\"}]}<\/script>\n<!-- \/ Yoast SEO Premium plugin. -->","yoast_head_json":{"title":"Uttalelse: Styrk Norges samarbeid med v\u00e5re europeiske naboer\u00a0 - Agder H\u00f8yre","robots":{"index":"index","follow":"follow","max-snippet":"max-snippet:-1","max-image-preview":"max-image-preview:large","max-video-preview":"max-video-preview:-1"},"canonical":"https:\/\/hoyre.no\/agder\/aktuelt\/uttalelse-styrk-norges-samarbeid-med-vare-europeiske-naboer\/","og_locale":"nb_NO","og_type":"article","og_title":"Uttalelse: Styrk Norges samarbeid med v\u00e5re europeiske naboer\u00a0","og_url":"https:\/\/hoyre.no\/agder\/aktuelt\/uttalelse-styrk-norges-samarbeid-med-vare-europeiske-naboer\/","og_site_name":"Agder H\u00f8yre","article_published_time":"2025-02-10T08:25:15+00:00","article_modified_time":"2025-03-17T13:44:16+00:00","og_image":[{"url":"https:\/\/hoyre.no\/content\/uploads\/sites\/6\/2026\/03\/Haagen-Poppe-Foto-Hans-Kristian-Thorbjornsen-1024x683.jpg","width":"","height":"","type":""}],"author":"Marius Dubland Andersen","twitter_card":"summary_large_image","twitter_misc":{"Skrevet av":"Marius Dubland Andersen","Ansl. lesetid":"2 minutter"},"schema":{"@context":"https:\/\/schema.org","@graph":[{"@type":"NewsArticle","@id":"https:\/\/hoyre.no\/agder\/aktuelt\/uttalelse-styrk-norges-samarbeid-med-vare-europeiske-naboer\/","url":"https:\/\/hoyre.no\/agder\/aktuelt\/uttalelse-styrk-norges-samarbeid-med-vare-europeiske-naboer\/","name":"Uttalelse: Styrk Norges samarbeid med v\u00e5re europeiske naboer\u00a0 - Agder H\u00f8yre","isPartOf":{"@id":"https:\/\/hoyre.no\/agder\/#website"},"datePublished":"2025-02-10T08:25:15+00:00","dateModified":"2025-03-17T13:44:16+00:00","author":{"@id":"https:\/\/hoyre.no\/agder\/#\/schema\/person\/fa4544cc1cd70c8f112defc606ad5155"},"breadcrumb":{"@id":"https:\/\/hoyre.no\/agder\/aktuelt\/uttalelse-styrk-norges-samarbeid-med-vare-europeiske-naboer\/#breadcrumb"},"inLanguage":"nb-NO","potentialAction":[{"@type":"ReadAction","target":["https:\/\/hoyre.no\/agder\/aktuelt\/uttalelse-styrk-norges-samarbeid-med-vare-europeiske-naboer\/"]}]},{"@type":"BreadcrumbList","@id":"https:\/\/hoyre.no\/agder\/aktuelt\/uttalelse-styrk-norges-samarbeid-med-vare-europeiske-naboer\/#breadcrumb","itemListElement":[{"@type":"ListItem","position":1,"name":"Til hoyre.no","item":"https:\/\/hoyre.no"},{"@type":"ListItem","position":2,"name":"Hjem","item":"https:\/\/hoyre.no\/agder\/"},{"@type":"ListItem","position":3,"name":"Uttalelse: Styrk Norges samarbeid med v\u00e5re europeiske naboer\u00a0"}]},{"@type":"WebSite","@id":"https:\/\/hoyre.no\/agder\/#website","url":"https:\/\/hoyre.no\/agder\/","name":"Agder H\u00f8yre","description":"Bare enda et H\u00f8yres nettsteder-nettsted","inLanguage":"nb-NO"},{"@type":"Person","@id":"https:\/\/hoyre.no\/agder\/#\/schema\/person\/fa4544cc1cd70c8f112defc606ad5155","name":"Marius Dubland Andersen","image":{"@type":"ImageObject","inLanguage":"nb-NO","@id":"https:\/\/hoyre.no\/agder\/#\/schema\/person\/image\/","url":"https:\/\/secure.gravatar.com\/avatar\/5f2e42f5088d920b363c54cc2ff1f1d59b5c6641a4d28ba8e73fdc612c1e880f?s=96&d=mm&r=g","contentUrl":"https:\/\/secure.gravatar.com\/avatar\/5f2e42f5088d920b363c54cc2ff1f1d59b5c6641a4d28ba8e73fdc612c1e880f?s=96&d=mm&r=g","caption":"Marius Dubland Andersen"},"url":"https:\/\/hoyre.no\/agder\/aktuelt\/author\/m52129616\/"}]}},"distributor_meta":false,"distributor_terms":false,"distributor_media":false,"distributor_original_site_name":"Agder H\u00f8yre","distributor_original_site_url":"https:\/\/hoyre.no\/agder","push-errors":false,"_links":{"self":[{"href":"https:\/\/hoyre.no\/agder\/wp-json\/wp\/v2\/posts\/2497","targetHints":{"allow":["GET"]}}],"collection":[{"href":"https:\/\/hoyre.no\/agder\/wp-json\/wp\/v2\/posts"}],"about":[{"href":"https:\/\/hoyre.no\/agder\/wp-json\/wp\/v2\/types\/post"}],"author":[{"embeddable":true,"href":"https:\/\/hoyre.no\/agder\/wp-json\/wp\/v2\/users\/32598"}],"replies":[{"embeddable":true,"href":"https:\/\/hoyre.no\/agder\/wp-json\/wp\/v2\/comments?post=2497"}],"version-history":[{"count":2,"href":"https:\/\/hoyre.no\/agder\/wp-json\/wp\/v2\/posts\/2497\/revisions"}],"predecessor-version":[{"id":2534,"href":"https:\/\/hoyre.no\/agder\/wp-json\/wp\/v2\/posts\/2497\/revisions\/2534"}],"wp:attachment":[{"href":"https:\/\/hoyre.no\/agder\/wp-json\/wp\/v2\/media?parent=2497"}],"wp:term":[{"taxonomy":"category","embeddable":true,"href":"https:\/\/hoyre.no\/agder\/wp-json\/wp\/v2\/category?post=2497"},{"taxonomy":"post_tag","embeddable":true,"href":"https:\/\/hoyre.no\/agder\/wp-json\/wp\/v2\/post_tag?post=2497"},{"taxonomy":"hoyre-visibility","embeddable":true,"href":"https:\/\/hoyre.no\/agder\/wp-json\/wp\/v2\/hoyre-visibility?post=2497"},{"taxonomy":"article-type","embeddable":true,"href":"https:\/\/hoyre.no\/agder\/wp-json\/wp\/v2\/article-type?post=2497"},{"taxonomy":"politician","embeddable":true,"href":"https:\/\/hoyre.no\/agder\/wp-json\/wp\/v2\/politician?post=2497"}],"curies":[{"name":"wp","href":"https:\/\/api.w.org\/{rel}","templated":true}]}}