{"id":253,"date":"2019-06-26T22:00:00","date_gmt":"2019-06-26T20:00:00","guid":{"rendered":"https:\/\/hoyre.no\/agder\/aktuelt\/regjeringen_leverer\/"},"modified":"2019-06-26T22:00:00","modified_gmt":"2019-06-26T20:00:00","slug":"regjeringen_leverer","status":"publish","type":"post","link":"https:\/\/hoyre.no\/agder\/aktuelt\/regjeringen_leverer\/","title":{"rendered":"Regjeringen leverer &#8211; en historisk utflytting av statlige arbeidsplasser til Arendal!"},"content":{"rendered":"<p class=\"preamble\">nn Arendal f\u00e5r b\u00e5de et divisjonshovedkontor for trafikant og kj\u00f8ret\u00f8y og regionkontor for veg og transport. En historisk utflytting av statlige arbeidsplasser og mange nye kompetansearbeidsplasser til Arendal!<\/p>\t\t\t<div class=\"post-meta wp-block teft-byline-wrapper\">\n\t\t\t\t<div class=\"top\">\n\t\t\t\t\t<div class=\"signature\">\n\t\t\t\t\t\t<div class=\"teft-byline\">\n\t\t\t\t\t\t\t\t\t\t\t\t\t\t<div>\n\t\t\t\t\t\t\t\t<h3>H\u00f8yres redaksjon<\/h3>\t\t\t\t\t\t\t\t\n\t\t\t\t\t\t\t\t\t\t\t\t\t\t\t\t\t<span class=\"date\">Sist oppdatert: 26. juni 2019<\/span>\n\t\t\t\t\t\t\t\t\t\t\t\t\t\t\t\t\t\t\t\t\t\t\t\t\t<span class=\"reading-time\" itemprop=\"timeRequired\" content=\"PT3M\"><em>Ca. 3 minutter lesetid<\/em><\/span>\n\t\t\t\t\t\t\t\t\t\t\t\t\t\t\t<\/div>\n\t\t\t\t\t\t<\/div>\n\t\t\t\t\t<\/div>\n\t\t\t\t\t\t<div class=\"sharing\">\n\t\t<a class=\"share-button share-link copy-link\" data-copy=\"https:\/\/hoyre.no\/agder\/aktuelt\/regjeringen_leverer\/\" target=\"_blank\"><span class=\"screen-reader-text\">Del link<\/span><\/a>\n\t\t<a class=\"share-button share-twitter\" href=\"http:\/\/twitter.com\/share?text=Regjeringen leverer &#8211; en historisk utflytting av statlige arbeidsplasser til Arendal!&#038;url=https:\/\/hoyre.no\/agder\/aktuelt\/regjeringen_leverer\/&#038;hashtags=Hoyre\" target=\"_blank\"><span class=\"screen-reader-text\">Del p\u00e5 twitter<\/span><\/a>\n\t\t<a class=\"share-button share-facebook\" href=\"https:\/\/www.facebook.com\/sharer\/sharer.php?u=https:\/\/hoyre.no\/agder\/aktuelt\/regjeringen_leverer\/\" target=\"_blank\"><span class=\"screen-reader-text\">Del p\u00e5 facebook<\/span><\/a>\n\t<\/div>\n\t\t\t\t\t<\/div>\n\t\t\t<\/div>\n\n\t\t\t<figure class=\"hoyre-image-wrapper\"><div class=\"hoyre-image\"><img loading=\"lazy\" decoding=\"async\" width=\"2560\" height=\"1920\" src=\"https:\/\/hoyre.no\/content\/uploads\/sites\/6\/2020\/11\/torunn-scaled.jpg\" class=\"attachment-scaled size-scaled\" alt=\"\" style=\"object-position: 50% 50%\" srcset=\"https:\/\/hoyre.no\/content\/uploads\/sites\/6\/2020\/11\/torunn-scaled.jpg 2560w, https:\/\/hoyre.no\/content\/uploads\/sites\/6\/2020\/11\/torunn-300x225.jpg 300w, https:\/\/hoyre.no\/content\/uploads\/sites\/6\/2020\/11\/torunn-1024x768.jpg 1024w, https:\/\/hoyre.no\/content\/uploads\/sites\/6\/2020\/11\/torunn-768x576.jpg 768w, https:\/\/hoyre.no\/content\/uploads\/sites\/6\/2020\/11\/torunn-1536x1152.jpg 1536w, https:\/\/hoyre.no\/content\/uploads\/sites\/6\/2020\/11\/torunn-2048x1536.jpg 2048w\" sizes=\"auto, (max-width: 2560px) 100vw, 2560px\" \/><\/div><\/figure><div id=\"hoyre-old-article-content-wrapper\"><p>n  <strong>Eit desentralisert Statens vegvesen for framtida!<\/strong><\/p>n<p>Statens vegvesen gjennomg\u00e5r store endringar for \u00e5 tilpasse seg framtidas arbeidsoppg\u00e5ver. Dagens regioninndeling vert bytta ut med divisjonar med ansvar for ulike fagfelt. No har vi avgjort kvar hovudkontora for dei nye fagdivisjonane skal ligge. Vi f\u00f8lger Statens vegvesens eige forslag om lokalisering i Arendal, Bergen, Troms\u00f8, Trondheim, Drammen og Moss. Med dette gjennomf\u00f8rer vi ei av dei st\u00f8rste utflyttingane av statlege arbeidsplassar fr\u00e5 Oslo p\u00e5 mange \u00e5r, og s\u00f8rger med det for at Statens vegvesen er til stades i heile landet.<\/p>n<p>Statens vegvesen har lagt retningslinjene for statlege arbeidsplassar til grunn for arbeidet med lokaliseringa av divisjonskontora.<\/p>n<p>Den st\u00f8rste endringa kjem i Oslo, der talet p\u00e5 tilsette i Vegdirektoratet, \u00f8vste niv\u00e5 i Statens vegvesen, vil reduserast betydeleg. Av dei tilsette i divisjonane er det berre dei som har oppg\u00e5ver med stadleg binding til Oslo som vert lokalisert i hovudstaden.<\/p>n<p>Vidare vert det regionale leddet av dei to divisjonane Veg og Transport og samfunn lokalisert der dagens regionvegkontor er plassert: Leikanger, Bod\u00f8, Molde, Lillehammer og Arendal. Dette leddet vil s\u00f8rge for god samhandling mellom lokale og regionale akt\u00f8rar og styresmakter p\u00e5 ein god m\u00e5te.<\/p>n<p>Vi s\u00f8rger med dette for at Statens vegvesen framleis er p\u00e5 plass i heile landet. Vi bygger \u00f2g vidare p\u00e5 eksisterande fagmilj\u00f8. Med ein samferdselssektor i enorm utvikling og eit m\u00e5l om mest mogleg igjen for pengane, er vi avhengige av at &laquo;det nye Statens vegvesen&raquo; fortsatt er i stand til \u00e5 levere god og effektiv vegbygging.<\/p>n<p>Statens vegvesen st\u00e5r i fleire store endringar samstundes. Administrasjonen av fylkesvegane og tilsette skal overf\u00f8rast til fylka. Det er kartlagt at Statens vegvesen har brukt om lag 1850 \u00e5rsverk p\u00e5 \u00e5 forvalte fylkesvegane p\u00e5 vegne av fylka. Denne overf\u00f8ringa skal vere p\u00e5 plass innan 1. januar 2020.n  <br \/>n<\/p>n<p>Vegvesenet jobbar \u00f2g med ny struktur p\u00e5 trafikant- og k\u00f8yret\u00f8yomr\u00e5de, der dei foresl\u00e5r \u00e5 redusere talet p\u00e5 trafikkstasjonar. For \u00e5 kunne oppretthalde eit godt tilbod i heile landet treng regjeringa fleire konkrete forslag for korleis innbyggarane skal f\u00e5 eit best mogleg tilbod. Difor  har samferdselsministeren bede Statens vegvesen om ytterligare vurderingar av avb\u00f8tande tiltak der ny struktur gir lengre reiseveg for publikum. I tillegg kjem denne omorganiseringa.<\/p>n<p>Endringane har mykje \u00e5 bety for mange menneskje. Eg er s\u00e6rs imponert over m\u00e5ten dei tilsette og leiinga har takla desse prosessane. Eg trur og h\u00e5par alle kjem styrka ut av desse endringane og vil vere stolt av sin arbeidsplass og i \u00e5ra som kjem. <\/p>n<p>n  <br \/>n<\/p>n<p><strong>Fordeling av kontora<\/strong><\/p>n<p>Dei nye divisjonshovudkontora er fordelt slik p\u00e5 dei ulike stadene:<\/p>n<p>Troms\u00f8 \u2013 Divisjon vegn  <br \/>Trondheim \u2013 Divisjon transport og samfunnn  <br \/>Bergen \u2013 Divisjon utbyggingn  <br \/><strong>Arendal \u2013 Divisjon trafikant- og k\u00f8yret\u00f8y<\/strong>n  <br \/>Drammen \u2013 Divisjon ITn  <br \/>Moss \u2013 Divisjon fellesfunksjonar<\/p>n<p>Det regionale leddet av dei to divisjonane Veg og Transport og samfunn vert lokalisert der dagens regionvegkontor er plassert: Leikanger, Bod\u00f8, Molde, Lillehammer og <strong>Arendal.<\/strong> Dette leddet vil s\u00f8rge for god samhandling mellom lokale og regionale akt\u00f8rar og styresmakter p\u00e5 ein god m\u00e5te.<\/p>n<p>Hele omstillinga skal i utgangspunktet vere gjennomf\u00f8rt innan utgangen av 2022.<\/p>n<p>n  <br \/>n<\/p>n<p>n  <br \/>n<\/p>n<p>n  <br \/>n<\/p><\/div>\n<div class=\"tags\">\n\t<\/div>\n<div class=\"post-footer alignfull has-background block-editor-block-list__block\" data-align=full>\n\t<div class=\"post-footer-inner\">\n\t\t<h3>Relaterte artikler<\/h3>\n\t\t<div class=\"related-content\"><div class=\"is-card-hoyre\">\n\t<div class=\"teft-card hoyre-teft-card post-teft-card\">\n\t\t<a href=\"https:\/\/hoyre.no\/agder\/aktuelt\/agder-hoyre-onsker-dine-innspill-fylkestings-programmet\/\" class=\"teft-card__primary-action\">\n\n\t\t\t\t\t<div class=\"teft-card__media teft-card__media--16-9\">\n\t\t\t\t\t\t<img loading=\"lazy\" decoding=\"async\" width=\"768\" height=\"819\" src=\"https:\/\/hoyre.no\/content\/uploads\/sites\/6\/2025\/06\/DSC04923-edited-768x819.jpg\" class=\"attachment-medium_large size-medium_large\" alt=\"\" srcset=\"https:\/\/hoyre.no\/content\/uploads\/sites\/6\/2025\/06\/DSC04923-edited-768x819.jpg 768w, https:\/\/hoyre.no\/content\/uploads\/sites\/6\/2025\/06\/DSC04923-edited-281x300.jpg 281w, https:\/\/hoyre.no\/content\/uploads\/sites\/6\/2025\/06\/DSC04923-edited-960x1024.jpg 960w, https:\/\/hoyre.no\/content\/uploads\/sites\/6\/2025\/06\/DSC04923-edited-1440x1536.jpg 1440w, https:\/\/hoyre.no\/content\/uploads\/sites\/6\/2025\/06\/DSC04923-edited-1920x2048.jpg 1920w\" sizes=\"auto, (max-width: 768px) 100vw, 768px\" \/>\t\t<\/div>\n\t\t\n\t\t\t<div class=\"teft-card__content-wrapper\">\n\t\t\t\t<div class=\"teft-card__secondary\">\n\t\t\t\t\t\n\t\t\t\t\t\t\t\t<div class=\"teft-card__meta\">\n\t\t\t\t\t\t\t\t\t<span class=\"post-date\">21. apr 2026<\/span>\n\n\t\t\t\t\t\t\t\t\t<span class=\"post-category\">Nyheter<\/span>\t\t\t\t\t\t\t\t<\/div>\n\t\t\t\t\t\t\t\t\t\t\t<\/div>\n\n\t\t\t\t<div class=\"teft-card__primary\">\n\t\t\t\t\t<h2 class=\"teft-card__title\">Agder H\u00f8yres programprosess for Fylkestingsvalget 2027&nbsp;<span class=\"teft-card__primary-title-append\"><\/span><\/h2>\t\t\t\t<\/div>\n\t\t\t<\/div>\n\t\t<\/a>\n\t<\/div>\n\n\t<\/div><div class=\"is-card-hoyre\">\n\t<div class=\"teft-card hoyre-teft-card post-teft-card\">\n\t\t<a href=\"https:\/\/hoyre.no\/agder\/aktuelt\/agder-hoyres-nye-regionradgiver\/\" class=\"teft-card__primary-action\">\n\n\t\t\t\t\t<div class=\"teft-card__media teft-card__media--16-9\">\n\t\t\t\t\t\t<img loading=\"lazy\" decoding=\"async\" width=\"768\" height=\"768\" src=\"https:\/\/hoyre.no\/content\/uploads\/sites\/6\/2026\/03\/Aleksander-L-768x768.png\" class=\"attachment-medium_large size-medium_large\" alt=\"\" srcset=\"https:\/\/hoyre.no\/content\/uploads\/sites\/6\/2026\/03\/Aleksander-L-768x768.png 768w, https:\/\/hoyre.no\/content\/uploads\/sites\/6\/2026\/03\/Aleksander-L-e1775591785378-300x300.png 300w, https:\/\/hoyre.no\/content\/uploads\/sites\/6\/2026\/03\/Aleksander-L-e1775591785378-150x150.png 150w, https:\/\/hoyre.no\/content\/uploads\/sites\/6\/2026\/03\/Aleksander-L-e1775591785378.png 722w\" sizes=\"auto, (max-width: 768px) 100vw, 768px\" \/>\t\t<\/div>\n\t\t\n\t\t\t<div class=\"teft-card__content-wrapper\">\n\t\t\t\t<div class=\"teft-card__secondary\">\n\t\t\t\t\t\n\t\t\t\t\t\t\t\t<div class=\"teft-card__meta\">\n\t\t\t\t\t\t\t\t\t<span class=\"post-date\">23. mar 2026<\/span>\n\n\t\t\t\t\t\t\t\t\t\t\t\t\t\t\t\t\t<\/div>\n\t\t\t\t\t\t\t\t\t\t\t<\/div>\n\n\t\t\t\t<div class=\"teft-card__primary\">\n\t\t\t\t\t<h2 class=\"teft-card__title\">Agder H\u00f8yres nye regionr\u00e5dgiver&nbsp;<span class=\"teft-card__primary-title-append\"><\/span><\/h2>\t\t\t\t<\/div>\n\t\t\t<\/div>\n\t\t<\/a>\n\t<\/div>\n\n\t<\/div><div class=\"is-card-hoyre\">\n\t<div class=\"teft-card hoyre-teft-card post-teft-card\">\n\t\t<a href=\"https:\/\/hoyre.no\/agder\/aktuelt\/agder-hoyres-nominasjonsprosess-for-fylkestingsvalget-2027\/\" class=\"teft-card__primary-action\">\n\n\t\t\t\t\t<div class=\"teft-card__media teft-card__media--16-9\">\n\t\t\t\t\t\t<img loading=\"lazy\" decoding=\"async\" width=\"768\" height=\"512\" src=\"https:\/\/hoyre.no\/content\/uploads\/sites\/6\/2026\/03\/Haagen-Poppe-Foto-Hans-Kristian-Thorbjornsen-768x512.jpg\" class=\"attachment-medium_large size-medium_large\" alt=\"\" srcset=\"https:\/\/hoyre.no\/content\/uploads\/sites\/6\/2026\/03\/Haagen-Poppe-Foto-Hans-Kristian-Thorbjornsen-768x512.jpg 768w, https:\/\/hoyre.no\/content\/uploads\/sites\/6\/2026\/03\/Haagen-Poppe-Foto-Hans-Kristian-Thorbjornsen-300x200.jpg 300w, https:\/\/hoyre.no\/content\/uploads\/sites\/6\/2026\/03\/Haagen-Poppe-Foto-Hans-Kristian-Thorbjornsen-1024x683.jpg 1024w, https:\/\/hoyre.no\/content\/uploads\/sites\/6\/2026\/03\/Haagen-Poppe-Foto-Hans-Kristian-Thorbjornsen-1536x1025.jpg 1536w, https:\/\/hoyre.no\/content\/uploads\/sites\/6\/2026\/03\/Haagen-Poppe-Foto-Hans-Kristian-Thorbjornsen-2048x1366.jpg 2048w\" sizes=\"auto, (max-width: 768px) 100vw, 768px\" \/>\t\t<\/div>\n\t\t\n\t\t\t<div class=\"teft-card__content-wrapper\">\n\t\t\t\t<div class=\"teft-card__secondary\">\n\t\t\t\t\t\n\t\t\t\t\t\t\t\t<div class=\"teft-card__meta\">\n\t\t\t\t\t\t\t\t\t<span class=\"post-date\">5. mar 2026<\/span>\n\n\t\t\t\t\t\t\t\t\t\t\t\t\t\t\t\t\t<\/div>\n\t\t\t\t\t\t\t\t\t\t\t<\/div>\n\n\t\t\t\t<div class=\"teft-card__primary\">\n\t\t\t\t\t<h2 class=\"teft-card__title\">Agder H\u00f8yres nominasjonsprosess for  Fylkestingsvalget 2027&nbsp;<span class=\"teft-card__primary-title-append\"><\/span><\/h2>\t\t\t\t<\/div>\n\t\t\t<\/div>\n\t\t<\/a>\n\t<\/div>\n\n\t<\/div><\/div>\t<\/div>\n<\/div>\n","protected":false},"excerpt":{"rendered":"","protected":false},"author":0,"featured_media":0,"comment_status":"open","ping_status":"open","sticky":false,"template":"","format":"standard","meta":{"teft_cards_image_url":"https:\/\/hoyre.no\/content\/uploads\/sites\/6\/2020\/11\/torunn-scaled.jpg","teft_cards_custom_pretitle":"","teft_cards_image_id":252,"teft_cards_image_focal_point_x":0,"teft_cards_image_focal_point_y":0,"teft_cards_title":"","teft_cards_excerpt":"","teft_show_chapters":false,"author_display_name":"Agder H\u00f8yre","footnotes":""},"category":[1],"post_tag":[],"hoyre-visibility":[],"article-type":[],"politician":[],"class_list":["post-253","post","type-post","status-publish","format-standard","hentry","category-ukategorisert"],"yoast_head":"<!-- This site is optimized with the Yoast SEO Premium plugin v26.5 (Yoast SEO v26.6) - https:\/\/yoast.com\/wordpress\/plugins\/seo\/ -->\n<title>Regjeringen leverer - en historisk utflytting av statlige arbeidsplasser til Arendal! - Agder H\u00f8yre<\/title>\n<meta name=\"robots\" content=\"index, follow, max-snippet:-1, max-image-preview:large, max-video-preview:-1\" \/>\n<link rel=\"canonical\" href=\"https:\/\/hoyre.no\/agder\/aktuelt\/regjeringen_leverer\/\" \/>\n<meta property=\"og:locale\" content=\"nb_NO\" \/>\n<meta property=\"og:type\" content=\"article\" \/>\n<meta property=\"og:title\" content=\"Regjeringen leverer - en historisk utflytting av statlige arbeidsplasser til Arendal!\" \/>\n<meta property=\"og:url\" content=\"https:\/\/hoyre.no\/agder\/aktuelt\/regjeringen_leverer\/\" \/>\n<meta property=\"og:site_name\" content=\"Agder H\u00f8yre\" \/>\n<meta property=\"article:published_time\" content=\"2019-06-26T20:00:00+00:00\" \/>\n<meta property=\"og:image\" content=\"https:\/\/hoyre.no\/content\/uploads\/sites\/6\/2026\/03\/Haagen-Poppe-Foto-Hans-Kristian-Thorbjornsen-1024x683.jpg\" \/>\n<meta name=\"twitter:card\" content=\"summary_large_image\" \/>\n<meta name=\"twitter:label1\" content=\"Ansl. lesetid\" \/>\n\t<meta name=\"twitter:data1\" content=\"3 minutter\" \/>\n<script type=\"application\/ld+json\" class=\"yoast-schema-graph\">{\"@context\":\"https:\/\/schema.org\",\"@graph\":[{\"@type\":\"NewsArticle\",\"@id\":\"https:\/\/hoyre.no\/agder\/aktuelt\/regjeringen_leverer\/\",\"url\":\"https:\/\/hoyre.no\/agder\/aktuelt\/regjeringen_leverer\/\",\"name\":\"Regjeringen leverer - en historisk utflytting av statlige arbeidsplasser til Arendal! - Agder H\u00f8yre\",\"isPartOf\":{\"@id\":\"https:\/\/hoyre.no\/agder\/#website\"},\"datePublished\":\"2019-06-26T20:00:00+00:00\",\"author\":{\"@id\":\"\"},\"breadcrumb\":{\"@id\":\"https:\/\/hoyre.no\/agder\/aktuelt\/regjeringen_leverer\/#breadcrumb\"},\"inLanguage\":\"nb-NO\",\"potentialAction\":[{\"@type\":\"ReadAction\",\"target\":[\"https:\/\/hoyre.no\/agder\/aktuelt\/regjeringen_leverer\/\"]}]},{\"@type\":\"BreadcrumbList\",\"@id\":\"https:\/\/hoyre.no\/agder\/aktuelt\/regjeringen_leverer\/#breadcrumb\",\"itemListElement\":[{\"@type\":\"ListItem\",\"position\":1,\"name\":\"Til hoyre.no\",\"item\":\"https:\/\/hoyre.no\"},{\"@type\":\"ListItem\",\"position\":2,\"name\":\"Hjem\",\"item\":\"https:\/\/hoyre.no\/agder\/\"},{\"@type\":\"ListItem\",\"position\":3,\"name\":\"Regjeringen leverer &#8211; en historisk utflytting av statlige arbeidsplasser til Arendal!\"}]},{\"@type\":\"WebSite\",\"@id\":\"https:\/\/hoyre.no\/agder\/#website\",\"url\":\"https:\/\/hoyre.no\/agder\/\",\"name\":\"Agder H\u00f8yre\",\"description\":\"Bare enda et H\u00f8yres nettsteder-nettsted\",\"inLanguage\":\"nb-NO\"}]}<\/script>\n<!-- \/ Yoast SEO Premium plugin. -->","yoast_head_json":{"title":"Regjeringen leverer - en historisk utflytting av statlige arbeidsplasser til Arendal! - Agder H\u00f8yre","robots":{"index":"index","follow":"follow","max-snippet":"max-snippet:-1","max-image-preview":"max-image-preview:large","max-video-preview":"max-video-preview:-1"},"canonical":"https:\/\/hoyre.no\/agder\/aktuelt\/regjeringen_leverer\/","og_locale":"nb_NO","og_type":"article","og_title":"Regjeringen leverer - en historisk utflytting av statlige arbeidsplasser til Arendal!","og_url":"https:\/\/hoyre.no\/agder\/aktuelt\/regjeringen_leverer\/","og_site_name":"Agder H\u00f8yre","article_published_time":"2019-06-26T20:00:00+00:00","og_image":[{"url":"https:\/\/hoyre.no\/content\/uploads\/sites\/6\/2026\/03\/Haagen-Poppe-Foto-Hans-Kristian-Thorbjornsen-1024x683.jpg","width":"","height":"","type":""}],"twitter_card":"summary_large_image","twitter_misc":{"Ansl. lesetid":"3 minutter"},"schema":{"@context":"https:\/\/schema.org","@graph":[{"@type":"NewsArticle","@id":"https:\/\/hoyre.no\/agder\/aktuelt\/regjeringen_leverer\/","url":"https:\/\/hoyre.no\/agder\/aktuelt\/regjeringen_leverer\/","name":"Regjeringen leverer - en historisk utflytting av statlige arbeidsplasser til Arendal! - Agder H\u00f8yre","isPartOf":{"@id":"https:\/\/hoyre.no\/agder\/#website"},"datePublished":"2019-06-26T20:00:00+00:00","author":{"@id":""},"breadcrumb":{"@id":"https:\/\/hoyre.no\/agder\/aktuelt\/regjeringen_leverer\/#breadcrumb"},"inLanguage":"nb-NO","potentialAction":[{"@type":"ReadAction","target":["https:\/\/hoyre.no\/agder\/aktuelt\/regjeringen_leverer\/"]}]},{"@type":"BreadcrumbList","@id":"https:\/\/hoyre.no\/agder\/aktuelt\/regjeringen_leverer\/#breadcrumb","itemListElement":[{"@type":"ListItem","position":1,"name":"Til hoyre.no","item":"https:\/\/hoyre.no"},{"@type":"ListItem","position":2,"name":"Hjem","item":"https:\/\/hoyre.no\/agder\/"},{"@type":"ListItem","position":3,"name":"Regjeringen leverer &#8211; en historisk utflytting av statlige arbeidsplasser til Arendal!"}]},{"@type":"WebSite","@id":"https:\/\/hoyre.no\/agder\/#website","url":"https:\/\/hoyre.no\/agder\/","name":"Agder H\u00f8yre","description":"Bare enda et H\u00f8yres nettsteder-nettsted","inLanguage":"nb-NO"}]}},"distributor_meta":false,"distributor_terms":false,"distributor_media":false,"distributor_original_site_name":"Agder H\u00f8yre","distributor_original_site_url":"https:\/\/hoyre.no\/agder","push-errors":false,"_links":{"self":[{"href":"https:\/\/hoyre.no\/agder\/wp-json\/wp\/v2\/posts\/253","targetHints":{"allow":["GET"]}}],"collection":[{"href":"https:\/\/hoyre.no\/agder\/wp-json\/wp\/v2\/posts"}],"about":[{"href":"https:\/\/hoyre.no\/agder\/wp-json\/wp\/v2\/types\/post"}],"replies":[{"embeddable":true,"href":"https:\/\/hoyre.no\/agder\/wp-json\/wp\/v2\/comments?post=253"}],"version-history":[{"count":0,"href":"https:\/\/hoyre.no\/agder\/wp-json\/wp\/v2\/posts\/253\/revisions"}],"wp:attachment":[{"href":"https:\/\/hoyre.no\/agder\/wp-json\/wp\/v2\/media?parent=253"}],"wp:term":[{"taxonomy":"category","embeddable":true,"href":"https:\/\/hoyre.no\/agder\/wp-json\/wp\/v2\/category?post=253"},{"taxonomy":"post_tag","embeddable":true,"href":"https:\/\/hoyre.no\/agder\/wp-json\/wp\/v2\/post_tag?post=253"},{"taxonomy":"hoyre-visibility","embeddable":true,"href":"https:\/\/hoyre.no\/agder\/wp-json\/wp\/v2\/hoyre-visibility?post=253"},{"taxonomy":"article-type","embeddable":true,"href":"https:\/\/hoyre.no\/agder\/wp-json\/wp\/v2\/article-type?post=253"},{"taxonomy":"politician","embeddable":true,"href":"https:\/\/hoyre.no\/agder\/wp-json\/wp\/v2\/politician?post=253"}],"curies":[{"name":"wp","href":"https:\/\/api.w.org\/{rel}","templated":true}]}}