{"id":264,"date":"2020-02-07T23:00:00","date_gmt":"2020-02-07T22:00:00","guid":{"rendered":"https:\/\/hoyre.no\/agder\/aktuelt\/resolusjon_akuttsykehus_kristiansand_helsetjenester\/"},"modified":"2020-02-07T23:00:00","modified_gmt":"2020-02-07T22:00:00","slug":"resolusjon_akuttsykehus_kristiansand_helsetjenester","status":"publish","type":"post","link":"https:\/\/hoyre.no\/agder\/aktuelt\/resolusjon_akuttsykehus_kristiansand_helsetjenester\/","title":{"rendered":"Resolusjon: Akutt behov for bedre helsetjenester"},"content":{"rendered":"<p class=\"preamble\">n Resolusjonen &laquo;Akutt behov for bedre helsetjenester&raquo; ble behandlet og vedtatt av Agder H\u00f8yres fylkes\u00e5rsm\u00f8te den 8. februar 2020. Hele teksten kan du lese under.n n<\/p>\t\t\t<div class=\"post-meta wp-block teft-byline-wrapper\">\n\t\t\t\t<div class=\"top\">\n\t\t\t\t\t<div class=\"signature\">\n\t\t\t\t\t\t<div class=\"teft-byline\">\n\t\t\t\t\t\t\t\t\t\t\t\t\t\t<div>\n\t\t\t\t\t\t\t\t<h3>H\u00f8yres redaksjon<\/h3>\t\t\t\t\t\t\t\t\n\t\t\t\t\t\t\t\t\t\t\t\t\t\t\t\t\t<span class=\"date\">Sist oppdatert: 7. februar 2020<\/span>\n\t\t\t\t\t\t\t\t\t\t\t\t\t\t\t\t\t\t\t\t\t\t\t\t\t<span class=\"reading-time\" itemprop=\"timeRequired\" content=\"PT3M\"><em>Ca. 3 minutter lesetid<\/em><\/span>\n\t\t\t\t\t\t\t\t\t\t\t\t\t\t\t<\/div>\n\t\t\t\t\t\t<\/div>\n\t\t\t\t\t<\/div>\n\t\t\t\t\t\t<div class=\"sharing\">\n\t\t<a class=\"share-button share-link copy-link\" data-copy=\"https:\/\/hoyre.no\/agder\/aktuelt\/resolusjon_akuttsykehus_kristiansand_helsetjenester\/\" target=\"_blank\"><span class=\"screen-reader-text\">Del link<\/span><\/a>\n\t\t<a class=\"share-button share-twitter\" href=\"http:\/\/twitter.com\/share?text=Resolusjon: Akutt behov for bedre helsetjenester&#038;url=https:\/\/hoyre.no\/agder\/aktuelt\/resolusjon_akuttsykehus_kristiansand_helsetjenester\/&#038;hashtags=Hoyre\" target=\"_blank\"><span class=\"screen-reader-text\">Del p\u00e5 twitter<\/span><\/a>\n\t\t<a class=\"share-button share-facebook\" href=\"https:\/\/www.facebook.com\/sharer\/sharer.php?u=https:\/\/hoyre.no\/agder\/aktuelt\/resolusjon_akuttsykehus_kristiansand_helsetjenester\/\" target=\"_blank\"><span class=\"screen-reader-text\">Del p\u00e5 facebook<\/span><\/a>\n\t<\/div>\n\t\t\t\t\t<\/div>\n\t\t\t<\/div>\n\n\t\t\t<figure class=\"hoyre-image-wrapper\"><div class=\"hoyre-image\"><img loading=\"lazy\" decoding=\"async\" width=\"1200\" height=\"675\" src=\"https:\/\/hoyre.no\/content\/uploads\/sites\/6\/2020\/11\/gettyimages_47192744_16x9.jpg\" class=\"attachment-scaled size-scaled\" alt=\"\" style=\"object-position: 50% 50%\" srcset=\"https:\/\/hoyre.no\/content\/uploads\/sites\/6\/2020\/11\/gettyimages_47192744_16x9.jpg 1200w, https:\/\/hoyre.no\/content\/uploads\/sites\/6\/2020\/11\/gettyimages_47192744_16x9-300x169.jpg 300w, https:\/\/hoyre.no\/content\/uploads\/sites\/6\/2020\/11\/gettyimages_47192744_16x9-1024x576.jpg 1024w, https:\/\/hoyre.no\/content\/uploads\/sites\/6\/2020\/11\/gettyimages_47192744_16x9-768x432.jpg 768w\" sizes=\"auto, (max-width: 1200px) 100vw, 1200px\" \/><\/div><\/figure><div id=\"hoyre-old-article-content-wrapper\"><p>nn  <b>Det er prek\u00e6rt behov for nytt akuttmottak ved S\u00f8rlandet sykehus HFni Kristiansand. Dagens akuttmottak er ikke dimensjonert for verken dagens ellernfremtidig behov.<\/b><\/p>nn<p>Akuttmottaket er dimensjonert for 15.000 \u00e5rlige pasientinnkomster. De siste \u00e5rene har pasientstr\u00f8mmen til akuttmottaket \u00f8kt med ca. 1000 innkomster per \u00e5r, og i 2018 var det ca. 30.000. Flere medieoppslag har belyst den dramatiske kapasitetskrisen og hvor uverdige forholdene er for akuttpasienter.<\/p>nn<p>If\u00f8lge \u00abNasjonal helse- og sykehusplan\u00bb planlegger Helse S\u00f8r-\u00d8st (HS\u00d8) \u00e5 investere for 52 milliarder kroner i perioden 2020-2024. Akuttbygget i Kristiansand omtales i planen, men avhenger av fremdriften i helseforetakets andre prosjekter. If\u00f8lge HS\u00d8 vil f\u00f8rste planleggingsfase for akuttbygg tidligst kunne starte opp i 2021. Dette kan inneb\u00e6re at bygget tidligst vil kunne tas i bruk i 2028-29.<\/p>nn<p>Agder H\u00f8yre mener situasjonen er uholdbar. Det er avgj\u00f8rende \u00e5 ha et sykehus som dekker befolkningens behov for akutt- og tilh\u00f8rende funksjoner p\u00e5 en tilfredsstillende m\u00e5te. Det gj\u00f8r ikke dagens akuttmottak. Situasjonen er kritisk for ansatte og uakseptabel for regionens innbyggere. Vi registrerer at tillitsvalgte i hele S\u00f8rlandet Sykehus HF (SSHF) er tydelige p\u00e5 at akuttavdelingene i Arendal og Flekkefjord ikke vil kunne avhjelpe situasjonen i Kristiansand, og de er samstemte om behovet for nytt akuttmottak i Kristiansand.<\/p>nn<p>Vertskommunen har tatt initiativ til \u00e5 tenke nytt for raskere realisering av nytt akuttbygg, og en samordning av helsetjenester p\u00e5 tvers av forvaltningsniv\u00e5ene. Kristiansand kommune leverer legevaktstjenester til ca. 150.000 innbyggere. Lokalene er utdaterte og ikke i tr\u00e5d med dagens standard. Det er kritisk for kommunen \u00e5 starte arbeidet med ny legevakt. P\u00e5 samme m\u00e5te som for sykehusets akuttmottak, tar kommunen n\u00e5 i bruk brakker for \u00e5 l\u00f8se de mest akutte behov. Nylig har kommunene og sykehuset i samarbeid identifisert hvilke funksjoner som vil ha merverdi ved samlokalisering. I dag kj\u00f8res pasienter med ambulanse rundt hushj\u00f8rnet fra legevakten til akuttmottaket. <\/p>nn<p>Kristiansand kommune har tilbudt seg \u00e5 bygge og leie ut arealer til SSHF, med opsjon for sykehuset \u00e5 kunne overta bygget helt eller delvis p\u00e5 et senere tidspunkt. Dette betinger at SSHF snarest gis tillatelse til \u00e5 starte planleggingen av et nytt felles akuttbygg i Kristiansand. Bygget vil ogs\u00e5 kunne romme arealer som disponeres av universitetet og andre aktuelle funksjoner.<\/p>nn<p>Helseminister Bent H\u00f8ie er kjent med prosjektet og positiv til nye tanker og samarbeidsm\u00f8nstre i helsetjenestene. En samlokalisering av ny storby-legevakt og akuttbygg vil v\u00e6re i tr\u00e5d med regjeringens ambisjon om \u00e5 skape en mer sammenhengende helse- og omsorgstjeneste. Agder H\u00f8yre er opptatt av at regionen har et godt sykehustilbud med h\u00f8y faglig kvalitet. Vi mener situasjonen i dag er uholdbar og krever forsvarlige helsetjenester til innbyggerne i Agder.<\/p>nn<p><b>Agder H\u00f8yre vil:<\/b><\/p>n<ul>n  <li>at vi benytter muligheten for en raskere realisering av nytt akuttmottak ved S\u00f8rlandet sykehus HF i Kristiansand. Nytt akuttmottak er viktig for hele regionen. Gjennom samlokalisering med Kristiansand legevakt vil n\u00e6r halvparten av Agders befolkning ogs\u00e5 f\u00e5 betydelig mer samordnede helsetjenester.n  <\/li>n<\/ul><\/div>\n<div class=\"tags\">\n\t<\/div>\n<div class=\"post-footer alignfull has-background block-editor-block-list__block\" data-align=full>\n\t<div class=\"post-footer-inner\">\n\t\t<h3>Relaterte artikler<\/h3>\n\t\t<div class=\"related-content\"><div class=\"is-card-hoyre\">\n\t<div class=\"teft-card hoyre-teft-card post-teft-card\">\n\t\t<a href=\"https:\/\/hoyre.no\/agder\/aktuelt\/agder-hoyre-onsker-dine-innspill-fylkestings-programmet\/\" class=\"teft-card__primary-action\">\n\n\t\t\t\t\t<div class=\"teft-card__media teft-card__media--16-9\">\n\t\t\t\t\t\t<img loading=\"lazy\" decoding=\"async\" width=\"768\" height=\"819\" src=\"https:\/\/hoyre.no\/content\/uploads\/sites\/6\/2025\/06\/DSC04923-edited-768x819.jpg\" class=\"attachment-medium_large size-medium_large\" alt=\"\" srcset=\"https:\/\/hoyre.no\/content\/uploads\/sites\/6\/2025\/06\/DSC04923-edited-768x819.jpg 768w, https:\/\/hoyre.no\/content\/uploads\/sites\/6\/2025\/06\/DSC04923-edited-281x300.jpg 281w, https:\/\/hoyre.no\/content\/uploads\/sites\/6\/2025\/06\/DSC04923-edited-960x1024.jpg 960w, https:\/\/hoyre.no\/content\/uploads\/sites\/6\/2025\/06\/DSC04923-edited-1440x1536.jpg 1440w, https:\/\/hoyre.no\/content\/uploads\/sites\/6\/2025\/06\/DSC04923-edited-1920x2048.jpg 1920w\" sizes=\"auto, (max-width: 768px) 100vw, 768px\" \/>\t\t<\/div>\n\t\t\n\t\t\t<div class=\"teft-card__content-wrapper\">\n\t\t\t\t<div class=\"teft-card__secondary\">\n\t\t\t\t\t\n\t\t\t\t\t\t\t\t<div class=\"teft-card__meta\">\n\t\t\t\t\t\t\t\t\t<span class=\"post-date\">21. apr 2026<\/span>\n\n\t\t\t\t\t\t\t\t\t<span class=\"post-category\">Nyheter<\/span>\t\t\t\t\t\t\t\t<\/div>\n\t\t\t\t\t\t\t\t\t\t\t<\/div>\n\n\t\t\t\t<div class=\"teft-card__primary\">\n\t\t\t\t\t<h2 class=\"teft-card__title\">Agder H\u00f8yres programprosess for Fylkestingsvalget 2027&nbsp;<span class=\"teft-card__primary-title-append\"><\/span><\/h2>\t\t\t\t<\/div>\n\t\t\t<\/div>\n\t\t<\/a>\n\t<\/div>\n\n\t<\/div><div class=\"is-card-hoyre\">\n\t<div class=\"teft-card hoyre-teft-card post-teft-card\">\n\t\t<a href=\"https:\/\/hoyre.no\/agder\/aktuelt\/agder-hoyres-nye-regionradgiver\/\" class=\"teft-card__primary-action\">\n\n\t\t\t\t\t<div class=\"teft-card__media teft-card__media--16-9\">\n\t\t\t\t\t\t<img loading=\"lazy\" decoding=\"async\" width=\"768\" height=\"768\" src=\"https:\/\/hoyre.no\/content\/uploads\/sites\/6\/2026\/03\/Aleksander-L-768x768.png\" class=\"attachment-medium_large size-medium_large\" alt=\"\" srcset=\"https:\/\/hoyre.no\/content\/uploads\/sites\/6\/2026\/03\/Aleksander-L-768x768.png 768w, https:\/\/hoyre.no\/content\/uploads\/sites\/6\/2026\/03\/Aleksander-L-e1775591785378-300x300.png 300w, https:\/\/hoyre.no\/content\/uploads\/sites\/6\/2026\/03\/Aleksander-L-e1775591785378-150x150.png 150w, https:\/\/hoyre.no\/content\/uploads\/sites\/6\/2026\/03\/Aleksander-L-e1775591785378.png 722w\" sizes=\"auto, (max-width: 768px) 100vw, 768px\" \/>\t\t<\/div>\n\t\t\n\t\t\t<div class=\"teft-card__content-wrapper\">\n\t\t\t\t<div class=\"teft-card__secondary\">\n\t\t\t\t\t\n\t\t\t\t\t\t\t\t<div class=\"teft-card__meta\">\n\t\t\t\t\t\t\t\t\t<span class=\"post-date\">23. mar 2026<\/span>\n\n\t\t\t\t\t\t\t\t\t\t\t\t\t\t\t\t\t<\/div>\n\t\t\t\t\t\t\t\t\t\t\t<\/div>\n\n\t\t\t\t<div class=\"teft-card__primary\">\n\t\t\t\t\t<h2 class=\"teft-card__title\">Agder H\u00f8yres nye regionr\u00e5dgiver&nbsp;<span class=\"teft-card__primary-title-append\"><\/span><\/h2>\t\t\t\t<\/div>\n\t\t\t<\/div>\n\t\t<\/a>\n\t<\/div>\n\n\t<\/div><div class=\"is-card-hoyre\">\n\t<div class=\"teft-card hoyre-teft-card post-teft-card\">\n\t\t<a href=\"https:\/\/hoyre.no\/agder\/aktuelt\/agder-hoyres-nominasjonsprosess-for-fylkestingsvalget-2027\/\" class=\"teft-card__primary-action\">\n\n\t\t\t\t\t<div class=\"teft-card__media teft-card__media--16-9\">\n\t\t\t\t\t\t<img loading=\"lazy\" decoding=\"async\" width=\"768\" height=\"512\" src=\"https:\/\/hoyre.no\/content\/uploads\/sites\/6\/2026\/03\/Haagen-Poppe-Foto-Hans-Kristian-Thorbjornsen-768x512.jpg\" class=\"attachment-medium_large size-medium_large\" alt=\"\" srcset=\"https:\/\/hoyre.no\/content\/uploads\/sites\/6\/2026\/03\/Haagen-Poppe-Foto-Hans-Kristian-Thorbjornsen-768x512.jpg 768w, https:\/\/hoyre.no\/content\/uploads\/sites\/6\/2026\/03\/Haagen-Poppe-Foto-Hans-Kristian-Thorbjornsen-300x200.jpg 300w, https:\/\/hoyre.no\/content\/uploads\/sites\/6\/2026\/03\/Haagen-Poppe-Foto-Hans-Kristian-Thorbjornsen-1024x683.jpg 1024w, https:\/\/hoyre.no\/content\/uploads\/sites\/6\/2026\/03\/Haagen-Poppe-Foto-Hans-Kristian-Thorbjornsen-1536x1025.jpg 1536w, https:\/\/hoyre.no\/content\/uploads\/sites\/6\/2026\/03\/Haagen-Poppe-Foto-Hans-Kristian-Thorbjornsen-2048x1366.jpg 2048w\" sizes=\"auto, (max-width: 768px) 100vw, 768px\" \/>\t\t<\/div>\n\t\t\n\t\t\t<div class=\"teft-card__content-wrapper\">\n\t\t\t\t<div class=\"teft-card__secondary\">\n\t\t\t\t\t\n\t\t\t\t\t\t\t\t<div class=\"teft-card__meta\">\n\t\t\t\t\t\t\t\t\t<span class=\"post-date\">5. mar 2026<\/span>\n\n\t\t\t\t\t\t\t\t\t\t\t\t\t\t\t\t\t<\/div>\n\t\t\t\t\t\t\t\t\t\t\t<\/div>\n\n\t\t\t\t<div class=\"teft-card__primary\">\n\t\t\t\t\t<h2 class=\"teft-card__title\">Agder H\u00f8yres nominasjonsprosess for  Fylkestingsvalget 2027&nbsp;<span class=\"teft-card__primary-title-append\"><\/span><\/h2>\t\t\t\t<\/div>\n\t\t\t<\/div>\n\t\t<\/a>\n\t<\/div>\n\n\t<\/div><\/div>\t<\/div>\n<\/div>\n","protected":false},"excerpt":{"rendered":"","protected":false},"author":0,"featured_media":0,"comment_status":"open","ping_status":"open","sticky":false,"template":"","format":"standard","meta":{"teft_cards_image_url":"https:\/\/hoyre.no\/content\/uploads\/sites\/6\/2020\/11\/gettyimages_47192744_16x9.jpg","teft_cards_custom_pretitle":"","teft_cards_image_id":263,"teft_cards_image_focal_point_x":0,"teft_cards_image_focal_point_y":0,"teft_cards_title":"","teft_cards_excerpt":"","teft_show_chapters":false,"author_display_name":"Agder H\u00f8yre","footnotes":""},"category":[1],"post_tag":[],"hoyre-visibility":[],"article-type":[],"politician":[],"class_list":["post-264","post","type-post","status-publish","format-standard","hentry","category-ukategorisert"],"yoast_head":"<!-- This site is optimized with the Yoast SEO Premium plugin v26.5 (Yoast SEO v26.6) - https:\/\/yoast.com\/wordpress\/plugins\/seo\/ -->\n<title>Resolusjon: Akutt behov for bedre helsetjenester - Agder H\u00f8yre<\/title>\n<meta name=\"robots\" content=\"index, follow, max-snippet:-1, max-image-preview:large, max-video-preview:-1\" \/>\n<link rel=\"canonical\" href=\"https:\/\/hoyre.no\/agder\/aktuelt\/resolusjon_akuttsykehus_kristiansand_helsetjenester\/\" \/>\n<meta property=\"og:locale\" content=\"nb_NO\" \/>\n<meta property=\"og:type\" content=\"article\" \/>\n<meta property=\"og:title\" content=\"Resolusjon: Akutt behov for bedre helsetjenester\" \/>\n<meta property=\"og:url\" content=\"https:\/\/hoyre.no\/agder\/aktuelt\/resolusjon_akuttsykehus_kristiansand_helsetjenester\/\" \/>\n<meta property=\"og:site_name\" content=\"Agder H\u00f8yre\" \/>\n<meta property=\"article:published_time\" content=\"2020-02-07T22:00:00+00:00\" \/>\n<meta property=\"og:image\" content=\"https:\/\/hoyre.no\/content\/uploads\/sites\/6\/2026\/03\/Haagen-Poppe-Foto-Hans-Kristian-Thorbjornsen-1024x683.jpg\" \/>\n<meta name=\"twitter:card\" content=\"summary_large_image\" \/>\n<meta name=\"twitter:label1\" content=\"Ansl. lesetid\" \/>\n\t<meta name=\"twitter:data1\" content=\"3 minutter\" \/>\n<script type=\"application\/ld+json\" class=\"yoast-schema-graph\">{\"@context\":\"https:\/\/schema.org\",\"@graph\":[{\"@type\":\"NewsArticle\",\"@id\":\"https:\/\/hoyre.no\/agder\/aktuelt\/resolusjon_akuttsykehus_kristiansand_helsetjenester\/\",\"url\":\"https:\/\/hoyre.no\/agder\/aktuelt\/resolusjon_akuttsykehus_kristiansand_helsetjenester\/\",\"name\":\"Resolusjon: Akutt behov for bedre helsetjenester - Agder H\u00f8yre\",\"isPartOf\":{\"@id\":\"https:\/\/hoyre.no\/agder\/#website\"},\"datePublished\":\"2020-02-07T22:00:00+00:00\",\"author\":{\"@id\":\"\"},\"breadcrumb\":{\"@id\":\"https:\/\/hoyre.no\/agder\/aktuelt\/resolusjon_akuttsykehus_kristiansand_helsetjenester\/#breadcrumb\"},\"inLanguage\":\"nb-NO\",\"potentialAction\":[{\"@type\":\"ReadAction\",\"target\":[\"https:\/\/hoyre.no\/agder\/aktuelt\/resolusjon_akuttsykehus_kristiansand_helsetjenester\/\"]}]},{\"@type\":\"BreadcrumbList\",\"@id\":\"https:\/\/hoyre.no\/agder\/aktuelt\/resolusjon_akuttsykehus_kristiansand_helsetjenester\/#breadcrumb\",\"itemListElement\":[{\"@type\":\"ListItem\",\"position\":1,\"name\":\"Til hoyre.no\",\"item\":\"https:\/\/hoyre.no\"},{\"@type\":\"ListItem\",\"position\":2,\"name\":\"Hjem\",\"item\":\"https:\/\/hoyre.no\/agder\/\"},{\"@type\":\"ListItem\",\"position\":3,\"name\":\"Resolusjon: Akutt behov for bedre helsetjenester\"}]},{\"@type\":\"WebSite\",\"@id\":\"https:\/\/hoyre.no\/agder\/#website\",\"url\":\"https:\/\/hoyre.no\/agder\/\",\"name\":\"Agder H\u00f8yre\",\"description\":\"Bare enda et H\u00f8yres nettsteder-nettsted\",\"inLanguage\":\"nb-NO\"}]}<\/script>\n<!-- \/ Yoast SEO Premium plugin. -->","yoast_head_json":{"title":"Resolusjon: Akutt behov for bedre helsetjenester - Agder H\u00f8yre","robots":{"index":"index","follow":"follow","max-snippet":"max-snippet:-1","max-image-preview":"max-image-preview:large","max-video-preview":"max-video-preview:-1"},"canonical":"https:\/\/hoyre.no\/agder\/aktuelt\/resolusjon_akuttsykehus_kristiansand_helsetjenester\/","og_locale":"nb_NO","og_type":"article","og_title":"Resolusjon: Akutt behov for bedre helsetjenester","og_url":"https:\/\/hoyre.no\/agder\/aktuelt\/resolusjon_akuttsykehus_kristiansand_helsetjenester\/","og_site_name":"Agder H\u00f8yre","article_published_time":"2020-02-07T22:00:00+00:00","og_image":[{"url":"https:\/\/hoyre.no\/content\/uploads\/sites\/6\/2026\/03\/Haagen-Poppe-Foto-Hans-Kristian-Thorbjornsen-1024x683.jpg","width":"","height":"","type":""}],"twitter_card":"summary_large_image","twitter_misc":{"Ansl. lesetid":"3 minutter"},"schema":{"@context":"https:\/\/schema.org","@graph":[{"@type":"NewsArticle","@id":"https:\/\/hoyre.no\/agder\/aktuelt\/resolusjon_akuttsykehus_kristiansand_helsetjenester\/","url":"https:\/\/hoyre.no\/agder\/aktuelt\/resolusjon_akuttsykehus_kristiansand_helsetjenester\/","name":"Resolusjon: Akutt behov for bedre helsetjenester - Agder H\u00f8yre","isPartOf":{"@id":"https:\/\/hoyre.no\/agder\/#website"},"datePublished":"2020-02-07T22:00:00+00:00","author":{"@id":""},"breadcrumb":{"@id":"https:\/\/hoyre.no\/agder\/aktuelt\/resolusjon_akuttsykehus_kristiansand_helsetjenester\/#breadcrumb"},"inLanguage":"nb-NO","potentialAction":[{"@type":"ReadAction","target":["https:\/\/hoyre.no\/agder\/aktuelt\/resolusjon_akuttsykehus_kristiansand_helsetjenester\/"]}]},{"@type":"BreadcrumbList","@id":"https:\/\/hoyre.no\/agder\/aktuelt\/resolusjon_akuttsykehus_kristiansand_helsetjenester\/#breadcrumb","itemListElement":[{"@type":"ListItem","position":1,"name":"Til hoyre.no","item":"https:\/\/hoyre.no"},{"@type":"ListItem","position":2,"name":"Hjem","item":"https:\/\/hoyre.no\/agder\/"},{"@type":"ListItem","position":3,"name":"Resolusjon: Akutt behov for bedre helsetjenester"}]},{"@type":"WebSite","@id":"https:\/\/hoyre.no\/agder\/#website","url":"https:\/\/hoyre.no\/agder\/","name":"Agder H\u00f8yre","description":"Bare enda et H\u00f8yres nettsteder-nettsted","inLanguage":"nb-NO"}]}},"distributor_meta":false,"distributor_terms":false,"distributor_media":false,"distributor_original_site_name":"Agder H\u00f8yre","distributor_original_site_url":"https:\/\/hoyre.no\/agder","push-errors":false,"_links":{"self":[{"href":"https:\/\/hoyre.no\/agder\/wp-json\/wp\/v2\/posts\/264","targetHints":{"allow":["GET"]}}],"collection":[{"href":"https:\/\/hoyre.no\/agder\/wp-json\/wp\/v2\/posts"}],"about":[{"href":"https:\/\/hoyre.no\/agder\/wp-json\/wp\/v2\/types\/post"}],"replies":[{"embeddable":true,"href":"https:\/\/hoyre.no\/agder\/wp-json\/wp\/v2\/comments?post=264"}],"version-history":[{"count":0,"href":"https:\/\/hoyre.no\/agder\/wp-json\/wp\/v2\/posts\/264\/revisions"}],"wp:attachment":[{"href":"https:\/\/hoyre.no\/agder\/wp-json\/wp\/v2\/media?parent=264"}],"wp:term":[{"taxonomy":"category","embeddable":true,"href":"https:\/\/hoyre.no\/agder\/wp-json\/wp\/v2\/category?post=264"},{"taxonomy":"post_tag","embeddable":true,"href":"https:\/\/hoyre.no\/agder\/wp-json\/wp\/v2\/post_tag?post=264"},{"taxonomy":"hoyre-visibility","embeddable":true,"href":"https:\/\/hoyre.no\/agder\/wp-json\/wp\/v2\/hoyre-visibility?post=264"},{"taxonomy":"article-type","embeddable":true,"href":"https:\/\/hoyre.no\/agder\/wp-json\/wp\/v2\/article-type?post=264"},{"taxonomy":"politician","embeddable":true,"href":"https:\/\/hoyre.no\/agder\/wp-json\/wp\/v2\/politician?post=264"}],"curies":[{"name":"wp","href":"https:\/\/api.w.org\/{rel}","templated":true}]}}