{"id":306,"date":"2020-01-15T23:00:00","date_gmt":"2020-01-15T22:00:00","guid":{"rendered":"https:\/\/hoyre.no\/agder\/aktuelt\/studietur2020_next_talentprogram\/"},"modified":"2020-01-15T23:00:00","modified_gmt":"2020-01-15T22:00:00","slug":"studietur2020_next_talentprogram","status":"publish","type":"post","link":"https:\/\/hoyre.no\/agder\/aktuelt\/studietur2020_next_talentprogram\/","title":{"rendered":"S\u00f8rlandstalenter p\u00e5 studietur til Oslo"},"content":{"rendered":"<p class=\"preamble\">n En stor og engasjert gjeng med deltakere i Agder H\u00f8yres talentrekruttering\u2014 og skoleringsprogram NEXT dro nylig p\u00e5 studietur til Oslo. Her var det tett program og ulike bes\u00f8k.n n<\/p>\t\t\t<div class=\"post-meta wp-block teft-byline-wrapper\">\n\t\t\t\t<div class=\"top\">\n\t\t\t\t\t<div class=\"signature\">\n\t\t\t\t\t\t<div class=\"teft-byline\">\n\t\t\t\t\t\t\t\t\t\t\t\t\t\t<div>\n\t\t\t\t\t\t\t\t<h3>H\u00f8yres redaksjon<\/h3>\t\t\t\t\t\t\t\t\n\t\t\t\t\t\t\t\t\t\t\t\t\t\t\t\t\t<span class=\"date\">Sist oppdatert: 15. januar 2020<\/span>\n\t\t\t\t\t\t\t\t\t\t\t\t\t\t\t\t\t\t\t\t\t\t\t\t\t<span class=\"reading-time\" itemprop=\"timeRequired\" content=\"PT3M\"><em>Ca. 3 minutter lesetid<\/em><\/span>\n\t\t\t\t\t\t\t\t\t\t\t\t\t\t\t<\/div>\n\t\t\t\t\t\t<\/div>\n\t\t\t\t\t<\/div>\n\t\t\t\t\t\t<div class=\"sharing\">\n\t\t<a class=\"share-button share-link copy-link\" data-copy=\"https:\/\/hoyre.no\/agder\/aktuelt\/studietur2020_next_talentprogram\/\" target=\"_blank\"><span class=\"screen-reader-text\">Del link<\/span><\/a>\n\t\t<a class=\"share-button share-twitter\" href=\"http:\/\/twitter.com\/share?text=S\u00f8rlandstalenter p\u00e5 studietur til Oslo&#038;url=https:\/\/hoyre.no\/agder\/aktuelt\/studietur2020_next_talentprogram\/&#038;hashtags=Hoyre\" target=\"_blank\"><span class=\"screen-reader-text\">Del p\u00e5 twitter<\/span><\/a>\n\t\t<a class=\"share-button share-facebook\" href=\"https:\/\/www.facebook.com\/sharer\/sharer.php?u=https:\/\/hoyre.no\/agder\/aktuelt\/studietur2020_next_talentprogram\/\" target=\"_blank\"><span class=\"screen-reader-text\">Del p\u00e5 facebook<\/span><\/a>\n\t<\/div>\n\t\t\t\t\t<\/div>\n\t\t\t<\/div>\n\n\t\t\t<figure class=\"hoyre-image-wrapper\"><div class=\"hoyre-image\"><img loading=\"lazy\" decoding=\"async\" width=\"2560\" height=\"1439\" src=\"https:\/\/hoyre.no\/content\/uploads\/sites\/6\/2020\/11\/img_20200115_140932_16x9-scaled.jpg\" class=\"attachment-scaled size-scaled\" alt=\"Agder H\u00f8yres NEXT\" style=\"object-position: 50% 50%\" srcset=\"https:\/\/hoyre.no\/content\/uploads\/sites\/6\/2020\/11\/img_20200115_140932_16x9-scaled.jpg 2560w, https:\/\/hoyre.no\/content\/uploads\/sites\/6\/2020\/11\/img_20200115_140932_16x9-300x169.jpg 300w, https:\/\/hoyre.no\/content\/uploads\/sites\/6\/2020\/11\/img_20200115_140932_16x9-1024x575.jpg 1024w, https:\/\/hoyre.no\/content\/uploads\/sites\/6\/2020\/11\/img_20200115_140932_16x9-768x432.jpg 768w, https:\/\/hoyre.no\/content\/uploads\/sites\/6\/2020\/11\/img_20200115_140932_16x9-1536x863.jpg 1536w, https:\/\/hoyre.no\/content\/uploads\/sites\/6\/2020\/11\/img_20200115_140932_16x9-2048x1151.jpg 2048w\" sizes=\"auto, (max-width: 2560px) 100vw, 2560px\" \/><\/div><\/figure><div id=\"hoyre-old-article-content-wrapper\"><p>n  Blant totalt 25 deltakere og mentorer i NEXT-programmet, dro hele 22 av dem til Oslo 15. og 16. januar 2020 p\u00e5 studietur til hovedstaden. <\/p>n<p>Hensikten med turen er \u00e5 b\u00e5de drive skolering p\u00e5 politiske fagfelt, men ogs\u00e5 drive nettverksbygging med egne partikollegaer og ikke minst introdusere dem for to av de viktigste institusjonene vi har i det norske demokratiet, nemlig Stortinget og Regjeringen.n  <br \/>n<\/p>n<h2>Bes\u00f8k og sp\u00f8rretime p\u00e5 Stortinget<br \/><\/h2>n<p>Det var derfor naturlig at vi startet med et bes\u00f8k til Stortinget hvor vi m\u00f8tte representanter fra Agder H\u00f8yre. Svein Harberg fra Grimstad, Ingunn Foss fra Lyngdal og Norunn Tveiten Benestad fra Kristiansand hadde prioritert \u00e5 v\u00e6re med gruppen denne morgenen.n  <br \/>n  <br \/>Vi fikk ogs\u00e5 treffe to stortingsrepresentanter fra Rogaland. Margret Hagerup og Aleksander Stokkeb\u00f8 fortalte om hvordan de som nye p\u00e5 Stortinget jobbet b\u00e5de politisk, men ogs\u00e5 hvordan de markere seg i media som unge folkevalgte.n  <br \/>n  <br \/>Deltakerne fikk deretter f\u00f8lge en sv\u00e6rt s\u00e5 spennende ideologikamp mellom statsminister Erna Solberg og SV-leder Audun Lysbakken i muntlig sp\u00f8rretime i Stortingssalen. La oss konkludere med at #ErnaerStjernan  <br \/>n<\/p>n<h2>Inspirasjon p\u00e5 H\u00f8yres hus<br \/><\/h2>n<p>Videre fikk vi bes\u00f8ke H\u00f8yres hovedorganisasjon hvor kampanjeleder Thoralf Graner\u00f8d inspirerte til masse spennende aktiviteter i tiden fremover, og Carl Henrik Bastiansen som oppfordret til bruk av politisk avdeling for alle v\u00e5re folkevalgte.<\/p>n<h2>Hektiske timer p\u00e5 Statsministerens kontor  <br \/><\/h2>n<p>Vi som var med p\u00e5 turen fikk bes\u00f8ke et sted f\u00e5 grupper f\u00e5r adgang til, det aller helligste av hellige, nemlig Statsministerens kontor (SMK) og Forsvarets ledelsen  <br \/>n<\/p>n<p>SMK bist\u00e5r statsministeren i \u00e5 lede og samordne arbeidet i Regjeringen, og alle regjeringspartier har statssekret\u00e6rer som er tildelt hvert sitt politiske fagomr\u00e5de.n  <br \/>n<\/p>n<p>Dagen som deltakerne var p\u00e5 Statsministerens kontor, var ogs\u00e5 dagen Siv Jensen (FrP) annonserte at &laquo;begeret var fullt&raquo;. To dager etterp\u00e5 kom meldingen om at FrP gikk ut av regjeringen.<\/p>n<h2>Tenketank for demokrati og verdier<br \/><\/h2>n<p>n  Civita er en viktig akt\u00f8r og sentral del av politikken, som er viktig \u00e5 bes\u00f8ke n\u00e5r v\u00e5re tillits- og folkevalgte f\u00f8rst tar turen til byen. Vi m\u00f8tte tidligere kunnskapsminister Kristin Clemet, som gav b\u00e5de en introduksjon i norsk demokrat og H\u00f8yres ideologi \u2014 men ogs\u00e5 hennes tanker om fremtiden for Solbergregjeringen ved Stortingsvalget 2021.n  <br \/>n<\/p>n<h2>Agder H\u00f8yres representant i regjeringen<\/h2>n<p>I Kommunal\u2014 og moderniseringsdepartementet m\u00f8tte vi statssekret\u00e6r Aase Marthe Horrigmo. Det var veldig spennende \u00e5 h\u00f8re fra ei som har v\u00e6rt med i NEXT-programmet om hvordan hun har kommet dit hun er, og ikke minst \u00e5pnet hun opp for en engasjert gjeng som hadde mange synspunkter om veien videre for regionreformen p\u00e5 S\u00f8rlandet.<\/p>n<h2>Uten internasjonalt samarbeid, taper vi klimakampen<\/h2>nn<p>Tilbake p\u00e5 Stortinget m\u00f8tte vi Heidi Nordby Lunde, stortingsrepresentant for H\u00f8yre og leder av Europabevegelsen.  Heidi inviterte oss til en samtale om alt fra EU\/E\u00d8S, globalisering og proteksjonisme.n  <br \/>n  <br \/>Heidi en naturlig nok en engasjert EU-tilhenger og jobber for sikre og gode betingelser med E\u00d8S-avtalen, og Norges \u00f8vrige internasjonale avtaler som utgj\u00f8r hj\u00f8rnesteinen i norsk europapolitikk \u2013 og som er sv\u00e6rt avgj\u00f8rende for verdiskaping i samfunnet.<\/p>Norges forhold politisk og \u00f8konomisk med resten av verden er et viktig saksomr\u00e5det, men vi opplever stadig mer proteksjonisme og motstand mot Norges samarbeid med b\u00e5de E\u00d8S, EU, Kina og USA. Dette vil ogs\u00e5 kunne seile opp som en av de store sakene i det norske stortingsvalget neste \u00e5r.n<br \/>n<br \/>n<br \/><em>For sp\u00f8rsm\u00e5l rundt NEXT-programmet, ta kontakt med regionr\u00e5dgiver Tor Marius Markussen p\u00e5 mobil: 41560346 eller e-post: tmm@hoyre.no <\/em>n<br \/><\/div>\n<div class=\"tags\">\n\t<\/div>\n<div class=\"post-footer alignfull has-background block-editor-block-list__block\" data-align=full>\n\t<div class=\"post-footer-inner\">\n\t\t<h3>Relaterte artikler<\/h3>\n\t\t<div class=\"related-content\"><div class=\"is-card-hoyre\">\n\t<div class=\"teft-card hoyre-teft-card post-teft-card\">\n\t\t<a href=\"https:\/\/hoyre.no\/agder\/aktuelt\/agder-hoyre-onsker-dine-innspill-fylkestings-programmet\/\" class=\"teft-card__primary-action\">\n\n\t\t\t\t\t<div class=\"teft-card__media teft-card__media--16-9\">\n\t\t\t\t\t\t<img loading=\"lazy\" decoding=\"async\" width=\"768\" height=\"819\" src=\"https:\/\/hoyre.no\/content\/uploads\/sites\/6\/2025\/06\/DSC04923-edited-768x819.jpg\" class=\"attachment-medium_large size-medium_large\" alt=\"\" srcset=\"https:\/\/hoyre.no\/content\/uploads\/sites\/6\/2025\/06\/DSC04923-edited-768x819.jpg 768w, https:\/\/hoyre.no\/content\/uploads\/sites\/6\/2025\/06\/DSC04923-edited-281x300.jpg 281w, https:\/\/hoyre.no\/content\/uploads\/sites\/6\/2025\/06\/DSC04923-edited-960x1024.jpg 960w, https:\/\/hoyre.no\/content\/uploads\/sites\/6\/2025\/06\/DSC04923-edited-1440x1536.jpg 1440w, https:\/\/hoyre.no\/content\/uploads\/sites\/6\/2025\/06\/DSC04923-edited-1920x2048.jpg 1920w\" sizes=\"auto, (max-width: 768px) 100vw, 768px\" \/>\t\t<\/div>\n\t\t\n\t\t\t<div class=\"teft-card__content-wrapper\">\n\t\t\t\t<div class=\"teft-card__secondary\">\n\t\t\t\t\t\n\t\t\t\t\t\t\t\t<div class=\"teft-card__meta\">\n\t\t\t\t\t\t\t\t\t<span class=\"post-date\">21. apr 2026<\/span>\n\n\t\t\t\t\t\t\t\t\t<span class=\"post-category\">Nyheter<\/span>\t\t\t\t\t\t\t\t<\/div>\n\t\t\t\t\t\t\t\t\t\t\t<\/div>\n\n\t\t\t\t<div class=\"teft-card__primary\">\n\t\t\t\t\t<h2 class=\"teft-card__title\">Agder H\u00f8yres programprosess for Fylkestingsvalget 2027&nbsp;<span class=\"teft-card__primary-title-append\"><\/span><\/h2>\t\t\t\t<\/div>\n\t\t\t<\/div>\n\t\t<\/a>\n\t<\/div>\n\n\t<\/div><div class=\"is-card-hoyre\">\n\t<div class=\"teft-card hoyre-teft-card post-teft-card\">\n\t\t<a href=\"https:\/\/hoyre.no\/agder\/aktuelt\/agder-hoyres-nye-regionradgiver\/\" class=\"teft-card__primary-action\">\n\n\t\t\t\t\t<div class=\"teft-card__media teft-card__media--16-9\">\n\t\t\t\t\t\t<img loading=\"lazy\" decoding=\"async\" width=\"768\" height=\"768\" src=\"https:\/\/hoyre.no\/content\/uploads\/sites\/6\/2026\/03\/Aleksander-L-768x768.png\" class=\"attachment-medium_large size-medium_large\" alt=\"\" srcset=\"https:\/\/hoyre.no\/content\/uploads\/sites\/6\/2026\/03\/Aleksander-L-768x768.png 768w, https:\/\/hoyre.no\/content\/uploads\/sites\/6\/2026\/03\/Aleksander-L-e1775591785378-300x300.png 300w, https:\/\/hoyre.no\/content\/uploads\/sites\/6\/2026\/03\/Aleksander-L-e1775591785378-150x150.png 150w, https:\/\/hoyre.no\/content\/uploads\/sites\/6\/2026\/03\/Aleksander-L-e1775591785378.png 722w\" sizes=\"auto, (max-width: 768px) 100vw, 768px\" \/>\t\t<\/div>\n\t\t\n\t\t\t<div class=\"teft-card__content-wrapper\">\n\t\t\t\t<div class=\"teft-card__secondary\">\n\t\t\t\t\t\n\t\t\t\t\t\t\t\t<div class=\"teft-card__meta\">\n\t\t\t\t\t\t\t\t\t<span class=\"post-date\">23. mar 2026<\/span>\n\n\t\t\t\t\t\t\t\t\t\t\t\t\t\t\t\t\t<\/div>\n\t\t\t\t\t\t\t\t\t\t\t<\/div>\n\n\t\t\t\t<div class=\"teft-card__primary\">\n\t\t\t\t\t<h2 class=\"teft-card__title\">Agder H\u00f8yres nye regionr\u00e5dgiver&nbsp;<span class=\"teft-card__primary-title-append\"><\/span><\/h2>\t\t\t\t<\/div>\n\t\t\t<\/div>\n\t\t<\/a>\n\t<\/div>\n\n\t<\/div><div class=\"is-card-hoyre\">\n\t<div class=\"teft-card hoyre-teft-card post-teft-card\">\n\t\t<a href=\"https:\/\/hoyre.no\/agder\/aktuelt\/agder-hoyres-nominasjonsprosess-for-fylkestingsvalget-2027\/\" class=\"teft-card__primary-action\">\n\n\t\t\t\t\t<div class=\"teft-card__media teft-card__media--16-9\">\n\t\t\t\t\t\t<img loading=\"lazy\" decoding=\"async\" width=\"768\" height=\"512\" src=\"https:\/\/hoyre.no\/content\/uploads\/sites\/6\/2026\/03\/Haagen-Poppe-Foto-Hans-Kristian-Thorbjornsen-768x512.jpg\" class=\"attachment-medium_large size-medium_large\" alt=\"\" srcset=\"https:\/\/hoyre.no\/content\/uploads\/sites\/6\/2026\/03\/Haagen-Poppe-Foto-Hans-Kristian-Thorbjornsen-768x512.jpg 768w, https:\/\/hoyre.no\/content\/uploads\/sites\/6\/2026\/03\/Haagen-Poppe-Foto-Hans-Kristian-Thorbjornsen-300x200.jpg 300w, https:\/\/hoyre.no\/content\/uploads\/sites\/6\/2026\/03\/Haagen-Poppe-Foto-Hans-Kristian-Thorbjornsen-1024x683.jpg 1024w, https:\/\/hoyre.no\/content\/uploads\/sites\/6\/2026\/03\/Haagen-Poppe-Foto-Hans-Kristian-Thorbjornsen-1536x1025.jpg 1536w, https:\/\/hoyre.no\/content\/uploads\/sites\/6\/2026\/03\/Haagen-Poppe-Foto-Hans-Kristian-Thorbjornsen-2048x1366.jpg 2048w\" sizes=\"auto, (max-width: 768px) 100vw, 768px\" \/>\t\t<\/div>\n\t\t\n\t\t\t<div class=\"teft-card__content-wrapper\">\n\t\t\t\t<div class=\"teft-card__secondary\">\n\t\t\t\t\t\n\t\t\t\t\t\t\t\t<div class=\"teft-card__meta\">\n\t\t\t\t\t\t\t\t\t<span class=\"post-date\">5. mar 2026<\/span>\n\n\t\t\t\t\t\t\t\t\t\t\t\t\t\t\t\t\t<\/div>\n\t\t\t\t\t\t\t\t\t\t\t<\/div>\n\n\t\t\t\t<div class=\"teft-card__primary\">\n\t\t\t\t\t<h2 class=\"teft-card__title\">Agder H\u00f8yres nominasjonsprosess for  Fylkestingsvalget 2027&nbsp;<span class=\"teft-card__primary-title-append\"><\/span><\/h2>\t\t\t\t<\/div>\n\t\t\t<\/div>\n\t\t<\/a>\n\t<\/div>\n\n\t<\/div><\/div>\t<\/div>\n<\/div>\n","protected":false},"excerpt":{"rendered":"","protected":false},"author":0,"featured_media":0,"comment_status":"open","ping_status":"open","sticky":false,"template":"","format":"standard","meta":{"teft_cards_image_url":"https:\/\/hoyre.no\/content\/uploads\/sites\/6\/2020\/11\/img_20200115_140932_16x9-scaled.jpg","teft_cards_custom_pretitle":"","teft_cards_image_id":305,"teft_cards_image_focal_point_x":0,"teft_cards_image_focal_point_y":0,"teft_cards_title":"","teft_cards_excerpt":"","teft_show_chapters":false,"author_display_name":"Regionr\u00e5dgiver Tor Marius Markussen","footnotes":""},"category":[1],"post_tag":[],"hoyre-visibility":[],"article-type":[],"politician":[],"class_list":["post-306","post","type-post","status-publish","format-standard","hentry","category-ukategorisert"],"yoast_head":"<!-- This site is optimized with the Yoast SEO Premium plugin v26.5 (Yoast SEO v26.6) - https:\/\/yoast.com\/wordpress\/plugins\/seo\/ -->\n<title>S\u00f8rlandstalenter p\u00e5 studietur til Oslo - Agder H\u00f8yre<\/title>\n<meta name=\"robots\" content=\"index, follow, max-snippet:-1, max-image-preview:large, max-video-preview:-1\" \/>\n<link rel=\"canonical\" href=\"https:\/\/hoyre.no\/agder\/aktuelt\/studietur2020_next_talentprogram\/\" \/>\n<meta property=\"og:locale\" content=\"nb_NO\" \/>\n<meta property=\"og:type\" content=\"article\" \/>\n<meta property=\"og:title\" content=\"S\u00f8rlandstalenter p\u00e5 studietur til Oslo\" \/>\n<meta property=\"og:url\" content=\"https:\/\/hoyre.no\/agder\/aktuelt\/studietur2020_next_talentprogram\/\" \/>\n<meta property=\"og:site_name\" content=\"Agder H\u00f8yre\" \/>\n<meta property=\"article:published_time\" content=\"2020-01-15T22:00:00+00:00\" \/>\n<meta property=\"og:image\" content=\"https:\/\/hoyre.no\/content\/uploads\/sites\/6\/2026\/03\/Haagen-Poppe-Foto-Hans-Kristian-Thorbjornsen-1024x683.jpg\" \/>\n<meta name=\"twitter:card\" content=\"summary_large_image\" \/>\n<meta name=\"twitter:label1\" content=\"Ansl. lesetid\" \/>\n\t<meta name=\"twitter:data1\" content=\"3 minutter\" \/>\n<script type=\"application\/ld+json\" class=\"yoast-schema-graph\">{\"@context\":\"https:\/\/schema.org\",\"@graph\":[{\"@type\":\"NewsArticle\",\"@id\":\"https:\/\/hoyre.no\/agder\/aktuelt\/studietur2020_next_talentprogram\/\",\"url\":\"https:\/\/hoyre.no\/agder\/aktuelt\/studietur2020_next_talentprogram\/\",\"name\":\"S\u00f8rlandstalenter p\u00e5 studietur til Oslo - Agder H\u00f8yre\",\"isPartOf\":{\"@id\":\"https:\/\/hoyre.no\/agder\/#website\"},\"datePublished\":\"2020-01-15T22:00:00+00:00\",\"author\":{\"@id\":\"\"},\"breadcrumb\":{\"@id\":\"https:\/\/hoyre.no\/agder\/aktuelt\/studietur2020_next_talentprogram\/#breadcrumb\"},\"inLanguage\":\"nb-NO\",\"potentialAction\":[{\"@type\":\"ReadAction\",\"target\":[\"https:\/\/hoyre.no\/agder\/aktuelt\/studietur2020_next_talentprogram\/\"]}]},{\"@type\":\"BreadcrumbList\",\"@id\":\"https:\/\/hoyre.no\/agder\/aktuelt\/studietur2020_next_talentprogram\/#breadcrumb\",\"itemListElement\":[{\"@type\":\"ListItem\",\"position\":1,\"name\":\"Til hoyre.no\",\"item\":\"https:\/\/hoyre.no\"},{\"@type\":\"ListItem\",\"position\":2,\"name\":\"Hjem\",\"item\":\"https:\/\/hoyre.no\/agder\/\"},{\"@type\":\"ListItem\",\"position\":3,\"name\":\"S\u00f8rlandstalenter p\u00e5 studietur til Oslo\"}]},{\"@type\":\"WebSite\",\"@id\":\"https:\/\/hoyre.no\/agder\/#website\",\"url\":\"https:\/\/hoyre.no\/agder\/\",\"name\":\"Agder H\u00f8yre\",\"description\":\"Bare enda et H\u00f8yres nettsteder-nettsted\",\"inLanguage\":\"nb-NO\"}]}<\/script>\n<!-- \/ Yoast SEO Premium plugin. -->","yoast_head_json":{"title":"S\u00f8rlandstalenter p\u00e5 studietur til Oslo - Agder H\u00f8yre","robots":{"index":"index","follow":"follow","max-snippet":"max-snippet:-1","max-image-preview":"max-image-preview:large","max-video-preview":"max-video-preview:-1"},"canonical":"https:\/\/hoyre.no\/agder\/aktuelt\/studietur2020_next_talentprogram\/","og_locale":"nb_NO","og_type":"article","og_title":"S\u00f8rlandstalenter p\u00e5 studietur til Oslo","og_url":"https:\/\/hoyre.no\/agder\/aktuelt\/studietur2020_next_talentprogram\/","og_site_name":"Agder H\u00f8yre","article_published_time":"2020-01-15T22:00:00+00:00","og_image":[{"url":"https:\/\/hoyre.no\/content\/uploads\/sites\/6\/2026\/03\/Haagen-Poppe-Foto-Hans-Kristian-Thorbjornsen-1024x683.jpg","width":"","height":"","type":""}],"twitter_card":"summary_large_image","twitter_misc":{"Ansl. lesetid":"3 minutter"},"schema":{"@context":"https:\/\/schema.org","@graph":[{"@type":"NewsArticle","@id":"https:\/\/hoyre.no\/agder\/aktuelt\/studietur2020_next_talentprogram\/","url":"https:\/\/hoyre.no\/agder\/aktuelt\/studietur2020_next_talentprogram\/","name":"S\u00f8rlandstalenter p\u00e5 studietur til Oslo - Agder H\u00f8yre","isPartOf":{"@id":"https:\/\/hoyre.no\/agder\/#website"},"datePublished":"2020-01-15T22:00:00+00:00","author":{"@id":""},"breadcrumb":{"@id":"https:\/\/hoyre.no\/agder\/aktuelt\/studietur2020_next_talentprogram\/#breadcrumb"},"inLanguage":"nb-NO","potentialAction":[{"@type":"ReadAction","target":["https:\/\/hoyre.no\/agder\/aktuelt\/studietur2020_next_talentprogram\/"]}]},{"@type":"BreadcrumbList","@id":"https:\/\/hoyre.no\/agder\/aktuelt\/studietur2020_next_talentprogram\/#breadcrumb","itemListElement":[{"@type":"ListItem","position":1,"name":"Til hoyre.no","item":"https:\/\/hoyre.no"},{"@type":"ListItem","position":2,"name":"Hjem","item":"https:\/\/hoyre.no\/agder\/"},{"@type":"ListItem","position":3,"name":"S\u00f8rlandstalenter p\u00e5 studietur til Oslo"}]},{"@type":"WebSite","@id":"https:\/\/hoyre.no\/agder\/#website","url":"https:\/\/hoyre.no\/agder\/","name":"Agder H\u00f8yre","description":"Bare enda et H\u00f8yres nettsteder-nettsted","inLanguage":"nb-NO"}]}},"distributor_meta":false,"distributor_terms":false,"distributor_media":false,"distributor_original_site_name":"Agder H\u00f8yre","distributor_original_site_url":"https:\/\/hoyre.no\/agder","push-errors":false,"_links":{"self":[{"href":"https:\/\/hoyre.no\/agder\/wp-json\/wp\/v2\/posts\/306","targetHints":{"allow":["GET"]}}],"collection":[{"href":"https:\/\/hoyre.no\/agder\/wp-json\/wp\/v2\/posts"}],"about":[{"href":"https:\/\/hoyre.no\/agder\/wp-json\/wp\/v2\/types\/post"}],"replies":[{"embeddable":true,"href":"https:\/\/hoyre.no\/agder\/wp-json\/wp\/v2\/comments?post=306"}],"version-history":[{"count":0,"href":"https:\/\/hoyre.no\/agder\/wp-json\/wp\/v2\/posts\/306\/revisions"}],"wp:attachment":[{"href":"https:\/\/hoyre.no\/agder\/wp-json\/wp\/v2\/media?parent=306"}],"wp:term":[{"taxonomy":"category","embeddable":true,"href":"https:\/\/hoyre.no\/agder\/wp-json\/wp\/v2\/category?post=306"},{"taxonomy":"post_tag","embeddable":true,"href":"https:\/\/hoyre.no\/agder\/wp-json\/wp\/v2\/post_tag?post=306"},{"taxonomy":"hoyre-visibility","embeddable":true,"href":"https:\/\/hoyre.no\/agder\/wp-json\/wp\/v2\/hoyre-visibility?post=306"},{"taxonomy":"article-type","embeddable":true,"href":"https:\/\/hoyre.no\/agder\/wp-json\/wp\/v2\/article-type?post=306"},{"taxonomy":"politician","embeddable":true,"href":"https:\/\/hoyre.no\/agder\/wp-json\/wp\/v2\/politician?post=306"}],"curies":[{"name":"wp","href":"https:\/\/api.w.org\/{rel}","templated":true}]}}