{"id":320,"date":"2020-06-28T22:00:00","date_gmt":"2020-06-28T20:00:00","guid":{"rendered":"https:\/\/hoyre.no\/agder\/aktuelt\/vare_prioriterte_veistrekninger_er_sendt_til_samferdselsminister_knut_arild_hareide\/"},"modified":"2020-06-28T22:00:00","modified_gmt":"2020-06-28T20:00:00","slug":"vare_prioriterte_veistrekninger_er_sendt_til_samferdselsminister_knut_arild_hareide","status":"publish","type":"post","link":"https:\/\/hoyre.no\/agder\/aktuelt\/vare_prioriterte_veistrekninger_er_sendt_til_samferdselsminister_knut_arild_hareide\/","title":{"rendered":"V\u00e5re prioriterte veistrekninger er sendt til departementet"},"content":{"rendered":"<p class=\"preamble\">Samferdselsminister Knut Arild Hareide inviterte nylig regjeringspartiene KrF, Venstre og H\u00f8yre fra de ulike regionene til m\u00f8te om deres prioriterte veistrekninger inn mot Nasjonal Transportplan (NTP).n n<\/p>\t\t\t<div class=\"post-meta wp-block teft-byline-wrapper\">\n\t\t\t\t<div class=\"top\">\n\t\t\t\t\t<div class=\"signature\">\n\t\t\t\t\t\t<div class=\"teft-byline\">\n\t\t\t\t\t\t\t\t\t\t\t\t\t\t<div>\n\t\t\t\t\t\t\t\t<h3>H\u00f8yres redaksjon<\/h3>\t\t\t\t\t\t\t\t\n\t\t\t\t\t\t\t\t\t\t\t\t\t\t\t\t\t<span class=\"date\">Sist oppdatert: 28. juni 2020<\/span>\n\t\t\t\t\t\t\t\t\t\t\t\t\t\t\t\t\t\t\t\t\t\t\t\t\t<span class=\"reading-time\" itemprop=\"timeRequired\" content=\"PT3M\"><em>Ca. 3 minutter lesetid<\/em><\/span>\n\t\t\t\t\t\t\t\t\t\t\t\t\t\t\t<\/div>\n\t\t\t\t\t\t<\/div>\n\t\t\t\t\t<\/div>\n\t\t\t\t\t\t<div class=\"sharing\">\n\t\t<a class=\"share-button share-link copy-link\" data-copy=\"https:\/\/hoyre.no\/agder\/aktuelt\/vare_prioriterte_veistrekninger_er_sendt_til_samferdselsminister_knut_arild_hareide\/\" target=\"_blank\"><span class=\"screen-reader-text\">Del link<\/span><\/a>\n\t\t<a class=\"share-button share-twitter\" href=\"http:\/\/twitter.com\/share?text=V\u00e5re prioriterte veistrekninger er sendt til departementet&#038;url=https:\/\/hoyre.no\/agder\/aktuelt\/vare_prioriterte_veistrekninger_er_sendt_til_samferdselsminister_knut_arild_hareide\/&#038;hashtags=Hoyre\" target=\"_blank\"><span class=\"screen-reader-text\">Del p\u00e5 twitter<\/span><\/a>\n\t\t<a class=\"share-button share-facebook\" href=\"https:\/\/www.facebook.com\/sharer\/sharer.php?u=https:\/\/hoyre.no\/agder\/aktuelt\/vare_prioriterte_veistrekninger_er_sendt_til_samferdselsminister_knut_arild_hareide\/\" target=\"_blank\"><span class=\"screen-reader-text\">Del p\u00e5 facebook<\/span><\/a>\n\t<\/div>\n\t\t\t\t\t<\/div>\n\t\t\t<\/div>\n\n\t\t\t<figure class=\"hoyre-image-wrapper\"><div class=\"hoyre-image\"><img loading=\"lazy\" decoding=\"async\" width=\"2560\" height=\"1441\" src=\"https:\/\/hoyre.no\/content\/uploads\/sites\/6\/2020\/11\/img_8648_16x9-scaled.jpg\" class=\"attachment-scaled size-scaled\" alt=\"\" style=\"object-position: 50% 50%\" srcset=\"https:\/\/hoyre.no\/content\/uploads\/sites\/6\/2020\/11\/img_8648_16x9-scaled.jpg 2560w, https:\/\/hoyre.no\/content\/uploads\/sites\/6\/2020\/11\/img_8648_16x9-300x169.jpg 300w, https:\/\/hoyre.no\/content\/uploads\/sites\/6\/2020\/11\/img_8648_16x9-1024x576.jpg 1024w, https:\/\/hoyre.no\/content\/uploads\/sites\/6\/2020\/11\/img_8648_16x9-768x432.jpg 768w, https:\/\/hoyre.no\/content\/uploads\/sites\/6\/2020\/11\/img_8648_16x9-1536x865.jpg 1536w, https:\/\/hoyre.no\/content\/uploads\/sites\/6\/2020\/11\/img_8648_16x9-2048x1153.jpg 2048w\" sizes=\"auto, (max-width: 2560px) 100vw, 2560px\" \/><\/div><\/figure><div id=\"hoyre-old-article-content-wrapper\"><p>I m\u00f8tet deltok fylkesleder Harald Furre og fylkesordf\u00f8rer Arne Thomassen, sammen med fylkespolitikere Harald Fauskanger Andersen og Rune Hagestrand. Her deltok ogs\u00e5 lokal\u2014 og fylkespolitikere fra Agder KrF og Agder Venstre. <\/p>n<p>I <a href=\"https:\/\/hoyre.no\/agder\/aktuelt\/regjeringspartiene_drar_pa_samlet_ntp_turne_for_paske\/\">februar dro H\u00f8yres samferdselsfraksjon til Lillesand p\u00e5 turn\u00e8 <\/a>for \u00e5 lytte til Agders behov. Videre har Agder H\u00f8yre samlet inn mange gode og viktige innspill fra v\u00e5re lokalpolitkere og grasrota i partiet, noe som listen under er et resultat av. Regjeringen lytter aktivt til regionenes behov og \u00f8nsker.n  <br \/>n  <br \/>Trygge veier er viktig for b\u00e5de yrkessj\u00e5f\u00f8rer og innbyggere, for turister og for pendlere. Nye og bedre veier lar oss komme raskere frem og tryggere hjem.n  <br \/>n  <br \/><\/p>n<h3>n  Her er de strekningene og prosjektene som Agder H\u00f8yre tok med seg inn i m\u00f8tet<br \/>n<\/h3>nnnnnn<ol type=\"1\" start=\"1\">n  <li><b>Riksvein9 Setesdal: <\/b>Utbedre gjenst\u00e5ende strekninger og sikre gul midtstripe langs riksvei 9 opp Setesdal.n    <br \/>n    <br \/>n  <\/li>n  <li><b>Nasjonalntransportkorridor 3 \u2013 E18\/E39: <\/b>La Nye Veier bygge sammenhengende 4-felts og m\u00f8tefri vei langs E18 og E39, noe som er viktig for trafikksikkerhet, fremkommelighet, konkurransekraft og tilknytning.n    <br \/>n    <br \/>n  <\/li>n  <li><b>Gartnerl\u00f8kka ognBreimyr-krysset: <\/b>Ved \u00e5 fullf\u00f8re byggingen av traseen mellom Gartnerl\u00f8kka og Breimyr-krysset vil man avlaste lokale utslipp, bidra til nullvekst i lokal trafikk, bedre samfunnssikkerhet og fremkommelighet.n    <br \/>n    <br \/>n  <\/li>n  <li><b>Bymilj\u00f8avtale fornKristiansandsregionen: <\/b>Bymilj\u00f8avtale for Kristiansandsregionen inneb\u00e6rer reduksjon av lokale utslipp, nullvekst i biltrafikken og renere luft. En avtale er viktig for \u00e5 sikre en helhetlig infrastruktur for b\u00e5de innbyggere og n\u00e6ringslivet, noe som ogs\u00e5 omfatter rimelig og god kollektivtrafikk, sykkel- og gangveier.n    <br \/>n    <br \/>n  <\/li>n  <li><b>Ytre ringvei, Kristiansand:n<\/b>En ytre ringvei rundt Kristiansand er et sv\u00e6rt viktig prosjekt for \u00e5 avlaste lokal trafikk, for \u00e5 bedre samfunnssikkerhet og for \u00e5 sikre et effektivt stamveinett mellom \u00d8st- og Vestlandet. <a href=\"https:\/\/hoyre.no\/agder\/aktuelt\/sorlandet_trenger_ytre_ringvei_na\/\">Les ogs\u00e5 resolusjonen vedtatt av Agder H\u00f8yres fylkes\u00e5rsm\u00f8te 2020 om \u00e5 prioritere Ytre Ringvei. <\/a>n    <br \/>n    <br \/>n  <\/li>n  <li><b>Sammenkobling avnVestfold- og S\u00f8rlandsbanen: <\/b>Bygging av Grenlandsbanen fra Porsgrunn til Brokelandsheia, er viktig b\u00e5de i et milj\u00f8perspektiv, for n\u00e6ringsutvikling og for konkurransekraften til norsk jernbane.n    <br \/>n    <br \/>n  <\/li>n  <li><b>Klimatilpasning avnvegnettet: <\/b>Klimatilpassing av veinettet inneb\u00e6rer blant annet skredsikring og tunneloppgradering. Utsatte strekninger m\u00e5 sikres, spesielt kan man nevne Fv 42 langs Sirdalsvannet.n    <br \/>n    <br \/>n  <\/li>n  <li><b>Etterslep p\u00e5 vedlikeholdnav fylkesveier og n\u00e6ringskritiske veier: <\/b> For at det skal holdes fortsatt stort trykk p\u00e5 vedlikehold av fylkesveier, m\u00e5 fylkeskommunen tilf\u00f8res mer midler, og midler. Utbedring av Fv 415 i \u00c5mli &#8211; Fiansvingen, Fv 460 i Vigeland &#8211; Remesvik og mellom E18 mot Eydehavn er viktig for bedre tilgjengelighet for n\u00e6ringskritiske veier og mellom bo- og arbeidsmarkeder.n    <br \/>n    <br \/>n  <\/li>n  <li><b>Fv 41\/451 Timenes \u2013nKjevik lufthavn:<\/b> En helhetlig utbygging i riktig dimensjon av Fv 41\/451 Timenes \u2013 Kjevik lufthavn er viktig for trafikksikkerhet, lokalt milj\u00f8 og effektiv transport. Prosjektet er ferdig regulert og ligger i dagens NTP, dog under programomr\u00e5det oppgradering av riksveier. <\/li>n<\/ol>n<p>n  <br \/>n<\/p>n<p>I tillegg til arbeidet inn mot departementet, har partiet ogs\u00e5 vedtatt en st\u00f8rre samferdselsresolusjon p\u00e5 Agder H\u00f8yres fylkes\u00e5rsm\u00f8te 2020. <a href=\"https:\/\/hoyre.no\/agder\/aktuelt\/resolusjon_klimavennlig_samferdsel_elektrisk_transport_jernbane\/\">Denne kan dere lese her. <\/a>n  <br \/>n<\/p><\/div>\n<div class=\"tags\">\n\t<\/div>\n<div class=\"post-footer alignfull has-background block-editor-block-list__block\" data-align=full>\n\t<div class=\"post-footer-inner\">\n\t\t<h3>Relaterte artikler<\/h3>\n\t\t<div class=\"related-content\"><div class=\"is-card-hoyre\">\n\t<div class=\"teft-card hoyre-teft-card post-teft-card\">\n\t\t<a href=\"https:\/\/hoyre.no\/agder\/aktuelt\/agder-hoyre-onsker-dine-innspill-fylkestings-programmet\/\" class=\"teft-card__primary-action\">\n\n\t\t\t\t\t<div class=\"teft-card__media teft-card__media--16-9\">\n\t\t\t\t\t\t<img loading=\"lazy\" decoding=\"async\" width=\"768\" height=\"819\" src=\"https:\/\/hoyre.no\/content\/uploads\/sites\/6\/2025\/06\/DSC04923-edited-768x819.jpg\" class=\"attachment-medium_large size-medium_large\" alt=\"\" srcset=\"https:\/\/hoyre.no\/content\/uploads\/sites\/6\/2025\/06\/DSC04923-edited-768x819.jpg 768w, https:\/\/hoyre.no\/content\/uploads\/sites\/6\/2025\/06\/DSC04923-edited-281x300.jpg 281w, https:\/\/hoyre.no\/content\/uploads\/sites\/6\/2025\/06\/DSC04923-edited-960x1024.jpg 960w, https:\/\/hoyre.no\/content\/uploads\/sites\/6\/2025\/06\/DSC04923-edited-1440x1536.jpg 1440w, https:\/\/hoyre.no\/content\/uploads\/sites\/6\/2025\/06\/DSC04923-edited-1920x2048.jpg 1920w\" sizes=\"auto, (max-width: 768px) 100vw, 768px\" \/>\t\t<\/div>\n\t\t\n\t\t\t<div class=\"teft-card__content-wrapper\">\n\t\t\t\t<div class=\"teft-card__secondary\">\n\t\t\t\t\t\n\t\t\t\t\t\t\t\t<div class=\"teft-card__meta\">\n\t\t\t\t\t\t\t\t\t<span class=\"post-date\">21. apr 2026<\/span>\n\n\t\t\t\t\t\t\t\t\t<span class=\"post-category\">Nyheter<\/span>\t\t\t\t\t\t\t\t<\/div>\n\t\t\t\t\t\t\t\t\t\t\t<\/div>\n\n\t\t\t\t<div class=\"teft-card__primary\">\n\t\t\t\t\t<h2 class=\"teft-card__title\">Agder H\u00f8yres programprosess for Fylkestingsvalget 2027&nbsp;<span class=\"teft-card__primary-title-append\"><\/span><\/h2>\t\t\t\t<\/div>\n\t\t\t<\/div>\n\t\t<\/a>\n\t<\/div>\n\n\t<\/div><div class=\"is-card-hoyre\">\n\t<div class=\"teft-card hoyre-teft-card post-teft-card\">\n\t\t<a href=\"https:\/\/hoyre.no\/agder\/aktuelt\/agder-hoyres-nye-regionradgiver\/\" class=\"teft-card__primary-action\">\n\n\t\t\t\t\t<div class=\"teft-card__media teft-card__media--16-9\">\n\t\t\t\t\t\t<img loading=\"lazy\" decoding=\"async\" width=\"768\" height=\"768\" src=\"https:\/\/hoyre.no\/content\/uploads\/sites\/6\/2026\/03\/Aleksander-L-768x768.png\" class=\"attachment-medium_large size-medium_large\" alt=\"\" srcset=\"https:\/\/hoyre.no\/content\/uploads\/sites\/6\/2026\/03\/Aleksander-L-768x768.png 768w, https:\/\/hoyre.no\/content\/uploads\/sites\/6\/2026\/03\/Aleksander-L-e1775591785378-300x300.png 300w, https:\/\/hoyre.no\/content\/uploads\/sites\/6\/2026\/03\/Aleksander-L-e1775591785378-150x150.png 150w, https:\/\/hoyre.no\/content\/uploads\/sites\/6\/2026\/03\/Aleksander-L-e1775591785378.png 722w\" sizes=\"auto, (max-width: 768px) 100vw, 768px\" \/>\t\t<\/div>\n\t\t\n\t\t\t<div class=\"teft-card__content-wrapper\">\n\t\t\t\t<div class=\"teft-card__secondary\">\n\t\t\t\t\t\n\t\t\t\t\t\t\t\t<div class=\"teft-card__meta\">\n\t\t\t\t\t\t\t\t\t<span class=\"post-date\">23. mar 2026<\/span>\n\n\t\t\t\t\t\t\t\t\t\t\t\t\t\t\t\t\t<\/div>\n\t\t\t\t\t\t\t\t\t\t\t<\/div>\n\n\t\t\t\t<div class=\"teft-card__primary\">\n\t\t\t\t\t<h2 class=\"teft-card__title\">Agder H\u00f8yres nye regionr\u00e5dgiver&nbsp;<span class=\"teft-card__primary-title-append\"><\/span><\/h2>\t\t\t\t<\/div>\n\t\t\t<\/div>\n\t\t<\/a>\n\t<\/div>\n\n\t<\/div><div class=\"is-card-hoyre\">\n\t<div class=\"teft-card hoyre-teft-card post-teft-card\">\n\t\t<a href=\"https:\/\/hoyre.no\/agder\/aktuelt\/agder-hoyres-nominasjonsprosess-for-fylkestingsvalget-2027\/\" class=\"teft-card__primary-action\">\n\n\t\t\t\t\t<div class=\"teft-card__media teft-card__media--16-9\">\n\t\t\t\t\t\t<img loading=\"lazy\" decoding=\"async\" width=\"768\" height=\"512\" src=\"https:\/\/hoyre.no\/content\/uploads\/sites\/6\/2026\/03\/Haagen-Poppe-Foto-Hans-Kristian-Thorbjornsen-768x512.jpg\" class=\"attachment-medium_large size-medium_large\" alt=\"\" srcset=\"https:\/\/hoyre.no\/content\/uploads\/sites\/6\/2026\/03\/Haagen-Poppe-Foto-Hans-Kristian-Thorbjornsen-768x512.jpg 768w, https:\/\/hoyre.no\/content\/uploads\/sites\/6\/2026\/03\/Haagen-Poppe-Foto-Hans-Kristian-Thorbjornsen-300x200.jpg 300w, https:\/\/hoyre.no\/content\/uploads\/sites\/6\/2026\/03\/Haagen-Poppe-Foto-Hans-Kristian-Thorbjornsen-1024x683.jpg 1024w, https:\/\/hoyre.no\/content\/uploads\/sites\/6\/2026\/03\/Haagen-Poppe-Foto-Hans-Kristian-Thorbjornsen-1536x1025.jpg 1536w, https:\/\/hoyre.no\/content\/uploads\/sites\/6\/2026\/03\/Haagen-Poppe-Foto-Hans-Kristian-Thorbjornsen-2048x1366.jpg 2048w\" sizes=\"auto, (max-width: 768px) 100vw, 768px\" \/>\t\t<\/div>\n\t\t\n\t\t\t<div class=\"teft-card__content-wrapper\">\n\t\t\t\t<div class=\"teft-card__secondary\">\n\t\t\t\t\t\n\t\t\t\t\t\t\t\t<div class=\"teft-card__meta\">\n\t\t\t\t\t\t\t\t\t<span class=\"post-date\">5. mar 2026<\/span>\n\n\t\t\t\t\t\t\t\t\t\t\t\t\t\t\t\t\t<\/div>\n\t\t\t\t\t\t\t\t\t\t\t<\/div>\n\n\t\t\t\t<div class=\"teft-card__primary\">\n\t\t\t\t\t<h2 class=\"teft-card__title\">Agder H\u00f8yres nominasjonsprosess for  Fylkestingsvalget 2027&nbsp;<span class=\"teft-card__primary-title-append\"><\/span><\/h2>\t\t\t\t<\/div>\n\t\t\t<\/div>\n\t\t<\/a>\n\t<\/div>\n\n\t<\/div><\/div>\t<\/div>\n<\/div>\n","protected":false},"excerpt":{"rendered":"","protected":false},"author":0,"featured_media":0,"comment_status":"open","ping_status":"open","sticky":false,"template":"","format":"standard","meta":{"teft_cards_image_url":"https:\/\/hoyre.no\/content\/uploads\/sites\/6\/2020\/11\/img_8648_16x9-scaled.jpg","teft_cards_custom_pretitle":"","teft_cards_image_id":319,"teft_cards_image_focal_point_x":0,"teft_cards_image_focal_point_y":0,"teft_cards_title":"","teft_cards_excerpt":"","teft_show_chapters":false,"author_display_name":"Regionr\u00e5dgiver Tor Marius Markussen","footnotes":""},"category":[1],"post_tag":[],"hoyre-visibility":[],"article-type":[],"politician":[],"class_list":["post-320","post","type-post","status-publish","format-standard","hentry","category-ukategorisert"],"yoast_head":"<!-- This site is optimized with the Yoast SEO Premium plugin v26.5 (Yoast SEO v26.6) - https:\/\/yoast.com\/wordpress\/plugins\/seo\/ -->\n<title>V\u00e5re prioriterte veistrekninger er sendt til departementet - Agder H\u00f8yre<\/title>\n<meta name=\"robots\" content=\"index, follow, max-snippet:-1, max-image-preview:large, max-video-preview:-1\" \/>\n<link rel=\"canonical\" href=\"https:\/\/hoyre.no\/agder\/aktuelt\/vare_prioriterte_veistrekninger_er_sendt_til_samferdselsminister_knut_arild_hareide\/\" \/>\n<meta property=\"og:locale\" content=\"nb_NO\" \/>\n<meta property=\"og:type\" content=\"article\" \/>\n<meta property=\"og:title\" content=\"V\u00e5re prioriterte veistrekninger er sendt til departementet\" \/>\n<meta property=\"og:url\" content=\"https:\/\/hoyre.no\/agder\/aktuelt\/vare_prioriterte_veistrekninger_er_sendt_til_samferdselsminister_knut_arild_hareide\/\" \/>\n<meta property=\"og:site_name\" content=\"Agder H\u00f8yre\" \/>\n<meta property=\"article:published_time\" content=\"2020-06-28T20:00:00+00:00\" \/>\n<meta property=\"og:image\" content=\"https:\/\/hoyre.no\/content\/uploads\/sites\/6\/2026\/03\/Haagen-Poppe-Foto-Hans-Kristian-Thorbjornsen-1024x683.jpg\" \/>\n<meta name=\"twitter:card\" content=\"summary_large_image\" \/>\n<meta name=\"twitter:label1\" content=\"Ansl. lesetid\" \/>\n\t<meta name=\"twitter:data1\" content=\"3 minutter\" \/>\n<script type=\"application\/ld+json\" class=\"yoast-schema-graph\">{\"@context\":\"https:\/\/schema.org\",\"@graph\":[{\"@type\":\"NewsArticle\",\"@id\":\"https:\/\/hoyre.no\/agder\/aktuelt\/vare_prioriterte_veistrekninger_er_sendt_til_samferdselsminister_knut_arild_hareide\/\",\"url\":\"https:\/\/hoyre.no\/agder\/aktuelt\/vare_prioriterte_veistrekninger_er_sendt_til_samferdselsminister_knut_arild_hareide\/\",\"name\":\"V\u00e5re prioriterte veistrekninger er sendt til departementet - Agder H\u00f8yre\",\"isPartOf\":{\"@id\":\"https:\/\/hoyre.no\/agder\/#website\"},\"datePublished\":\"2020-06-28T20:00:00+00:00\",\"author\":{\"@id\":\"\"},\"breadcrumb\":{\"@id\":\"https:\/\/hoyre.no\/agder\/aktuelt\/vare_prioriterte_veistrekninger_er_sendt_til_samferdselsminister_knut_arild_hareide\/#breadcrumb\"},\"inLanguage\":\"nb-NO\",\"potentialAction\":[{\"@type\":\"ReadAction\",\"target\":[\"https:\/\/hoyre.no\/agder\/aktuelt\/vare_prioriterte_veistrekninger_er_sendt_til_samferdselsminister_knut_arild_hareide\/\"]}]},{\"@type\":\"BreadcrumbList\",\"@id\":\"https:\/\/hoyre.no\/agder\/aktuelt\/vare_prioriterte_veistrekninger_er_sendt_til_samferdselsminister_knut_arild_hareide\/#breadcrumb\",\"itemListElement\":[{\"@type\":\"ListItem\",\"position\":1,\"name\":\"Til hoyre.no\",\"item\":\"https:\/\/hoyre.no\"},{\"@type\":\"ListItem\",\"position\":2,\"name\":\"Hjem\",\"item\":\"https:\/\/hoyre.no\/agder\/\"},{\"@type\":\"ListItem\",\"position\":3,\"name\":\"V\u00e5re prioriterte veistrekninger er sendt til departementet\"}]},{\"@type\":\"WebSite\",\"@id\":\"https:\/\/hoyre.no\/agder\/#website\",\"url\":\"https:\/\/hoyre.no\/agder\/\",\"name\":\"Agder H\u00f8yre\",\"description\":\"Bare enda et H\u00f8yres nettsteder-nettsted\",\"inLanguage\":\"nb-NO\"}]}<\/script>\n<!-- \/ Yoast SEO Premium plugin. -->","yoast_head_json":{"title":"V\u00e5re prioriterte veistrekninger er sendt til departementet - Agder H\u00f8yre","robots":{"index":"index","follow":"follow","max-snippet":"max-snippet:-1","max-image-preview":"max-image-preview:large","max-video-preview":"max-video-preview:-1"},"canonical":"https:\/\/hoyre.no\/agder\/aktuelt\/vare_prioriterte_veistrekninger_er_sendt_til_samferdselsminister_knut_arild_hareide\/","og_locale":"nb_NO","og_type":"article","og_title":"V\u00e5re prioriterte veistrekninger er sendt til departementet","og_url":"https:\/\/hoyre.no\/agder\/aktuelt\/vare_prioriterte_veistrekninger_er_sendt_til_samferdselsminister_knut_arild_hareide\/","og_site_name":"Agder H\u00f8yre","article_published_time":"2020-06-28T20:00:00+00:00","og_image":[{"url":"https:\/\/hoyre.no\/content\/uploads\/sites\/6\/2026\/03\/Haagen-Poppe-Foto-Hans-Kristian-Thorbjornsen-1024x683.jpg","width":"","height":"","type":""}],"twitter_card":"summary_large_image","twitter_misc":{"Ansl. lesetid":"3 minutter"},"schema":{"@context":"https:\/\/schema.org","@graph":[{"@type":"NewsArticle","@id":"https:\/\/hoyre.no\/agder\/aktuelt\/vare_prioriterte_veistrekninger_er_sendt_til_samferdselsminister_knut_arild_hareide\/","url":"https:\/\/hoyre.no\/agder\/aktuelt\/vare_prioriterte_veistrekninger_er_sendt_til_samferdselsminister_knut_arild_hareide\/","name":"V\u00e5re prioriterte veistrekninger er sendt til departementet - Agder H\u00f8yre","isPartOf":{"@id":"https:\/\/hoyre.no\/agder\/#website"},"datePublished":"2020-06-28T20:00:00+00:00","author":{"@id":""},"breadcrumb":{"@id":"https:\/\/hoyre.no\/agder\/aktuelt\/vare_prioriterte_veistrekninger_er_sendt_til_samferdselsminister_knut_arild_hareide\/#breadcrumb"},"inLanguage":"nb-NO","potentialAction":[{"@type":"ReadAction","target":["https:\/\/hoyre.no\/agder\/aktuelt\/vare_prioriterte_veistrekninger_er_sendt_til_samferdselsminister_knut_arild_hareide\/"]}]},{"@type":"BreadcrumbList","@id":"https:\/\/hoyre.no\/agder\/aktuelt\/vare_prioriterte_veistrekninger_er_sendt_til_samferdselsminister_knut_arild_hareide\/#breadcrumb","itemListElement":[{"@type":"ListItem","position":1,"name":"Til hoyre.no","item":"https:\/\/hoyre.no"},{"@type":"ListItem","position":2,"name":"Hjem","item":"https:\/\/hoyre.no\/agder\/"},{"@type":"ListItem","position":3,"name":"V\u00e5re prioriterte veistrekninger er sendt til departementet"}]},{"@type":"WebSite","@id":"https:\/\/hoyre.no\/agder\/#website","url":"https:\/\/hoyre.no\/agder\/","name":"Agder H\u00f8yre","description":"Bare enda et H\u00f8yres nettsteder-nettsted","inLanguage":"nb-NO"}]}},"distributor_meta":false,"distributor_terms":false,"distributor_media":false,"distributor_original_site_name":"Agder H\u00f8yre","distributor_original_site_url":"https:\/\/hoyre.no\/agder","push-errors":false,"_links":{"self":[{"href":"https:\/\/hoyre.no\/agder\/wp-json\/wp\/v2\/posts\/320","targetHints":{"allow":["GET"]}}],"collection":[{"href":"https:\/\/hoyre.no\/agder\/wp-json\/wp\/v2\/posts"}],"about":[{"href":"https:\/\/hoyre.no\/agder\/wp-json\/wp\/v2\/types\/post"}],"replies":[{"embeddable":true,"href":"https:\/\/hoyre.no\/agder\/wp-json\/wp\/v2\/comments?post=320"}],"version-history":[{"count":0,"href":"https:\/\/hoyre.no\/agder\/wp-json\/wp\/v2\/posts\/320\/revisions"}],"wp:attachment":[{"href":"https:\/\/hoyre.no\/agder\/wp-json\/wp\/v2\/media?parent=320"}],"wp:term":[{"taxonomy":"category","embeddable":true,"href":"https:\/\/hoyre.no\/agder\/wp-json\/wp\/v2\/category?post=320"},{"taxonomy":"post_tag","embeddable":true,"href":"https:\/\/hoyre.no\/agder\/wp-json\/wp\/v2\/post_tag?post=320"},{"taxonomy":"hoyre-visibility","embeddable":true,"href":"https:\/\/hoyre.no\/agder\/wp-json\/wp\/v2\/hoyre-visibility?post=320"},{"taxonomy":"article-type","embeddable":true,"href":"https:\/\/hoyre.no\/agder\/wp-json\/wp\/v2\/article-type?post=320"},{"taxonomy":"politician","embeddable":true,"href":"https:\/\/hoyre.no\/agder\/wp-json\/wp\/v2\/politician?post=320"}],"curies":[{"name":"wp","href":"https:\/\/api.w.org\/{rel}","templated":true}]}}