{"id":35,"date":"2020-02-08T23:00:00","date_gmt":"2020-02-08T22:00:00","guid":{"rendered":"https:\/\/hoyre.no\/agder\/aktuelt\/agder_hoyres_fylkesarsmote\/"},"modified":"2020-02-08T23:00:00","modified_gmt":"2020-02-08T22:00:00","slug":"agder_hoyres_fylkesarsmote","status":"publish","type":"post","link":"https:\/\/hoyre.no\/agder\/aktuelt\/agder_hoyres_fylkesarsmote\/","title":{"rendered":"Agder H\u00f8yres Fylkes\u00e5rsm\u00f8te 2020"},"content":{"rendered":"<p class=\"preamble\">n Agder H\u00f8yres Fylkes\u00e5rsm\u00f8te ble avholdt l\u00f8rdag 8. februar 2020 p\u00e5 Scandic S\u00f8rlandet hotell i Kristiansand. 175 delegater deltok i \u00e5rsm\u00f8tet hvor statsr\u00e5d Bent H\u00f8ie var hovedtaler.n n<\/p>\t\t\t<div class=\"post-meta wp-block teft-byline-wrapper\">\n\t\t\t\t<div class=\"top\">\n\t\t\t\t\t<div class=\"signature\">\n\t\t\t\t\t\t<div class=\"teft-byline\">\n\t\t\t\t\t\t\t\t\t\t\t\t\t\t<div>\n\t\t\t\t\t\t\t\t<h3>H\u00f8yres redaksjon<\/h3>\t\t\t\t\t\t\t\t\n\t\t\t\t\t\t\t\t\t\t\t\t\t\t\t\t\t<span class=\"date\">Sist oppdatert: 8. februar 2020<\/span>\n\t\t\t\t\t\t\t\t\t\t\t\t\t\t\t\t\t\t\t\t\t\t\t\t\t<span class=\"reading-time\" itemprop=\"timeRequired\" content=\"PT8M\"><em>Ca. 8 minutter lesetid<\/em><\/span>\n\t\t\t\t\t\t\t\t\t\t\t\t\t\t\t<\/div>\n\t\t\t\t\t\t<\/div>\n\t\t\t\t\t<\/div>\n\t\t\t\t\t\t<div class=\"sharing\">\n\t\t<a class=\"share-button share-link copy-link\" data-copy=\"https:\/\/hoyre.no\/agder\/aktuelt\/agder_hoyres_fylkesarsmote\/\" target=\"_blank\"><span class=\"screen-reader-text\">Del link<\/span><\/a>\n\t\t<a class=\"share-button share-twitter\" href=\"http:\/\/twitter.com\/share?text=Agder H\u00f8yres Fylkes\u00e5rsm\u00f8te 2020&#038;url=https:\/\/hoyre.no\/agder\/aktuelt\/agder_hoyres_fylkesarsmote\/&#038;hashtags=Hoyre\" target=\"_blank\"><span class=\"screen-reader-text\">Del p\u00e5 twitter<\/span><\/a>\n\t\t<a class=\"share-button share-facebook\" href=\"https:\/\/www.facebook.com\/sharer\/sharer.php?u=https:\/\/hoyre.no\/agder\/aktuelt\/agder_hoyres_fylkesarsmote\/\" target=\"_blank\"><span class=\"screen-reader-text\">Del p\u00e5 facebook<\/span><\/a>\n\t<\/div>\n\t\t\t\t\t<\/div>\n\t\t\t<\/div>\n\n\t\t\t<figure class=\"hoyre-image-wrapper\"><div class=\"hoyre-image\"><img loading=\"lazy\" decoding=\"async\" width=\"2560\" height=\"1438\" src=\"https:\/\/hoyre.no\/content\/uploads\/sites\/6\/2020\/11\/p2082419_16x9-scaled.jpg\" class=\"attachment-scaled size-scaled\" alt=\"\" style=\"object-position: 50% 50%\" srcset=\"https:\/\/hoyre.no\/content\/uploads\/sites\/6\/2020\/11\/p2082419_16x9-scaled.jpg 2560w, https:\/\/hoyre.no\/content\/uploads\/sites\/6\/2020\/11\/p2082419_16x9-300x169.jpg 300w, https:\/\/hoyre.no\/content\/uploads\/sites\/6\/2020\/11\/p2082419_16x9-1024x575.jpg 1024w, https:\/\/hoyre.no\/content\/uploads\/sites\/6\/2020\/11\/p2082419_16x9-768x432.jpg 768w, https:\/\/hoyre.no\/content\/uploads\/sites\/6\/2020\/11\/p2082419_16x9-1536x863.jpg 1536w, https:\/\/hoyre.no\/content\/uploads\/sites\/6\/2020\/11\/p2082419_16x9-2048x1151.jpg 2048w\" sizes=\"auto, (max-width: 2560px) 100vw, 2560px\" \/><\/div><\/figure><div id=\"hoyre-old-article-content-wrapper\"><p>nn  <strong>Fylke\u00e5rsm\u00f8tet viser tydelig at H\u00f8yre er landsdelens trygge styringsparti og et folkeparti som rommer ulike meninger og mennesker. Vi er Agders st\u00f8rste parti, og vi er S\u00f8rlandets viktigste politiske verksted med visjoner for landsdelen og muligheter for alle.nnn<\/strong><\/p>n<h2><b>\u00c5pning avnFylkes\u00e5rsm\u00f8te 2020<\/b><\/h2>n<p>Delegatene ble \u00f8nsket velkommen av fylkesleder og nyutnevnt statssekret\u00e6r Harald Furre. Deretter tok stortingsrepresentant Norunn Tveiten Benestad og ordf\u00f8rer Einar Holmer-Hoven sete som m\u00f8tedirigenter. n<\/p>n<h2><b>H\u00f8yrenbryr seg \u2013 2020<\/b><\/h2>n<p>Hvert \u00e5r deler vi ut prisen \u00abH\u00f8yre bryr seg\u00bb. Prisen g\u00e5r til en frivillig organisasjon i landsdelen, som gj\u00f8r viktig arbeid i samfunnet. I \u00e5r gikk prisen til veteranorganisasjonen <a href=\"https:\/\/nvio.no\/lokalforeninger\/nvio-kristiansand\/\">NVIO i Agder<\/a>. Vinneren f\u00e5r hederlig omtale, diplom og pengest\u00f8tte for deres viktige arbeid med krigsveteraner. I 2020 er det ogs\u00e5 75 \u00e5r siden frigj\u00f8ringen etter 2. verdenskrig, noe som vil bli markert rundt i hele landet. For \u00e5 ta imot prisen, og fortelle litt om arbeidet i organisasjonen, deltok Ove Austrud (leder NVIO Kristiansand), Renathe Henriksen (nestleder) og Harald Evensen (Leder for Kameratst\u00f8tte i Agder). <\/p>n<h2><b>Seks \u00e5r inregjering \u2013 mot 2021<\/b><\/h2>n<p>Helse- og omsorgsminister Bent H\u00f8ie var v\u00e5r hovedtaler p\u00e5 \u00e5rsm\u00f8tet. Han holdt en innledning om hvordan H\u00f8yre har arbeidet og prioritert de viktige sakene siden 2013, og veien videre for \u00e5 vinne Stortingsvalget 2021. Det var stort engasjement og gode sp\u00f8rsm\u00e5l fra salen. <\/p>n<h2><b>AgdernH\u00f8yres aktivitet i 2019 og utdeling av organisatoriske priser<\/b><\/h2>n<p>Fylkesleder Harald Furre kunne fra talerstolen fortelle om h\u00f8y aktivitet i fylkespartiet og mye gjennomslag for landsdelen politisk. Det ble \u00e5pnet opp for politisk debatt med gode innlegg om viktige lokalpolitiske saker for hele regionen. <\/p>nn<p>Etter en valgkamp st\u00e5r vi tilbake med Agders f\u00f8rste fylkesordf\u00f8rer, fire ordf\u00f8rer og hele syv varaordf\u00f8rere. Det ble ogs\u00e5 markert god innsats i valgkampen lokalt.<\/p>nnn<ul>n  <li>For st\u00f8rst %-vis vekst av nye medlemmer i 2019: Bygland H\u00f8yre \u2014 Utvikling fra 2018 til 2019 p\u00e5 183%n    <br \/>n  <\/li>n  <li>For st\u00f8rst fremgang ved Kommunestyrevalget 2019: Iveland H\u00f8yre \u2014 Frem 14,4%, total oppslutning 21,7%n    <br \/>n  <\/li>n  <li>For st\u00f8rst fremgang ved Fylkestingsvalget 2019: Lillesand H\u00f8yre \u2014 Frem 11,9%, total oppslutning 45%n    <br \/>n  <\/li>n  <li>For h\u00f8yeste oppslutning ved Kommunestyrevalget 2019: Bykle H\u00f8gre p\u00e5 hele 29,4%n    <br \/>n  <\/li>n  <li>For h\u00f8yeste oppslutning ved Fylkestingsvalget 2019: Lillesand H\u00f8yre p\u00e5 hele 45%<\/li>n<\/ul>nnnnnnVidere takket vi Hannah Dybesland fra Mandal for innsatsen som Agder H\u00f8yres valgkampleder.nn<h2><b>Hvordannp\u00e5virke til H\u00f8yres stortingsvalgprogram 2021-2025?<\/b><\/h2>n<p>Statssekret\u00e6r Aase Marthe Horrimo sitter i H\u00f8yres programkomit\u00e8 og er med p\u00e5 arbeidet om retningsvalgene som H\u00f8yre skal ta f\u00f8r H\u00f8yres landsm\u00f8te 2020 og 2021. Resultatet av dette arbeidet blir H\u00f8yres Stortingsvalgprogram 2021-2025.<\/p>nn<h2><b>Gjenvalgnfor fylkesleder og ny nestleder i Agder H\u00f8yre<\/b><\/h2>n<p>Harald Furre ble enstemmig gjenvalgt som fylkesleder for Agder H\u00f8yre. Sammen med nyvalgte 2. nestleder Roger Abusland fra Lyngdal og sittende 1. nestleder Torunn Ostad fra Grimstad, utgj\u00f8r de ledelsen i Agder H\u00f8yres AU. <\/p>nn<h2><b>Viktige politiskenresolusjoner for landsdelen<\/b><\/h2>n<p>Behandlingen av innkomne resolusjoner er en viktig del av politikkutviklingen i partiet. Det er her man kan l\u00f8fte b\u00e5de lokale og prinsipielle politiske saker til debatt og diskusjon med partikolleger. <\/p>n<p>Torunn Ostad har ledet resolusjonskomiteen og arbeidet frem til Fylkes\u00e5rsm\u00f8tet. Se oversikten under og link til de vedtatte resolusjonene.<\/p>n<h3><u>Resolusjonernbehandlet og vedtatt av Fylkes\u00e5rsm\u00f8tet<\/u><\/h3>nn<table cellspacing=\"0\" cellpadding=\"0\" border=\"1\">n  <tbody>n    <tr>n      <td width=\"302\" valign=\"top\">n        <p><b>Navn p\u00e5 resolusjon<\/b><\/p>n      <\/td>n      <td width=\"302\" valign=\"top\">n        <p><b>Innsendt av<\/b><\/p>n      <\/td>n    <\/tr>n    <tr>n      <td width=\"302\" valign=\"top\">n        <p><a href=\"https:\/\/hoyre.no\/agder\/aktuelt\/resolusjon_tre_som_klimalosning\/\">Tre er en del av klimal\u00f8sningen   <br \/><\/a><\/p>n      <\/td>n      <td width=\"302\" valign=\"top\">n        <p>Unge H\u00f8yre<\/p>n      <\/td>n    <\/tr>n    <tr>n      <td width=\"302\" valign=\"top\">n        <p><a href=\"https:\/\/hoyre.no\/agder\/aktuelt\/resolusjon_eu_avstemming_agder_hoyre\/\">Ja til norsk medlemskap i EU   <br \/><\/a><\/p>n      <\/td>n      <td width=\"302\" valign=\"top\">n        <p>Fra diverse<\/p>n      <\/td>n    <\/tr>n    <tr>n      <td width=\"302\" valign=\"top\">n        <p><a href=\"https:\/\/hoyre.no\/agder\/aktuelt\/resolusjon_senior_arbeidsliv_pensjonist\/\">Senior i arbeidslivet eller pensjonist?   <br \/><\/a><\/p>n      <\/td>n      <td width=\"302\" valign=\"top\">n        <p>Arendal Senior H\u00f8yre<\/p>n      <\/td>n    <\/tr>n    <tr>n      <td width=\"302\" valign=\"top\">n        <p><a href=\"https:\/\/hoyre.no\/agder\/aktuelt\/resolusjon_klimavennlig_samferdsel_elektrisk_transport_jernbane\/\">Renere og raskere frem, og tryggere hjem   <br \/><\/a><\/p>n      <\/td>n      <td width=\"302\" valign=\"top\">n        <p>Resolusjonskomiteen<\/p>n      <\/td>n    <\/tr>n    <tr>n      <td width=\"302\" valign=\"top\">n        <p><a href=\"https:\/\/hoyre.no\/agder\/aktuelt\/resolusjon_akuttsykehus_kristiansand_helsetjenester\/\">Akutt behov for bedre helsetjenester   <br \/><\/a><\/p>n      <\/td>n      <td width=\"302\" valign=\"top\">n        <p>Resolusjonskomiteen<\/p>n      <\/td>n    <\/tr>n  <\/tbody>n<\/table>n<p><\/p>n<br \/>n<br \/>n<h3><br \/><\/h3>n<h3><br \/><\/h3>n<h3><br \/><\/h3>n<p>n  <br \/>n<\/p>n<h3>Resolusjoner vedtatt videresendt til H\u00f8yres fylkestingsgruppe<br \/><\/h3>n<table cellspacing=\"0\" cellpadding=\"0\" border=\"1\">n  <tbody>n    <tr>n      <td width=\"302\" valign=\"top\">n        <p><b>Navn p\u00e5 resolusjon<\/b><\/p>n      <\/td>n      <td width=\"302\" valign=\"top\">n        <p><b>Innsendt av<\/b><\/p>n      <\/td>n    <\/tr>n    <tr>n      <td width=\"302\" valign=\"top\">n        <p>Rassikring FV 460 Havs\u00e5sen<\/p>n      <\/td>n      <td width=\"302\" valign=\"top\">n        <p>Lyngdal H\u00f8yre<\/p>n      <\/td>n    <\/tr>n  <\/tbody>n<\/table>nn<br \/>n<br \/>n<br \/>n<br \/>n<h3><u>Resolusjonernbehandlet av fylkesstyret 7. mars 2020<\/u><\/h3>nn<table cellspacing=\"0\" cellpadding=\"0\" border=\"1\">n  <tbody>n    <tr>n      <td width=\"302\" valign=\"top\">n        <p><b>Navn p\u00e5 resolusjon<\/b><\/p>n      <\/td>n      <td width=\"302\" valign=\"top\">n        <p><b>Videre behandling<\/b>n          <br \/>n        <\/p>n      <\/td>n    <\/tr>n    <tr>n      <td width=\"302\" valign=\"top\">n        <p><a href=\"https:\/\/hoyre.no\/agder\/aktuelt\/kvinnehelse_i_fokus\/\">Likeverdige helsetjenester<\/a><\/p>n      <\/td>n      <td width=\"302\" valign=\"top\">n        <p>Vedtatt som uttalelse i omformulert versjonn          <br \/>n        <\/p>n      <\/td>n    <\/tr>n    <tr>n      <td width=\"302\" valign=\"top\">n        <p>Statlig finansiering av fastlandsforbindelser<\/p>n      <\/td>n      <td width=\"302\" valign=\"top\">n        <p>Videresendes H\u00f8yres transport\u2014 og kommunalfraksjon p\u00e5 Stortingetn          <br \/>n        <\/p>n      <\/td>n    <\/tr>n    <tr>n      <td width=\"302\" valign=\"top\">n        <p>Vern Barentshavet Nord<\/p>n      <\/td>n      <td width=\"302\" valign=\"top\">n        <p>Fylkesstyret tar resolusjonen til orientering og brukes som innspill i Stortingsvalgprogramarbeidetn          <br \/>n        <\/p>n      <\/td>n    <\/tr>n    <tr>n      <td width=\"302\" valign=\"top\">n        <p><a href=\"https:\/\/hoyre.no\/agder\/aktuelt\/resolusjon_ensomhet_og_psykiske_helseutfordringer_selvmord_rus\/\">Hjelp n\u00e5r livet blir vanskelig<\/a><\/p>n      <\/td>n      <td width=\"302\" valign=\"top\">n        <p>Vedtatt som resolusjonn          <br \/>n        <\/p>n      <\/td>n    <\/tr>n    <tr>n      <td><a href=\"https:\/\/hoyre.no\/agder\/aktuelt\/sorlandet_trenger_ytre_ringvei_na\/\">S\u00f8rlandet trenger Ytre Ringvei n\u00e5!<\/a>n        <br \/>n      <\/td>n      <td>Vedtatt som uttalelsen        <br \/>n      <\/td>n    <\/tr>n  <\/tbody>n<\/table>n<p><\/p>n<p>n  <br \/>n<\/p>n<p>n  <br \/>n<\/p>n<p>n  <br \/>n<\/p>n<p>n  <br \/>n<\/p>n<p>n  <br \/>n<\/p>n<p>n  <br \/>n<\/p>n<p>n  <br \/>n<\/p>n<br \/> For sp\u00f8rsm\u00e5l rundt fylkes\u00e5rsm\u00f8tet eller for \u00e5 komme i kontakt med Agder H\u00f8yre, ta kontakt med oss p\u00e5 e-post: <a href=\"agder@hoyre.no\">agder@hoyre.no<\/a>n<em><\/p><p>Endret 10. mars 2020 av Tor Marius Markussen<\/em>n<br \/><\/div>\n<div class=\"tags\">\n\t<\/div>\n<div class=\"post-footer alignfull has-background block-editor-block-list__block\" data-align=full>\n\t<div class=\"post-footer-inner\">\n\t\t<h3>Relaterte artikler<\/h3>\n\t\t<div class=\"related-content\"><div class=\"is-card-hoyre\">\n\t<div class=\"teft-card hoyre-teft-card post-teft-card\">\n\t\t<a href=\"https:\/\/hoyre.no\/agder\/aktuelt\/agder-hoyre-onsker-dine-innspill-fylkestings-programmet\/\" class=\"teft-card__primary-action\">\n\n\t\t\t\t\t<div class=\"teft-card__media teft-card__media--16-9\">\n\t\t\t\t\t\t<img loading=\"lazy\" decoding=\"async\" width=\"768\" height=\"819\" src=\"https:\/\/hoyre.no\/content\/uploads\/sites\/6\/2025\/06\/DSC04923-edited-768x819.jpg\" class=\"attachment-medium_large size-medium_large\" alt=\"\" srcset=\"https:\/\/hoyre.no\/content\/uploads\/sites\/6\/2025\/06\/DSC04923-edited-768x819.jpg 768w, https:\/\/hoyre.no\/content\/uploads\/sites\/6\/2025\/06\/DSC04923-edited-281x300.jpg 281w, https:\/\/hoyre.no\/content\/uploads\/sites\/6\/2025\/06\/DSC04923-edited-960x1024.jpg 960w, https:\/\/hoyre.no\/content\/uploads\/sites\/6\/2025\/06\/DSC04923-edited-1440x1536.jpg 1440w, https:\/\/hoyre.no\/content\/uploads\/sites\/6\/2025\/06\/DSC04923-edited-1920x2048.jpg 1920w\" sizes=\"auto, (max-width: 768px) 100vw, 768px\" \/>\t\t<\/div>\n\t\t\n\t\t\t<div class=\"teft-card__content-wrapper\">\n\t\t\t\t<div class=\"teft-card__secondary\">\n\t\t\t\t\t\n\t\t\t\t\t\t\t\t<div class=\"teft-card__meta\">\n\t\t\t\t\t\t\t\t\t<span class=\"post-date\">21. apr 2026<\/span>\n\n\t\t\t\t\t\t\t\t\t<span class=\"post-category\">Nyheter<\/span>\t\t\t\t\t\t\t\t<\/div>\n\t\t\t\t\t\t\t\t\t\t\t<\/div>\n\n\t\t\t\t<div class=\"teft-card__primary\">\n\t\t\t\t\t<h2 class=\"teft-card__title\">Agder H\u00f8yres programprosess for Fylkestingsvalget 2027&nbsp;<span class=\"teft-card__primary-title-append\"><\/span><\/h2>\t\t\t\t<\/div>\n\t\t\t<\/div>\n\t\t<\/a>\n\t<\/div>\n\n\t<\/div><div class=\"is-card-hoyre\">\n\t<div class=\"teft-card hoyre-teft-card post-teft-card\">\n\t\t<a href=\"https:\/\/hoyre.no\/agder\/aktuelt\/agder-hoyres-nye-regionradgiver\/\" class=\"teft-card__primary-action\">\n\n\t\t\t\t\t<div class=\"teft-card__media teft-card__media--16-9\">\n\t\t\t\t\t\t<img loading=\"lazy\" decoding=\"async\" width=\"768\" height=\"768\" src=\"https:\/\/hoyre.no\/content\/uploads\/sites\/6\/2026\/03\/Aleksander-L-768x768.png\" class=\"attachment-medium_large size-medium_large\" alt=\"\" srcset=\"https:\/\/hoyre.no\/content\/uploads\/sites\/6\/2026\/03\/Aleksander-L-768x768.png 768w, https:\/\/hoyre.no\/content\/uploads\/sites\/6\/2026\/03\/Aleksander-L-e1775591785378-300x300.png 300w, https:\/\/hoyre.no\/content\/uploads\/sites\/6\/2026\/03\/Aleksander-L-e1775591785378-150x150.png 150w, https:\/\/hoyre.no\/content\/uploads\/sites\/6\/2026\/03\/Aleksander-L-e1775591785378.png 722w\" sizes=\"auto, (max-width: 768px) 100vw, 768px\" \/>\t\t<\/div>\n\t\t\n\t\t\t<div class=\"teft-card__content-wrapper\">\n\t\t\t\t<div class=\"teft-card__secondary\">\n\t\t\t\t\t\n\t\t\t\t\t\t\t\t<div class=\"teft-card__meta\">\n\t\t\t\t\t\t\t\t\t<span class=\"post-date\">23. mar 2026<\/span>\n\n\t\t\t\t\t\t\t\t\t\t\t\t\t\t\t\t\t<\/div>\n\t\t\t\t\t\t\t\t\t\t\t<\/div>\n\n\t\t\t\t<div class=\"teft-card__primary\">\n\t\t\t\t\t<h2 class=\"teft-card__title\">Agder H\u00f8yres nye regionr\u00e5dgiver&nbsp;<span class=\"teft-card__primary-title-append\"><\/span><\/h2>\t\t\t\t<\/div>\n\t\t\t<\/div>\n\t\t<\/a>\n\t<\/div>\n\n\t<\/div><div class=\"is-card-hoyre\">\n\t<div class=\"teft-card hoyre-teft-card post-teft-card\">\n\t\t<a href=\"https:\/\/hoyre.no\/agder\/aktuelt\/agder-hoyres-nominasjonsprosess-for-fylkestingsvalget-2027\/\" class=\"teft-card__primary-action\">\n\n\t\t\t\t\t<div class=\"teft-card__media teft-card__media--16-9\">\n\t\t\t\t\t\t<img loading=\"lazy\" decoding=\"async\" width=\"768\" height=\"512\" src=\"https:\/\/hoyre.no\/content\/uploads\/sites\/6\/2026\/03\/Haagen-Poppe-Foto-Hans-Kristian-Thorbjornsen-768x512.jpg\" class=\"attachment-medium_large size-medium_large\" alt=\"\" srcset=\"https:\/\/hoyre.no\/content\/uploads\/sites\/6\/2026\/03\/Haagen-Poppe-Foto-Hans-Kristian-Thorbjornsen-768x512.jpg 768w, https:\/\/hoyre.no\/content\/uploads\/sites\/6\/2026\/03\/Haagen-Poppe-Foto-Hans-Kristian-Thorbjornsen-300x200.jpg 300w, https:\/\/hoyre.no\/content\/uploads\/sites\/6\/2026\/03\/Haagen-Poppe-Foto-Hans-Kristian-Thorbjornsen-1024x683.jpg 1024w, https:\/\/hoyre.no\/content\/uploads\/sites\/6\/2026\/03\/Haagen-Poppe-Foto-Hans-Kristian-Thorbjornsen-1536x1025.jpg 1536w, https:\/\/hoyre.no\/content\/uploads\/sites\/6\/2026\/03\/Haagen-Poppe-Foto-Hans-Kristian-Thorbjornsen-2048x1366.jpg 2048w\" sizes=\"auto, (max-width: 768px) 100vw, 768px\" \/>\t\t<\/div>\n\t\t\n\t\t\t<div class=\"teft-card__content-wrapper\">\n\t\t\t\t<div class=\"teft-card__secondary\">\n\t\t\t\t\t\n\t\t\t\t\t\t\t\t<div class=\"teft-card__meta\">\n\t\t\t\t\t\t\t\t\t<span class=\"post-date\">5. mar 2026<\/span>\n\n\t\t\t\t\t\t\t\t\t\t\t\t\t\t\t\t\t<\/div>\n\t\t\t\t\t\t\t\t\t\t\t<\/div>\n\n\t\t\t\t<div class=\"teft-card__primary\">\n\t\t\t\t\t<h2 class=\"teft-card__title\">Agder H\u00f8yres nominasjonsprosess for  Fylkestingsvalget 2027&nbsp;<span class=\"teft-card__primary-title-append\"><\/span><\/h2>\t\t\t\t<\/div>\n\t\t\t<\/div>\n\t\t<\/a>\n\t<\/div>\n\n\t<\/div><\/div>\t<\/div>\n<\/div>\n","protected":false},"excerpt":{"rendered":"","protected":false},"author":0,"featured_media":0,"comment_status":"open","ping_status":"open","sticky":false,"template":"","format":"standard","meta":{"teft_cards_image_url":"https:\/\/hoyre.no\/content\/uploads\/sites\/6\/2020\/11\/p2082419_16x9-scaled.jpg","teft_cards_custom_pretitle":"","teft_cards_image_id":34,"teft_cards_image_focal_point_x":0,"teft_cards_image_focal_point_y":0,"teft_cards_title":"","teft_cards_excerpt":"","teft_show_chapters":false,"author_display_name":"Regionr\u00e5dgiver Tor Marius Markussen","footnotes":""},"category":[1],"post_tag":[],"hoyre-visibility":[],"article-type":[],"politician":[],"class_list":["post-35","post","type-post","status-publish","format-standard","hentry","category-ukategorisert"],"yoast_head":"<!-- This site is optimized with the Yoast SEO Premium plugin v26.5 (Yoast SEO v26.6) - https:\/\/yoast.com\/wordpress\/plugins\/seo\/ -->\n<title>Agder H\u00f8yres Fylkes\u00e5rsm\u00f8te 2020 - Agder H\u00f8yre<\/title>\n<meta name=\"robots\" content=\"index, follow, max-snippet:-1, max-image-preview:large, max-video-preview:-1\" \/>\n<link rel=\"canonical\" href=\"https:\/\/hoyre.no\/agder\/aktuelt\/agder_hoyres_fylkesarsmote\/\" \/>\n<meta property=\"og:locale\" content=\"nb_NO\" \/>\n<meta property=\"og:type\" content=\"article\" \/>\n<meta property=\"og:title\" content=\"Agder H\u00f8yres Fylkes\u00e5rsm\u00f8te 2020\" \/>\n<meta property=\"og:url\" content=\"https:\/\/hoyre.no\/agder\/aktuelt\/agder_hoyres_fylkesarsmote\/\" \/>\n<meta property=\"og:site_name\" content=\"Agder H\u00f8yre\" \/>\n<meta property=\"article:published_time\" content=\"2020-02-08T22:00:00+00:00\" \/>\n<meta property=\"og:image\" content=\"https:\/\/hoyre.no\/content\/uploads\/sites\/6\/2026\/03\/Haagen-Poppe-Foto-Hans-Kristian-Thorbjornsen-1024x683.jpg\" \/>\n<meta name=\"twitter:card\" content=\"summary_large_image\" \/>\n<meta name=\"twitter:label1\" content=\"Ansl. lesetid\" \/>\n\t<meta name=\"twitter:data1\" content=\"4 minutter\" \/>\n<script type=\"application\/ld+json\" class=\"yoast-schema-graph\">{\"@context\":\"https:\/\/schema.org\",\"@graph\":[{\"@type\":\"NewsArticle\",\"@id\":\"https:\/\/hoyre.no\/agder\/aktuelt\/agder_hoyres_fylkesarsmote\/\",\"url\":\"https:\/\/hoyre.no\/agder\/aktuelt\/agder_hoyres_fylkesarsmote\/\",\"name\":\"Agder H\u00f8yres Fylkes\u00e5rsm\u00f8te 2020 - Agder H\u00f8yre\",\"isPartOf\":{\"@id\":\"https:\/\/hoyre.no\/agder\/#website\"},\"datePublished\":\"2020-02-08T22:00:00+00:00\",\"author\":{\"@id\":\"\"},\"breadcrumb\":{\"@id\":\"https:\/\/hoyre.no\/agder\/aktuelt\/agder_hoyres_fylkesarsmote\/#breadcrumb\"},\"inLanguage\":\"nb-NO\",\"potentialAction\":[{\"@type\":\"ReadAction\",\"target\":[\"https:\/\/hoyre.no\/agder\/aktuelt\/agder_hoyres_fylkesarsmote\/\"]}]},{\"@type\":\"BreadcrumbList\",\"@id\":\"https:\/\/hoyre.no\/agder\/aktuelt\/agder_hoyres_fylkesarsmote\/#breadcrumb\",\"itemListElement\":[{\"@type\":\"ListItem\",\"position\":1,\"name\":\"Til hoyre.no\",\"item\":\"https:\/\/hoyre.no\"},{\"@type\":\"ListItem\",\"position\":2,\"name\":\"Hjem\",\"item\":\"https:\/\/hoyre.no\/agder\/\"},{\"@type\":\"ListItem\",\"position\":3,\"name\":\"Agder H\u00f8yres Fylkes\u00e5rsm\u00f8te 2020\"}]},{\"@type\":\"WebSite\",\"@id\":\"https:\/\/hoyre.no\/agder\/#website\",\"url\":\"https:\/\/hoyre.no\/agder\/\",\"name\":\"Agder H\u00f8yre\",\"description\":\"Bare enda et H\u00f8yres nettsteder-nettsted\",\"inLanguage\":\"nb-NO\"}]}<\/script>\n<!-- \/ Yoast SEO Premium plugin. -->","yoast_head_json":{"title":"Agder H\u00f8yres Fylkes\u00e5rsm\u00f8te 2020 - Agder H\u00f8yre","robots":{"index":"index","follow":"follow","max-snippet":"max-snippet:-1","max-image-preview":"max-image-preview:large","max-video-preview":"max-video-preview:-1"},"canonical":"https:\/\/hoyre.no\/agder\/aktuelt\/agder_hoyres_fylkesarsmote\/","og_locale":"nb_NO","og_type":"article","og_title":"Agder H\u00f8yres Fylkes\u00e5rsm\u00f8te 2020","og_url":"https:\/\/hoyre.no\/agder\/aktuelt\/agder_hoyres_fylkesarsmote\/","og_site_name":"Agder H\u00f8yre","article_published_time":"2020-02-08T22:00:00+00:00","og_image":[{"url":"https:\/\/hoyre.no\/content\/uploads\/sites\/6\/2026\/03\/Haagen-Poppe-Foto-Hans-Kristian-Thorbjornsen-1024x683.jpg","width":"","height":"","type":""}],"twitter_card":"summary_large_image","twitter_misc":{"Ansl. lesetid":"4 minutter"},"schema":{"@context":"https:\/\/schema.org","@graph":[{"@type":"NewsArticle","@id":"https:\/\/hoyre.no\/agder\/aktuelt\/agder_hoyres_fylkesarsmote\/","url":"https:\/\/hoyre.no\/agder\/aktuelt\/agder_hoyres_fylkesarsmote\/","name":"Agder H\u00f8yres Fylkes\u00e5rsm\u00f8te 2020 - Agder H\u00f8yre","isPartOf":{"@id":"https:\/\/hoyre.no\/agder\/#website"},"datePublished":"2020-02-08T22:00:00+00:00","author":{"@id":""},"breadcrumb":{"@id":"https:\/\/hoyre.no\/agder\/aktuelt\/agder_hoyres_fylkesarsmote\/#breadcrumb"},"inLanguage":"nb-NO","potentialAction":[{"@type":"ReadAction","target":["https:\/\/hoyre.no\/agder\/aktuelt\/agder_hoyres_fylkesarsmote\/"]}]},{"@type":"BreadcrumbList","@id":"https:\/\/hoyre.no\/agder\/aktuelt\/agder_hoyres_fylkesarsmote\/#breadcrumb","itemListElement":[{"@type":"ListItem","position":1,"name":"Til hoyre.no","item":"https:\/\/hoyre.no"},{"@type":"ListItem","position":2,"name":"Hjem","item":"https:\/\/hoyre.no\/agder\/"},{"@type":"ListItem","position":3,"name":"Agder H\u00f8yres Fylkes\u00e5rsm\u00f8te 2020"}]},{"@type":"WebSite","@id":"https:\/\/hoyre.no\/agder\/#website","url":"https:\/\/hoyre.no\/agder\/","name":"Agder H\u00f8yre","description":"Bare enda et H\u00f8yres nettsteder-nettsted","inLanguage":"nb-NO"}]}},"distributor_meta":false,"distributor_terms":false,"distributor_media":false,"distributor_original_site_name":"Agder H\u00f8yre","distributor_original_site_url":"https:\/\/hoyre.no\/agder","push-errors":false,"_links":{"self":[{"href":"https:\/\/hoyre.no\/agder\/wp-json\/wp\/v2\/posts\/35","targetHints":{"allow":["GET"]}}],"collection":[{"href":"https:\/\/hoyre.no\/agder\/wp-json\/wp\/v2\/posts"}],"about":[{"href":"https:\/\/hoyre.no\/agder\/wp-json\/wp\/v2\/types\/post"}],"replies":[{"embeddable":true,"href":"https:\/\/hoyre.no\/agder\/wp-json\/wp\/v2\/comments?post=35"}],"version-history":[{"count":0,"href":"https:\/\/hoyre.no\/agder\/wp-json\/wp\/v2\/posts\/35\/revisions"}],"wp:attachment":[{"href":"https:\/\/hoyre.no\/agder\/wp-json\/wp\/v2\/media?parent=35"}],"wp:term":[{"taxonomy":"category","embeddable":true,"href":"https:\/\/hoyre.no\/agder\/wp-json\/wp\/v2\/category?post=35"},{"taxonomy":"post_tag","embeddable":true,"href":"https:\/\/hoyre.no\/agder\/wp-json\/wp\/v2\/post_tag?post=35"},{"taxonomy":"hoyre-visibility","embeddable":true,"href":"https:\/\/hoyre.no\/agder\/wp-json\/wp\/v2\/hoyre-visibility?post=35"},{"taxonomy":"article-type","embeddable":true,"href":"https:\/\/hoyre.no\/agder\/wp-json\/wp\/v2\/article-type?post=35"},{"taxonomy":"politician","embeddable":true,"href":"https:\/\/hoyre.no\/agder\/wp-json\/wp\/v2\/politician?post=35"}],"curies":[{"name":"wp","href":"https:\/\/api.w.org\/{rel}","templated":true}]}}