{"id":362,"date":"2020-12-01T17:03:00","date_gmt":"2020-12-01T16:03:00","guid":{"rendered":"https:\/\/hoyre.no\/agder\/?p=362"},"modified":"2020-12-10T09:52:42","modified_gmt":"2020-12-10T08:52:42","slug":"posisjonens-budsjett-for-2021-agder-fylkeskommune","status":"publish","type":"post","link":"https:\/\/hoyre.no\/agder\/aktuelt\/posisjonens-budsjett-for-2021-agder-fylkeskommune\/","title":{"rendered":"Posisjonens budsjett for 2021 &#8211; Agder Fylkeskommune"},"content":{"rendered":"\n<p class=\"preamble\">Idag har posisjonen i Agder Fylkeskommune lagt frem v\u00e5rt budsjett for 2021. Her prioriterer vi blant annet en styrking av videreg\u00e5ende skole og fylkesveier.<\/p>\t\t\t<div class=\"post-meta wp-block teft-byline-wrapper\">\n\t\t\t\t<div class=\"top\">\n\t\t\t\t\t<div class=\"signature\">\n\t\t\t\t\t\t<div class=\"teft-byline\">\n\t\t\t\t\t\t\t\t\t\t\t\t\t\t<div>\n\t\t\t\t\t\t\t\t<h3>H\u00f8yres redaksjon<\/h3>\t\t\t\t\t\t\t\t\n\t\t\t\t\t\t\t\t\t\t\t\t\t\t\t\t\t<span class=\"date\">Sist oppdatert: 10. desember 2020<\/span>\n\t\t\t\t\t\t\t\t\t\t\t\t\t\t\t\t\t\t\t\t\t\t\t\t\t<span class=\"reading-time\" itemprop=\"timeRequired\" content=\"PT3M\"><em>Ca. 3 minutter lesetid<\/em><\/span>\n\t\t\t\t\t\t\t\t\t\t\t\t\t\t\t<\/div>\n\t\t\t\t\t\t<\/div>\n\t\t\t\t\t<\/div>\n\t\t\t\t\t\t<div class=\"sharing\">\n\t\t<a class=\"share-button share-link copy-link\" data-copy=\"https:\/\/hoyre.no\/agder\/aktuelt\/posisjonens-budsjett-for-2021-agder-fylkeskommune\/\" target=\"_blank\"><span class=\"screen-reader-text\">Del link<\/span><\/a>\n\t\t<a class=\"share-button share-twitter\" href=\"http:\/\/twitter.com\/share?text=Posisjonens budsjett for 2021 &#8211; Agder Fylkeskommune&#038;url=https:\/\/hoyre.no\/agder\/aktuelt\/posisjonens-budsjett-for-2021-agder-fylkeskommune\/&#038;hashtags=Hoyre\" target=\"_blank\"><span class=\"screen-reader-text\">Del p\u00e5 twitter<\/span><\/a>\n\t\t<a class=\"share-button share-facebook\" href=\"https:\/\/www.facebook.com\/sharer\/sharer.php?u=https:\/\/hoyre.no\/agder\/aktuelt\/posisjonens-budsjett-for-2021-agder-fylkeskommune\/\" target=\"_blank\"><span class=\"screen-reader-text\">Del p\u00e5 facebook<\/span><\/a>\n\t<\/div>\n\t\t\t\t\t<\/div>\n\t\t\t<\/div>\n\n\t\t\t<figure class=\"hoyre-image-wrapper\"><div class=\"hoyre-image\"><img loading=\"lazy\" decoding=\"async\" width=\"1200\" height=\"800\" src=\"https:\/\/hoyre.no\/content\/uploads\/sites\/6\/2020\/12\/agder_4.jpg\" class=\"attachment-scaled size-scaled\" alt=\"Torunn Ostad, Agder H\u00f8yre\" style=\"object-position: 64% 40%\" srcset=\"https:\/\/hoyre.no\/content\/uploads\/sites\/6\/2020\/12\/agder_4.jpg 1200w, https:\/\/hoyre.no\/content\/uploads\/sites\/6\/2020\/12\/agder_4-300x200.jpg 300w, https:\/\/hoyre.no\/content\/uploads\/sites\/6\/2020\/12\/agder_4-1024x683.jpg 1024w, https:\/\/hoyre.no\/content\/uploads\/sites\/6\/2020\/12\/agder_4-768x512.jpg 768w\" sizes=\"auto, (max-width: 1200px) 100vw, 1200px\" \/><\/div><figcaption class=\"caption\">Gruppeleder Torunn Ostad. I budsjettet for neste \u00e5r prioriterer vi verdiskaping, inkludering, kompetanse og infrastruktur. (Foto: Agder H\u00f8yre)<\/figcaption><\/figure>\n\n\n\n\n<h2 class=\"wp-block-heading\">Det skal v\u00e6re mulig \u00e5 b\u00e5de jobbe og bo i hele Agder.<\/h2>\n\n\n\n<p><strong>Distriktene er vinneren av vei\u2014 og infrastruktursatsingen<\/strong><br>I regjeringas forslag til statsbudsjett ligger det allerede inne store satsinger p\u00e5 de viktigste veiene v\u00e5re. I tillegg la posisjonen i v\u00e5rt forrige budsjett opp til et vedlikehold av fylkesveiene p\u00e5 rekordniv\u00e5. Det f\u00f8lger vi opp i dette budsjettforslaget. Det betyr f\u00e6rre ulykker og kortere avstander for alle som ferdes p\u00e5 veiene.<\/p>\n\n\n\n<p>Bedre vei gir et st\u00f8rre og mer sammenvevd bo- og arbeidsmarked. Folk skal komme raskere frem og tryggere hjem. Og infrastruktur er avgj\u00f8rende om vi skal n\u00e5 m\u00e5let om \u00e5 ta hele Agder i bruk. Midler til bredb\u00e5nd og fiberkapasitet har sikret flere husstander bedre dekning, og b\u00e5de regjeringa og posisjonen i Agder fortsetter \u00e5 styrke den satsingen.<br><br><strong>Sosiale entrepren\u00f8rer skal f\u00e5 flere i arbeid<br><\/strong>Fylkeskommunen skal fortsatt st\u00f8tte opp om n\u00e6ringsutvikling og etablering av nye arbeidsplasser. Men b\u00e6rekraft m\u00e5 v\u00e6re et viktig prinsipp ogs\u00e5 her. Derfor presiserer vi at 2 millioner at de pengene som er satt av til gr\u00fcndere skal g\u00e5 til sosialt entrepren\u00f8rskap, blant annet Hopeful i Kristiansand. Vi trenger \u00e5 mobilisere alle gode krefter for at flere i Agder skal ha en jobb \u00e5 g\u00e5 til.<\/p>\n\n\n\n<p>Derfor presiserer vi p\u00e5 nytt at ogs\u00e5 det offentlige m\u00e5 bidra i inkluderingsdugnaden, og vi mener at vi m\u00e5 legge sterkere trykk p\u00e5 vedtaket om at 5% av nyansettelsene skal v\u00e6re mennesker med nedsatt arbeidsevne eller hull i CV-en.<\/p>\n\n\n\n<p><strong>Det skal g\u00e5 kjapt fra ide til marked for gr\u00fcndere<\/strong><br>I tillegg til v\u00e5re egne bevilgninger, ligger det ogs\u00e5 en styrking av midler til forskning og innovasjon i statsbudsjettet.&nbsp;Her er det mange ordninger som bedrifter i Agder benytter seg av, og som bidrar til at v\u00e5rt n\u00e6ringsliv blir gr\u00f8nnere, smartere og mer nyskapende. For 2019 ble det gitt 47,6 millioner kroner til forskning og utvikling direkte til bedrifter i Agder.<\/p>\n\n\n\n<p>I 2019 fikk prosjekter fra Agder 439 millioner kroner i l\u00e5n og tilskudd fra Innovasjon Norge. Det kommer viktig st\u00f8tte fra nasjonalt hold. Og vi m\u00e5 f\u00f8lge opp regionalt, og sikre at v\u00e5re ordninger fungerer optimalt sammen de andre ordningene som finnes. Posisjonen sier i v\u00e5rt budsjettforslag at n\u00e5r vi har f\u00e5tt gjennomgangen av det regionale virkemiddelapparatet, s\u00e5 vil vi prioritere et \u00f8konomisk l\u00f8ft til dette arbeidet.<\/p>\n\n\n\n<p><strong>En trygg skolegang med muligheter for alle<br><\/strong>Men noe av det viktigste vi gj\u00f8r for \u00e5 f\u00e5 flere i jobb, er \u00e5 sikre at alle f\u00e5r muligheten til en god skolegang. Vi setter av midler til b\u00e5de tilbudsstruktur og skolebruksplanen. I tillegg mener vi at vi m\u00e5 fortsatt dytte p\u00e5 litt for \u00e5 f\u00e5 sertifisert alle skolene som dysleksivennlige og for \u00e5 styrke r\u00e5dgivertjenesten.<br><br>I tillegg l\u00f8fter vi fram et prosjekt med \u00e5 f\u00e5 etablert et oppl\u00e6ringstilbud kalt UngInvest i Arendal. Dette har det v\u00e6rt jobbet med tidligere i gamle Aust-Agder, men arbeidet stoppet litt opp. Dette er et oppl\u00e6ringstilbud som viser fantastiske resultater i de fylkeskommunene som har hatt det en stund, med en metodikk kalt Appreciative Inquiry som er godt gjennompr\u00f8vd. Vi trenger et tilbud i Arendalsomr\u00e5det for de ungdommene som har falt ut av skole og arbeidsliv.<\/p>\n\n\n\n<h3 class=\"wp-block-heading\">Oppsummert, i budsjettet for neste \u00e5r prioriterer vi verdiskaping, inkludering, kompetanse og infrastruktur.<\/h3>\n\n\n<div class=\"tags\">\n\t<\/div>\n<div class=\"post-footer alignfull has-background block-editor-block-list__block\" data-align=full>\n\t<div class=\"post-footer-inner\">\n\t\t<h3>Relaterte artikler<\/h3>\n\t\t<div class=\"related-content\"><div class=\"is-card-hoyre\">\n\t<div class=\"teft-card hoyre-teft-card post-teft-card\">\n\t\t<a href=\"https:\/\/hoyre.no\/agder\/aktuelt\/agder-hoyre-onsker-dine-innspill-fylkestings-programmet\/\" class=\"teft-card__primary-action\">\n\n\t\t\t\t\t<div class=\"teft-card__media teft-card__media--16-9\">\n\t\t\t\t\t\t<img loading=\"lazy\" decoding=\"async\" width=\"768\" height=\"819\" src=\"https:\/\/hoyre.no\/content\/uploads\/sites\/6\/2025\/06\/DSC04923-edited-768x819.jpg\" class=\"attachment-medium_large size-medium_large\" alt=\"\" srcset=\"https:\/\/hoyre.no\/content\/uploads\/sites\/6\/2025\/06\/DSC04923-edited-768x819.jpg 768w, https:\/\/hoyre.no\/content\/uploads\/sites\/6\/2025\/06\/DSC04923-edited-281x300.jpg 281w, https:\/\/hoyre.no\/content\/uploads\/sites\/6\/2025\/06\/DSC04923-edited-960x1024.jpg 960w, https:\/\/hoyre.no\/content\/uploads\/sites\/6\/2025\/06\/DSC04923-edited-1440x1536.jpg 1440w, https:\/\/hoyre.no\/content\/uploads\/sites\/6\/2025\/06\/DSC04923-edited-1920x2048.jpg 1920w\" sizes=\"auto, (max-width: 768px) 100vw, 768px\" \/>\t\t<\/div>\n\t\t\n\t\t\t<div class=\"teft-card__content-wrapper\">\n\t\t\t\t<div class=\"teft-card__secondary\">\n\t\t\t\t\t\n\t\t\t\t\t\t\t\t<div class=\"teft-card__meta\">\n\t\t\t\t\t\t\t\t\t<span class=\"post-date\">21. apr 2026<\/span>\n\n\t\t\t\t\t\t\t\t\t<span class=\"post-category\">Nyheter<\/span>\t\t\t\t\t\t\t\t<\/div>\n\t\t\t\t\t\t\t\t\t\t\t<\/div>\n\n\t\t\t\t<div class=\"teft-card__primary\">\n\t\t\t\t\t<h2 class=\"teft-card__title\">Agder H\u00f8yres programprosess for Fylkestingsvalget 2027&nbsp;<span class=\"teft-card__primary-title-append\"><\/span><\/h2>\t\t\t\t<\/div>\n\t\t\t<\/div>\n\t\t<\/a>\n\t<\/div>\n\n\t<\/div><div class=\"is-card-hoyre\">\n\t<div class=\"teft-card hoyre-teft-card post-teft-card\">\n\t\t<a href=\"https:\/\/hoyre.no\/agder\/aktuelt\/agder-hoyres-nye-regionradgiver\/\" class=\"teft-card__primary-action\">\n\n\t\t\t\t\t<div class=\"teft-card__media teft-card__media--16-9\">\n\t\t\t\t\t\t<img loading=\"lazy\" decoding=\"async\" width=\"768\" height=\"768\" src=\"https:\/\/hoyre.no\/content\/uploads\/sites\/6\/2026\/03\/Aleksander-L-768x768.png\" class=\"attachment-medium_large size-medium_large\" alt=\"\" srcset=\"https:\/\/hoyre.no\/content\/uploads\/sites\/6\/2026\/03\/Aleksander-L-768x768.png 768w, https:\/\/hoyre.no\/content\/uploads\/sites\/6\/2026\/03\/Aleksander-L-e1775591785378-300x300.png 300w, https:\/\/hoyre.no\/content\/uploads\/sites\/6\/2026\/03\/Aleksander-L-e1775591785378-150x150.png 150w, https:\/\/hoyre.no\/content\/uploads\/sites\/6\/2026\/03\/Aleksander-L-e1775591785378.png 722w\" sizes=\"auto, (max-width: 768px) 100vw, 768px\" \/>\t\t<\/div>\n\t\t\n\t\t\t<div class=\"teft-card__content-wrapper\">\n\t\t\t\t<div class=\"teft-card__secondary\">\n\t\t\t\t\t\n\t\t\t\t\t\t\t\t<div class=\"teft-card__meta\">\n\t\t\t\t\t\t\t\t\t<span class=\"post-date\">23. mar 2026<\/span>\n\n\t\t\t\t\t\t\t\t\t\t\t\t\t\t\t\t\t<\/div>\n\t\t\t\t\t\t\t\t\t\t\t<\/div>\n\n\t\t\t\t<div class=\"teft-card__primary\">\n\t\t\t\t\t<h2 class=\"teft-card__title\">Agder H\u00f8yres nye regionr\u00e5dgiver&nbsp;<span class=\"teft-card__primary-title-append\"><\/span><\/h2>\t\t\t\t<\/div>\n\t\t\t<\/div>\n\t\t<\/a>\n\t<\/div>\n\n\t<\/div><div class=\"is-card-hoyre\">\n\t<div class=\"teft-card hoyre-teft-card post-teft-card\">\n\t\t<a href=\"https:\/\/hoyre.no\/agder\/aktuelt\/agder-hoyres-nominasjonsprosess-for-fylkestingsvalget-2027\/\" class=\"teft-card__primary-action\">\n\n\t\t\t\t\t<div class=\"teft-card__media teft-card__media--16-9\">\n\t\t\t\t\t\t<img loading=\"lazy\" decoding=\"async\" width=\"768\" height=\"512\" src=\"https:\/\/hoyre.no\/content\/uploads\/sites\/6\/2026\/03\/Haagen-Poppe-Foto-Hans-Kristian-Thorbjornsen-768x512.jpg\" class=\"attachment-medium_large size-medium_large\" alt=\"\" srcset=\"https:\/\/hoyre.no\/content\/uploads\/sites\/6\/2026\/03\/Haagen-Poppe-Foto-Hans-Kristian-Thorbjornsen-768x512.jpg 768w, https:\/\/hoyre.no\/content\/uploads\/sites\/6\/2026\/03\/Haagen-Poppe-Foto-Hans-Kristian-Thorbjornsen-300x200.jpg 300w, https:\/\/hoyre.no\/content\/uploads\/sites\/6\/2026\/03\/Haagen-Poppe-Foto-Hans-Kristian-Thorbjornsen-1024x683.jpg 1024w, https:\/\/hoyre.no\/content\/uploads\/sites\/6\/2026\/03\/Haagen-Poppe-Foto-Hans-Kristian-Thorbjornsen-1536x1025.jpg 1536w, https:\/\/hoyre.no\/content\/uploads\/sites\/6\/2026\/03\/Haagen-Poppe-Foto-Hans-Kristian-Thorbjornsen-2048x1366.jpg 2048w\" sizes=\"auto, (max-width: 768px) 100vw, 768px\" \/>\t\t<\/div>\n\t\t\n\t\t\t<div class=\"teft-card__content-wrapper\">\n\t\t\t\t<div class=\"teft-card__secondary\">\n\t\t\t\t\t\n\t\t\t\t\t\t\t\t<div class=\"teft-card__meta\">\n\t\t\t\t\t\t\t\t\t<span class=\"post-date\">5. mar 2026<\/span>\n\n\t\t\t\t\t\t\t\t\t\t\t\t\t\t\t\t\t<\/div>\n\t\t\t\t\t\t\t\t\t\t\t<\/div>\n\n\t\t\t\t<div class=\"teft-card__primary\">\n\t\t\t\t\t<h2 class=\"teft-card__title\">Agder H\u00f8yres nominasjonsprosess for  Fylkestingsvalget 2027&nbsp;<span class=\"teft-card__primary-title-append\"><\/span><\/h2>\t\t\t\t<\/div>\n\t\t\t<\/div>\n\t\t<\/a>\n\t<\/div>\n\n\t<\/div><\/div>\t<\/div>\n<\/div>\n","protected":false},"excerpt":{"rendered":"","protected":false},"author":349,"featured_media":0,"comment_status":"closed","ping_status":"closed","sticky":false,"template":"","format":"standard","meta":{"teft_cards_image_url":"","teft_cards_custom_pretitle":"","teft_cards_image_id":363,"teft_cards_image_focal_point_x":0.65,"teft_cards_image_focal_point_y":0.36,"teft_cards_title":"","teft_cards_excerpt":"","teft_show_chapters":false,"author_display_name":"","footnotes":""},"category":[9],"post_tag":[],"hoyre-visibility":[],"article-type":[],"politician":[],"class_list":["post-362","post","type-post","status-publish","format-standard","hentry","category-politikk"],"yoast_head":"<!-- This site is optimized with the Yoast SEO Premium plugin v26.5 (Yoast SEO v26.6) - https:\/\/yoast.com\/wordpress\/plugins\/seo\/ -->\n<title>Posisjonens budsjett for 2021 - Agder Fylkeskommune - Agder H\u00f8yre<\/title>\n<meta name=\"robots\" content=\"index, follow, max-snippet:-1, max-image-preview:large, max-video-preview:-1\" \/>\n<link rel=\"canonical\" href=\"https:\/\/hoyre.no\/agder\/aktuelt\/posisjonens-budsjett-for-2021-agder-fylkeskommune\/\" \/>\n<meta property=\"og:locale\" content=\"nb_NO\" \/>\n<meta property=\"og:type\" content=\"article\" \/>\n<meta property=\"og:title\" content=\"Posisjonens budsjett for 2021 - Agder Fylkeskommune\" \/>\n<meta property=\"og:url\" content=\"https:\/\/hoyre.no\/agder\/aktuelt\/posisjonens-budsjett-for-2021-agder-fylkeskommune\/\" \/>\n<meta property=\"og:site_name\" content=\"Agder H\u00f8yre\" \/>\n<meta property=\"article:published_time\" content=\"2020-12-01T16:03:00+00:00\" \/>\n<meta property=\"article:modified_time\" content=\"2020-12-10T08:52:42+00:00\" \/>\n<meta property=\"og:image\" content=\"https:\/\/hoyre.no\/content\/uploads\/sites\/6\/2026\/03\/Haagen-Poppe-Foto-Hans-Kristian-Thorbjornsen-1024x683.jpg\" \/>\n<meta name=\"twitter:card\" content=\"summary_large_image\" \/>\n<meta name=\"twitter:label1\" content=\"Skrevet av\" \/>\n\t<meta name=\"twitter:data1\" content=\"\" \/>\n\t<meta name=\"twitter:label2\" content=\"Ansl. lesetid\" \/>\n\t<meta name=\"twitter:data2\" content=\"3 minutter\" \/>\n<script type=\"application\/ld+json\" class=\"yoast-schema-graph\">{\"@context\":\"https:\/\/schema.org\",\"@graph\":[{\"@type\":\"NewsArticle\",\"@id\":\"https:\/\/hoyre.no\/agder\/aktuelt\/posisjonens-budsjett-for-2021-agder-fylkeskommune\/\",\"url\":\"https:\/\/hoyre.no\/agder\/aktuelt\/posisjonens-budsjett-for-2021-agder-fylkeskommune\/\",\"name\":\"Posisjonens budsjett for 2021 - Agder Fylkeskommune - Agder H\u00f8yre\",\"isPartOf\":{\"@id\":\"https:\/\/hoyre.no\/agder\/#website\"},\"datePublished\":\"2020-12-01T16:03:00+00:00\",\"dateModified\":\"2020-12-10T08:52:42+00:00\",\"author\":{\"@id\":\"\"},\"breadcrumb\":{\"@id\":\"https:\/\/hoyre.no\/agder\/aktuelt\/posisjonens-budsjett-for-2021-agder-fylkeskommune\/#breadcrumb\"},\"inLanguage\":\"nb-NO\",\"potentialAction\":[{\"@type\":\"ReadAction\",\"target\":[\"https:\/\/hoyre.no\/agder\/aktuelt\/posisjonens-budsjett-for-2021-agder-fylkeskommune\/\"]}]},{\"@type\":\"BreadcrumbList\",\"@id\":\"https:\/\/hoyre.no\/agder\/aktuelt\/posisjonens-budsjett-for-2021-agder-fylkeskommune\/#breadcrumb\",\"itemListElement\":[{\"@type\":\"ListItem\",\"position\":1,\"name\":\"Til hoyre.no\",\"item\":\"https:\/\/hoyre.no\"},{\"@type\":\"ListItem\",\"position\":2,\"name\":\"Hjem\",\"item\":\"https:\/\/hoyre.no\/agder\/\"},{\"@type\":\"ListItem\",\"position\":3,\"name\":\"Posisjonens budsjett for 2021 &#8211; Agder Fylkeskommune\"}]},{\"@type\":\"WebSite\",\"@id\":\"https:\/\/hoyre.no\/agder\/#website\",\"url\":\"https:\/\/hoyre.no\/agder\/\",\"name\":\"Agder H\u00f8yre\",\"description\":\"Bare enda et H\u00f8yres nettsteder-nettsted\",\"inLanguage\":\"nb-NO\"},{\"@type\":\"Person\",\"@id\":\"\",\"url\":\"https:\/\/hoyre.no\/agder\/aktuelt\/author\/\"}]}<\/script>\n<!-- \/ Yoast SEO Premium plugin. -->","yoast_head_json":{"title":"Posisjonens budsjett for 2021 - Agder Fylkeskommune - Agder H\u00f8yre","robots":{"index":"index","follow":"follow","max-snippet":"max-snippet:-1","max-image-preview":"max-image-preview:large","max-video-preview":"max-video-preview:-1"},"canonical":"https:\/\/hoyre.no\/agder\/aktuelt\/posisjonens-budsjett-for-2021-agder-fylkeskommune\/","og_locale":"nb_NO","og_type":"article","og_title":"Posisjonens budsjett for 2021 - Agder Fylkeskommune","og_url":"https:\/\/hoyre.no\/agder\/aktuelt\/posisjonens-budsjett-for-2021-agder-fylkeskommune\/","og_site_name":"Agder H\u00f8yre","article_published_time":"2020-12-01T16:03:00+00:00","article_modified_time":"2020-12-10T08:52:42+00:00","og_image":[{"url":"https:\/\/hoyre.no\/content\/uploads\/sites\/6\/2026\/03\/Haagen-Poppe-Foto-Hans-Kristian-Thorbjornsen-1024x683.jpg","width":"","height":"","type":""}],"twitter_card":"summary_large_image","twitter_misc":{"Skrevet av":"","Ansl. lesetid":"3 minutter"},"schema":{"@context":"https:\/\/schema.org","@graph":[{"@type":"NewsArticle","@id":"https:\/\/hoyre.no\/agder\/aktuelt\/posisjonens-budsjett-for-2021-agder-fylkeskommune\/","url":"https:\/\/hoyre.no\/agder\/aktuelt\/posisjonens-budsjett-for-2021-agder-fylkeskommune\/","name":"Posisjonens budsjett for 2021 - Agder Fylkeskommune - Agder H\u00f8yre","isPartOf":{"@id":"https:\/\/hoyre.no\/agder\/#website"},"datePublished":"2020-12-01T16:03:00+00:00","dateModified":"2020-12-10T08:52:42+00:00","author":{"@id":""},"breadcrumb":{"@id":"https:\/\/hoyre.no\/agder\/aktuelt\/posisjonens-budsjett-for-2021-agder-fylkeskommune\/#breadcrumb"},"inLanguage":"nb-NO","potentialAction":[{"@type":"ReadAction","target":["https:\/\/hoyre.no\/agder\/aktuelt\/posisjonens-budsjett-for-2021-agder-fylkeskommune\/"]}]},{"@type":"BreadcrumbList","@id":"https:\/\/hoyre.no\/agder\/aktuelt\/posisjonens-budsjett-for-2021-agder-fylkeskommune\/#breadcrumb","itemListElement":[{"@type":"ListItem","position":1,"name":"Til hoyre.no","item":"https:\/\/hoyre.no"},{"@type":"ListItem","position":2,"name":"Hjem","item":"https:\/\/hoyre.no\/agder\/"},{"@type":"ListItem","position":3,"name":"Posisjonens budsjett for 2021 &#8211; Agder Fylkeskommune"}]},{"@type":"WebSite","@id":"https:\/\/hoyre.no\/agder\/#website","url":"https:\/\/hoyre.no\/agder\/","name":"Agder H\u00f8yre","description":"Bare enda et H\u00f8yres nettsteder-nettsted","inLanguage":"nb-NO"},{"@type":"Person","@id":"","url":"https:\/\/hoyre.no\/agder\/aktuelt\/author\/"}]}},"distributor_meta":false,"distributor_terms":false,"distributor_media":false,"distributor_original_site_name":"Agder H\u00f8yre","distributor_original_site_url":"https:\/\/hoyre.no\/agder","push-errors":false,"_links":{"self":[{"href":"https:\/\/hoyre.no\/agder\/wp-json\/wp\/v2\/posts\/362","targetHints":{"allow":["GET"]}}],"collection":[{"href":"https:\/\/hoyre.no\/agder\/wp-json\/wp\/v2\/posts"}],"about":[{"href":"https:\/\/hoyre.no\/agder\/wp-json\/wp\/v2\/types\/post"}],"author":[{"embeddable":true,"href":"https:\/\/hoyre.no\/agder\/wp-json\/wp\/v2\/users\/349"}],"replies":[{"embeddable":true,"href":"https:\/\/hoyre.no\/agder\/wp-json\/wp\/v2\/comments?post=362"}],"version-history":[{"count":1,"href":"https:\/\/hoyre.no\/agder\/wp-json\/wp\/v2\/posts\/362\/revisions"}],"predecessor-version":[{"id":364,"href":"https:\/\/hoyre.no\/agder\/wp-json\/wp\/v2\/posts\/362\/revisions\/364"}],"wp:attachment":[{"href":"https:\/\/hoyre.no\/agder\/wp-json\/wp\/v2\/media?parent=362"}],"wp:term":[{"taxonomy":"category","embeddable":true,"href":"https:\/\/hoyre.no\/agder\/wp-json\/wp\/v2\/category?post=362"},{"taxonomy":"post_tag","embeddable":true,"href":"https:\/\/hoyre.no\/agder\/wp-json\/wp\/v2\/post_tag?post=362"},{"taxonomy":"hoyre-visibility","embeddable":true,"href":"https:\/\/hoyre.no\/agder\/wp-json\/wp\/v2\/hoyre-visibility?post=362"},{"taxonomy":"article-type","embeddable":true,"href":"https:\/\/hoyre.no\/agder\/wp-json\/wp\/v2\/article-type?post=362"},{"taxonomy":"politician","embeddable":true,"href":"https:\/\/hoyre.no\/agder\/wp-json\/wp\/v2\/politician?post=362"}],"curies":[{"name":"wp","href":"https:\/\/api.w.org\/{rel}","templated":true}]}}