{"id":366,"date":"2020-11-29T17:07:00","date_gmt":"2020-11-29T16:07:00","guid":{"rendered":"https:\/\/hoyre.no\/agder\/?p=366"},"modified":"2020-12-10T09:53:06","modified_gmt":"2020-12-10T08:53:06","slug":"kronikk-det-betyr-noe-for-agder-hvem-som-styrer-landet","status":"publish","type":"post","link":"https:\/\/hoyre.no\/agder\/aktuelt\/kronikk-det-betyr-noe-for-agder-hvem-som-styrer-landet\/","title":{"rendered":"KRONIKK: Det betyr noe for Agder hvem som styrer landet"},"content":{"rendered":"\n<p class=\"preamble\">Politikere har lenge jobbet knallhardt for de viktige sakene i Agder, men det er takket v\u00e6re v\u00e5r borgerlige regjering at landsdelen n\u00e5 endelig har kommet ut av skyggenes dal for \u00e5 bli en vinner av flere store, politiske gjennomslag.<\/p>\t\t\t<div class=\"post-meta wp-block teft-byline-wrapper\">\n\t\t\t\t<div class=\"top\">\n\t\t\t\t\t<div class=\"signature\">\n\t\t\t\t\t\t<div class=\"teft-byline\">\n\t\t\t\t\t\t\t\t\t\t\t\t\t\t<div>\n\t\t\t\t\t\t\t\t<h3>H\u00f8yres redaksjon<\/h3>\t\t\t\t\t\t\t\t\n\t\t\t\t\t\t\t\t\t\t\t\t\t\t\t\t\t<span class=\"date\">Sist oppdatert: 10. desember 2020<\/span>\n\t\t\t\t\t\t\t\t\t\t\t\t\t\t\t\t\t\t\t\t\t\t\t\t\t<span class=\"reading-time\" itemprop=\"timeRequired\" content=\"PT5M\"><em>Ca. 5 minutter lesetid<\/em><\/span>\n\t\t\t\t\t\t\t\t\t\t\t\t\t\t\t<\/div>\n\t\t\t\t\t\t<\/div>\n\t\t\t\t\t<\/div>\n\t\t\t\t\t\t<div class=\"sharing\">\n\t\t<a class=\"share-button share-link copy-link\" data-copy=\"https:\/\/hoyre.no\/agder\/aktuelt\/kronikk-det-betyr-noe-for-agder-hvem-som-styrer-landet\/\" target=\"_blank\"><span class=\"screen-reader-text\">Del link<\/span><\/a>\n\t\t<a class=\"share-button share-twitter\" href=\"http:\/\/twitter.com\/share?text=KRONIKK: Det betyr noe for Agder hvem som styrer landet&#038;url=https:\/\/hoyre.no\/agder\/aktuelt\/kronikk-det-betyr-noe-for-agder-hvem-som-styrer-landet\/&#038;hashtags=Hoyre\" target=\"_blank\"><span class=\"screen-reader-text\">Del p\u00e5 twitter<\/span><\/a>\n\t\t<a class=\"share-button share-facebook\" href=\"https:\/\/www.facebook.com\/sharer\/sharer.php?u=https:\/\/hoyre.no\/agder\/aktuelt\/kronikk-det-betyr-noe-for-agder-hvem-som-styrer-landet\/\" target=\"_blank\"><span class=\"screen-reader-text\">Del p\u00e5 facebook<\/span><\/a>\n\t<\/div>\n\t\t\t\t\t<\/div>\n\t\t\t<\/div>\n\n\t\t\t<figure class=\"hoyre-image-wrapper\"><div class=\"hoyre-image\"><img loading=\"lazy\" decoding=\"async\" width=\"2560\" height=\"1438\" src=\"https:\/\/hoyre.no\/content\/uploads\/sites\/6\/2020\/12\/p9031922_16x9-scaled.jpg\" class=\"attachment-scaled size-scaled\" alt=\"\" style=\"object-position: 50% 50%\" srcset=\"https:\/\/hoyre.no\/content\/uploads\/sites\/6\/2020\/12\/p9031922_16x9-scaled.jpg 2560w, https:\/\/hoyre.no\/content\/uploads\/sites\/6\/2020\/12\/p9031922_16x9-300x169.jpg 300w, https:\/\/hoyre.no\/content\/uploads\/sites\/6\/2020\/12\/p9031922_16x9-1024x575.jpg 1024w, https:\/\/hoyre.no\/content\/uploads\/sites\/6\/2020\/12\/p9031922_16x9-768x432.jpg 768w, https:\/\/hoyre.no\/content\/uploads\/sites\/6\/2020\/12\/p9031922_16x9-1536x863.jpg 1536w, https:\/\/hoyre.no\/content\/uploads\/sites\/6\/2020\/12\/p9031922_16x9-2048x1151.jpg 2048w\" sizes=\"auto, (max-width: 2560px) 100vw, 2560px\" \/><\/div><figcaption class=\"caption\">S\u00f8rlandet er en vinner n\u00e5r det gjelder vei og infrastruktur! Opprettelsen av Nye Veier i Kristiansand har gitt oss mer vei for pengene, og n\u00e5 lukter det ny asfalt over hele Agder &#8211; spesielt p\u00e5 fylkesveier. Her er Erna ved anleggsomr\u00e5det p\u00e5 Mj\u00e5vann i Songdalen i 2019 (Foto: Tor Marius Markussen)<\/figcaption><\/figure>\n\n\n\n\n<p><strong>Om man ser tilbake p\u00e5 syv \u00e5r med H\u00f8yrestyrt regjering, kan vi peke p\u00e5 flere omr\u00e5der som har blitt bedre, forbedret og tryggere for deg som innbygger og for alle dere som skaper arbeidsplasser rundt i hele denne flotte landsdelen v\u00e5r.<br><br><\/strong>Med H\u00f8yre i regjering har landsdelen blitt lyttet til og vi har blitt sett av v\u00e5re sentrale myndigheter. V\u00e5re folkevalgte har l\u00f8ftet opp Agder som en viktig landsdel, som n\u00e5 ogs\u00e5 f\u00e5tt gjennomslag for flere store kampsaker.<\/p>\n\n\n\n<p>I perioden 2013-2019 har frie inntekter til kommunene nemlig blitt styrket med rundt 35 milliarder kroner, og det er kun f\u00e5 dager siden regjeringen annonserte en \u00f8kning p\u00e5 ytterligere 900 millioner kroner til kommunesektoren i 2020. 100 millioner g\u00e5r til fylkeskommuner med stor smitte, slik at de kan gj\u00f8re et godt smittevernarbeid i videreg\u00e5ende skole, og av disse f\u00e5r Agder Fylkeskommune 21 millioner.<\/p>\n\n\n\n<p>Siden 2013 har det blitt bevilget mye statlige midler til store byggeprosjekter for offentlige oppgaver innen justis og helse. Det har blitt bygget Mechatronic Lab og Helselab i Grimstad, nytt fengsel i Froland og i Mandal, og bevilget midler til et psykiatribygg i Kristiansand til n\u00e6rmere en milliard kroner. Det er sikret oppstart av flere folkeh\u00f8yskoler b\u00e5de i Mandal, Evje og Kristiansand. UiA har f\u00e5tt flere studieplasser, nye studier og \u00f8kt bevilgning til nye studentboliger.<\/p>\n\n\n\n<h3 class=\"wp-block-heading\">Det lukter ny asfalt over hele Agder, b\u00e5de langs kysten og i innlandet.<\/h3>\n\n\n\n<p>Det var nemlig med H\u00f8yre og Frp i regjeringen, at Agder fikk v\u00e6re med p\u00e5 et kvantesprang i stamveiutbyggingen, og vedlikehold av fylkesveiene er p\u00e5 et rekordniv\u00e5. Nye Veier og Statens vegvesen bygger mer vei i et tempo som mangler sidestykke i Norge. Det bygges nye, og vedlikeholdes veier i omtrent hver kommune i landsdelen v\u00e5r, noe som betyr f\u00e6rre ulykker og kortere avstander for alle som ferdes p\u00e5 veiene.<\/p>\n\n\n\n<p>For infrastruktur er avgj\u00f8rende om vi skal n\u00e5 m\u00e5let om \u00e5 ta hele Agder i bruk. Midler til bredb\u00e5nd og fiberkapasitet har sikret flere husstander bedre dekning, med 88 millioner til \u00f8kt mobilberedskap i indre Agder, et bedre busstilbud og ikke minst en kraftig satsing p\u00e5 fylkesveger med totalt 170 mill. i ekstra midler gjennom fire\u00e5rsperioden. Bedre vei gir et st\u00f8rre og mer sammenvevd bo- og arbeidsmarked. Folk skal komme raskere frem og tryggere hjem.<\/p>\n\n\n\n<h3 class=\"wp-block-heading\">For de aller fleste er Agder et fylke hvor det er store muligheter.<\/h3>\n\n\n\n<p>Vi har gode videreg\u00e5ende skoler, et universitet i vekst og et variert og nyskapende n\u00e6ringsliv. V\u00e5re ungdommer skal kunne glede seg til jobb og en karriere innen alt fra teknologibransjen, helsesektoren og yrkesfag \u2013 alt dette kan landsdelen tilby. Regjeringen satser p\u00e5 utdanningsfeltet, og Agder Fylkeskommune satser p\u00e5 gode utdanningsmuligheter for v\u00e5re studenter, uansett hva de vil bli i fremtiden.<\/p>\n\n\n\n<p>Derfor er vi stolt av regjeringen som har \u00f8kt l\u00e6rlingetilskuddet hele 6 ganger p\u00e5 fire \u00e5r, og \u00f8kt studiest\u00f8tten til 11 m\u00e5neder for studenter. Dette gj\u00f8r det enklere for flere bedrifter \u00e5 bli l\u00e6rebedrift og det gir videre en stor mulighet for v\u00e5re unge \u00e5 utvikle sine talenter og egenskaper.<\/p>\n\n\n\n<p><strong>Her p\u00e5 Agder skal du kunne ta den utdannelsen du dr\u00f8mmer om, du skal ha like muligheter til jobb og leve et godt liv uavhengig av hvor du bor, hvilket kj\u00f8nn du er eller hvem foreldrene dine er. Det er m\u00e5let vi i H\u00f8yre har satt oss &#8211; et Agder med muligheter.<\/strong><\/p>\n\n\n\n<p>Kunnskap er v\u00e5rt viktigste verkt\u00f8y i kampen for et samfunn med muligheter for alle. Derfor inneholder Regjeringens budsjettforslag en rekke viktige satsinger for skolen og elevene. Vi styrker arbeidet med elevenes psykiske helse. Ingen kan l\u00e6re om de ikke trives. V\u00e5rt m\u00e5l er at alle elever skal ha noen \u00e5 snakke med n\u00e5r de trenger det. De skal ha gode l\u00e6rere og r\u00e5dgivere, og de skal f\u00e5 l\u00e6replass n\u00e5r de er ferdige med skolen. Og vi skal ha en skole som heier fram talentene innenfor ulike fag og ferdigheter.<\/p>\n\n\n\n<p>Men kunnskapssamfunnet slutter ikke med skolen. Kunnskap skal brukes som drivkraft for endring i hele samfunnet. Kunnskap skal hjelpe oss \u00e5 l\u00f8se utfordringene for vei og kollektivtrafikk. Kunnskap hjelper oss \u00e5 finne offensive, lokale l\u00f8sninger p\u00e5 klimautfordringene. For det er nettopp med denne kunnskapen og disse hendene vi bygger morgendagens arbeidsplasser \u2013 og det er nettopp slik man skaper en attraktiv region.<\/p>\n\n\n\n<p>Ja det betyr noe for landsdelen om hvem som styrer landet, fylkeskommunen og kommunen.<\/p>\n\n\n\n<h3 class=\"wp-block-heading\">Agder er en vinner med en H\u00f8yrestyrt regjering, uansett hvilken historiefortelling Arbeiderpartiet pr\u00f8ver seg p\u00e5.<\/h3>\n\n\n\n<p><strong>Fylkesordf\u00f8rer Arne Thomassen og Stortingsrepresentantene Ingunn Foss, Svein Harberg og Norunn Tveiten Benestad<\/strong><\/p>\n\n\n<div class=\"tags\">\n\t<\/div>\n<div class=\"post-footer alignfull has-background block-editor-block-list__block\" data-align=full>\n\t<div class=\"post-footer-inner\">\n\t\t<h3>Relaterte artikler<\/h3>\n\t\t<div class=\"related-content\"><div class=\"is-card-hoyre\">\n\t<div class=\"teft-card hoyre-teft-card post-teft-card\">\n\t\t<a href=\"https:\/\/hoyre.no\/agder\/aktuelt\/agder-hoyre-onsker-dine-innspill-fylkestings-programmet\/\" class=\"teft-card__primary-action\">\n\n\t\t\t\t\t<div class=\"teft-card__media teft-card__media--16-9\">\n\t\t\t\t\t\t<img loading=\"lazy\" decoding=\"async\" width=\"768\" height=\"819\" src=\"https:\/\/hoyre.no\/content\/uploads\/sites\/6\/2025\/06\/DSC04923-edited-768x819.jpg\" class=\"attachment-medium_large size-medium_large\" alt=\"\" srcset=\"https:\/\/hoyre.no\/content\/uploads\/sites\/6\/2025\/06\/DSC04923-edited-768x819.jpg 768w, https:\/\/hoyre.no\/content\/uploads\/sites\/6\/2025\/06\/DSC04923-edited-281x300.jpg 281w, https:\/\/hoyre.no\/content\/uploads\/sites\/6\/2025\/06\/DSC04923-edited-960x1024.jpg 960w, https:\/\/hoyre.no\/content\/uploads\/sites\/6\/2025\/06\/DSC04923-edited-1440x1536.jpg 1440w, https:\/\/hoyre.no\/content\/uploads\/sites\/6\/2025\/06\/DSC04923-edited-1920x2048.jpg 1920w\" sizes=\"auto, (max-width: 768px) 100vw, 768px\" \/>\t\t<\/div>\n\t\t\n\t\t\t<div class=\"teft-card__content-wrapper\">\n\t\t\t\t<div class=\"teft-card__secondary\">\n\t\t\t\t\t\n\t\t\t\t\t\t\t\t<div class=\"teft-card__meta\">\n\t\t\t\t\t\t\t\t\t<span class=\"post-date\">21. apr 2026<\/span>\n\n\t\t\t\t\t\t\t\t\t<span class=\"post-category\">Nyheter<\/span>\t\t\t\t\t\t\t\t<\/div>\n\t\t\t\t\t\t\t\t\t\t\t<\/div>\n\n\t\t\t\t<div class=\"teft-card__primary\">\n\t\t\t\t\t<h2 class=\"teft-card__title\">Agder H\u00f8yres programprosess for Fylkestingsvalget 2027&nbsp;<span class=\"teft-card__primary-title-append\"><\/span><\/h2>\t\t\t\t<\/div>\n\t\t\t<\/div>\n\t\t<\/a>\n\t<\/div>\n\n\t<\/div><div class=\"is-card-hoyre\">\n\t<div class=\"teft-card hoyre-teft-card post-teft-card\">\n\t\t<a href=\"https:\/\/hoyre.no\/agder\/aktuelt\/agder-hoyres-nye-regionradgiver\/\" class=\"teft-card__primary-action\">\n\n\t\t\t\t\t<div class=\"teft-card__media teft-card__media--16-9\">\n\t\t\t\t\t\t<img loading=\"lazy\" decoding=\"async\" width=\"768\" height=\"768\" src=\"https:\/\/hoyre.no\/content\/uploads\/sites\/6\/2026\/03\/Aleksander-L-768x768.png\" class=\"attachment-medium_large size-medium_large\" alt=\"\" srcset=\"https:\/\/hoyre.no\/content\/uploads\/sites\/6\/2026\/03\/Aleksander-L-768x768.png 768w, https:\/\/hoyre.no\/content\/uploads\/sites\/6\/2026\/03\/Aleksander-L-e1775591785378-300x300.png 300w, https:\/\/hoyre.no\/content\/uploads\/sites\/6\/2026\/03\/Aleksander-L-e1775591785378-150x150.png 150w, https:\/\/hoyre.no\/content\/uploads\/sites\/6\/2026\/03\/Aleksander-L-e1775591785378.png 722w\" sizes=\"auto, (max-width: 768px) 100vw, 768px\" \/>\t\t<\/div>\n\t\t\n\t\t\t<div class=\"teft-card__content-wrapper\">\n\t\t\t\t<div class=\"teft-card__secondary\">\n\t\t\t\t\t\n\t\t\t\t\t\t\t\t<div class=\"teft-card__meta\">\n\t\t\t\t\t\t\t\t\t<span class=\"post-date\">23. mar 2026<\/span>\n\n\t\t\t\t\t\t\t\t\t\t\t\t\t\t\t\t\t<\/div>\n\t\t\t\t\t\t\t\t\t\t\t<\/div>\n\n\t\t\t\t<div class=\"teft-card__primary\">\n\t\t\t\t\t<h2 class=\"teft-card__title\">Agder H\u00f8yres nye regionr\u00e5dgiver&nbsp;<span class=\"teft-card__primary-title-append\"><\/span><\/h2>\t\t\t\t<\/div>\n\t\t\t<\/div>\n\t\t<\/a>\n\t<\/div>\n\n\t<\/div><div class=\"is-card-hoyre\">\n\t<div class=\"teft-card hoyre-teft-card post-teft-card\">\n\t\t<a href=\"https:\/\/hoyre.no\/agder\/aktuelt\/agder-hoyres-nominasjonsprosess-for-fylkestingsvalget-2027\/\" class=\"teft-card__primary-action\">\n\n\t\t\t\t\t<div class=\"teft-card__media teft-card__media--16-9\">\n\t\t\t\t\t\t<img loading=\"lazy\" decoding=\"async\" width=\"768\" height=\"512\" src=\"https:\/\/hoyre.no\/content\/uploads\/sites\/6\/2026\/03\/Haagen-Poppe-Foto-Hans-Kristian-Thorbjornsen-768x512.jpg\" class=\"attachment-medium_large size-medium_large\" alt=\"\" srcset=\"https:\/\/hoyre.no\/content\/uploads\/sites\/6\/2026\/03\/Haagen-Poppe-Foto-Hans-Kristian-Thorbjornsen-768x512.jpg 768w, https:\/\/hoyre.no\/content\/uploads\/sites\/6\/2026\/03\/Haagen-Poppe-Foto-Hans-Kristian-Thorbjornsen-300x200.jpg 300w, https:\/\/hoyre.no\/content\/uploads\/sites\/6\/2026\/03\/Haagen-Poppe-Foto-Hans-Kristian-Thorbjornsen-1024x683.jpg 1024w, https:\/\/hoyre.no\/content\/uploads\/sites\/6\/2026\/03\/Haagen-Poppe-Foto-Hans-Kristian-Thorbjornsen-1536x1025.jpg 1536w, https:\/\/hoyre.no\/content\/uploads\/sites\/6\/2026\/03\/Haagen-Poppe-Foto-Hans-Kristian-Thorbjornsen-2048x1366.jpg 2048w\" sizes=\"auto, (max-width: 768px) 100vw, 768px\" \/>\t\t<\/div>\n\t\t\n\t\t\t<div class=\"teft-card__content-wrapper\">\n\t\t\t\t<div class=\"teft-card__secondary\">\n\t\t\t\t\t\n\t\t\t\t\t\t\t\t<div class=\"teft-card__meta\">\n\t\t\t\t\t\t\t\t\t<span class=\"post-date\">5. mar 2026<\/span>\n\n\t\t\t\t\t\t\t\t\t\t\t\t\t\t\t\t\t<\/div>\n\t\t\t\t\t\t\t\t\t\t\t<\/div>\n\n\t\t\t\t<div class=\"teft-card__primary\">\n\t\t\t\t\t<h2 class=\"teft-card__title\">Agder H\u00f8yres nominasjonsprosess for  Fylkestingsvalget 2027&nbsp;<span class=\"teft-card__primary-title-append\"><\/span><\/h2>\t\t\t\t<\/div>\n\t\t\t<\/div>\n\t\t<\/a>\n\t<\/div>\n\n\t<\/div><\/div>\t<\/div>\n<\/div>\n","protected":false},"excerpt":{"rendered":"","protected":false},"author":349,"featured_media":0,"comment_status":"closed","ping_status":"closed","sticky":false,"template":"","format":"standard","meta":{"teft_cards_image_url":"","teft_cards_custom_pretitle":"","teft_cards_image_id":367,"teft_cards_image_focal_point_x":0.5,"teft_cards_image_focal_point_y":0.5,"teft_cards_title":"","teft_cards_excerpt":"","teft_show_chapters":false,"author_display_name":"","footnotes":""},"category":[5,9],"post_tag":[],"hoyre-visibility":[],"article-type":[],"politician":[],"class_list":["post-366","post","type-post","status-publish","format-standard","hentry","category-kronikk","category-politikk"],"yoast_head":"<!-- This site is optimized with the Yoast SEO Premium plugin v26.5 (Yoast SEO v26.6) - https:\/\/yoast.com\/wordpress\/plugins\/seo\/ -->\n<title>KRONIKK: Det betyr noe for Agder hvem som styrer landet - Agder H\u00f8yre<\/title>\n<meta name=\"robots\" content=\"index, follow, max-snippet:-1, max-image-preview:large, max-video-preview:-1\" \/>\n<link rel=\"canonical\" href=\"https:\/\/hoyre.no\/agder\/aktuelt\/kronikk-det-betyr-noe-for-agder-hvem-som-styrer-landet\/\" \/>\n<meta property=\"og:locale\" content=\"nb_NO\" \/>\n<meta property=\"og:type\" content=\"article\" \/>\n<meta property=\"og:title\" content=\"KRONIKK: Det betyr noe for Agder hvem som styrer landet\" \/>\n<meta property=\"og:url\" content=\"https:\/\/hoyre.no\/agder\/aktuelt\/kronikk-det-betyr-noe-for-agder-hvem-som-styrer-landet\/\" \/>\n<meta property=\"og:site_name\" content=\"Agder H\u00f8yre\" \/>\n<meta property=\"article:published_time\" content=\"2020-11-29T16:07:00+00:00\" \/>\n<meta property=\"article:modified_time\" content=\"2020-12-10T08:53:06+00:00\" \/>\n<meta property=\"og:image\" content=\"https:\/\/hoyre.no\/content\/uploads\/sites\/6\/2026\/03\/Haagen-Poppe-Foto-Hans-Kristian-Thorbjornsen-1024x683.jpg\" \/>\n<meta name=\"twitter:card\" content=\"summary_large_image\" \/>\n<meta name=\"twitter:label1\" content=\"Skrevet av\" \/>\n\t<meta name=\"twitter:data1\" content=\"\" \/>\n\t<meta name=\"twitter:label2\" content=\"Ansl. lesetid\" \/>\n\t<meta name=\"twitter:data2\" content=\"4 minutter\" \/>\n<script type=\"application\/ld+json\" class=\"yoast-schema-graph\">{\"@context\":\"https:\/\/schema.org\",\"@graph\":[{\"@type\":\"NewsArticle\",\"@id\":\"https:\/\/hoyre.no\/agder\/aktuelt\/kronikk-det-betyr-noe-for-agder-hvem-som-styrer-landet\/\",\"url\":\"https:\/\/hoyre.no\/agder\/aktuelt\/kronikk-det-betyr-noe-for-agder-hvem-som-styrer-landet\/\",\"name\":\"KRONIKK: Det betyr noe for Agder hvem som styrer landet - Agder H\u00f8yre\",\"isPartOf\":{\"@id\":\"https:\/\/hoyre.no\/agder\/#website\"},\"datePublished\":\"2020-11-29T16:07:00+00:00\",\"dateModified\":\"2020-12-10T08:53:06+00:00\",\"author\":{\"@id\":\"\"},\"breadcrumb\":{\"@id\":\"https:\/\/hoyre.no\/agder\/aktuelt\/kronikk-det-betyr-noe-for-agder-hvem-som-styrer-landet\/#breadcrumb\"},\"inLanguage\":\"nb-NO\",\"potentialAction\":[{\"@type\":\"ReadAction\",\"target\":[\"https:\/\/hoyre.no\/agder\/aktuelt\/kronikk-det-betyr-noe-for-agder-hvem-som-styrer-landet\/\"]}]},{\"@type\":\"BreadcrumbList\",\"@id\":\"https:\/\/hoyre.no\/agder\/aktuelt\/kronikk-det-betyr-noe-for-agder-hvem-som-styrer-landet\/#breadcrumb\",\"itemListElement\":[{\"@type\":\"ListItem\",\"position\":1,\"name\":\"Til hoyre.no\",\"item\":\"https:\/\/hoyre.no\"},{\"@type\":\"ListItem\",\"position\":2,\"name\":\"Hjem\",\"item\":\"https:\/\/hoyre.no\/agder\/\"},{\"@type\":\"ListItem\",\"position\":3,\"name\":\"KRONIKK: Det betyr noe for Agder hvem som styrer landet\"}]},{\"@type\":\"WebSite\",\"@id\":\"https:\/\/hoyre.no\/agder\/#website\",\"url\":\"https:\/\/hoyre.no\/agder\/\",\"name\":\"Agder H\u00f8yre\",\"description\":\"Bare enda et H\u00f8yres nettsteder-nettsted\",\"inLanguage\":\"nb-NO\"},{\"@type\":\"Person\",\"@id\":\"\",\"url\":\"https:\/\/hoyre.no\/agder\/aktuelt\/author\/\"}]}<\/script>\n<!-- \/ Yoast SEO Premium plugin. -->","yoast_head_json":{"title":"KRONIKK: Det betyr noe for Agder hvem som styrer landet - Agder H\u00f8yre","robots":{"index":"index","follow":"follow","max-snippet":"max-snippet:-1","max-image-preview":"max-image-preview:large","max-video-preview":"max-video-preview:-1"},"canonical":"https:\/\/hoyre.no\/agder\/aktuelt\/kronikk-det-betyr-noe-for-agder-hvem-som-styrer-landet\/","og_locale":"nb_NO","og_type":"article","og_title":"KRONIKK: Det betyr noe for Agder hvem som styrer landet","og_url":"https:\/\/hoyre.no\/agder\/aktuelt\/kronikk-det-betyr-noe-for-agder-hvem-som-styrer-landet\/","og_site_name":"Agder H\u00f8yre","article_published_time":"2020-11-29T16:07:00+00:00","article_modified_time":"2020-12-10T08:53:06+00:00","og_image":[{"url":"https:\/\/hoyre.no\/content\/uploads\/sites\/6\/2026\/03\/Haagen-Poppe-Foto-Hans-Kristian-Thorbjornsen-1024x683.jpg","width":"","height":"","type":""}],"twitter_card":"summary_large_image","twitter_misc":{"Skrevet av":"","Ansl. lesetid":"4 minutter"},"schema":{"@context":"https:\/\/schema.org","@graph":[{"@type":"NewsArticle","@id":"https:\/\/hoyre.no\/agder\/aktuelt\/kronikk-det-betyr-noe-for-agder-hvem-som-styrer-landet\/","url":"https:\/\/hoyre.no\/agder\/aktuelt\/kronikk-det-betyr-noe-for-agder-hvem-som-styrer-landet\/","name":"KRONIKK: Det betyr noe for Agder hvem som styrer landet - Agder H\u00f8yre","isPartOf":{"@id":"https:\/\/hoyre.no\/agder\/#website"},"datePublished":"2020-11-29T16:07:00+00:00","dateModified":"2020-12-10T08:53:06+00:00","author":{"@id":""},"breadcrumb":{"@id":"https:\/\/hoyre.no\/agder\/aktuelt\/kronikk-det-betyr-noe-for-agder-hvem-som-styrer-landet\/#breadcrumb"},"inLanguage":"nb-NO","potentialAction":[{"@type":"ReadAction","target":["https:\/\/hoyre.no\/agder\/aktuelt\/kronikk-det-betyr-noe-for-agder-hvem-som-styrer-landet\/"]}]},{"@type":"BreadcrumbList","@id":"https:\/\/hoyre.no\/agder\/aktuelt\/kronikk-det-betyr-noe-for-agder-hvem-som-styrer-landet\/#breadcrumb","itemListElement":[{"@type":"ListItem","position":1,"name":"Til hoyre.no","item":"https:\/\/hoyre.no"},{"@type":"ListItem","position":2,"name":"Hjem","item":"https:\/\/hoyre.no\/agder\/"},{"@type":"ListItem","position":3,"name":"KRONIKK: Det betyr noe for Agder hvem som styrer landet"}]},{"@type":"WebSite","@id":"https:\/\/hoyre.no\/agder\/#website","url":"https:\/\/hoyre.no\/agder\/","name":"Agder H\u00f8yre","description":"Bare enda et H\u00f8yres nettsteder-nettsted","inLanguage":"nb-NO"},{"@type":"Person","@id":"","url":"https:\/\/hoyre.no\/agder\/aktuelt\/author\/"}]}},"distributor_meta":false,"distributor_terms":false,"distributor_media":false,"distributor_original_site_name":"Agder H\u00f8yre","distributor_original_site_url":"https:\/\/hoyre.no\/agder","push-errors":false,"_links":{"self":[{"href":"https:\/\/hoyre.no\/agder\/wp-json\/wp\/v2\/posts\/366","targetHints":{"allow":["GET"]}}],"collection":[{"href":"https:\/\/hoyre.no\/agder\/wp-json\/wp\/v2\/posts"}],"about":[{"href":"https:\/\/hoyre.no\/agder\/wp-json\/wp\/v2\/types\/post"}],"author":[{"embeddable":true,"href":"https:\/\/hoyre.no\/agder\/wp-json\/wp\/v2\/users\/349"}],"replies":[{"embeddable":true,"href":"https:\/\/hoyre.no\/agder\/wp-json\/wp\/v2\/comments?post=366"}],"version-history":[{"count":1,"href":"https:\/\/hoyre.no\/agder\/wp-json\/wp\/v2\/posts\/366\/revisions"}],"predecessor-version":[{"id":368,"href":"https:\/\/hoyre.no\/agder\/wp-json\/wp\/v2\/posts\/366\/revisions\/368"}],"wp:attachment":[{"href":"https:\/\/hoyre.no\/agder\/wp-json\/wp\/v2\/media?parent=366"}],"wp:term":[{"taxonomy":"category","embeddable":true,"href":"https:\/\/hoyre.no\/agder\/wp-json\/wp\/v2\/category?post=366"},{"taxonomy":"post_tag","embeddable":true,"href":"https:\/\/hoyre.no\/agder\/wp-json\/wp\/v2\/post_tag?post=366"},{"taxonomy":"hoyre-visibility","embeddable":true,"href":"https:\/\/hoyre.no\/agder\/wp-json\/wp\/v2\/hoyre-visibility?post=366"},{"taxonomy":"article-type","embeddable":true,"href":"https:\/\/hoyre.no\/agder\/wp-json\/wp\/v2\/article-type?post=366"},{"taxonomy":"politician","embeddable":true,"href":"https:\/\/hoyre.no\/agder\/wp-json\/wp\/v2\/politician?post=366"}],"curies":[{"name":"wp","href":"https:\/\/api.w.org\/{rel}","templated":true}]}}