{"id":372,"date":"2020-11-27T17:11:00","date_gmt":"2020-11-27T16:11:00","guid":{"rendered":"https:\/\/hoyre.no\/agder\/?p=372"},"modified":"2020-12-10T13:46:25","modified_gmt":"2020-12-10T12:46:25","slug":"ingen-domstoler-skal-legges-ned","status":"publish","type":"post","link":"https:\/\/hoyre.no\/agder\/aktuelt\/ingen-domstoler-skal-legges-ned\/","title":{"rendered":"Ingen domstoler skal legges ned!"},"content":{"rendered":"\n<p class=\"preamble\">Det er naturlig at en s\u00e5 viktig sak som domstolstrukturen blir debattert og at det er forskjellige meninger om hva som er den beste l\u00f8sningen. Men det er et d\u00e5rlig utgangspunkt om debatten baserer seg p\u00e5 feilinformasjon og en mistenkeliggj\u00f8ring av hverandres motiver.<\/p>\t\t\t<div class=\"post-meta wp-block teft-byline-wrapper\">\n\t\t\t\t<div class=\"top\">\n\t\t\t\t\t<div class=\"signature\">\n\t\t\t\t\t\t<div class=\"teft-byline\">\n\t\t\t\t\t\t\t\t\t\t\t\t\t\t<div>\n\t\t\t\t\t\t\t\t<h3>H\u00f8yres redaksjon<\/h3>\t\t\t\t\t\t\t\t\n\t\t\t\t\t\t\t\t\t\t\t\t\t\t\t\t\t<span class=\"date\">Sist oppdatert: 10. desember 2020<\/span>\n\t\t\t\t\t\t\t\t\t\t\t\t\t\t\t\t\t\t\t\t\t\t\t\t\t<span class=\"reading-time\" itemprop=\"timeRequired\" content=\"PT3M\"><em>Ca. 3 minutter lesetid<\/em><\/span>\n\t\t\t\t\t\t\t\t\t\t\t\t\t\t\t<\/div>\n\t\t\t\t\t\t<\/div>\n\t\t\t\t\t<\/div>\n\t\t\t\t\t\t<div class=\"sharing\">\n\t\t<a class=\"share-button share-link copy-link\" data-copy=\"https:\/\/hoyre.no\/agder\/aktuelt\/ingen-domstoler-skal-legges-ned\/\" target=\"_blank\"><span class=\"screen-reader-text\">Del link<\/span><\/a>\n\t\t<a class=\"share-button share-twitter\" href=\"http:\/\/twitter.com\/share?text=Ingen domstoler skal legges ned!&#038;url=https:\/\/hoyre.no\/agder\/aktuelt\/ingen-domstoler-skal-legges-ned\/&#038;hashtags=Hoyre\" target=\"_blank\"><span class=\"screen-reader-text\">Del p\u00e5 twitter<\/span><\/a>\n\t\t<a class=\"share-button share-facebook\" href=\"https:\/\/www.facebook.com\/sharer\/sharer.php?u=https:\/\/hoyre.no\/agder\/aktuelt\/ingen-domstoler-skal-legges-ned\/\" target=\"_blank\"><span class=\"screen-reader-text\">Del p\u00e5 facebook<\/span><\/a>\n\t<\/div>\n\t\t\t\t\t<\/div>\n\t\t\t<\/div>\n\n\t\t\t<figure class=\"hoyre-image-wrapper\"><div class=\"hoyre-image\"><img loading=\"lazy\" decoding=\"async\" width=\"2000\" height=\"1124\" src=\"https:\/\/hoyre.no\/content\/uploads\/sites\/6\/2020\/12\/norunn_tveiten_benes_16x9.jpg\" class=\"attachment-scaled size-scaled\" alt=\"\" style=\"object-position: 50% 50%\" srcset=\"https:\/\/hoyre.no\/content\/uploads\/sites\/6\/2020\/12\/norunn_tveiten_benes_16x9.jpg 2000w, https:\/\/hoyre.no\/content\/uploads\/sites\/6\/2020\/12\/norunn_tveiten_benes_16x9-300x169.jpg 300w, https:\/\/hoyre.no\/content\/uploads\/sites\/6\/2020\/12\/norunn_tveiten_benes_16x9-1024x575.jpg 1024w, https:\/\/hoyre.no\/content\/uploads\/sites\/6\/2020\/12\/norunn_tveiten_benes_16x9-768x432.jpg 768w, https:\/\/hoyre.no\/content\/uploads\/sites\/6\/2020\/12\/norunn_tveiten_benes_16x9-1536x863.jpg 1536w\" sizes=\"auto, (max-width: 2000px) 100vw, 2000px\" \/><\/div><figcaption class=\"caption\">Senterpartiet fors\u00f8ker i artikkelen Kva med domstolane no, Benestad ? (FVN 24.11.20), \u00e5 skape et bilde av at domstoler skal legges ned og at mange vil miste jobben. Det er ikke riktig! (Foto: Agder H\u00f8yre)<\/figcaption><\/figure>\n\n\n\n\n<p><strong>Senterpartiet fors\u00f8ker i artikkelen <em>Kva med domstolane no, Benestad<\/em> &nbsp;? (FVN 24.11.20), \u00e5 skape et bilde av at domstoler skal legges ned og at mange vil miste jobben. Det er ikke riktig!&nbsp;<\/strong><\/p>\n\n\n\n<p>Riksrevisjonen pekte p\u00e5 flere forhold som det er behov for \u00e5 gj\u00f8re noe med:<\/p>\n\n\n\n<ul class=\"wp-block-list\"><li>De store domstolene har ofte lange k\u00f8er.<\/li><li>De sm\u00e5 domstolene har mye ledig kapasitet som ikke blir brukt<\/li><li>Rekruttering kan v\u00e6re utfordrende enkelte steder<\/li><li>Sakene avgj\u00f8res ulikt mellom domstolene<\/li><\/ul>\n\n\n\n<p>For \u00e5 m\u00f8te disse utfordringene har regjeringen foresl\u00e5tt \u00e5 utvide rettskretsene.<\/p>\n\n\n\n<h3 class=\"wp-block-heading\">For v\u00e5r del betyr det at Agder blir en rettskrets, og at domstolene i Lister, Kristiansand og Aust-Agder skal best\u00e5.<\/h3>\n\n\n\n<p>Om vi kaller det rettssted eller domstol er ikke det viktigste. Det som betyr noe er at fagmilj\u00f8ene skal videref\u00f8res og at folk fortsatt kan forholde seg til sin lokale domstol.<\/p>\n\n\n\n<p>Forbedringen ligger i at domstolene n\u00e5 kan fordele sakene mer jevnt mellom seg slik at ledig kapasitet utnyttes, og at det blir mer aktivitet i hver enkelt domstol. Dette vil naturligvis ogs\u00e5 lette p\u00e5 saksbehandlingstiden. Siden presset ofte er st\u00f8rst ved de st\u00f8rste domstolene, vil dette bety flere saker for distriktsdomstolene. At Senterpartiet fullstendig overser dette poenget er underlig.<\/p>\n\n\n\n<p>Domstolene innenfor hver nye krets vil bli ledet av \u00e8n sorenskriver. I dag har hver domstol sin sorenskriver. Vi vil med dette forslaget f\u00e5 f\u00e6rre sorenskrivere som driver med administrasjon og ledelse, og flere dommere. Ingen av dagens sorenskrivere skal miste jobben. De skal heller overf\u00f8res til d\u00f8mmende virksomhet. Det er ogs\u00e5 viktig \u00e5 understreke at vi ikke legger opp til noen hoved-domstol i hver rettskrets. Alle domstoler er likestilte, og sorenskriveren skal ha sin tilstedev\u00e6relse p\u00e5 alle domstolene i kretsen.<\/p>\n\n\n\n<h3 class=\"wp-block-heading\">Domstolene har f\u00e5tt \u00f8kte rammer gjennom budsjettet for 2021.<\/h3>\n\n\n\n<p>En avklaring av strukturen vil legge et langsiktig grunnlag for utvikling av domstolene i Norge, og en utvikling av gode fagmilj\u00f8er ved alle domstolene i Agder. Det vil styrke rettsikkerheten, gi bedre kapasitetsutnyttelse og redusere ventetiden.<\/p>\n\n\n\n<p>27.11.2020 &#8211; Stortingsrepresentant Norunn Tveiten Benestad<\/p>\n\n\n<div class=\"tags\">\n\t<\/div>\n<div class=\"post-footer alignfull has-background block-editor-block-list__block\" data-align=full>\n\t<div class=\"post-footer-inner\">\n\t\t<h3>Relaterte artikler<\/h3>\n\t\t<div class=\"related-content\"><div class=\"is-card-hoyre\">\n\t<div class=\"teft-card hoyre-teft-card post-teft-card\">\n\t\t<a href=\"https:\/\/hoyre.no\/agder\/aktuelt\/agder-hoyre-onsker-dine-innspill-fylkestings-programmet\/\" class=\"teft-card__primary-action\">\n\n\t\t\t\t\t<div class=\"teft-card__media teft-card__media--16-9\">\n\t\t\t\t\t\t<img loading=\"lazy\" decoding=\"async\" width=\"768\" height=\"819\" src=\"https:\/\/hoyre.no\/content\/uploads\/sites\/6\/2025\/06\/DSC04923-edited-768x819.jpg\" class=\"attachment-medium_large size-medium_large\" alt=\"\" srcset=\"https:\/\/hoyre.no\/content\/uploads\/sites\/6\/2025\/06\/DSC04923-edited-768x819.jpg 768w, https:\/\/hoyre.no\/content\/uploads\/sites\/6\/2025\/06\/DSC04923-edited-281x300.jpg 281w, https:\/\/hoyre.no\/content\/uploads\/sites\/6\/2025\/06\/DSC04923-edited-960x1024.jpg 960w, https:\/\/hoyre.no\/content\/uploads\/sites\/6\/2025\/06\/DSC04923-edited-1440x1536.jpg 1440w, https:\/\/hoyre.no\/content\/uploads\/sites\/6\/2025\/06\/DSC04923-edited-1920x2048.jpg 1920w\" sizes=\"auto, (max-width: 768px) 100vw, 768px\" \/>\t\t<\/div>\n\t\t\n\t\t\t<div class=\"teft-card__content-wrapper\">\n\t\t\t\t<div class=\"teft-card__secondary\">\n\t\t\t\t\t\n\t\t\t\t\t\t\t\t<div class=\"teft-card__meta\">\n\t\t\t\t\t\t\t\t\t<span class=\"post-date\">21. apr 2026<\/span>\n\n\t\t\t\t\t\t\t\t\t<span class=\"post-category\">Nyheter<\/span>\t\t\t\t\t\t\t\t<\/div>\n\t\t\t\t\t\t\t\t\t\t\t<\/div>\n\n\t\t\t\t<div class=\"teft-card__primary\">\n\t\t\t\t\t<h2 class=\"teft-card__title\">Agder H\u00f8yres programprosess for Fylkestingsvalget 2027&nbsp;<span class=\"teft-card__primary-title-append\"><\/span><\/h2>\t\t\t\t<\/div>\n\t\t\t<\/div>\n\t\t<\/a>\n\t<\/div>\n\n\t<\/div><div class=\"is-card-hoyre\">\n\t<div class=\"teft-card hoyre-teft-card post-teft-card\">\n\t\t<a href=\"https:\/\/hoyre.no\/agder\/aktuelt\/agder-hoyres-nye-regionradgiver\/\" class=\"teft-card__primary-action\">\n\n\t\t\t\t\t<div class=\"teft-card__media teft-card__media--16-9\">\n\t\t\t\t\t\t<img loading=\"lazy\" decoding=\"async\" width=\"768\" height=\"768\" src=\"https:\/\/hoyre.no\/content\/uploads\/sites\/6\/2026\/03\/Aleksander-L-768x768.png\" class=\"attachment-medium_large size-medium_large\" alt=\"\" srcset=\"https:\/\/hoyre.no\/content\/uploads\/sites\/6\/2026\/03\/Aleksander-L-768x768.png 768w, https:\/\/hoyre.no\/content\/uploads\/sites\/6\/2026\/03\/Aleksander-L-e1775591785378-300x300.png 300w, https:\/\/hoyre.no\/content\/uploads\/sites\/6\/2026\/03\/Aleksander-L-e1775591785378-150x150.png 150w, https:\/\/hoyre.no\/content\/uploads\/sites\/6\/2026\/03\/Aleksander-L-e1775591785378.png 722w\" sizes=\"auto, (max-width: 768px) 100vw, 768px\" \/>\t\t<\/div>\n\t\t\n\t\t\t<div class=\"teft-card__content-wrapper\">\n\t\t\t\t<div class=\"teft-card__secondary\">\n\t\t\t\t\t\n\t\t\t\t\t\t\t\t<div class=\"teft-card__meta\">\n\t\t\t\t\t\t\t\t\t<span class=\"post-date\">23. mar 2026<\/span>\n\n\t\t\t\t\t\t\t\t\t\t\t\t\t\t\t\t\t<\/div>\n\t\t\t\t\t\t\t\t\t\t\t<\/div>\n\n\t\t\t\t<div class=\"teft-card__primary\">\n\t\t\t\t\t<h2 class=\"teft-card__title\">Agder H\u00f8yres nye regionr\u00e5dgiver&nbsp;<span class=\"teft-card__primary-title-append\"><\/span><\/h2>\t\t\t\t<\/div>\n\t\t\t<\/div>\n\t\t<\/a>\n\t<\/div>\n\n\t<\/div><div class=\"is-card-hoyre\">\n\t<div class=\"teft-card hoyre-teft-card post-teft-card\">\n\t\t<a href=\"https:\/\/hoyre.no\/agder\/aktuelt\/agder-hoyres-nominasjonsprosess-for-fylkestingsvalget-2027\/\" class=\"teft-card__primary-action\">\n\n\t\t\t\t\t<div class=\"teft-card__media teft-card__media--16-9\">\n\t\t\t\t\t\t<img loading=\"lazy\" decoding=\"async\" width=\"768\" height=\"512\" src=\"https:\/\/hoyre.no\/content\/uploads\/sites\/6\/2026\/03\/Haagen-Poppe-Foto-Hans-Kristian-Thorbjornsen-768x512.jpg\" class=\"attachment-medium_large size-medium_large\" alt=\"\" srcset=\"https:\/\/hoyre.no\/content\/uploads\/sites\/6\/2026\/03\/Haagen-Poppe-Foto-Hans-Kristian-Thorbjornsen-768x512.jpg 768w, https:\/\/hoyre.no\/content\/uploads\/sites\/6\/2026\/03\/Haagen-Poppe-Foto-Hans-Kristian-Thorbjornsen-300x200.jpg 300w, https:\/\/hoyre.no\/content\/uploads\/sites\/6\/2026\/03\/Haagen-Poppe-Foto-Hans-Kristian-Thorbjornsen-1024x683.jpg 1024w, https:\/\/hoyre.no\/content\/uploads\/sites\/6\/2026\/03\/Haagen-Poppe-Foto-Hans-Kristian-Thorbjornsen-1536x1025.jpg 1536w, https:\/\/hoyre.no\/content\/uploads\/sites\/6\/2026\/03\/Haagen-Poppe-Foto-Hans-Kristian-Thorbjornsen-2048x1366.jpg 2048w\" sizes=\"auto, (max-width: 768px) 100vw, 768px\" \/>\t\t<\/div>\n\t\t\n\t\t\t<div class=\"teft-card__content-wrapper\">\n\t\t\t\t<div class=\"teft-card__secondary\">\n\t\t\t\t\t\n\t\t\t\t\t\t\t\t<div class=\"teft-card__meta\">\n\t\t\t\t\t\t\t\t\t<span class=\"post-date\">5. mar 2026<\/span>\n\n\t\t\t\t\t\t\t\t\t\t\t\t\t\t\t\t\t<\/div>\n\t\t\t\t\t\t\t\t\t\t\t<\/div>\n\n\t\t\t\t<div class=\"teft-card__primary\">\n\t\t\t\t\t<h2 class=\"teft-card__title\">Agder H\u00f8yres nominasjonsprosess for  Fylkestingsvalget 2027&nbsp;<span class=\"teft-card__primary-title-append\"><\/span><\/h2>\t\t\t\t<\/div>\n\t\t\t<\/div>\n\t\t<\/a>\n\t<\/div>\n\n\t<\/div><\/div>\t<\/div>\n<\/div>\n","protected":false},"excerpt":{"rendered":"","protected":false},"author":349,"featured_media":0,"comment_status":"closed","ping_status":"closed","sticky":false,"template":"","format":"standard","meta":{"teft_cards_image_url":"","teft_cards_custom_pretitle":"","teft_cards_image_id":373,"teft_cards_image_focal_point_x":0.5,"teft_cards_image_focal_point_y":0.5,"teft_cards_title":"","teft_cards_excerpt":"","teft_show_chapters":false,"author_display_name":"","footnotes":""},"category":[5,9],"post_tag":[],"hoyre-visibility":[],"article-type":[],"politician":[],"class_list":["post-372","post","type-post","status-publish","format-standard","hentry","category-kronikk","category-politikk"],"yoast_head":"<!-- This site is optimized with the Yoast SEO Premium plugin v26.5 (Yoast SEO v26.6) - https:\/\/yoast.com\/wordpress\/plugins\/seo\/ -->\n<title>Ingen domstoler skal legges ned! - Agder H\u00f8yre<\/title>\n<meta name=\"robots\" content=\"index, follow, max-snippet:-1, max-image-preview:large, max-video-preview:-1\" \/>\n<link rel=\"canonical\" href=\"https:\/\/hoyre.no\/agder\/aktuelt\/ingen-domstoler-skal-legges-ned\/\" \/>\n<meta property=\"og:locale\" content=\"nb_NO\" \/>\n<meta property=\"og:type\" content=\"article\" \/>\n<meta property=\"og:title\" content=\"Ingen domstoler skal legges ned!\" \/>\n<meta property=\"og:url\" content=\"https:\/\/hoyre.no\/agder\/aktuelt\/ingen-domstoler-skal-legges-ned\/\" \/>\n<meta property=\"og:site_name\" content=\"Agder H\u00f8yre\" \/>\n<meta property=\"article:published_time\" content=\"2020-11-27T16:11:00+00:00\" \/>\n<meta property=\"article:modified_time\" content=\"2020-12-10T12:46:25+00:00\" \/>\n<meta property=\"og:image\" content=\"https:\/\/hoyre.no\/content\/uploads\/sites\/6\/2026\/03\/Haagen-Poppe-Foto-Hans-Kristian-Thorbjornsen-1024x683.jpg\" \/>\n<meta name=\"twitter:card\" content=\"summary_large_image\" \/>\n<meta name=\"twitter:label1\" content=\"Skrevet av\" \/>\n\t<meta name=\"twitter:data1\" content=\"\" \/>\n\t<meta name=\"twitter:label2\" content=\"Ansl. lesetid\" \/>\n\t<meta name=\"twitter:data2\" content=\"2 minutter\" \/>\n<script type=\"application\/ld+json\" class=\"yoast-schema-graph\">{\"@context\":\"https:\/\/schema.org\",\"@graph\":[{\"@type\":\"NewsArticle\",\"@id\":\"https:\/\/hoyre.no\/agder\/aktuelt\/ingen-domstoler-skal-legges-ned\/\",\"url\":\"https:\/\/hoyre.no\/agder\/aktuelt\/ingen-domstoler-skal-legges-ned\/\",\"name\":\"Ingen domstoler skal legges ned! - Agder H\u00f8yre\",\"isPartOf\":{\"@id\":\"https:\/\/hoyre.no\/agder\/#website\"},\"datePublished\":\"2020-11-27T16:11:00+00:00\",\"dateModified\":\"2020-12-10T12:46:25+00:00\",\"author\":{\"@id\":\"\"},\"breadcrumb\":{\"@id\":\"https:\/\/hoyre.no\/agder\/aktuelt\/ingen-domstoler-skal-legges-ned\/#breadcrumb\"},\"inLanguage\":\"nb-NO\",\"potentialAction\":[{\"@type\":\"ReadAction\",\"target\":[\"https:\/\/hoyre.no\/agder\/aktuelt\/ingen-domstoler-skal-legges-ned\/\"]}]},{\"@type\":\"BreadcrumbList\",\"@id\":\"https:\/\/hoyre.no\/agder\/aktuelt\/ingen-domstoler-skal-legges-ned\/#breadcrumb\",\"itemListElement\":[{\"@type\":\"ListItem\",\"position\":1,\"name\":\"Til hoyre.no\",\"item\":\"https:\/\/hoyre.no\"},{\"@type\":\"ListItem\",\"position\":2,\"name\":\"Hjem\",\"item\":\"https:\/\/hoyre.no\/agder\/\"},{\"@type\":\"ListItem\",\"position\":3,\"name\":\"Ingen domstoler skal legges ned!\"}]},{\"@type\":\"WebSite\",\"@id\":\"https:\/\/hoyre.no\/agder\/#website\",\"url\":\"https:\/\/hoyre.no\/agder\/\",\"name\":\"Agder H\u00f8yre\",\"description\":\"Bare enda et H\u00f8yres nettsteder-nettsted\",\"inLanguage\":\"nb-NO\"},{\"@type\":\"Person\",\"@id\":\"\",\"url\":\"https:\/\/hoyre.no\/agder\/aktuelt\/author\/\"}]}<\/script>\n<!-- \/ Yoast SEO Premium plugin. -->","yoast_head_json":{"title":"Ingen domstoler skal legges ned! - Agder H\u00f8yre","robots":{"index":"index","follow":"follow","max-snippet":"max-snippet:-1","max-image-preview":"max-image-preview:large","max-video-preview":"max-video-preview:-1"},"canonical":"https:\/\/hoyre.no\/agder\/aktuelt\/ingen-domstoler-skal-legges-ned\/","og_locale":"nb_NO","og_type":"article","og_title":"Ingen domstoler skal legges ned!","og_url":"https:\/\/hoyre.no\/agder\/aktuelt\/ingen-domstoler-skal-legges-ned\/","og_site_name":"Agder H\u00f8yre","article_published_time":"2020-11-27T16:11:00+00:00","article_modified_time":"2020-12-10T12:46:25+00:00","og_image":[{"url":"https:\/\/hoyre.no\/content\/uploads\/sites\/6\/2026\/03\/Haagen-Poppe-Foto-Hans-Kristian-Thorbjornsen-1024x683.jpg","width":"","height":"","type":""}],"twitter_card":"summary_large_image","twitter_misc":{"Skrevet av":"","Ansl. lesetid":"2 minutter"},"schema":{"@context":"https:\/\/schema.org","@graph":[{"@type":"NewsArticle","@id":"https:\/\/hoyre.no\/agder\/aktuelt\/ingen-domstoler-skal-legges-ned\/","url":"https:\/\/hoyre.no\/agder\/aktuelt\/ingen-domstoler-skal-legges-ned\/","name":"Ingen domstoler skal legges ned! - Agder H\u00f8yre","isPartOf":{"@id":"https:\/\/hoyre.no\/agder\/#website"},"datePublished":"2020-11-27T16:11:00+00:00","dateModified":"2020-12-10T12:46:25+00:00","author":{"@id":""},"breadcrumb":{"@id":"https:\/\/hoyre.no\/agder\/aktuelt\/ingen-domstoler-skal-legges-ned\/#breadcrumb"},"inLanguage":"nb-NO","potentialAction":[{"@type":"ReadAction","target":["https:\/\/hoyre.no\/agder\/aktuelt\/ingen-domstoler-skal-legges-ned\/"]}]},{"@type":"BreadcrumbList","@id":"https:\/\/hoyre.no\/agder\/aktuelt\/ingen-domstoler-skal-legges-ned\/#breadcrumb","itemListElement":[{"@type":"ListItem","position":1,"name":"Til hoyre.no","item":"https:\/\/hoyre.no"},{"@type":"ListItem","position":2,"name":"Hjem","item":"https:\/\/hoyre.no\/agder\/"},{"@type":"ListItem","position":3,"name":"Ingen domstoler skal legges ned!"}]},{"@type":"WebSite","@id":"https:\/\/hoyre.no\/agder\/#website","url":"https:\/\/hoyre.no\/agder\/","name":"Agder H\u00f8yre","description":"Bare enda et H\u00f8yres nettsteder-nettsted","inLanguage":"nb-NO"},{"@type":"Person","@id":"","url":"https:\/\/hoyre.no\/agder\/aktuelt\/author\/"}]}},"distributor_meta":false,"distributor_terms":false,"distributor_media":false,"distributor_original_site_name":"Agder H\u00f8yre","distributor_original_site_url":"https:\/\/hoyre.no\/agder","push-errors":false,"_links":{"self":[{"href":"https:\/\/hoyre.no\/agder\/wp-json\/wp\/v2\/posts\/372","targetHints":{"allow":["GET"]}}],"collection":[{"href":"https:\/\/hoyre.no\/agder\/wp-json\/wp\/v2\/posts"}],"about":[{"href":"https:\/\/hoyre.no\/agder\/wp-json\/wp\/v2\/types\/post"}],"author":[{"embeddable":true,"href":"https:\/\/hoyre.no\/agder\/wp-json\/wp\/v2\/users\/349"}],"replies":[{"embeddable":true,"href":"https:\/\/hoyre.no\/agder\/wp-json\/wp\/v2\/comments?post=372"}],"version-history":[{"count":1,"href":"https:\/\/hoyre.no\/agder\/wp-json\/wp\/v2\/posts\/372\/revisions"}],"predecessor-version":[{"id":374,"href":"https:\/\/hoyre.no\/agder\/wp-json\/wp\/v2\/posts\/372\/revisions\/374"}],"wp:attachment":[{"href":"https:\/\/hoyre.no\/agder\/wp-json\/wp\/v2\/media?parent=372"}],"wp:term":[{"taxonomy":"category","embeddable":true,"href":"https:\/\/hoyre.no\/agder\/wp-json\/wp\/v2\/category?post=372"},{"taxonomy":"post_tag","embeddable":true,"href":"https:\/\/hoyre.no\/agder\/wp-json\/wp\/v2\/post_tag?post=372"},{"taxonomy":"hoyre-visibility","embeddable":true,"href":"https:\/\/hoyre.no\/agder\/wp-json\/wp\/v2\/hoyre-visibility?post=372"},{"taxonomy":"article-type","embeddable":true,"href":"https:\/\/hoyre.no\/agder\/wp-json\/wp\/v2\/article-type?post=372"},{"taxonomy":"politician","embeddable":true,"href":"https:\/\/hoyre.no\/agder\/wp-json\/wp\/v2\/politician?post=372"}],"curies":[{"name":"wp","href":"https:\/\/api.w.org\/{rel}","templated":true}]}}