{"id":378,"date":"2020-11-21T17:18:00","date_gmt":"2020-11-21T16:18:00","guid":{"rendered":"https:\/\/hoyre.no\/agder\/?p=378"},"modified":"2020-12-10T14:01:29","modified_gmt":"2020-12-10T13:01:29","slug":"hoyres-stortingskandidater-fra-vest-agder-valgdistrikt","status":"publish","type":"post","link":"https:\/\/hoyre.no\/agder\/aktuelt\/hoyres-stortingskandidater-fra-vest-agder-valgdistrikt\/","title":{"rendered":"H\u00f8yres stortingskandidater fra Vest-Agder valgdistrikt"},"content":{"rendered":"\n<p class=\"preamble\">Agder H\u00f8yres nominasjonsm\u00f8te ble avholdt digitalt l\u00f8rdag 21. november 2020 p\u00e5 Thon Hotel Norge. Her ble H\u00f8yres kandidater til Stortingsvalg 2021 for Vest-Agder valgdistrikt valgt.<\/p>\t\t\t<div class=\"post-meta wp-block teft-byline-wrapper\">\n\t\t\t\t<div class=\"top\">\n\t\t\t\t\t<div class=\"signature\">\n\t\t\t\t\t\t<div class=\"teft-byline\">\n\t\t\t\t\t\t\t\t\t\t\t\t\t\t<div>\n\t\t\t\t\t\t\t\t<h3>H\u00f8yres redaksjon<\/h3>\t\t\t\t\t\t\t\t\n\t\t\t\t\t\t\t\t\t\t\t\t\t\t\t\t\t<span class=\"date\">Sist oppdatert: 10. desember 2020<\/span>\n\t\t\t\t\t\t\t\t\t\t\t\t\t\t\t\t\t\t\t\t\t\t\t\t\t<span class=\"reading-time\" itemprop=\"timeRequired\" content=\"PT2M\"><em>Ca. 2 minutter lesetid<\/em><\/span>\n\t\t\t\t\t\t\t\t\t\t\t\t\t\t\t<\/div>\n\t\t\t\t\t\t<\/div>\n\t\t\t\t\t<\/div>\n\t\t\t\t\t\t<div class=\"sharing\">\n\t\t<a class=\"share-button share-link copy-link\" data-copy=\"https:\/\/hoyre.no\/agder\/aktuelt\/hoyres-stortingskandidater-fra-vest-agder-valgdistrikt\/\" target=\"_blank\"><span class=\"screen-reader-text\">Del link<\/span><\/a>\n\t\t<a class=\"share-button share-twitter\" href=\"http:\/\/twitter.com\/share?text=H\u00f8yres stortingskandidater fra Vest-Agder valgdistrikt&#038;url=https:\/\/hoyre.no\/agder\/aktuelt\/hoyres-stortingskandidater-fra-vest-agder-valgdistrikt\/&#038;hashtags=Hoyre\" target=\"_blank\"><span class=\"screen-reader-text\">Del p\u00e5 twitter<\/span><\/a>\n\t\t<a class=\"share-button share-facebook\" href=\"https:\/\/www.facebook.com\/sharer\/sharer.php?u=https:\/\/hoyre.no\/agder\/aktuelt\/hoyres-stortingskandidater-fra-vest-agder-valgdistrikt\/\" target=\"_blank\"><span class=\"screen-reader-text\">Del p\u00e5 facebook<\/span><\/a>\n\t<\/div>\n\t\t\t\t\t<\/div>\n\t\t\t<\/div>\n\n\t\t\t<figure class=\"hoyre-image-wrapper\"><div class=\"hoyre-image\"><img loading=\"lazy\" decoding=\"async\" width=\"2560\" height=\"1439\" src=\"https:\/\/hoyre.no\/content\/uploads\/sites\/6\/2020\/12\/pb213416_16x9-scaled.jpg\" class=\"attachment-scaled size-scaled\" alt=\"\" style=\"object-position: 50% 50%\" srcset=\"https:\/\/hoyre.no\/content\/uploads\/sites\/6\/2020\/12\/pb213416_16x9-scaled.jpg 2560w, https:\/\/hoyre.no\/content\/uploads\/sites\/6\/2020\/12\/pb213416_16x9-300x169.jpg 300w, https:\/\/hoyre.no\/content\/uploads\/sites\/6\/2020\/12\/pb213416_16x9-1024x576.jpg 1024w, https:\/\/hoyre.no\/content\/uploads\/sites\/6\/2020\/12\/pb213416_16x9-768x432.jpg 768w, https:\/\/hoyre.no\/content\/uploads\/sites\/6\/2020\/12\/pb213416_16x9-1536x863.jpg 1536w, https:\/\/hoyre.no\/content\/uploads\/sites\/6\/2020\/12\/pb213416_16x9-2048x1151.jpg 2048w\" sizes=\"auto, (max-width: 2560px) 100vw, 2560px\" \/><\/div><figcaption class=\"caption\">Her er ni av H\u00f8yres stortingskandidater for Vest-Agder nylig valgt av nominasjonsm\u00f8tet 21. november 2020. (Foto: Tor Marius Markussen)<\/figcaption><\/figure>\n\n\n\n\n<p class=\"has-text-align-center\"><a href=\"https:\/\/youtu.be\/CA_3kS1N3c8\" target=\"_blank\" aria-label=\"undefined (opens in a new tab)\" rel=\"noreferrer noopener\">Se hele nominasjonsm\u00f8tet her<\/a><\/p>\n\n\n\n<p><strong>Nominasjonsm\u00f8tet har valgt \u00e5 gi fornyet tillit til stortingsrepresentant Ingunn Foss som 1. kandidat.<\/strong><br><br>Delegatene vektla hennes brede erfaring, nettverk, gjennomslag for landsdelens prioriterte saker og gode valgresultater. Hun blir n\u00e5 kaptein for en liste med unge talentfulle politikere p\u00e5 neste topplassene.<br><br><strong>P\u00e5 2. plass har nominasjonsm\u00f8tet valgt statssekret\u00e6r for kunnskapsdepartementet Aase Marte J. Horrigmo<\/strong>. Delegatene vektla hennes brede kunnskap p\u00e5 sentrale politiske omr\u00e5der. I tillegg har hun i sin politiske karriere hatt en rekke sentrale posisjoner i H\u00f8yre nasjonalt, deriblant som medlem av partiets programkomite for kommende stortingsperiode.<br><br><strong>Amalie Gunnufsen ble valgt til tredjeplassen p\u00e5 H\u00f8yres liste. <\/strong>Amalie er r\u00e5dgiver for finansfraksjonen i H\u00f8yres Stortingsgruppe. Amalie er i sin 2. periode som bystyrerepresentant for Kristiansand H\u00f8yre og er sentralstyremedlem i Unge H\u00f8yre, s\u00e5 hun har en solid posisjon i partiet b\u00e5de lokalt, regionalt og nasjonalt. Hun er en politiker vi garantert kommer til \u00e5 f\u00e5 mye glede av fremover.<\/p>\n\n\n\n<h2 class=\"wp-block-heading\">Agder H\u00f8yres Stortingsvalgliste 2021 &#8211; 2025 for Vest-Agder valgdistrikt<\/h2>\n\n\n\n<figure class=\"wp-block-table\"><table><tbody><tr><td><strong>Nr.<\/strong><\/td><td><strong>Navn<\/strong><\/td><td><strong>Kommune<\/strong><\/td><td><strong>F\u00f8dt<\/strong><\/td><\/tr><tr><td>1<\/td><td>Ingunn Foss<\/td><td>Lyngdal<\/td><td>1960<\/td><\/tr><tr><td>2<\/td><td>Aase Marthe J. Horrigmo<\/td><td>Kristiansand<\/td><td>1982<\/td><\/tr><tr><td>3<\/td><td>Amalie Gunnufsen<\/td><td>Kristiansand\/Unge H\u00f8yre<\/td><td>1996<\/td><\/tr><tr><td>4<\/td><td>Nicolai \u00d8steby<\/td><td>Kristiansand\/Unge H\u00f8yre<\/td><td>2003<\/td><\/tr><tr><td>5<\/td><td>Kjetil Aga<\/td><td>Farsund<\/td><td>1981<\/td><\/tr><tr><td>6<\/td><td>Hannah Dybesland<\/td><td>Lindesnes<\/td><td>1970<\/td><\/tr><tr><td>7<\/td><td>Benedichte L. Hellest\u00f8l<\/td><td>Lyngdal<\/td><td>1987<\/td><\/tr><tr><td>8<\/td><td>Odd Gr\u00f8nberg<\/td><td>Vennesla<\/td><td>1950<\/td><\/tr><tr><td>9<\/td><td>Isak A. Liland<\/td><td>Sirdal<\/td><td>1962<\/td><\/tr><tr><td>10<\/td><td>Gitte M. Johannessen<\/td><td>Flekkefjord<\/td><td>1969<\/td><\/tr><tr><td>11<\/td><td>Nils Bernt Rinde<\/td><td>Lindesnes<\/td><td>1972<\/td><\/tr><tr><td>12<\/td><td>Terje \u00d8. Pettersen<\/td><td>Kristiansand<\/td><td>1965<\/td><\/tr><\/tbody><\/table><\/figure>\n\n\n<div class=\"tags\">\n\t<\/div>\n<div class=\"post-footer alignfull has-background block-editor-block-list__block\" data-align=full>\n\t<div class=\"post-footer-inner\">\n\t\t<h3>Relaterte artikler<\/h3>\n\t\t<div class=\"related-content\"><div class=\"is-card-hoyre\">\n\t<div class=\"teft-card hoyre-teft-card post-teft-card\">\n\t\t<a href=\"https:\/\/hoyre.no\/agder\/aktuelt\/agder-hoyre-onsker-dine-innspill-fylkestings-programmet\/\" class=\"teft-card__primary-action\">\n\n\t\t\t\t\t<div class=\"teft-card__media teft-card__media--16-9\">\n\t\t\t\t\t\t<img loading=\"lazy\" decoding=\"async\" width=\"768\" height=\"819\" src=\"https:\/\/hoyre.no\/content\/uploads\/sites\/6\/2025\/06\/DSC04923-edited-768x819.jpg\" class=\"attachment-medium_large size-medium_large\" alt=\"\" srcset=\"https:\/\/hoyre.no\/content\/uploads\/sites\/6\/2025\/06\/DSC04923-edited-768x819.jpg 768w, https:\/\/hoyre.no\/content\/uploads\/sites\/6\/2025\/06\/DSC04923-edited-281x300.jpg 281w, https:\/\/hoyre.no\/content\/uploads\/sites\/6\/2025\/06\/DSC04923-edited-960x1024.jpg 960w, https:\/\/hoyre.no\/content\/uploads\/sites\/6\/2025\/06\/DSC04923-edited-1440x1536.jpg 1440w, https:\/\/hoyre.no\/content\/uploads\/sites\/6\/2025\/06\/DSC04923-edited-1920x2048.jpg 1920w\" sizes=\"auto, (max-width: 768px) 100vw, 768px\" \/>\t\t<\/div>\n\t\t\n\t\t\t<div class=\"teft-card__content-wrapper\">\n\t\t\t\t<div class=\"teft-card__secondary\">\n\t\t\t\t\t\n\t\t\t\t\t\t\t\t<div class=\"teft-card__meta\">\n\t\t\t\t\t\t\t\t\t<span class=\"post-date\">21. apr 2026<\/span>\n\n\t\t\t\t\t\t\t\t\t<span class=\"post-category\">Nyheter<\/span>\t\t\t\t\t\t\t\t<\/div>\n\t\t\t\t\t\t\t\t\t\t\t<\/div>\n\n\t\t\t\t<div class=\"teft-card__primary\">\n\t\t\t\t\t<h2 class=\"teft-card__title\">Agder H\u00f8yres programprosess for Fylkestingsvalget 2027&nbsp;<span class=\"teft-card__primary-title-append\"><\/span><\/h2>\t\t\t\t<\/div>\n\t\t\t<\/div>\n\t\t<\/a>\n\t<\/div>\n\n\t<\/div><div class=\"is-card-hoyre\">\n\t<div class=\"teft-card hoyre-teft-card post-teft-card\">\n\t\t<a href=\"https:\/\/hoyre.no\/agder\/aktuelt\/agder-hoyres-nye-regionradgiver\/\" class=\"teft-card__primary-action\">\n\n\t\t\t\t\t<div class=\"teft-card__media teft-card__media--16-9\">\n\t\t\t\t\t\t<img loading=\"lazy\" decoding=\"async\" width=\"768\" height=\"768\" src=\"https:\/\/hoyre.no\/content\/uploads\/sites\/6\/2026\/03\/Aleksander-L-768x768.png\" class=\"attachment-medium_large size-medium_large\" alt=\"\" srcset=\"https:\/\/hoyre.no\/content\/uploads\/sites\/6\/2026\/03\/Aleksander-L-768x768.png 768w, https:\/\/hoyre.no\/content\/uploads\/sites\/6\/2026\/03\/Aleksander-L-e1775591785378-300x300.png 300w, https:\/\/hoyre.no\/content\/uploads\/sites\/6\/2026\/03\/Aleksander-L-e1775591785378-150x150.png 150w, https:\/\/hoyre.no\/content\/uploads\/sites\/6\/2026\/03\/Aleksander-L-e1775591785378.png 722w\" sizes=\"auto, (max-width: 768px) 100vw, 768px\" \/>\t\t<\/div>\n\t\t\n\t\t\t<div class=\"teft-card__content-wrapper\">\n\t\t\t\t<div class=\"teft-card__secondary\">\n\t\t\t\t\t\n\t\t\t\t\t\t\t\t<div class=\"teft-card__meta\">\n\t\t\t\t\t\t\t\t\t<span class=\"post-date\">23. mar 2026<\/span>\n\n\t\t\t\t\t\t\t\t\t\t\t\t\t\t\t\t\t<\/div>\n\t\t\t\t\t\t\t\t\t\t\t<\/div>\n\n\t\t\t\t<div class=\"teft-card__primary\">\n\t\t\t\t\t<h2 class=\"teft-card__title\">Agder H\u00f8yres nye regionr\u00e5dgiver&nbsp;<span class=\"teft-card__primary-title-append\"><\/span><\/h2>\t\t\t\t<\/div>\n\t\t\t<\/div>\n\t\t<\/a>\n\t<\/div>\n\n\t<\/div><div class=\"is-card-hoyre\">\n\t<div class=\"teft-card hoyre-teft-card post-teft-card\">\n\t\t<a href=\"https:\/\/hoyre.no\/agder\/aktuelt\/agder-hoyres-nominasjonsprosess-for-fylkestingsvalget-2027\/\" class=\"teft-card__primary-action\">\n\n\t\t\t\t\t<div class=\"teft-card__media teft-card__media--16-9\">\n\t\t\t\t\t\t<img loading=\"lazy\" decoding=\"async\" width=\"768\" height=\"512\" src=\"https:\/\/hoyre.no\/content\/uploads\/sites\/6\/2026\/03\/Haagen-Poppe-Foto-Hans-Kristian-Thorbjornsen-768x512.jpg\" class=\"attachment-medium_large size-medium_large\" alt=\"\" srcset=\"https:\/\/hoyre.no\/content\/uploads\/sites\/6\/2026\/03\/Haagen-Poppe-Foto-Hans-Kristian-Thorbjornsen-768x512.jpg 768w, https:\/\/hoyre.no\/content\/uploads\/sites\/6\/2026\/03\/Haagen-Poppe-Foto-Hans-Kristian-Thorbjornsen-300x200.jpg 300w, https:\/\/hoyre.no\/content\/uploads\/sites\/6\/2026\/03\/Haagen-Poppe-Foto-Hans-Kristian-Thorbjornsen-1024x683.jpg 1024w, https:\/\/hoyre.no\/content\/uploads\/sites\/6\/2026\/03\/Haagen-Poppe-Foto-Hans-Kristian-Thorbjornsen-1536x1025.jpg 1536w, https:\/\/hoyre.no\/content\/uploads\/sites\/6\/2026\/03\/Haagen-Poppe-Foto-Hans-Kristian-Thorbjornsen-2048x1366.jpg 2048w\" sizes=\"auto, (max-width: 768px) 100vw, 768px\" \/>\t\t<\/div>\n\t\t\n\t\t\t<div class=\"teft-card__content-wrapper\">\n\t\t\t\t<div class=\"teft-card__secondary\">\n\t\t\t\t\t\n\t\t\t\t\t\t\t\t<div class=\"teft-card__meta\">\n\t\t\t\t\t\t\t\t\t<span class=\"post-date\">5. mar 2026<\/span>\n\n\t\t\t\t\t\t\t\t\t\t\t\t\t\t\t\t\t<\/div>\n\t\t\t\t\t\t\t\t\t\t\t<\/div>\n\n\t\t\t\t<div class=\"teft-card__primary\">\n\t\t\t\t\t<h2 class=\"teft-card__title\">Agder H\u00f8yres nominasjonsprosess for  Fylkestingsvalget 2027&nbsp;<span class=\"teft-card__primary-title-append\"><\/span><\/h2>\t\t\t\t<\/div>\n\t\t\t<\/div>\n\t\t<\/a>\n\t<\/div>\n\n\t<\/div><\/div>\t<\/div>\n<\/div>\n","protected":false},"excerpt":{"rendered":"","protected":false},"author":349,"featured_media":0,"comment_status":"closed","ping_status":"closed","sticky":false,"template":"","format":"standard","meta":{"teft_cards_image_url":"","teft_cards_custom_pretitle":"","teft_cards_image_id":379,"teft_cards_image_focal_point_x":0.5,"teft_cards_image_focal_point_y":0.48,"teft_cards_title":"","teft_cards_excerpt":"","teft_show_chapters":false,"author_display_name":"","footnotes":""},"category":[7],"post_tag":[],"hoyre-visibility":[],"article-type":[],"politician":[],"class_list":["post-378","post","type-post","status-publish","format-standard","hentry","category-nominasjon"],"yoast_head":"<!-- This site is optimized with the Yoast SEO Premium plugin v26.5 (Yoast SEO v26.6) - https:\/\/yoast.com\/wordpress\/plugins\/seo\/ -->\n<title>H\u00f8yres stortingskandidater fra Vest-Agder valgdistrikt - Agder H\u00f8yre<\/title>\n<meta name=\"robots\" content=\"index, follow, max-snippet:-1, max-image-preview:large, max-video-preview:-1\" \/>\n<link rel=\"canonical\" href=\"https:\/\/hoyre.no\/agder\/aktuelt\/hoyres-stortingskandidater-fra-vest-agder-valgdistrikt\/\" \/>\n<meta property=\"og:locale\" content=\"nb_NO\" \/>\n<meta property=\"og:type\" content=\"article\" \/>\n<meta property=\"og:title\" content=\"H\u00f8yres stortingskandidater fra Vest-Agder valgdistrikt\" \/>\n<meta property=\"og:url\" content=\"https:\/\/hoyre.no\/agder\/aktuelt\/hoyres-stortingskandidater-fra-vest-agder-valgdistrikt\/\" \/>\n<meta property=\"og:site_name\" content=\"Agder H\u00f8yre\" \/>\n<meta property=\"article:published_time\" content=\"2020-11-21T16:18:00+00:00\" \/>\n<meta property=\"article:modified_time\" content=\"2020-12-10T13:01:29+00:00\" \/>\n<meta property=\"og:image\" content=\"https:\/\/hoyre.no\/content\/uploads\/sites\/6\/2026\/03\/Haagen-Poppe-Foto-Hans-Kristian-Thorbjornsen-1024x683.jpg\" \/>\n<meta name=\"twitter:card\" content=\"summary_large_image\" \/>\n<meta name=\"twitter:label1\" content=\"Skrevet av\" \/>\n\t<meta name=\"twitter:data1\" content=\"\" \/>\n\t<meta name=\"twitter:label2\" content=\"Ansl. lesetid\" \/>\n\t<meta name=\"twitter:data2\" content=\"1 minutt\" \/>\n<script type=\"application\/ld+json\" class=\"yoast-schema-graph\">{\"@context\":\"https:\/\/schema.org\",\"@graph\":[{\"@type\":\"NewsArticle\",\"@id\":\"https:\/\/hoyre.no\/agder\/aktuelt\/hoyres-stortingskandidater-fra-vest-agder-valgdistrikt\/\",\"url\":\"https:\/\/hoyre.no\/agder\/aktuelt\/hoyres-stortingskandidater-fra-vest-agder-valgdistrikt\/\",\"name\":\"H\u00f8yres stortingskandidater fra Vest-Agder valgdistrikt - Agder H\u00f8yre\",\"isPartOf\":{\"@id\":\"https:\/\/hoyre.no\/agder\/#website\"},\"datePublished\":\"2020-11-21T16:18:00+00:00\",\"dateModified\":\"2020-12-10T13:01:29+00:00\",\"author\":{\"@id\":\"\"},\"breadcrumb\":{\"@id\":\"https:\/\/hoyre.no\/agder\/aktuelt\/hoyres-stortingskandidater-fra-vest-agder-valgdistrikt\/#breadcrumb\"},\"inLanguage\":\"nb-NO\",\"potentialAction\":[{\"@type\":\"ReadAction\",\"target\":[\"https:\/\/hoyre.no\/agder\/aktuelt\/hoyres-stortingskandidater-fra-vest-agder-valgdistrikt\/\"]}]},{\"@type\":\"BreadcrumbList\",\"@id\":\"https:\/\/hoyre.no\/agder\/aktuelt\/hoyres-stortingskandidater-fra-vest-agder-valgdistrikt\/#breadcrumb\",\"itemListElement\":[{\"@type\":\"ListItem\",\"position\":1,\"name\":\"Til hoyre.no\",\"item\":\"https:\/\/hoyre.no\"},{\"@type\":\"ListItem\",\"position\":2,\"name\":\"Hjem\",\"item\":\"https:\/\/hoyre.no\/agder\/\"},{\"@type\":\"ListItem\",\"position\":3,\"name\":\"H\u00f8yres stortingskandidater fra Vest-Agder valgdistrikt\"}]},{\"@type\":\"WebSite\",\"@id\":\"https:\/\/hoyre.no\/agder\/#website\",\"url\":\"https:\/\/hoyre.no\/agder\/\",\"name\":\"Agder H\u00f8yre\",\"description\":\"Bare enda et H\u00f8yres nettsteder-nettsted\",\"inLanguage\":\"nb-NO\"},{\"@type\":\"Person\",\"@id\":\"\",\"url\":\"https:\/\/hoyre.no\/agder\/aktuelt\/author\/\"}]}<\/script>\n<!-- \/ Yoast SEO Premium plugin. -->","yoast_head_json":{"title":"H\u00f8yres stortingskandidater fra Vest-Agder valgdistrikt - Agder H\u00f8yre","robots":{"index":"index","follow":"follow","max-snippet":"max-snippet:-1","max-image-preview":"max-image-preview:large","max-video-preview":"max-video-preview:-1"},"canonical":"https:\/\/hoyre.no\/agder\/aktuelt\/hoyres-stortingskandidater-fra-vest-agder-valgdistrikt\/","og_locale":"nb_NO","og_type":"article","og_title":"H\u00f8yres stortingskandidater fra Vest-Agder valgdistrikt","og_url":"https:\/\/hoyre.no\/agder\/aktuelt\/hoyres-stortingskandidater-fra-vest-agder-valgdistrikt\/","og_site_name":"Agder H\u00f8yre","article_published_time":"2020-11-21T16:18:00+00:00","article_modified_time":"2020-12-10T13:01:29+00:00","og_image":[{"url":"https:\/\/hoyre.no\/content\/uploads\/sites\/6\/2026\/03\/Haagen-Poppe-Foto-Hans-Kristian-Thorbjornsen-1024x683.jpg","width":"","height":"","type":""}],"twitter_card":"summary_large_image","twitter_misc":{"Skrevet av":"","Ansl. lesetid":"1 minutt"},"schema":{"@context":"https:\/\/schema.org","@graph":[{"@type":"NewsArticle","@id":"https:\/\/hoyre.no\/agder\/aktuelt\/hoyres-stortingskandidater-fra-vest-agder-valgdistrikt\/","url":"https:\/\/hoyre.no\/agder\/aktuelt\/hoyres-stortingskandidater-fra-vest-agder-valgdistrikt\/","name":"H\u00f8yres stortingskandidater fra Vest-Agder valgdistrikt - Agder H\u00f8yre","isPartOf":{"@id":"https:\/\/hoyre.no\/agder\/#website"},"datePublished":"2020-11-21T16:18:00+00:00","dateModified":"2020-12-10T13:01:29+00:00","author":{"@id":""},"breadcrumb":{"@id":"https:\/\/hoyre.no\/agder\/aktuelt\/hoyres-stortingskandidater-fra-vest-agder-valgdistrikt\/#breadcrumb"},"inLanguage":"nb-NO","potentialAction":[{"@type":"ReadAction","target":["https:\/\/hoyre.no\/agder\/aktuelt\/hoyres-stortingskandidater-fra-vest-agder-valgdistrikt\/"]}]},{"@type":"BreadcrumbList","@id":"https:\/\/hoyre.no\/agder\/aktuelt\/hoyres-stortingskandidater-fra-vest-agder-valgdistrikt\/#breadcrumb","itemListElement":[{"@type":"ListItem","position":1,"name":"Til hoyre.no","item":"https:\/\/hoyre.no"},{"@type":"ListItem","position":2,"name":"Hjem","item":"https:\/\/hoyre.no\/agder\/"},{"@type":"ListItem","position":3,"name":"H\u00f8yres stortingskandidater fra Vest-Agder valgdistrikt"}]},{"@type":"WebSite","@id":"https:\/\/hoyre.no\/agder\/#website","url":"https:\/\/hoyre.no\/agder\/","name":"Agder H\u00f8yre","description":"Bare enda et H\u00f8yres nettsteder-nettsted","inLanguage":"nb-NO"},{"@type":"Person","@id":"","url":"https:\/\/hoyre.no\/agder\/aktuelt\/author\/"}]}},"distributor_meta":false,"distributor_terms":false,"distributor_media":false,"distributor_original_site_name":"Agder H\u00f8yre","distributor_original_site_url":"https:\/\/hoyre.no\/agder","push-errors":false,"_links":{"self":[{"href":"https:\/\/hoyre.no\/agder\/wp-json\/wp\/v2\/posts\/378","targetHints":{"allow":["GET"]}}],"collection":[{"href":"https:\/\/hoyre.no\/agder\/wp-json\/wp\/v2\/posts"}],"about":[{"href":"https:\/\/hoyre.no\/agder\/wp-json\/wp\/v2\/types\/post"}],"author":[{"embeddable":true,"href":"https:\/\/hoyre.no\/agder\/wp-json\/wp\/v2\/users\/349"}],"replies":[{"embeddable":true,"href":"https:\/\/hoyre.no\/agder\/wp-json\/wp\/v2\/comments?post=378"}],"version-history":[{"count":3,"href":"https:\/\/hoyre.no\/agder\/wp-json\/wp\/v2\/posts\/378\/revisions"}],"predecessor-version":[{"id":411,"href":"https:\/\/hoyre.no\/agder\/wp-json\/wp\/v2\/posts\/378\/revisions\/411"}],"wp:attachment":[{"href":"https:\/\/hoyre.no\/agder\/wp-json\/wp\/v2\/media?parent=378"}],"wp:term":[{"taxonomy":"category","embeddable":true,"href":"https:\/\/hoyre.no\/agder\/wp-json\/wp\/v2\/category?post=378"},{"taxonomy":"post_tag","embeddable":true,"href":"https:\/\/hoyre.no\/agder\/wp-json\/wp\/v2\/post_tag?post=378"},{"taxonomy":"hoyre-visibility","embeddable":true,"href":"https:\/\/hoyre.no\/agder\/wp-json\/wp\/v2\/hoyre-visibility?post=378"},{"taxonomy":"article-type","embeddable":true,"href":"https:\/\/hoyre.no\/agder\/wp-json\/wp\/v2\/article-type?post=378"},{"taxonomy":"politician","embeddable":true,"href":"https:\/\/hoyre.no\/agder\/wp-json\/wp\/v2\/politician?post=378"}],"curies":[{"name":"wp","href":"https:\/\/api.w.org\/{rel}","templated":true}]}}