{"id":394,"date":"2020-10-19T17:49:00","date_gmt":"2020-10-19T15:49:00","guid":{"rendered":"https:\/\/hoyre.no\/agder\/?p=394"},"modified":"2020-12-04T18:11:10","modified_gmt":"2020-12-04T17:11:10","slug":"nominasjonskomiteens-innstilling-til-agder-stortingsvalgliste-2021-2025-for-aust-agder-valgdistrikt","status":"publish","type":"post","link":"https:\/\/hoyre.no\/agder\/aktuelt\/nominasjonskomiteens-innstilling-til-agder-stortingsvalgliste-2021-2025-for-aust-agder-valgdistrikt\/","title":{"rendered":"Nominasjonskomiteens innstilling til Agder stortingsvalgliste 2021 &#8211; 2025 for Aust-Agder valgdistrikt"},"content":{"rendered":"\n<p class=\"preamble\">Komiteen anbefaler Svein Harberg fra Grimstad (62) som 1. kandidat, Torunn Ostad fra Grimstad (48) som 2. kandidat og Amalie Kollstrand fra Arendal (23) som 3. kandidat.\u00a0<\/p>\n\n\n\n\n<p>Nominasjonskomiteen har valgt \u00e5 gi fornyet tillit til stortingsrepresentant Svein Harberg som 1. kandidat. Svein er H\u00f8yres parlamentariske nestleder og er f\u00f8rste nestleder i kontroll- og konstitusjonskomiteen p\u00e5 Stortinget. Svein kan vise til gode resultater, har et stort nettverk, bred politisk erfaring og innehar en rekke viktige verv og posisjoner.<br><\/p>\n\n\n\n<p>P\u00e5 2. plass har komiteen innstilt adjunkt Torunn Ostad. Torunn er Agder H\u00f8yres f\u00f8rste nestleder og gruppeleder i fylkestinget og medlem av H\u00f8yres sentralstyre. Hun har bred politisk erfaring og innehar som Svein er en rekke andre viktige verv og posisjoner. *Dissens fra 3 av 8 komitemedlemmer p\u00e5 Amalie Kollstrand til 2. plassen.<\/p>\n\n\n\n<p>P\u00e5 3. plass har komiteen innstilt Amalie Kollstrand. Amalie er snart ferdig utdannet lege, hun er vararepresentant til bystyret og fylkestinget, er leder av Agder H\u00f8yres Kvinneforum, tidligere leder av Agder Unge H\u00f8yre og har arbeidet som sommervikar p\u00e5 Stortinget for H\u00f8yres stortingsgruppe. Amalie har en tydelig stemme i klima- og likestillingsdebatten og erfaring fra debatt- og mediearbeid.<\/p>\n\n\n\n<p>De innstilte kandidatene hadde stor oppslutning i den r\u00e5dgivende pr\u00f8venominasjonen for foreninger og i den r\u00e5dgivende urnominasjonen for medlemmer. De oppn\u00e5dde sterk st\u00f8tte i foreningene p\u00e5 tvers av regioner og kommuner, og har gjennom sitt arbeid og engasjement vist at de er politikere med integritet og innflytelse. Det er verdt \u00e5 merke seg at H\u00f8yreforeningene legger vekt p\u00e5 disse egenskapene og ikke skuler blindt til kj\u00f8nnsbalanse og geografi n\u00e5r man skal sette sammen det beste laget. N\u00e5r man er nominert p\u00e5 en stortingsvalgliste er man representant for hele fylket uavhengig av bosted og kj\u00f8nn.&nbsp;<\/p>\n\n\n\n<p>22 dyktige politikere sa ja til \u00e5 stille p\u00e5 H\u00f8yres liste denne gangen, s\u00e5 det har v\u00e6rt et utfordrende arbeid for komiteen \u00e5 prioritere. Mange kombinasjoner ble testet ut f\u00f8r vi kom fram til nedenfor prioriterte liste som blir lagt fram for nominasjonsm\u00f8tet.&nbsp;&nbsp;<\/p>\n\n\n\n<h2 class=\"wp-block-heading\"><a>Innstilling fra Agder H\u00f8yres nominasjonskomite for Aust-Agder valgdistrikt:<\/a> Agder H\u00f8yres Stortingsvalgliste 2021 &#8211; 2025 for Aust-Agder valgdistrikt<\/h2>\n\n\n\n<figure class=\"wp-block-table\"><table><tbody><tr><td><strong>Nr.<\/strong><\/td><td><strong>Navn<\/strong><\/td><td><strong>Kommune<\/strong><\/td><td><strong>F\u00f8dt<\/strong><\/td><\/tr><tr><td>1<\/td><td>Svein Harberg<\/td><td>Grimstad<\/td><td>1958<\/td><\/tr><tr><td>2<\/td><td>Torunn Ostad<br><em>*Dissens fra 3 av 8 komitemedlemmer p\u00e5 Amalie Kollstrand<\/em><\/td><td>Grimstad<\/td><td>1972<\/td><\/tr><tr><td>3<\/td><td>Amalie Kollstrand<\/td><td>Arendal\/Unge H\u00f8yre<\/td><td>1997<\/td><\/tr><tr><td>4<\/td><td>Haagen Poppe<\/td><td>Arendal\/Unge H\u00f8yre<\/td><td>1995<\/td><\/tr><tr><td>5<\/td><td>Halvor Rismyhr<\/td><td>Lillesand<\/td><td>1955<\/td><\/tr><tr><td>6<\/td><td>Nina Roland<\/td><td>Arendal<\/td><td>1972<\/td><\/tr><tr><td>7<\/td><td>Olav Neset<\/td><td>Bygland<\/td><td>1955<\/td><\/tr><tr><td>8<\/td><td>Marianne Landaas<\/td><td>Tvedestrand<\/td><td>1957<\/td><\/tr><tr><td>9<\/td><td>Siri Mathiesen<\/td><td>Arendal<\/td><td>1960<\/td><\/tr><tr><td>10<\/td><td>Kai Olav Fredriksen<\/td><td>Arendal<\/td><td>1972<\/td><\/tr><\/tbody><\/table><\/figure>\n\n\n\n<h3 class=\"wp-block-heading\">Kontaktperson for uttalelser:<\/h3>\n\n\n\n<p>Leder av nominasjonskomiteen Arild Windsland, mobil: 926 46&nbsp;119, e-post: <a href=\"mailto:windsl@online.no\">windsl@online.no<\/a>&nbsp;&nbsp;<\/p>\n\n\n\n<p><strong>Agder H\u00f8yres Nominasjonsm\u00f8te avholdes heldigitalt l\u00f8rdag 21. november kl. 14.00 &#8211; 16.00 (direktesendt fra <a href=\"https:\/\/www.thonhotels.no\/hoteller\/norge\/kristiansand\/thon-hotel-norge\/\">Thon Hotel Norge<\/a> i Kristiansand). <\/strong>Innkalling sendes ut 4 uker f\u00f8r m\u00f8tet. Nominasjonsm\u00f8tet deles i to videom\u00f8ter som foretar valg av to stortingsvalglister, en for hvert valgdistrikt. Stemmerett har de valgte delegater fra foreningene som tilh\u00f8rer de respektive valgdistriktene.<\/p>\n\n\n\n<p>19.10.2020 &#8211; Agder H\u00f8yre v\/nominasjonskomiteen for Aust-Agder valgdistrikt<\/p>\n\n\n<div class=\"tags\">\n\t<\/div>\n<div class=\"post-footer alignfull has-background block-editor-block-list__block\" data-align=full>\n\t<div class=\"post-footer-inner\">\n\t\t<h3>Relaterte artikler<\/h3>\n\t\t<div class=\"related-content\"><div class=\"is-card-hoyre\">\n\t<div class=\"teft-card hoyre-teft-card post-teft-card\">\n\t\t<a href=\"https:\/\/hoyre.no\/agder\/aktuelt\/agder-hoyre-onsker-dine-innspill-fylkestings-programmet\/\" class=\"teft-card__primary-action\">\n\n\t\t\t\t\t<div class=\"teft-card__media teft-card__media--16-9\">\n\t\t\t\t\t\t<img loading=\"lazy\" decoding=\"async\" width=\"768\" height=\"819\" src=\"https:\/\/hoyre.no\/content\/uploads\/sites\/6\/2025\/06\/DSC04923-edited-768x819.jpg\" class=\"attachment-medium_large size-medium_large\" alt=\"\" srcset=\"https:\/\/hoyre.no\/content\/uploads\/sites\/6\/2025\/06\/DSC04923-edited-768x819.jpg 768w, https:\/\/hoyre.no\/content\/uploads\/sites\/6\/2025\/06\/DSC04923-edited-281x300.jpg 281w, https:\/\/hoyre.no\/content\/uploads\/sites\/6\/2025\/06\/DSC04923-edited-960x1024.jpg 960w, https:\/\/hoyre.no\/content\/uploads\/sites\/6\/2025\/06\/DSC04923-edited-1440x1536.jpg 1440w, https:\/\/hoyre.no\/content\/uploads\/sites\/6\/2025\/06\/DSC04923-edited-1920x2048.jpg 1920w\" sizes=\"auto, (max-width: 768px) 100vw, 768px\" \/>\t\t<\/div>\n\t\t\n\t\t\t<div class=\"teft-card__content-wrapper\">\n\t\t\t\t<div class=\"teft-card__secondary\">\n\t\t\t\t\t\n\t\t\t\t\t\t\t\t<div class=\"teft-card__meta\">\n\t\t\t\t\t\t\t\t\t<span class=\"post-date\">21. apr 2026<\/span>\n\n\t\t\t\t\t\t\t\t\t<span class=\"post-category\">Nyheter<\/span>\t\t\t\t\t\t\t\t<\/div>\n\t\t\t\t\t\t\t\t\t\t\t<\/div>\n\n\t\t\t\t<div class=\"teft-card__primary\">\n\t\t\t\t\t<h2 class=\"teft-card__title\">Agder H\u00f8yres programprosess for Fylkestingsvalget 2027&nbsp;<span class=\"teft-card__primary-title-append\"><\/span><\/h2>\t\t\t\t<\/div>\n\t\t\t<\/div>\n\t\t<\/a>\n\t<\/div>\n\n\t<\/div><div class=\"is-card-hoyre\">\n\t<div class=\"teft-card hoyre-teft-card post-teft-card\">\n\t\t<a href=\"https:\/\/hoyre.no\/agder\/aktuelt\/agder-hoyres-nye-regionradgiver\/\" class=\"teft-card__primary-action\">\n\n\t\t\t\t\t<div class=\"teft-card__media teft-card__media--16-9\">\n\t\t\t\t\t\t<img loading=\"lazy\" decoding=\"async\" width=\"768\" height=\"768\" src=\"https:\/\/hoyre.no\/content\/uploads\/sites\/6\/2026\/03\/Aleksander-L-768x768.png\" class=\"attachment-medium_large size-medium_large\" alt=\"\" srcset=\"https:\/\/hoyre.no\/content\/uploads\/sites\/6\/2026\/03\/Aleksander-L-768x768.png 768w, https:\/\/hoyre.no\/content\/uploads\/sites\/6\/2026\/03\/Aleksander-L-e1775591785378-300x300.png 300w, https:\/\/hoyre.no\/content\/uploads\/sites\/6\/2026\/03\/Aleksander-L-e1775591785378-150x150.png 150w, https:\/\/hoyre.no\/content\/uploads\/sites\/6\/2026\/03\/Aleksander-L-e1775591785378.png 722w\" sizes=\"auto, (max-width: 768px) 100vw, 768px\" \/>\t\t<\/div>\n\t\t\n\t\t\t<div class=\"teft-card__content-wrapper\">\n\t\t\t\t<div class=\"teft-card__secondary\">\n\t\t\t\t\t\n\t\t\t\t\t\t\t\t<div class=\"teft-card__meta\">\n\t\t\t\t\t\t\t\t\t<span class=\"post-date\">23. mar 2026<\/span>\n\n\t\t\t\t\t\t\t\t\t\t\t\t\t\t\t\t\t<\/div>\n\t\t\t\t\t\t\t\t\t\t\t<\/div>\n\n\t\t\t\t<div class=\"teft-card__primary\">\n\t\t\t\t\t<h2 class=\"teft-card__title\">Agder H\u00f8yres nye regionr\u00e5dgiver&nbsp;<span class=\"teft-card__primary-title-append\"><\/span><\/h2>\t\t\t\t<\/div>\n\t\t\t<\/div>\n\t\t<\/a>\n\t<\/div>\n\n\t<\/div><div class=\"is-card-hoyre\">\n\t<div class=\"teft-card hoyre-teft-card post-teft-card\">\n\t\t<a href=\"https:\/\/hoyre.no\/agder\/aktuelt\/agder-hoyres-nominasjonsprosess-for-fylkestingsvalget-2027\/\" class=\"teft-card__primary-action\">\n\n\t\t\t\t\t<div class=\"teft-card__media teft-card__media--16-9\">\n\t\t\t\t\t\t<img loading=\"lazy\" decoding=\"async\" width=\"768\" height=\"512\" src=\"https:\/\/hoyre.no\/content\/uploads\/sites\/6\/2026\/03\/Haagen-Poppe-Foto-Hans-Kristian-Thorbjornsen-768x512.jpg\" class=\"attachment-medium_large size-medium_large\" alt=\"\" srcset=\"https:\/\/hoyre.no\/content\/uploads\/sites\/6\/2026\/03\/Haagen-Poppe-Foto-Hans-Kristian-Thorbjornsen-768x512.jpg 768w, https:\/\/hoyre.no\/content\/uploads\/sites\/6\/2026\/03\/Haagen-Poppe-Foto-Hans-Kristian-Thorbjornsen-300x200.jpg 300w, https:\/\/hoyre.no\/content\/uploads\/sites\/6\/2026\/03\/Haagen-Poppe-Foto-Hans-Kristian-Thorbjornsen-1024x683.jpg 1024w, https:\/\/hoyre.no\/content\/uploads\/sites\/6\/2026\/03\/Haagen-Poppe-Foto-Hans-Kristian-Thorbjornsen-1536x1025.jpg 1536w, https:\/\/hoyre.no\/content\/uploads\/sites\/6\/2026\/03\/Haagen-Poppe-Foto-Hans-Kristian-Thorbjornsen-2048x1366.jpg 2048w\" sizes=\"auto, (max-width: 768px) 100vw, 768px\" \/>\t\t<\/div>\n\t\t\n\t\t\t<div class=\"teft-card__content-wrapper\">\n\t\t\t\t<div class=\"teft-card__secondary\">\n\t\t\t\t\t\n\t\t\t\t\t\t\t\t<div class=\"teft-card__meta\">\n\t\t\t\t\t\t\t\t\t<span class=\"post-date\">5. mar 2026<\/span>\n\n\t\t\t\t\t\t\t\t\t\t\t\t\t\t\t\t\t<\/div>\n\t\t\t\t\t\t\t\t\t\t\t<\/div>\n\n\t\t\t\t<div class=\"teft-card__primary\">\n\t\t\t\t\t<h2 class=\"teft-card__title\">Agder H\u00f8yres nominasjonsprosess for  Fylkestingsvalget 2027&nbsp;<span class=\"teft-card__primary-title-append\"><\/span><\/h2>\t\t\t\t<\/div>\n\t\t\t<\/div>\n\t\t<\/a>\n\t<\/div>\n\n\t<\/div><\/div>\t<\/div>\n<\/div>\n","protected":false},"excerpt":{"rendered":"","protected":false},"author":349,"featured_media":0,"comment_status":"closed","ping_status":"closed","sticky":false,"template":"","format":"standard","meta":{"teft_cards_image_url":"","teft_cards_custom_pretitle":"","teft_cards_image_id":0,"teft_cards_image_focal_point_x":0,"teft_cards_image_focal_point_y":0,"teft_cards_title":"","teft_cards_excerpt":"","teft_show_chapters":false,"author_display_name":"","footnotes":""},"category":[7],"post_tag":[],"hoyre-visibility":[],"article-type":[],"politician":[],"class_list":["post-394","post","type-post","status-publish","format-standard","hentry","category-nominasjon"],"yoast_head":"<!-- This site is optimized with the Yoast SEO Premium plugin v26.5 (Yoast SEO v26.6) - https:\/\/yoast.com\/wordpress\/plugins\/seo\/ -->\n<title>Nominasjonskomiteens innstilling til Agder stortingsvalgliste 2021 - 2025 for Aust-Agder valgdistrikt - Agder H\u00f8yre<\/title>\n<meta name=\"robots\" content=\"index, follow, max-snippet:-1, max-image-preview:large, max-video-preview:-1\" \/>\n<link rel=\"canonical\" href=\"https:\/\/hoyre.no\/agder\/aktuelt\/nominasjonskomiteens-innstilling-til-agder-stortingsvalgliste-2021-2025-for-aust-agder-valgdistrikt\/\" \/>\n<meta property=\"og:locale\" content=\"nb_NO\" \/>\n<meta property=\"og:type\" content=\"article\" \/>\n<meta property=\"og:title\" content=\"Nominasjonskomiteens innstilling til Agder stortingsvalgliste 2021 - 2025 for Aust-Agder valgdistrikt\" \/>\n<meta property=\"og:url\" content=\"https:\/\/hoyre.no\/agder\/aktuelt\/nominasjonskomiteens-innstilling-til-agder-stortingsvalgliste-2021-2025-for-aust-agder-valgdistrikt\/\" \/>\n<meta property=\"og:site_name\" content=\"Agder H\u00f8yre\" \/>\n<meta property=\"article:published_time\" content=\"2020-10-19T15:49:00+00:00\" \/>\n<meta property=\"article:modified_time\" content=\"2020-12-04T17:11:10+00:00\" \/>\n<meta property=\"og:image\" content=\"https:\/\/hoyre.no\/content\/uploads\/sites\/6\/2026\/03\/Haagen-Poppe-Foto-Hans-Kristian-Thorbjornsen-1024x683.jpg\" \/>\n<meta name=\"twitter:card\" content=\"summary_large_image\" \/>\n<meta name=\"twitter:label1\" content=\"Skrevet av\" \/>\n\t<meta name=\"twitter:data1\" content=\"\" \/>\n\t<meta name=\"twitter:label2\" content=\"Ansl. lesetid\" \/>\n\t<meta name=\"twitter:data2\" content=\"2 minutter\" \/>\n<script type=\"application\/ld+json\" class=\"yoast-schema-graph\">{\"@context\":\"https:\/\/schema.org\",\"@graph\":[{\"@type\":\"NewsArticle\",\"@id\":\"https:\/\/hoyre.no\/agder\/aktuelt\/nominasjonskomiteens-innstilling-til-agder-stortingsvalgliste-2021-2025-for-aust-agder-valgdistrikt\/\",\"url\":\"https:\/\/hoyre.no\/agder\/aktuelt\/nominasjonskomiteens-innstilling-til-agder-stortingsvalgliste-2021-2025-for-aust-agder-valgdistrikt\/\",\"name\":\"Nominasjonskomiteens innstilling til Agder stortingsvalgliste 2021 - 2025 for Aust-Agder valgdistrikt - Agder H\u00f8yre\",\"isPartOf\":{\"@id\":\"https:\/\/hoyre.no\/agder\/#website\"},\"datePublished\":\"2020-10-19T15:49:00+00:00\",\"dateModified\":\"2020-12-04T17:11:10+00:00\",\"author\":{\"@id\":\"\"},\"breadcrumb\":{\"@id\":\"https:\/\/hoyre.no\/agder\/aktuelt\/nominasjonskomiteens-innstilling-til-agder-stortingsvalgliste-2021-2025-for-aust-agder-valgdistrikt\/#breadcrumb\"},\"inLanguage\":\"nb-NO\",\"potentialAction\":[{\"@type\":\"ReadAction\",\"target\":[\"https:\/\/hoyre.no\/agder\/aktuelt\/nominasjonskomiteens-innstilling-til-agder-stortingsvalgliste-2021-2025-for-aust-agder-valgdistrikt\/\"]}]},{\"@type\":\"BreadcrumbList\",\"@id\":\"https:\/\/hoyre.no\/agder\/aktuelt\/nominasjonskomiteens-innstilling-til-agder-stortingsvalgliste-2021-2025-for-aust-agder-valgdistrikt\/#breadcrumb\",\"itemListElement\":[{\"@type\":\"ListItem\",\"position\":1,\"name\":\"Til hoyre.no\",\"item\":\"https:\/\/hoyre.no\"},{\"@type\":\"ListItem\",\"position\":2,\"name\":\"Hjem\",\"item\":\"https:\/\/hoyre.no\/agder\/\"},{\"@type\":\"ListItem\",\"position\":3,\"name\":\"Nominasjonskomiteens innstilling til Agder stortingsvalgliste 2021 &#8211; 2025 for Aust-Agder valgdistrikt\"}]},{\"@type\":\"WebSite\",\"@id\":\"https:\/\/hoyre.no\/agder\/#website\",\"url\":\"https:\/\/hoyre.no\/agder\/\",\"name\":\"Agder H\u00f8yre\",\"description\":\"Bare enda et H\u00f8yres nettsteder-nettsted\",\"inLanguage\":\"nb-NO\"},{\"@type\":\"Person\",\"@id\":\"\",\"url\":\"https:\/\/hoyre.no\/agder\/aktuelt\/author\/\"}]}<\/script>\n<!-- \/ Yoast SEO Premium plugin. -->","yoast_head_json":{"title":"Nominasjonskomiteens innstilling til Agder stortingsvalgliste 2021 - 2025 for Aust-Agder valgdistrikt - Agder H\u00f8yre","robots":{"index":"index","follow":"follow","max-snippet":"max-snippet:-1","max-image-preview":"max-image-preview:large","max-video-preview":"max-video-preview:-1"},"canonical":"https:\/\/hoyre.no\/agder\/aktuelt\/nominasjonskomiteens-innstilling-til-agder-stortingsvalgliste-2021-2025-for-aust-agder-valgdistrikt\/","og_locale":"nb_NO","og_type":"article","og_title":"Nominasjonskomiteens innstilling til Agder stortingsvalgliste 2021 - 2025 for Aust-Agder valgdistrikt","og_url":"https:\/\/hoyre.no\/agder\/aktuelt\/nominasjonskomiteens-innstilling-til-agder-stortingsvalgliste-2021-2025-for-aust-agder-valgdistrikt\/","og_site_name":"Agder H\u00f8yre","article_published_time":"2020-10-19T15:49:00+00:00","article_modified_time":"2020-12-04T17:11:10+00:00","og_image":[{"url":"https:\/\/hoyre.no\/content\/uploads\/sites\/6\/2026\/03\/Haagen-Poppe-Foto-Hans-Kristian-Thorbjornsen-1024x683.jpg","width":"","height":"","type":""}],"twitter_card":"summary_large_image","twitter_misc":{"Skrevet av":"","Ansl. lesetid":"2 minutter"},"schema":{"@context":"https:\/\/schema.org","@graph":[{"@type":"NewsArticle","@id":"https:\/\/hoyre.no\/agder\/aktuelt\/nominasjonskomiteens-innstilling-til-agder-stortingsvalgliste-2021-2025-for-aust-agder-valgdistrikt\/","url":"https:\/\/hoyre.no\/agder\/aktuelt\/nominasjonskomiteens-innstilling-til-agder-stortingsvalgliste-2021-2025-for-aust-agder-valgdistrikt\/","name":"Nominasjonskomiteens innstilling til Agder stortingsvalgliste 2021 - 2025 for Aust-Agder valgdistrikt - Agder H\u00f8yre","isPartOf":{"@id":"https:\/\/hoyre.no\/agder\/#website"},"datePublished":"2020-10-19T15:49:00+00:00","dateModified":"2020-12-04T17:11:10+00:00","author":{"@id":""},"breadcrumb":{"@id":"https:\/\/hoyre.no\/agder\/aktuelt\/nominasjonskomiteens-innstilling-til-agder-stortingsvalgliste-2021-2025-for-aust-agder-valgdistrikt\/#breadcrumb"},"inLanguage":"nb-NO","potentialAction":[{"@type":"ReadAction","target":["https:\/\/hoyre.no\/agder\/aktuelt\/nominasjonskomiteens-innstilling-til-agder-stortingsvalgliste-2021-2025-for-aust-agder-valgdistrikt\/"]}]},{"@type":"BreadcrumbList","@id":"https:\/\/hoyre.no\/agder\/aktuelt\/nominasjonskomiteens-innstilling-til-agder-stortingsvalgliste-2021-2025-for-aust-agder-valgdistrikt\/#breadcrumb","itemListElement":[{"@type":"ListItem","position":1,"name":"Til hoyre.no","item":"https:\/\/hoyre.no"},{"@type":"ListItem","position":2,"name":"Hjem","item":"https:\/\/hoyre.no\/agder\/"},{"@type":"ListItem","position":3,"name":"Nominasjonskomiteens innstilling til Agder stortingsvalgliste 2021 &#8211; 2025 for Aust-Agder valgdistrikt"}]},{"@type":"WebSite","@id":"https:\/\/hoyre.no\/agder\/#website","url":"https:\/\/hoyre.no\/agder\/","name":"Agder H\u00f8yre","description":"Bare enda et H\u00f8yres nettsteder-nettsted","inLanguage":"nb-NO"},{"@type":"Person","@id":"","url":"https:\/\/hoyre.no\/agder\/aktuelt\/author\/"}]}},"distributor_meta":false,"distributor_terms":false,"distributor_media":false,"distributor_original_site_name":"Agder H\u00f8yre","distributor_original_site_url":"https:\/\/hoyre.no\/agder","push-errors":false,"_links":{"self":[{"href":"https:\/\/hoyre.no\/agder\/wp-json\/wp\/v2\/posts\/394","targetHints":{"allow":["GET"]}}],"collection":[{"href":"https:\/\/hoyre.no\/agder\/wp-json\/wp\/v2\/posts"}],"about":[{"href":"https:\/\/hoyre.no\/agder\/wp-json\/wp\/v2\/types\/post"}],"author":[{"embeddable":true,"href":"https:\/\/hoyre.no\/agder\/wp-json\/wp\/v2\/users\/349"}],"replies":[{"embeddable":true,"href":"https:\/\/hoyre.no\/agder\/wp-json\/wp\/v2\/comments?post=394"}],"version-history":[{"count":2,"href":"https:\/\/hoyre.no\/agder\/wp-json\/wp\/v2\/posts\/394\/revisions"}],"predecessor-version":[{"id":408,"href":"https:\/\/hoyre.no\/agder\/wp-json\/wp\/v2\/posts\/394\/revisions\/408"}],"wp:attachment":[{"href":"https:\/\/hoyre.no\/agder\/wp-json\/wp\/v2\/media?parent=394"}],"wp:term":[{"taxonomy":"category","embeddable":true,"href":"https:\/\/hoyre.no\/agder\/wp-json\/wp\/v2\/category?post=394"},{"taxonomy":"post_tag","embeddable":true,"href":"https:\/\/hoyre.no\/agder\/wp-json\/wp\/v2\/post_tag?post=394"},{"taxonomy":"hoyre-visibility","embeddable":true,"href":"https:\/\/hoyre.no\/agder\/wp-json\/wp\/v2\/hoyre-visibility?post=394"},{"taxonomy":"article-type","embeddable":true,"href":"https:\/\/hoyre.no\/agder\/wp-json\/wp\/v2\/article-type?post=394"},{"taxonomy":"politician","embeddable":true,"href":"https:\/\/hoyre.no\/agder\/wp-json\/wp\/v2\/politician?post=394"}],"curies":[{"name":"wp","href":"https:\/\/api.w.org\/{rel}","templated":true}]}}