{"id":588,"date":"2021-02-21T13:09:31","date_gmt":"2021-02-21T12:09:31","guid":{"rendered":"https:\/\/hoyre.no\/agder\/?p=588"},"modified":"2021-03-12T12:15:34","modified_gmt":"2021-03-12T11:15:34","slug":"nytt-opptak-i-skoleringsprogrammet-next","status":"publish","type":"post","link":"https:\/\/hoyre.no\/agder\/aktuelt\/nytt-opptak-i-skoleringsprogrammet-next\/","title":{"rendered":"Nytt opptak for talent- og skoleringsprogrammet NEXT"},"content":{"rendered":"\n<p class=\"preamble\">Vi har n\u00e5 den gleden av \u00e5 kunne tilby nytt opptak i NEXT for 2021 \u2013 med nye spennende samlinger, relasjonsbygging og skolering for deltakere fra hele Agder.<\/p>\t\t\t<div class=\"post-meta wp-block teft-byline-wrapper\">\n\t\t\t\t<div class=\"top\">\n\t\t\t\t\t<div class=\"signature\">\n\t\t\t\t\t\t<div class=\"teft-byline\">\n\t\t\t\t\t\t\t\t\t\t\t\t\t\t<div>\n\t\t\t\t\t\t\t\t<h3>H\u00f8yres redaksjon<\/h3>\t\t\t\t\t\t\t\t\n\t\t\t\t\t\t\t\t\t\t\t\t\t\t\t\t\t<span class=\"date\">Sist oppdatert: 12. mars 2021<\/span>\n\t\t\t\t\t\t\t\t\t\t\t\t\t\t\t\t\t\t\t\t\t\t\t\t\t<span class=\"reading-time\" itemprop=\"timeRequired\" content=\"PT3M\"><em>Ca. 3 minutter lesetid<\/em><\/span>\n\t\t\t\t\t\t\t\t\t\t\t\t\t\t\t<\/div>\n\t\t\t\t\t\t<\/div>\n\t\t\t\t\t<\/div>\n\t\t\t\t\t\t<div class=\"sharing\">\n\t\t<a class=\"share-button share-link copy-link\" data-copy=\"https:\/\/hoyre.no\/agder\/aktuelt\/nytt-opptak-i-skoleringsprogrammet-next\/\" target=\"_blank\"><span class=\"screen-reader-text\">Del link<\/span><\/a>\n\t\t<a class=\"share-button share-twitter\" href=\"http:\/\/twitter.com\/share?text=Nytt opptak for talent- og skoleringsprogrammet NEXT&#038;url=https:\/\/hoyre.no\/agder\/aktuelt\/nytt-opptak-i-skoleringsprogrammet-next\/&#038;hashtags=Hoyre\" target=\"_blank\"><span class=\"screen-reader-text\">Del p\u00e5 twitter<\/span><\/a>\n\t\t<a class=\"share-button share-facebook\" href=\"https:\/\/www.facebook.com\/sharer\/sharer.php?u=https:\/\/hoyre.no\/agder\/aktuelt\/nytt-opptak-i-skoleringsprogrammet-next\/\" target=\"_blank\"><span class=\"screen-reader-text\">Del p\u00e5 facebook<\/span><\/a>\n\t<\/div>\n\t\t\t\t\t<\/div>\n\t\t\t<\/div>\n\n\t\t\t<figure class=\"hoyre-image-wrapper\"><div class=\"hoyre-image\"><img loading=\"lazy\" decoding=\"async\" width=\"2560\" height=\"1439\" src=\"https:\/\/hoyre.no\/content\/uploads\/sites\/6\/2020\/11\/img_20200115_140932_16x9-scaled.jpg\" class=\"attachment-scaled size-scaled\" alt=\"Agder H\u00f8yres NEXT\" style=\"object-position: 65% 53%\" srcset=\"https:\/\/hoyre.no\/content\/uploads\/sites\/6\/2020\/11\/img_20200115_140932_16x9-scaled.jpg 2560w, https:\/\/hoyre.no\/content\/uploads\/sites\/6\/2020\/11\/img_20200115_140932_16x9-300x169.jpg 300w, https:\/\/hoyre.no\/content\/uploads\/sites\/6\/2020\/11\/img_20200115_140932_16x9-1024x575.jpg 1024w, https:\/\/hoyre.no\/content\/uploads\/sites\/6\/2020\/11\/img_20200115_140932_16x9-768x432.jpg 768w, https:\/\/hoyre.no\/content\/uploads\/sites\/6\/2020\/11\/img_20200115_140932_16x9-1536x863.jpg 1536w, https:\/\/hoyre.no\/content\/uploads\/sites\/6\/2020\/11\/img_20200115_140932_16x9-2048x1151.jpg 2048w\" sizes=\"auto, (max-width: 2560px) 100vw, 2560px\" \/><\/div><figcaption class=\"caption\">Deltakere i NEXT var i januar 2020 p\u00e5 studietur til Oslo, her avbildet ved Statsministerens kontor  (Foto: Agder H\u00f8yre)<\/figcaption><\/figure>\n\n\n\n\n<p>Det \u00e5 ha en god stall av yngre og talentfulle politikere er viktig for \u00e5 sikre at H\u00f8yre fortsatt forblir det ledende partiet i Agder.<\/p>\n\n\n\n<p>I 2015 vedtok Vest-Agder H\u00f8yre \u00e5 forsterke arbeidet med rekruttering og skolering av lovende politiker fra S\u00f8rlandet. H\u00f8sten 2019 \u00e5pnet vi for opptak nummer 2 for programmet, med stor suksess. De siste 2 \u00e5rene har vi hatt rundt 20 deltakere, med 5-6 samlinger i \u00e5ret.<\/p>\n\n\n\n<p>Vi opplever n\u00e5 stor interesse for programmet og derfor har vi besluttet \u00e5 starte nytt opptak for de som \u00f8nsker b\u00e5de et eksklusivt tilbud om skolering og sosiale aktiviteter med gode venner. Eksisterende deltakere trenger ikke s\u00f8ke p\u00e5 nytt.<\/p>\n\n\n\n<p>B\u00e5de helt nye medlemmer og de som har v\u00e6rt engasjert en stund, kan v\u00e6re aktuelle deltakere. Omfanget av programmet skal v\u00e6re slik at det lar seg kombinere med annet politisk virksomhet, familieliv, full jobb, studier mv.<\/p>\n\n\n\n<h2 class=\"wp-block-heading\">M\u00e5lgruppe<\/h2>\n\n\n\n<p>M\u00e5lgruppen er medlemmer som er ferdige med Unge H\u00f8yre-tiden og som samtidig er s\u00e5 unge at de har mange \u00e5r foran seg i politikken. M\u00e5lgruppen er mellom 20 og 40 \u00e5r, og H\u00f8yres studenter Agder oppfordres s\u00e6rlig til \u00e5 s\u00f8ke. Kandidaten m\u00e5 v\u00e6re medlem av H\u00f8yre og vise engasjement for norsk politikk og samfunnet rundt oss.<\/p>\n\n\n\n<h2 class=\"wp-block-heading\">Aktivitet i 2021<\/h2>\n\n\n\n<p>Covid-19 har selvsagt lagt noen begrensninger p\u00e5 v\u00e5re aktivitere, blant annet den \u00e5rlige studieturen til Oslo, hvor vi normalt bes\u00f8ker blant annet Stortinget og aktuelle akt\u00f8rer innenfor politikk og n\u00e6ringsliv<em>. (Det jobbes med en l\u00f8sning for studietur h\u00f8st\/vinter 2021)<\/em><\/p>\n\n\n\n<p>Gjennom 2020 har vi tilbudt digitale webinarer med spennende tema og interessante innledere. Dette tilbudet ble godt tatt i mot og vi tilbyr derfor flere slike digitale samlinger frem til vi kan m\u00f8tes fysisk.<\/p>\n\n\n\n<ul class=\"wp-block-list\"><li>Onsdag 7. april: Digitalt m\u00f8te med filosof og samfunnsdebattant Lars Kolbeinstveit fra Civita med tema: Ytringsfrihet i 2021<\/li><li>Torsdag 20. mai: Samling om skrivekunst med Janne H\u00e5land Matlary<\/li><li>Juni: Samling med Agder H\u00f8yres toppkandidater fra begge valgdistrikter<\/li><li>Torsdag 7. oktober: Samling med politisk skolering<\/li><li>Torsdag 25. november: Samling med politisk skolering<\/li><\/ul>\n\n\n\n<p>I tillegg kan det komme samlinger med politiske skolering og invitasjon til ulike regionale og nasjonale konferanser.<\/p>\n\n\n\n<h4 class=\"wp-block-heading\">S\u00f8k ogs\u00e5 skolering gjennom Civita<\/h4>\n\n\n\n<p>Det vil ogs\u00e5 v\u00e6re anledning for \u00e5 f\u00e5 dekket deltakeravgift ved innvilget s\u00f8knad til Civitaskolen eller Oscarsborg-seminaret (Se mer p\u00e5 <a href=\"http:\/\/www.civita.no\">www.civita.no<\/a>)<\/p>\n\n\n\n<h2 class=\"wp-block-heading\">Send s\u00f8knad til Agder H\u00f8yre<\/h2>\n\n\n\n<p><strong>Send en skriftlig s\u00f8knad til <a href=\"mailto:tmm@hoyre.no\">tmm@hoyre.no<\/a> innen 31. mars 2021 kl. 12:00. <\/strong><br><br>S\u00f8knaden m\u00e5 inneholde navn, f\u00f8dselsdato,kontaktinformasjon og litt kort informasjon om s\u00f8ker. Gjerne med aktuelle studier, tillitsverv eller arbeidserfaring.<\/p>\n\n\n<div class=\"tags\">\n\t<\/div>\n<div class=\"post-footer alignfull has-background block-editor-block-list__block\" data-align=full>\n\t<div class=\"post-footer-inner\">\n\t\t<h3>Relaterte artikler<\/h3>\n\t\t<div class=\"related-content\"><div class=\"is-card-hoyre\">\n\t<div class=\"teft-card hoyre-teft-card post-teft-card\">\n\t\t<a href=\"https:\/\/hoyre.no\/agder\/aktuelt\/agder-hoyre-onsker-dine-innspill-fylkestings-programmet\/\" class=\"teft-card__primary-action\">\n\n\t\t\t\t\t<div class=\"teft-card__media teft-card__media--16-9\">\n\t\t\t\t\t\t<img loading=\"lazy\" decoding=\"async\" width=\"768\" height=\"819\" src=\"https:\/\/hoyre.no\/content\/uploads\/sites\/6\/2025\/06\/DSC04923-edited-768x819.jpg\" class=\"attachment-medium_large size-medium_large\" alt=\"\" srcset=\"https:\/\/hoyre.no\/content\/uploads\/sites\/6\/2025\/06\/DSC04923-edited-768x819.jpg 768w, https:\/\/hoyre.no\/content\/uploads\/sites\/6\/2025\/06\/DSC04923-edited-281x300.jpg 281w, https:\/\/hoyre.no\/content\/uploads\/sites\/6\/2025\/06\/DSC04923-edited-960x1024.jpg 960w, https:\/\/hoyre.no\/content\/uploads\/sites\/6\/2025\/06\/DSC04923-edited-1440x1536.jpg 1440w, https:\/\/hoyre.no\/content\/uploads\/sites\/6\/2025\/06\/DSC04923-edited-1920x2048.jpg 1920w\" sizes=\"auto, (max-width: 768px) 100vw, 768px\" \/>\t\t<\/div>\n\t\t\n\t\t\t<div class=\"teft-card__content-wrapper\">\n\t\t\t\t<div class=\"teft-card__secondary\">\n\t\t\t\t\t\n\t\t\t\t\t\t\t\t<div class=\"teft-card__meta\">\n\t\t\t\t\t\t\t\t\t<span class=\"post-date\">21. apr 2026<\/span>\n\n\t\t\t\t\t\t\t\t\t<span class=\"post-category\">Nyheter<\/span>\t\t\t\t\t\t\t\t<\/div>\n\t\t\t\t\t\t\t\t\t\t\t<\/div>\n\n\t\t\t\t<div class=\"teft-card__primary\">\n\t\t\t\t\t<h2 class=\"teft-card__title\">Agder H\u00f8yres programprosess for Fylkestingsvalget 2027&nbsp;<span class=\"teft-card__primary-title-append\"><\/span><\/h2>\t\t\t\t<\/div>\n\t\t\t<\/div>\n\t\t<\/a>\n\t<\/div>\n\n\t<\/div><div class=\"is-card-hoyre\">\n\t<div class=\"teft-card hoyre-teft-card post-teft-card\">\n\t\t<a href=\"https:\/\/hoyre.no\/agder\/aktuelt\/agder-hoyres-nye-regionradgiver\/\" class=\"teft-card__primary-action\">\n\n\t\t\t\t\t<div class=\"teft-card__media teft-card__media--16-9\">\n\t\t\t\t\t\t<img loading=\"lazy\" decoding=\"async\" width=\"768\" height=\"768\" src=\"https:\/\/hoyre.no\/content\/uploads\/sites\/6\/2026\/03\/Aleksander-L-768x768.png\" class=\"attachment-medium_large size-medium_large\" alt=\"\" srcset=\"https:\/\/hoyre.no\/content\/uploads\/sites\/6\/2026\/03\/Aleksander-L-768x768.png 768w, https:\/\/hoyre.no\/content\/uploads\/sites\/6\/2026\/03\/Aleksander-L-e1775591785378-300x300.png 300w, https:\/\/hoyre.no\/content\/uploads\/sites\/6\/2026\/03\/Aleksander-L-e1775591785378-150x150.png 150w, https:\/\/hoyre.no\/content\/uploads\/sites\/6\/2026\/03\/Aleksander-L-e1775591785378.png 722w\" sizes=\"auto, (max-width: 768px) 100vw, 768px\" \/>\t\t<\/div>\n\t\t\n\t\t\t<div class=\"teft-card__content-wrapper\">\n\t\t\t\t<div class=\"teft-card__secondary\">\n\t\t\t\t\t\n\t\t\t\t\t\t\t\t<div class=\"teft-card__meta\">\n\t\t\t\t\t\t\t\t\t<span class=\"post-date\">23. mar 2026<\/span>\n\n\t\t\t\t\t\t\t\t\t\t\t\t\t\t\t\t\t<\/div>\n\t\t\t\t\t\t\t\t\t\t\t<\/div>\n\n\t\t\t\t<div class=\"teft-card__primary\">\n\t\t\t\t\t<h2 class=\"teft-card__title\">Agder H\u00f8yres nye regionr\u00e5dgiver&nbsp;<span class=\"teft-card__primary-title-append\"><\/span><\/h2>\t\t\t\t<\/div>\n\t\t\t<\/div>\n\t\t<\/a>\n\t<\/div>\n\n\t<\/div><div class=\"is-card-hoyre\">\n\t<div class=\"teft-card hoyre-teft-card post-teft-card\">\n\t\t<a href=\"https:\/\/hoyre.no\/agder\/aktuelt\/agder-hoyres-nominasjonsprosess-for-fylkestingsvalget-2027\/\" class=\"teft-card__primary-action\">\n\n\t\t\t\t\t<div class=\"teft-card__media teft-card__media--16-9\">\n\t\t\t\t\t\t<img loading=\"lazy\" decoding=\"async\" width=\"768\" height=\"512\" src=\"https:\/\/hoyre.no\/content\/uploads\/sites\/6\/2026\/03\/Haagen-Poppe-Foto-Hans-Kristian-Thorbjornsen-768x512.jpg\" class=\"attachment-medium_large size-medium_large\" alt=\"\" srcset=\"https:\/\/hoyre.no\/content\/uploads\/sites\/6\/2026\/03\/Haagen-Poppe-Foto-Hans-Kristian-Thorbjornsen-768x512.jpg 768w, https:\/\/hoyre.no\/content\/uploads\/sites\/6\/2026\/03\/Haagen-Poppe-Foto-Hans-Kristian-Thorbjornsen-300x200.jpg 300w, https:\/\/hoyre.no\/content\/uploads\/sites\/6\/2026\/03\/Haagen-Poppe-Foto-Hans-Kristian-Thorbjornsen-1024x683.jpg 1024w, https:\/\/hoyre.no\/content\/uploads\/sites\/6\/2026\/03\/Haagen-Poppe-Foto-Hans-Kristian-Thorbjornsen-1536x1025.jpg 1536w, https:\/\/hoyre.no\/content\/uploads\/sites\/6\/2026\/03\/Haagen-Poppe-Foto-Hans-Kristian-Thorbjornsen-2048x1366.jpg 2048w\" sizes=\"auto, (max-width: 768px) 100vw, 768px\" \/>\t\t<\/div>\n\t\t\n\t\t\t<div class=\"teft-card__content-wrapper\">\n\t\t\t\t<div class=\"teft-card__secondary\">\n\t\t\t\t\t\n\t\t\t\t\t\t\t\t<div class=\"teft-card__meta\">\n\t\t\t\t\t\t\t\t\t<span class=\"post-date\">5. mar 2026<\/span>\n\n\t\t\t\t\t\t\t\t\t\t\t\t\t\t\t\t\t<\/div>\n\t\t\t\t\t\t\t\t\t\t\t<\/div>\n\n\t\t\t\t<div class=\"teft-card__primary\">\n\t\t\t\t\t<h2 class=\"teft-card__title\">Agder H\u00f8yres nominasjonsprosess for  Fylkestingsvalget 2027&nbsp;<span class=\"teft-card__primary-title-append\"><\/span><\/h2>\t\t\t\t<\/div>\n\t\t\t<\/div>\n\t\t<\/a>\n\t<\/div>\n\n\t<\/div><\/div>\t<\/div>\n<\/div>\n","protected":false},"excerpt":{"rendered":"","protected":false},"author":349,"featured_media":0,"comment_status":"closed","ping_status":"closed","sticky":false,"template":"","format":"standard","meta":{"teft_cards_image_url":"","teft_cards_custom_pretitle":"","teft_cards_image_id":589,"teft_cards_image_focal_point_x":0.5,"teft_cards_image_focal_point_y":0.5,"teft_cards_title":"","teft_cards_excerpt":"","teft_show_chapters":false,"author_display_name":"","footnotes":""},"category":[1],"post_tag":[],"hoyre-visibility":[],"article-type":[],"politician":[],"class_list":["post-588","post","type-post","status-publish","format-standard","hentry","category-ukategorisert"],"yoast_head":"<!-- This site is optimized with the Yoast SEO Premium plugin v26.5 (Yoast SEO v26.6) - https:\/\/yoast.com\/wordpress\/plugins\/seo\/ -->\n<title>Nytt opptak for talent- og skoleringsprogrammet NEXT - Agder H\u00f8yre<\/title>\n<meta name=\"robots\" content=\"index, follow, max-snippet:-1, max-image-preview:large, max-video-preview:-1\" \/>\n<link rel=\"canonical\" href=\"https:\/\/hoyre.no\/agder\/aktuelt\/nytt-opptak-i-skoleringsprogrammet-next\/\" \/>\n<meta property=\"og:locale\" content=\"nb_NO\" \/>\n<meta property=\"og:type\" content=\"article\" \/>\n<meta property=\"og:title\" content=\"Nytt opptak for talent- og skoleringsprogrammet NEXT\" \/>\n<meta property=\"og:url\" content=\"https:\/\/hoyre.no\/agder\/aktuelt\/nytt-opptak-i-skoleringsprogrammet-next\/\" \/>\n<meta property=\"og:site_name\" content=\"Agder H\u00f8yre\" \/>\n<meta property=\"article:published_time\" content=\"2021-02-21T12:09:31+00:00\" \/>\n<meta property=\"article:modified_time\" content=\"2021-03-12T11:15:34+00:00\" \/>\n<meta property=\"og:image\" content=\"https:\/\/hoyre.no\/content\/uploads\/sites\/6\/2026\/03\/Haagen-Poppe-Foto-Hans-Kristian-Thorbjornsen-1024x683.jpg\" \/>\n<meta name=\"twitter:card\" content=\"summary_large_image\" \/>\n<meta name=\"twitter:label1\" content=\"Skrevet av\" \/>\n\t<meta name=\"twitter:data1\" content=\"\" \/>\n\t<meta name=\"twitter:label2\" content=\"Ansl. lesetid\" \/>\n\t<meta name=\"twitter:data2\" content=\"2 minutter\" \/>\n<script type=\"application\/ld+json\" class=\"yoast-schema-graph\">{\"@context\":\"https:\/\/schema.org\",\"@graph\":[{\"@type\":\"NewsArticle\",\"@id\":\"https:\/\/hoyre.no\/agder\/aktuelt\/nytt-opptak-i-skoleringsprogrammet-next\/\",\"url\":\"https:\/\/hoyre.no\/agder\/aktuelt\/nytt-opptak-i-skoleringsprogrammet-next\/\",\"name\":\"Nytt opptak for talent- og skoleringsprogrammet NEXT - Agder H\u00f8yre\",\"isPartOf\":{\"@id\":\"https:\/\/hoyre.no\/agder\/#website\"},\"datePublished\":\"2021-02-21T12:09:31+00:00\",\"dateModified\":\"2021-03-12T11:15:34+00:00\",\"author\":{\"@id\":\"\"},\"breadcrumb\":{\"@id\":\"https:\/\/hoyre.no\/agder\/aktuelt\/nytt-opptak-i-skoleringsprogrammet-next\/#breadcrumb\"},\"inLanguage\":\"nb-NO\",\"potentialAction\":[{\"@type\":\"ReadAction\",\"target\":[\"https:\/\/hoyre.no\/agder\/aktuelt\/nytt-opptak-i-skoleringsprogrammet-next\/\"]}]},{\"@type\":\"BreadcrumbList\",\"@id\":\"https:\/\/hoyre.no\/agder\/aktuelt\/nytt-opptak-i-skoleringsprogrammet-next\/#breadcrumb\",\"itemListElement\":[{\"@type\":\"ListItem\",\"position\":1,\"name\":\"Til hoyre.no\",\"item\":\"https:\/\/hoyre.no\"},{\"@type\":\"ListItem\",\"position\":2,\"name\":\"Hjem\",\"item\":\"https:\/\/hoyre.no\/agder\/\"},{\"@type\":\"ListItem\",\"position\":3,\"name\":\"Nytt opptak for talent- og skoleringsprogrammet NEXT\"}]},{\"@type\":\"WebSite\",\"@id\":\"https:\/\/hoyre.no\/agder\/#website\",\"url\":\"https:\/\/hoyre.no\/agder\/\",\"name\":\"Agder H\u00f8yre\",\"description\":\"Bare enda et H\u00f8yres nettsteder-nettsted\",\"inLanguage\":\"nb-NO\"},{\"@type\":\"Person\",\"@id\":\"\",\"url\":\"https:\/\/hoyre.no\/agder\/aktuelt\/author\/\"}]}<\/script>\n<!-- \/ Yoast SEO Premium plugin. -->","yoast_head_json":{"title":"Nytt opptak for talent- og skoleringsprogrammet NEXT - Agder H\u00f8yre","robots":{"index":"index","follow":"follow","max-snippet":"max-snippet:-1","max-image-preview":"max-image-preview:large","max-video-preview":"max-video-preview:-1"},"canonical":"https:\/\/hoyre.no\/agder\/aktuelt\/nytt-opptak-i-skoleringsprogrammet-next\/","og_locale":"nb_NO","og_type":"article","og_title":"Nytt opptak for talent- og skoleringsprogrammet NEXT","og_url":"https:\/\/hoyre.no\/agder\/aktuelt\/nytt-opptak-i-skoleringsprogrammet-next\/","og_site_name":"Agder H\u00f8yre","article_published_time":"2021-02-21T12:09:31+00:00","article_modified_time":"2021-03-12T11:15:34+00:00","og_image":[{"url":"https:\/\/hoyre.no\/content\/uploads\/sites\/6\/2026\/03\/Haagen-Poppe-Foto-Hans-Kristian-Thorbjornsen-1024x683.jpg","width":"","height":"","type":""}],"twitter_card":"summary_large_image","twitter_misc":{"Skrevet av":"","Ansl. lesetid":"2 minutter"},"schema":{"@context":"https:\/\/schema.org","@graph":[{"@type":"NewsArticle","@id":"https:\/\/hoyre.no\/agder\/aktuelt\/nytt-opptak-i-skoleringsprogrammet-next\/","url":"https:\/\/hoyre.no\/agder\/aktuelt\/nytt-opptak-i-skoleringsprogrammet-next\/","name":"Nytt opptak for talent- og skoleringsprogrammet NEXT - Agder H\u00f8yre","isPartOf":{"@id":"https:\/\/hoyre.no\/agder\/#website"},"datePublished":"2021-02-21T12:09:31+00:00","dateModified":"2021-03-12T11:15:34+00:00","author":{"@id":""},"breadcrumb":{"@id":"https:\/\/hoyre.no\/agder\/aktuelt\/nytt-opptak-i-skoleringsprogrammet-next\/#breadcrumb"},"inLanguage":"nb-NO","potentialAction":[{"@type":"ReadAction","target":["https:\/\/hoyre.no\/agder\/aktuelt\/nytt-opptak-i-skoleringsprogrammet-next\/"]}]},{"@type":"BreadcrumbList","@id":"https:\/\/hoyre.no\/agder\/aktuelt\/nytt-opptak-i-skoleringsprogrammet-next\/#breadcrumb","itemListElement":[{"@type":"ListItem","position":1,"name":"Til hoyre.no","item":"https:\/\/hoyre.no"},{"@type":"ListItem","position":2,"name":"Hjem","item":"https:\/\/hoyre.no\/agder\/"},{"@type":"ListItem","position":3,"name":"Nytt opptak for talent- og skoleringsprogrammet NEXT"}]},{"@type":"WebSite","@id":"https:\/\/hoyre.no\/agder\/#website","url":"https:\/\/hoyre.no\/agder\/","name":"Agder H\u00f8yre","description":"Bare enda et H\u00f8yres nettsteder-nettsted","inLanguage":"nb-NO"},{"@type":"Person","@id":"","url":"https:\/\/hoyre.no\/agder\/aktuelt\/author\/"}]}},"distributor_meta":false,"distributor_terms":false,"distributor_media":false,"distributor_original_site_name":"Agder H\u00f8yre","distributor_original_site_url":"https:\/\/hoyre.no\/agder","push-errors":false,"_links":{"self":[{"href":"https:\/\/hoyre.no\/agder\/wp-json\/wp\/v2\/posts\/588","targetHints":{"allow":["GET"]}}],"collection":[{"href":"https:\/\/hoyre.no\/agder\/wp-json\/wp\/v2\/posts"}],"about":[{"href":"https:\/\/hoyre.no\/agder\/wp-json\/wp\/v2\/types\/post"}],"author":[{"embeddable":true,"href":"https:\/\/hoyre.no\/agder\/wp-json\/wp\/v2\/users\/349"}],"replies":[{"embeddable":true,"href":"https:\/\/hoyre.no\/agder\/wp-json\/wp\/v2\/comments?post=588"}],"version-history":[{"count":6,"href":"https:\/\/hoyre.no\/agder\/wp-json\/wp\/v2\/posts\/588\/revisions"}],"predecessor-version":[{"id":607,"href":"https:\/\/hoyre.no\/agder\/wp-json\/wp\/v2\/posts\/588\/revisions\/607"}],"wp:attachment":[{"href":"https:\/\/hoyre.no\/agder\/wp-json\/wp\/v2\/media?parent=588"}],"wp:term":[{"taxonomy":"category","embeddable":true,"href":"https:\/\/hoyre.no\/agder\/wp-json\/wp\/v2\/category?post=588"},{"taxonomy":"post_tag","embeddable":true,"href":"https:\/\/hoyre.no\/agder\/wp-json\/wp\/v2\/post_tag?post=588"},{"taxonomy":"hoyre-visibility","embeddable":true,"href":"https:\/\/hoyre.no\/agder\/wp-json\/wp\/v2\/hoyre-visibility?post=588"},{"taxonomy":"article-type","embeddable":true,"href":"https:\/\/hoyre.no\/agder\/wp-json\/wp\/v2\/article-type?post=588"},{"taxonomy":"politician","embeddable":true,"href":"https:\/\/hoyre.no\/agder\/wp-json\/wp\/v2\/politician?post=588"}],"curies":[{"name":"wp","href":"https:\/\/api.w.org\/{rel}","templated":true}]}}