{"id":608,"date":"2021-03-12T17:53:25","date_gmt":"2021-03-12T16:53:25","guid":{"rendered":"https:\/\/hoyre.no\/agder\/?p=608"},"modified":"2021-03-12T18:19:55","modified_gmt":"2021-03-12T17:19:55","slug":"regjeringen-stror-samferdselsmillioner-over-sorlandet","status":"publish","type":"post","link":"https:\/\/hoyre.no\/agder\/aktuelt\/regjeringen-stror-samferdselsmillioner-over-sorlandet\/","title":{"rendered":"Regjeringen str\u00f8r samferdselsmillioner over S\u00f8rlandet"},"content":{"rendered":"\n<p class=\"preamble\">I Nasjonal transportplan for 2022\u20132033 er det et \u00f8nske fra regjeringen om \u00e5 fortsette satsingen p\u00e5 klima- og milj\u00f8vennlig byutvikling samtidig som man sikrer god fremkommelighet for alle kj\u00f8ret\u00f8y.<\/p>\t\t\t<div class=\"post-meta wp-block teft-byline-wrapper\">\n\t\t\t\t<div class=\"top\">\n\t\t\t\t\t<div class=\"signature\">\n\t\t\t\t\t\t<div class=\"teft-byline\">\n\t\t\t\t\t\t\t\t\t\t\t\t\t\t<div>\n\t\t\t\t\t\t\t\t<h3>H\u00f8yres redaksjon<\/h3>\t\t\t\t\t\t\t\t\n\t\t\t\t\t\t\t\t\t\t\t\t\t\t\t\t\t<span class=\"date\">Sist oppdatert: 12. mars 2021<\/span>\n\t\t\t\t\t\t\t\t\t\t\t\t\t\t\t\t\t\t\t\t\t\t\t\t\t<span class=\"reading-time\" itemprop=\"timeRequired\" content=\"PT4M\"><em>Ca. 4 minutter lesetid<\/em><\/span>\n\t\t\t\t\t\t\t\t\t\t\t\t\t\t\t<\/div>\n\t\t\t\t\t\t<\/div>\n\t\t\t\t\t<\/div>\n\t\t\t\t\t\t<div class=\"sharing\">\n\t\t<a class=\"share-button share-link copy-link\" data-copy=\"https:\/\/hoyre.no\/agder\/aktuelt\/regjeringen-stror-samferdselsmillioner-over-sorlandet\/\" target=\"_blank\"><span class=\"screen-reader-text\">Del link<\/span><\/a>\n\t\t<a class=\"share-button share-twitter\" href=\"http:\/\/twitter.com\/share?text=Regjeringen str\u00f8r samferdselsmillioner over S\u00f8rlandet&#038;url=https:\/\/hoyre.no\/agder\/aktuelt\/regjeringen-stror-samferdselsmillioner-over-sorlandet\/&#038;hashtags=Hoyre\" target=\"_blank\"><span class=\"screen-reader-text\">Del p\u00e5 twitter<\/span><\/a>\n\t\t<a class=\"share-button share-facebook\" href=\"https:\/\/www.facebook.com\/sharer\/sharer.php?u=https:\/\/hoyre.no\/agder\/aktuelt\/regjeringen-stror-samferdselsmillioner-over-sorlandet\/\" target=\"_blank\"><span class=\"screen-reader-text\">Del p\u00e5 facebook<\/span><\/a>\n\t<\/div>\n\t\t\t\t\t<\/div>\n\t\t\t<\/div>\n\n\t\t\t<figure class=\"hoyre-image-wrapper\"><div class=\"hoyre-image\"><img loading=\"lazy\" decoding=\"async\" width=\"2500\" height=\"1667\" src=\"https:\/\/hoyre.no\/content\/uploads\/sites\/6\/2021\/03\/IMG_7000-scaled.jpg\" class=\"attachment-scaled size-scaled\" alt=\"\" style=\"object-position: 39% 65%\" srcset=\"https:\/\/hoyre.no\/content\/uploads\/sites\/6\/2021\/03\/IMG_7000-scaled.jpg 2500w, https:\/\/hoyre.no\/content\/uploads\/sites\/6\/2021\/03\/IMG_7000-300x200.jpg 300w, https:\/\/hoyre.no\/content\/uploads\/sites\/6\/2021\/03\/IMG_7000-1024x683.jpg 1024w, https:\/\/hoyre.no\/content\/uploads\/sites\/6\/2021\/03\/IMG_7000-768x512.jpg 768w, https:\/\/hoyre.no\/content\/uploads\/sites\/6\/2021\/03\/IMG_7000-1536x1024.jpg 1536w, https:\/\/hoyre.no\/content\/uploads\/sites\/6\/2021\/03\/IMG_7000-2048x1365.jpg 2048w\" sizes=\"auto, (max-width: 2500px) 100vw, 2500px\" \/><\/div><figcaption class=\"caption\">I flere byer p\u00e5 Agder er d\u00e5rlig framkommelighet p\u00e5 vei og i kollektivtrafikken en hovedutfordring. Dette rammer b\u00e5de privatpersoner og n\u00e6ringslivet. En annen utfordring i byene er luftforurensing og st\u00f8y for\u00e5rsaket av biltrafikk. Det etableres n\u00e5 en ny tilskuddsordning for mindre byer som Arendal og Grimstad, og gjennom byvekstavtale med staten, f\u00e5r Kristiansand midler til bedre vei og mindre utslipp. Her fra E39 ved Grauthelleren i Kristiansand.  Foto: Tor Marius Markussen <\/figcaption><\/figure>\n\n\n\n\n<h2 class=\"wp-block-heading\"><strong>Det skal bli lettere \u00e5 velge gr\u00f8nt<\/strong><\/h2>\n\n\n\n<p><strong>Egen tilskuddsordning for infrastruktur i Arendal og Grimstad<\/strong><\/p>\n\n\n\n<p>Med H\u00f8yre i regjering etableres n\u00e5 et nytt tilskudd for \u00e5 styrke satsingen p\u00e5 kollektivtransport, sykling og gange i Arendal og Grimstad.<\/p>\n\n\n\n<p>Det gj\u00f8r vi for \u00e5 legge til rette for en klima- og milj\u00f8vennlig byutvikling og god framkommelighet &#8211; ogs\u00e5 i mindre byomr\u00e5der som ikke er aktuelle for byvekstavtaler. Regjeringen \u00f8nsker at ogs\u00e5 mindre byer skal kunne bidra til \u00e5 n\u00e5 nullvekstm\u00e5let og klimam\u00e5lene.<\/p>\n\n\n\n<blockquote class=\"wp-block-quote is-layout-flow wp-block-quote-is-layout-flow\"><p>\u00ab<em>Dette er sv\u00e6rt viktige bidrag som legger til rette for at hver enkelt av oss kan gj\u00f8re gode valg n\u00e5r vi forflytter oss i hverdagen. Gjennom ordningen finansieres de mindre tiltakene som ofte utsettes eller glemmes, men som er s\u00e5 viktige brikker i en helhet. Klima- og milj\u00f8vennlig byutvikling gjelder din og min hverdag, n\u00e5 er det bare \u00e5 hive seg rundt og ta del i muligheten<\/em>\u00bb<\/p><cite>H\u00f8yres 1.kandidat i Aust-Agder valgdistrikt Svein Harberg<\/cite><\/blockquote>\n\n\n\n<p>Det settes av totalt 600 mill. kr over fire \u00e5r tidlig i den nye NTP-perioden til fem byer, blant annet Arendal og Grimstad.<\/p>\n\n\n\n<p>Midlene skal g\u00e5 til mindre investeringer i gang- og sykkelveier og kollektivtiltak &#8211; som kollektivfelt, holdeplasser og knutepunkter langs riks-, fylkes- og kommunal vei. Midlene vil ikke kunne brukes til drift av kollektivtransport. Dette vil styrke byenes satsning p\u00e5 myke trafikanter, g\u00e5ende og syklende, samt gi bedre forutsetninger for \u00e5 \u00f8ke kollektivbruken.<\/p>\n\n\n\n<p><strong>Byvekstavtale i Kristiansand<\/strong><\/p>\n\n\n\n<p>I Kristiansand er d\u00e5rlig framkommelighet p\u00e5 vei og i kollektivtrafikken en hovedutfordring. Dette rammer b\u00e5de privatpersoner og n\u00e6ringslivet. En annen utfordring i byene er luftforurensing og st\u00f8y for\u00e5rsaket av biltrafikk.<\/p>\n\n\n\n<p>Nullvekst for persontransport med bil er et veletablert m\u00e5l i de st\u00f8rste byomr\u00e5dene i landet. Byvekstavtalene har gitt et l\u00f8ft for areal- og transportpolitikken, og har gjort det mer tydelig hvordan vi kan arbeide for \u00e5 n\u00e5 m\u00e5lene.<\/p>\n\n\n\n<blockquote class=\"wp-block-quote is-layout-flow wp-block-quote-is-layout-flow\"><p>\u00abDet er helt str\u00e5lende at staten bidrar s\u00e5 mye til \u00e5 bygge infrastruktur som gir bedre veier og mindre utslipp b\u00e5de i Arendal, Grimstad og Kristiansand. Slike prosjekter vil gagne b\u00e5de innbyggere, n\u00e6ringslivet og turister i hele regionen.\u00bb<\/p><cite>H\u00f8yres 1.kandidat i Vest-Agder valgdistrikt Ingunn Foss<\/cite><\/blockquote>\n\n\n\n<p>Regjeringen fortsetter derfor satsingen p\u00e5 byvekstavtale i Kristiansand. Det gj\u00f8r vi for \u00e5 redusere utslipp av klimagass, f\u00e5 mindre k\u00f8, mindre luftforurensning og st\u00f8y. Hovedform\u00e5let i avtalene er at veksten i persontransporten skal tas med kollektivtransport, sykling og gange. Effektiv arealbruk er ett av virkemidlene.<\/p>\n\n\n\n<p>Det er totalt satt av om lag 79,5 milliarder kroner til byvekstavtaler i planperioden. Dette viser en ambisi\u00f8s satsning p\u00e5 kollektiv, gange- og sykkel, samt m\u00e5lrettet arbeid for \u00e5 redusere luftforurensning, k\u00f8, st\u00f8y og klimagassutslipp. <\/p>\n\n\n\n<h2 class=\"wp-block-heading\"><strong>Raskere frem, og tryggere hjem med ny E39<\/strong><\/h2>\n\n\n\n<p>S\u00f8rlandets mest trafikkerte trafikknutepunkt, Gartnerl\u00f8kka, blir en del av Nasjonal transportplan (NTP). Dette har v\u00e6rt en viktig sak for H\u00f8yre p\u00e5 S\u00f8rlandet i en \u00e5rrekke.<\/p>\n\n\n\n<p>Statens vegvesen har et gryteklart prosjekt som det bare er g\u00e5 \u00e5 gang med og det \u00e5 f\u00e5 prosjektet inn i NTP er n\u00f8kkelen for \u00e5 f\u00e5 prosjektet i gang.<\/p>\n\n\n\n<p><span style=\"text-decoration: underline\">Regjeringens plan for \u00e5 sikre utbygging:<\/span><\/p>\n\n\n\n<ul class=\"wp-block-list\"><li>Gartnerl\u00f8kka blir et prioritert prosjekt i Nasjonal transportplan. 1,3 milliarder som skal bevilges over statsbudsjettet.<\/li><li>Ny bompengeordning i Kristiansand skal finansiere resten av utbyggingen.<\/li><\/ul>\n\n\n<div class=\"tags\">\n\t<\/div>\n<div class=\"post-footer alignfull has-background block-editor-block-list__block\" data-align=full>\n\t<div class=\"post-footer-inner\">\n\t\t<h3>Relaterte artikler<\/h3>\n\t\t<div class=\"related-content\"><div class=\"is-card-hoyre\">\n\t<div class=\"teft-card hoyre-teft-card post-teft-card\">\n\t\t<a href=\"https:\/\/hoyre.no\/agder\/aktuelt\/agder-hoyre-onsker-dine-innspill-fylkestings-programmet\/\" class=\"teft-card__primary-action\">\n\n\t\t\t\t\t<div class=\"teft-card__media teft-card__media--16-9\">\n\t\t\t\t\t\t<img loading=\"lazy\" decoding=\"async\" width=\"768\" height=\"819\" src=\"https:\/\/hoyre.no\/content\/uploads\/sites\/6\/2025\/06\/DSC04923-edited-768x819.jpg\" class=\"attachment-medium_large size-medium_large\" alt=\"\" srcset=\"https:\/\/hoyre.no\/content\/uploads\/sites\/6\/2025\/06\/DSC04923-edited-768x819.jpg 768w, https:\/\/hoyre.no\/content\/uploads\/sites\/6\/2025\/06\/DSC04923-edited-281x300.jpg 281w, https:\/\/hoyre.no\/content\/uploads\/sites\/6\/2025\/06\/DSC04923-edited-960x1024.jpg 960w, https:\/\/hoyre.no\/content\/uploads\/sites\/6\/2025\/06\/DSC04923-edited-1440x1536.jpg 1440w, https:\/\/hoyre.no\/content\/uploads\/sites\/6\/2025\/06\/DSC04923-edited-1920x2048.jpg 1920w\" sizes=\"auto, (max-width: 768px) 100vw, 768px\" \/>\t\t<\/div>\n\t\t\n\t\t\t<div class=\"teft-card__content-wrapper\">\n\t\t\t\t<div class=\"teft-card__secondary\">\n\t\t\t\t\t\n\t\t\t\t\t\t\t\t<div class=\"teft-card__meta\">\n\t\t\t\t\t\t\t\t\t<span class=\"post-date\">21. apr 2026<\/span>\n\n\t\t\t\t\t\t\t\t\t<span class=\"post-category\">Nyheter<\/span>\t\t\t\t\t\t\t\t<\/div>\n\t\t\t\t\t\t\t\t\t\t\t<\/div>\n\n\t\t\t\t<div class=\"teft-card__primary\">\n\t\t\t\t\t<h2 class=\"teft-card__title\">Agder H\u00f8yres programprosess for Fylkestingsvalget 2027&nbsp;<span class=\"teft-card__primary-title-append\"><\/span><\/h2>\t\t\t\t<\/div>\n\t\t\t<\/div>\n\t\t<\/a>\n\t<\/div>\n\n\t<\/div><div class=\"is-card-hoyre\">\n\t<div class=\"teft-card hoyre-teft-card post-teft-card\">\n\t\t<a href=\"https:\/\/hoyre.no\/agder\/aktuelt\/agder-hoyres-nye-regionradgiver\/\" class=\"teft-card__primary-action\">\n\n\t\t\t\t\t<div class=\"teft-card__media teft-card__media--16-9\">\n\t\t\t\t\t\t<img loading=\"lazy\" decoding=\"async\" width=\"768\" height=\"768\" src=\"https:\/\/hoyre.no\/content\/uploads\/sites\/6\/2026\/03\/Aleksander-L-768x768.png\" class=\"attachment-medium_large size-medium_large\" alt=\"\" srcset=\"https:\/\/hoyre.no\/content\/uploads\/sites\/6\/2026\/03\/Aleksander-L-768x768.png 768w, https:\/\/hoyre.no\/content\/uploads\/sites\/6\/2026\/03\/Aleksander-L-e1775591785378-300x300.png 300w, https:\/\/hoyre.no\/content\/uploads\/sites\/6\/2026\/03\/Aleksander-L-e1775591785378-150x150.png 150w, https:\/\/hoyre.no\/content\/uploads\/sites\/6\/2026\/03\/Aleksander-L-e1775591785378.png 722w\" sizes=\"auto, (max-width: 768px) 100vw, 768px\" \/>\t\t<\/div>\n\t\t\n\t\t\t<div class=\"teft-card__content-wrapper\">\n\t\t\t\t<div class=\"teft-card__secondary\">\n\t\t\t\t\t\n\t\t\t\t\t\t\t\t<div class=\"teft-card__meta\">\n\t\t\t\t\t\t\t\t\t<span class=\"post-date\">23. mar 2026<\/span>\n\n\t\t\t\t\t\t\t\t\t\t\t\t\t\t\t\t\t<\/div>\n\t\t\t\t\t\t\t\t\t\t\t<\/div>\n\n\t\t\t\t<div class=\"teft-card__primary\">\n\t\t\t\t\t<h2 class=\"teft-card__title\">Agder H\u00f8yres nye regionr\u00e5dgiver&nbsp;<span class=\"teft-card__primary-title-append\"><\/span><\/h2>\t\t\t\t<\/div>\n\t\t\t<\/div>\n\t\t<\/a>\n\t<\/div>\n\n\t<\/div><div class=\"is-card-hoyre\">\n\t<div class=\"teft-card hoyre-teft-card post-teft-card\">\n\t\t<a href=\"https:\/\/hoyre.no\/agder\/aktuelt\/agder-hoyres-nominasjonsprosess-for-fylkestingsvalget-2027\/\" class=\"teft-card__primary-action\">\n\n\t\t\t\t\t<div class=\"teft-card__media teft-card__media--16-9\">\n\t\t\t\t\t\t<img loading=\"lazy\" decoding=\"async\" width=\"768\" height=\"512\" src=\"https:\/\/hoyre.no\/content\/uploads\/sites\/6\/2026\/03\/Haagen-Poppe-Foto-Hans-Kristian-Thorbjornsen-768x512.jpg\" class=\"attachment-medium_large size-medium_large\" alt=\"\" srcset=\"https:\/\/hoyre.no\/content\/uploads\/sites\/6\/2026\/03\/Haagen-Poppe-Foto-Hans-Kristian-Thorbjornsen-768x512.jpg 768w, https:\/\/hoyre.no\/content\/uploads\/sites\/6\/2026\/03\/Haagen-Poppe-Foto-Hans-Kristian-Thorbjornsen-300x200.jpg 300w, https:\/\/hoyre.no\/content\/uploads\/sites\/6\/2026\/03\/Haagen-Poppe-Foto-Hans-Kristian-Thorbjornsen-1024x683.jpg 1024w, https:\/\/hoyre.no\/content\/uploads\/sites\/6\/2026\/03\/Haagen-Poppe-Foto-Hans-Kristian-Thorbjornsen-1536x1025.jpg 1536w, https:\/\/hoyre.no\/content\/uploads\/sites\/6\/2026\/03\/Haagen-Poppe-Foto-Hans-Kristian-Thorbjornsen-2048x1366.jpg 2048w\" sizes=\"auto, (max-width: 768px) 100vw, 768px\" \/>\t\t<\/div>\n\t\t\n\t\t\t<div class=\"teft-card__content-wrapper\">\n\t\t\t\t<div class=\"teft-card__secondary\">\n\t\t\t\t\t\n\t\t\t\t\t\t\t\t<div class=\"teft-card__meta\">\n\t\t\t\t\t\t\t\t\t<span class=\"post-date\">5. mar 2026<\/span>\n\n\t\t\t\t\t\t\t\t\t\t\t\t\t\t\t\t\t<\/div>\n\t\t\t\t\t\t\t\t\t\t\t<\/div>\n\n\t\t\t\t<div class=\"teft-card__primary\">\n\t\t\t\t\t<h2 class=\"teft-card__title\">Agder H\u00f8yres nominasjonsprosess for  Fylkestingsvalget 2027&nbsp;<span class=\"teft-card__primary-title-append\"><\/span><\/h2>\t\t\t\t<\/div>\n\t\t\t<\/div>\n\t\t<\/a>\n\t<\/div>\n\n\t<\/div><\/div>\t<\/div>\n<\/div>\n","protected":false},"excerpt":{"rendered":"","protected":false},"author":349,"featured_media":0,"comment_status":"closed","ping_status":"closed","sticky":false,"template":"","format":"standard","meta":{"teft_cards_image_url":"","teft_cards_custom_pretitle":"","teft_cards_image_id":610,"teft_cards_image_focal_point_x":0.5,"teft_cards_image_focal_point_y":0.5,"teft_cards_title":"","teft_cards_excerpt":"","teft_show_chapters":false,"author_display_name":"","footnotes":""},"category":[1],"post_tag":[],"hoyre-visibility":[],"article-type":[],"politician":[],"class_list":["post-608","post","type-post","status-publish","format-standard","hentry","category-ukategorisert"],"yoast_head":"<!-- This site is optimized with the Yoast SEO Premium plugin v26.5 (Yoast SEO v26.6) - https:\/\/yoast.com\/wordpress\/plugins\/seo\/ -->\n<title>Regjeringen str\u00f8r samferdselsmillioner over S\u00f8rlandet - Agder H\u00f8yre<\/title>\n<meta name=\"robots\" content=\"index, follow, max-snippet:-1, max-image-preview:large, max-video-preview:-1\" \/>\n<link rel=\"canonical\" href=\"https:\/\/hoyre.no\/agder\/aktuelt\/regjeringen-stror-samferdselsmillioner-over-sorlandet\/\" \/>\n<meta property=\"og:locale\" content=\"nb_NO\" \/>\n<meta property=\"og:type\" content=\"article\" \/>\n<meta property=\"og:title\" content=\"Regjeringen str\u00f8r samferdselsmillioner over S\u00f8rlandet\" \/>\n<meta property=\"og:url\" content=\"https:\/\/hoyre.no\/agder\/aktuelt\/regjeringen-stror-samferdselsmillioner-over-sorlandet\/\" \/>\n<meta property=\"og:site_name\" content=\"Agder H\u00f8yre\" \/>\n<meta property=\"article:published_time\" content=\"2021-03-12T16:53:25+00:00\" \/>\n<meta property=\"article:modified_time\" content=\"2021-03-12T17:19:55+00:00\" \/>\n<meta property=\"og:image\" content=\"https:\/\/hoyre.no\/content\/uploads\/sites\/6\/2026\/03\/Haagen-Poppe-Foto-Hans-Kristian-Thorbjornsen-1024x683.jpg\" \/>\n<meta name=\"twitter:card\" content=\"summary_large_image\" \/>\n<meta name=\"twitter:label1\" content=\"Skrevet av\" \/>\n\t<meta name=\"twitter:data1\" content=\"\" \/>\n\t<meta name=\"twitter:label2\" content=\"Ansl. lesetid\" \/>\n\t<meta name=\"twitter:data2\" content=\"3 minutter\" \/>\n<script type=\"application\/ld+json\" class=\"yoast-schema-graph\">{\"@context\":\"https:\/\/schema.org\",\"@graph\":[{\"@type\":\"NewsArticle\",\"@id\":\"https:\/\/hoyre.no\/agder\/aktuelt\/regjeringen-stror-samferdselsmillioner-over-sorlandet\/\",\"url\":\"https:\/\/hoyre.no\/agder\/aktuelt\/regjeringen-stror-samferdselsmillioner-over-sorlandet\/\",\"name\":\"Regjeringen str\u00f8r samferdselsmillioner over S\u00f8rlandet - Agder H\u00f8yre\",\"isPartOf\":{\"@id\":\"https:\/\/hoyre.no\/agder\/#website\"},\"datePublished\":\"2021-03-12T16:53:25+00:00\",\"dateModified\":\"2021-03-12T17:19:55+00:00\",\"author\":{\"@id\":\"\"},\"breadcrumb\":{\"@id\":\"https:\/\/hoyre.no\/agder\/aktuelt\/regjeringen-stror-samferdselsmillioner-over-sorlandet\/#breadcrumb\"},\"inLanguage\":\"nb-NO\",\"potentialAction\":[{\"@type\":\"ReadAction\",\"target\":[\"https:\/\/hoyre.no\/agder\/aktuelt\/regjeringen-stror-samferdselsmillioner-over-sorlandet\/\"]}]},{\"@type\":\"BreadcrumbList\",\"@id\":\"https:\/\/hoyre.no\/agder\/aktuelt\/regjeringen-stror-samferdselsmillioner-over-sorlandet\/#breadcrumb\",\"itemListElement\":[{\"@type\":\"ListItem\",\"position\":1,\"name\":\"Til hoyre.no\",\"item\":\"https:\/\/hoyre.no\"},{\"@type\":\"ListItem\",\"position\":2,\"name\":\"Hjem\",\"item\":\"https:\/\/hoyre.no\/agder\/\"},{\"@type\":\"ListItem\",\"position\":3,\"name\":\"Regjeringen str\u00f8r samferdselsmillioner over S\u00f8rlandet\"}]},{\"@type\":\"WebSite\",\"@id\":\"https:\/\/hoyre.no\/agder\/#website\",\"url\":\"https:\/\/hoyre.no\/agder\/\",\"name\":\"Agder H\u00f8yre\",\"description\":\"Bare enda et H\u00f8yres nettsteder-nettsted\",\"inLanguage\":\"nb-NO\"},{\"@type\":\"Person\",\"@id\":\"\",\"url\":\"https:\/\/hoyre.no\/agder\/aktuelt\/author\/\"}]}<\/script>\n<!-- \/ Yoast SEO Premium plugin. -->","yoast_head_json":{"title":"Regjeringen str\u00f8r samferdselsmillioner over S\u00f8rlandet - Agder H\u00f8yre","robots":{"index":"index","follow":"follow","max-snippet":"max-snippet:-1","max-image-preview":"max-image-preview:large","max-video-preview":"max-video-preview:-1"},"canonical":"https:\/\/hoyre.no\/agder\/aktuelt\/regjeringen-stror-samferdselsmillioner-over-sorlandet\/","og_locale":"nb_NO","og_type":"article","og_title":"Regjeringen str\u00f8r samferdselsmillioner over S\u00f8rlandet","og_url":"https:\/\/hoyre.no\/agder\/aktuelt\/regjeringen-stror-samferdselsmillioner-over-sorlandet\/","og_site_name":"Agder H\u00f8yre","article_published_time":"2021-03-12T16:53:25+00:00","article_modified_time":"2021-03-12T17:19:55+00:00","og_image":[{"url":"https:\/\/hoyre.no\/content\/uploads\/sites\/6\/2026\/03\/Haagen-Poppe-Foto-Hans-Kristian-Thorbjornsen-1024x683.jpg","width":"","height":"","type":""}],"twitter_card":"summary_large_image","twitter_misc":{"Skrevet av":"","Ansl. lesetid":"3 minutter"},"schema":{"@context":"https:\/\/schema.org","@graph":[{"@type":"NewsArticle","@id":"https:\/\/hoyre.no\/agder\/aktuelt\/regjeringen-stror-samferdselsmillioner-over-sorlandet\/","url":"https:\/\/hoyre.no\/agder\/aktuelt\/regjeringen-stror-samferdselsmillioner-over-sorlandet\/","name":"Regjeringen str\u00f8r samferdselsmillioner over S\u00f8rlandet - Agder H\u00f8yre","isPartOf":{"@id":"https:\/\/hoyre.no\/agder\/#website"},"datePublished":"2021-03-12T16:53:25+00:00","dateModified":"2021-03-12T17:19:55+00:00","author":{"@id":""},"breadcrumb":{"@id":"https:\/\/hoyre.no\/agder\/aktuelt\/regjeringen-stror-samferdselsmillioner-over-sorlandet\/#breadcrumb"},"inLanguage":"nb-NO","potentialAction":[{"@type":"ReadAction","target":["https:\/\/hoyre.no\/agder\/aktuelt\/regjeringen-stror-samferdselsmillioner-over-sorlandet\/"]}]},{"@type":"BreadcrumbList","@id":"https:\/\/hoyre.no\/agder\/aktuelt\/regjeringen-stror-samferdselsmillioner-over-sorlandet\/#breadcrumb","itemListElement":[{"@type":"ListItem","position":1,"name":"Til hoyre.no","item":"https:\/\/hoyre.no"},{"@type":"ListItem","position":2,"name":"Hjem","item":"https:\/\/hoyre.no\/agder\/"},{"@type":"ListItem","position":3,"name":"Regjeringen str\u00f8r samferdselsmillioner over S\u00f8rlandet"}]},{"@type":"WebSite","@id":"https:\/\/hoyre.no\/agder\/#website","url":"https:\/\/hoyre.no\/agder\/","name":"Agder H\u00f8yre","description":"Bare enda et H\u00f8yres nettsteder-nettsted","inLanguage":"nb-NO"},{"@type":"Person","@id":"","url":"https:\/\/hoyre.no\/agder\/aktuelt\/author\/"}]}},"distributor_meta":false,"distributor_terms":false,"distributor_media":false,"distributor_original_site_name":"Agder H\u00f8yre","distributor_original_site_url":"https:\/\/hoyre.no\/agder","push-errors":false,"_links":{"self":[{"href":"https:\/\/hoyre.no\/agder\/wp-json\/wp\/v2\/posts\/608","targetHints":{"allow":["GET"]}}],"collection":[{"href":"https:\/\/hoyre.no\/agder\/wp-json\/wp\/v2\/posts"}],"about":[{"href":"https:\/\/hoyre.no\/agder\/wp-json\/wp\/v2\/types\/post"}],"author":[{"embeddable":true,"href":"https:\/\/hoyre.no\/agder\/wp-json\/wp\/v2\/users\/349"}],"replies":[{"embeddable":true,"href":"https:\/\/hoyre.no\/agder\/wp-json\/wp\/v2\/comments?post=608"}],"version-history":[{"count":6,"href":"https:\/\/hoyre.no\/agder\/wp-json\/wp\/v2\/posts\/608\/revisions"}],"predecessor-version":[{"id":617,"href":"https:\/\/hoyre.no\/agder\/wp-json\/wp\/v2\/posts\/608\/revisions\/617"}],"wp:attachment":[{"href":"https:\/\/hoyre.no\/agder\/wp-json\/wp\/v2\/media?parent=608"}],"wp:term":[{"taxonomy":"category","embeddable":true,"href":"https:\/\/hoyre.no\/agder\/wp-json\/wp\/v2\/category?post=608"},{"taxonomy":"post_tag","embeddable":true,"href":"https:\/\/hoyre.no\/agder\/wp-json\/wp\/v2\/post_tag?post=608"},{"taxonomy":"hoyre-visibility","embeddable":true,"href":"https:\/\/hoyre.no\/agder\/wp-json\/wp\/v2\/hoyre-visibility?post=608"},{"taxonomy":"article-type","embeddable":true,"href":"https:\/\/hoyre.no\/agder\/wp-json\/wp\/v2\/article-type?post=608"},{"taxonomy":"politician","embeddable":true,"href":"https:\/\/hoyre.no\/agder\/wp-json\/wp\/v2\/politician?post=608"}],"curies":[{"name":"wp","href":"https:\/\/api.w.org\/{rel}","templated":true}]}}