{"id":764,"date":"2021-04-23T11:03:13","date_gmt":"2021-04-23T09:03:13","guid":{"rendered":"https:\/\/hoyre.no\/agder\/?p=764"},"modified":"2021-04-23T11:08:09","modified_gmt":"2021-04-23T09:08:09","slug":"kronikk-na-skal-endelig-ungdomsskolen-forst-i-koen","status":"publish","type":"post","link":"https:\/\/hoyre.no\/agder\/aktuelt\/kronikk-na-skal-endelig-ungdomsskolen-forst-i-koen\/","title":{"rendered":"Kronikk: N\u00e5 skal endelig ungdomsskolen f\u00f8rst i k\u00f8en!"},"content":{"rendered":"\n<p class=\"preamble\">Debatten om det norske utdanningssystemet dreier seg i for stor grad om tidlig innsats p\u00e5 barneskolen, h\u00f8yere fullf\u00f8ringsgrad p\u00e5 videreg\u00e5ende skole, og bedre tilrettelagt h\u00f8yere utdanning. Debatten ser derimot ut til \u00e5 glemme det viktigste bindeleddet i hele oppl\u00e6ringen: ungdomsskolen.<\/p>\t\t\t<div class=\"post-meta wp-block teft-byline-wrapper\">\n\t\t\t\t<div class=\"top\">\n\t\t\t\t\t<div class=\"signature\">\n\t\t\t\t\t\t<div class=\"teft-byline\">\n\t\t\t\t\t\t\t\t\t\t\t\t\t\t<div>\n\t\t\t\t\t\t\t\t<h3>H\u00f8yres redaksjon<\/h3>\t\t\t\t\t\t\t\t\n\t\t\t\t\t\t\t\t\t\t\t\t\t\t\t\t\t<span class=\"date\">Sist oppdatert: 23. april 2021<\/span>\n\t\t\t\t\t\t\t\t\t\t\t\t\t\t\t\t\t\t\t\t\t\t\t\t\t<span class=\"reading-time\" itemprop=\"timeRequired\" content=\"PT3M\"><em>Ca. 3 minutter lesetid<\/em><\/span>\n\t\t\t\t\t\t\t\t\t\t\t\t\t\t\t<\/div>\n\t\t\t\t\t\t<\/div>\n\t\t\t\t\t<\/div>\n\t\t\t\t\t\t<div class=\"sharing\">\n\t\t<a class=\"share-button share-link copy-link\" data-copy=\"https:\/\/hoyre.no\/agder\/aktuelt\/kronikk-na-skal-endelig-ungdomsskolen-forst-i-koen\/\" target=\"_blank\"><span class=\"screen-reader-text\">Del link<\/span><\/a>\n\t\t<a class=\"share-button share-twitter\" href=\"http:\/\/twitter.com\/share?text=Kronikk: N\u00e5 skal endelig ungdomsskolen f\u00f8rst i k\u00f8en!&#038;url=https:\/\/hoyre.no\/agder\/aktuelt\/kronikk-na-skal-endelig-ungdomsskolen-forst-i-koen\/&#038;hashtags=Hoyre\" target=\"_blank\"><span class=\"screen-reader-text\">Del p\u00e5 twitter<\/span><\/a>\n\t\t<a class=\"share-button share-facebook\" href=\"https:\/\/www.facebook.com\/sharer\/sharer.php?u=https:\/\/hoyre.no\/agder\/aktuelt\/kronikk-na-skal-endelig-ungdomsskolen-forst-i-koen\/\" target=\"_blank\"><span class=\"screen-reader-text\">Del p\u00e5 facebook<\/span><\/a>\n\t<\/div>\n\t\t\t\t\t<\/div>\n\t\t\t<\/div>\n\n\t\t\t<figure class=\"hoyre-image-wrapper\"><div class=\"hoyre-image\"><img loading=\"lazy\" decoding=\"async\" width=\"1948\" height=\"1300\" src=\"https:\/\/hoyre.no\/content\/uploads\/sites\/6\/2021\/04\/NIcolai.jpg\" class=\"attachment-scaled size-scaled\" alt=\"\" style=\"object-position: 50% 50%\" srcset=\"https:\/\/hoyre.no\/content\/uploads\/sites\/6\/2021\/04\/NIcolai.jpg 1948w, https:\/\/hoyre.no\/content\/uploads\/sites\/6\/2021\/04\/NIcolai-300x200.jpg 300w, https:\/\/hoyre.no\/content\/uploads\/sites\/6\/2021\/04\/NIcolai-1024x683.jpg 1024w, https:\/\/hoyre.no\/content\/uploads\/sites\/6\/2021\/04\/NIcolai-768x513.jpg 768w, https:\/\/hoyre.no\/content\/uploads\/sites\/6\/2021\/04\/NIcolai-1536x1025.jpg 1536w\" sizes=\"auto, (max-width: 1948px) 100vw, 1948px\" \/><\/div><figcaption class=\"caption\">Ungdomskandidat Nicolai \u00d8steby (H) fra Kristiansand skriver i kronikken om at Ungdomsskolereformen er det f\u00f8rste steget H\u00f8yre tar mot en ungdomsskole som setter valgfrihet, tilpasning og mestring f\u00f8rst. (Foto: Agder H\u00f8yre) <\/figcaption><\/figure>\n\n\n\n\n<p><strong>H\u00f8yre i regjering har gjort mye p\u00e5 utdanningsfeltet. Vi har gjennomf\u00f8rt store omlegginger og kompetanseheving p\u00e5 barnehage og barneskole, vi har styrket og tilpasset videreg\u00e5ende skole bedre for hver enkelt elev, vi har satset mer p\u00e5 yrkesfag og fagutdanning, og vi har gjort det enklere \u00e5 ta h\u00f8yere utdanning uansett hvilket stadiet i livet du er i.<\/strong><\/p>\n\n\n\n<p>Men vi m\u00e5 v\u00e6re s\u00e5pass \u00e6rlige med oss selv at vi kan anerkjenne at vi har glemt et av hovedelementene i utdanningssystemet v\u00e5rt &#8211; nemlig ungdomsskolen. Ungdomsskolen kan for mange kanskje bare tenkes p\u00e5 som en slags \u00abmellomting\u00bb mellom barneskolen og videreg\u00e5ende skole, men den er veldig mye mer enn det, og den er for viktig til at vi ikke tar debatten om den. For selv om ungdomsskolen har forandret seg mye fra hvordan den var p\u00e5 80\/90-tallet, b\u00e6rer den fortsatt preg av gammeldagse strukturer med lite valgfrihet, lite tilpasning, og for stor grad av \u00abone size fits all\u00bb-tankegang for elevene.<\/p>\n\n\n\n<p>Mange ungdomsskoleelever opplever lite l\u00e6ring, mister motivasjonen for utdanning, og g\u00e5r ut av ungdomsskolen uten \u00e5 kunne lese, skrive og regne godt nok. Derfor g\u00e5r n\u00e5 H\u00f8yre inn for en helhetlig reform av hele ungdomsskolen i det nye partiprogrammet v\u00e5rt. Da skal vi gjennomg\u00e5 hele ungdomsskolen, og se p\u00e5 hvordan vi skal ta tak i problemene enkeltelever opplever f\u00f8r de f\u00e5r vokse seg for store. Det betyr at ungdomsskolen i st\u00f8rre grad m\u00e5 klare \u00e5 im\u00f8tekomme og tilpasse seg enkeltelevenes behov. Da m\u00e5 vi blant annet stille krav til alle elever, enten de er faglig flinke eller trenger litt ekstra hjelp for ikke \u00e5 bli hengende etter. Og med det s\u00e5 kommer ogs\u00e5 mer valgfrihet, mer tilpasning, mer l\u00e6ring og mer mestring.<\/p>\n\n\n\n<p>H\u00f8yre vil for eksempel stille mye strengere krav til oppf\u00f8lging av elever med h\u00f8yt frav\u00e6r, gi et kompetansel\u00f8ft til alle som jobber i r\u00e5dgivningstjenesten, og innf\u00f8re flere praktisk rettede valgfag. For meg og deg betyr det i praksis at vi blant annet skal slutte med en r\u00e5dgivningstjeneste som utelukkende sender \u00abflinke\u00bb elever p\u00e5 studieforberedende program, og \u00abd\u00e5rlige\u00bb elever p\u00e5 yrkesfaglig program.<\/p>\n\n\n\n<p>En del av det \u00e5 styrke valgfriheten i ungdomsskolen er \u00e5 gj\u00f8re valgfagene st\u00f8rre og bredere, og for Agder H\u00f8yre sin del betyr det at vi \u00f8nsker at elever skal feks. kunne ta b\u00e5tf\u00f8rerbeviset, traktorlappen, n\u00e6ringslivskurs mm. i skoletiden. Da blir det mer praksis for elevene, samtidig som sertifikatene kan v\u00e6re relevante for videre jobb og skolegang.<\/p>\n\n\n\n<h5 class=\"wp-block-heading\">En ungdomsskolereform vil bety at vi endelig kan f\u00e5 gjort noe med det viktige bindeleddet ungdomsskolen er. Reformen er det f\u00f8rste steget H\u00f8yre tar mot en ungdomsskole som setter valgfrihet, tilpasning og mestring f\u00f8rst. Men skal vi f\u00e5 til det er vi n\u00f8dt til \u00e5 vise vilje for \u00e5 sette ungdomsskolen f\u00f8rst i k\u00f8en, og forel\u00f8pig ser det ut som at kun H\u00f8yre vil gj\u00f8re det.<\/h5>\n\n\n\n<p><strong>Nicolai \u00d8steby (18)<br><\/strong>Fylkesleder for Agder Unge H\u00f8yre og stortingskandidat for H\u00f8yre i Vest-Agder<\/p>\n\n\n\n<div class=\"wp-block-image\"><figure class=\"aligncenter size-large is-resized\"><img decoding=\"async\" src=\"https:\/\/hoyre.no\/content\/uploads\/sites\/6\/2021\/04\/P9112995-edited-scaled.jpg\" alt=\"\" class=\"wp-image-767\" width=\"518\" height=\"388.5\" srcset=\"https:\/\/hoyre.no\/content\/uploads\/sites\/6\/2021\/04\/P9112995-edited-scaled.jpg 2500w, https:\/\/hoyre.no\/content\/uploads\/sites\/6\/2021\/04\/P9112995-edited-300x225.jpg 300w, https:\/\/hoyre.no\/content\/uploads\/sites\/6\/2021\/04\/P9112995-edited-1024x768.jpg 1024w, https:\/\/hoyre.no\/content\/uploads\/sites\/6\/2021\/04\/P9112995-edited-768x576.jpg 768w, https:\/\/hoyre.no\/content\/uploads\/sites\/6\/2021\/04\/P9112995-edited-1536x1151.jpg 1536w, https:\/\/hoyre.no\/content\/uploads\/sites\/6\/2021\/04\/P9112995-edited-2048x1535.jpg 2048w\" sizes=\"(max-width: 2500px) 100vw, 2500px\" \/><figcaption>Foto: Agder H\u00f8yre<\/figcaption><\/figure><\/div>\n\n\n<div class=\"tags\">\n\t<\/div>\n<div class=\"post-footer alignfull has-background block-editor-block-list__block\" data-align=full>\n\t<div class=\"post-footer-inner\">\n\t\t<h3>Relaterte artikler<\/h3>\n\t\t<div class=\"related-content\"><div class=\"is-card-hoyre\">\n\t<div class=\"teft-card hoyre-teft-card post-teft-card\">\n\t\t<a href=\"https:\/\/hoyre.no\/agder\/aktuelt\/agder-hoyre-onsker-dine-innspill-fylkestings-programmet\/\" class=\"teft-card__primary-action\">\n\n\t\t\t\t\t<div class=\"teft-card__media teft-card__media--16-9\">\n\t\t\t\t\t\t<img loading=\"lazy\" decoding=\"async\" width=\"768\" height=\"819\" src=\"https:\/\/hoyre.no\/content\/uploads\/sites\/6\/2025\/06\/DSC04923-edited-768x819.jpg\" class=\"attachment-medium_large size-medium_large\" alt=\"\" srcset=\"https:\/\/hoyre.no\/content\/uploads\/sites\/6\/2025\/06\/DSC04923-edited-768x819.jpg 768w, https:\/\/hoyre.no\/content\/uploads\/sites\/6\/2025\/06\/DSC04923-edited-281x300.jpg 281w, https:\/\/hoyre.no\/content\/uploads\/sites\/6\/2025\/06\/DSC04923-edited-960x1024.jpg 960w, https:\/\/hoyre.no\/content\/uploads\/sites\/6\/2025\/06\/DSC04923-edited-1440x1536.jpg 1440w, https:\/\/hoyre.no\/content\/uploads\/sites\/6\/2025\/06\/DSC04923-edited-1920x2048.jpg 1920w\" sizes=\"auto, (max-width: 768px) 100vw, 768px\" \/>\t\t<\/div>\n\t\t\n\t\t\t<div class=\"teft-card__content-wrapper\">\n\t\t\t\t<div class=\"teft-card__secondary\">\n\t\t\t\t\t\n\t\t\t\t\t\t\t\t<div class=\"teft-card__meta\">\n\t\t\t\t\t\t\t\t\t<span class=\"post-date\">21. apr 2026<\/span>\n\n\t\t\t\t\t\t\t\t\t<span class=\"post-category\">Nyheter<\/span>\t\t\t\t\t\t\t\t<\/div>\n\t\t\t\t\t\t\t\t\t\t\t<\/div>\n\n\t\t\t\t<div class=\"teft-card__primary\">\n\t\t\t\t\t<h2 class=\"teft-card__title\">Agder H\u00f8yres programprosess for Fylkestingsvalget 2027&nbsp;<span class=\"teft-card__primary-title-append\"><\/span><\/h2>\t\t\t\t<\/div>\n\t\t\t<\/div>\n\t\t<\/a>\n\t<\/div>\n\n\t<\/div><div class=\"is-card-hoyre\">\n\t<div class=\"teft-card hoyre-teft-card post-teft-card\">\n\t\t<a href=\"https:\/\/hoyre.no\/agder\/aktuelt\/agder-hoyres-nye-regionradgiver\/\" class=\"teft-card__primary-action\">\n\n\t\t\t\t\t<div class=\"teft-card__media teft-card__media--16-9\">\n\t\t\t\t\t\t<img loading=\"lazy\" decoding=\"async\" width=\"768\" height=\"768\" src=\"https:\/\/hoyre.no\/content\/uploads\/sites\/6\/2026\/03\/Aleksander-L-768x768.png\" class=\"attachment-medium_large size-medium_large\" alt=\"\" srcset=\"https:\/\/hoyre.no\/content\/uploads\/sites\/6\/2026\/03\/Aleksander-L-768x768.png 768w, https:\/\/hoyre.no\/content\/uploads\/sites\/6\/2026\/03\/Aleksander-L-e1775591785378-300x300.png 300w, https:\/\/hoyre.no\/content\/uploads\/sites\/6\/2026\/03\/Aleksander-L-e1775591785378-150x150.png 150w, https:\/\/hoyre.no\/content\/uploads\/sites\/6\/2026\/03\/Aleksander-L-e1775591785378.png 722w\" sizes=\"auto, (max-width: 768px) 100vw, 768px\" \/>\t\t<\/div>\n\t\t\n\t\t\t<div class=\"teft-card__content-wrapper\">\n\t\t\t\t<div class=\"teft-card__secondary\">\n\t\t\t\t\t\n\t\t\t\t\t\t\t\t<div class=\"teft-card__meta\">\n\t\t\t\t\t\t\t\t\t<span class=\"post-date\">23. mar 2026<\/span>\n\n\t\t\t\t\t\t\t\t\t\t\t\t\t\t\t\t\t<\/div>\n\t\t\t\t\t\t\t\t\t\t\t<\/div>\n\n\t\t\t\t<div class=\"teft-card__primary\">\n\t\t\t\t\t<h2 class=\"teft-card__title\">Agder H\u00f8yres nye regionr\u00e5dgiver&nbsp;<span class=\"teft-card__primary-title-append\"><\/span><\/h2>\t\t\t\t<\/div>\n\t\t\t<\/div>\n\t\t<\/a>\n\t<\/div>\n\n\t<\/div><div class=\"is-card-hoyre\">\n\t<div class=\"teft-card hoyre-teft-card post-teft-card\">\n\t\t<a href=\"https:\/\/hoyre.no\/agder\/aktuelt\/agder-hoyres-nominasjonsprosess-for-fylkestingsvalget-2027\/\" class=\"teft-card__primary-action\">\n\n\t\t\t\t\t<div class=\"teft-card__media teft-card__media--16-9\">\n\t\t\t\t\t\t<img loading=\"lazy\" decoding=\"async\" width=\"768\" height=\"512\" src=\"https:\/\/hoyre.no\/content\/uploads\/sites\/6\/2026\/03\/Haagen-Poppe-Foto-Hans-Kristian-Thorbjornsen-768x512.jpg\" class=\"attachment-medium_large size-medium_large\" alt=\"\" srcset=\"https:\/\/hoyre.no\/content\/uploads\/sites\/6\/2026\/03\/Haagen-Poppe-Foto-Hans-Kristian-Thorbjornsen-768x512.jpg 768w, https:\/\/hoyre.no\/content\/uploads\/sites\/6\/2026\/03\/Haagen-Poppe-Foto-Hans-Kristian-Thorbjornsen-300x200.jpg 300w, https:\/\/hoyre.no\/content\/uploads\/sites\/6\/2026\/03\/Haagen-Poppe-Foto-Hans-Kristian-Thorbjornsen-1024x683.jpg 1024w, https:\/\/hoyre.no\/content\/uploads\/sites\/6\/2026\/03\/Haagen-Poppe-Foto-Hans-Kristian-Thorbjornsen-1536x1025.jpg 1536w, https:\/\/hoyre.no\/content\/uploads\/sites\/6\/2026\/03\/Haagen-Poppe-Foto-Hans-Kristian-Thorbjornsen-2048x1366.jpg 2048w\" sizes=\"auto, (max-width: 768px) 100vw, 768px\" \/>\t\t<\/div>\n\t\t\n\t\t\t<div class=\"teft-card__content-wrapper\">\n\t\t\t\t<div class=\"teft-card__secondary\">\n\t\t\t\t\t\n\t\t\t\t\t\t\t\t<div class=\"teft-card__meta\">\n\t\t\t\t\t\t\t\t\t<span class=\"post-date\">5. mar 2026<\/span>\n\n\t\t\t\t\t\t\t\t\t\t\t\t\t\t\t\t\t<\/div>\n\t\t\t\t\t\t\t\t\t\t\t<\/div>\n\n\t\t\t\t<div class=\"teft-card__primary\">\n\t\t\t\t\t<h2 class=\"teft-card__title\">Agder H\u00f8yres nominasjonsprosess for  Fylkestingsvalget 2027&nbsp;<span class=\"teft-card__primary-title-append\"><\/span><\/h2>\t\t\t\t<\/div>\n\t\t\t<\/div>\n\t\t<\/a>\n\t<\/div>\n\n\t<\/div><\/div>\t<\/div>\n<\/div>\n","protected":false},"excerpt":{"rendered":"","protected":false},"author":349,"featured_media":0,"comment_status":"closed","ping_status":"closed","sticky":false,"template":"","format":"standard","meta":{"teft_cards_image_url":"","teft_cards_custom_pretitle":"","teft_cards_image_id":765,"teft_cards_image_focal_point_x":0.5,"teft_cards_image_focal_point_y":0.5,"teft_cards_title":"","teft_cards_excerpt":"","teft_show_chapters":false,"author_display_name":"","footnotes":""},"category":[1],"post_tag":[],"hoyre-visibility":[],"article-type":[],"politician":[],"class_list":["post-764","post","type-post","status-publish","format-standard","hentry","category-ukategorisert"],"yoast_head":"<!-- This site is optimized with the Yoast SEO Premium plugin v26.5 (Yoast SEO v26.6) - https:\/\/yoast.com\/wordpress\/plugins\/seo\/ -->\n<title>Kronikk: N\u00e5 skal endelig ungdomsskolen f\u00f8rst i k\u00f8en! - Agder H\u00f8yre<\/title>\n<meta name=\"robots\" content=\"index, follow, max-snippet:-1, max-image-preview:large, max-video-preview:-1\" \/>\n<link rel=\"canonical\" href=\"https:\/\/hoyre.no\/agder\/aktuelt\/kronikk-na-skal-endelig-ungdomsskolen-forst-i-koen\/\" \/>\n<meta property=\"og:locale\" content=\"nb_NO\" \/>\n<meta property=\"og:type\" content=\"article\" \/>\n<meta property=\"og:title\" content=\"Kronikk: N\u00e5 skal endelig ungdomsskolen f\u00f8rst i k\u00f8en!\" \/>\n<meta property=\"og:url\" content=\"https:\/\/hoyre.no\/agder\/aktuelt\/kronikk-na-skal-endelig-ungdomsskolen-forst-i-koen\/\" \/>\n<meta property=\"og:site_name\" content=\"Agder H\u00f8yre\" \/>\n<meta property=\"article:published_time\" content=\"2021-04-23T09:03:13+00:00\" \/>\n<meta property=\"article:modified_time\" content=\"2021-04-23T09:08:09+00:00\" \/>\n<meta property=\"og:image\" content=\"https:\/\/hoyre.no\/content\/uploads\/sites\/6\/2026\/03\/Haagen-Poppe-Foto-Hans-Kristian-Thorbjornsen-1024x683.jpg\" \/>\n<meta name=\"twitter:card\" content=\"summary_large_image\" \/>\n<meta name=\"twitter:label1\" content=\"Skrevet av\" \/>\n\t<meta name=\"twitter:data1\" content=\"\" \/>\n\t<meta name=\"twitter:label2\" content=\"Ansl. lesetid\" \/>\n\t<meta name=\"twitter:data2\" content=\"3 minutter\" \/>\n<script type=\"application\/ld+json\" class=\"yoast-schema-graph\">{\"@context\":\"https:\/\/schema.org\",\"@graph\":[{\"@type\":\"NewsArticle\",\"@id\":\"https:\/\/hoyre.no\/agder\/aktuelt\/kronikk-na-skal-endelig-ungdomsskolen-forst-i-koen\/\",\"url\":\"https:\/\/hoyre.no\/agder\/aktuelt\/kronikk-na-skal-endelig-ungdomsskolen-forst-i-koen\/\",\"name\":\"Kronikk: N\u00e5 skal endelig ungdomsskolen f\u00f8rst i k\u00f8en! - Agder H\u00f8yre\",\"isPartOf\":{\"@id\":\"https:\/\/hoyre.no\/agder\/#website\"},\"image\":{\"@id\":\"https:\/\/hoyre.no\/agder\/aktuelt\/kronikk-na-skal-endelig-ungdomsskolen-forst-i-koen\/#primaryimage\"},\"thumbnailUrl\":\"https:\/\/hoyre.no\/content\/uploads\/sites\/6\/2021\/04\/P9112995-edited-scaled.jpg\",\"datePublished\":\"2021-04-23T09:03:13+00:00\",\"dateModified\":\"2021-04-23T09:08:09+00:00\",\"author\":{\"@id\":\"\"},\"breadcrumb\":{\"@id\":\"https:\/\/hoyre.no\/agder\/aktuelt\/kronikk-na-skal-endelig-ungdomsskolen-forst-i-koen\/#breadcrumb\"},\"inLanguage\":\"nb-NO\",\"potentialAction\":[{\"@type\":\"ReadAction\",\"target\":[\"https:\/\/hoyre.no\/agder\/aktuelt\/kronikk-na-skal-endelig-ungdomsskolen-forst-i-koen\/\"]}]},{\"@type\":\"ImageObject\",\"inLanguage\":\"nb-NO\",\"@id\":\"https:\/\/hoyre.no\/agder\/aktuelt\/kronikk-na-skal-endelig-ungdomsskolen-forst-i-koen\/#primaryimage\",\"url\":\"https:\/\/hoyre.no\/content\/uploads\/sites\/6\/2021\/04\/P9112995-edited-scaled.jpg\",\"contentUrl\":\"https:\/\/hoyre.no\/content\/uploads\/sites\/6\/2021\/04\/P9112995-edited-scaled.jpg\"},{\"@type\":\"BreadcrumbList\",\"@id\":\"https:\/\/hoyre.no\/agder\/aktuelt\/kronikk-na-skal-endelig-ungdomsskolen-forst-i-koen\/#breadcrumb\",\"itemListElement\":[{\"@type\":\"ListItem\",\"position\":1,\"name\":\"Til hoyre.no\",\"item\":\"https:\/\/hoyre.no\"},{\"@type\":\"ListItem\",\"position\":2,\"name\":\"Hjem\",\"item\":\"https:\/\/hoyre.no\/agder\/\"},{\"@type\":\"ListItem\",\"position\":3,\"name\":\"Kronikk: N\u00e5 skal endelig ungdomsskolen f\u00f8rst i k\u00f8en!\"}]},{\"@type\":\"WebSite\",\"@id\":\"https:\/\/hoyre.no\/agder\/#website\",\"url\":\"https:\/\/hoyre.no\/agder\/\",\"name\":\"Agder H\u00f8yre\",\"description\":\"Bare enda et H\u00f8yres nettsteder-nettsted\",\"inLanguage\":\"nb-NO\"},{\"@type\":\"Person\",\"@id\":\"\",\"url\":\"https:\/\/hoyre.no\/agder\/aktuelt\/author\/\"}]}<\/script>\n<!-- \/ Yoast SEO Premium plugin. -->","yoast_head_json":{"title":"Kronikk: N\u00e5 skal endelig ungdomsskolen f\u00f8rst i k\u00f8en! - Agder H\u00f8yre","robots":{"index":"index","follow":"follow","max-snippet":"max-snippet:-1","max-image-preview":"max-image-preview:large","max-video-preview":"max-video-preview:-1"},"canonical":"https:\/\/hoyre.no\/agder\/aktuelt\/kronikk-na-skal-endelig-ungdomsskolen-forst-i-koen\/","og_locale":"nb_NO","og_type":"article","og_title":"Kronikk: N\u00e5 skal endelig ungdomsskolen f\u00f8rst i k\u00f8en!","og_url":"https:\/\/hoyre.no\/agder\/aktuelt\/kronikk-na-skal-endelig-ungdomsskolen-forst-i-koen\/","og_site_name":"Agder H\u00f8yre","article_published_time":"2021-04-23T09:03:13+00:00","article_modified_time":"2021-04-23T09:08:09+00:00","og_image":[{"url":"https:\/\/hoyre.no\/content\/uploads\/sites\/6\/2026\/03\/Haagen-Poppe-Foto-Hans-Kristian-Thorbjornsen-1024x683.jpg","width":"","height":"","type":""}],"twitter_card":"summary_large_image","twitter_misc":{"Skrevet av":"","Ansl. lesetid":"3 minutter"},"schema":{"@context":"https:\/\/schema.org","@graph":[{"@type":"NewsArticle","@id":"https:\/\/hoyre.no\/agder\/aktuelt\/kronikk-na-skal-endelig-ungdomsskolen-forst-i-koen\/","url":"https:\/\/hoyre.no\/agder\/aktuelt\/kronikk-na-skal-endelig-ungdomsskolen-forst-i-koen\/","name":"Kronikk: N\u00e5 skal endelig ungdomsskolen f\u00f8rst i k\u00f8en! - Agder H\u00f8yre","isPartOf":{"@id":"https:\/\/hoyre.no\/agder\/#website"},"image":{"@id":"https:\/\/hoyre.no\/agder\/aktuelt\/kronikk-na-skal-endelig-ungdomsskolen-forst-i-koen\/#primaryimage"},"thumbnailUrl":"https:\/\/hoyre.no\/content\/uploads\/sites\/6\/2021\/04\/P9112995-edited-scaled.jpg","datePublished":"2021-04-23T09:03:13+00:00","dateModified":"2021-04-23T09:08:09+00:00","author":{"@id":""},"breadcrumb":{"@id":"https:\/\/hoyre.no\/agder\/aktuelt\/kronikk-na-skal-endelig-ungdomsskolen-forst-i-koen\/#breadcrumb"},"inLanguage":"nb-NO","potentialAction":[{"@type":"ReadAction","target":["https:\/\/hoyre.no\/agder\/aktuelt\/kronikk-na-skal-endelig-ungdomsskolen-forst-i-koen\/"]}]},{"@type":"ImageObject","inLanguage":"nb-NO","@id":"https:\/\/hoyre.no\/agder\/aktuelt\/kronikk-na-skal-endelig-ungdomsskolen-forst-i-koen\/#primaryimage","url":"https:\/\/hoyre.no\/content\/uploads\/sites\/6\/2021\/04\/P9112995-edited-scaled.jpg","contentUrl":"https:\/\/hoyre.no\/content\/uploads\/sites\/6\/2021\/04\/P9112995-edited-scaled.jpg"},{"@type":"BreadcrumbList","@id":"https:\/\/hoyre.no\/agder\/aktuelt\/kronikk-na-skal-endelig-ungdomsskolen-forst-i-koen\/#breadcrumb","itemListElement":[{"@type":"ListItem","position":1,"name":"Til hoyre.no","item":"https:\/\/hoyre.no"},{"@type":"ListItem","position":2,"name":"Hjem","item":"https:\/\/hoyre.no\/agder\/"},{"@type":"ListItem","position":3,"name":"Kronikk: N\u00e5 skal endelig ungdomsskolen f\u00f8rst i k\u00f8en!"}]},{"@type":"WebSite","@id":"https:\/\/hoyre.no\/agder\/#website","url":"https:\/\/hoyre.no\/agder\/","name":"Agder H\u00f8yre","description":"Bare enda et H\u00f8yres nettsteder-nettsted","inLanguage":"nb-NO"},{"@type":"Person","@id":"","url":"https:\/\/hoyre.no\/agder\/aktuelt\/author\/"}]}},"distributor_meta":false,"distributor_terms":false,"distributor_media":false,"distributor_original_site_name":"Agder H\u00f8yre","distributor_original_site_url":"https:\/\/hoyre.no\/agder","push-errors":false,"_links":{"self":[{"href":"https:\/\/hoyre.no\/agder\/wp-json\/wp\/v2\/posts\/764","targetHints":{"allow":["GET"]}}],"collection":[{"href":"https:\/\/hoyre.no\/agder\/wp-json\/wp\/v2\/posts"}],"about":[{"href":"https:\/\/hoyre.no\/agder\/wp-json\/wp\/v2\/types\/post"}],"author":[{"embeddable":true,"href":"https:\/\/hoyre.no\/agder\/wp-json\/wp\/v2\/users\/349"}],"replies":[{"embeddable":true,"href":"https:\/\/hoyre.no\/agder\/wp-json\/wp\/v2\/comments?post=764"}],"version-history":[{"count":1,"href":"https:\/\/hoyre.no\/agder\/wp-json\/wp\/v2\/posts\/764\/revisions"}],"predecessor-version":[{"id":768,"href":"https:\/\/hoyre.no\/agder\/wp-json\/wp\/v2\/posts\/764\/revisions\/768"}],"wp:attachment":[{"href":"https:\/\/hoyre.no\/agder\/wp-json\/wp\/v2\/media?parent=764"}],"wp:term":[{"taxonomy":"category","embeddable":true,"href":"https:\/\/hoyre.no\/agder\/wp-json\/wp\/v2\/category?post=764"},{"taxonomy":"post_tag","embeddable":true,"href":"https:\/\/hoyre.no\/agder\/wp-json\/wp\/v2\/post_tag?post=764"},{"taxonomy":"hoyre-visibility","embeddable":true,"href":"https:\/\/hoyre.no\/agder\/wp-json\/wp\/v2\/hoyre-visibility?post=764"},{"taxonomy":"article-type","embeddable":true,"href":"https:\/\/hoyre.no\/agder\/wp-json\/wp\/v2\/article-type?post=764"},{"taxonomy":"politician","embeddable":true,"href":"https:\/\/hoyre.no\/agder\/wp-json\/wp\/v2\/politician?post=764"}],"curies":[{"name":"wp","href":"https:\/\/api.w.org\/{rel}","templated":true}]}}