{"id":772,"date":"2021-05-10T19:26:33","date_gmt":"2021-05-10T17:26:33","guid":{"rendered":"https:\/\/hoyre.no\/agder\/?p=772"},"modified":"2021-05-20T12:27:20","modified_gmt":"2021-05-20T10:27:20","slug":"nyheter-fra-agder-hoyre-under-hoyres-landsmote-2021","status":"publish","type":"post","link":"https:\/\/hoyre.no\/agder\/aktuelt\/nyheter-fra-agder-hoyre-under-hoyres-landsmote-2021\/","title":{"rendered":"Nyheter fra Agder H\u00f8yre under H\u00f8yres landsm\u00f8te 2021"},"content":{"rendered":"\n\n<p><em>Sist oppdatert av Tor Marius 16.05.2021 kl. 13:30<\/em><br><br>P\u00e5 grunn av Covid-19 vil H\u00f8yres landsm\u00f8te arrangeres heldigitalt fra fredag 14. mai kl. 12:00 til s\u00f8ndag kl. 14:00. <a href=\"https:\/\/hoyre.no\/partiet\/hoyres-landsmote\/presse\/\">Landsm\u00f8tehefte for pressen<\/a><\/p>\n\n\n\n<h5 class=\"wp-block-heading\" id=\"h-f-lg-landsm-tet-direkte-her\"><a href=\"https:\/\/hoyre.no\/hlm-direkte\/\" target=\"_blank\" rel=\"noreferrer noopener\">F\u00f8lg landsm\u00f8tet direkte her<\/a><\/h5>\n\n\n\n<p>Agder H\u00f8yre vil oppdatere v\u00e5r <a href=\"http:\/\/www.facebook.com\/agderhoyre\">Facebookside<\/a> gjennom hele landsm\u00f8tet. P\u00e5 <a href=\"https:\/\/hoyre.no\/partiet\/hoyres-landsmote\/\">H\u00f8yres nettside<\/a> finner du viktig informasjon og kan laste ned landsm\u00f8teheftet og andre relevante dokumenter. Landsm\u00f8tet vil ogs\u00e5 bli str\u00f8mmet direkte p\u00e5 <a href=\"https:\/\/tv.hoyre.no\/videos\">https:\/\/tv.hoyre.no\/<\/a><\/p>\n\n\n\n<h2 class=\"wp-block-heading\" id=\"h-nytt-fra-agder-h-yres-landsm-tedelegasjon\">Nytt fra Agder H\u00f8yres landsm\u00f8tedelegasjon<\/h2>\n\n\n\n<h3 class=\"wp-block-heading\" id=\"h-landsm-tetaler-klikk-p-navn-for-lese-talen\">Landsm\u00f8tetaler (klikk p\u00e5 navn for \u00e5 lese talen)<\/h3>\n\n\n\n<p><a rel=\"noreferrer noopener\" href=\"https:\/\/hoyre.no\/agder\/aktuelt\/landsmotetale-hoyre-bekjemper-forskjellene-i-norge\/\" target=\"_blank\"><strong>Fylkesleder Harald Furre<\/strong><\/a>, Kristiansand &#8211; <a href=\"https:\/\/tv.hoyre.no\/harald-furre-agder\" target=\"_blank\" rel=\"noreferrer noopener\">se hele talen her<\/a><\/p>\n\n\n\n<p><a rel=\"noreferrer noopener\" href=\"https:\/\/hoyre.no\/agder\/aktuelt\/landsmotetale-verdiskaping-opprettholder-velferdssamfunnet\/\" target=\"_blank\"><strong>Stortingsrepresentant Svein Harberg<\/strong><\/a>, Grimstad &#8211; <a href=\"https:\/\/tv.hoyre.no\/svein-harberg-agder\" target=\"_blank\" rel=\"noreferrer noopener\">se hele talen her<\/a><\/p>\n\n\n\n<p><a href=\"https:\/\/hoyre.no\/agder\/aktuelt\/landsmotetale-godt-offentlig-samarbeid-fremmer-bla-naering\/\" target=\"_blank\" rel=\"noreferrer noopener\"><strong>Stortingsrepresentant Ingunn Foss<\/strong><\/a>, Lyngdal &#8211; <a href=\"https:\/\/tv.hoyre.no\/ingunn-foss-1\" target=\"_blank\" rel=\"noreferrer noopener\">se hele talen her<\/a><\/p>\n\n\n\n<p><strong><a href=\"https:\/\/hoyre.no\/agder\/aktuelt\/landsmotetale-mer-gronn-energi-lavere-skatter-mer-kapital\/\" target=\"_blank\" rel=\"noreferrer noopener\">Lokalpolitiker Haagen Severin N. Poppe<\/a><\/strong>, Arendal &#8211; <a href=\"https:\/\/tv.hoyre.no\/haagen-severin-nilson-poppe\" target=\"_blank\" rel=\"noreferrer noopener\">se hele talen her<\/a><\/p>\n\n\n\n<p><a href=\"https:\/\/hoyre.no\/agder\/aktuelt\/landsmotetale-hoyre-skal-ta-hele-landet-i-bruk\/\" target=\"_blank\" rel=\"noreferrer noopener\"><strong>Varaordf\u00f8rer Gro Boge Aasheim<\/strong><\/a>, \u00c5seral &#8211; <a href=\"https:\/\/tv.hoyre.no\/gro-boge-aasheim\" target=\"_blank\" rel=\"noreferrer noopener\">se hele talen her<\/a><\/p>\n\n\n\n<p><a rel=\"noreferrer noopener\" href=\"https:\/\/hoyre.no\/agder\/aktuelt\/landsmotetale-inkluder-flere-unge-i-arbeidslivet\/\" target=\"_blank\"><strong>Sentralstyremedlem Steinar J. Olsen<\/strong>,<\/a> Kristiansand &#8211; <a href=\"https:\/\/tv.hoyre.no\/steinar-j-olsen-agder-arbeid-og-1\" target=\"_blank\" rel=\"noreferrer noopener\">se hele talen her<\/a><\/p>\n\n\n\n<p><strong><a rel=\"noreferrer noopener\" href=\"https:\/\/hoyre.no\/agder\/aktuelt\/landsmotetale-vi-er-garantisten-for-a-fa-flere-i-arbeid\/\" target=\"_blank\">Lokalpolitiker Renate H\u00e6geland<\/a><\/strong>, Kristiansand &#8211; <a href=\"https:\/\/tv.hoyre.no\/renate-haegeland-agder-arbeid-og-1\" target=\"_blank\" rel=\"noreferrer noopener\">se hele talen her<\/a><\/p>\n\n\n\n<p><a rel=\"noreferrer noopener\" href=\"https:\/\/hoyre.no\/agder\/aktuelt\/landsmotetale-sirkulaerokonomi-skaper-jobber-og-vekst\/\" target=\"_blank\"><strong>Lokalpolitiker Amalie Gunnufsen<\/strong><\/a>, Kristiansand &#8211; <a href=\"https:\/\/tv.hoyre.no\/amalie-gunnufsen-agder\" target=\"_blank\" rel=\"noreferrer noopener\">se hele talen her<\/a><\/p>\n\n\n\n<p><strong><a href=\"https:\/\/hoyre.no\/agder\/aktuelt\/landsmotetale-gjor-det-lettere-for-studenter-som-trenger-bpa\/\" target=\"_blank\" rel=\"noreferrer noopener\">Statssekret\u00e6r Aase Marthe J. Horrigmo<\/a><\/strong>, Kristiansand &#8211; <a href=\"https:\/\/tv.hoyre.no\/aase-marthe-horrigmo\" target=\"_blank\" rel=\"noreferrer noopener\">se hele talen her<\/a><\/p>\n\n\n\n<p><strong><a rel=\"noreferrer noopener\" href=\"https:\/\/hoyre.no\/agder\/aktuelt\/landsmotetale-bistand-virker-og-vi-skal-gi-etter-evne-og-behov\/\" target=\"_blank\">Fylkespolitiker Torunn Ostad<\/a><\/strong>, Grimstad &#8211; <a href=\"https:\/\/tv.hoyre.no\/torunn-ostad-agder-utenriks-og\" target=\"_blank\" rel=\"noreferrer noopener\">se hele talen her<\/a><\/p>\n\n\n\n<p><strong><a href=\"https:\/\/hoyre.no\/agder\/aktuelt\/landsmotetale-skole-og-utdanningspolitikk-er-kjernen-var\/\" target=\"_blank\" rel=\"noreferrer noopener\">Stortingsrepresentant Norunn Tveiten Benestad<\/a><\/strong>, Kristiansand  &#8211; <a href=\"https:\/\/tv.hoyre.no\/norunn-tveiten-benestad-agder\" target=\"_blank\" rel=\"noreferrer noopener\">se hele talen her<\/a><\/p>\n\n\n\n<h2 class=\"wp-block-heading\" id=\"h-tentativt-tidsprogram\">Tentativt tidsprogram<\/h2>\n\n\n\n<p><strong>Fredag 14. mai<\/strong><\/p>\n\n\n\n<p>12.00 \u00c5pning etterfulgt av partileder og statsminister Erna Solberg<br>15.45 Tale fra arbeids- og sosialminister Torbj\u00f8rn R\u00f8e Isaksen om \u00e5 skape mer og inkludere flere<br>20.00 Avslutning for dagen<\/p>\n\n\n\n<p><strong>L\u00f8rdag 15. mai<\/strong><br>09.00 \u00c5pner med tale fra programkomiteens leder Linda Hofstad Helleland<br>12.30 Tale fra helse- og omsorgsminister Bent H\u00f8ie om pasientens helsetjeneste<br>17.15 Tale fra utenriksminister Ine Eriksen S\u00f8reide om Norge i Verden<br>19.00 Avslutning for dagen<\/p>\n\n\n\n<p><strong>S\u00f8ndag 16.&nbsp; mai<\/strong><br>09.00 \u00c5pner med tale fra forsknings- og h\u00f8yere utdanningsminister Henrik Asheim om hvordan vi kan skape en god skole for barna v\u00e5re<br>12.45 Kontrasttale ved Mathilde Tybring-Gjedde og Ove Trellevik<br>13.00 Partileder og statsminister Erna Solberg avslutter H\u00f8yres landsm\u00f8te<\/p>\n\n\n\n<h2 class=\"wp-block-heading\" id=\"h-kontaktpersoner\">Kontaktpersoner<\/h2>\n\n\n\n<ul class=\"wp-block-list\"><li>Henvendelser om Agder H\u00f8yres delegasjon, delegasjonsleder Harald Furre, mobil: 982 81 890, e-post: <a href=\"harald.furre@kilden.no\">harald.furre@kilden.no<\/a><\/li><li>Delegasjonssekret\u00e6r Jannecke B. Guttormsen, mobil: 975 02 012, e-post: <a href=\"https:\/\/rediger.hoyre.no\/article\/edit\/agder@hoyre.no\">agder@hoyre.no<\/a><\/li><li>Pressekontakt og Zoom-support: Regionr\u00e5dgiver Tor Marius Markussen, mobil: 415 60 346, e-post: <a href=\"https:\/\/rediger.hoyre.no\/article\/edit\/tmm@hoyre.no\">tmm@hoyre.no<\/a><\/li><\/ul>\n\n\n\n<p><strong>Delegater fra Agder H\u00f8yre med sentral rolle under landsm\u00f8tet<\/strong><\/p>\n\n\n\n<ul class=\"wp-block-list\"><li>Svein Harberg, leder for Fullmaktskomiteen <\/li><li>Aase Marthe Johansen Horrigmo, medlem Redaksjonskomiteen<\/li><\/ul>\n\n\n\n<h2 class=\"wp-block-heading\" id=\"h-v-re-innsendte-resolusjoner-kan-lastes-ned-her\"><strong>V\u00e5re innsendte resolusjoner kan lastes ned her <\/strong><\/h2>\n\n\n\n<ul class=\"wp-block-list\"><li><a href=\"https:\/\/hoyre.no\/agder\/aktuelt\/resolusjon-engelskkravet-hindrer-flyktningers-utdanningslop-og-integrering\/\">Engelskkravet hindrer flyktningers utdanningsl\u00f8p og integrering<\/a><\/li><li><a href=\"https:\/\/hoyre.no\/agder\/aktuelt\/resolusjon-levende-bygder-og-distrikter-i-agder\/\">Levende bygder og distrikter i Agder<\/a><\/li><\/ul>\n\n\n\n<h2 class=\"wp-block-heading\" id=\"h-agder-h-yres-landsm-tedelegasjon\">Agder H\u00f8yres landsm\u00f8tedelegasjon<\/h2>\n\n\n\n<figure class=\"wp-block-table\"><table><tbody><tr><td>&nbsp;<\/td><td><strong>Fylkes\u00e5rsm\u00f8tevalgte delegater<\/strong><\/td><td><strong>Verv<\/strong><\/td><td><strong>Kommune<\/strong><\/td><\/tr><tr><td>1<\/td><td>Haagen Poppe<\/td><td>4. kandidat<\/td><td>Arendal<\/td><\/tr><tr><td>2<\/td><td>Marianne Landaas<\/td><td>8. kandidat\/ordf\u00f8rer&nbsp;<\/td><td>Tvedestrand<\/td><\/tr><tr><td>3<\/td><td>Siri Mathiesen<\/td><td>9. kandidat<\/td><td>Arendal<\/td><\/tr><tr><td>4<\/td><td>Tom Roger \u00d8ydne<\/td><td>AU medlem<\/td><td>Evje og Hornnes<\/td><\/tr><tr><td>5<\/td><td>Beate Skretting<\/td><td>Ordf\u00f8rer&nbsp;<\/td><td>Grimstad<\/td><\/tr><tr><td>6<\/td><td>Aase Marthe J. Horrigmo<\/td><td>2. kadidat\/statssekret\u00e6r<\/td><td>Kristiansand<\/td><\/tr><tr><td>7<\/td><td>Amalie Gunnufsen<\/td><td>3. kandidat<\/td><td>Kristiansand<\/td><\/tr><tr><td>8<\/td><td>Nicolai \u00d8steby<\/td><td>4. kandidat\/leder<\/td><td>Agder Unge H\u00f8yre<\/td><\/tr><tr><td>9<\/td><td>Kjetil Aga<\/td><td>5. kandidat&nbsp;<\/td><td>Farsund&nbsp;<\/td><\/tr><tr><td>10<\/td><td>Renate H\u00e6geland<\/td><td>Gruppeleder&nbsp;<\/td><td>Kristiansand<\/td><\/tr><tr><td>11<\/td><td>Gro B. Asheim<\/td><td>Varaordf\u00f8rer<\/td><td>\u00c5seral<\/td><\/tr><tr><td>12<\/td><td>Isak Liland<\/td><td>9. kandidat\/varaordf\u00f8rer<\/td><td>Sirdal<\/td><\/tr><tr><td>13<\/td><td>Amalie Kollstrand<\/td><td>Leder Agder H\u00f8yres Kvinneforum<\/td><td>Arendal<\/td><\/tr><tr><td>&nbsp;<\/td><td>&nbsp;<\/td><td>&nbsp;<\/td><td>&nbsp;<\/td><\/tr><tr><td>&nbsp;<\/td><td><strong>Selvskrevne delegater<\/strong><\/td><td><strong>Verv<\/strong><\/td><td><strong>Kommune<\/strong><\/td><\/tr><tr><td>14<\/td><td>Svein Harberg<\/td><td>Stortingsrepresentant<\/td><td>Grimstad<\/td><\/tr><tr><td>15<\/td><td>Ingunn Foss<\/td><td>Stortingsrepresentant<\/td><td>Lyngdal<\/td><\/tr><tr><td>16<\/td><td>Norunn T. Benestad<\/td><td>Stortingsrepresentant<\/td><td>Kristiansand<\/td><\/tr><tr><td>17<\/td><td>Steinar J. Olsen<\/td><td>Sentralstyremedlem<\/td><td>Kristiansand<\/td><\/tr><tr><td>18<\/td><td>Harald Furre&nbsp;<\/td><td>Fylkesleder<\/td><td>Kristiansand<\/td><\/tr><tr><td>19<\/td><td>Torunn Ostad<\/td><td>1. nestleder<\/td><td>Grimstad<\/td><\/tr><tr><td>20<\/td><td>Arne Thomassen<\/td><td>Fylkesordf\u00f8rer<\/td><td>Lillesand<\/td><\/tr><tr><td>21<\/td><td>Jannecke Beyer Guttormsen<\/td><td>Fylkessekret\u00e6r, observat\u00f8r<\/td><td>Arendal<\/td><\/tr><tr><td>22<\/td><td>Tor Marius Markussen<\/td><td>Regionr\u00e5dgiver, observat\u00f8r<\/td><td>Kristiansand<\/td><\/tr><tr><td>23<\/td><td>J\u00f8rgen Heims\u00e6ter<\/td><td>Kampanjemedarbeider, gjest<\/td><td>Lillesand<\/td><\/tr><tr><td>24<\/td><td>Sindre \u00d8. N\u00e6ss<\/td><td>Kampanjemedarbeider, gjest<\/td><td>Kristiansand<\/td><\/tr><tr><td>&nbsp;<\/td><td>&nbsp;<\/td><td>&nbsp;<\/td><td>&nbsp;<\/td><\/tr><tr><td>&nbsp;<\/td><td><strong>Andre fra Agder<\/strong><\/td><td><strong>Verv<\/strong><\/td><td><strong>Kommune<\/strong><\/td><\/tr><tr><td>25<\/td><td>Halvor Rismyhr<\/td><td>Delegat SHL<\/td><td>Lillesand<\/td><\/tr><tr><td>26<\/td><td>Paal Pedersen&nbsp;<\/td><td>Statssekret\u00e6r, observat\u00f8r<\/td><td>Lindesnes<\/td><\/tr><\/tbody><\/table><\/figure>\n\n\n<div class=\"tags\">\n\t<\/div>\n<div class=\"post-footer alignfull has-background block-editor-block-list__block\" data-align=full>\n\t<div class=\"post-footer-inner\">\n\t\t<h3>Relaterte artikler<\/h3>\n\t\t<div class=\"related-content\"><div class=\"is-card-hoyre\">\n\t<div class=\"teft-card hoyre-teft-card post-teft-card\">\n\t\t<a href=\"https:\/\/hoyre.no\/agder\/aktuelt\/agder-hoyre-onsker-dine-innspill-fylkestings-programmet\/\" class=\"teft-card__primary-action\">\n\n\t\t\t\t\t<div class=\"teft-card__media teft-card__media--16-9\">\n\t\t\t\t\t\t<img loading=\"lazy\" decoding=\"async\" width=\"768\" height=\"819\" src=\"https:\/\/hoyre.no\/content\/uploads\/sites\/6\/2025\/06\/DSC04923-edited-768x819.jpg\" class=\"attachment-medium_large size-medium_large\" alt=\"\" srcset=\"https:\/\/hoyre.no\/content\/uploads\/sites\/6\/2025\/06\/DSC04923-edited-768x819.jpg 768w, https:\/\/hoyre.no\/content\/uploads\/sites\/6\/2025\/06\/DSC04923-edited-281x300.jpg 281w, https:\/\/hoyre.no\/content\/uploads\/sites\/6\/2025\/06\/DSC04923-edited-960x1024.jpg 960w, https:\/\/hoyre.no\/content\/uploads\/sites\/6\/2025\/06\/DSC04923-edited-1440x1536.jpg 1440w, https:\/\/hoyre.no\/content\/uploads\/sites\/6\/2025\/06\/DSC04923-edited-1920x2048.jpg 1920w\" sizes=\"auto, (max-width: 768px) 100vw, 768px\" \/>\t\t<\/div>\n\t\t\n\t\t\t<div class=\"teft-card__content-wrapper\">\n\t\t\t\t<div class=\"teft-card__secondary\">\n\t\t\t\t\t\n\t\t\t\t\t\t\t\t<div class=\"teft-card__meta\">\n\t\t\t\t\t\t\t\t\t<span class=\"post-date\">21. apr 2026<\/span>\n\n\t\t\t\t\t\t\t\t\t<span class=\"post-category\">Nyheter<\/span>\t\t\t\t\t\t\t\t<\/div>\n\t\t\t\t\t\t\t\t\t\t\t<\/div>\n\n\t\t\t\t<div class=\"teft-card__primary\">\n\t\t\t\t\t<h2 class=\"teft-card__title\">Agder H\u00f8yres programprosess for Fylkestingsvalget 2027&nbsp;<span class=\"teft-card__primary-title-append\"><\/span><\/h2>\t\t\t\t<\/div>\n\t\t\t<\/div>\n\t\t<\/a>\n\t<\/div>\n\n\t<\/div><div class=\"is-card-hoyre\">\n\t<div class=\"teft-card hoyre-teft-card post-teft-card\">\n\t\t<a href=\"https:\/\/hoyre.no\/agder\/aktuelt\/agder-hoyres-nye-regionradgiver\/\" class=\"teft-card__primary-action\">\n\n\t\t\t\t\t<div class=\"teft-card__media teft-card__media--16-9\">\n\t\t\t\t\t\t<img loading=\"lazy\" decoding=\"async\" width=\"768\" height=\"768\" src=\"https:\/\/hoyre.no\/content\/uploads\/sites\/6\/2026\/03\/Aleksander-L-768x768.png\" class=\"attachment-medium_large size-medium_large\" alt=\"\" srcset=\"https:\/\/hoyre.no\/content\/uploads\/sites\/6\/2026\/03\/Aleksander-L-768x768.png 768w, https:\/\/hoyre.no\/content\/uploads\/sites\/6\/2026\/03\/Aleksander-L-e1775591785378-300x300.png 300w, https:\/\/hoyre.no\/content\/uploads\/sites\/6\/2026\/03\/Aleksander-L-e1775591785378-150x150.png 150w, https:\/\/hoyre.no\/content\/uploads\/sites\/6\/2026\/03\/Aleksander-L-e1775591785378.png 722w\" sizes=\"auto, (max-width: 768px) 100vw, 768px\" \/>\t\t<\/div>\n\t\t\n\t\t\t<div class=\"teft-card__content-wrapper\">\n\t\t\t\t<div class=\"teft-card__secondary\">\n\t\t\t\t\t\n\t\t\t\t\t\t\t\t<div class=\"teft-card__meta\">\n\t\t\t\t\t\t\t\t\t<span class=\"post-date\">23. mar 2026<\/span>\n\n\t\t\t\t\t\t\t\t\t\t\t\t\t\t\t\t\t<\/div>\n\t\t\t\t\t\t\t\t\t\t\t<\/div>\n\n\t\t\t\t<div class=\"teft-card__primary\">\n\t\t\t\t\t<h2 class=\"teft-card__title\">Agder H\u00f8yres nye regionr\u00e5dgiver&nbsp;<span class=\"teft-card__primary-title-append\"><\/span><\/h2>\t\t\t\t<\/div>\n\t\t\t<\/div>\n\t\t<\/a>\n\t<\/div>\n\n\t<\/div><div class=\"is-card-hoyre\">\n\t<div class=\"teft-card hoyre-teft-card post-teft-card\">\n\t\t<a href=\"https:\/\/hoyre.no\/agder\/aktuelt\/agder-hoyres-nominasjonsprosess-for-fylkestingsvalget-2027\/\" class=\"teft-card__primary-action\">\n\n\t\t\t\t\t<div class=\"teft-card__media teft-card__media--16-9\">\n\t\t\t\t\t\t<img loading=\"lazy\" decoding=\"async\" width=\"768\" height=\"512\" src=\"https:\/\/hoyre.no\/content\/uploads\/sites\/6\/2026\/03\/Haagen-Poppe-Foto-Hans-Kristian-Thorbjornsen-768x512.jpg\" class=\"attachment-medium_large size-medium_large\" alt=\"\" srcset=\"https:\/\/hoyre.no\/content\/uploads\/sites\/6\/2026\/03\/Haagen-Poppe-Foto-Hans-Kristian-Thorbjornsen-768x512.jpg 768w, https:\/\/hoyre.no\/content\/uploads\/sites\/6\/2026\/03\/Haagen-Poppe-Foto-Hans-Kristian-Thorbjornsen-300x200.jpg 300w, https:\/\/hoyre.no\/content\/uploads\/sites\/6\/2026\/03\/Haagen-Poppe-Foto-Hans-Kristian-Thorbjornsen-1024x683.jpg 1024w, https:\/\/hoyre.no\/content\/uploads\/sites\/6\/2026\/03\/Haagen-Poppe-Foto-Hans-Kristian-Thorbjornsen-1536x1025.jpg 1536w, https:\/\/hoyre.no\/content\/uploads\/sites\/6\/2026\/03\/Haagen-Poppe-Foto-Hans-Kristian-Thorbjornsen-2048x1366.jpg 2048w\" sizes=\"auto, (max-width: 768px) 100vw, 768px\" \/>\t\t<\/div>\n\t\t\n\t\t\t<div class=\"teft-card__content-wrapper\">\n\t\t\t\t<div class=\"teft-card__secondary\">\n\t\t\t\t\t\n\t\t\t\t\t\t\t\t<div class=\"teft-card__meta\">\n\t\t\t\t\t\t\t\t\t<span class=\"post-date\">5. mar 2026<\/span>\n\n\t\t\t\t\t\t\t\t\t\t\t\t\t\t\t\t\t<\/div>\n\t\t\t\t\t\t\t\t\t\t\t<\/div>\n\n\t\t\t\t<div class=\"teft-card__primary\">\n\t\t\t\t\t<h2 class=\"teft-card__title\">Agder H\u00f8yres nominasjonsprosess for  Fylkestingsvalget 2027&nbsp;<span class=\"teft-card__primary-title-append\"><\/span><\/h2>\t\t\t\t<\/div>\n\t\t\t<\/div>\n\t\t<\/a>\n\t<\/div>\n\n\t<\/div><\/div>\t<\/div>\n<\/div>\n","protected":false},"excerpt":{"rendered":"","protected":false},"author":349,"featured_media":0,"comment_status":"closed","ping_status":"closed","sticky":false,"template":"","format":"standard","meta":{"teft_cards_image_url":"","teft_cards_custom_pretitle":"","teft_cards_image_id":777,"teft_cards_image_focal_point_x":0.5,"teft_cards_image_focal_point_y":0.5,"teft_cards_title":"","teft_cards_excerpt":"","teft_show_chapters":false,"author_display_name":"","footnotes":""},"category":[1],"post_tag":[],"hoyre-visibility":[],"article-type":[],"politician":[],"class_list":["post-772","post","type-post","status-publish","format-standard","hentry","category-ukategorisert"],"yoast_head":"<!-- This site is optimized with the Yoast SEO Premium plugin v26.5 (Yoast SEO v26.6) - https:\/\/yoast.com\/wordpress\/plugins\/seo\/ -->\n<title>Nyheter fra Agder H\u00f8yre under H\u00f8yres landsm\u00f8te 2021 - Agder H\u00f8yre<\/title>\n<meta name=\"robots\" content=\"index, follow, max-snippet:-1, max-image-preview:large, max-video-preview:-1\" \/>\n<link rel=\"canonical\" href=\"https:\/\/hoyre.no\/agder\/aktuelt\/nyheter-fra-agder-hoyre-under-hoyres-landsmote-2021\/\" \/>\n<meta property=\"og:locale\" content=\"nb_NO\" \/>\n<meta property=\"og:type\" content=\"article\" \/>\n<meta property=\"og:title\" content=\"Nyheter fra Agder H\u00f8yre under H\u00f8yres landsm\u00f8te 2021\" \/>\n<meta property=\"og:url\" content=\"https:\/\/hoyre.no\/agder\/aktuelt\/nyheter-fra-agder-hoyre-under-hoyres-landsmote-2021\/\" \/>\n<meta property=\"og:site_name\" content=\"Agder H\u00f8yre\" \/>\n<meta property=\"article:published_time\" content=\"2021-05-10T17:26:33+00:00\" \/>\n<meta property=\"article:modified_time\" content=\"2021-05-20T10:27:20+00:00\" \/>\n<meta property=\"og:image\" content=\"https:\/\/hoyre.no\/content\/uploads\/sites\/6\/2026\/03\/Haagen-Poppe-Foto-Hans-Kristian-Thorbjornsen-1024x683.jpg\" \/>\n<meta name=\"twitter:card\" content=\"summary_large_image\" \/>\n<meta name=\"twitter:label1\" content=\"Skrevet av\" \/>\n\t<meta name=\"twitter:data1\" content=\"\" \/>\n\t<meta name=\"twitter:label2\" content=\"Ansl. lesetid\" \/>\n\t<meta name=\"twitter:data2\" content=\"3 minutter\" \/>\n<script type=\"application\/ld+json\" class=\"yoast-schema-graph\">{\"@context\":\"https:\/\/schema.org\",\"@graph\":[{\"@type\":\"NewsArticle\",\"@id\":\"https:\/\/hoyre.no\/agder\/aktuelt\/nyheter-fra-agder-hoyre-under-hoyres-landsmote-2021\/\",\"url\":\"https:\/\/hoyre.no\/agder\/aktuelt\/nyheter-fra-agder-hoyre-under-hoyres-landsmote-2021\/\",\"name\":\"Nyheter fra Agder H\u00f8yre under H\u00f8yres landsm\u00f8te 2021 - Agder H\u00f8yre\",\"isPartOf\":{\"@id\":\"https:\/\/hoyre.no\/agder\/#website\"},\"datePublished\":\"2021-05-10T17:26:33+00:00\",\"dateModified\":\"2021-05-20T10:27:20+00:00\",\"author\":{\"@id\":\"\"},\"breadcrumb\":{\"@id\":\"https:\/\/hoyre.no\/agder\/aktuelt\/nyheter-fra-agder-hoyre-under-hoyres-landsmote-2021\/#breadcrumb\"},\"inLanguage\":\"nb-NO\",\"potentialAction\":[{\"@type\":\"ReadAction\",\"target\":[\"https:\/\/hoyre.no\/agder\/aktuelt\/nyheter-fra-agder-hoyre-under-hoyres-landsmote-2021\/\"]}]},{\"@type\":\"BreadcrumbList\",\"@id\":\"https:\/\/hoyre.no\/agder\/aktuelt\/nyheter-fra-agder-hoyre-under-hoyres-landsmote-2021\/#breadcrumb\",\"itemListElement\":[{\"@type\":\"ListItem\",\"position\":1,\"name\":\"Til hoyre.no\",\"item\":\"https:\/\/hoyre.no\"},{\"@type\":\"ListItem\",\"position\":2,\"name\":\"Hjem\",\"item\":\"https:\/\/hoyre.no\/agder\/\"},{\"@type\":\"ListItem\",\"position\":3,\"name\":\"Nyheter fra Agder H\u00f8yre under H\u00f8yres landsm\u00f8te 2021\"}]},{\"@type\":\"WebSite\",\"@id\":\"https:\/\/hoyre.no\/agder\/#website\",\"url\":\"https:\/\/hoyre.no\/agder\/\",\"name\":\"Agder H\u00f8yre\",\"description\":\"Bare enda et H\u00f8yres nettsteder-nettsted\",\"inLanguage\":\"nb-NO\"},{\"@type\":\"Person\",\"@id\":\"\",\"url\":\"https:\/\/hoyre.no\/agder\/aktuelt\/author\/\"}]}<\/script>\n<!-- \/ Yoast SEO Premium plugin. -->","yoast_head_json":{"title":"Nyheter fra Agder H\u00f8yre under H\u00f8yres landsm\u00f8te 2021 - Agder H\u00f8yre","robots":{"index":"index","follow":"follow","max-snippet":"max-snippet:-1","max-image-preview":"max-image-preview:large","max-video-preview":"max-video-preview:-1"},"canonical":"https:\/\/hoyre.no\/agder\/aktuelt\/nyheter-fra-agder-hoyre-under-hoyres-landsmote-2021\/","og_locale":"nb_NO","og_type":"article","og_title":"Nyheter fra Agder H\u00f8yre under H\u00f8yres landsm\u00f8te 2021","og_url":"https:\/\/hoyre.no\/agder\/aktuelt\/nyheter-fra-agder-hoyre-under-hoyres-landsmote-2021\/","og_site_name":"Agder H\u00f8yre","article_published_time":"2021-05-10T17:26:33+00:00","article_modified_time":"2021-05-20T10:27:20+00:00","og_image":[{"url":"https:\/\/hoyre.no\/content\/uploads\/sites\/6\/2026\/03\/Haagen-Poppe-Foto-Hans-Kristian-Thorbjornsen-1024x683.jpg","width":"","height":"","type":""}],"twitter_card":"summary_large_image","twitter_misc":{"Skrevet av":"","Ansl. lesetid":"3 minutter"},"schema":{"@context":"https:\/\/schema.org","@graph":[{"@type":"NewsArticle","@id":"https:\/\/hoyre.no\/agder\/aktuelt\/nyheter-fra-agder-hoyre-under-hoyres-landsmote-2021\/","url":"https:\/\/hoyre.no\/agder\/aktuelt\/nyheter-fra-agder-hoyre-under-hoyres-landsmote-2021\/","name":"Nyheter fra Agder H\u00f8yre under H\u00f8yres landsm\u00f8te 2021 - Agder H\u00f8yre","isPartOf":{"@id":"https:\/\/hoyre.no\/agder\/#website"},"datePublished":"2021-05-10T17:26:33+00:00","dateModified":"2021-05-20T10:27:20+00:00","author":{"@id":""},"breadcrumb":{"@id":"https:\/\/hoyre.no\/agder\/aktuelt\/nyheter-fra-agder-hoyre-under-hoyres-landsmote-2021\/#breadcrumb"},"inLanguage":"nb-NO","potentialAction":[{"@type":"ReadAction","target":["https:\/\/hoyre.no\/agder\/aktuelt\/nyheter-fra-agder-hoyre-under-hoyres-landsmote-2021\/"]}]},{"@type":"BreadcrumbList","@id":"https:\/\/hoyre.no\/agder\/aktuelt\/nyheter-fra-agder-hoyre-under-hoyres-landsmote-2021\/#breadcrumb","itemListElement":[{"@type":"ListItem","position":1,"name":"Til hoyre.no","item":"https:\/\/hoyre.no"},{"@type":"ListItem","position":2,"name":"Hjem","item":"https:\/\/hoyre.no\/agder\/"},{"@type":"ListItem","position":3,"name":"Nyheter fra Agder H\u00f8yre under H\u00f8yres landsm\u00f8te 2021"}]},{"@type":"WebSite","@id":"https:\/\/hoyre.no\/agder\/#website","url":"https:\/\/hoyre.no\/agder\/","name":"Agder H\u00f8yre","description":"Bare enda et H\u00f8yres nettsteder-nettsted","inLanguage":"nb-NO"},{"@type":"Person","@id":"","url":"https:\/\/hoyre.no\/agder\/aktuelt\/author\/"}]}},"distributor_meta":false,"distributor_terms":false,"distributor_media":false,"distributor_original_site_name":"Agder H\u00f8yre","distributor_original_site_url":"https:\/\/hoyre.no\/agder","push-errors":false,"_links":{"self":[{"href":"https:\/\/hoyre.no\/agder\/wp-json\/wp\/v2\/posts\/772","targetHints":{"allow":["GET"]}}],"collection":[{"href":"https:\/\/hoyre.no\/agder\/wp-json\/wp\/v2\/posts"}],"about":[{"href":"https:\/\/hoyre.no\/agder\/wp-json\/wp\/v2\/types\/post"}],"author":[{"embeddable":true,"href":"https:\/\/hoyre.no\/agder\/wp-json\/wp\/v2\/users\/349"}],"replies":[{"embeddable":true,"href":"https:\/\/hoyre.no\/agder\/wp-json\/wp\/v2\/comments?post=772"}],"version-history":[{"count":23,"href":"https:\/\/hoyre.no\/agder\/wp-json\/wp\/v2\/posts\/772\/revisions"}],"predecessor-version":[{"id":910,"href":"https:\/\/hoyre.no\/agder\/wp-json\/wp\/v2\/posts\/772\/revisions\/910"}],"wp:attachment":[{"href":"https:\/\/hoyre.no\/agder\/wp-json\/wp\/v2\/media?parent=772"}],"wp:term":[{"taxonomy":"category","embeddable":true,"href":"https:\/\/hoyre.no\/agder\/wp-json\/wp\/v2\/category?post=772"},{"taxonomy":"post_tag","embeddable":true,"href":"https:\/\/hoyre.no\/agder\/wp-json\/wp\/v2\/post_tag?post=772"},{"taxonomy":"hoyre-visibility","embeddable":true,"href":"https:\/\/hoyre.no\/agder\/wp-json\/wp\/v2\/hoyre-visibility?post=772"},{"taxonomy":"article-type","embeddable":true,"href":"https:\/\/hoyre.no\/agder\/wp-json\/wp\/v2\/article-type?post=772"},{"taxonomy":"politician","embeddable":true,"href":"https:\/\/hoyre.no\/agder\/wp-json\/wp\/v2\/politician?post=772"}],"curies":[{"name":"wp","href":"https:\/\/api.w.org\/{rel}","templated":true}]}}