{"id":830,"date":"2021-05-14T17:16:48","date_gmt":"2021-05-14T15:16:48","guid":{"rendered":"https:\/\/hoyre.no\/agder\/?p=830"},"modified":"2021-05-14T17:16:48","modified_gmt":"2021-05-14T15:16:48","slug":"landsmotetale-godt-offentlig-samarbeid-fremmer-bla-naering","status":"publish","type":"post","link":"https:\/\/hoyre.no\/agder\/aktuelt\/landsmotetale-godt-offentlig-samarbeid-fremmer-bla-naering\/","title":{"rendered":"Landsm\u00f8tetale: Godt offentlig samarbeid fremmer bl\u00e5 n\u00e6ring!"},"content":{"rendered":"\n<p class=\"preamble\">P\u00e5 lokalt niv\u00e5 trenger vi mer kunnskap og et bedre samspill mellom de ulike delene av forvaltningen. P\u00e5 denne m\u00e5ten legger vi til rette for bl\u00e5 vekst.<\/p>\t\t\t<div class=\"post-meta wp-block teft-byline-wrapper\">\n\t\t\t\t<div class=\"top\">\n\t\t\t\t\t<div class=\"signature\">\n\t\t\t\t\t\t<div class=\"teft-byline\">\n\t\t\t\t\t\t\t\t\t\t\t\t\t\t<div>\n\t\t\t\t\t\t\t\t<h3>H\u00f8yres redaksjon<\/h3>\t\t\t\t\t\t\t\t\n\t\t\t\t\t\t\t\t\t\t\t\t\t\t\t\t\t<span class=\"date\">Sist oppdatert: 14. mai 2021<\/span>\n\t\t\t\t\t\t\t\t\t\t\t\t\t\t\t\t\t\t\t\t\t\t\t\t\t<span class=\"reading-time\" itemprop=\"timeRequired\" content=\"PT2M\"><em>Ca. 2 minutter lesetid<\/em><\/span>\n\t\t\t\t\t\t\t\t\t\t\t\t\t\t\t<\/div>\n\t\t\t\t\t\t<\/div>\n\t\t\t\t\t<\/div>\n\t\t\t\t\t\t<div class=\"sharing\">\n\t\t<a class=\"share-button share-link copy-link\" data-copy=\"https:\/\/hoyre.no\/agder\/aktuelt\/landsmotetale-godt-offentlig-samarbeid-fremmer-bla-naering\/\" target=\"_blank\"><span class=\"screen-reader-text\">Del link<\/span><\/a>\n\t\t<a class=\"share-button share-twitter\" href=\"http:\/\/twitter.com\/share?text=Landsm\u00f8tetale: Godt offentlig samarbeid fremmer bl\u00e5 n\u00e6ring!&#038;url=https:\/\/hoyre.no\/agder\/aktuelt\/landsmotetale-godt-offentlig-samarbeid-fremmer-bla-naering\/&#038;hashtags=Hoyre\" target=\"_blank\"><span class=\"screen-reader-text\">Del p\u00e5 twitter<\/span><\/a>\n\t\t<a class=\"share-button share-facebook\" href=\"https:\/\/www.facebook.com\/sharer\/sharer.php?u=https:\/\/hoyre.no\/agder\/aktuelt\/landsmotetale-godt-offentlig-samarbeid-fremmer-bla-naering\/\" target=\"_blank\"><span class=\"screen-reader-text\">Del p\u00e5 facebook<\/span><\/a>\n\t<\/div>\n\t\t\t\t\t<\/div>\n\t\t\t<\/div>\n\n\t\t\t<figure class=\"hoyre-image-wrapper\"><div class=\"hoyre-image\"><img loading=\"lazy\" decoding=\"async\" width=\"2500\" height=\"1669\" src=\"https:\/\/hoyre.no\/content\/uploads\/sites\/6\/2021\/05\/DSC_0590-scaled.jpg\" class=\"attachment-scaled size-scaled\" alt=\"\" style=\"object-position: 50% 50%\" srcset=\"https:\/\/hoyre.no\/content\/uploads\/sites\/6\/2021\/05\/DSC_0590-scaled.jpg 2500w, https:\/\/hoyre.no\/content\/uploads\/sites\/6\/2021\/05\/DSC_0590-300x200.jpg 300w, https:\/\/hoyre.no\/content\/uploads\/sites\/6\/2021\/05\/DSC_0590-1024x684.jpg 1024w, https:\/\/hoyre.no\/content\/uploads\/sites\/6\/2021\/05\/DSC_0590-768x513.jpg 768w, https:\/\/hoyre.no\/content\/uploads\/sites\/6\/2021\/05\/DSC_0590-1536x1025.jpg 1536w, https:\/\/hoyre.no\/content\/uploads\/sites\/6\/2021\/05\/DSC_0590-2048x1367.jpg 2048w\" sizes=\"auto, (max-width: 2500px) 100vw, 2500px\" \/><\/div><figcaption class=\"caption\">Stortingsrepresentant Ingunn Foss taler til H\u00f8yres Landsm\u00f8te 2021. Hun fremmet hvordan fiskerin\u00e6ringen  er viktig for nasjonal \u00f8konomi og distriktspolitisk identitet (Foto: Agder H\u00f8yre).<\/figcaption><\/figure>\n\n\n\n\n<p><strong>Kj\u00e6re landsm\u00f8te og dirigenter<\/strong><\/p>\n\n\n\n<p><strong>Fiskeri og Aquakulturn\u00e6ring er en viktig b\u00e6rebjelke i lokal og nasjonal \u00f8konomi og et sentralt element i v\u00e5r distriktspolitikk og identitet.\u00a0<\/strong><\/p>\n\n\n\n<p><strong>Den bl\u00e5 n\u00e6ringas rolle vil bli enda viktigere i fremtiden, noe politiske ambisjoner og prioriteringer b\u00e6rer preg av. Vi trenger mer mat og vi trenger flere arbeidsplasser i privat sektor.<\/strong><\/p>\n\n\n\n<p>I Agder preges n\u00e6ringen av stor vilje og evne til vekst, b\u00e5de i tradisjonelt fiskeri og aquakultur &#8211; og gjennom innovasjon og utforsking av nye produkter.&nbsp;<\/p>\n\n\n\n<p>Satsinger i bl\u00e5 n\u00e6ring har v\u00e6rt betydelig de siste \u00e5rene. Vi har f\u00e5tt landets to f\u00f8rste akvakulturtillatelser for brun\u00f8rret, vi har et sterkt produksjons- og kunnskapsmilj\u00f8 for rognkjeks og annen rensefisk. Det forskes p\u00e5 et b\u00e6rekraftig leppefiskeri, p\u00e5 levendelagring og arbeid med nye arter og verdikjeder.\u00a0\u00a0 <\/p>\n\n\n\n<p>Utviklingen bygger p\u00e5 en b\u00e6rekraftig bruk av rike naturressurser i sj\u00f8, vann og vassdrag, og kombinert med Agders geografiske beliggenhet og klimatiske forhold, ligger det godt til rette for \u00e5 skape verdier og arbeidsplasser.\u00a0\u00a0<\/p>\n\n\n\n<p>Samtidig melder n\u00e6ringsakt\u00f8rer om et misforhold mellom deres arbeid med \u00e5 etablere nye arbeidsplasser, \u00f8ke verdiskapingen og utvikle ei fremtidsretta, b\u00e6rekraftig n\u00e6ring &#8211; og forvaltningens evne til \u00e5 f\u00f8lge opp politiske ambisjoner.&nbsp;<\/p>\n\n\n\n<p>Mye tyder p\u00e5 at de ulike sektormyndighetene og forvaltningen som helhet mangler tilstrekkelig kapasitet og kompetanse.&nbsp;<\/p>\n\n\n\n<p>Dette resulterer i at s\u00f8knadsprosesser blir un\u00f8dvendig lange og ressurskrevende, at tidsfrister ikke overholdes og at un\u00f8dvendige konflikter mellom n\u00e6ringsakt\u00f8rer og myndighetene oppst\u00e5r.&nbsp; Dette skaper stor frustrasjon, koster mye penger og bidrar ikke til n\u00e6ringsutvikling og arbeidsplasser<\/p>\n\n\n\n<p>Kj\u00e6re Landsm\u00f8te<\/p>\n\n\n\n<p>P\u00e5 lokalt niv\u00e5 trenger vi mer kunnskap og et bedre samspill mellom de ulike delene av forvaltningen: kommuner, fylkeskommune, statsforvalter og sektormyndigheter \u2013 og mellom forvaltning og n\u00e6ring.&nbsp;<\/p>\n\n\n\n<p>P\u00e5 nasjonalt niv\u00e5 er det behov for en grundig gjennomgang av hvordan forvaltningen legger til rette for at bedriftene p\u00e5 en hensiktsmessig m\u00e5te kan bidra til \u00e5 oppfylle politiske ambisjoner for vekst i bl\u00e5 sektor.<\/p>\n\n\n\n<p><strong>Denne utfordringen m\u00e5 H\u00f8yre som n\u00e6ringsparti ta b\u00e5de lokalt og nasjonalt !<\/strong><\/p>\n\n\n\n<h3 class=\"wp-block-heading\">Stortingsrepresentant Ingunn Foss &#8211; Agder H\u00f8yre.<\/h3>\n\n\n<div class=\"tags\">\n\t<\/div>\n<div class=\"post-footer alignfull has-background block-editor-block-list__block\" data-align=full>\n\t<div class=\"post-footer-inner\">\n\t\t<h3>Relaterte artikler<\/h3>\n\t\t<div class=\"related-content\"><div class=\"is-card-hoyre\">\n\t<div class=\"teft-card hoyre-teft-card post-teft-card\">\n\t\t<a href=\"https:\/\/hoyre.no\/agder\/aktuelt\/agder-hoyre-onsker-dine-innspill-fylkestings-programmet\/\" class=\"teft-card__primary-action\">\n\n\t\t\t\t\t<div class=\"teft-card__media teft-card__media--16-9\">\n\t\t\t\t\t\t<img loading=\"lazy\" decoding=\"async\" width=\"768\" height=\"819\" src=\"https:\/\/hoyre.no\/content\/uploads\/sites\/6\/2025\/06\/DSC04923-edited-768x819.jpg\" class=\"attachment-medium_large size-medium_large\" alt=\"\" srcset=\"https:\/\/hoyre.no\/content\/uploads\/sites\/6\/2025\/06\/DSC04923-edited-768x819.jpg 768w, https:\/\/hoyre.no\/content\/uploads\/sites\/6\/2025\/06\/DSC04923-edited-281x300.jpg 281w, https:\/\/hoyre.no\/content\/uploads\/sites\/6\/2025\/06\/DSC04923-edited-960x1024.jpg 960w, https:\/\/hoyre.no\/content\/uploads\/sites\/6\/2025\/06\/DSC04923-edited-1440x1536.jpg 1440w, https:\/\/hoyre.no\/content\/uploads\/sites\/6\/2025\/06\/DSC04923-edited-1920x2048.jpg 1920w\" sizes=\"auto, (max-width: 768px) 100vw, 768px\" \/>\t\t<\/div>\n\t\t\n\t\t\t<div class=\"teft-card__content-wrapper\">\n\t\t\t\t<div class=\"teft-card__secondary\">\n\t\t\t\t\t\n\t\t\t\t\t\t\t\t<div class=\"teft-card__meta\">\n\t\t\t\t\t\t\t\t\t<span class=\"post-date\">21. apr 2026<\/span>\n\n\t\t\t\t\t\t\t\t\t<span class=\"post-category\">Nyheter<\/span>\t\t\t\t\t\t\t\t<\/div>\n\t\t\t\t\t\t\t\t\t\t\t<\/div>\n\n\t\t\t\t<div class=\"teft-card__primary\">\n\t\t\t\t\t<h2 class=\"teft-card__title\">Agder H\u00f8yres programprosess for Fylkestingsvalget 2027&nbsp;<span class=\"teft-card__primary-title-append\"><\/span><\/h2>\t\t\t\t<\/div>\n\t\t\t<\/div>\n\t\t<\/a>\n\t<\/div>\n\n\t<\/div><div class=\"is-card-hoyre\">\n\t<div class=\"teft-card hoyre-teft-card post-teft-card\">\n\t\t<a href=\"https:\/\/hoyre.no\/agder\/aktuelt\/agder-hoyres-nye-regionradgiver\/\" class=\"teft-card__primary-action\">\n\n\t\t\t\t\t<div class=\"teft-card__media teft-card__media--16-9\">\n\t\t\t\t\t\t<img loading=\"lazy\" decoding=\"async\" width=\"768\" height=\"768\" src=\"https:\/\/hoyre.no\/content\/uploads\/sites\/6\/2026\/03\/Aleksander-L-768x768.png\" class=\"attachment-medium_large size-medium_large\" alt=\"\" srcset=\"https:\/\/hoyre.no\/content\/uploads\/sites\/6\/2026\/03\/Aleksander-L-768x768.png 768w, https:\/\/hoyre.no\/content\/uploads\/sites\/6\/2026\/03\/Aleksander-L-e1775591785378-300x300.png 300w, https:\/\/hoyre.no\/content\/uploads\/sites\/6\/2026\/03\/Aleksander-L-e1775591785378-150x150.png 150w, https:\/\/hoyre.no\/content\/uploads\/sites\/6\/2026\/03\/Aleksander-L-e1775591785378.png 722w\" sizes=\"auto, (max-width: 768px) 100vw, 768px\" \/>\t\t<\/div>\n\t\t\n\t\t\t<div class=\"teft-card__content-wrapper\">\n\t\t\t\t<div class=\"teft-card__secondary\">\n\t\t\t\t\t\n\t\t\t\t\t\t\t\t<div class=\"teft-card__meta\">\n\t\t\t\t\t\t\t\t\t<span class=\"post-date\">23. mar 2026<\/span>\n\n\t\t\t\t\t\t\t\t\t\t\t\t\t\t\t\t\t<\/div>\n\t\t\t\t\t\t\t\t\t\t\t<\/div>\n\n\t\t\t\t<div class=\"teft-card__primary\">\n\t\t\t\t\t<h2 class=\"teft-card__title\">Agder H\u00f8yres nye regionr\u00e5dgiver&nbsp;<span class=\"teft-card__primary-title-append\"><\/span><\/h2>\t\t\t\t<\/div>\n\t\t\t<\/div>\n\t\t<\/a>\n\t<\/div>\n\n\t<\/div><div class=\"is-card-hoyre\">\n\t<div class=\"teft-card hoyre-teft-card post-teft-card\">\n\t\t<a href=\"https:\/\/hoyre.no\/agder\/aktuelt\/agder-hoyres-nominasjonsprosess-for-fylkestingsvalget-2027\/\" class=\"teft-card__primary-action\">\n\n\t\t\t\t\t<div class=\"teft-card__media teft-card__media--16-9\">\n\t\t\t\t\t\t<img loading=\"lazy\" decoding=\"async\" width=\"768\" height=\"512\" src=\"https:\/\/hoyre.no\/content\/uploads\/sites\/6\/2026\/03\/Haagen-Poppe-Foto-Hans-Kristian-Thorbjornsen-768x512.jpg\" class=\"attachment-medium_large size-medium_large\" alt=\"\" srcset=\"https:\/\/hoyre.no\/content\/uploads\/sites\/6\/2026\/03\/Haagen-Poppe-Foto-Hans-Kristian-Thorbjornsen-768x512.jpg 768w, https:\/\/hoyre.no\/content\/uploads\/sites\/6\/2026\/03\/Haagen-Poppe-Foto-Hans-Kristian-Thorbjornsen-300x200.jpg 300w, https:\/\/hoyre.no\/content\/uploads\/sites\/6\/2026\/03\/Haagen-Poppe-Foto-Hans-Kristian-Thorbjornsen-1024x683.jpg 1024w, https:\/\/hoyre.no\/content\/uploads\/sites\/6\/2026\/03\/Haagen-Poppe-Foto-Hans-Kristian-Thorbjornsen-1536x1025.jpg 1536w, https:\/\/hoyre.no\/content\/uploads\/sites\/6\/2026\/03\/Haagen-Poppe-Foto-Hans-Kristian-Thorbjornsen-2048x1366.jpg 2048w\" sizes=\"auto, (max-width: 768px) 100vw, 768px\" \/>\t\t<\/div>\n\t\t\n\t\t\t<div class=\"teft-card__content-wrapper\">\n\t\t\t\t<div class=\"teft-card__secondary\">\n\t\t\t\t\t\n\t\t\t\t\t\t\t\t<div class=\"teft-card__meta\">\n\t\t\t\t\t\t\t\t\t<span class=\"post-date\">5. mar 2026<\/span>\n\n\t\t\t\t\t\t\t\t\t\t\t\t\t\t\t\t\t<\/div>\n\t\t\t\t\t\t\t\t\t\t\t<\/div>\n\n\t\t\t\t<div class=\"teft-card__primary\">\n\t\t\t\t\t<h2 class=\"teft-card__title\">Agder H\u00f8yres nominasjonsprosess for  Fylkestingsvalget 2027&nbsp;<span class=\"teft-card__primary-title-append\"><\/span><\/h2>\t\t\t\t<\/div>\n\t\t\t<\/div>\n\t\t<\/a>\n\t<\/div>\n\n\t<\/div><\/div>\t<\/div>\n<\/div>\n","protected":false},"excerpt":{"rendered":"","protected":false},"author":13407,"featured_media":0,"comment_status":"closed","ping_status":"closed","sticky":false,"template":"","format":"standard","meta":{"teft_cards_image_url":"","teft_cards_custom_pretitle":"","teft_cards_image_id":831,"teft_cards_image_focal_point_x":0.5,"teft_cards_image_focal_point_y":0.5,"teft_cards_title":"","teft_cards_excerpt":"","teft_show_chapters":false,"author_display_name":"","footnotes":""},"category":[1],"post_tag":[],"hoyre-visibility":[],"article-type":[],"politician":[],"class_list":["post-830","post","type-post","status-publish","format-standard","hentry","category-ukategorisert"],"yoast_head":"<!-- This site is optimized with the Yoast SEO Premium plugin v26.5 (Yoast SEO v26.6) - https:\/\/yoast.com\/wordpress\/plugins\/seo\/ -->\n<title>Landsm\u00f8tetale: Godt offentlig samarbeid fremmer bl\u00e5 n\u00e6ring! - Agder H\u00f8yre<\/title>\n<meta name=\"robots\" content=\"index, follow, max-snippet:-1, max-image-preview:large, max-video-preview:-1\" \/>\n<link rel=\"canonical\" href=\"https:\/\/hoyre.no\/agder\/aktuelt\/landsmotetale-godt-offentlig-samarbeid-fremmer-bla-naering\/\" \/>\n<meta property=\"og:locale\" content=\"nb_NO\" \/>\n<meta property=\"og:type\" content=\"article\" \/>\n<meta property=\"og:title\" content=\"Landsm\u00f8tetale: Godt offentlig samarbeid fremmer bl\u00e5 n\u00e6ring!\" \/>\n<meta property=\"og:url\" content=\"https:\/\/hoyre.no\/agder\/aktuelt\/landsmotetale-godt-offentlig-samarbeid-fremmer-bla-naering\/\" \/>\n<meta property=\"og:site_name\" content=\"Agder H\u00f8yre\" \/>\n<meta property=\"article:published_time\" content=\"2021-05-14T15:16:48+00:00\" \/>\n<meta property=\"og:image\" content=\"https:\/\/hoyre.no\/content\/uploads\/sites\/6\/2026\/03\/Haagen-Poppe-Foto-Hans-Kristian-Thorbjornsen-1024x683.jpg\" \/>\n<meta name=\"author\" content=\"Sindre \u00d8verg\u00e5rd N\u00e6ss\" \/>\n<meta name=\"twitter:card\" content=\"summary_large_image\" \/>\n<meta name=\"twitter:label1\" content=\"Skrevet av\" \/>\n\t<meta name=\"twitter:data1\" content=\"Sindre \u00d8verg\u00e5rd N\u00e6ss\" \/>\n\t<meta name=\"twitter:label2\" content=\"Ansl. lesetid\" \/>\n\t<meta name=\"twitter:data2\" content=\"2 minutter\" \/>\n<script type=\"application\/ld+json\" class=\"yoast-schema-graph\">{\"@context\":\"https:\/\/schema.org\",\"@graph\":[{\"@type\":\"NewsArticle\",\"@id\":\"https:\/\/hoyre.no\/agder\/aktuelt\/landsmotetale-godt-offentlig-samarbeid-fremmer-bla-naering\/\",\"url\":\"https:\/\/hoyre.no\/agder\/aktuelt\/landsmotetale-godt-offentlig-samarbeid-fremmer-bla-naering\/\",\"name\":\"Landsm\u00f8tetale: Godt offentlig samarbeid fremmer bl\u00e5 n\u00e6ring! - Agder H\u00f8yre\",\"isPartOf\":{\"@id\":\"https:\/\/hoyre.no\/agder\/#website\"},\"datePublished\":\"2021-05-14T15:16:48+00:00\",\"author\":{\"@id\":\"https:\/\/hoyre.no\/agder\/#\/schema\/person\/af18aaaa0fa5b23bfe36f39bd69ef0e7\"},\"breadcrumb\":{\"@id\":\"https:\/\/hoyre.no\/agder\/aktuelt\/landsmotetale-godt-offentlig-samarbeid-fremmer-bla-naering\/#breadcrumb\"},\"inLanguage\":\"nb-NO\",\"potentialAction\":[{\"@type\":\"ReadAction\",\"target\":[\"https:\/\/hoyre.no\/agder\/aktuelt\/landsmotetale-godt-offentlig-samarbeid-fremmer-bla-naering\/\"]}]},{\"@type\":\"BreadcrumbList\",\"@id\":\"https:\/\/hoyre.no\/agder\/aktuelt\/landsmotetale-godt-offentlig-samarbeid-fremmer-bla-naering\/#breadcrumb\",\"itemListElement\":[{\"@type\":\"ListItem\",\"position\":1,\"name\":\"Til hoyre.no\",\"item\":\"https:\/\/hoyre.no\"},{\"@type\":\"ListItem\",\"position\":2,\"name\":\"Hjem\",\"item\":\"https:\/\/hoyre.no\/agder\/\"},{\"@type\":\"ListItem\",\"position\":3,\"name\":\"Landsm\u00f8tetale: Godt offentlig samarbeid fremmer bl\u00e5 n\u00e6ring!\"}]},{\"@type\":\"WebSite\",\"@id\":\"https:\/\/hoyre.no\/agder\/#website\",\"url\":\"https:\/\/hoyre.no\/agder\/\",\"name\":\"Agder H\u00f8yre\",\"description\":\"Bare enda et H\u00f8yres nettsteder-nettsted\",\"inLanguage\":\"nb-NO\"},{\"@type\":\"Person\",\"@id\":\"https:\/\/hoyre.no\/agder\/#\/schema\/person\/af18aaaa0fa5b23bfe36f39bd69ef0e7\",\"name\":\"Sindre \u00d8verg\u00e5rd N\u00e6ss\",\"image\":{\"@type\":\"ImageObject\",\"inLanguage\":\"nb-NO\",\"@id\":\"https:\/\/hoyre.no\/agder\/#\/schema\/person\/image\/\",\"url\":\"https:\/\/secure.gravatar.com\/avatar\/3cbd97e78ae303d4b4dd2f7c0420848ac9f0ef5670a00a261eccde5043da39ac?s=96&d=mm&r=g\",\"contentUrl\":\"https:\/\/secure.gravatar.com\/avatar\/3cbd97e78ae303d4b4dd2f7c0420848ac9f0ef5670a00a261eccde5043da39ac?s=96&d=mm&r=g\",\"caption\":\"Sindre \u00d8verg\u00e5rd N\u00e6ss\"},\"url\":\"https:\/\/hoyre.no\/agder\/aktuelt\/author\/m52011186\/\"}]}<\/script>\n<!-- \/ Yoast SEO Premium plugin. -->","yoast_head_json":{"title":"Landsm\u00f8tetale: Godt offentlig samarbeid fremmer bl\u00e5 n\u00e6ring! - Agder H\u00f8yre","robots":{"index":"index","follow":"follow","max-snippet":"max-snippet:-1","max-image-preview":"max-image-preview:large","max-video-preview":"max-video-preview:-1"},"canonical":"https:\/\/hoyre.no\/agder\/aktuelt\/landsmotetale-godt-offentlig-samarbeid-fremmer-bla-naering\/","og_locale":"nb_NO","og_type":"article","og_title":"Landsm\u00f8tetale: Godt offentlig samarbeid fremmer bl\u00e5 n\u00e6ring!","og_url":"https:\/\/hoyre.no\/agder\/aktuelt\/landsmotetale-godt-offentlig-samarbeid-fremmer-bla-naering\/","og_site_name":"Agder H\u00f8yre","article_published_time":"2021-05-14T15:16:48+00:00","og_image":[{"url":"https:\/\/hoyre.no\/content\/uploads\/sites\/6\/2026\/03\/Haagen-Poppe-Foto-Hans-Kristian-Thorbjornsen-1024x683.jpg","width":"","height":"","type":""}],"author":"Sindre \u00d8verg\u00e5rd N\u00e6ss","twitter_card":"summary_large_image","twitter_misc":{"Skrevet av":"Sindre \u00d8verg\u00e5rd N\u00e6ss","Ansl. lesetid":"2 minutter"},"schema":{"@context":"https:\/\/schema.org","@graph":[{"@type":"NewsArticle","@id":"https:\/\/hoyre.no\/agder\/aktuelt\/landsmotetale-godt-offentlig-samarbeid-fremmer-bla-naering\/","url":"https:\/\/hoyre.no\/agder\/aktuelt\/landsmotetale-godt-offentlig-samarbeid-fremmer-bla-naering\/","name":"Landsm\u00f8tetale: Godt offentlig samarbeid fremmer bl\u00e5 n\u00e6ring! - Agder H\u00f8yre","isPartOf":{"@id":"https:\/\/hoyre.no\/agder\/#website"},"datePublished":"2021-05-14T15:16:48+00:00","author":{"@id":"https:\/\/hoyre.no\/agder\/#\/schema\/person\/af18aaaa0fa5b23bfe36f39bd69ef0e7"},"breadcrumb":{"@id":"https:\/\/hoyre.no\/agder\/aktuelt\/landsmotetale-godt-offentlig-samarbeid-fremmer-bla-naering\/#breadcrumb"},"inLanguage":"nb-NO","potentialAction":[{"@type":"ReadAction","target":["https:\/\/hoyre.no\/agder\/aktuelt\/landsmotetale-godt-offentlig-samarbeid-fremmer-bla-naering\/"]}]},{"@type":"BreadcrumbList","@id":"https:\/\/hoyre.no\/agder\/aktuelt\/landsmotetale-godt-offentlig-samarbeid-fremmer-bla-naering\/#breadcrumb","itemListElement":[{"@type":"ListItem","position":1,"name":"Til hoyre.no","item":"https:\/\/hoyre.no"},{"@type":"ListItem","position":2,"name":"Hjem","item":"https:\/\/hoyre.no\/agder\/"},{"@type":"ListItem","position":3,"name":"Landsm\u00f8tetale: Godt offentlig samarbeid fremmer bl\u00e5 n\u00e6ring!"}]},{"@type":"WebSite","@id":"https:\/\/hoyre.no\/agder\/#website","url":"https:\/\/hoyre.no\/agder\/","name":"Agder H\u00f8yre","description":"Bare enda et H\u00f8yres nettsteder-nettsted","inLanguage":"nb-NO"},{"@type":"Person","@id":"https:\/\/hoyre.no\/agder\/#\/schema\/person\/af18aaaa0fa5b23bfe36f39bd69ef0e7","name":"Sindre \u00d8verg\u00e5rd N\u00e6ss","image":{"@type":"ImageObject","inLanguage":"nb-NO","@id":"https:\/\/hoyre.no\/agder\/#\/schema\/person\/image\/","url":"https:\/\/secure.gravatar.com\/avatar\/3cbd97e78ae303d4b4dd2f7c0420848ac9f0ef5670a00a261eccde5043da39ac?s=96&d=mm&r=g","contentUrl":"https:\/\/secure.gravatar.com\/avatar\/3cbd97e78ae303d4b4dd2f7c0420848ac9f0ef5670a00a261eccde5043da39ac?s=96&d=mm&r=g","caption":"Sindre \u00d8verg\u00e5rd N\u00e6ss"},"url":"https:\/\/hoyre.no\/agder\/aktuelt\/author\/m52011186\/"}]}},"distributor_meta":false,"distributor_terms":false,"distributor_media":false,"distributor_original_site_name":"Agder H\u00f8yre","distributor_original_site_url":"https:\/\/hoyre.no\/agder","push-errors":false,"_links":{"self":[{"href":"https:\/\/hoyre.no\/agder\/wp-json\/wp\/v2\/posts\/830","targetHints":{"allow":["GET"]}}],"collection":[{"href":"https:\/\/hoyre.no\/agder\/wp-json\/wp\/v2\/posts"}],"about":[{"href":"https:\/\/hoyre.no\/agder\/wp-json\/wp\/v2\/types\/post"}],"author":[{"embeddable":true,"href":"https:\/\/hoyre.no\/agder\/wp-json\/wp\/v2\/users\/13407"}],"replies":[{"embeddable":true,"href":"https:\/\/hoyre.no\/agder\/wp-json\/wp\/v2\/comments?post=830"}],"version-history":[{"count":1,"href":"https:\/\/hoyre.no\/agder\/wp-json\/wp\/v2\/posts\/830\/revisions"}],"predecessor-version":[{"id":833,"href":"https:\/\/hoyre.no\/agder\/wp-json\/wp\/v2\/posts\/830\/revisions\/833"}],"wp:attachment":[{"href":"https:\/\/hoyre.no\/agder\/wp-json\/wp\/v2\/media?parent=830"}],"wp:term":[{"taxonomy":"category","embeddable":true,"href":"https:\/\/hoyre.no\/agder\/wp-json\/wp\/v2\/category?post=830"},{"taxonomy":"post_tag","embeddable":true,"href":"https:\/\/hoyre.no\/agder\/wp-json\/wp\/v2\/post_tag?post=830"},{"taxonomy":"hoyre-visibility","embeddable":true,"href":"https:\/\/hoyre.no\/agder\/wp-json\/wp\/v2\/hoyre-visibility?post=830"},{"taxonomy":"article-type","embeddable":true,"href":"https:\/\/hoyre.no\/agder\/wp-json\/wp\/v2\/article-type?post=830"},{"taxonomy":"politician","embeddable":true,"href":"https:\/\/hoyre.no\/agder\/wp-json\/wp\/v2\/politician?post=830"}],"curies":[{"name":"wp","href":"https:\/\/api.w.org\/{rel}","templated":true}]}}