{"id":862,"date":"2021-05-15T13:31:40","date_gmt":"2021-05-15T11:31:40","guid":{"rendered":"https:\/\/hoyre.no\/agder\/?p=862"},"modified":"2021-05-15T13:31:41","modified_gmt":"2021-05-15T11:31:41","slug":"landsmotetale-gjor-det-lettere-for-studenter-som-trenger-bpa","status":"publish","type":"post","link":"https:\/\/hoyre.no\/agder\/aktuelt\/landsmotetale-gjor-det-lettere-for-studenter-som-trenger-bpa\/","title":{"rendered":"Landsm\u00f8tetale: Gj\u00f8r det lettere for studenter som trenger BPA!"},"content":{"rendered":"\n<p class=\"preamble\">Aase Marthe talte til H\u00f8yres landsm\u00f8te: &laquo;Stem for Agder H\u00f8yres forslag om bedre overgangsordning for BPA ved flytting til studiekommune, s\u00e5 flere kan f\u00e5 en aktiv og meningsfylt tilv\u00e6relse i fellesskap med andre, uansett hvor de vil studere.&raquo; <\/p>\t\t\t<div class=\"post-meta wp-block teft-byline-wrapper\">\n\t\t\t\t<div class=\"top\">\n\t\t\t\t\t<div class=\"signature\">\n\t\t\t\t\t\t<div class=\"teft-byline\">\n\t\t\t\t\t\t\t\t\t\t\t\t\t\t<div>\n\t\t\t\t\t\t\t\t<h3>H\u00f8yres redaksjon<\/h3>\t\t\t\t\t\t\t\t\n\t\t\t\t\t\t\t\t\t\t\t\t\t\t\t\t\t<span class=\"date\">Sist oppdatert: 15. mai 2021<\/span>\n\t\t\t\t\t\t\t\t\t\t\t\t\t\t\t\t\t\t\t\t\t\t\t\t\t<span class=\"reading-time\" itemprop=\"timeRequired\" content=\"PT2M\"><em>Ca. 2 minutter lesetid<\/em><\/span>\n\t\t\t\t\t\t\t\t\t\t\t\t\t\t\t<\/div>\n\t\t\t\t\t\t<\/div>\n\t\t\t\t\t<\/div>\n\t\t\t\t\t\t<div class=\"sharing\">\n\t\t<a class=\"share-button share-link copy-link\" data-copy=\"https:\/\/hoyre.no\/agder\/aktuelt\/landsmotetale-gjor-det-lettere-for-studenter-som-trenger-bpa\/\" target=\"_blank\"><span class=\"screen-reader-text\">Del link<\/span><\/a>\n\t\t<a class=\"share-button share-twitter\" href=\"http:\/\/twitter.com\/share?text=Landsm\u00f8tetale: Gj\u00f8r det lettere for studenter som trenger BPA!&#038;url=https:\/\/hoyre.no\/agder\/aktuelt\/landsmotetale-gjor-det-lettere-for-studenter-som-trenger-bpa\/&#038;hashtags=Hoyre\" target=\"_blank\"><span class=\"screen-reader-text\">Del p\u00e5 twitter<\/span><\/a>\n\t\t<a class=\"share-button share-facebook\" href=\"https:\/\/www.facebook.com\/sharer\/sharer.php?u=https:\/\/hoyre.no\/agder\/aktuelt\/landsmotetale-gjor-det-lettere-for-studenter-som-trenger-bpa\/\" target=\"_blank\"><span class=\"screen-reader-text\">Del p\u00e5 facebook<\/span><\/a>\n\t<\/div>\n\t\t\t\t\t<\/div>\n\t\t\t<\/div>\n\n\t\t\t<figure class=\"hoyre-image-wrapper\"><div class=\"hoyre-image\"><img loading=\"lazy\" decoding=\"async\" width=\"2500\" height=\"1669\" src=\"https:\/\/hoyre.no\/content\/uploads\/sites\/6\/2021\/05\/aase-m-scaled.jpg\" class=\"attachment-scaled size-scaled\" alt=\"\" style=\"object-position: 50% 50%\" srcset=\"https:\/\/hoyre.no\/content\/uploads\/sites\/6\/2021\/05\/aase-m-scaled.jpg 2500w, https:\/\/hoyre.no\/content\/uploads\/sites\/6\/2021\/05\/aase-m-300x200.jpg 300w, https:\/\/hoyre.no\/content\/uploads\/sites\/6\/2021\/05\/aase-m-1024x684.jpg 1024w, https:\/\/hoyre.no\/content\/uploads\/sites\/6\/2021\/05\/aase-m-768x513.jpg 768w, https:\/\/hoyre.no\/content\/uploads\/sites\/6\/2021\/05\/aase-m-1536x1025.jpg 1536w, https:\/\/hoyre.no\/content\/uploads\/sites\/6\/2021\/05\/aase-m-2048x1367.jpg 2048w\" sizes=\"auto, (max-width: 2500px) 100vw, 2500px\" \/><\/div><figcaption class=\"caption\">I dag talte Aase Marthe Johansen Horrigmo til H\u00f8yres landsm\u00f8te 2021. Hun understreket viktigheten av \u00e5 gj\u00f8re BPA-ordningen godt tilgjengelig for de studentene som er avhengige av den (Foto: Agder H\u00f8yre). <\/figcaption><\/figure>\n\n\n\n\n<p><strong>Kj\u00e6re landsm\u00f8te.<\/strong><\/p>\n\n\n\n<p>I programutkastet v\u00e5rt kan du lese f\u00f8lgende: &laquo;Vi tror at du selv vet best hva som passer best for deg.&raquo; I H\u00f8yre tror vi p\u00e5 enkeltmennesket, p\u00e5 valgfrihet og at beslutninger skal tas n\u00e6rmest mulig den det gjelder.<\/p>\n\n\n\n<p>For mange med funksjonsnedsettelser er dette verken en selvf\u00f8lge \u2013 eller en realitet. Derfor er ordningen BPA s\u00e5 viktig. BPA gir brukerne verdighet og muligheten til en aktiv og meningsfylt tilv\u00e6relse. BPA setter individet foran systemet.<\/p>\n\n\n\n<p>Kj\u00e6re landsm\u00f8te \u2013 BPA er et verkt\u00f8y for \u00e5 gjennomf\u00f8re H\u00f8yres politikk.<\/p>\n\n\n\n<p>Studietiden er en tid der mange flytter hjemmefra og starter voksenlivet p\u00e5 et nytt sted. Hvis du trenger BPA, er det ikke fritt frem \u00e5 velge studiested. Hvorfor? Jo, fordi det ikke er gitt at du f\u00e5r hjelpen du trenger n\u00e5r du flytter.<\/p>\n\n\n\n<p>De siste \u00e5rene har vi lest om studenter som Dagny Sofie, som mistet 122 BPA-timer da hun flyttet for \u00e5 studere biovitenskap. Hun sluttet \u00e5 studere. Eller Johannes, som ble sittende hjemme alene p\u00e5 studenthybelen mens de andre medstudentene ble kjent p\u00e5 fadderuka. Han m\u00e5tte flytte og bytte studiested, og fikk et nytt liv.<\/p>\n\n\n\n<p><strong>H\u00f8yre er kunnskapspartiet. Det forplikter. Vi kan ikke tillate at unge mennesker m\u00e5 slutte \u00e5 studere fordi de ikke f\u00e5r den hjelpen de trenger. Derfor, kj\u00e6re landsm\u00f8te, h\u00e5per jeg dere vil stemme for Agder H\u00f8yres forslag om bedre overgangsordning for BPA ved flytting til studiekommune, s\u00e5 flere kan f\u00e5 en aktiv og meningsfylt tilv\u00e6relse i felleskap med andre, uansett hvor de vil studere. Tusen takk!<\/strong><\/p>\n\n\n\n<h3 class=\"wp-block-heading\">Statssekret\u00e6r Aase Marthe Johansen Horrigmo &#8211; Agder H\u00f8yre.<\/h3>\n\n\n<div class=\"tags\">\n\t<\/div>\n<div class=\"post-footer alignfull has-background block-editor-block-list__block\" data-align=full>\n\t<div class=\"post-footer-inner\">\n\t\t<h3>Relaterte artikler<\/h3>\n\t\t<div class=\"related-content\"><div class=\"is-card-hoyre\">\n\t<div class=\"teft-card hoyre-teft-card post-teft-card\">\n\t\t<a href=\"https:\/\/hoyre.no\/agder\/aktuelt\/agder-hoyre-onsker-dine-innspill-fylkestings-programmet\/\" class=\"teft-card__primary-action\">\n\n\t\t\t\t\t<div class=\"teft-card__media teft-card__media--16-9\">\n\t\t\t\t\t\t<img loading=\"lazy\" decoding=\"async\" width=\"768\" height=\"819\" src=\"https:\/\/hoyre.no\/content\/uploads\/sites\/6\/2025\/06\/DSC04923-edited-768x819.jpg\" class=\"attachment-medium_large size-medium_large\" alt=\"\" srcset=\"https:\/\/hoyre.no\/content\/uploads\/sites\/6\/2025\/06\/DSC04923-edited-768x819.jpg 768w, https:\/\/hoyre.no\/content\/uploads\/sites\/6\/2025\/06\/DSC04923-edited-281x300.jpg 281w, https:\/\/hoyre.no\/content\/uploads\/sites\/6\/2025\/06\/DSC04923-edited-960x1024.jpg 960w, https:\/\/hoyre.no\/content\/uploads\/sites\/6\/2025\/06\/DSC04923-edited-1440x1536.jpg 1440w, https:\/\/hoyre.no\/content\/uploads\/sites\/6\/2025\/06\/DSC04923-edited-1920x2048.jpg 1920w\" sizes=\"auto, (max-width: 768px) 100vw, 768px\" \/>\t\t<\/div>\n\t\t\n\t\t\t<div class=\"teft-card__content-wrapper\">\n\t\t\t\t<div class=\"teft-card__secondary\">\n\t\t\t\t\t\n\t\t\t\t\t\t\t\t<div class=\"teft-card__meta\">\n\t\t\t\t\t\t\t\t\t<span class=\"post-date\">21. apr 2026<\/span>\n\n\t\t\t\t\t\t\t\t\t<span class=\"post-category\">Nyheter<\/span>\t\t\t\t\t\t\t\t<\/div>\n\t\t\t\t\t\t\t\t\t\t\t<\/div>\n\n\t\t\t\t<div class=\"teft-card__primary\">\n\t\t\t\t\t<h2 class=\"teft-card__title\">Agder H\u00f8yres programprosess for Fylkestingsvalget 2027&nbsp;<span class=\"teft-card__primary-title-append\"><\/span><\/h2>\t\t\t\t<\/div>\n\t\t\t<\/div>\n\t\t<\/a>\n\t<\/div>\n\n\t<\/div><div class=\"is-card-hoyre\">\n\t<div class=\"teft-card hoyre-teft-card post-teft-card\">\n\t\t<a href=\"https:\/\/hoyre.no\/agder\/aktuelt\/agder-hoyres-nye-regionradgiver\/\" class=\"teft-card__primary-action\">\n\n\t\t\t\t\t<div class=\"teft-card__media teft-card__media--16-9\">\n\t\t\t\t\t\t<img loading=\"lazy\" decoding=\"async\" width=\"768\" height=\"768\" src=\"https:\/\/hoyre.no\/content\/uploads\/sites\/6\/2026\/03\/Aleksander-L-768x768.png\" class=\"attachment-medium_large size-medium_large\" alt=\"\" srcset=\"https:\/\/hoyre.no\/content\/uploads\/sites\/6\/2026\/03\/Aleksander-L-768x768.png 768w, https:\/\/hoyre.no\/content\/uploads\/sites\/6\/2026\/03\/Aleksander-L-e1775591785378-300x300.png 300w, https:\/\/hoyre.no\/content\/uploads\/sites\/6\/2026\/03\/Aleksander-L-e1775591785378-150x150.png 150w, https:\/\/hoyre.no\/content\/uploads\/sites\/6\/2026\/03\/Aleksander-L-e1775591785378.png 722w\" sizes=\"auto, (max-width: 768px) 100vw, 768px\" \/>\t\t<\/div>\n\t\t\n\t\t\t<div class=\"teft-card__content-wrapper\">\n\t\t\t\t<div class=\"teft-card__secondary\">\n\t\t\t\t\t\n\t\t\t\t\t\t\t\t<div class=\"teft-card__meta\">\n\t\t\t\t\t\t\t\t\t<span class=\"post-date\">23. mar 2026<\/span>\n\n\t\t\t\t\t\t\t\t\t\t\t\t\t\t\t\t\t<\/div>\n\t\t\t\t\t\t\t\t\t\t\t<\/div>\n\n\t\t\t\t<div class=\"teft-card__primary\">\n\t\t\t\t\t<h2 class=\"teft-card__title\">Agder H\u00f8yres nye regionr\u00e5dgiver&nbsp;<span class=\"teft-card__primary-title-append\"><\/span><\/h2>\t\t\t\t<\/div>\n\t\t\t<\/div>\n\t\t<\/a>\n\t<\/div>\n\n\t<\/div><div class=\"is-card-hoyre\">\n\t<div class=\"teft-card hoyre-teft-card post-teft-card\">\n\t\t<a href=\"https:\/\/hoyre.no\/agder\/aktuelt\/agder-hoyres-nominasjonsprosess-for-fylkestingsvalget-2027\/\" class=\"teft-card__primary-action\">\n\n\t\t\t\t\t<div class=\"teft-card__media teft-card__media--16-9\">\n\t\t\t\t\t\t<img loading=\"lazy\" decoding=\"async\" width=\"768\" height=\"512\" src=\"https:\/\/hoyre.no\/content\/uploads\/sites\/6\/2026\/03\/Haagen-Poppe-Foto-Hans-Kristian-Thorbjornsen-768x512.jpg\" class=\"attachment-medium_large size-medium_large\" alt=\"\" srcset=\"https:\/\/hoyre.no\/content\/uploads\/sites\/6\/2026\/03\/Haagen-Poppe-Foto-Hans-Kristian-Thorbjornsen-768x512.jpg 768w, https:\/\/hoyre.no\/content\/uploads\/sites\/6\/2026\/03\/Haagen-Poppe-Foto-Hans-Kristian-Thorbjornsen-300x200.jpg 300w, https:\/\/hoyre.no\/content\/uploads\/sites\/6\/2026\/03\/Haagen-Poppe-Foto-Hans-Kristian-Thorbjornsen-1024x683.jpg 1024w, https:\/\/hoyre.no\/content\/uploads\/sites\/6\/2026\/03\/Haagen-Poppe-Foto-Hans-Kristian-Thorbjornsen-1536x1025.jpg 1536w, https:\/\/hoyre.no\/content\/uploads\/sites\/6\/2026\/03\/Haagen-Poppe-Foto-Hans-Kristian-Thorbjornsen-2048x1366.jpg 2048w\" sizes=\"auto, (max-width: 768px) 100vw, 768px\" \/>\t\t<\/div>\n\t\t\n\t\t\t<div class=\"teft-card__content-wrapper\">\n\t\t\t\t<div class=\"teft-card__secondary\">\n\t\t\t\t\t\n\t\t\t\t\t\t\t\t<div class=\"teft-card__meta\">\n\t\t\t\t\t\t\t\t\t<span class=\"post-date\">5. mar 2026<\/span>\n\n\t\t\t\t\t\t\t\t\t\t\t\t\t\t\t\t\t<\/div>\n\t\t\t\t\t\t\t\t\t\t\t<\/div>\n\n\t\t\t\t<div class=\"teft-card__primary\">\n\t\t\t\t\t<h2 class=\"teft-card__title\">Agder H\u00f8yres nominasjonsprosess for  Fylkestingsvalget 2027&nbsp;<span class=\"teft-card__primary-title-append\"><\/span><\/h2>\t\t\t\t<\/div>\n\t\t\t<\/div>\n\t\t<\/a>\n\t<\/div>\n\n\t<\/div><\/div>\t<\/div>\n<\/div>\n","protected":false},"excerpt":{"rendered":"","protected":false},"author":13407,"featured_media":0,"comment_status":"closed","ping_status":"closed","sticky":false,"template":"","format":"standard","meta":{"teft_cards_image_url":"","teft_cards_custom_pretitle":"","teft_cards_image_id":866,"teft_cards_image_focal_point_x":0.5,"teft_cards_image_focal_point_y":0.5,"teft_cards_title":"","teft_cards_excerpt":"","teft_show_chapters":false,"author_display_name":"","footnotes":""},"category":[1],"post_tag":[],"hoyre-visibility":[],"article-type":[],"politician":[],"class_list":["post-862","post","type-post","status-publish","format-standard","hentry","category-ukategorisert"],"yoast_head":"<!-- This site is optimized with the Yoast SEO Premium plugin v26.5 (Yoast SEO v26.6) - https:\/\/yoast.com\/wordpress\/plugins\/seo\/ -->\n<title>Landsm\u00f8tetale: Gj\u00f8r det lettere for studenter som trenger BPA! - Agder H\u00f8yre<\/title>\n<meta name=\"robots\" content=\"index, follow, max-snippet:-1, max-image-preview:large, max-video-preview:-1\" \/>\n<link rel=\"canonical\" href=\"https:\/\/hoyre.no\/agder\/aktuelt\/landsmotetale-gjor-det-lettere-for-studenter-som-trenger-bpa\/\" \/>\n<meta property=\"og:locale\" content=\"nb_NO\" \/>\n<meta property=\"og:type\" content=\"article\" \/>\n<meta property=\"og:title\" content=\"Landsm\u00f8tetale: Gj\u00f8r det lettere for studenter som trenger BPA!\" \/>\n<meta property=\"og:url\" content=\"https:\/\/hoyre.no\/agder\/aktuelt\/landsmotetale-gjor-det-lettere-for-studenter-som-trenger-bpa\/\" \/>\n<meta property=\"og:site_name\" content=\"Agder H\u00f8yre\" \/>\n<meta property=\"article:published_time\" content=\"2021-05-15T11:31:40+00:00\" \/>\n<meta property=\"article:modified_time\" content=\"2021-05-15T11:31:41+00:00\" \/>\n<meta property=\"og:image\" content=\"https:\/\/hoyre.no\/content\/uploads\/sites\/6\/2026\/03\/Haagen-Poppe-Foto-Hans-Kristian-Thorbjornsen-1024x683.jpg\" \/>\n<meta name=\"author\" content=\"Sindre \u00d8verg\u00e5rd N\u00e6ss\" \/>\n<meta name=\"twitter:card\" content=\"summary_large_image\" \/>\n<meta name=\"twitter:label1\" content=\"Skrevet av\" \/>\n\t<meta name=\"twitter:data1\" content=\"Sindre \u00d8verg\u00e5rd N\u00e6ss\" \/>\n\t<meta name=\"twitter:label2\" content=\"Ansl. lesetid\" \/>\n\t<meta name=\"twitter:data2\" content=\"2 minutter\" \/>\n<script type=\"application\/ld+json\" class=\"yoast-schema-graph\">{\"@context\":\"https:\/\/schema.org\",\"@graph\":[{\"@type\":\"NewsArticle\",\"@id\":\"https:\/\/hoyre.no\/agder\/aktuelt\/landsmotetale-gjor-det-lettere-for-studenter-som-trenger-bpa\/\",\"url\":\"https:\/\/hoyre.no\/agder\/aktuelt\/landsmotetale-gjor-det-lettere-for-studenter-som-trenger-bpa\/\",\"name\":\"Landsm\u00f8tetale: Gj\u00f8r det lettere for studenter som trenger BPA! - Agder H\u00f8yre\",\"isPartOf\":{\"@id\":\"https:\/\/hoyre.no\/agder\/#website\"},\"datePublished\":\"2021-05-15T11:31:40+00:00\",\"dateModified\":\"2021-05-15T11:31:41+00:00\",\"author\":{\"@id\":\"https:\/\/hoyre.no\/agder\/#\/schema\/person\/af18aaaa0fa5b23bfe36f39bd69ef0e7\"},\"breadcrumb\":{\"@id\":\"https:\/\/hoyre.no\/agder\/aktuelt\/landsmotetale-gjor-det-lettere-for-studenter-som-trenger-bpa\/#breadcrumb\"},\"inLanguage\":\"nb-NO\",\"potentialAction\":[{\"@type\":\"ReadAction\",\"target\":[\"https:\/\/hoyre.no\/agder\/aktuelt\/landsmotetale-gjor-det-lettere-for-studenter-som-trenger-bpa\/\"]}]},{\"@type\":\"BreadcrumbList\",\"@id\":\"https:\/\/hoyre.no\/agder\/aktuelt\/landsmotetale-gjor-det-lettere-for-studenter-som-trenger-bpa\/#breadcrumb\",\"itemListElement\":[{\"@type\":\"ListItem\",\"position\":1,\"name\":\"Til hoyre.no\",\"item\":\"https:\/\/hoyre.no\"},{\"@type\":\"ListItem\",\"position\":2,\"name\":\"Hjem\",\"item\":\"https:\/\/hoyre.no\/agder\/\"},{\"@type\":\"ListItem\",\"position\":3,\"name\":\"Landsm\u00f8tetale: Gj\u00f8r det lettere for studenter som trenger BPA!\"}]},{\"@type\":\"WebSite\",\"@id\":\"https:\/\/hoyre.no\/agder\/#website\",\"url\":\"https:\/\/hoyre.no\/agder\/\",\"name\":\"Agder H\u00f8yre\",\"description\":\"Bare enda et H\u00f8yres nettsteder-nettsted\",\"inLanguage\":\"nb-NO\"},{\"@type\":\"Person\",\"@id\":\"https:\/\/hoyre.no\/agder\/#\/schema\/person\/af18aaaa0fa5b23bfe36f39bd69ef0e7\",\"name\":\"Sindre \u00d8verg\u00e5rd N\u00e6ss\",\"image\":{\"@type\":\"ImageObject\",\"inLanguage\":\"nb-NO\",\"@id\":\"https:\/\/hoyre.no\/agder\/#\/schema\/person\/image\/\",\"url\":\"https:\/\/secure.gravatar.com\/avatar\/3cbd97e78ae303d4b4dd2f7c0420848ac9f0ef5670a00a261eccde5043da39ac?s=96&d=mm&r=g\",\"contentUrl\":\"https:\/\/secure.gravatar.com\/avatar\/3cbd97e78ae303d4b4dd2f7c0420848ac9f0ef5670a00a261eccde5043da39ac?s=96&d=mm&r=g\",\"caption\":\"Sindre \u00d8verg\u00e5rd N\u00e6ss\"},\"url\":\"https:\/\/hoyre.no\/agder\/aktuelt\/author\/m52011186\/\"}]}<\/script>\n<!-- \/ Yoast SEO Premium plugin. -->","yoast_head_json":{"title":"Landsm\u00f8tetale: Gj\u00f8r det lettere for studenter som trenger BPA! - Agder H\u00f8yre","robots":{"index":"index","follow":"follow","max-snippet":"max-snippet:-1","max-image-preview":"max-image-preview:large","max-video-preview":"max-video-preview:-1"},"canonical":"https:\/\/hoyre.no\/agder\/aktuelt\/landsmotetale-gjor-det-lettere-for-studenter-som-trenger-bpa\/","og_locale":"nb_NO","og_type":"article","og_title":"Landsm\u00f8tetale: Gj\u00f8r det lettere for studenter som trenger BPA!","og_url":"https:\/\/hoyre.no\/agder\/aktuelt\/landsmotetale-gjor-det-lettere-for-studenter-som-trenger-bpa\/","og_site_name":"Agder H\u00f8yre","article_published_time":"2021-05-15T11:31:40+00:00","article_modified_time":"2021-05-15T11:31:41+00:00","og_image":[{"url":"https:\/\/hoyre.no\/content\/uploads\/sites\/6\/2026\/03\/Haagen-Poppe-Foto-Hans-Kristian-Thorbjornsen-1024x683.jpg","width":"","height":"","type":""}],"author":"Sindre \u00d8verg\u00e5rd N\u00e6ss","twitter_card":"summary_large_image","twitter_misc":{"Skrevet av":"Sindre \u00d8verg\u00e5rd N\u00e6ss","Ansl. lesetid":"2 minutter"},"schema":{"@context":"https:\/\/schema.org","@graph":[{"@type":"NewsArticle","@id":"https:\/\/hoyre.no\/agder\/aktuelt\/landsmotetale-gjor-det-lettere-for-studenter-som-trenger-bpa\/","url":"https:\/\/hoyre.no\/agder\/aktuelt\/landsmotetale-gjor-det-lettere-for-studenter-som-trenger-bpa\/","name":"Landsm\u00f8tetale: Gj\u00f8r det lettere for studenter som trenger BPA! - Agder H\u00f8yre","isPartOf":{"@id":"https:\/\/hoyre.no\/agder\/#website"},"datePublished":"2021-05-15T11:31:40+00:00","dateModified":"2021-05-15T11:31:41+00:00","author":{"@id":"https:\/\/hoyre.no\/agder\/#\/schema\/person\/af18aaaa0fa5b23bfe36f39bd69ef0e7"},"breadcrumb":{"@id":"https:\/\/hoyre.no\/agder\/aktuelt\/landsmotetale-gjor-det-lettere-for-studenter-som-trenger-bpa\/#breadcrumb"},"inLanguage":"nb-NO","potentialAction":[{"@type":"ReadAction","target":["https:\/\/hoyre.no\/agder\/aktuelt\/landsmotetale-gjor-det-lettere-for-studenter-som-trenger-bpa\/"]}]},{"@type":"BreadcrumbList","@id":"https:\/\/hoyre.no\/agder\/aktuelt\/landsmotetale-gjor-det-lettere-for-studenter-som-trenger-bpa\/#breadcrumb","itemListElement":[{"@type":"ListItem","position":1,"name":"Til hoyre.no","item":"https:\/\/hoyre.no"},{"@type":"ListItem","position":2,"name":"Hjem","item":"https:\/\/hoyre.no\/agder\/"},{"@type":"ListItem","position":3,"name":"Landsm\u00f8tetale: Gj\u00f8r det lettere for studenter som trenger BPA!"}]},{"@type":"WebSite","@id":"https:\/\/hoyre.no\/agder\/#website","url":"https:\/\/hoyre.no\/agder\/","name":"Agder H\u00f8yre","description":"Bare enda et H\u00f8yres nettsteder-nettsted","inLanguage":"nb-NO"},{"@type":"Person","@id":"https:\/\/hoyre.no\/agder\/#\/schema\/person\/af18aaaa0fa5b23bfe36f39bd69ef0e7","name":"Sindre \u00d8verg\u00e5rd N\u00e6ss","image":{"@type":"ImageObject","inLanguage":"nb-NO","@id":"https:\/\/hoyre.no\/agder\/#\/schema\/person\/image\/","url":"https:\/\/secure.gravatar.com\/avatar\/3cbd97e78ae303d4b4dd2f7c0420848ac9f0ef5670a00a261eccde5043da39ac?s=96&d=mm&r=g","contentUrl":"https:\/\/secure.gravatar.com\/avatar\/3cbd97e78ae303d4b4dd2f7c0420848ac9f0ef5670a00a261eccde5043da39ac?s=96&d=mm&r=g","caption":"Sindre \u00d8verg\u00e5rd N\u00e6ss"},"url":"https:\/\/hoyre.no\/agder\/aktuelt\/author\/m52011186\/"}]}},"distributor_meta":false,"distributor_terms":false,"distributor_media":false,"distributor_original_site_name":"Agder H\u00f8yre","distributor_original_site_url":"https:\/\/hoyre.no\/agder","push-errors":false,"_links":{"self":[{"href":"https:\/\/hoyre.no\/agder\/wp-json\/wp\/v2\/posts\/862","targetHints":{"allow":["GET"]}}],"collection":[{"href":"https:\/\/hoyre.no\/agder\/wp-json\/wp\/v2\/posts"}],"about":[{"href":"https:\/\/hoyre.no\/agder\/wp-json\/wp\/v2\/types\/post"}],"author":[{"embeddable":true,"href":"https:\/\/hoyre.no\/agder\/wp-json\/wp\/v2\/users\/13407"}],"replies":[{"embeddable":true,"href":"https:\/\/hoyre.no\/agder\/wp-json\/wp\/v2\/comments?post=862"}],"version-history":[{"count":2,"href":"https:\/\/hoyre.no\/agder\/wp-json\/wp\/v2\/posts\/862\/revisions"}],"predecessor-version":[{"id":867,"href":"https:\/\/hoyre.no\/agder\/wp-json\/wp\/v2\/posts\/862\/revisions\/867"}],"wp:attachment":[{"href":"https:\/\/hoyre.no\/agder\/wp-json\/wp\/v2\/media?parent=862"}],"wp:term":[{"taxonomy":"category","embeddable":true,"href":"https:\/\/hoyre.no\/agder\/wp-json\/wp\/v2\/category?post=862"},{"taxonomy":"post_tag","embeddable":true,"href":"https:\/\/hoyre.no\/agder\/wp-json\/wp\/v2\/post_tag?post=862"},{"taxonomy":"hoyre-visibility","embeddable":true,"href":"https:\/\/hoyre.no\/agder\/wp-json\/wp\/v2\/hoyre-visibility?post=862"},{"taxonomy":"article-type","embeddable":true,"href":"https:\/\/hoyre.no\/agder\/wp-json\/wp\/v2\/article-type?post=862"},{"taxonomy":"politician","embeddable":true,"href":"https:\/\/hoyre.no\/agder\/wp-json\/wp\/v2\/politician?post=862"}],"curies":[{"name":"wp","href":"https:\/\/api.w.org\/{rel}","templated":true}]}}