{"id":917,"date":"2021-05-22T18:21:36","date_gmt":"2021-05-22T16:21:36","guid":{"rendered":"https:\/\/hoyre.no\/agder\/?p=917"},"modified":"2021-05-22T19:14:09","modified_gmt":"2021-05-22T17:14:09","slug":"bent-hoie-og-agder-hoyre-diskuterte-forholdene-ved-sorlandet-sykehus","status":"publish","type":"post","link":"https:\/\/hoyre.no\/agder\/aktuelt\/bent-hoie-og-agder-hoyre-diskuterte-forholdene-ved-sorlandet-sykehus\/","title":{"rendered":"Bent H\u00f8ie og Agder H\u00f8yre diskuterte forholdene ved S\u00f8rlandet sykehus"},"content":{"rendered":"\n<p class=\"preamble\">Stortingskandidat Aase Marthe J. Horrigmo sier det er \u00e5penbart at vi m\u00e5 jobbe for en ny kvinneklinikk ved S\u00f8rlandet sykehus. Historiene som F\u00e6drelandsvennen har fortalt om forholdene ved kvinneklinikken gjorde sterkt inntrykk.<\/p>\t\t\t<div class=\"post-meta wp-block teft-byline-wrapper\">\n\t\t\t\t<div class=\"top\">\n\t\t\t\t\t<div class=\"signature\">\n\t\t\t\t\t\t<div class=\"teft-byline\">\n\t\t\t\t\t\t\t\t\t\t\t\t\t\t<div>\n\t\t\t\t\t\t\t\t<h3>H\u00f8yres redaksjon<\/h3>\t\t\t\t\t\t\t\t\n\t\t\t\t\t\t\t\t\t\t\t\t\t\t\t\t\t<span class=\"date\">Sist oppdatert: 22. mai 2021<\/span>\n\t\t\t\t\t\t\t\t\t\t\t\t\t\t\t\t\t\t\t\t\t\t\t\t\t<span class=\"reading-time\" itemprop=\"timeRequired\" content=\"PT2M\"><em>Ca. 2 minutter lesetid<\/em><\/span>\n\t\t\t\t\t\t\t\t\t\t\t\t\t\t\t<\/div>\n\t\t\t\t\t\t<\/div>\n\t\t\t\t\t<\/div>\n\t\t\t\t\t\t<div class=\"sharing\">\n\t\t<a class=\"share-button share-link copy-link\" data-copy=\"https:\/\/hoyre.no\/agder\/aktuelt\/bent-hoie-og-agder-hoyre-diskuterte-forholdene-ved-sorlandet-sykehus\/\" target=\"_blank\"><span class=\"screen-reader-text\">Del link<\/span><\/a>\n\t\t<a class=\"share-button share-twitter\" href=\"http:\/\/twitter.com\/share?text=Bent H\u00f8ie og Agder H\u00f8yre diskuterte forholdene ved S\u00f8rlandet sykehus&#038;url=https:\/\/hoyre.no\/agder\/aktuelt\/bent-hoie-og-agder-hoyre-diskuterte-forholdene-ved-sorlandet-sykehus\/&#038;hashtags=Hoyre\" target=\"_blank\"><span class=\"screen-reader-text\">Del p\u00e5 twitter<\/span><\/a>\n\t\t<a class=\"share-button share-facebook\" href=\"https:\/\/www.facebook.com\/sharer\/sharer.php?u=https:\/\/hoyre.no\/agder\/aktuelt\/bent-hoie-og-agder-hoyre-diskuterte-forholdene-ved-sorlandet-sykehus\/\" target=\"_blank\"><span class=\"screen-reader-text\">Del p\u00e5 facebook<\/span><\/a>\n\t<\/div>\n\t\t\t\t\t<\/div>\n\t\t\t<\/div>\n\n\t\t\t<figure class=\"hoyre-image-wrapper\"><div class=\"hoyre-image\"><img loading=\"lazy\" decoding=\"async\" width=\"2048\" height=\"1367\" src=\"https:\/\/hoyre.no\/content\/uploads\/sites\/6\/2021\/05\/AM-serios.jpg\" class=\"attachment-scaled size-scaled\" alt=\"\" style=\"object-position: 50% 50%\" srcset=\"https:\/\/hoyre.no\/content\/uploads\/sites\/6\/2021\/05\/AM-serios.jpg 2048w, https:\/\/hoyre.no\/content\/uploads\/sites\/6\/2021\/05\/AM-serios-300x200.jpg 300w, https:\/\/hoyre.no\/content\/uploads\/sites\/6\/2021\/05\/AM-serios-1024x684.jpg 1024w, https:\/\/hoyre.no\/content\/uploads\/sites\/6\/2021\/05\/AM-serios-768x513.jpg 768w, https:\/\/hoyre.no\/content\/uploads\/sites\/6\/2021\/05\/AM-serios-1536x1025.jpg 1536w\" sizes=\"auto, (max-width: 2048px) 100vw, 2048px\" \/><\/div><figcaption class=\"caption\">Stortingskandidat Aase Marthe J. Horrigmo har en m\u00e5lsetning om \u00e5 f\u00e5 en ny kvinneklinikk ved S\u00f8rlandet sykehus, og understreker at vi ikke kan vente i \u00e5revis f\u00f8r den kommer p\u00e5 plass (Foto: Agder H\u00f8yre). <\/figcaption><\/figure>\n\n\n\n\n<p><strong>Onsdag diskuterte Helseminister Bent H\u00f8ie forholdene p\u00e5 S\u00f8rlandet sykehus med sine partifeller i Agder H\u00f8yre. Stortingskandidat Aase Marthe J. Horrigmo var veldig forn\u00f8yd med at de fikk diskutert problemstillingen, og at det skal jobbes for endringer i tiden som kommer.<\/strong><\/p>\n\n\n\n<p>I et intervju med F\u00e6drelandsvennen, sa Horrigmo at hun var glad for at de fikk til et m\u00f8te med Helseministeren, og at det er viktig \u00e5 h\u00f8re historiene til ansatte, pasienter og p\u00e5r\u00f8rende for \u00e5 kunne f\u00e5 et godt bilde av situasjonen.<\/p>\n\n\n\n<h2 class=\"wp-block-heading\" id=\"h-regionens-ordf-rere-burde-ta-grep\"><strong>Regionens ordf\u00f8rere burde ta grep<\/strong><\/h2>\n\n\n\n<p>Horrigmo kunne \u00f8nske at ordf\u00f8rerne i regionen kunne tatt tidligere grep for \u00e5 forhindre dette. Hun trekker frem Harald Furre sitt forslag fra 2018, som handlet om samarbeid mellom kommunen og staten for \u00e5 bidra til \u00e5 finansiere nybygg. Ogs\u00e5 Fylkesordf\u00f8reren, Arne Thomassen, er enig i at engasjementet rundt S\u00f8rlandet sykehus har v\u00e6rt alt for d\u00e5rlig de siste \u00e5rene .<\/p>\n\n\n\n<p>Helse S\u00f8r-\u00f8st f\u00e5r mye av skylden for at denne prosessen har g\u00e5tt under radaren. Horrigmo refererer til at det var her det ble besluttet \u00e5 kutte en milliard kroner, selv om Helsedepartementet var positive til en samarbeidsmodell. <\/p>\n\n\n\n<p>B\u00e5de fylkesordf\u00f8reren og Horrigmo er forn\u00f8yde med at kristiansandsregionen igjen har satt lys p\u00e5 sykehuset. Forh\u00e5pentligvis begynner arbeidet for \u00e5 f\u00e5 en ny kvinneklinikk for fullt i n\u00e6rmeste fremtid. <\/p>\n\n\n<div class=\"tags\">\n\t<\/div>\n<div class=\"post-footer alignfull has-background block-editor-block-list__block\" data-align=full>\n\t<div class=\"post-footer-inner\">\n\t\t<h3>Relaterte artikler<\/h3>\n\t\t<div class=\"related-content\"><div class=\"is-card-hoyre\">\n\t<div class=\"teft-card hoyre-teft-card post-teft-card\">\n\t\t<a href=\"https:\/\/hoyre.no\/agder\/aktuelt\/agder-hoyre-onsker-dine-innspill-fylkestings-programmet\/\" class=\"teft-card__primary-action\">\n\n\t\t\t\t\t<div class=\"teft-card__media teft-card__media--16-9\">\n\t\t\t\t\t\t<img loading=\"lazy\" decoding=\"async\" width=\"768\" height=\"819\" src=\"https:\/\/hoyre.no\/content\/uploads\/sites\/6\/2025\/06\/DSC04923-edited-768x819.jpg\" class=\"attachment-medium_large size-medium_large\" alt=\"\" srcset=\"https:\/\/hoyre.no\/content\/uploads\/sites\/6\/2025\/06\/DSC04923-edited-768x819.jpg 768w, https:\/\/hoyre.no\/content\/uploads\/sites\/6\/2025\/06\/DSC04923-edited-281x300.jpg 281w, https:\/\/hoyre.no\/content\/uploads\/sites\/6\/2025\/06\/DSC04923-edited-960x1024.jpg 960w, https:\/\/hoyre.no\/content\/uploads\/sites\/6\/2025\/06\/DSC04923-edited-1440x1536.jpg 1440w, https:\/\/hoyre.no\/content\/uploads\/sites\/6\/2025\/06\/DSC04923-edited-1920x2048.jpg 1920w\" sizes=\"auto, (max-width: 768px) 100vw, 768px\" \/>\t\t<\/div>\n\t\t\n\t\t\t<div class=\"teft-card__content-wrapper\">\n\t\t\t\t<div class=\"teft-card__secondary\">\n\t\t\t\t\t\n\t\t\t\t\t\t\t\t<div class=\"teft-card__meta\">\n\t\t\t\t\t\t\t\t\t<span class=\"post-date\">21. apr 2026<\/span>\n\n\t\t\t\t\t\t\t\t\t<span class=\"post-category\">Nyheter<\/span>\t\t\t\t\t\t\t\t<\/div>\n\t\t\t\t\t\t\t\t\t\t\t<\/div>\n\n\t\t\t\t<div class=\"teft-card__primary\">\n\t\t\t\t\t<h2 class=\"teft-card__title\">Agder H\u00f8yres programprosess for Fylkestingsvalget 2027&nbsp;<span class=\"teft-card__primary-title-append\"><\/span><\/h2>\t\t\t\t<\/div>\n\t\t\t<\/div>\n\t\t<\/a>\n\t<\/div>\n\n\t<\/div><div class=\"is-card-hoyre\">\n\t<div class=\"teft-card hoyre-teft-card post-teft-card\">\n\t\t<a href=\"https:\/\/hoyre.no\/agder\/aktuelt\/agder-hoyres-nye-regionradgiver\/\" class=\"teft-card__primary-action\">\n\n\t\t\t\t\t<div class=\"teft-card__media teft-card__media--16-9\">\n\t\t\t\t\t\t<img loading=\"lazy\" decoding=\"async\" width=\"768\" height=\"768\" src=\"https:\/\/hoyre.no\/content\/uploads\/sites\/6\/2026\/03\/Aleksander-L-768x768.png\" class=\"attachment-medium_large size-medium_large\" alt=\"\" srcset=\"https:\/\/hoyre.no\/content\/uploads\/sites\/6\/2026\/03\/Aleksander-L-768x768.png 768w, https:\/\/hoyre.no\/content\/uploads\/sites\/6\/2026\/03\/Aleksander-L-e1775591785378-300x300.png 300w, https:\/\/hoyre.no\/content\/uploads\/sites\/6\/2026\/03\/Aleksander-L-e1775591785378-150x150.png 150w, https:\/\/hoyre.no\/content\/uploads\/sites\/6\/2026\/03\/Aleksander-L-e1775591785378.png 722w\" sizes=\"auto, (max-width: 768px) 100vw, 768px\" \/>\t\t<\/div>\n\t\t\n\t\t\t<div class=\"teft-card__content-wrapper\">\n\t\t\t\t<div class=\"teft-card__secondary\">\n\t\t\t\t\t\n\t\t\t\t\t\t\t\t<div class=\"teft-card__meta\">\n\t\t\t\t\t\t\t\t\t<span class=\"post-date\">23. mar 2026<\/span>\n\n\t\t\t\t\t\t\t\t\t\t\t\t\t\t\t\t\t<\/div>\n\t\t\t\t\t\t\t\t\t\t\t<\/div>\n\n\t\t\t\t<div class=\"teft-card__primary\">\n\t\t\t\t\t<h2 class=\"teft-card__title\">Agder H\u00f8yres nye regionr\u00e5dgiver&nbsp;<span class=\"teft-card__primary-title-append\"><\/span><\/h2>\t\t\t\t<\/div>\n\t\t\t<\/div>\n\t\t<\/a>\n\t<\/div>\n\n\t<\/div><div class=\"is-card-hoyre\">\n\t<div class=\"teft-card hoyre-teft-card post-teft-card\">\n\t\t<a href=\"https:\/\/hoyre.no\/agder\/aktuelt\/agder-hoyres-nominasjonsprosess-for-fylkestingsvalget-2027\/\" class=\"teft-card__primary-action\">\n\n\t\t\t\t\t<div class=\"teft-card__media teft-card__media--16-9\">\n\t\t\t\t\t\t<img loading=\"lazy\" decoding=\"async\" width=\"768\" height=\"512\" src=\"https:\/\/hoyre.no\/content\/uploads\/sites\/6\/2026\/03\/Haagen-Poppe-Foto-Hans-Kristian-Thorbjornsen-768x512.jpg\" class=\"attachment-medium_large size-medium_large\" alt=\"\" srcset=\"https:\/\/hoyre.no\/content\/uploads\/sites\/6\/2026\/03\/Haagen-Poppe-Foto-Hans-Kristian-Thorbjornsen-768x512.jpg 768w, https:\/\/hoyre.no\/content\/uploads\/sites\/6\/2026\/03\/Haagen-Poppe-Foto-Hans-Kristian-Thorbjornsen-300x200.jpg 300w, https:\/\/hoyre.no\/content\/uploads\/sites\/6\/2026\/03\/Haagen-Poppe-Foto-Hans-Kristian-Thorbjornsen-1024x683.jpg 1024w, https:\/\/hoyre.no\/content\/uploads\/sites\/6\/2026\/03\/Haagen-Poppe-Foto-Hans-Kristian-Thorbjornsen-1536x1025.jpg 1536w, https:\/\/hoyre.no\/content\/uploads\/sites\/6\/2026\/03\/Haagen-Poppe-Foto-Hans-Kristian-Thorbjornsen-2048x1366.jpg 2048w\" sizes=\"auto, (max-width: 768px) 100vw, 768px\" \/>\t\t<\/div>\n\t\t\n\t\t\t<div class=\"teft-card__content-wrapper\">\n\t\t\t\t<div class=\"teft-card__secondary\">\n\t\t\t\t\t\n\t\t\t\t\t\t\t\t<div class=\"teft-card__meta\">\n\t\t\t\t\t\t\t\t\t<span class=\"post-date\">5. mar 2026<\/span>\n\n\t\t\t\t\t\t\t\t\t\t\t\t\t\t\t\t\t<\/div>\n\t\t\t\t\t\t\t\t\t\t\t<\/div>\n\n\t\t\t\t<div class=\"teft-card__primary\">\n\t\t\t\t\t<h2 class=\"teft-card__title\">Agder H\u00f8yres nominasjonsprosess for  Fylkestingsvalget 2027&nbsp;<span class=\"teft-card__primary-title-append\"><\/span><\/h2>\t\t\t\t<\/div>\n\t\t\t<\/div>\n\t\t<\/a>\n\t<\/div>\n\n\t<\/div><\/div>\t<\/div>\n<\/div>\n","protected":false},"excerpt":{"rendered":"","protected":false},"author":13407,"featured_media":0,"comment_status":"closed","ping_status":"closed","sticky":false,"template":"","format":"standard","meta":{"teft_cards_image_url":"","teft_cards_custom_pretitle":"","teft_cards_image_id":918,"teft_cards_image_focal_point_x":0.5,"teft_cards_image_focal_point_y":0.5,"teft_cards_title":"","teft_cards_excerpt":"","teft_show_chapters":false,"author_display_name":"","footnotes":""},"category":[1],"post_tag":[],"hoyre-visibility":[],"article-type":[],"politician":[],"class_list":["post-917","post","type-post","status-publish","format-standard","hentry","category-ukategorisert"],"yoast_head":"<!-- This site is optimized with the Yoast SEO Premium plugin v26.5 (Yoast SEO v26.6) - https:\/\/yoast.com\/wordpress\/plugins\/seo\/ -->\n<title>Bent H\u00f8ie og Agder H\u00f8yre diskuterte forholdene ved S\u00f8rlandet sykehus - Agder H\u00f8yre<\/title>\n<meta name=\"robots\" content=\"index, follow, max-snippet:-1, max-image-preview:large, max-video-preview:-1\" \/>\n<link rel=\"canonical\" href=\"https:\/\/hoyre.no\/agder\/aktuelt\/bent-hoie-og-agder-hoyre-diskuterte-forholdene-ved-sorlandet-sykehus\/\" \/>\n<meta property=\"og:locale\" content=\"nb_NO\" \/>\n<meta property=\"og:type\" content=\"article\" \/>\n<meta property=\"og:title\" content=\"Bent H\u00f8ie og Agder H\u00f8yre diskuterte forholdene ved S\u00f8rlandet sykehus\" \/>\n<meta property=\"og:url\" content=\"https:\/\/hoyre.no\/agder\/aktuelt\/bent-hoie-og-agder-hoyre-diskuterte-forholdene-ved-sorlandet-sykehus\/\" \/>\n<meta property=\"og:site_name\" content=\"Agder H\u00f8yre\" \/>\n<meta property=\"article:published_time\" content=\"2021-05-22T16:21:36+00:00\" \/>\n<meta property=\"article:modified_time\" content=\"2021-05-22T17:14:09+00:00\" \/>\n<meta property=\"og:image\" content=\"https:\/\/hoyre.no\/content\/uploads\/sites\/6\/2026\/03\/Haagen-Poppe-Foto-Hans-Kristian-Thorbjornsen-1024x683.jpg\" \/>\n<meta name=\"author\" content=\"Sindre \u00d8verg\u00e5rd N\u00e6ss\" \/>\n<meta name=\"twitter:card\" content=\"summary_large_image\" \/>\n<meta name=\"twitter:label1\" content=\"Skrevet av\" \/>\n\t<meta name=\"twitter:data1\" content=\"Sindre \u00d8verg\u00e5rd N\u00e6ss\" \/>\n\t<meta name=\"twitter:label2\" content=\"Ansl. lesetid\" \/>\n\t<meta name=\"twitter:data2\" content=\"2 minutter\" \/>\n<script type=\"application\/ld+json\" class=\"yoast-schema-graph\">{\"@context\":\"https:\/\/schema.org\",\"@graph\":[{\"@type\":\"NewsArticle\",\"@id\":\"https:\/\/hoyre.no\/agder\/aktuelt\/bent-hoie-og-agder-hoyre-diskuterte-forholdene-ved-sorlandet-sykehus\/\",\"url\":\"https:\/\/hoyre.no\/agder\/aktuelt\/bent-hoie-og-agder-hoyre-diskuterte-forholdene-ved-sorlandet-sykehus\/\",\"name\":\"Bent H\u00f8ie og Agder H\u00f8yre diskuterte forholdene ved S\u00f8rlandet sykehus - Agder H\u00f8yre\",\"isPartOf\":{\"@id\":\"https:\/\/hoyre.no\/agder\/#website\"},\"datePublished\":\"2021-05-22T16:21:36+00:00\",\"dateModified\":\"2021-05-22T17:14:09+00:00\",\"author\":{\"@id\":\"https:\/\/hoyre.no\/agder\/#\/schema\/person\/af18aaaa0fa5b23bfe36f39bd69ef0e7\"},\"breadcrumb\":{\"@id\":\"https:\/\/hoyre.no\/agder\/aktuelt\/bent-hoie-og-agder-hoyre-diskuterte-forholdene-ved-sorlandet-sykehus\/#breadcrumb\"},\"inLanguage\":\"nb-NO\",\"potentialAction\":[{\"@type\":\"ReadAction\",\"target\":[\"https:\/\/hoyre.no\/agder\/aktuelt\/bent-hoie-og-agder-hoyre-diskuterte-forholdene-ved-sorlandet-sykehus\/\"]}]},{\"@type\":\"BreadcrumbList\",\"@id\":\"https:\/\/hoyre.no\/agder\/aktuelt\/bent-hoie-og-agder-hoyre-diskuterte-forholdene-ved-sorlandet-sykehus\/#breadcrumb\",\"itemListElement\":[{\"@type\":\"ListItem\",\"position\":1,\"name\":\"Til hoyre.no\",\"item\":\"https:\/\/hoyre.no\"},{\"@type\":\"ListItem\",\"position\":2,\"name\":\"Hjem\",\"item\":\"https:\/\/hoyre.no\/agder\/\"},{\"@type\":\"ListItem\",\"position\":3,\"name\":\"Bent H\u00f8ie og Agder H\u00f8yre diskuterte forholdene ved S\u00f8rlandet sykehus\"}]},{\"@type\":\"WebSite\",\"@id\":\"https:\/\/hoyre.no\/agder\/#website\",\"url\":\"https:\/\/hoyre.no\/agder\/\",\"name\":\"Agder H\u00f8yre\",\"description\":\"Bare enda et H\u00f8yres nettsteder-nettsted\",\"inLanguage\":\"nb-NO\"},{\"@type\":\"Person\",\"@id\":\"https:\/\/hoyre.no\/agder\/#\/schema\/person\/af18aaaa0fa5b23bfe36f39bd69ef0e7\",\"name\":\"Sindre \u00d8verg\u00e5rd N\u00e6ss\",\"image\":{\"@type\":\"ImageObject\",\"inLanguage\":\"nb-NO\",\"@id\":\"https:\/\/hoyre.no\/agder\/#\/schema\/person\/image\/\",\"url\":\"https:\/\/secure.gravatar.com\/avatar\/3cbd97e78ae303d4b4dd2f7c0420848ac9f0ef5670a00a261eccde5043da39ac?s=96&d=mm&r=g\",\"contentUrl\":\"https:\/\/secure.gravatar.com\/avatar\/3cbd97e78ae303d4b4dd2f7c0420848ac9f0ef5670a00a261eccde5043da39ac?s=96&d=mm&r=g\",\"caption\":\"Sindre \u00d8verg\u00e5rd N\u00e6ss\"},\"url\":\"https:\/\/hoyre.no\/agder\/aktuelt\/author\/m52011186\/\"}]}<\/script>\n<!-- \/ Yoast SEO Premium plugin. -->","yoast_head_json":{"title":"Bent H\u00f8ie og Agder H\u00f8yre diskuterte forholdene ved S\u00f8rlandet sykehus - Agder H\u00f8yre","robots":{"index":"index","follow":"follow","max-snippet":"max-snippet:-1","max-image-preview":"max-image-preview:large","max-video-preview":"max-video-preview:-1"},"canonical":"https:\/\/hoyre.no\/agder\/aktuelt\/bent-hoie-og-agder-hoyre-diskuterte-forholdene-ved-sorlandet-sykehus\/","og_locale":"nb_NO","og_type":"article","og_title":"Bent H\u00f8ie og Agder H\u00f8yre diskuterte forholdene ved S\u00f8rlandet sykehus","og_url":"https:\/\/hoyre.no\/agder\/aktuelt\/bent-hoie-og-agder-hoyre-diskuterte-forholdene-ved-sorlandet-sykehus\/","og_site_name":"Agder H\u00f8yre","article_published_time":"2021-05-22T16:21:36+00:00","article_modified_time":"2021-05-22T17:14:09+00:00","og_image":[{"url":"https:\/\/hoyre.no\/content\/uploads\/sites\/6\/2026\/03\/Haagen-Poppe-Foto-Hans-Kristian-Thorbjornsen-1024x683.jpg","width":"","height":"","type":""}],"author":"Sindre \u00d8verg\u00e5rd N\u00e6ss","twitter_card":"summary_large_image","twitter_misc":{"Skrevet av":"Sindre \u00d8verg\u00e5rd N\u00e6ss","Ansl. lesetid":"2 minutter"},"schema":{"@context":"https:\/\/schema.org","@graph":[{"@type":"NewsArticle","@id":"https:\/\/hoyre.no\/agder\/aktuelt\/bent-hoie-og-agder-hoyre-diskuterte-forholdene-ved-sorlandet-sykehus\/","url":"https:\/\/hoyre.no\/agder\/aktuelt\/bent-hoie-og-agder-hoyre-diskuterte-forholdene-ved-sorlandet-sykehus\/","name":"Bent H\u00f8ie og Agder H\u00f8yre diskuterte forholdene ved S\u00f8rlandet sykehus - Agder H\u00f8yre","isPartOf":{"@id":"https:\/\/hoyre.no\/agder\/#website"},"datePublished":"2021-05-22T16:21:36+00:00","dateModified":"2021-05-22T17:14:09+00:00","author":{"@id":"https:\/\/hoyre.no\/agder\/#\/schema\/person\/af18aaaa0fa5b23bfe36f39bd69ef0e7"},"breadcrumb":{"@id":"https:\/\/hoyre.no\/agder\/aktuelt\/bent-hoie-og-agder-hoyre-diskuterte-forholdene-ved-sorlandet-sykehus\/#breadcrumb"},"inLanguage":"nb-NO","potentialAction":[{"@type":"ReadAction","target":["https:\/\/hoyre.no\/agder\/aktuelt\/bent-hoie-og-agder-hoyre-diskuterte-forholdene-ved-sorlandet-sykehus\/"]}]},{"@type":"BreadcrumbList","@id":"https:\/\/hoyre.no\/agder\/aktuelt\/bent-hoie-og-agder-hoyre-diskuterte-forholdene-ved-sorlandet-sykehus\/#breadcrumb","itemListElement":[{"@type":"ListItem","position":1,"name":"Til hoyre.no","item":"https:\/\/hoyre.no"},{"@type":"ListItem","position":2,"name":"Hjem","item":"https:\/\/hoyre.no\/agder\/"},{"@type":"ListItem","position":3,"name":"Bent H\u00f8ie og Agder H\u00f8yre diskuterte forholdene ved S\u00f8rlandet sykehus"}]},{"@type":"WebSite","@id":"https:\/\/hoyre.no\/agder\/#website","url":"https:\/\/hoyre.no\/agder\/","name":"Agder H\u00f8yre","description":"Bare enda et H\u00f8yres nettsteder-nettsted","inLanguage":"nb-NO"},{"@type":"Person","@id":"https:\/\/hoyre.no\/agder\/#\/schema\/person\/af18aaaa0fa5b23bfe36f39bd69ef0e7","name":"Sindre \u00d8verg\u00e5rd N\u00e6ss","image":{"@type":"ImageObject","inLanguage":"nb-NO","@id":"https:\/\/hoyre.no\/agder\/#\/schema\/person\/image\/","url":"https:\/\/secure.gravatar.com\/avatar\/3cbd97e78ae303d4b4dd2f7c0420848ac9f0ef5670a00a261eccde5043da39ac?s=96&d=mm&r=g","contentUrl":"https:\/\/secure.gravatar.com\/avatar\/3cbd97e78ae303d4b4dd2f7c0420848ac9f0ef5670a00a261eccde5043da39ac?s=96&d=mm&r=g","caption":"Sindre \u00d8verg\u00e5rd N\u00e6ss"},"url":"https:\/\/hoyre.no\/agder\/aktuelt\/author\/m52011186\/"}]}},"distributor_meta":false,"distributor_terms":false,"distributor_media":false,"distributor_original_site_name":"Agder H\u00f8yre","distributor_original_site_url":"https:\/\/hoyre.no\/agder","push-errors":false,"_links":{"self":[{"href":"https:\/\/hoyre.no\/agder\/wp-json\/wp\/v2\/posts\/917","targetHints":{"allow":["GET"]}}],"collection":[{"href":"https:\/\/hoyre.no\/agder\/wp-json\/wp\/v2\/posts"}],"about":[{"href":"https:\/\/hoyre.no\/agder\/wp-json\/wp\/v2\/types\/post"}],"author":[{"embeddable":true,"href":"https:\/\/hoyre.no\/agder\/wp-json\/wp\/v2\/users\/13407"}],"replies":[{"embeddable":true,"href":"https:\/\/hoyre.no\/agder\/wp-json\/wp\/v2\/comments?post=917"}],"version-history":[{"count":6,"href":"https:\/\/hoyre.no\/agder\/wp-json\/wp\/v2\/posts\/917\/revisions"}],"predecessor-version":[{"id":928,"href":"https:\/\/hoyre.no\/agder\/wp-json\/wp\/v2\/posts\/917\/revisions\/928"}],"wp:attachment":[{"href":"https:\/\/hoyre.no\/agder\/wp-json\/wp\/v2\/media?parent=917"}],"wp:term":[{"taxonomy":"category","embeddable":true,"href":"https:\/\/hoyre.no\/agder\/wp-json\/wp\/v2\/category?post=917"},{"taxonomy":"post_tag","embeddable":true,"href":"https:\/\/hoyre.no\/agder\/wp-json\/wp\/v2\/post_tag?post=917"},{"taxonomy":"hoyre-visibility","embeddable":true,"href":"https:\/\/hoyre.no\/agder\/wp-json\/wp\/v2\/hoyre-visibility?post=917"},{"taxonomy":"article-type","embeddable":true,"href":"https:\/\/hoyre.no\/agder\/wp-json\/wp\/v2\/article-type?post=917"},{"taxonomy":"politician","embeddable":true,"href":"https:\/\/hoyre.no\/agder\/wp-json\/wp\/v2\/politician?post=917"}],"curies":[{"name":"wp","href":"https:\/\/api.w.org\/{rel}","templated":true}]}}