{"id":2865,"date":"2026-08-31T19:09:54","date_gmt":"2026-08-31T17:09:54","guid":{"rendered":"https:\/\/hoyre.no\/akershus\/?p=2865"},"modified":"2026-08-31T19:20:08","modified_gmt":"2026-08-31T17:20:08","slug":"den-alfabetisk-kandidatlisten-til-fylkestingsvalget-er-klar","status":"publish","type":"post","link":"https:\/\/hoyre.no\/akershus\/aktuelt\/den-alfabetisk-kandidatlisten-til-fylkestingsvalget-er-klar\/","title":{"rendered":"Den alfabetisk kandidatlisten til fylkestingsvalget er klar"},"content":{"rendered":"\n<p class=\"preamble\">Nominasjonskomiteen for fylkestingsvalget 2027 i Akershus legger herved frem den alfabetiske listen over alle kandidater som har takket ja til \u00e5 st\u00e5 p\u00e5 listen for Akershus H\u00f8yre ved fylkestingsvalget neste \u00e5r. Listen best\u00e5r av 68 navn.\u00a0<\/p>\t\t\t<div class=\"post-meta wp-block teft-byline-wrapper\">\n\t\t\t\t<div class=\"top\">\n\t\t\t\t\t<div class=\"signature\">\n\t\t\t\t\t\t<div class=\"teft-byline\">\n\t\t\t\t\t\t\t\t\t\t\t\t\t\t<div>\n\t\t\t\t\t\t\t\t<h3>H\u00f8yres redaksjon<\/h3>\t\t\t\t\t\t\t\t\n\t\t\t\t\t\t\t\t\t\t\t\t\t\t\t\t\t<span class=\"date\">Sist oppdatert: 31. august 2026<\/span>\n\t\t\t\t\t\t\t\t\t\t\t\t\t\t\t\t\t\t\t\t\t\t\t\t\t<span class=\"reading-time\" itemprop=\"timeRequired\" content=\"PT4M\"><em>Ca. 4 minutter lesetid<\/em><\/span>\n\t\t\t\t\t\t\t\t\t\t\t\t\t\t\t<\/div>\n\t\t\t\t\t\t<\/div>\n\t\t\t\t\t<\/div>\n\t\t\t\t\t\t<div class=\"sharing\">\n\t\t<a class=\"share-button share-link copy-link\" data-copy=\"https:\/\/hoyre.no\/akershus\/aktuelt\/den-alfabetisk-kandidatlisten-til-fylkestingsvalget-er-klar\/\" target=\"_blank\"><span class=\"screen-reader-text\">Del link<\/span><\/a>\n\t\t<a class=\"share-button share-twitter\" href=\"http:\/\/twitter.com\/share?text=Den alfabetisk kandidatlisten til fylkestingsvalget er klar&#038;url=https:\/\/hoyre.no\/akershus\/aktuelt\/den-alfabetisk-kandidatlisten-til-fylkestingsvalget-er-klar\/&#038;hashtags=Hoyre\" target=\"_blank\"><span class=\"screen-reader-text\">Del p\u00e5 twitter<\/span><\/a>\n\t\t<a class=\"share-button share-facebook\" href=\"https:\/\/www.facebook.com\/sharer\/sharer.php?u=https:\/\/hoyre.no\/akershus\/aktuelt\/den-alfabetisk-kandidatlisten-til-fylkestingsvalget-er-klar\/\" target=\"_blank\"><span class=\"screen-reader-text\">Del p\u00e5 facebook<\/span><\/a>\n\t<\/div>\n\t\t\t\t\t<\/div>\n\t\t\t<\/div>\n\n\t\t\t<figure class=\"hoyre-image-wrapper\"><div class=\"hoyre-image\"><img loading=\"lazy\" decoding=\"async\" width=\"2500\" height=\"1667\" src=\"https:\/\/hoyre.no\/content\/uploads\/sites\/432\/2026\/02\/IMG_2420-scaled.jpg\" class=\"attachment-scaled size-scaled\" alt=\"\" style=\"object-position: 50% 50%\" srcset=\"https:\/\/hoyre.no\/content\/uploads\/sites\/432\/2026\/02\/IMG_2420-scaled.jpg 2500w, https:\/\/hoyre.no\/content\/uploads\/sites\/432\/2026\/02\/IMG_2420-300x200.jpg 300w, https:\/\/hoyre.no\/content\/uploads\/sites\/432\/2026\/02\/IMG_2420-1024x683.jpg 1024w, https:\/\/hoyre.no\/content\/uploads\/sites\/432\/2026\/02\/IMG_2420-768x512.jpg 768w, https:\/\/hoyre.no\/content\/uploads\/sites\/432\/2026\/02\/IMG_2420-1536x1024.jpg 1536w, https:\/\/hoyre.no\/content\/uploads\/sites\/432\/2026\/02\/IMG_2420-2048x1365.jpg 2048w\" sizes=\"auto, (max-width: 2500px) 100vw, 2500px\" \/><\/div><figcaption class=\"caption\">P\u00e5 nominasjonsm\u00f8tet til Akershus H\u00f8yre 19. november 2026 skal den endelige valglisten bestemmes. Dette er et illustrasjonsbilde fra H\u00f8yres landsm\u00f8te<\/figcaption><\/figure>\n\n\n\n\n<p class=\"wp-block-paragraph\"><strong>Alle foreninger skal n\u00e5 gjennomf\u00f8re pr\u00f8venominasjoner i l\u00f8pet av perioden fra 14. til 25. september. <\/strong><\/p>\n\n\n\n<p class=\"wp-block-paragraph\">Pr\u00f8venominasjonen gjennomf\u00f8res som et medlemsm\u00f8te hvor m\u00f8tet bestemmer en rangering av kandidatene. Det er valgfritt hvor mange kandidater hver forening rangerer, men det er \u00f8nsket at minst 25 kandidater blir rangert. <\/p>\n\n\n\n<p class=\"wp-block-paragraph\">P\u00e5 m\u00f8tet skal foreningene ogs\u00e5 velge utsendinger\/delegater til Akershus H\u00f8yres nominasjonsm\u00f8te som er 19. november 2026 kl. 18.00 p\u00e5 Thon Hotell Arena Lillestr\u00f8m.<\/p>\n\n\n\n<div class=\"wp-block-buttons is-layout-flex wp-block-buttons-is-layout-flex\">\n<div class=\"wp-block-button\"><a class=\"wp-block-button__link wp-element-button\" href=\"https:\/\/hoyre.no\/akershus\/bli-kjent-med-vare-kandidater-2026\/\">Bli kjent med v\u00e5re kandidater her<\/a><\/div>\n<\/div>\n\n\n\n<h5 class=\"wp-block-heading\"><strong>Den alfabetiske navnelisten<\/strong>:<\/h5>\n\n\n\n<ul class=\"wp-block-list\">\n<li>Amine Mabel Andresen, 50 \u00e5r, L\u00f8renskog<\/li>\n\n\n\n<li>Ekrem Ari, 38 \u00e5r, Lillestr\u00f8m<\/li>\n\n\n\n<li>Jawad Azadmehr, 42 \u00e5r, Nordre Follo<\/li>\n\n\n\n<li>Roshan Qandeel Azhar, 52 \u00e5r, L\u00f8renskog<\/li>\n\n\n\n<li>Ann Kristin Bakke, 59 \u00e5r, Nittedal<\/li>\n\n\n\n<li>Kjetil Bakke, 61 \u00e5r, B\u00e6rum<\/li>\n\n\n\n<li>Tommy Raymond Bech, 55 \u00e5r, Nittedal<\/li>\n\n\n\n<li>Lars Berge, 54 \u00e5r, Ullensaker<\/li>\n\n\n\n<li>Arne Bjerke, 67 \u00e5r, Nesodden<\/li>\n\n\n\n<li>Trine-Lise \u00d8stlund Blime, 38 \u00e5r, B\u00e6rum<\/li>\n\n\n\n<li>Hans Gustav Borch, 59 \u00e5r, Jevnaker<\/li>\n\n\n\n<li>Monica Therese Vee Bratlie, 57 \u00e5r, Asker<\/li>\n\n\n\n<li>Sindre Cedell, 35 \u00e5r, Gjerdrum<\/li>\n\n\n\n<li>Phillip Andr\u00e9 Charles, 33 \u00e5r, Nordre Follo<\/li>\n\n\n\n<li>Geir Dalholt, 65 \u00e5r, R\u00e6lingen<\/li>\n\n\n\n<li>Marko Eronen, 42 \u00e5r, Eidsvoll<\/li>\n\n\n\n<li>Trude Thorsdatter Evensen, 58 \u00e5r, Nesodden<\/li>\n\n\n\n<li>Morten Eng Halvorsen, 60 \u00e5r, L\u00f8renskog<\/li>\n\n\n\n<li>Kristian Hannestad, 51 \u00e5r, Ullensaker<\/li>\n\n\n\n<li>B\u00f8rre Lien Hansen, 54 \u00e5r, Ullensaker<\/li>\n\n\n\n<li>Terje Hegge, 64 \u00e5r, B\u00e6rum<\/li>\n\n\n\n<li>Bente Krystad Heiersj\u00f8, 72 \u00e5r, Frogn<\/li>\n\n\n\n<li>Tor H\u00f8is\u00e6ter, 60 \u00e5r, Asker<\/li>\n\n\n\n<li>Tobias Aleksander Sveum Isaksen, 24 \u00e5r, Lillestr\u00f8m<\/li>\n\n\n\n<li>Tage Slind Jensen, 28 \u00e5r, Nesodden<\/li>\n\n\n\n<li>Geir Johannessen, 48 \u00e5r, Lillestr\u00f8m<\/li>\n\n\n\n<li>Kirsti Kierulf, 64 \u00e5r, Asker<\/li>\n\n\n\n<li>Bj\u00f8rn A. Kl\u00f8vstad, 66 \u00e5r, Nordre Follo<\/li>\n\n\n\n<li>Willy Kvilten, 63 \u00e5r, Ullensaker<\/li>\n\n\n\n<li>Lasse Aasan Lehre, 38 \u00e5r, Lunner<\/li>\n\n\n\n<li>Cecilie Lindgren, 54 \u00e5r, Asker<\/li>\n\n\n\n<li>Isabell Lindgren, 62 \u00e5r, B\u00e6rum<\/li>\n\n\n\n<li>Per Erling L\u00f8kken, 55 \u00e5r, Lillestr\u00f8m<\/li>\n\n\n\n<li>Jan Petter Myrvold, 59 \u00e5r, Lillestr\u00f8m<\/li>\n\n\n\n<li>Anine Nor\u00e9n, 27 \u00e5r, Frogn<\/li>\n\n\n\n<li>Tonje Anderson Olsen, 57 \u00e5r, Enebakk<\/li>\n\n\n\n<li>Kjersti Tollersrud Omejer, 62 \u00e5r, Asker<\/li>\n\n\n\n<li>Anne Opheim, 54 \u00e5r, Lillestr\u00f8m<\/li>\n\n\n\n<li>Knut Oppegaard, 63 \u00e5r, Nordre Follo<\/li>\n\n\n\n<li>Sebastian Oterhals, 31 \u00e5r, B\u00e6rum<\/li>\n\n\n\n<li>Jan-Henrik Palnes, 49 \u00e5r, Vestby<\/li>\n\n\n\n<li>Ola Raftevold, 72 \u00e5r, B\u00e6rum<\/li>\n\n\n\n<li>Magne Ramlo, 71 \u00e5r, Asker<\/li>\n\n\n\n<li>Lise Hagen Rebbestad, 61 \u00e5r, Lillestr\u00f8m<\/li>\n\n\n\n<li>Trond Ove R\u00f8ed, 67 \u00e5r, Asker<\/li>\n\n\n\n<li>Sofie R\u00f8nnevik, 21 \u00e5r, Nesodden<\/li>\n\n\n\n<li>Per Ole R\u00f8nning, 67 \u00e5r, Jevanker<\/li>\n\n\n\n<li>Sondre Hagelund Sand\u00f8y, 22 \u00e5r, B\u00e6rum<\/li>\n\n\n\n<li>Antonio Gade Wilhelmsen Serri, 24 \u00e5r, B\u00e6rum<\/li>\n\n\n\n<li>Stian Fredrik Skalle, 44 \u00e5r, Nesodden<\/li>\n\n\n\n<li>Per Sletaune, 71 \u00e5r, Asker<\/li>\n\n\n\n<li>H\u00e5kon Snortheim, 28 \u00e5r, Lillestr\u00f8m<\/li>\n\n\n\n<li>Anette Marie Solli, 64 \u00e5r, B\u00e6rum<\/li>\n\n\n\n<li>Line Biagio Solvang, 49 \u00e5r, Lunner<\/li>\n\n\n\n<li>Tobias Strandskog-Christensen, 33 \u00e5r, Asker<\/li>\n\n\n\n<li>Abida Akhtar Theigen, 53 \u00e5r, B\u00e6rum<\/li>\n\n\n\n<li>Morten Thorvaldsen, 69 \u00e5r, Lillestr\u00f8m<\/li>\n\n\n\n<li>Aleksander&nbsp; Torgersen-Arnesen , 38 \u00e5r, Nordre Follo<\/li>\n\n\n\n<li>Kine Camilla T\u00f8ften, 48 \u00e5r, Asker<\/li>\n\n\n\n<li>Mette T\u00f8nder, 57 \u00e5r, Nittedal<\/li>\n\n\n\n<li>Roble Wehib Jama Wais, 30 \u00e5r, Vestby<\/li>\n\n\n\n<li>Maren Winnem, 30 \u00e5r, Nes<\/li>\n\n\n\n<li>Rune Winum, 55 \u00e5r, Nittedal<\/li>\n\n\n\n<li>Vidar Woldengen, 60 \u00e5r, Gran<\/li>\n\n\n\n<li>Hilde Ingerid Sk\u00f8ien Waaler, 67 \u00e5r, Lunner<\/li>\n\n\n\n<li>John Arthur \u00d8dbehr, 68 \u00e5r, Vestby<\/li>\n\n\n\n<li>Bj\u00f8rn Olav \u00d8steby, 31 \u00e5r, Nordre Follo Asbj\u00f8rn Aandstad, 55 \u00e5r, R\u00e6lingen<\/li>\n<\/ul>\n\n\n<div class=\"tags\">\n\t<\/div>\n<div class=\"post-footer alignfull has-background block-editor-block-list__block\" data-align=full>\n\t<div class=\"post-footer-inner\">\n\t\t<h3>Relaterte artikler<\/h3>\n\t\t<div class=\"related-content\"><div class=\"is-card-hoyre\">\n\t<div class=\"teft-card hoyre-teft-card post-teft-card\">\n\t\t<a href=\"https:\/\/hoyre.no\/akershus\/aktuelt\/givende-dager-under-arendalsuka\/\" class=\"teft-card__primary-action\">\n\n\t\t\t\t\t<div class=\"teft-card__media teft-card__media--16-9\">\n\t\t\t\t\t\t<img loading=\"lazy\" decoding=\"async\" width=\"768\" height=\"577\" src=\"https:\/\/hoyre.no\/content\/uploads\/sites\/432\/2026\/08\/Kolasj-Arendalsuka-768x577.png\" class=\"attachment-medium_large size-medium_large\" alt=\"\" srcset=\"https:\/\/hoyre.no\/content\/uploads\/sites\/432\/2026\/08\/Kolasj-Arendalsuka-768x577.png 768w, https:\/\/hoyre.no\/content\/uploads\/sites\/432\/2026\/08\/Kolasj-Arendalsuka-300x225.png 300w, https:\/\/hoyre.no\/content\/uploads\/sites\/432\/2026\/08\/Kolasj-Arendalsuka-1024x769.png 1024w, https:\/\/hoyre.no\/content\/uploads\/sites\/432\/2026\/08\/Kolasj-Arendalsuka.png 1134w\" sizes=\"auto, (max-width: 768px) 100vw, 768px\" \/>\t\t<\/div>\n\t\t\n\t\t\t<div class=\"teft-card__content-wrapper\">\n\t\t\t\t<div class=\"teft-card__secondary\">\n\t\t\t\t\t\n\t\t\t\t\t\t\t\t<div class=\"teft-card__meta\">\n\t\t\t\t\t\t\t\t\t<span class=\"post-date\">16. aug 2026<\/span>\n\n\t\t\t\t\t\t\t\t\t<span class=\"post-category\">Nyheter<\/span>\t\t\t\t\t\t\t\t<\/div>\n\t\t\t\t\t\t\t\t\t\t\t<\/div>\n\n\t\t\t\t<div class=\"teft-card__primary\">\n\t\t\t\t\t<h2 class=\"teft-card__title\">Givende dager under Arendalsuka&nbsp;<span class=\"teft-card__primary-title-append\"><\/span><\/h2>\t\t\t\t<\/div>\n\t\t\t<\/div>\n\t\t<\/a>\n\t<\/div>\n\n\t<\/div><div class=\"is-card-hoyre\">\n\t<div class=\"teft-card hoyre-teft-card post-teft-card\">\n\t\t<a href=\"https:\/\/hoyre.no\/akershus\/aktuelt\/forebygging-av-vold-i-naere-relasjoner-ma-styrkes\/\" class=\"teft-card__primary-action\">\n\n\t\t\t\t\t<div class=\"teft-card__media teft-card__media--16-9\">\n\t\t\t\t\t\t<img loading=\"lazy\" decoding=\"async\" width=\"688\" height=\"500\" src=\"https:\/\/hoyre.no\/content\/uploads\/sites\/432\/2025\/11\/Blime-Trine-Lise-Ostlund.jpg\" class=\"attachment-medium_large size-medium_large\" alt=\"\" srcset=\"https:\/\/hoyre.no\/content\/uploads\/sites\/432\/2025\/11\/Blime-Trine-Lise-Ostlund.jpg 688w, https:\/\/hoyre.no\/content\/uploads\/sites\/432\/2025\/11\/Blime-Trine-Lise-Ostlund-300x218.jpg 300w\" sizes=\"auto, (max-width: 688px) 100vw, 688px\" \/>\t\t<\/div>\n\t\t\n\t\t\t<div class=\"teft-card__content-wrapper\">\n\t\t\t\t<div class=\"teft-card__secondary\">\n\t\t\t\t\t\n\t\t\t\t\t\t\t\t<div class=\"teft-card__meta\">\n\t\t\t\t\t\t\t\t\t<span class=\"post-date\">4. aug 2026<\/span>\n\n\t\t\t\t\t\t\t\t\t<span class=\"post-category\">Nyheter<\/span>\t\t\t\t\t\t\t\t<\/div>\n\t\t\t\t\t\t\t\t\t\t\t<\/div>\n\n\t\t\t\t<div class=\"teft-card__primary\">\n\t\t\t\t\t<h2 class=\"teft-card__title\">Forebygging av vold i n\u00e6re relasjoner m\u00e5 styrkes&nbsp;<span class=\"teft-card__primary-title-append\"><\/span><\/h2>\t\t\t\t<\/div>\n\t\t\t<\/div>\n\t\t<\/a>\n\t<\/div>\n\n\t<\/div><div class=\"is-card-hoyre\">\n\t<div class=\"teft-card hoyre-teft-card post-teft-card\">\n\t\t<a href=\"https:\/\/hoyre.no\/akershus\/aktuelt\/hele-akershus-ma-med-i-kollektivloftet\/\" class=\"teft-card__primary-action\">\n\n\t\t\t\t\t<div class=\"teft-card__media teft-card__media--16-9\">\n\t\t\t\t\t\t<img loading=\"lazy\" decoding=\"async\" width=\"768\" height=\"576\" src=\"https:\/\/hoyre.no\/content\/uploads\/sites\/432\/2026\/07\/Blime-og-Palnes-768x576.png\" class=\"attachment-medium_large size-medium_large\" alt=\"\" srcset=\"https:\/\/hoyre.no\/content\/uploads\/sites\/432\/2026\/07\/Blime-og-Palnes-768x576.png 768w, https:\/\/hoyre.no\/content\/uploads\/sites\/432\/2026\/07\/Blime-og-Palnes-300x225.png 300w, https:\/\/hoyre.no\/content\/uploads\/sites\/432\/2026\/07\/Blime-og-Palnes-1024x767.png 1024w, https:\/\/hoyre.no\/content\/uploads\/sites\/432\/2026\/07\/Blime-og-Palnes.png 1205w\" sizes=\"auto, (max-width: 768px) 100vw, 768px\" \/>\t\t<\/div>\n\t\t\n\t\t\t<div class=\"teft-card__content-wrapper\">\n\t\t\t\t<div class=\"teft-card__secondary\">\n\t\t\t\t\t\n\t\t\t\t\t\t\t\t<div class=\"teft-card__meta\">\n\t\t\t\t\t\t\t\t\t<span class=\"post-date\">30. jul 2026<\/span>\n\n\t\t\t\t\t\t\t\t\t<span class=\"post-category\">Nyheter<\/span>\t\t\t\t\t\t\t\t<\/div>\n\t\t\t\t\t\t\t\t\t\t\t<\/div>\n\n\t\t\t\t<div class=\"teft-card__primary\">\n\t\t\t\t\t<h2 class=\"teft-card__title\">Hele Akershus m\u00e5 med i kollektivl\u00f8ftet&nbsp;<span class=\"teft-card__primary-title-append\"><\/span><\/h2>\t\t\t\t<\/div>\n\t\t\t<\/div>\n\t\t<\/a>\n\t<\/div>\n\n\t<\/div><\/div>\t<\/div>\n<\/div>\n","protected":false},"excerpt":{"rendered":"","protected":false},"author":167,"featured_media":0,"comment_status":"closed","ping_status":"closed","sticky":false,"template":"","format":"standard","meta":{"teft_cards_image_url":"","teft_cards_custom_pretitle":"","teft_cards_image_id":1948,"teft_cards_image_focal_point_x":0.5,"teft_cards_image_focal_point_y":0.5,"teft_cards_title":"","teft_cards_excerpt":"","teft_show_chapters":false,"author_display_name":"Akershus H\u00f8yre","footnotes":""},"category":[1],"post_tag":[],"hoyre-visibility":[],"article-type":[],"politician":[],"class_list":["post-2865","post","type-post","status-publish","format-standard","hentry","category-nyheter"],"yoast_head":"<!-- This site is optimized with the Yoast SEO plugin v28.2 - https:\/\/yoast.com\/product\/yoast-seo-wordpress\/ -->\n<title>Den alfabetisk kandidatlisten til fylkestingsvalget er klar - Akershus H\u00f8yre<\/title>\n<meta name=\"robots\" content=\"index, follow, max-snippet:-1, max-image-preview:large, max-video-preview:-1\" \/>\n<link rel=\"canonical\" href=\"https:\/\/hoyre.no\/akershus\/aktuelt\/den-alfabetisk-kandidatlisten-til-fylkestingsvalget-er-klar\/\" \/>\n<meta property=\"og:locale\" content=\"nb_NO\" \/>\n<meta property=\"og:type\" content=\"article\" \/>\n<meta property=\"og:title\" content=\"Den alfabetisk kandidatlisten til fylkestingsvalget er klar - Akershus H\u00f8yre\" \/>\n<meta property=\"og:url\" content=\"https:\/\/hoyre.no\/akershus\/aktuelt\/den-alfabetisk-kandidatlisten-til-fylkestingsvalget-er-klar\/\" \/>\n<meta property=\"og:site_name\" content=\"Akershus H\u00f8yre\" \/>\n<meta property=\"article:publisher\" content=\"https:\/\/www.facebook.com\/akershus.h\" \/>\n<meta property=\"article:published_time\" content=\"2026-08-31T17:09:54+00:00\" \/>\n<meta property=\"article:modified_time\" content=\"2026-08-31T17:20:08+00:00\" \/>\n<meta property=\"og:image\" content=\"https:\/\/hoyre.no\/content\/uploads\/sites\/432\/2026\/07\/Blime-og-Palnes-1024x767.png\" \/>\n<meta name=\"author\" content=\"Dag-Egil Bull Sletholt\" \/>\n<meta name=\"twitter:card\" content=\"summary_large_image\" \/>\n<meta name=\"twitter:label1\" content=\"Skrevet av\" \/>\n\t<meta name=\"twitter:data1\" content=\"Dag-Egil Bull Sletholt\" \/>\n\t<meta name=\"twitter:label2\" content=\"Ansl. lesetid\" \/>\n\t<meta name=\"twitter:data2\" content=\"3 minutter\" \/>\n<script type=\"application\/ld+json\" class=\"yoast-schema-graph\">{\"@context\":\"https:\\\/\\\/schema.org\",\"@graph\":[{\"@type\":\"Article\",\"@id\":\"https:\\\/\\\/hoyre.no\\\/akershus\\\/aktuelt\\\/den-alfabetisk-kandidatlisten-til-fylkestingsvalget-er-klar\\\/#article\",\"isPartOf\":{\"@id\":\"https:\\\/\\\/hoyre.no\\\/akershus\\\/aktuelt\\\/den-alfabetisk-kandidatlisten-til-fylkestingsvalget-er-klar\\\/\"},\"author\":{\"name\":\"Dag-Egil Bull Sletholt\",\"@id\":\"https:\\\/\\\/hoyre.no\\\/akershus\\\/#\\\/schema\\\/person\\\/a6a5e9d8c3863e68f1fad84e873979cd\"},\"headline\":\"Den alfabetisk kandidatlisten til fylkestingsvalget er klar\",\"datePublished\":\"2026-08-31T17:09:54+00:00\",\"dateModified\":\"2026-08-31T17:20:08+00:00\",\"mainEntityOfPage\":{\"@id\":\"https:\\\/\\\/hoyre.no\\\/akershus\\\/aktuelt\\\/den-alfabetisk-kandidatlisten-til-fylkestingsvalget-er-klar\\\/\"},\"wordCount\":523,\"publisher\":{\"@id\":\"https:\\\/\\\/hoyre.no\\\/akershus\\\/#organization\"},\"articleSection\":[\"Nyheter\"],\"inLanguage\":\"nb-NO\"},{\"@type\":\"NewsArticle\",\"@id\":\"https:\\\/\\\/hoyre.no\\\/akershus\\\/aktuelt\\\/den-alfabetisk-kandidatlisten-til-fylkestingsvalget-er-klar\\\/\",\"url\":\"https:\\\/\\\/hoyre.no\\\/akershus\\\/aktuelt\\\/den-alfabetisk-kandidatlisten-til-fylkestingsvalget-er-klar\\\/\",\"name\":\"Den alfabetisk kandidatlisten til fylkestingsvalget er klar - Akershus H\u00f8yre\",\"isPartOf\":{\"@id\":\"https:\\\/\\\/hoyre.no\\\/akershus\\\/#website\"},\"datePublished\":\"2026-08-31T17:09:54+00:00\",\"dateModified\":\"2026-08-31T17:20:08+00:00\",\"breadcrumb\":{\"@id\":\"https:\\\/\\\/hoyre.no\\\/akershus\\\/aktuelt\\\/den-alfabetisk-kandidatlisten-til-fylkestingsvalget-er-klar\\\/#breadcrumb\"},\"inLanguage\":\"nb-NO\",\"potentialAction\":[{\"@type\":\"ReadAction\",\"target\":[\"https:\\\/\\\/hoyre.no\\\/akershus\\\/aktuelt\\\/den-alfabetisk-kandidatlisten-til-fylkestingsvalget-er-klar\\\/\"]}]},{\"@type\":\"BreadcrumbList\",\"@id\":\"https:\\\/\\\/hoyre.no\\\/akershus\\\/aktuelt\\\/den-alfabetisk-kandidatlisten-til-fylkestingsvalget-er-klar\\\/#breadcrumb\",\"itemListElement\":[{\"@type\":\"ListItem\",\"position\":1,\"name\":\"Til hoyre.no\",\"item\":\"https:\\\/\\\/hoyre.no\"},{\"@type\":\"ListItem\",\"position\":2,\"name\":\"Hjem\",\"item\":\"https:\\\/\\\/hoyre.no\\\/akershus\\\/\"},{\"@type\":\"ListItem\",\"position\":3,\"name\":\"Den alfabetisk kandidatlisten til fylkestingsvalget er klar\"}]},{\"@type\":\"WebSite\",\"@id\":\"https:\\\/\\\/hoyre.no\\\/akershus\\\/#website\",\"url\":\"https:\\\/\\\/hoyre.no\\\/akershus\\\/\",\"name\":\"Akershus H\u00f8yre\",\"description\":\"Bare enda et H\u00f8yres nettsteder-nettsted\",\"publisher\":{\"@id\":\"https:\\\/\\\/hoyre.no\\\/akershus\\\/#organization\"},\"inLanguage\":\"nb-NO\"},{\"@type\":\"Organization\",\"@id\":\"https:\\\/\\\/hoyre.no\\\/akershus\\\/#organization\",\"name\":\"Akershus H\u00f8yre\",\"url\":\"https:\\\/\\\/hoyre.no\\\/akershus\\\/\",\"logo\":{\"@type\":\"ImageObject\",\"inLanguage\":\"nb-NO\",\"@id\":\"https:\\\/\\\/hoyre.no\\\/akershus\\\/#\\\/schema\\\/logo\\\/image\\\/\",\"url\":\"https:\\\/\\\/hoyre.no\\\/content\\\/uploads\\\/sites\\\/432\\\/2023\\\/02\\\/hoyre_logo.png\",\"contentUrl\":\"https:\\\/\\\/hoyre.no\\\/content\\\/uploads\\\/sites\\\/432\\\/2023\\\/02\\\/hoyre_logo.png\",\"width\":1000,\"height\":1000,\"caption\":\"Akershus H\u00f8yre\"},\"image\":{\"@id\":\"https:\\\/\\\/hoyre.no\\\/akershus\\\/#\\\/schema\\\/logo\\\/image\\\/\"},\"sameAs\":[\"https:\\\/\\\/www.facebook.com\\\/akershus.h\"]},{\"@type\":\"Person\",\"@id\":\"https:\\\/\\\/hoyre.no\\\/akershus\\\/#\\\/schema\\\/person\\\/a6a5e9d8c3863e68f1fad84e873979cd\",\"name\":\"Dag-Egil Bull Sletholt\",\"image\":{\"@type\":\"ImageObject\",\"inLanguage\":\"nb-NO\",\"@id\":\"https:\\\/\\\/secure.gravatar.com\\\/avatar\\\/19c8fea9b8316f91137bf7f03b5f89be694bc0ace3c9ea1dc1a209b96b7d7999?s=96&d=mm&r=g\",\"url\":\"https:\\\/\\\/secure.gravatar.com\\\/avatar\\\/19c8fea9b8316f91137bf7f03b5f89be694bc0ace3c9ea1dc1a209b96b7d7999?s=96&d=mm&r=g\",\"contentUrl\":\"https:\\\/\\\/secure.gravatar.com\\\/avatar\\\/19c8fea9b8316f91137bf7f03b5f89be694bc0ace3c9ea1dc1a209b96b7d7999?s=96&d=mm&r=g\",\"caption\":\"Dag-Egil Bull Sletholt\"},\"url\":\"https:\\\/\\\/hoyre.no\\\/akershus\\\/aktuelt\\\/author\\\/m50145739-2\\\/\"}]}<\/script>\n<!-- \/ Yoast SEO plugin. -->","yoast_head_json":{"title":"Den alfabetisk kandidatlisten til fylkestingsvalget er klar - Akershus H\u00f8yre","robots":{"index":"index","follow":"follow","max-snippet":"max-snippet:-1","max-image-preview":"max-image-preview:large","max-video-preview":"max-video-preview:-1"},"canonical":"https:\/\/hoyre.no\/akershus\/aktuelt\/den-alfabetisk-kandidatlisten-til-fylkestingsvalget-er-klar\/","og_locale":"nb_NO","og_type":"article","og_title":"Den alfabetisk kandidatlisten til fylkestingsvalget er klar - Akershus H\u00f8yre","og_url":"https:\/\/hoyre.no\/akershus\/aktuelt\/den-alfabetisk-kandidatlisten-til-fylkestingsvalget-er-klar\/","og_site_name":"Akershus H\u00f8yre","article_publisher":"https:\/\/www.facebook.com\/akershus.h","article_published_time":"2026-08-31T17:09:54+00:00","article_modified_time":"2026-08-31T17:20:08+00:00","og_image":[{"url":"https:\/\/hoyre.no\/content\/uploads\/sites\/432\/2026\/07\/Blime-og-Palnes-1024x767.png","width":"","height":"","type":""}],"author":"Dag-Egil Bull Sletholt","twitter_card":"summary_large_image","twitter_misc":{"Skrevet av":"Dag-Egil Bull Sletholt","Ansl. lesetid":"3 minutter"},"schema":{"@context":"https:\/\/schema.org","@graph":[{"@type":"Article","@id":"https:\/\/hoyre.no\/akershus\/aktuelt\/den-alfabetisk-kandidatlisten-til-fylkestingsvalget-er-klar\/#article","isPartOf":{"@id":"https:\/\/hoyre.no\/akershus\/aktuelt\/den-alfabetisk-kandidatlisten-til-fylkestingsvalget-er-klar\/"},"author":{"name":"Dag-Egil Bull Sletholt","@id":"https:\/\/hoyre.no\/akershus\/#\/schema\/person\/a6a5e9d8c3863e68f1fad84e873979cd"},"headline":"Den alfabetisk kandidatlisten til fylkestingsvalget er klar","datePublished":"2026-08-31T17:09:54+00:00","dateModified":"2026-08-31T17:20:08+00:00","mainEntityOfPage":{"@id":"https:\/\/hoyre.no\/akershus\/aktuelt\/den-alfabetisk-kandidatlisten-til-fylkestingsvalget-er-klar\/"},"wordCount":523,"publisher":{"@id":"https:\/\/hoyre.no\/akershus\/#organization"},"articleSection":["Nyheter"],"inLanguage":"nb-NO"},{"@type":"NewsArticle","@id":"https:\/\/hoyre.no\/akershus\/aktuelt\/den-alfabetisk-kandidatlisten-til-fylkestingsvalget-er-klar\/","url":"https:\/\/hoyre.no\/akershus\/aktuelt\/den-alfabetisk-kandidatlisten-til-fylkestingsvalget-er-klar\/","name":"Den alfabetisk kandidatlisten til fylkestingsvalget er klar - Akershus H\u00f8yre","isPartOf":{"@id":"https:\/\/hoyre.no\/akershus\/#website"},"datePublished":"2026-08-31T17:09:54+00:00","dateModified":"2026-08-31T17:20:08+00:00","breadcrumb":{"@id":"https:\/\/hoyre.no\/akershus\/aktuelt\/den-alfabetisk-kandidatlisten-til-fylkestingsvalget-er-klar\/#breadcrumb"},"inLanguage":"nb-NO","potentialAction":[{"@type":"ReadAction","target":["https:\/\/hoyre.no\/akershus\/aktuelt\/den-alfabetisk-kandidatlisten-til-fylkestingsvalget-er-klar\/"]}]},{"@type":"BreadcrumbList","@id":"https:\/\/hoyre.no\/akershus\/aktuelt\/den-alfabetisk-kandidatlisten-til-fylkestingsvalget-er-klar\/#breadcrumb","itemListElement":[{"@type":"ListItem","position":1,"name":"Til hoyre.no","item":"https:\/\/hoyre.no"},{"@type":"ListItem","position":2,"name":"Hjem","item":"https:\/\/hoyre.no\/akershus\/"},{"@type":"ListItem","position":3,"name":"Den alfabetisk kandidatlisten til fylkestingsvalget er klar"}]},{"@type":"WebSite","@id":"https:\/\/hoyre.no\/akershus\/#website","url":"https:\/\/hoyre.no\/akershus\/","name":"Akershus H\u00f8yre","description":"Bare enda et H\u00f8yres nettsteder-nettsted","publisher":{"@id":"https:\/\/hoyre.no\/akershus\/#organization"},"inLanguage":"nb-NO"},{"@type":"Organization","@id":"https:\/\/hoyre.no\/akershus\/#organization","name":"Akershus H\u00f8yre","url":"https:\/\/hoyre.no\/akershus\/","logo":{"@type":"ImageObject","inLanguage":"nb-NO","@id":"https:\/\/hoyre.no\/akershus\/#\/schema\/logo\/image\/","url":"https:\/\/hoyre.no\/content\/uploads\/sites\/432\/2023\/02\/hoyre_logo.png","contentUrl":"https:\/\/hoyre.no\/content\/uploads\/sites\/432\/2023\/02\/hoyre_logo.png","width":1000,"height":1000,"caption":"Akershus H\u00f8yre"},"image":{"@id":"https:\/\/hoyre.no\/akershus\/#\/schema\/logo\/image\/"},"sameAs":["https:\/\/www.facebook.com\/akershus.h"]},{"@type":"Person","@id":"https:\/\/hoyre.no\/akershus\/#\/schema\/person\/a6a5e9d8c3863e68f1fad84e873979cd","name":"Dag-Egil Bull Sletholt","image":{"@type":"ImageObject","inLanguage":"nb-NO","@id":"https:\/\/secure.gravatar.com\/avatar\/19c8fea9b8316f91137bf7f03b5f89be694bc0ace3c9ea1dc1a209b96b7d7999?s=96&d=mm&r=g","url":"https:\/\/secure.gravatar.com\/avatar\/19c8fea9b8316f91137bf7f03b5f89be694bc0ace3c9ea1dc1a209b96b7d7999?s=96&d=mm&r=g","contentUrl":"https:\/\/secure.gravatar.com\/avatar\/19c8fea9b8316f91137bf7f03b5f89be694bc0ace3c9ea1dc1a209b96b7d7999?s=96&d=mm&r=g","caption":"Dag-Egil Bull Sletholt"},"url":"https:\/\/hoyre.no\/akershus\/aktuelt\/author\/m50145739-2\/"}]}},"distributor_meta":false,"distributor_terms":false,"distributor_media":false,"distributor_original_site_name":"Akershus H\u00f8yre","distributor_original_site_url":"https:\/\/hoyre.no\/akershus","push-errors":false,"_links":{"self":[{"href":"https:\/\/hoyre.no\/akershus\/wp-json\/wp\/v2\/posts\/2865","targetHints":{"allow":["GET"]}}],"collection":[{"href":"https:\/\/hoyre.no\/akershus\/wp-json\/wp\/v2\/posts"}],"about":[{"href":"https:\/\/hoyre.no\/akershus\/wp-json\/wp\/v2\/types\/post"}],"author":[{"embeddable":true,"href":"https:\/\/hoyre.no\/akershus\/wp-json\/wp\/v2\/users\/167"}],"replies":[{"embeddable":true,"href":"https:\/\/hoyre.no\/akershus\/wp-json\/wp\/v2\/comments?post=2865"}],"version-history":[{"count":3,"href":"https:\/\/hoyre.no\/akershus\/wp-json\/wp\/v2\/posts\/2865\/revisions"}],"predecessor-version":[{"id":2872,"href":"https:\/\/hoyre.no\/akershus\/wp-json\/wp\/v2\/posts\/2865\/revisions\/2872"}],"wp:attachment":[{"href":"https:\/\/hoyre.no\/akershus\/wp-json\/wp\/v2\/media?parent=2865"}],"wp:term":[{"taxonomy":"category","embeddable":true,"href":"https:\/\/hoyre.no\/akershus\/wp-json\/wp\/v2\/category?post=2865"},{"taxonomy":"post_tag","embeddable":true,"href":"https:\/\/hoyre.no\/akershus\/wp-json\/wp\/v2\/post_tag?post=2865"},{"taxonomy":"hoyre-visibility","embeddable":true,"href":"https:\/\/hoyre.no\/akershus\/wp-json\/wp\/v2\/hoyre-visibility?post=2865"},{"taxonomy":"article-type","embeddable":true,"href":"https:\/\/hoyre.no\/akershus\/wp-json\/wp\/v2\/article-type?post=2865"},{"taxonomy":"politician","embeddable":true,"href":"https:\/\/hoyre.no\/akershus\/wp-json\/wp\/v2\/politician?post=2865"}],"curies":[{"name":"wp","href":"https:\/\/api.w.org\/{rel}","templated":true}]}}