{"id":36,"date":"2019-06-12T22:00:00","date_gmt":"2019-06-12T20:00:00","guid":{"rendered":"https:\/\/hoyre.no\/alesund\/aktuelt\/myter_og_fakta_om_bypakken\/"},"modified":"2019-06-12T22:00:00","modified_gmt":"2019-06-12T20:00:00","slug":"myter_og_fakta_om_bypakken","status":"publish","type":"post","link":"https:\/\/hoyre.no\/alesund\/aktuelt\/myter_og_fakta_om_bypakken\/","title":{"rendered":"Myter og fakta om bypakken"},"content":{"rendered":"<p class=\"preamble\">Sliter du med \u00e5 henge med p\u00e5 bypakkediskusjonen? Etter flere ulike alternativer har blitt diskutert i media og i bystyret, er det ikke rart mange blir forvirret. \u00c5lesund H\u00f8yre \u00f8nsker en kunnskapsbasert debatt og har fors\u00f8kt \u00e5 oppsummere diskusjonen, samt \u00e5 avkrefte noen myter.<\/p>\t\t\t<div class=\"post-meta wp-block teft-byline-wrapper\">\n\t\t\t\t<div class=\"top\">\n\t\t\t\t\t<div class=\"signature\">\n\t\t\t\t\t\t<div class=\"teft-byline\">\n\t\t\t\t\t\t\t\t\t\t\t\t\t\t<div>\n\t\t\t\t\t\t\t\t<h3>H\u00f8yres redaksjon<\/h3>\t\t\t\t\t\t\t\t\n\t\t\t\t\t\t\t\t\t\t\t\t\t\t\t\t\t<span class=\"date\">Sist oppdatert: 12. juni 2019<\/span>\n\t\t\t\t\t\t\t\t\t\t\t\t\t\t\t\t\t\t\t\t\t\t\t\t\t<span class=\"reading-time\" itemprop=\"timeRequired\" content=\"PT4M\"><em>Ca. 4 minutter lesetid<\/em><\/span>\n\t\t\t\t\t\t\t\t\t\t\t\t\t\t\t<\/div>\n\t\t\t\t\t\t<\/div>\n\t\t\t\t\t<\/div>\n\t\t\t\t\t\t<div class=\"sharing\">\n\t\t<a class=\"share-button share-link copy-link\" data-copy=\"https:\/\/hoyre.no\/alesund\/aktuelt\/myter_og_fakta_om_bypakken\/\" target=\"_blank\"><span class=\"screen-reader-text\">Del link<\/span><\/a>\n\t\t<a class=\"share-button share-twitter\" href=\"http:\/\/twitter.com\/share?text=Myter og fakta om bypakken&#038;url=https:\/\/hoyre.no\/alesund\/aktuelt\/myter_og_fakta_om_bypakken\/&#038;hashtags=Hoyre\" target=\"_blank\"><span class=\"screen-reader-text\">Del p\u00e5 twitter<\/span><\/a>\n\t\t<a class=\"share-button share-facebook\" href=\"https:\/\/www.facebook.com\/sharer\/sharer.php?u=https:\/\/hoyre.no\/alesund\/aktuelt\/myter_og_fakta_om_bypakken\/\" target=\"_blank\"><span class=\"screen-reader-text\">Del p\u00e5 facebook<\/span><\/a>\n\t<\/div>\n\t\t\t\t\t<\/div>\n\t\t\t<\/div>\n\n\t\t\t<figure class=\"hoyre-image-wrapper\"><div class=\"hoyre-image\"><img loading=\"lazy\" decoding=\"async\" width=\"2560\" height=\"1709\" src=\"https:\/\/hoyre.no\/content\/uploads\/sites\/87\/2020\/11\/gettyimages_50556929-scaled.jpg\" class=\"attachment-scaled size-scaled\" alt=\"\" style=\"object-position: 50% 50%\" srcset=\"https:\/\/hoyre.no\/content\/uploads\/sites\/87\/2020\/11\/gettyimages_50556929-scaled.jpg 2560w, https:\/\/hoyre.no\/content\/uploads\/sites\/87\/2020\/11\/gettyimages_50556929-300x200.jpg 300w, https:\/\/hoyre.no\/content\/uploads\/sites\/87\/2020\/11\/gettyimages_50556929-1024x683.jpg 1024w, https:\/\/hoyre.no\/content\/uploads\/sites\/87\/2020\/11\/gettyimages_50556929-768x513.jpg 768w, https:\/\/hoyre.no\/content\/uploads\/sites\/87\/2020\/11\/gettyimages_50556929-1536x1025.jpg 1536w, https:\/\/hoyre.no\/content\/uploads\/sites\/87\/2020\/11\/gettyimages_50556929-2048x1367.jpg 2048w\" sizes=\"auto, (max-width: 2560px) 100vw, 2560px\" \/><\/div><\/figure><div id=\"hoyre-old-article-content-wrapper\"><p dir=\"ltr\">Ved bystyrebehandlingen torsdag 6. juni, ble koalisjonens (AP, KrF, SV og MdG) forslag vedtatt. H\u00f8yre fremmet et alternativt forslag som ogs\u00e5 inkluderte den mye omtalte Brosundtunnelen, som skal f\u00e5 trafikken i sentrum under bakken og avlaste Hellebroa og sentrumsgatene. Brosundtunnelen er viktig b\u00e5de for milj\u00f8et og sentrumsutviklingen. <\/p><p dir=\"ltr\">S\u00f8rsiden av byen er i dag i altfor stor grad fylt opp av bilvei, konteinere og ubrukt areal. H\u00f8yre \u00f8nsker \u00e5 revitalisere hele s\u00f8rsiden til \u00e5 bli en plass for byrom, boliger, n\u00e6ring og kultur. En slik revitalisering f\u00e5r de til i de fleste andre store byer i Norge, og det er ingen grunn til at vi ikke ogs\u00e5 skal kunne f\u00e5 det til her hos oss. Men da trenger vi \u00e5 lede gjennomgangstrafikken under bakken &#8211; da trenger vi \u00e5 starte med \u00e5 bygge en Brosundtunnel.<\/p><p dir=\"ltr\">Det fikk H\u00f8yre dessverre ikke flertall for i bystyret denne gang. Men vi gir oss ikke!<\/p><p dir=\"ltr\"><br \/><\/p><h4>Koalisjonens forslag:<\/h4><ul><li>Mulig rushtidsavgift<\/li><li>Ny vei fra Breivika til Campus<\/li><li>Ingen Brosundtunnel<\/li><li>20 kr pr passering (16 kr med rabatt)<\/li><li>Maks 60 betalende passeringer pr mnd<\/li><li>Flere gode kollektivl\u00f8sninger<br \/><\/li><\/ul><h4>H\u00f8yres forslag:<\/h4><ul><li>Ingen rushtidsavgift<\/li><li>Brosundtunnel og ny Lerstadvei<\/li><li>20 kr pr passering (16 kr med rabatt)<\/li><li>Maks 60 passeringer pr mnd<\/li><li>Flere gode kollektivl\u00f8sninger<\/li><\/ul><h4 dir=\"ltr\">P\u00e5stand 1: Samferdselsministeren har sagt at Brosundtunnelen ikke kan v\u00e6re med i bypakken. <\/h4><p dir=\"ltr\"><em>Feil.<\/em> Samferdselsministeren har aldri sagt at bypakken ikke kan inneholde Brosundtunnelen. Derimot har ministeren i eget brev s\u00e5 sent som 05.desember 2018 g\u00e5tt god for Brosundtunnelen p\u00e5 gitte vilk\u00e5r. Brevet: <a href=\"https:\/\/innsyn.alesund.kommune.no\/wfdocument.ashx?journalpostid=2018094707&#038;&#038;dokid=1727174&#038;&#038;versjon=1&#038;&#038;variant=A&#038;&#038;\">https:\/\/innsyn.alesund.kommune.no\/wfdocument.ashx?journalpostid=2018094707&#038;&#038;dokid=1727174&#038;&#038;versjon=1&#038;&#038;variant=A&#038;&#038;<\/p><p><\/a><\/p><h4 dir=\"ltr\">P\u00e5stand 2: Samferdselsministeren kom med nye signal i Sunnm\u00f8rsposten om hvor stor pakken kunne v\u00e6re rett f\u00f8r behandlingen i bystyret.<\/h4><p dir=\"ltr\"><em>Feil. <\/em> Samferdselsministeren sa f\u00f8lgende: \u201c\u2013 \u00c5lesund kommune har tidligere s\u00f8kt r\u00e5d i departementet om hva som er et akseptabelt bompengeniv\u00e5. Dette har ikke endret seg\u201d.<\/p><p dir=\"ltr\">Alts\u00e5 absolutt ingen nye signaler eller informasjon. Ministeren har derimot gitt signaler om maks st\u00f8rrelse p\u00e5 pakken tidligere i brev 08.07.2016. Litt teknisk, men pakken m\u00e5tte v\u00e6re under 5 milliarder (2019-kroner). N\u00e5r posisjonen i formannskapet fremmet forslag om en pakke til 7 milliarder, var de med andre ord allerede p\u00e5 kollisjonskurs med et signal de hadde f\u00e5tt 3 \u00e5r tidligere. N\u00e5r de ble gjort oppmerksom p\u00e5 dette i Sunnm\u00f8rsposten grep panikken til, og de vedtok en strippet pakke der Brosundtunnelen ble ofret.<\/p><p dir=\"ltr\">Sak fra smp.no: <a href=\"https:\/\/www.smp.no\/nyheter\/2019\/05\/31\/Dale-setter-bom-for-7-milliarders-bypakke-19146782.ece\">https:\/\/www.smp.no\/nyheter\/2019\/05\/31\/Dale-setter-bom-for-7-milliarders-bypakke-19146782.ece<\/a><\/p><p dir=\"ltr\">Brevet fra Samferdselsdepartementet: <a href=\"https:\/\/innsyn.alesund.kommune.no\/wfdocument.ashx?journalpostid=2016050328&#038;&#038;dokid=1254143&#038;&#038;versjon=1&#038;&#038;variant=A&#038;&#038;\">https:\/\/innsyn.alesund.kommune.no\/wfdocument.ashx?journalpostid=2016050328&#038;&#038;dokid=1254143&#038;&#038;versjon=1&#038;&#038;variant=A&#038;&#038;<\/p><p><br \/><\/a>P\u00e5stand 3: Bompengene som kreves inn skal g\u00e5 til sykkel og kollektiv og ikke vei.<\/p><p dir=\"ltr\"><em>Feil. <\/em>Bypakken i \u00c5lesund har en langt bedre balanse mellom vei og kollektivsatsing enn pakken i for eksempel Bergen og Oslo. I H\u00f8yre sitt forslag er 2,8 mrd knyttet til veiprosjektene ny Lerstadvei og Brosundtunnelen. Det alene tilsvarer 70 % av pakken. Samtidig inneholder pakken viktige satsinger innen kollekmtiv, gang og sykkel.<\/p><p><\/p><h4 dir=\"ltr\">P\u00e5stand 4: Dersom bystyret hadde g\u00e5tt for H\u00f8yre sitt forslag med Brosundtunnelen, ville det forsinket prosessen.<\/h4><p dir=\"ltr\"><em>Feil. <\/em>H\u00f8yre sitt forslag er nesten helt likt som det et enstemmig bystyre stemte for sist saken var oppe til behandling i bystyret i 2018, og er derfor det forslaget som arbeidsgruppen for bypakken skulle ha arbeidet med. Det er ingenting som tilsier at bypakken trengte \u00e5 stoppes om Brosundtunnelen hadde v\u00e6rt med.<\/p><h4><br \/><\/h4><h4 dir=\"ltr\">P\u00e5stand 5: Det vil koste 80 kr \u00e5 kj\u00f8re fra Blindheim til sentrum.<\/h4><p dir=\"ltr\"><em>Feil. <\/em>Du betaler kun for \u00e9n passering per time, slik at det vil koste 20 kr, med mindre man bruker mer enn en time.<\/p><br \/><h4 dir=\"ltr\">P\u00e5stand 6: H\u00f8yre er for bompenger i \u00c5lesund.<\/h4><p dir=\"ltr\"><em>Riktig.<\/em> \u00c5lesund H\u00f8yre anerkjenner at bompenger er n\u00f8dvendig dersom vi skal kunne vokse og utvikle byen videre gjennom utbedring og utbygging av veinettet, sykkelstier og kollektivtiltak. Vi mener likevel at bompengene m\u00e5 holdes p\u00e5 et moderat niv\u00e5.<\/p><p><\/p><h4 dir=\"ltr\">H\u00f8yres lovnad:<\/h4><p dir=\"ltr\">Brosundtunnelen skal inn igjen i bypakken ved aller f\u00f8rste mulighet dersom vi vinner valget til h\u00f8sten. Der Arbeiderpartiet med resten av posisjonen har brukt 4 \u00e5r og mange misbrukte sjanser p\u00e5 \u00e5 rote Brosundtunnelen ut av pakken, skal vi f\u00e5 den inn igjen, og den skal vedtas hele veien til Stortinget!<\/p><p dir=\"ltr\">Vekk med trafikken gjennom sentrum, ja til Brosundtunnel og ja til en ny og revitalisert s\u00f8rside av \u00c5lesund sentrum.<\/p><br \/><p><br \/><\/p><\/div>\n<div class=\"tags\">\n\t<\/div>\n<div class=\"post-footer alignfull has-background block-editor-block-list__block\" data-align=full>\n\t<div class=\"post-footer-inner\">\n\t\t<h3>Relaterte artikler<\/h3>\n\t\t<div class=\"related-content\"><div class=\"is-card-hoyre\">\n\t<div class=\"teft-card hoyre-teft-card post-teft-card\">\n\t\t<a href=\"https:\/\/hoyre.no\/alesund\/aktuelt\/nominasjons-komite-til-kommunevalget-i-2027\/\" class=\"teft-card__primary-action\">\n\n\t\t\t<div class=\"teft-card__media teft-card__media--16-9 no-image\"><\/div>\n\t\t\t<div class=\"teft-card__content-wrapper\">\n\t\t\t\t<div class=\"teft-card__secondary\">\n\t\t\t\t\t\n\t\t\t\t\t\t\t\t<div class=\"teft-card__meta\">\n\t\t\t\t\t\t\t\t\t<span class=\"post-date\">11. apr 2026<\/span>\n\n\t\t\t\t\t\t\t\t\t\t\t\t\t\t\t\t\t<\/div>\n\t\t\t\t\t\t\t\t\t\t\t<\/div>\n\n\t\t\t\t<div class=\"teft-card__primary\">\n\t\t\t\t\t<h2 class=\"teft-card__title\">Nominasjon til kommunevalget i 2027&nbsp;<span class=\"teft-card__primary-title-append\"><\/span><\/h2>\t\t\t\t<\/div>\n\t\t\t<\/div>\n\t\t<\/a>\n\t<\/div>\n\n\t<\/div><div class=\"is-card-hoyre\">\n\t<div class=\"teft-card hoyre-teft-card post-teft-card\">\n\t\t<a href=\"https:\/\/hoyre.no\/alesund\/aktuelt\/et-topp-motivert-team\/\" class=\"teft-card__primary-action\">\n\n\t\t\t\t\t<div class=\"teft-card__media teft-card__media--16-9\">\n\t\t\t\t\t\t<img loading=\"lazy\" decoding=\"async\" width=\"768\" height=\"527\" src=\"https:\/\/hoyre.no\/content\/uploads\/sites\/87\/2023\/05\/IMG_6153-1-768x527.jpg\" class=\"attachment-medium_large size-medium_large\" alt=\"\" srcset=\"https:\/\/hoyre.no\/content\/uploads\/sites\/87\/2023\/05\/IMG_6153-1-768x527.jpg 768w, https:\/\/hoyre.no\/content\/uploads\/sites\/87\/2023\/05\/IMG_6153-1-300x206.jpg 300w, https:\/\/hoyre.no\/content\/uploads\/sites\/87\/2023\/05\/IMG_6153-1-1024x703.jpg 1024w, https:\/\/hoyre.no\/content\/uploads\/sites\/87\/2023\/05\/IMG_6153-1-1536x1055.jpg 1536w, https:\/\/hoyre.no\/content\/uploads\/sites\/87\/2023\/05\/IMG_6153-1-2048x1407.jpg 2048w\" sizes=\"auto, (max-width: 768px) 100vw, 768px\" \/>\t\t<\/div>\n\t\t\n\t\t\t<div class=\"teft-card__content-wrapper\">\n\t\t\t\t<div class=\"teft-card__secondary\">\n\t\t\t\t\t\n\t\t\t\t\t\t\t\t<div class=\"teft-card__meta\">\n\t\t\t\t\t\t\t\t\t<span class=\"post-date\">25. jul 2023<\/span>\n\n\t\t\t\t\t\t\t\t\t\t\t\t\t\t\t\t\t<\/div>\n\t\t\t\t\t\t\t\t\t\t\t<\/div>\n\n\t\t\t\t<div class=\"teft-card__primary\">\n\t\t\t\t\t<h2 class=\"teft-card__title\">Et topp motivert team!&nbsp;<span class=\"teft-card__primary-title-append\"><\/span><\/h2>\t\t\t\t<\/div>\n\t\t\t<\/div>\n\t\t<\/a>\n\t<\/div>\n\n\t<\/div><div class=\"is-card-hoyre\">\n\t<div class=\"teft-card hoyre-teft-card post-teft-card\">\n\t\t<a href=\"https:\/\/hoyre.no\/alesund\/aktuelt\/hoyre-godtar-ikke-nedlegging-av-utasundsferga\/\" class=\"teft-card__primary-action\">\n\n\t\t\t\t\t<div class=\"teft-card__media teft-card__media--16-9\">\n\t\t\t\t\t\t<img loading=\"lazy\" decoding=\"async\" width=\"768\" height=\"576\" src=\"https:\/\/hoyre.no\/content\/uploads\/sites\/87\/2023\/05\/Jessica-Gartner-2.-kandidat-Monica-Molvaer-ordforerkandidat-Edvard-Devold-3.-kandidat-768x576.jpg\" class=\"attachment-medium_large size-medium_large\" alt=\"\" srcset=\"https:\/\/hoyre.no\/content\/uploads\/sites\/87\/2023\/05\/Jessica-Gartner-2.-kandidat-Monica-Molvaer-ordforerkandidat-Edvard-Devold-3.-kandidat-768x576.jpg 768w, https:\/\/hoyre.no\/content\/uploads\/sites\/87\/2023\/05\/Jessica-Gartner-2.-kandidat-Monica-Molvaer-ordforerkandidat-Edvard-Devold-3.-kandidat-300x225.jpg 300w, https:\/\/hoyre.no\/content\/uploads\/sites\/87\/2023\/05\/Jessica-Gartner-2.-kandidat-Monica-Molvaer-ordforerkandidat-Edvard-Devold-3.-kandidat-1024x768.jpg 1024w, https:\/\/hoyre.no\/content\/uploads\/sites\/87\/2023\/05\/Jessica-Gartner-2.-kandidat-Monica-Molvaer-ordforerkandidat-Edvard-Devold-3.-kandidat-1536x1152.jpg 1536w, https:\/\/hoyre.no\/content\/uploads\/sites\/87\/2023\/05\/Jessica-Gartner-2.-kandidat-Monica-Molvaer-ordforerkandidat-Edvard-Devold-3.-kandidat-2048x1536.jpg 2048w\" sizes=\"auto, (max-width: 768px) 100vw, 768px\" \/>\t\t<\/div>\n\t\t\n\t\t\t<div class=\"teft-card__content-wrapper\">\n\t\t\t\t<div class=\"teft-card__secondary\">\n\t\t\t\t\t\n\t\t\t\t\t\t\t\t<div class=\"teft-card__meta\">\n\t\t\t\t\t\t\t\t\t<span class=\"post-date\">31. mai 2023<\/span>\n\n\t\t\t\t\t\t\t\t\t\t\t\t\t\t\t\t\t<\/div>\n\t\t\t\t\t\t\t\t\t\t\t<\/div>\n\n\t\t\t\t<div class=\"teft-card__primary\">\n\t\t\t\t\t<h2 class=\"teft-card__title\">H\u00f8yre godtar ikke nedlegging av utasundsferga&nbsp;<span class=\"teft-card__primary-title-append\"><\/span><\/h2>\t\t\t\t<\/div>\n\t\t\t<\/div>\n\t\t<\/a>\n\t<\/div>\n\n\t<\/div><\/div>\t<\/div>\n<\/div>\n","protected":false},"excerpt":{"rendered":"","protected":false},"author":0,"featured_media":0,"comment_status":"closed","ping_status":"closed","sticky":false,"template":"","format":"standard","meta":{"teft_cards_image_url":"https:\/\/hoyre.no\/content\/uploads\/sites\/87\/2020\/11\/gettyimages_50556929-scaled.jpg","teft_cards_custom_pretitle":"","teft_cards_image_id":35,"teft_cards_image_focal_point_x":0,"teft_cards_image_focal_point_y":0,"teft_cards_title":"","teft_cards_excerpt":"","teft_show_chapters":false,"author_display_name":"\u00c5lesund H\u00f8yre","footnotes":""},"category":[1],"post_tag":[],"hoyre-visibility":[],"article-type":[],"politician":[],"class_list":["post-36","post","type-post","status-publish","format-standard","hentry","category-nyheiter"],"yoast_head":"<!-- This site is optimized with the Yoast SEO plugin v26.6 - https:\/\/yoast.com\/wordpress\/plugins\/seo\/ -->\n<title>Myter og fakta om bypakken - \u00c5lesund H\u00f8yre<\/title>\n<meta name=\"robots\" content=\"index, follow, max-snippet:-1, max-image-preview:large, max-video-preview:-1\" \/>\n<link rel=\"canonical\" href=\"https:\/\/hoyre.no\/alesund\/aktuelt\/myter_og_fakta_om_bypakken\/\" \/>\n<meta property=\"og:locale\" content=\"nb_NO\" \/>\n<meta property=\"og:type\" content=\"article\" \/>\n<meta property=\"og:title\" content=\"Myter og fakta om bypakken - \u00c5lesund H\u00f8yre\" \/>\n<meta property=\"og:url\" content=\"https:\/\/hoyre.no\/alesund\/aktuelt\/myter_og_fakta_om_bypakken\/\" \/>\n<meta property=\"og:site_name\" content=\"\u00c5lesund H\u00f8yre\" \/>\n<meta property=\"article:author\" content=\"https:\/\/www.facebook.com\/monica.molvaer\" \/>\n<meta property=\"article:published_time\" content=\"2019-06-12T20:00:00+00:00\" \/>\n<meta property=\"og:image\" content=\"https:\/\/hoyre.no\/content\/uploads\/sites\/87\/2023\/05\/Jessica-Gartner-2.-kandidat-Monica-Molvaer-ordforerkandidat-Edvard-Devold-3.-kandidat-1024x768.jpg\" \/>\n<meta name=\"twitter:card\" content=\"summary_large_image\" \/>\n<meta name=\"twitter:label1\" content=\"Ansl. lesetid\" \/>\n\t<meta name=\"twitter:data1\" content=\"4 minutter\" \/>\n<script type=\"application\/ld+json\" class=\"yoast-schema-graph\">{\"@context\":\"https:\/\/schema.org\",\"@graph\":[{\"@type\":\"NewsArticle\",\"@id\":\"https:\/\/hoyre.no\/alesund\/aktuelt\/myter_og_fakta_om_bypakken\/\",\"url\":\"https:\/\/hoyre.no\/alesund\/aktuelt\/myter_og_fakta_om_bypakken\/\",\"name\":\"Myter og fakta om bypakken - \u00c5lesund H\u00f8yre\",\"isPartOf\":{\"@id\":\"https:\/\/hoyre.no\/alesund\/#website\"},\"datePublished\":\"2019-06-12T20:00:00+00:00\",\"author\":{\"@id\":\"\"},\"breadcrumb\":{\"@id\":\"https:\/\/hoyre.no\/alesund\/aktuelt\/myter_og_fakta_om_bypakken\/#breadcrumb\"},\"inLanguage\":\"nb-NO\",\"potentialAction\":[{\"@type\":\"ReadAction\",\"target\":[\"https:\/\/hoyre.no\/alesund\/aktuelt\/myter_og_fakta_om_bypakken\/\"]}]},{\"@type\":\"BreadcrumbList\",\"@id\":\"https:\/\/hoyre.no\/alesund\/aktuelt\/myter_og_fakta_om_bypakken\/#breadcrumb\",\"itemListElement\":[{\"@type\":\"ListItem\",\"position\":1,\"name\":\"Til hoyre.no\",\"item\":\"https:\/\/hoyre.no\"},{\"@type\":\"ListItem\",\"position\":2,\"name\":\"Hjem\",\"item\":\"https:\/\/hoyre.no\/alesund\/\"},{\"@type\":\"ListItem\",\"position\":3,\"name\":\"Myter og fakta om bypakken\"}]},{\"@type\":\"WebSite\",\"@id\":\"https:\/\/hoyre.no\/alesund\/#website\",\"url\":\"https:\/\/hoyre.no\/alesund\/\",\"name\":\"\u00c5lesund H\u00f8yre\",\"description\":\"Bare enda et H\u00f8yres nettsteder-nettsted\",\"inLanguage\":\"nb-NO\"}]}<\/script>\n<!-- \/ Yoast SEO plugin. -->","yoast_head_json":{"title":"Myter og fakta om bypakken - \u00c5lesund H\u00f8yre","robots":{"index":"index","follow":"follow","max-snippet":"max-snippet:-1","max-image-preview":"max-image-preview:large","max-video-preview":"max-video-preview:-1"},"canonical":"https:\/\/hoyre.no\/alesund\/aktuelt\/myter_og_fakta_om_bypakken\/","og_locale":"nb_NO","og_type":"article","og_title":"Myter og fakta om bypakken - \u00c5lesund H\u00f8yre","og_url":"https:\/\/hoyre.no\/alesund\/aktuelt\/myter_og_fakta_om_bypakken\/","og_site_name":"\u00c5lesund H\u00f8yre","article_author":"https:\/\/www.facebook.com\/monica.molvaer","article_published_time":"2019-06-12T20:00:00+00:00","og_image":[{"url":"https:\/\/hoyre.no\/content\/uploads\/sites\/87\/2023\/05\/Jessica-Gartner-2.-kandidat-Monica-Molvaer-ordforerkandidat-Edvard-Devold-3.-kandidat-1024x768.jpg","width":"","height":"","type":""}],"twitter_card":"summary_large_image","twitter_misc":{"Ansl. lesetid":"4 minutter"},"schema":{"@context":"https:\/\/schema.org","@graph":[{"@type":"NewsArticle","@id":"https:\/\/hoyre.no\/alesund\/aktuelt\/myter_og_fakta_om_bypakken\/","url":"https:\/\/hoyre.no\/alesund\/aktuelt\/myter_og_fakta_om_bypakken\/","name":"Myter og fakta om bypakken - \u00c5lesund H\u00f8yre","isPartOf":{"@id":"https:\/\/hoyre.no\/alesund\/#website"},"datePublished":"2019-06-12T20:00:00+00:00","author":{"@id":""},"breadcrumb":{"@id":"https:\/\/hoyre.no\/alesund\/aktuelt\/myter_og_fakta_om_bypakken\/#breadcrumb"},"inLanguage":"nb-NO","potentialAction":[{"@type":"ReadAction","target":["https:\/\/hoyre.no\/alesund\/aktuelt\/myter_og_fakta_om_bypakken\/"]}]},{"@type":"BreadcrumbList","@id":"https:\/\/hoyre.no\/alesund\/aktuelt\/myter_og_fakta_om_bypakken\/#breadcrumb","itemListElement":[{"@type":"ListItem","position":1,"name":"Til hoyre.no","item":"https:\/\/hoyre.no"},{"@type":"ListItem","position":2,"name":"Hjem","item":"https:\/\/hoyre.no\/alesund\/"},{"@type":"ListItem","position":3,"name":"Myter og fakta om bypakken"}]},{"@type":"WebSite","@id":"https:\/\/hoyre.no\/alesund\/#website","url":"https:\/\/hoyre.no\/alesund\/","name":"\u00c5lesund H\u00f8yre","description":"Bare enda et H\u00f8yres nettsteder-nettsted","inLanguage":"nb-NO"}]}},"distributor_meta":false,"distributor_terms":false,"distributor_media":false,"distributor_original_site_name":"\u00c5lesund H\u00f8yre","distributor_original_site_url":"https:\/\/hoyre.no\/alesund","push-errors":false,"_links":{"self":[{"href":"https:\/\/hoyre.no\/alesund\/wp-json\/wp\/v2\/posts\/36","targetHints":{"allow":["GET"]}}],"collection":[{"href":"https:\/\/hoyre.no\/alesund\/wp-json\/wp\/v2\/posts"}],"about":[{"href":"https:\/\/hoyre.no\/alesund\/wp-json\/wp\/v2\/types\/post"}],"replies":[{"embeddable":true,"href":"https:\/\/hoyre.no\/alesund\/wp-json\/wp\/v2\/comments?post=36"}],"version-history":[{"count":0,"href":"https:\/\/hoyre.no\/alesund\/wp-json\/wp\/v2\/posts\/36\/revisions"}],"wp:attachment":[{"href":"https:\/\/hoyre.no\/alesund\/wp-json\/wp\/v2\/media?parent=36"}],"wp:term":[{"taxonomy":"category","embeddable":true,"href":"https:\/\/hoyre.no\/alesund\/wp-json\/wp\/v2\/category?post=36"},{"taxonomy":"post_tag","embeddable":true,"href":"https:\/\/hoyre.no\/alesund\/wp-json\/wp\/v2\/post_tag?post=36"},{"taxonomy":"hoyre-visibility","embeddable":true,"href":"https:\/\/hoyre.no\/alesund\/wp-json\/wp\/v2\/hoyre-visibility?post=36"},{"taxonomy":"article-type","embeddable":true,"href":"https:\/\/hoyre.no\/alesund\/wp-json\/wp\/v2\/article-type?post=36"},{"taxonomy":"politician","embeddable":true,"href":"https:\/\/hoyre.no\/alesund\/wp-json\/wp\/v2\/politician?post=36"}],"curies":[{"name":"wp","href":"https:\/\/api.w.org\/{rel}","templated":true}]}}