{"id":42,"date":"2017-09-11T22:00:00","date_gmt":"2017-09-11T20:00:00","guid":{"rendered":"https:\/\/hoyre.no\/alesund\/aktuelt\/sterk-h-valgseier-i\/"},"modified":"2017-09-11T22:00:00","modified_gmt":"2017-09-11T20:00:00","slug":"sterk-h-valgseier-i","status":"publish","type":"post","link":"https:\/\/hoyre.no\/alesund\/aktuelt\/sterk-h-valgseier-i\/","title":{"rendered":"Sterk H seier i M\u00f8re og Romsdal"},"content":{"rendered":"<p class=\"preamble\">Det ble et trillervalg, som b\u00f8lget frem og tilbake i M\u00f8re og Romsdal. Det endte med klar seier for H\u00f8yre og 3 representanter p\u00e5 stortinget. Dette er f\u00f8rste gang siden 1980 tallet, da Taller\u00e5s, Koppern\u00e6s og Sverdrup representerte H\u00f8yre. Oppslutningen ble sterke 23,6% (34121 stemmer) til H\u00f8yre. Et meget godt resultat foran Frp (22,4%) og Ap (21,3%). Lenge s\u00e5 det ut til at 3. mandatet skulle havne hos Frp, men gode H\u00f8yre stemmekretser ga fav\u00f8r til Vetle Wang Soleim. Slik feira H\u00f8gre sigeren<\/p>\t\t\t<div class=\"post-meta wp-block teft-byline-wrapper\">\n\t\t\t\t<div class=\"top\">\n\t\t\t\t\t<div class=\"signature\">\n\t\t\t\t\t\t<div class=\"teft-byline\">\n\t\t\t\t\t\t\t\t\t\t\t\t\t\t<div>\n\t\t\t\t\t\t\t\t<h3>H\u00f8yres redaksjon<\/h3>\t\t\t\t\t\t\t\t\n\t\t\t\t\t\t\t\t\t\t\t\t\t\t\t\t\t<span class=\"date\">Sist oppdatert: 11. september 2017<\/span>\n\t\t\t\t\t\t\t\t\t\t\t\t\t\t\t\t\t\t\t\t\t\t\t\t\t<span class=\"reading-time\" itemprop=\"timeRequired\" content=\"PT1M\"><em>Ca. 1 minutter lesetid<\/em><\/span>\n\t\t\t\t\t\t\t\t\t\t\t\t\t\t\t<\/div>\n\t\t\t\t\t\t<\/div>\n\t\t\t\t\t<\/div>\n\t\t\t\t\t\t<div class=\"sharing\">\n\t\t<a class=\"share-button share-link copy-link\" data-copy=\"https:\/\/hoyre.no\/alesund\/aktuelt\/sterk-h-valgseier-i\/\" target=\"_blank\"><span class=\"screen-reader-text\">Del link<\/span><\/a>\n\t\t<a class=\"share-button share-twitter\" href=\"http:\/\/twitter.com\/share?text=Sterk H seier i M\u00f8re og Romsdal&#038;url=https:\/\/hoyre.no\/alesund\/aktuelt\/sterk-h-valgseier-i\/&#038;hashtags=Hoyre\" target=\"_blank\"><span class=\"screen-reader-text\">Del p\u00e5 twitter<\/span><\/a>\n\t\t<a class=\"share-button share-facebook\" href=\"https:\/\/www.facebook.com\/sharer\/sharer.php?u=https:\/\/hoyre.no\/alesund\/aktuelt\/sterk-h-valgseier-i\/\" target=\"_blank\"><span class=\"screen-reader-text\">Del p\u00e5 facebook<\/span><\/a>\n\t<\/div>\n\t\t\t\t\t<\/div>\n\t\t\t<\/div>\n\n\t\t\t<figure class=\"hoyre-image-wrapper\"><div class=\"hoyre-image\"><img loading=\"lazy\" decoding=\"async\" width=\"1920\" height=\"1080\" src=\"https:\/\/hoyre.no\/content\/uploads\/sites\/87\/2020\/11\/vetle-marianne-helga.jpg\" class=\"attachment-scaled size-scaled\" alt=\"\" style=\"object-position: 50% 50%\" srcset=\"https:\/\/hoyre.no\/content\/uploads\/sites\/87\/2020\/11\/vetle-marianne-helga.jpg 1920w, https:\/\/hoyre.no\/content\/uploads\/sites\/87\/2020\/11\/vetle-marianne-helga-300x169.jpg 300w, https:\/\/hoyre.no\/content\/uploads\/sites\/87\/2020\/11\/vetle-marianne-helga-1024x576.jpg 1024w, https:\/\/hoyre.no\/content\/uploads\/sites\/87\/2020\/11\/vetle-marianne-helga-768x432.jpg 768w, https:\/\/hoyre.no\/content\/uploads\/sites\/87\/2020\/11\/vetle-marianne-helga-1536x864.jpg 1536w\" sizes=\"auto, (max-width: 1920px) 100vw, 1920px\" \/><\/div><\/figure><div id=\"hoyre-old-article-content-wrapper\"><p> I \u00c5lesund gjorde H\u00f8yre et meget godt valg og ble klart st\u00f8rst parti i 8 av 9 valgkretser. Imponerende 30,5% stemte p\u00e5 H\u00f8yre, alts\u00e5 7685 stemmer i H\u00f8yre sin fav\u00f8r. Her er hele gullrekka;<\/p><ul><li>25,0% p\u00e5 Hessa, Skarb\u00f8vik og Asp\u00f8y<\/li><li>29,7% i Sentrum<\/li><li>34,1% p\u00e5 N\u00f8rv\u00f8ya<\/li><li>34,3% i N\u00f8rvasund og Hatlane<\/li><li>34,7% p\u00e5 Lerstad og \u00c5se<\/li><li>32,9% i Spjelkavik<\/li><li>31,1% p\u00e5 Blindheim<\/li><li>29,8% p\u00e5 Hatlehol og Emblem<\/li><li>33,5% p\u00e5 Ellings\u00f8ya<\/li><\/ul><\/div>\n<div class=\"tags\">\n\t<\/div>\n<div class=\"post-footer alignfull has-background block-editor-block-list__block\" data-align=full>\n\t<div class=\"post-footer-inner\">\n\t\t<h3>Relaterte artikler<\/h3>\n\t\t<div class=\"related-content\"><div class=\"is-card-hoyre\">\n\t<div class=\"teft-card hoyre-teft-card post-teft-card\">\n\t\t<a href=\"https:\/\/hoyre.no\/alesund\/aktuelt\/nominasjons-komite-til-kommunevalget-i-2027\/\" class=\"teft-card__primary-action\">\n\n\t\t\t<div class=\"teft-card__media teft-card__media--16-9 no-image\"><\/div>\n\t\t\t<div class=\"teft-card__content-wrapper\">\n\t\t\t\t<div class=\"teft-card__secondary\">\n\t\t\t\t\t\n\t\t\t\t\t\t\t\t<div class=\"teft-card__meta\">\n\t\t\t\t\t\t\t\t\t<span class=\"post-date\">11. apr 2026<\/span>\n\n\t\t\t\t\t\t\t\t\t\t\t\t\t\t\t\t\t<\/div>\n\t\t\t\t\t\t\t\t\t\t\t<\/div>\n\n\t\t\t\t<div class=\"teft-card__primary\">\n\t\t\t\t\t<h2 class=\"teft-card__title\">Nominasjon til kommunevalget i 2027&nbsp;<span class=\"teft-card__primary-title-append\"><\/span><\/h2>\t\t\t\t<\/div>\n\t\t\t<\/div>\n\t\t<\/a>\n\t<\/div>\n\n\t<\/div><div class=\"is-card-hoyre\">\n\t<div class=\"teft-card hoyre-teft-card post-teft-card\">\n\t\t<a href=\"https:\/\/hoyre.no\/alesund\/aktuelt\/et-topp-motivert-team\/\" class=\"teft-card__primary-action\">\n\n\t\t\t\t\t<div class=\"teft-card__media teft-card__media--16-9\">\n\t\t\t\t\t\t<img loading=\"lazy\" decoding=\"async\" width=\"768\" height=\"527\" src=\"https:\/\/hoyre.no\/content\/uploads\/sites\/87\/2023\/05\/IMG_6153-1-768x527.jpg\" class=\"attachment-medium_large size-medium_large\" alt=\"\" srcset=\"https:\/\/hoyre.no\/content\/uploads\/sites\/87\/2023\/05\/IMG_6153-1-768x527.jpg 768w, https:\/\/hoyre.no\/content\/uploads\/sites\/87\/2023\/05\/IMG_6153-1-300x206.jpg 300w, https:\/\/hoyre.no\/content\/uploads\/sites\/87\/2023\/05\/IMG_6153-1-1024x703.jpg 1024w, https:\/\/hoyre.no\/content\/uploads\/sites\/87\/2023\/05\/IMG_6153-1-1536x1055.jpg 1536w, https:\/\/hoyre.no\/content\/uploads\/sites\/87\/2023\/05\/IMG_6153-1-2048x1407.jpg 2048w\" sizes=\"auto, (max-width: 768px) 100vw, 768px\" \/>\t\t<\/div>\n\t\t\n\t\t\t<div class=\"teft-card__content-wrapper\">\n\t\t\t\t<div class=\"teft-card__secondary\">\n\t\t\t\t\t\n\t\t\t\t\t\t\t\t<div class=\"teft-card__meta\">\n\t\t\t\t\t\t\t\t\t<span class=\"post-date\">25. jul 2023<\/span>\n\n\t\t\t\t\t\t\t\t\t\t\t\t\t\t\t\t\t<\/div>\n\t\t\t\t\t\t\t\t\t\t\t<\/div>\n\n\t\t\t\t<div class=\"teft-card__primary\">\n\t\t\t\t\t<h2 class=\"teft-card__title\">Et topp motivert team!&nbsp;<span class=\"teft-card__primary-title-append\"><\/span><\/h2>\t\t\t\t<\/div>\n\t\t\t<\/div>\n\t\t<\/a>\n\t<\/div>\n\n\t<\/div><div class=\"is-card-hoyre\">\n\t<div class=\"teft-card hoyre-teft-card post-teft-card\">\n\t\t<a href=\"https:\/\/hoyre.no\/alesund\/aktuelt\/hoyre-godtar-ikke-nedlegging-av-utasundsferga\/\" class=\"teft-card__primary-action\">\n\n\t\t\t\t\t<div class=\"teft-card__media teft-card__media--16-9\">\n\t\t\t\t\t\t<img loading=\"lazy\" decoding=\"async\" width=\"768\" height=\"576\" src=\"https:\/\/hoyre.no\/content\/uploads\/sites\/87\/2023\/05\/Jessica-Gartner-2.-kandidat-Monica-Molvaer-ordforerkandidat-Edvard-Devold-3.-kandidat-768x576.jpg\" class=\"attachment-medium_large size-medium_large\" alt=\"\" srcset=\"https:\/\/hoyre.no\/content\/uploads\/sites\/87\/2023\/05\/Jessica-Gartner-2.-kandidat-Monica-Molvaer-ordforerkandidat-Edvard-Devold-3.-kandidat-768x576.jpg 768w, https:\/\/hoyre.no\/content\/uploads\/sites\/87\/2023\/05\/Jessica-Gartner-2.-kandidat-Monica-Molvaer-ordforerkandidat-Edvard-Devold-3.-kandidat-300x225.jpg 300w, https:\/\/hoyre.no\/content\/uploads\/sites\/87\/2023\/05\/Jessica-Gartner-2.-kandidat-Monica-Molvaer-ordforerkandidat-Edvard-Devold-3.-kandidat-1024x768.jpg 1024w, https:\/\/hoyre.no\/content\/uploads\/sites\/87\/2023\/05\/Jessica-Gartner-2.-kandidat-Monica-Molvaer-ordforerkandidat-Edvard-Devold-3.-kandidat-1536x1152.jpg 1536w, https:\/\/hoyre.no\/content\/uploads\/sites\/87\/2023\/05\/Jessica-Gartner-2.-kandidat-Monica-Molvaer-ordforerkandidat-Edvard-Devold-3.-kandidat-2048x1536.jpg 2048w\" sizes=\"auto, (max-width: 768px) 100vw, 768px\" \/>\t\t<\/div>\n\t\t\n\t\t\t<div class=\"teft-card__content-wrapper\">\n\t\t\t\t<div class=\"teft-card__secondary\">\n\t\t\t\t\t\n\t\t\t\t\t\t\t\t<div class=\"teft-card__meta\">\n\t\t\t\t\t\t\t\t\t<span class=\"post-date\">31. mai 2023<\/span>\n\n\t\t\t\t\t\t\t\t\t\t\t\t\t\t\t\t\t<\/div>\n\t\t\t\t\t\t\t\t\t\t\t<\/div>\n\n\t\t\t\t<div class=\"teft-card__primary\">\n\t\t\t\t\t<h2 class=\"teft-card__title\">H\u00f8yre godtar ikke nedlegging av utasundsferga&nbsp;<span class=\"teft-card__primary-title-append\"><\/span><\/h2>\t\t\t\t<\/div>\n\t\t\t<\/div>\n\t\t<\/a>\n\t<\/div>\n\n\t<\/div><\/div>\t<\/div>\n<\/div>\n","protected":false},"excerpt":{"rendered":"","protected":false},"author":0,"featured_media":0,"comment_status":"closed","ping_status":"closed","sticky":false,"template":"","format":"standard","meta":{"teft_cards_image_url":"https:\/\/hoyre.no\/content\/uploads\/sites\/87\/2020\/11\/vetle-marianne-helga.jpg","teft_cards_custom_pretitle":"","teft_cards_image_id":41,"teft_cards_image_focal_point_x":0,"teft_cards_image_focal_point_y":0,"teft_cards_title":"","teft_cards_excerpt":"","teft_show_chapters":false,"author_display_name":"","footnotes":""},"category":[1],"post_tag":[],"hoyre-visibility":[],"article-type":[],"politician":[],"class_list":["post-42","post","type-post","status-publish","format-standard","hentry","category-nyheiter"],"yoast_head":"<!-- This site is optimized with the Yoast SEO plugin v26.6 - https:\/\/yoast.com\/wordpress\/plugins\/seo\/ -->\n<title>Sterk H seier i M\u00f8re og Romsdal - \u00c5lesund H\u00f8yre<\/title>\n<meta name=\"robots\" content=\"index, follow, max-snippet:-1, max-image-preview:large, max-video-preview:-1\" \/>\n<link rel=\"canonical\" href=\"https:\/\/hoyre.no\/alesund\/aktuelt\/sterk-h-valgseier-i\/\" \/>\n<meta property=\"og:locale\" content=\"nb_NO\" \/>\n<meta property=\"og:type\" content=\"article\" \/>\n<meta property=\"og:title\" content=\"Sterk H seier i M\u00f8re og Romsdal - \u00c5lesund H\u00f8yre\" \/>\n<meta property=\"og:url\" content=\"https:\/\/hoyre.no\/alesund\/aktuelt\/sterk-h-valgseier-i\/\" \/>\n<meta property=\"og:site_name\" content=\"\u00c5lesund H\u00f8yre\" \/>\n<meta property=\"article:author\" content=\"https:\/\/www.facebook.com\/monica.molvaer\" \/>\n<meta property=\"article:published_time\" content=\"2017-09-11T20:00:00+00:00\" \/>\n<meta property=\"og:image\" content=\"https:\/\/hoyre.no\/content\/uploads\/sites\/87\/2023\/05\/Jessica-Gartner-2.-kandidat-Monica-Molvaer-ordforerkandidat-Edvard-Devold-3.-kandidat-1024x768.jpg\" \/>\n<meta name=\"twitter:card\" content=\"summary_large_image\" \/>\n<meta name=\"twitter:label1\" content=\"Ansl. lesetid\" \/>\n\t<meta name=\"twitter:data1\" content=\"1 minutt\" \/>\n<script type=\"application\/ld+json\" class=\"yoast-schema-graph\">{\"@context\":\"https:\/\/schema.org\",\"@graph\":[{\"@type\":\"NewsArticle\",\"@id\":\"https:\/\/hoyre.no\/alesund\/aktuelt\/sterk-h-valgseier-i\/\",\"url\":\"https:\/\/hoyre.no\/alesund\/aktuelt\/sterk-h-valgseier-i\/\",\"name\":\"Sterk H seier i M\u00f8re og Romsdal - \u00c5lesund H\u00f8yre\",\"isPartOf\":{\"@id\":\"https:\/\/hoyre.no\/alesund\/#website\"},\"datePublished\":\"2017-09-11T20:00:00+00:00\",\"author\":{\"@id\":\"\"},\"breadcrumb\":{\"@id\":\"https:\/\/hoyre.no\/alesund\/aktuelt\/sterk-h-valgseier-i\/#breadcrumb\"},\"inLanguage\":\"nb-NO\",\"potentialAction\":[{\"@type\":\"ReadAction\",\"target\":[\"https:\/\/hoyre.no\/alesund\/aktuelt\/sterk-h-valgseier-i\/\"]}]},{\"@type\":\"BreadcrumbList\",\"@id\":\"https:\/\/hoyre.no\/alesund\/aktuelt\/sterk-h-valgseier-i\/#breadcrumb\",\"itemListElement\":[{\"@type\":\"ListItem\",\"position\":1,\"name\":\"Til hoyre.no\",\"item\":\"https:\/\/hoyre.no\"},{\"@type\":\"ListItem\",\"position\":2,\"name\":\"Hjem\",\"item\":\"https:\/\/hoyre.no\/alesund\/\"},{\"@type\":\"ListItem\",\"position\":3,\"name\":\"Sterk H seier i M\u00f8re og Romsdal\"}]},{\"@type\":\"WebSite\",\"@id\":\"https:\/\/hoyre.no\/alesund\/#website\",\"url\":\"https:\/\/hoyre.no\/alesund\/\",\"name\":\"\u00c5lesund H\u00f8yre\",\"description\":\"Bare enda et H\u00f8yres nettsteder-nettsted\",\"inLanguage\":\"nb-NO\"}]}<\/script>\n<!-- \/ Yoast SEO plugin. -->","yoast_head_json":{"title":"Sterk H seier i M\u00f8re og Romsdal - \u00c5lesund H\u00f8yre","robots":{"index":"index","follow":"follow","max-snippet":"max-snippet:-1","max-image-preview":"max-image-preview:large","max-video-preview":"max-video-preview:-1"},"canonical":"https:\/\/hoyre.no\/alesund\/aktuelt\/sterk-h-valgseier-i\/","og_locale":"nb_NO","og_type":"article","og_title":"Sterk H seier i M\u00f8re og Romsdal - \u00c5lesund H\u00f8yre","og_url":"https:\/\/hoyre.no\/alesund\/aktuelt\/sterk-h-valgseier-i\/","og_site_name":"\u00c5lesund H\u00f8yre","article_author":"https:\/\/www.facebook.com\/monica.molvaer","article_published_time":"2017-09-11T20:00:00+00:00","og_image":[{"url":"https:\/\/hoyre.no\/content\/uploads\/sites\/87\/2023\/05\/Jessica-Gartner-2.-kandidat-Monica-Molvaer-ordforerkandidat-Edvard-Devold-3.-kandidat-1024x768.jpg","width":"","height":"","type":""}],"twitter_card":"summary_large_image","twitter_misc":{"Ansl. lesetid":"1 minutt"},"schema":{"@context":"https:\/\/schema.org","@graph":[{"@type":"NewsArticle","@id":"https:\/\/hoyre.no\/alesund\/aktuelt\/sterk-h-valgseier-i\/","url":"https:\/\/hoyre.no\/alesund\/aktuelt\/sterk-h-valgseier-i\/","name":"Sterk H seier i M\u00f8re og Romsdal - \u00c5lesund H\u00f8yre","isPartOf":{"@id":"https:\/\/hoyre.no\/alesund\/#website"},"datePublished":"2017-09-11T20:00:00+00:00","author":{"@id":""},"breadcrumb":{"@id":"https:\/\/hoyre.no\/alesund\/aktuelt\/sterk-h-valgseier-i\/#breadcrumb"},"inLanguage":"nb-NO","potentialAction":[{"@type":"ReadAction","target":["https:\/\/hoyre.no\/alesund\/aktuelt\/sterk-h-valgseier-i\/"]}]},{"@type":"BreadcrumbList","@id":"https:\/\/hoyre.no\/alesund\/aktuelt\/sterk-h-valgseier-i\/#breadcrumb","itemListElement":[{"@type":"ListItem","position":1,"name":"Til hoyre.no","item":"https:\/\/hoyre.no"},{"@type":"ListItem","position":2,"name":"Hjem","item":"https:\/\/hoyre.no\/alesund\/"},{"@type":"ListItem","position":3,"name":"Sterk H seier i M\u00f8re og Romsdal"}]},{"@type":"WebSite","@id":"https:\/\/hoyre.no\/alesund\/#website","url":"https:\/\/hoyre.no\/alesund\/","name":"\u00c5lesund H\u00f8yre","description":"Bare enda et H\u00f8yres nettsteder-nettsted","inLanguage":"nb-NO"}]}},"distributor_meta":false,"distributor_terms":false,"distributor_media":false,"distributor_original_site_name":"\u00c5lesund H\u00f8yre","distributor_original_site_url":"https:\/\/hoyre.no\/alesund","push-errors":false,"_links":{"self":[{"href":"https:\/\/hoyre.no\/alesund\/wp-json\/wp\/v2\/posts\/42","targetHints":{"allow":["GET"]}}],"collection":[{"href":"https:\/\/hoyre.no\/alesund\/wp-json\/wp\/v2\/posts"}],"about":[{"href":"https:\/\/hoyre.no\/alesund\/wp-json\/wp\/v2\/types\/post"}],"replies":[{"embeddable":true,"href":"https:\/\/hoyre.no\/alesund\/wp-json\/wp\/v2\/comments?post=42"}],"version-history":[{"count":0,"href":"https:\/\/hoyre.no\/alesund\/wp-json\/wp\/v2\/posts\/42\/revisions"}],"wp:attachment":[{"href":"https:\/\/hoyre.no\/alesund\/wp-json\/wp\/v2\/media?parent=42"}],"wp:term":[{"taxonomy":"category","embeddable":true,"href":"https:\/\/hoyre.no\/alesund\/wp-json\/wp\/v2\/category?post=42"},{"taxonomy":"post_tag","embeddable":true,"href":"https:\/\/hoyre.no\/alesund\/wp-json\/wp\/v2\/post_tag?post=42"},{"taxonomy":"hoyre-visibility","embeddable":true,"href":"https:\/\/hoyre.no\/alesund\/wp-json\/wp\/v2\/hoyre-visibility?post=42"},{"taxonomy":"article-type","embeddable":true,"href":"https:\/\/hoyre.no\/alesund\/wp-json\/wp\/v2\/article-type?post=42"},{"taxonomy":"politician","embeddable":true,"href":"https:\/\/hoyre.no\/alesund\/wp-json\/wp\/v2\/politician?post=42"}],"curies":[{"name":"wp","href":"https:\/\/api.w.org\/{rel}","templated":true}]}}