{"id":65,"date":"2023-10-01T15:45:24","date_gmt":"2023-10-01T13:45:24","guid":{"rendered":"https:\/\/hoyre.no\/alna\/?p=65"},"modified":"2023-10-02T12:29:31","modified_gmt":"2023-10-02T10:29:31","slug":"na-begynner-jobben","status":"publish","type":"post","link":"https:\/\/hoyre.no\/alna\/aktuelt\/na-begynner-jobben\/","title":{"rendered":"N\u00e5 begynner jobben"},"content":{"rendered":"\n<p class=\"preamble\">Jeg skj\u00f8nte valget kunne g\u00e5 bra for oss en torsdag ettermiddag p\u00e5 Tveitasenteret.<\/p>\t\t\t<div class=\"post-meta wp-block teft-byline-wrapper\">\n\t\t\t\t<div class=\"top\">\n\t\t\t\t\t<div class=\"signature\">\n\t\t\t\t\t\t<div class=\"teft-byline\">\n\t\t\t\t\t\t\t\t\t\t\t\t\t\t<div>\n\t\t\t\t\t\t\t\t<h3>H\u00f8yres redaksjon<\/h3>\t\t\t\t\t\t\t\t\n\t\t\t\t\t\t\t\t\t\t\t\t\t\t\t\t\t<span class=\"date\">Sist oppdatert: 2. oktober 2023<\/span>\n\t\t\t\t\t\t\t\t\t\t\t\t\t\t\t\t\t\t\t\t\t\t\t\t\t<span class=\"reading-time\" itemprop=\"timeRequired\" content=\"PT6M\"><em>Ca. 6 minutter lesetid<\/em><\/span>\n\t\t\t\t\t\t\t\t\t\t\t\t\t\t\t<\/div>\n\t\t\t\t\t\t<\/div>\n\t\t\t\t\t<\/div>\n\t\t\t\t\t\t<div class=\"sharing\">\n\t\t<a class=\"share-button share-link copy-link\" data-copy=\"https:\/\/hoyre.no\/alna\/aktuelt\/na-begynner-jobben\/\" target=\"_blank\"><span class=\"screen-reader-text\">Del link<\/span><\/a>\n\t\t<a class=\"share-button share-twitter\" href=\"http:\/\/twitter.com\/share?text=N\u00e5 begynner jobben&#038;url=https:\/\/hoyre.no\/alna\/aktuelt\/na-begynner-jobben\/&#038;hashtags=Hoyre\" target=\"_blank\"><span class=\"screen-reader-text\">Del p\u00e5 twitter<\/span><\/a>\n\t\t<a class=\"share-button share-facebook\" href=\"https:\/\/www.facebook.com\/sharer\/sharer.php?u=https:\/\/hoyre.no\/alna\/aktuelt\/na-begynner-jobben\/\" target=\"_blank\"><span class=\"screen-reader-text\">Del p\u00e5 facebook<\/span><\/a>\n\t<\/div>\n\t\t\t\t\t<\/div>\n\t\t\t<\/div>\n\n\t\t\t<figure class=\"hoyre-image-wrapper\"><div class=\"hoyre-image\"><img loading=\"lazy\" decoding=\"async\" width=\"2500\" height=\"1667\" src=\"https:\/\/hoyre.no\/content\/uploads\/sites\/421\/2023\/10\/Alna-scaled.jpeg\" class=\"attachment-scaled size-scaled\" alt=\"\" style=\"object-position: 50% 50%\" srcset=\"https:\/\/hoyre.no\/content\/uploads\/sites\/421\/2023\/10\/Alna-scaled.jpeg 2500w, https:\/\/hoyre.no\/content\/uploads\/sites\/421\/2023\/10\/Alna-300x200.jpeg 300w, https:\/\/hoyre.no\/content\/uploads\/sites\/421\/2023\/10\/Alna-1024x683.jpeg 1024w, https:\/\/hoyre.no\/content\/uploads\/sites\/421\/2023\/10\/Alna-768x512.jpeg 768w, https:\/\/hoyre.no\/content\/uploads\/sites\/421\/2023\/10\/Alna-1536x1024.jpeg 1536w, https:\/\/hoyre.no\/content\/uploads\/sites\/421\/2023\/10\/Alna-2048x1365.jpeg 2048w\" sizes=\"auto, (max-width: 2500px) 100vw, 2500px\" \/><\/div><figcaption class=\"caption\">Alna H\u00f8yre<\/figcaption><\/figure>\n\n\n\n\n<p><em>Dette innlegget er skrevet av Berit Solli, leder i Alna H\u00f8yre.<\/em><\/p>\n\n\n\n<p>Igjen dro jeg H\u00f8yre-t-skjorten over hodet og l\u00f8ftet sekken med l\u00f8pesedler over skulderen. Kveld etter kveld var vi i \u00e5r ekstra mange som gikk rundt og delte ut i postkasser og snakket med folk som turet hunden og drev i hagen. Aldri f\u00f8r har jeg opplevd s\u00e5 blide velgere, s\u00e5 mange som har sagt at de vil ha en endring i byen. Fra Teisen til Ellingsrud har vi g\u00e5tt gatelangs og st\u00e5tt p\u00e5 stand, tidlig og sent.<\/p>\n\n\n\n<p>Vi har delt ut buffs fordi H\u00f8yre tar vare p\u00e5 stemmen din. Vi har hatt lykkehjul p\u00e5 stand og delt ut potetgullposer med H\u00f8yregull til alle som kom p\u00e5 bl\u00e5tt.<\/p>\n\n\n\n<p>P\u00e5 stand er det alltid god stemning mellom partiene. Vi kjenner hverandre som engasjerte grorudd\u00f8ler, fra styrer og politikk, folkem\u00f8ter og tidligere valgkamper. Vi bytter drops og hjelper hverandre \u00e5 sette opp stands og beachflagg s\u00e5 det blir fint for alle. Ikke minst er det viktig at velgerne kommer frem n\u00e5r alle blir ivrige samtidig.<\/p>\n\n\n\n<p>Unntaket fra lokalpartienes trivsel var de utskremte fra LO. De ble skikkelig sure n\u00e5r de iblant mistet plassen de pr\u00f8vde \u00e5 ha for seg selv n\u00e6rmest d\u00f8ren til senteret.<\/p>\n\n\n\n<p>\u00abDe blideste vinner valget,\u00bb tenkte jeg. Og jaggu meg, fikk jeg rett.<\/p>\n\n\n\n<h3 class=\"wp-block-heading\"><strong>Fra to til tre i BU<\/strong><\/h3>\n\n\n\n<p>Resultatet av all innsatsen var s\u00e5 deilig: H\u00f8yre gjorde sitt beste valg i Groruddalen i manns minne! I Bjerke ble H\u00f8yre st\u00f8rste parti med 25,2 prosent av stemmene. I Alna fikk vi 19,9 prosent, i Grorud 17,9 prosent og i Stovner hele 25,3 prosent oppslutning i kommunevalget.<\/p>\n\n\n\n<p>Det er fantastisk fremgang fra forrige kommunevalg! I Alna \u00f8kte vi med hele 34 prosent fra sist, og vi \u00f8kte fra to til tre representanter i bydelsutvalget.<\/p>\n\n\n\n<p>Arbeiderpartiet har alltid v\u00e6rt litt selvgode i Groruddalen. N\u00e5 fikk de seg en kilevink.<\/p>\n\n\n\n<h3 class=\"wp-block-heading\">Muligheter for alle<\/h3>\n\n\n\n<p>Jeg tror forklaringen p\u00e5 hva som har skjedd best kan illustreres med en torsdag ettermiddag jeg sto p\u00e5 stand p\u00e5 Tveita: Da kom et par g\u00e5ende mot oss politikerflokken utenfor senteret. En av de r\u00f8de t-skjortene i horden traff paret f\u00f8rst, med et fors\u00f8k p\u00e5 \u00e5 gi dem en l\u00f8peseddel, men fikk kontant svar: \u00abNei, takk! For i \u00e5r er det vanlige folks tur!\u00bb<\/p>\n\n\n\n<p>Arbeiderpartiet har hatt slagordet om at det er vanlige folks tur. N\u00e5 slo slagordet dem i bakhodet s\u00e5 det smalt over hele dalf\u00f8ret. Det var litt vondt og mest godt \u00e5 se p\u00e5.<\/p>\n\n\n\n<p>Paret kom bort til meg, og tok imot H\u00f8yres l\u00f8peseddel med tittelen \u00abMuligheter for alle\u00bb.<\/p>\n\n\n\n<p>Her tror jeg forklaringen ligger til mye av H\u00f8yres fremgang i Groruddalen. Folk opplever ikke at det har v\u00e6rt deres tur p\u00e5 en positiv m\u00e5te. Det er heller blitt deres tur til \u00e5 betale mer skatter og avgifter, deres tur til \u00e5 lete etter parkering, til \u00e5 kjempe mot papirm\u00f8ller og stive regler, til \u00e5 kjempe for ungene sine i skolen.<\/p>\n\n\n\n<h3 class=\"wp-block-heading\"><strong>Snakke om egen politikk<\/strong><\/h3>\n\n\n\n<p>Jeg tenker ogs\u00e5 at \u00e5 tillegge andre partier meninger de ikke har, n\u00e5 har straffet seg. N\u00e5r vi i H\u00f8yre f\u00e5r snakket direkte med velgerne selv, istedenfor at andre partier uttaler seg om hva vi mener, s\u00e5 blir dialogen bedre for alle parter. Det gjelder alle partier.<\/p>\n\n\n\n<p>Et eksempel: En mann kom bort til meg og Arbeiderpartiet p\u00e5 stand: Han hadde alltid stemt Arbeiderpartiet, men i \u00e5r vurderte han R\u00f8dt. Dessuten var han opptatt av rosa busser. Jeg tok et skritt tilbake, og tenkte at her m\u00e5 Arbeiderpartiet hente inn igjen en fra kommunismen. Men, Arbeiderpartiets utsendte benyttet isteden anledningen til \u00e5 si noe negativt om hva MDG hadde stemt om rosa busser! Jeg sto helt perpleks og s\u00e5 p\u00e5. Hun hentet jo ikke inn en Ap-stemme, i det hele tatt. Snakk om \u00e5 f\u00e5 opplegg til smash, og s\u00e5 isteden sende tennisballen rett i nettet!<\/p>\n\n\n\n<p>Det var en demonstrasjon av hvor viktig det er \u00e5 snakke om egen politikk og egne fortrinn. Og ikke tillegge andre meninger de ikke har (jeg vet ikke hva MDG har stemt om rosa busser, det f\u00e5r de forklare selv).<\/p>\n\n\n\n<p>S\u00e5 vant vi! N\u00e5 har borgerlig side flertall i bystyret. Vi har skremt Arbeiderpartiet, selv i deres gerhardsenske bastion her i dalf\u00f8ret langs Alnaelven.<\/p>\n\n\n\n<h3 class=\"wp-block-heading\"><strong>Samarbeide bredt<\/strong><\/h3>\n\n\n\n<p>N\u00e5r jeg skriver dette torsdag formiddag, er ikke byr\u00e5dsforhandlingene til v\u00e5r Eirik Lae Solberg &amp; co ferdig.<\/p>\n\n\n\n<p>Uansett hvem H\u00f8yre kommer i byr\u00e5d med, s\u00e5 skal vi n\u00e5 brette opp skjorteermene! Vi skal samarbeide bredest mulig for \u00e5 f\u00e5 bedre \u00f8konomi, skole og eldreomsorg, mens vi redder klima.<\/p>\n\n\n\n<p>Vi skal svare opp paret som erkl\u00e6rte at det n\u00e5 virkelig er vanlige folks tur. Vi vil forbedre vanlige folks \u00f8konomi med lavere skatter og avgifter. Vi skal snu den store skuta \u00abOsloskolen\u00bb slik at det blir muligheter for alle skoleelever. Ungene m\u00e5 f\u00e5 l\u00e6re og legge fundamentet for et langt liv som gode borgere i forpliktende fellesskap.<\/p>\n\n\n\n<h3 class=\"wp-block-heading\"><strong>Arbeidsdalen<\/strong><\/h3>\n\n\n\n<p>Min hjertesak er hvor viktig det er for folk \u00e5 jobbe. Det er helse og samfunnsbygging i \u00e5 jobbe. P\u00e5 engelsk snakker man om ABC \u2013 activity, belonging og commitment. Alts\u00e5 aktivitet, tilh\u00f8righet og forpliktelse. Arbeid er veien til helse, tilh\u00f8righet og \u00e5 skape noe sammen.<\/p>\n\n\n\n<p>Vi har et fantastisk lokalt n\u00e6ringsliv. Alna bydel har hele 32.000 arbeidsplasser. Vi \u00abeksporterer\u00bb masse med alle v\u00e5re virksomheter innen handel, inkludert Oslos st\u00f8rste bes\u00f8ksattraksjon IKEA. Innen varehandel er Alna byens desidert st\u00f8rste bydel med 8300 arbeidsplasser, if\u00f8lge statistikkbanken til Oslo kommune.<\/p>\n\n\n\n<p>Vi har ogs\u00e5 mange h\u00e5ndverkere, og bygg og anlegg er nest st\u00f8rste n\u00e6ring i bydelen med 5400 ansatte. 5000 mennesker holder landets logistikk-nav i dalbunnen, lager og transportvirksomhet i sving. S\u00e5 f\u00f8lger de andre n\u00e6ringene nedover listen, med tjenester, helse og omsorg, osv.<\/p>\n\n\n\n<p>Ikke noe sted i landet og i byen gir n\u00e6ringslivet s\u00e5 mange muligheter. Privat n\u00e6ringsliv skaper verdier, muligheter for utfoldelse og fellesskap. Her i arbeidsdalen s\u00e6ler vi p\u00e5.<\/p>\n\n\n<div class=\"tags\">\n\t<\/div>\n<div class=\"post-footer alignfull has-background block-editor-block-list__block\" data-align=full>\n\t<div class=\"post-footer-inner\">\n\t\t<h3>Relaterte artikler<\/h3>\n\t\t<div class=\"related-content\"><div class=\"is-card-hoyre\">\n\t<div class=\"teft-card hoyre-teft-card post-teft-card\">\n\t\t<a href=\"https:\/\/hoyre.no\/alna\/aktuelt\/selvsagt-trenger-groruddalen-mer-hoyrepolitikk\/\" class=\"teft-card__primary-action\">\n\n\t\t\t\t\t<div class=\"teft-card__media teft-card__media--16-9\">\n\t\t\t\t\t\t<img loading=\"lazy\" decoding=\"async\" width=\"768\" height=\"512\" src=\"https:\/\/hoyre.no\/content\/uploads\/sites\/421\/2023\/10\/Alna-768x512.jpeg\" class=\"attachment-medium_large size-medium_large\" alt=\"\" srcset=\"https:\/\/hoyre.no\/content\/uploads\/sites\/421\/2023\/10\/Alna-768x512.jpeg 768w, https:\/\/hoyre.no\/content\/uploads\/sites\/421\/2023\/10\/Alna-300x200.jpeg 300w, https:\/\/hoyre.no\/content\/uploads\/sites\/421\/2023\/10\/Alna-1024x683.jpeg 1024w, https:\/\/hoyre.no\/content\/uploads\/sites\/421\/2023\/10\/Alna-1536x1024.jpeg 1536w, https:\/\/hoyre.no\/content\/uploads\/sites\/421\/2023\/10\/Alna-2048x1365.jpeg 2048w\" sizes=\"auto, (max-width: 768px) 100vw, 768px\" \/>\t\t<\/div>\n\t\t\n\t\t\t<div class=\"teft-card__content-wrapper\">\n\t\t\t\t<div class=\"teft-card__secondary\">\n\t\t\t\t\t\n\t\t\t\t\t\t\t\t<div class=\"teft-card__meta\">\n\t\t\t\t\t\t\t\t\t<span class=\"post-date\">22. jan 2025<\/span>\n\n\t\t\t\t\t\t\t\t\t\t\t\t\t\t\t\t\t<\/div>\n\t\t\t\t\t\t\t\t\t\t\t<\/div>\n\n\t\t\t\t<div class=\"teft-card__primary\">\n\t\t\t\t\t<h2 class=\"teft-card__title\">Selvsagt trenger Groruddalen mer H\u00f8yrepolitikk!&nbsp;<span class=\"teft-card__primary-title-append\"><\/span><\/h2>\t\t\t\t<\/div>\n\t\t\t<\/div>\n\t\t<\/a>\n\t<\/div>\n\n\t<\/div><div class=\"is-card-hoyre\">\n\t<div class=\"teft-card hoyre-teft-card post-teft-card\">\n\t\t<a href=\"https:\/\/hoyre.no\/alna\/aktuelt\/alle-tjener-pa-hoyres-skattekutt\/\" class=\"teft-card__primary-action\">\n\n\t\t\t\t\t<div class=\"teft-card__media teft-card__media--16-9\">\n\t\t\t\t\t\t<img loading=\"lazy\" decoding=\"async\" width=\"768\" height=\"432\" src=\"https:\/\/hoyre.no\/content\/uploads\/sites\/421\/2024\/10\/20210415_194619-768x432.jpg\" class=\"attachment-medium_large size-medium_large\" alt=\"Groruddalen\" srcset=\"https:\/\/hoyre.no\/content\/uploads\/sites\/421\/2024\/10\/20210415_194619-768x432.jpg 768w, https:\/\/hoyre.no\/content\/uploads\/sites\/421\/2024\/10\/20210415_194619-300x169.jpg 300w, https:\/\/hoyre.no\/content\/uploads\/sites\/421\/2024\/10\/20210415_194619-1024x576.jpg 1024w, https:\/\/hoyre.no\/content\/uploads\/sites\/421\/2024\/10\/20210415_194619-1536x864.jpg 1536w, https:\/\/hoyre.no\/content\/uploads\/sites\/421\/2024\/10\/20210415_194619-2048x1152.jpg 2048w\" sizes=\"auto, (max-width: 768px) 100vw, 768px\" \/>\t\t<\/div>\n\t\t\n\t\t\t<div class=\"teft-card__content-wrapper\">\n\t\t\t\t<div class=\"teft-card__secondary\">\n\t\t\t\t\t\n\t\t\t\t\t\t\t\t<div class=\"teft-card__meta\">\n\t\t\t\t\t\t\t\t\t<span class=\"post-date\">23. okt 2024<\/span>\n\n\t\t\t\t\t\t\t\t\t\t\t\t\t\t\t\t\t<\/div>\n\t\t\t\t\t\t\t\t\t\t\t<\/div>\n\n\t\t\t\t<div class=\"teft-card__primary\">\n\t\t\t\t\t<h2 class=\"teft-card__title\">Alle tjener p\u00e5 H\u00f8yres skattekutt&nbsp;<span class=\"teft-card__primary-title-append\"><\/span><\/h2>\t\t\t\t<\/div>\n\t\t\t<\/div>\n\t\t<\/a>\n\t<\/div>\n\n\t<\/div><\/div>\t<\/div>\n<\/div>\n","protected":false},"excerpt":{"rendered":"","protected":false},"author":31424,"featured_media":0,"comment_status":"closed","ping_status":"closed","sticky":false,"template":"","format":"standard","meta":{"teft_cards_image_url":"","teft_cards_custom_pretitle":"","teft_cards_image_id":66,"teft_cards_image_focal_point_x":0.5,"teft_cards_image_focal_point_y":0.5,"teft_cards_title":"","teft_cards_excerpt":"","teft_show_chapters":false,"author_display_name":"Berit Solli, leder i Alna H\u00f8yre","footnotes":""},"category":[1],"post_tag":[],"hoyre-visibility":[],"article-type":[],"politician":[],"class_list":["post-65","post","type-post","status-publish","format-standard","hentry","category-ukategorisert"],"yoast_head":"<!-- This site is optimized with the Yoast SEO plugin v26.6 - https:\/\/yoast.com\/wordpress\/plugins\/seo\/ -->\n<title>N\u00e5 begynner jobben - Alna H\u00f8yre<\/title>\n<meta name=\"description\" content=\"Jeg skj\u00f8nte valget kunne g\u00e5 bra for oss en torsdag ettermiddag p\u00e5 Tveitasenteret. Skrevet av Berit Solli, leder i Alna H\u00f8yre.\" \/>\n<meta name=\"robots\" content=\"index, follow, max-snippet:-1, max-image-preview:large, max-video-preview:-1\" \/>\n<link rel=\"canonical\" href=\"https:\/\/hoyre.no\/alna\/aktuelt\/na-begynner-jobben\/\" \/>\n<meta property=\"og:locale\" content=\"nb_NO\" \/>\n<meta property=\"og:type\" content=\"article\" \/>\n<meta property=\"og:title\" content=\"N\u00e5 begynner jobben\" \/>\n<meta property=\"og:description\" content=\"Jeg skj\u00f8nte valget kunne g\u00e5 bra for oss en torsdag ettermiddag p\u00e5 Tveitasenteret. Skrevet av Berit Solli, leder i Alna H\u00f8yre.\" \/>\n<meta property=\"og:url\" content=\"https:\/\/hoyre.no\/alna\/aktuelt\/na-begynner-jobben\/\" \/>\n<meta property=\"og:site_name\" content=\"Alna H\u00f8yre\" \/>\n<meta property=\"article:published_time\" content=\"2023-10-01T13:45:24+00:00\" \/>\n<meta property=\"article:modified_time\" content=\"2023-10-02T10:29:31+00:00\" \/>\n<meta property=\"og:image\" content=\"https:\/\/hoyre.no\/content\/uploads\/sites\/421\/2024\/10\/20210415_194619-1024x576.jpg\" \/>\n<meta name=\"author\" content=\"Hel\u00e9n Baartvedt Flatjord\" \/>\n<meta name=\"twitter:card\" content=\"summary_large_image\" \/>\n<meta name=\"twitter:title\" content=\"N\u00e5 begynner jobben\" \/>\n<meta name=\"twitter:description\" content=\"Jeg skj\u00f8nte valget kunne g\u00e5 bra for oss en torsdag ettermiddag p\u00e5 Tveitasenteret. Skrevet av Berit Solli, leder i Alna H\u00f8yre.\" \/>\n<meta name=\"twitter:image\" content=\"https:\/\/hoyre.no\/content\/uploads\/sites\/421\/2023\/10\/Alna-scaled.jpeg\" \/>\n<meta name=\"twitter:label1\" content=\"Skrevet av\" \/>\n\t<meta name=\"twitter:data1\" content=\"Hel\u00e9n Baartvedt Flatjord\" \/>\n\t<meta name=\"twitter:label2\" content=\"Ansl. lesetid\" \/>\n\t<meta name=\"twitter:data2\" content=\"6 minutter\" \/>\n<script type=\"application\/ld+json\" class=\"yoast-schema-graph\">{\"@context\":\"https:\/\/schema.org\",\"@graph\":[{\"@type\":\"NewsArticle\",\"@id\":\"https:\/\/hoyre.no\/alna\/aktuelt\/na-begynner-jobben\/\",\"url\":\"https:\/\/hoyre.no\/alna\/aktuelt\/na-begynner-jobben\/\",\"name\":\"N\u00e5 begynner jobben - Alna H\u00f8yre\",\"isPartOf\":{\"@id\":\"https:\/\/hoyre.no\/alna\/#website\"},\"datePublished\":\"2023-10-01T13:45:24+00:00\",\"dateModified\":\"2023-10-02T10:29:31+00:00\",\"author\":{\"@id\":\"https:\/\/hoyre.no\/alna\/#\/schema\/person\/ade540e19ad98433e3dc5c1356adf1fe\"},\"description\":\"Jeg skj\u00f8nte valget kunne g\u00e5 bra for oss en torsdag ettermiddag p\u00e5 Tveitasenteret. Skrevet av Berit Solli, leder i Alna H\u00f8yre.\",\"breadcrumb\":{\"@id\":\"https:\/\/hoyre.no\/alna\/aktuelt\/na-begynner-jobben\/#breadcrumb\"},\"inLanguage\":\"nb-NO\",\"potentialAction\":[{\"@type\":\"ReadAction\",\"target\":[\"https:\/\/hoyre.no\/alna\/aktuelt\/na-begynner-jobben\/\"]}]},{\"@type\":\"BreadcrumbList\",\"@id\":\"https:\/\/hoyre.no\/alna\/aktuelt\/na-begynner-jobben\/#breadcrumb\",\"itemListElement\":[{\"@type\":\"ListItem\",\"position\":1,\"name\":\"Til hoyre.no\",\"item\":\"https:\/\/hoyre.no\"},{\"@type\":\"ListItem\",\"position\":2,\"name\":\"Hjem\",\"item\":\"https:\/\/hoyre.no\/alna\/\"},{\"@type\":\"ListItem\",\"position\":3,\"name\":\"N\u00e5 begynner jobben\"}]},{\"@type\":\"WebSite\",\"@id\":\"https:\/\/hoyre.no\/alna\/#website\",\"url\":\"https:\/\/hoyre.no\/alna\/\",\"name\":\"Alna H\u00f8yre\",\"description\":\"Bare enda et H\u00f8yres nettsteder-nettsted\",\"inLanguage\":\"nb-NO\"},{\"@type\":\"Person\",\"@id\":\"https:\/\/hoyre.no\/alna\/#\/schema\/person\/ade540e19ad98433e3dc5c1356adf1fe\",\"name\":\"Hel\u00e9n Baartvedt Flatjord\",\"image\":{\"@type\":\"ImageObject\",\"inLanguage\":\"nb-NO\",\"@id\":\"https:\/\/hoyre.no\/alna\/#\/schema\/person\/image\/\",\"url\":\"https:\/\/secure.gravatar.com\/avatar\/1790f99f95538e2b2c00c1d61905e133882c55ab2fcd19d31ea1be1126f8a07c?s=96&d=mm&r=g\",\"contentUrl\":\"https:\/\/secure.gravatar.com\/avatar\/1790f99f95538e2b2c00c1d61905e133882c55ab2fcd19d31ea1be1126f8a07c?s=96&d=mm&r=g\",\"caption\":\"Hel\u00e9n Baartvedt Flatjord\"},\"url\":\"https:\/\/hoyre.no\/alna\/aktuelt\/author\/m52122561\/\"}]}<\/script>\n<!-- \/ Yoast SEO plugin. -->","yoast_head_json":{"title":"N\u00e5 begynner jobben - Alna H\u00f8yre","description":"Jeg skj\u00f8nte valget kunne g\u00e5 bra for oss en torsdag ettermiddag p\u00e5 Tveitasenteret. Skrevet av Berit Solli, leder i Alna H\u00f8yre.","robots":{"index":"index","follow":"follow","max-snippet":"max-snippet:-1","max-image-preview":"max-image-preview:large","max-video-preview":"max-video-preview:-1"},"canonical":"https:\/\/hoyre.no\/alna\/aktuelt\/na-begynner-jobben\/","og_locale":"nb_NO","og_type":"article","og_title":"N\u00e5 begynner jobben","og_description":"Jeg skj\u00f8nte valget kunne g\u00e5 bra for oss en torsdag ettermiddag p\u00e5 Tveitasenteret. Skrevet av Berit Solli, leder i Alna H\u00f8yre.","og_url":"https:\/\/hoyre.no\/alna\/aktuelt\/na-begynner-jobben\/","og_site_name":"Alna H\u00f8yre","article_published_time":"2023-10-01T13:45:24+00:00","article_modified_time":"2023-10-02T10:29:31+00:00","og_image":[{"url":"https:\/\/hoyre.no\/content\/uploads\/sites\/421\/2024\/10\/20210415_194619-1024x576.jpg","width":"","height":"","type":""}],"author":"Hel\u00e9n Baartvedt Flatjord","twitter_card":"summary_large_image","twitter_title":"N\u00e5 begynner jobben","twitter_description":"Jeg skj\u00f8nte valget kunne g\u00e5 bra for oss en torsdag ettermiddag p\u00e5 Tveitasenteret. Skrevet av Berit Solli, leder i Alna H\u00f8yre.","twitter_image":"https:\/\/hoyre.no\/content\/uploads\/sites\/421\/2023\/10\/Alna-scaled.jpeg","twitter_misc":{"Skrevet av":"Hel\u00e9n Baartvedt Flatjord","Ansl. lesetid":"6 minutter"},"schema":{"@context":"https:\/\/schema.org","@graph":[{"@type":"NewsArticle","@id":"https:\/\/hoyre.no\/alna\/aktuelt\/na-begynner-jobben\/","url":"https:\/\/hoyre.no\/alna\/aktuelt\/na-begynner-jobben\/","name":"N\u00e5 begynner jobben - Alna H\u00f8yre","isPartOf":{"@id":"https:\/\/hoyre.no\/alna\/#website"},"datePublished":"2023-10-01T13:45:24+00:00","dateModified":"2023-10-02T10:29:31+00:00","author":{"@id":"https:\/\/hoyre.no\/alna\/#\/schema\/person\/ade540e19ad98433e3dc5c1356adf1fe"},"description":"Jeg skj\u00f8nte valget kunne g\u00e5 bra for oss en torsdag ettermiddag p\u00e5 Tveitasenteret. Skrevet av Berit Solli, leder i Alna H\u00f8yre.","breadcrumb":{"@id":"https:\/\/hoyre.no\/alna\/aktuelt\/na-begynner-jobben\/#breadcrumb"},"inLanguage":"nb-NO","potentialAction":[{"@type":"ReadAction","target":["https:\/\/hoyre.no\/alna\/aktuelt\/na-begynner-jobben\/"]}]},{"@type":"BreadcrumbList","@id":"https:\/\/hoyre.no\/alna\/aktuelt\/na-begynner-jobben\/#breadcrumb","itemListElement":[{"@type":"ListItem","position":1,"name":"Til hoyre.no","item":"https:\/\/hoyre.no"},{"@type":"ListItem","position":2,"name":"Hjem","item":"https:\/\/hoyre.no\/alna\/"},{"@type":"ListItem","position":3,"name":"N\u00e5 begynner jobben"}]},{"@type":"WebSite","@id":"https:\/\/hoyre.no\/alna\/#website","url":"https:\/\/hoyre.no\/alna\/","name":"Alna H\u00f8yre","description":"Bare enda et H\u00f8yres nettsteder-nettsted","inLanguage":"nb-NO"},{"@type":"Person","@id":"https:\/\/hoyre.no\/alna\/#\/schema\/person\/ade540e19ad98433e3dc5c1356adf1fe","name":"Hel\u00e9n Baartvedt Flatjord","image":{"@type":"ImageObject","inLanguage":"nb-NO","@id":"https:\/\/hoyre.no\/alna\/#\/schema\/person\/image\/","url":"https:\/\/secure.gravatar.com\/avatar\/1790f99f95538e2b2c00c1d61905e133882c55ab2fcd19d31ea1be1126f8a07c?s=96&d=mm&r=g","contentUrl":"https:\/\/secure.gravatar.com\/avatar\/1790f99f95538e2b2c00c1d61905e133882c55ab2fcd19d31ea1be1126f8a07c?s=96&d=mm&r=g","caption":"Hel\u00e9n Baartvedt Flatjord"},"url":"https:\/\/hoyre.no\/alna\/aktuelt\/author\/m52122561\/"}]}},"distributor_meta":false,"distributor_terms":false,"distributor_media":false,"distributor_original_site_name":"Alna H\u00f8yre","distributor_original_site_url":"https:\/\/hoyre.no\/alna","push-errors":false,"_links":{"self":[{"href":"https:\/\/hoyre.no\/alna\/wp-json\/wp\/v2\/posts\/65","targetHints":{"allow":["GET"]}}],"collection":[{"href":"https:\/\/hoyre.no\/alna\/wp-json\/wp\/v2\/posts"}],"about":[{"href":"https:\/\/hoyre.no\/alna\/wp-json\/wp\/v2\/types\/post"}],"author":[{"embeddable":true,"href":"https:\/\/hoyre.no\/alna\/wp-json\/wp\/v2\/users\/31424"}],"replies":[{"embeddable":true,"href":"https:\/\/hoyre.no\/alna\/wp-json\/wp\/v2\/comments?post=65"}],"version-history":[{"count":3,"href":"https:\/\/hoyre.no\/alna\/wp-json\/wp\/v2\/posts\/65\/revisions"}],"predecessor-version":[{"id":69,"href":"https:\/\/hoyre.no\/alna\/wp-json\/wp\/v2\/posts\/65\/revisions\/69"}],"wp:attachment":[{"href":"https:\/\/hoyre.no\/alna\/wp-json\/wp\/v2\/media?parent=65"}],"wp:term":[{"taxonomy":"category","embeddable":true,"href":"https:\/\/hoyre.no\/alna\/wp-json\/wp\/v2\/category?post=65"},{"taxonomy":"post_tag","embeddable":true,"href":"https:\/\/hoyre.no\/alna\/wp-json\/wp\/v2\/post_tag?post=65"},{"taxonomy":"hoyre-visibility","embeddable":true,"href":"https:\/\/hoyre.no\/alna\/wp-json\/wp\/v2\/hoyre-visibility?post=65"},{"taxonomy":"article-type","embeddable":true,"href":"https:\/\/hoyre.no\/alna\/wp-json\/wp\/v2\/article-type?post=65"},{"taxonomy":"politician","embeddable":true,"href":"https:\/\/hoyre.no\/alna\/wp-json\/wp\/v2\/politician?post=65"}],"curies":[{"name":"wp","href":"https:\/\/api.w.org\/{rel}","templated":true}]}}