{"id":87,"date":"2025-01-22T13:42:18","date_gmt":"2025-01-22T12:42:18","guid":{"rendered":"https:\/\/hoyre.no\/alna\/?p=87"},"modified":"2025-01-22T13:42:18","modified_gmt":"2025-01-22T12:42:18","slug":"selvsagt-trenger-groruddalen-mer-hoyrepolitikk","status":"publish","type":"post","link":"https:\/\/hoyre.no\/alna\/aktuelt\/selvsagt-trenger-groruddalen-mer-hoyrepolitikk\/","title":{"rendered":"Selvsagt trenger Groruddalen mer H\u00f8yrepolitikk!"},"content":{"rendered":"\n<p class=\"preamble\">&#8211; Jeg er glad for at H\u00f8yre styrer byen v\u00e5r, skriver Alna H\u00f8yres gruppeleder, Frode Nicolaisen.<\/p>\t\t\t<div class=\"post-meta wp-block teft-byline-wrapper\">\n\t\t\t\t<div class=\"top\">\n\t\t\t\t\t<div class=\"signature\">\n\t\t\t\t\t\t<div class=\"teft-byline\">\n\t\t\t\t\t\t\t\t\t\t\t\t\t\t<div>\n\t\t\t\t\t\t\t\t<h3>H\u00f8yres redaksjon<\/h3>\t\t\t\t\t\t\t\t\n\t\t\t\t\t\t\t\t\t\t\t\t\t\t\t\t\t<span class=\"date\">Sist oppdatert: 22. januar 2025<\/span>\n\t\t\t\t\t\t\t\t\t\t\t\t\t\t\t\t\t\t\t\t\t\t\t\t\t<span class=\"reading-time\" itemprop=\"timeRequired\" content=\"PT2M\"><em>Ca. 2 minutter lesetid<\/em><\/span>\n\t\t\t\t\t\t\t\t\t\t\t\t\t\t\t<\/div>\n\t\t\t\t\t\t<\/div>\n\t\t\t\t\t<\/div>\n\t\t\t\t\t\t<div class=\"sharing\">\n\t\t<a class=\"share-button share-link copy-link\" data-copy=\"https:\/\/hoyre.no\/alna\/aktuelt\/selvsagt-trenger-groruddalen-mer-hoyrepolitikk\/\" target=\"_blank\"><span class=\"screen-reader-text\">Del link<\/span><\/a>\n\t\t<a class=\"share-button share-twitter\" href=\"http:\/\/twitter.com\/share?text=Selvsagt trenger Groruddalen mer H\u00f8yrepolitikk!&#038;url=https:\/\/hoyre.no\/alna\/aktuelt\/selvsagt-trenger-groruddalen-mer-hoyrepolitikk\/&#038;hashtags=Hoyre\" target=\"_blank\"><span class=\"screen-reader-text\">Del p\u00e5 twitter<\/span><\/a>\n\t\t<a class=\"share-button share-facebook\" href=\"https:\/\/www.facebook.com\/sharer\/sharer.php?u=https:\/\/hoyre.no\/alna\/aktuelt\/selvsagt-trenger-groruddalen-mer-hoyrepolitikk\/\" target=\"_blank\"><span class=\"screen-reader-text\">Del p\u00e5 facebook<\/span><\/a>\n\t<\/div>\n\t\t\t\t\t<\/div>\n\t\t\t<\/div>\n\n\t\t\t<figure class=\"hoyre-image-wrapper\"><div class=\"hoyre-image\"><img loading=\"lazy\" decoding=\"async\" width=\"2500\" height=\"1667\" src=\"https:\/\/hoyre.no\/content\/uploads\/sites\/421\/2023\/10\/Alna-scaled.jpeg\" class=\"attachment-scaled size-scaled\" alt=\"\" style=\"object-position: 50% 50%\" srcset=\"https:\/\/hoyre.no\/content\/uploads\/sites\/421\/2023\/10\/Alna-scaled.jpeg 2500w, https:\/\/hoyre.no\/content\/uploads\/sites\/421\/2023\/10\/Alna-300x200.jpeg 300w, https:\/\/hoyre.no\/content\/uploads\/sites\/421\/2023\/10\/Alna-1024x683.jpeg 1024w, https:\/\/hoyre.no\/content\/uploads\/sites\/421\/2023\/10\/Alna-768x512.jpeg 768w, https:\/\/hoyre.no\/content\/uploads\/sites\/421\/2023\/10\/Alna-1536x1024.jpeg 1536w, https:\/\/hoyre.no\/content\/uploads\/sites\/421\/2023\/10\/Alna-2048x1365.jpeg 2048w\" sizes=\"auto, (max-width: 2500px) 100vw, 2500px\" \/><\/div><figcaption class=\"caption\">&#8211; Mens St\u00f8re-regjeringen prater, s\u00f8rger H\u00f8yre i Oslo for at folk faktisk f\u00e5r mer penger \u00e5 rutte med, skriver Frode Nicolaisen. <\/figcaption><\/figure>\n\n\n\n\n<p>Odd E. Ramb\u00f8l, medlem av Arbeiderpartiet, sp\u00f8r i et <a href=\"https:\/\/groruddalen.no\/groruddalsdebatt\/groruddalsdebatt-trenger-groruddalen-mer-hoyrepolitikk\/\">innlegg<\/a> om Groruddalen trenger mer H\u00f8yrepolitikk. Svaret p\u00e5 det er selvsagt et rungende \u00abja\u00bb!<\/p>\n\n\n\n<p>De siste \u00e5rene har mange f\u00e5tt d\u00e5rligere r\u00e5d. Regningsbunken har blitt st\u00f8rre. I byr\u00e5d har H\u00f8yre derfor prioritert \u00e5 styrke folks privat\u00f8konomi. Siden H\u00f8yre inntok byr\u00e5dskontorene i 2023, har eiendomsskatten p\u00e5 bolig blitt redusert med nesten 50 prosent \u2013 og det er innbyggerne i Groruddalen som har f\u00e5tt de st\u00f8rste prosentvise lettelsene.<\/p>\n\n\n\n<p>I 2024 ble eiendomsskatten redusert med mellom 39 og 43 prosent for innbyggerne i Groruddalen. Byr\u00e5det har ogs\u00e5 s\u00f8rget for vesentlig billigere beboerparkering i ytre by. Takket v\u00e6re disse tiltakene, er det n\u00e5 enklere for mange \u00e5 betale regningene sine.<\/p>\n\n\n\n<p>Du vet best hvor skoen trykker, og derfor er det viktig for oss i H\u00f8yre at du blir sittende igjen med s\u00e5 mye som mulig av dine egne penger. Mens St\u00f8re-regjeringen prater, s\u00f8rger H\u00f8yre i Oslo for at folk faktisk f\u00e5r mer penger \u00e5 rutte med.<\/p>\n\n\n\n<p>Dette f\u00e5r vi til samtidig som Oslo har mistet 2,4 milliarder kroner i skatteinntekter og regjeringen har kuttet de \u00e5rlige overf\u00f8ringene til Oslo med 600 millioner. H\u00f8yre er selvsagt for at det skal v\u00e6re en inntektsfordeling mellom kommunene, slik at man kan sikre gode tilbud i hele landet. Oslo bidro stort til andre allerede f\u00f8r regjeringen endret kommunenes inntektssystem.<\/p>\n\n\n\n<p>St\u00f8re-regjeringens omlegging av inntektssystemet har store konsekvenser for Oslo. B\u00e5de Oslo og bydelene m\u00e5 omstilles, effektiviseres og redusere sine kostnader.<\/p>\n\n\n\n<p>I motsetning til Ap og resten av partiene p\u00e5 venstresiden, nekter H\u00f8yre \u00e5 sende regningen videre til Oslos innbyggere i form av \u00f8kt eiendomsskatt. SV og Ap foreslo \u00e5 \u00f8ke eiendomsskatten med henholdsvis nesten 700 og 500 millioner kroner i sine alternative budsjetter for 2025.<\/p>\n\n\n\n<p>Det er det siste Oslos innbyggere, ikke minst vi som bor i Groruddalen, trenger. Jeg er glad for at H\u00f8yre styrer byen v\u00e5r, og h\u00e5per at vi f\u00e5r en ny og Oslovennlig regjering ved valget i \u00e5r!<\/p>\n\n\n\n<p><strong>Skrevet av:<\/strong><\/p>\n\n\n\n<ul class=\"wp-block-list\">\n<li>Frode Nicolaisen, gruppeleder i Alna H\u00f8yre<\/li>\n<\/ul>\n\n\n<div class=\"tags\">\n\t<\/div>\n<div class=\"post-footer alignfull has-background block-editor-block-list__block\" data-align=full>\n\t<div class=\"post-footer-inner\">\n\t\t<h3>Relaterte artikler<\/h3>\n\t\t<div class=\"related-content\"><div class=\"is-card-hoyre\">\n\t<div class=\"teft-card hoyre-teft-card post-teft-card\">\n\t\t<a href=\"https:\/\/hoyre.no\/alna\/aktuelt\/alle-tjener-pa-hoyres-skattekutt\/\" class=\"teft-card__primary-action\">\n\n\t\t\t\t\t<div class=\"teft-card__media teft-card__media--16-9\">\n\t\t\t\t\t\t<img loading=\"lazy\" decoding=\"async\" width=\"768\" height=\"432\" src=\"https:\/\/hoyre.no\/content\/uploads\/sites\/421\/2024\/10\/20210415_194619-768x432.jpg\" class=\"attachment-medium_large size-medium_large\" alt=\"Groruddalen\" srcset=\"https:\/\/hoyre.no\/content\/uploads\/sites\/421\/2024\/10\/20210415_194619-768x432.jpg 768w, https:\/\/hoyre.no\/content\/uploads\/sites\/421\/2024\/10\/20210415_194619-300x169.jpg 300w, https:\/\/hoyre.no\/content\/uploads\/sites\/421\/2024\/10\/20210415_194619-1024x576.jpg 1024w, https:\/\/hoyre.no\/content\/uploads\/sites\/421\/2024\/10\/20210415_194619-1536x864.jpg 1536w, https:\/\/hoyre.no\/content\/uploads\/sites\/421\/2024\/10\/20210415_194619-2048x1152.jpg 2048w\" sizes=\"auto, (max-width: 768px) 100vw, 768px\" \/>\t\t<\/div>\n\t\t\n\t\t\t<div class=\"teft-card__content-wrapper\">\n\t\t\t\t<div class=\"teft-card__secondary\">\n\t\t\t\t\t\n\t\t\t\t\t\t\t\t<div class=\"teft-card__meta\">\n\t\t\t\t\t\t\t\t\t<span class=\"post-date\">23. okt 2024<\/span>\n\n\t\t\t\t\t\t\t\t\t\t\t\t\t\t\t\t\t<\/div>\n\t\t\t\t\t\t\t\t\t\t\t<\/div>\n\n\t\t\t\t<div class=\"teft-card__primary\">\n\t\t\t\t\t<h2 class=\"teft-card__title\">Alle tjener p\u00e5 H\u00f8yres skattekutt&nbsp;<span class=\"teft-card__primary-title-append\"><\/span><\/h2>\t\t\t\t<\/div>\n\t\t\t<\/div>\n\t\t<\/a>\n\t<\/div>\n\n\t<\/div><div class=\"is-card-hoyre\">\n\t<div class=\"teft-card hoyre-teft-card post-teft-card\">\n\t\t<a href=\"https:\/\/hoyre.no\/alna\/aktuelt\/na-begynner-jobben\/\" class=\"teft-card__primary-action\">\n\n\t\t\t\t\t<div class=\"teft-card__media teft-card__media--16-9\">\n\t\t\t\t\t\t<img loading=\"lazy\" decoding=\"async\" width=\"768\" height=\"512\" src=\"https:\/\/hoyre.no\/content\/uploads\/sites\/421\/2023\/10\/Alna-768x512.jpeg\" class=\"attachment-medium_large size-medium_large\" alt=\"\" srcset=\"https:\/\/hoyre.no\/content\/uploads\/sites\/421\/2023\/10\/Alna-768x512.jpeg 768w, https:\/\/hoyre.no\/content\/uploads\/sites\/421\/2023\/10\/Alna-300x200.jpeg 300w, https:\/\/hoyre.no\/content\/uploads\/sites\/421\/2023\/10\/Alna-1024x683.jpeg 1024w, https:\/\/hoyre.no\/content\/uploads\/sites\/421\/2023\/10\/Alna-1536x1024.jpeg 1536w, https:\/\/hoyre.no\/content\/uploads\/sites\/421\/2023\/10\/Alna-2048x1365.jpeg 2048w\" sizes=\"auto, (max-width: 768px) 100vw, 768px\" \/>\t\t<\/div>\n\t\t\n\t\t\t<div class=\"teft-card__content-wrapper\">\n\t\t\t\t<div class=\"teft-card__secondary\">\n\t\t\t\t\t\n\t\t\t\t\t\t\t\t<div class=\"teft-card__meta\">\n\t\t\t\t\t\t\t\t\t<span class=\"post-date\">1. okt 2023<\/span>\n\n\t\t\t\t\t\t\t\t\t<span class=\"post-category\">Ukategorisert<\/span>\t\t\t\t\t\t\t\t<\/div>\n\t\t\t\t\t\t\t\t\t\t\t<\/div>\n\n\t\t\t\t<div class=\"teft-card__primary\">\n\t\t\t\t\t<h2 class=\"teft-card__title\">N\u00e5 begynner jobben&nbsp;<span class=\"teft-card__primary-title-append\"><\/span><\/h2>\t\t\t\t<\/div>\n\t\t\t<\/div>\n\t\t<\/a>\n\t<\/div>\n\n\t<\/div><\/div>\t<\/div>\n<\/div>\n","protected":false},"excerpt":{"rendered":"","protected":false},"author":11570,"featured_media":0,"comment_status":"closed","ping_status":"closed","sticky":false,"template":"","format":"standard","meta":{"teft_cards_image_url":"","teft_cards_custom_pretitle":"","teft_cards_image_id":66,"teft_cards_image_focal_point_x":0.5,"teft_cards_image_focal_point_y":0.5,"teft_cards_title":"Selvsagt trenger Groruddalen mer H\u00f8yrepolitikk!","teft_cards_excerpt":"- Jeg er glad for at H\u00f8yre styrer byen v\u00e5r.","teft_show_chapters":false,"author_display_name":"Frode Nicolaisen","footnotes":""},"category":[1],"post_tag":[],"hoyre-visibility":[],"article-type":[],"politician":[],"class_list":["post-87","post","type-post","status-publish","format-standard","hentry","category-ukategorisert"],"yoast_head":"<!-- This site is optimized with the Yoast SEO plugin v26.6 - https:\/\/yoast.com\/wordpress\/plugins\/seo\/ -->\n<title>Selvsagt trenger Groruddalen mer H\u00f8yrepolitikk! - Alna H\u00f8yre<\/title>\n<meta name=\"robots\" content=\"index, follow, max-snippet:-1, max-image-preview:large, max-video-preview:-1\" \/>\n<link rel=\"canonical\" href=\"https:\/\/hoyre.no\/alna\/aktuelt\/selvsagt-trenger-groruddalen-mer-hoyrepolitikk\/\" \/>\n<meta property=\"og:locale\" content=\"nb_NO\" \/>\n<meta property=\"og:type\" content=\"article\" \/>\n<meta property=\"og:title\" content=\"Selvsagt trenger Groruddalen mer H\u00f8yrepolitikk! - Alna H\u00f8yre\" \/>\n<meta property=\"og:url\" content=\"https:\/\/hoyre.no\/alna\/aktuelt\/selvsagt-trenger-groruddalen-mer-hoyrepolitikk\/\" \/>\n<meta property=\"og:site_name\" content=\"Alna H\u00f8yre\" \/>\n<meta property=\"article:published_time\" content=\"2025-01-22T12:42:18+00:00\" \/>\n<meta property=\"og:image\" content=\"https:\/\/hoyre.no\/content\/uploads\/sites\/421\/2022\/11\/Hoyres-logo.png\" \/>\n\t<meta property=\"og:image:width\" content=\"1000\" \/>\n\t<meta property=\"og:image:height\" content=\"1000\" \/>\n\t<meta property=\"og:image:type\" content=\"image\/png\" \/>\n<meta name=\"author\" content=\"Tage Slind Jensen\" \/>\n<meta name=\"twitter:card\" content=\"summary_large_image\" \/>\n<meta name=\"twitter:label1\" content=\"Skrevet av\" \/>\n\t<meta name=\"twitter:data1\" content=\"Tage Slind Jensen\" \/>\n\t<meta name=\"twitter:label2\" content=\"Ansl. lesetid\" \/>\n\t<meta name=\"twitter:data2\" content=\"3 minutter\" \/>\n<script type=\"application\/ld+json\" class=\"yoast-schema-graph\">{\"@context\":\"https:\/\/schema.org\",\"@graph\":[{\"@type\":\"NewsArticle\",\"@id\":\"https:\/\/hoyre.no\/alna\/aktuelt\/selvsagt-trenger-groruddalen-mer-hoyrepolitikk\/\",\"url\":\"https:\/\/hoyre.no\/alna\/aktuelt\/selvsagt-trenger-groruddalen-mer-hoyrepolitikk\/\",\"name\":\"Selvsagt trenger Groruddalen mer H\u00f8yrepolitikk! - Alna H\u00f8yre\",\"isPartOf\":{\"@id\":\"https:\/\/hoyre.no\/alna\/#website\"},\"datePublished\":\"2025-01-22T12:42:18+00:00\",\"author\":{\"@id\":\"https:\/\/hoyre.no\/alna\/#\/schema\/person\/7b9b960167d3690f360a02c9729e2ce9\"},\"breadcrumb\":{\"@id\":\"https:\/\/hoyre.no\/alna\/aktuelt\/selvsagt-trenger-groruddalen-mer-hoyrepolitikk\/#breadcrumb\"},\"inLanguage\":\"nb-NO\",\"potentialAction\":[{\"@type\":\"ReadAction\",\"target\":[\"https:\/\/hoyre.no\/alna\/aktuelt\/selvsagt-trenger-groruddalen-mer-hoyrepolitikk\/\"]}]},{\"@type\":\"BreadcrumbList\",\"@id\":\"https:\/\/hoyre.no\/alna\/aktuelt\/selvsagt-trenger-groruddalen-mer-hoyrepolitikk\/#breadcrumb\",\"itemListElement\":[{\"@type\":\"ListItem\",\"position\":1,\"name\":\"Til hoyre.no\",\"item\":\"https:\/\/hoyre.no\"},{\"@type\":\"ListItem\",\"position\":2,\"name\":\"Hjem\",\"item\":\"https:\/\/hoyre.no\/alna\/\"},{\"@type\":\"ListItem\",\"position\":3,\"name\":\"Selvsagt trenger Groruddalen mer H\u00f8yrepolitikk!\"}]},{\"@type\":\"WebSite\",\"@id\":\"https:\/\/hoyre.no\/alna\/#website\",\"url\":\"https:\/\/hoyre.no\/alna\/\",\"name\":\"Alna H\u00f8yre\",\"description\":\"Bare enda et H\u00f8yres nettsteder-nettsted\",\"inLanguage\":\"nb-NO\"},{\"@type\":\"Person\",\"@id\":\"https:\/\/hoyre.no\/alna\/#\/schema\/person\/7b9b960167d3690f360a02c9729e2ce9\",\"name\":\"Tage Slind Jensen\",\"image\":{\"@type\":\"ImageObject\",\"inLanguage\":\"nb-NO\",\"@id\":\"https:\/\/hoyre.no\/alna\/#\/schema\/person\/image\/\",\"url\":\"https:\/\/secure.gravatar.com\/avatar\/7ff31022bcc5422617c2eee5bc8183344803dba60c147897cfc83a88a4e2441d?s=96&d=mm&r=g\",\"contentUrl\":\"https:\/\/secure.gravatar.com\/avatar\/7ff31022bcc5422617c2eee5bc8183344803dba60c147897cfc83a88a4e2441d?s=96&d=mm&r=g\",\"caption\":\"Tage Slind Jensen\"},\"url\":\"https:\/\/hoyre.no\/alna\/aktuelt\/author\/m51895688\/\"}]}<\/script>\n<!-- \/ Yoast SEO plugin. -->","yoast_head_json":{"title":"Selvsagt trenger Groruddalen mer H\u00f8yrepolitikk! - Alna H\u00f8yre","robots":{"index":"index","follow":"follow","max-snippet":"max-snippet:-1","max-image-preview":"max-image-preview:large","max-video-preview":"max-video-preview:-1"},"canonical":"https:\/\/hoyre.no\/alna\/aktuelt\/selvsagt-trenger-groruddalen-mer-hoyrepolitikk\/","og_locale":"nb_NO","og_type":"article","og_title":"Selvsagt trenger Groruddalen mer H\u00f8yrepolitikk! - Alna H\u00f8yre","og_url":"https:\/\/hoyre.no\/alna\/aktuelt\/selvsagt-trenger-groruddalen-mer-hoyrepolitikk\/","og_site_name":"Alna H\u00f8yre","article_published_time":"2025-01-22T12:42:18+00:00","og_image":[{"width":1000,"height":1000,"url":"https:\/\/hoyre.no\/content\/uploads\/sites\/421\/2022\/11\/Hoyres-logo.png","type":"image\/png"}],"author":"Tage Slind Jensen","twitter_card":"summary_large_image","twitter_misc":{"Skrevet av":"Tage Slind Jensen","Ansl. lesetid":"3 minutter"},"schema":{"@context":"https:\/\/schema.org","@graph":[{"@type":"NewsArticle","@id":"https:\/\/hoyre.no\/alna\/aktuelt\/selvsagt-trenger-groruddalen-mer-hoyrepolitikk\/","url":"https:\/\/hoyre.no\/alna\/aktuelt\/selvsagt-trenger-groruddalen-mer-hoyrepolitikk\/","name":"Selvsagt trenger Groruddalen mer H\u00f8yrepolitikk! - Alna H\u00f8yre","isPartOf":{"@id":"https:\/\/hoyre.no\/alna\/#website"},"datePublished":"2025-01-22T12:42:18+00:00","author":{"@id":"https:\/\/hoyre.no\/alna\/#\/schema\/person\/7b9b960167d3690f360a02c9729e2ce9"},"breadcrumb":{"@id":"https:\/\/hoyre.no\/alna\/aktuelt\/selvsagt-trenger-groruddalen-mer-hoyrepolitikk\/#breadcrumb"},"inLanguage":"nb-NO","potentialAction":[{"@type":"ReadAction","target":["https:\/\/hoyre.no\/alna\/aktuelt\/selvsagt-trenger-groruddalen-mer-hoyrepolitikk\/"]}]},{"@type":"BreadcrumbList","@id":"https:\/\/hoyre.no\/alna\/aktuelt\/selvsagt-trenger-groruddalen-mer-hoyrepolitikk\/#breadcrumb","itemListElement":[{"@type":"ListItem","position":1,"name":"Til hoyre.no","item":"https:\/\/hoyre.no"},{"@type":"ListItem","position":2,"name":"Hjem","item":"https:\/\/hoyre.no\/alna\/"},{"@type":"ListItem","position":3,"name":"Selvsagt trenger Groruddalen mer H\u00f8yrepolitikk!"}]},{"@type":"WebSite","@id":"https:\/\/hoyre.no\/alna\/#website","url":"https:\/\/hoyre.no\/alna\/","name":"Alna H\u00f8yre","description":"Bare enda et H\u00f8yres nettsteder-nettsted","inLanguage":"nb-NO"},{"@type":"Person","@id":"https:\/\/hoyre.no\/alna\/#\/schema\/person\/7b9b960167d3690f360a02c9729e2ce9","name":"Tage Slind Jensen","image":{"@type":"ImageObject","inLanguage":"nb-NO","@id":"https:\/\/hoyre.no\/alna\/#\/schema\/person\/image\/","url":"https:\/\/secure.gravatar.com\/avatar\/7ff31022bcc5422617c2eee5bc8183344803dba60c147897cfc83a88a4e2441d?s=96&d=mm&r=g","contentUrl":"https:\/\/secure.gravatar.com\/avatar\/7ff31022bcc5422617c2eee5bc8183344803dba60c147897cfc83a88a4e2441d?s=96&d=mm&r=g","caption":"Tage Slind Jensen"},"url":"https:\/\/hoyre.no\/alna\/aktuelt\/author\/m51895688\/"}]}},"distributor_meta":false,"distributor_terms":false,"distributor_media":false,"distributor_original_site_name":"Alna H\u00f8yre","distributor_original_site_url":"https:\/\/hoyre.no\/alna","push-errors":false,"_links":{"self":[{"href":"https:\/\/hoyre.no\/alna\/wp-json\/wp\/v2\/posts\/87","targetHints":{"allow":["GET"]}}],"collection":[{"href":"https:\/\/hoyre.no\/alna\/wp-json\/wp\/v2\/posts"}],"about":[{"href":"https:\/\/hoyre.no\/alna\/wp-json\/wp\/v2\/types\/post"}],"author":[{"embeddable":true,"href":"https:\/\/hoyre.no\/alna\/wp-json\/wp\/v2\/users\/11570"}],"replies":[{"embeddable":true,"href":"https:\/\/hoyre.no\/alna\/wp-json\/wp\/v2\/comments?post=87"}],"version-history":[{"count":1,"href":"https:\/\/hoyre.no\/alna\/wp-json\/wp\/v2\/posts\/87\/revisions"}],"predecessor-version":[{"id":90,"href":"https:\/\/hoyre.no\/alna\/wp-json\/wp\/v2\/posts\/87\/revisions\/90"}],"wp:attachment":[{"href":"https:\/\/hoyre.no\/alna\/wp-json\/wp\/v2\/media?parent=87"}],"wp:term":[{"taxonomy":"category","embeddable":true,"href":"https:\/\/hoyre.no\/alna\/wp-json\/wp\/v2\/category?post=87"},{"taxonomy":"post_tag","embeddable":true,"href":"https:\/\/hoyre.no\/alna\/wp-json\/wp\/v2\/post_tag?post=87"},{"taxonomy":"hoyre-visibility","embeddable":true,"href":"https:\/\/hoyre.no\/alna\/wp-json\/wp\/v2\/hoyre-visibility?post=87"},{"taxonomy":"article-type","embeddable":true,"href":"https:\/\/hoyre.no\/alna\/wp-json\/wp\/v2\/article-type?post=87"},{"taxonomy":"politician","embeddable":true,"href":"https:\/\/hoyre.no\/alna\/wp-json\/wp\/v2\/politician?post=87"}],"curies":[{"name":"wp","href":"https:\/\/api.w.org\/{rel}","templated":true}]}}