{"id":16,"date":"2019-08-21T15:24:00","date_gmt":"2019-08-21T13:24:00","guid":{"rendered":"https:\/\/hoyre.no\/alstahaug\/aktuelt\/vi-tror-pa-alstahaug\/"},"modified":"2019-08-21T15:24:00","modified_gmt":"2019-08-21T13:24:00","slug":"vi-tror-pa-alstahaug","status":"publish","type":"post","link":"https:\/\/hoyre.no\/alstahaug\/aktuelt\/vi-tror-pa-alstahaug\/","title":{"rendered":"Vi tror p\u00e5 Alstahaug"},"content":{"rendered":"<p class=\"preamble\">Kommune- og fylkestingsvalget n\u00e6rmer seg. Her har du gode grunner til hvorfor du b\u00f8r stemme H\u00f8yre til h\u00f8sten!<\/p>\t\t\t<div class=\"post-meta wp-block teft-byline-wrapper\">\n\t\t\t\t<div class=\"top\">\n\t\t\t\t\t<div class=\"signature\">\n\t\t\t\t\t\t<div class=\"teft-byline\">\n\t\t\t\t\t\t\t\t\t\t\t\t\t\t<div>\n\t\t\t\t\t\t\t\t<h3>H\u00f8yres redaksjon<\/h3>\t\t\t\t\t\t\t\t\n\t\t\t\t\t\t\t\t\t\t\t\t\t\t\t\t\t<span class=\"date\">Sist oppdatert: 21. august 2019<\/span>\n\t\t\t\t\t\t\t\t\t\t\t\t\t\t\t\t\t\t\t\t\t\t\t\t\t<span class=\"reading-time\" itemprop=\"timeRequired\" content=\"PT1M\"><em>Ca. 1 minutter lesetid<\/em><\/span>\n\t\t\t\t\t\t\t\t\t\t\t\t\t\t\t<\/div>\n\t\t\t\t\t\t<\/div>\n\t\t\t\t\t<\/div>\n\t\t\t\t\t\t<div class=\"sharing\">\n\t\t<a class=\"share-button share-link copy-link\" data-copy=\"https:\/\/hoyre.no\/alstahaug\/aktuelt\/vi-tror-pa-alstahaug\/\" target=\"_blank\"><span class=\"screen-reader-text\">Del link<\/span><\/a>\n\t\t<a class=\"share-button share-twitter\" href=\"http:\/\/twitter.com\/share?text=Vi tror p\u00e5 Alstahaug&#038;url=https:\/\/hoyre.no\/alstahaug\/aktuelt\/vi-tror-pa-alstahaug\/&#038;hashtags=Hoyre\" target=\"_blank\"><span class=\"screen-reader-text\">Del p\u00e5 twitter<\/span><\/a>\n\t\t<a class=\"share-button share-facebook\" href=\"https:\/\/www.facebook.com\/sharer\/sharer.php?u=https:\/\/hoyre.no\/alstahaug\/aktuelt\/vi-tror-pa-alstahaug\/\" target=\"_blank\"><span class=\"screen-reader-text\">Del p\u00e5 facebook<\/span><\/a>\n\t<\/div>\n\t\t\t\t\t<\/div>\n\t\t\t<\/div>\n\n\t\t\t<figure class=\"hoyre-image-wrapper\"><div class=\"hoyre-image\"><img loading=\"lazy\" decoding=\"async\" width=\"860\" height=\"480\" src=\"https:\/\/hoyre.no\/content\/uploads\/sites\/153\/2020\/11\/alstahaug_stigtoreskogsholm_860x480.png\" class=\"attachment-scaled size-scaled\" alt=\"\" style=\"object-position: 50% 50%\" srcset=\"https:\/\/hoyre.no\/content\/uploads\/sites\/153\/2020\/11\/alstahaug_stigtoreskogsholm_860x480.png 860w, https:\/\/hoyre.no\/content\/uploads\/sites\/153\/2020\/11\/alstahaug_stigtoreskogsholm_860x480-300x167.png 300w, https:\/\/hoyre.no\/content\/uploads\/sites\/153\/2020\/11\/alstahaug_stigtoreskogsholm_860x480-768x429.png 768w\" sizes=\"auto, (max-width: 860px) 100vw, 860px\" \/><\/div><\/figure><div id=\"hoyre-old-article-content-wrapper\"><p><strong>Dette skal Alstahaug H\u00f8yre jobbe for de neste \u00e5rene:<\/strong><\/p><ul><li>Sandnessj\u00f8en m\u00e5 ha stort akuttsykehus!<\/li><li>Sandnessj\u00f8en skal ha sykepleierutdanning!<\/li><li>Flere statlige arbeidsplasser til Alstahaug!<\/li><li>Vi vil ha et bedre flytilbud p\u00e5 Stokka!<\/li><li>Ja til biogass-produksjon i Sandnessj\u00f8en!<\/li><li>Det er p\u00e5 tide med asfalt i gatene!<\/li><li>Sandnessj\u00f8en trenger flere sykehjemsplasser n\u00e5!<\/li><\/ul><h3>Vi tror p\u00e5 Norge<\/h3><p>H\u00f8yre vil ha ja-kommuner som bidrar til gr\u00f8nn utvikling, optimisme og lokale arbeidsplasser. Vi vil ha en skole med kunnskap, der elevene mestrer hverdagen. Vi m\u00e5 hjelpe de elevene som blir hengende etter, satse p\u00e5 l\u00e6rerne og s\u00f8rge for at barna trives. Alle barn skal ha like muligheter, uansett bakgrunn. <\/p><p>Vi vil ha en eldreomsorg med mer aktivitet, der f\u00e6rre er ensomme og flere kan bo hjemme s\u00e5 lenge de \u00f8nsker. Vi er mest opptatt av god kvalitet og at du f\u00e5r velge selv. Andre er mest opptatt av hvem som skal gj\u00f8re jobben. <\/p><p>H\u00f8yre ser etter l\u00f8sninger, der andre ser problemer. Vi tror p\u00e5 Norge. Stem H\u00f8yre.<\/p><p>Vi h\u00e5per du vil stemme H\u00f8yre n\u00e5r valgdagen kommer, 9. september! Har du sp\u00f8rsm\u00e5l om H\u00f8yre og v\u00e5r politikk? Da er du hjertelig velkommen til \u00e5 ta kontakt med oss, <a href=\"https:\/\/www.facebook.com\/alstahaughoyre\/\">for eksempel via Facebook<\/a>. <\/p><p><strong>Godt valg!<\/strong><\/p><h3>Les ogs\u00e5:<\/h3><ul><li><a href=\"https:\/\/hoyre.no\/nordland\/alstahaug\/politikk\/\">Les mer om Alstahaug H\u00f8yres politikk<\/a><\/li><li><a href=\"https:\/\/hoyre.no\/kp\/regjeringen\/nordland\/\">Hva har H\u00f8yre gjort i Nordland?<\/a><\/li><li><a href=\"https:\/\/hoyre.no\/8-lofter-fra-hoyre-til-deg\/\">H\u00f8yres valgl\u00f8fter<\/a><\/li><li><a href=\"https:\/\/hoyre.no\/kp\/10-grunner-til-a-stemme-hoyre\/\">Ti grunner til \u00e5 stemme p\u00e5 H\u00f8yre<\/a><\/li><li><a href=\"https:\/\/hoyre.no\/aktuelt\/nyheter\/2019\/hoyre-kommuner-skal-vaere-ja-kommuner\/\">H\u00f8yre-kommuner skal v\u00e6re ja-kommuner<\/a><\/li><\/ul><\/div>\n<div class=\"tags\">\n\t<\/div>\n<div class=\"post-footer alignfull has-background block-editor-block-list__block\" data-align=full>\n\t<div class=\"post-footer-inner\">\n\t\t<h3>Relaterte artikler<\/h3>\n\t\t<div class=\"related-content\"><div class=\"is-card-hoyre\">\n\t<div class=\"teft-card hoyre-teft-card post-teft-card\">\n\t\t<a href=\"https:\/\/hoyre.no\/alstahaug\/aktuelt\/program_for_perioden_2019_2023\/\" class=\"teft-card__primary-action\">\n\n\t\t\t<div class=\"teft-card__media teft-card__media--16-9 no-image\"><\/div>\n\t\t\t<div class=\"teft-card__content-wrapper\">\n\t\t\t\t<div class=\"teft-card__secondary\">\n\t\t\t\t\t\n\t\t\t\t\t\t\t\t<div class=\"teft-card__meta\">\n\t\t\t\t\t\t\t\t\t<span class=\"post-date\">14. aug 2019<\/span>\n\n\t\t\t\t\t\t\t\t\t\t\t\t\t\t\t\t\t<\/div>\n\t\t\t\t\t\t\t\t\t\t\t<\/div>\n\n\t\t\t\t<div class=\"teft-card__primary\">\n\t\t\t\t\t<h2 class=\"teft-card__title\">Program for perioden 2019 &#8211; 2023&nbsp;<span class=\"teft-card__primary-title-append\"><\/span><\/h2>\t\t\t\t<\/div>\n\t\t\t<\/div>\n\t\t<\/a>\n\t<\/div>\n\n\t<\/div><\/div>\t<\/div>\n<\/div>\n","protected":false},"excerpt":{"rendered":"","protected":false},"author":0,"featured_media":0,"comment_status":"closed","ping_status":"closed","sticky":false,"template":"","format":"standard","meta":{"teft_cards_image_url":"https:\/\/hoyre.no\/content\/uploads\/sites\/153\/2020\/11\/alstahaug_stigtoreskogsholm_860x480.png","teft_cards_custom_pretitle":"","teft_cards_image_id":15,"teft_cards_image_focal_point_x":0,"teft_cards_image_focal_point_y":0,"teft_cards_title":"","teft_cards_excerpt":"","teft_show_chapters":false,"author_display_name":"","footnotes":""},"category":[1],"post_tag":[],"hoyre-visibility":[],"article-type":[],"politician":[],"class_list":["post-16","post","type-post","status-publish","format-standard","hentry","category-ukategorisert"],"yoast_head":"<!-- This site is optimized with the Yoast SEO plugin v26.6 - https:\/\/yoast.com\/wordpress\/plugins\/seo\/ -->\n<title>Vi tror p\u00e5 Alstahaug - Alstahaug H\u00f8yre<\/title>\n<meta name=\"robots\" content=\"index, follow, max-snippet:-1, max-image-preview:large, max-video-preview:-1\" \/>\n<link rel=\"canonical\" href=\"https:\/\/hoyre.no\/alstahaug\/aktuelt\/vi-tror-pa-alstahaug\/\" \/>\n<meta property=\"og:locale\" content=\"nb_NO\" \/>\n<meta property=\"og:type\" content=\"article\" \/>\n<meta property=\"og:title\" content=\"Vi tror p\u00e5 Alstahaug - Alstahaug H\u00f8yre\" \/>\n<meta property=\"og:url\" content=\"https:\/\/hoyre.no\/alstahaug\/aktuelt\/vi-tror-pa-alstahaug\/\" \/>\n<meta property=\"og:site_name\" content=\"Alstahaug H\u00f8yre\" \/>\n<meta property=\"article:published_time\" content=\"2019-08-21T13:24:00+00:00\" \/>\n<meta property=\"og:image\" content=\"https:\/\/hoyre.no\/content\/uploads\/sites\/153\/2022\/11\/Hoyres-logo.png\" \/>\n\t<meta property=\"og:image:width\" content=\"1000\" \/>\n\t<meta property=\"og:image:height\" content=\"1000\" \/>\n\t<meta property=\"og:image:type\" content=\"image\/png\" \/>\n<meta name=\"twitter:card\" content=\"summary_large_image\" \/>\n<meta name=\"twitter:label1\" content=\"Ansl. lesetid\" \/>\n\t<meta name=\"twitter:data1\" content=\"1 minutt\" \/>\n<script type=\"application\/ld+json\" class=\"yoast-schema-graph\">{\"@context\":\"https:\/\/schema.org\",\"@graph\":[{\"@type\":\"NewsArticle\",\"@id\":\"https:\/\/hoyre.no\/alstahaug\/aktuelt\/vi-tror-pa-alstahaug\/\",\"url\":\"https:\/\/hoyre.no\/alstahaug\/aktuelt\/vi-tror-pa-alstahaug\/\",\"name\":\"Vi tror p\u00e5 Alstahaug - Alstahaug H\u00f8yre\",\"isPartOf\":{\"@id\":\"https:\/\/hoyre.no\/alstahaug\/#website\"},\"datePublished\":\"2019-08-21T13:24:00+00:00\",\"author\":{\"@id\":\"\"},\"breadcrumb\":{\"@id\":\"https:\/\/hoyre.no\/alstahaug\/aktuelt\/vi-tror-pa-alstahaug\/#breadcrumb\"},\"inLanguage\":\"nb-NO\",\"potentialAction\":[{\"@type\":\"ReadAction\",\"target\":[\"https:\/\/hoyre.no\/alstahaug\/aktuelt\/vi-tror-pa-alstahaug\/\"]}]},{\"@type\":\"BreadcrumbList\",\"@id\":\"https:\/\/hoyre.no\/alstahaug\/aktuelt\/vi-tror-pa-alstahaug\/#breadcrumb\",\"itemListElement\":[{\"@type\":\"ListItem\",\"position\":1,\"name\":\"Til hoyre.no\",\"item\":\"https:\/\/hoyre.no\"},{\"@type\":\"ListItem\",\"position\":2,\"name\":\"Hjem\",\"item\":\"https:\/\/hoyre.no\/alstahaug\/\"},{\"@type\":\"ListItem\",\"position\":3,\"name\":\"Vi tror p\u00e5 Alstahaug\"}]},{\"@type\":\"WebSite\",\"@id\":\"https:\/\/hoyre.no\/alstahaug\/#website\",\"url\":\"https:\/\/hoyre.no\/alstahaug\/\",\"name\":\"Alstahaug H\u00f8yre\",\"description\":\"Bare enda et H\u00f8yres nettsteder-nettsted\",\"inLanguage\":\"nb-NO\"}]}<\/script>\n<!-- \/ Yoast SEO plugin. -->","yoast_head_json":{"title":"Vi tror p\u00e5 Alstahaug - Alstahaug H\u00f8yre","robots":{"index":"index","follow":"follow","max-snippet":"max-snippet:-1","max-image-preview":"max-image-preview:large","max-video-preview":"max-video-preview:-1"},"canonical":"https:\/\/hoyre.no\/alstahaug\/aktuelt\/vi-tror-pa-alstahaug\/","og_locale":"nb_NO","og_type":"article","og_title":"Vi tror p\u00e5 Alstahaug - Alstahaug H\u00f8yre","og_url":"https:\/\/hoyre.no\/alstahaug\/aktuelt\/vi-tror-pa-alstahaug\/","og_site_name":"Alstahaug H\u00f8yre","article_published_time":"2019-08-21T13:24:00+00:00","og_image":[{"width":1000,"height":1000,"url":"https:\/\/hoyre.no\/content\/uploads\/sites\/153\/2022\/11\/Hoyres-logo.png","type":"image\/png"}],"twitter_card":"summary_large_image","twitter_misc":{"Ansl. lesetid":"1 minutt"},"schema":{"@context":"https:\/\/schema.org","@graph":[{"@type":"NewsArticle","@id":"https:\/\/hoyre.no\/alstahaug\/aktuelt\/vi-tror-pa-alstahaug\/","url":"https:\/\/hoyre.no\/alstahaug\/aktuelt\/vi-tror-pa-alstahaug\/","name":"Vi tror p\u00e5 Alstahaug - Alstahaug H\u00f8yre","isPartOf":{"@id":"https:\/\/hoyre.no\/alstahaug\/#website"},"datePublished":"2019-08-21T13:24:00+00:00","author":{"@id":""},"breadcrumb":{"@id":"https:\/\/hoyre.no\/alstahaug\/aktuelt\/vi-tror-pa-alstahaug\/#breadcrumb"},"inLanguage":"nb-NO","potentialAction":[{"@type":"ReadAction","target":["https:\/\/hoyre.no\/alstahaug\/aktuelt\/vi-tror-pa-alstahaug\/"]}]},{"@type":"BreadcrumbList","@id":"https:\/\/hoyre.no\/alstahaug\/aktuelt\/vi-tror-pa-alstahaug\/#breadcrumb","itemListElement":[{"@type":"ListItem","position":1,"name":"Til hoyre.no","item":"https:\/\/hoyre.no"},{"@type":"ListItem","position":2,"name":"Hjem","item":"https:\/\/hoyre.no\/alstahaug\/"},{"@type":"ListItem","position":3,"name":"Vi tror p\u00e5 Alstahaug"}]},{"@type":"WebSite","@id":"https:\/\/hoyre.no\/alstahaug\/#website","url":"https:\/\/hoyre.no\/alstahaug\/","name":"Alstahaug H\u00f8yre","description":"Bare enda et H\u00f8yres nettsteder-nettsted","inLanguage":"nb-NO"}]}},"distributor_meta":false,"distributor_terms":false,"distributor_media":false,"distributor_original_site_name":"Alstahaug H\u00f8yre","distributor_original_site_url":"https:\/\/hoyre.no\/alstahaug","push-errors":false,"_links":{"self":[{"href":"https:\/\/hoyre.no\/alstahaug\/wp-json\/wp\/v2\/posts\/16","targetHints":{"allow":["GET"]}}],"collection":[{"href":"https:\/\/hoyre.no\/alstahaug\/wp-json\/wp\/v2\/posts"}],"about":[{"href":"https:\/\/hoyre.no\/alstahaug\/wp-json\/wp\/v2\/types\/post"}],"replies":[{"embeddable":true,"href":"https:\/\/hoyre.no\/alstahaug\/wp-json\/wp\/v2\/comments?post=16"}],"version-history":[{"count":0,"href":"https:\/\/hoyre.no\/alstahaug\/wp-json\/wp\/v2\/posts\/16\/revisions"}],"wp:attachment":[{"href":"https:\/\/hoyre.no\/alstahaug\/wp-json\/wp\/v2\/media?parent=16"}],"wp:term":[{"taxonomy":"category","embeddable":true,"href":"https:\/\/hoyre.no\/alstahaug\/wp-json\/wp\/v2\/category?post=16"},{"taxonomy":"post_tag","embeddable":true,"href":"https:\/\/hoyre.no\/alstahaug\/wp-json\/wp\/v2\/post_tag?post=16"},{"taxonomy":"hoyre-visibility","embeddable":true,"href":"https:\/\/hoyre.no\/alstahaug\/wp-json\/wp\/v2\/hoyre-visibility?post=16"},{"taxonomy":"article-type","embeddable":true,"href":"https:\/\/hoyre.no\/alstahaug\/wp-json\/wp\/v2\/article-type?post=16"},{"taxonomy":"politician","embeddable":true,"href":"https:\/\/hoyre.no\/alstahaug\/wp-json\/wp\/v2\/politician?post=16"}],"curies":[{"name":"wp","href":"https:\/\/api.w.org\/{rel}","templated":true}]}}