{"id":48,"date":"2021-05-12T14:48:35","date_gmt":"2021-05-12T12:48:35","guid":{"rendered":"https:\/\/hoyre.no\/alta\/?p=48"},"modified":"2021-05-12T14:48:36","modified_gmt":"2021-05-12T12:48:36","slug":"alle-mennesker-har-en-fantastisk-superevne","status":"publish","type":"post","link":"https:\/\/hoyre.no\/alta\/aktuelt\/alle-mennesker-har-en-fantastisk-superevne\/","title":{"rendered":"Alle mennesker har en fantastisk superevne."},"content":{"rendered":"\n<p class=\"preamble\">Alle mennesker har en fantastisk superevne.<br>Den beste superevnen av dem alle!<br><br>Den kan spre glede, optimisme, omsorg og kj\u00e6rlighet.<br>Den kan faktisk gj\u00f8re hele verden til en bedre plass for alle.<br><br>\u2026det er \u00e5 v\u00e6re snill \u2764\ufe0f<br><br>Vi g\u00e5r n\u00e5 inn i en valgkamp og selv om vi i H\u00f8yre gjerne skulle \u00f8nske at alle var enige i v\u00e5r politikk og stemte p\u00e5 oss, s\u00e5 skal vi respektere og v\u00e6re glad for at vi bor i et land hvor demokratiet og ytringsfriheten st\u00e5r s\u00e5 sterk, og at folk har lov og mulighet til \u00e5 ha forskjellige politiske meninger og kan stemme p\u00e5 flere forskjellige partier.<br><br>Det er helt greit \u00e5 v\u00e6re politisk uenig, men det er ikke greit \u00e5 v\u00e6re slemme og ufine med hverandre p\u00e5 grunn av det! Vi m\u00e5 kunne diskutere politikk til det beste for oss og landet p\u00e5 en god og respektfull m\u00e5te, b\u00e5de blant politikerne, rundt lunsjbordet p\u00e5 jobben, i hjemmet, p\u00e5 sosiale medier og i alle andre arenaer. <br>Godt valg!<br><br>V\u00e6r en hverdagshelt og v\u00e6r snill \u2764\ufe0f<\/p>\t\t\t<div class=\"post-meta wp-block teft-byline-wrapper\">\n\t\t\t\t<div class=\"top\">\n\t\t\t\t\t<div class=\"signature\">\n\t\t\t\t\t\t<div class=\"teft-byline\">\n\t\t\t\t\t\t\t\t\t\t\t\t\t\t<div>\n\t\t\t\t\t\t\t\t<h3>H\u00f8yres redaksjon<\/h3>\t\t\t\t\t\t\t\t\n\t\t\t\t\t\t\t\t\t\t\t\t\t\t\t\t\t<span class=\"date\">Sist oppdatert: 12. mai 2021<\/span>\n\t\t\t\t\t\t\t\t\t\t\t\t\t\t\t\t\t\t\t\t\t\t\t\t\t<span class=\"reading-time\" itemprop=\"timeRequired\" content=\"PT2M\"><em>Ca. 2 minutter lesetid<\/em><\/span>\n\t\t\t\t\t\t\t\t\t\t\t\t\t\t\t<\/div>\n\t\t\t\t\t\t<\/div>\n\t\t\t\t\t<\/div>\n\t\t\t\t\t\t<div class=\"sharing\">\n\t\t<a class=\"share-button share-link copy-link\" data-copy=\"https:\/\/hoyre.no\/alta\/aktuelt\/alle-mennesker-har-en-fantastisk-superevne\/\" target=\"_blank\"><span class=\"screen-reader-text\">Del link<\/span><\/a>\n\t\t<a class=\"share-button share-twitter\" href=\"http:\/\/twitter.com\/share?text=Alle mennesker har en fantastisk superevne.&#038;url=https:\/\/hoyre.no\/alta\/aktuelt\/alle-mennesker-har-en-fantastisk-superevne\/&#038;hashtags=Hoyre\" target=\"_blank\"><span class=\"screen-reader-text\">Del p\u00e5 twitter<\/span><\/a>\n\t\t<a class=\"share-button share-facebook\" href=\"https:\/\/www.facebook.com\/sharer\/sharer.php?u=https:\/\/hoyre.no\/alta\/aktuelt\/alle-mennesker-har-en-fantastisk-superevne\/\" target=\"_blank\"><span class=\"screen-reader-text\">Del p\u00e5 facebook<\/span><\/a>\n\t<\/div>\n\t\t\t\t\t<\/div>\n\t\t\t<\/div>\n\n\t\t\t<figure class=\"hoyre-image-wrapper\"><div class=\"hoyre-image\"><img loading=\"lazy\" decoding=\"async\" width=\"883\" height=\"719\" src=\"https:\/\/hoyre.no\/content\/uploads\/sites\/267\/2021\/05\/Hoyre-hjerter.jpg\" class=\"attachment-scaled size-scaled\" alt=\"\" style=\"object-position: 51% 50%\" srcset=\"https:\/\/hoyre.no\/content\/uploads\/sites\/267\/2021\/05\/Hoyre-hjerter.jpg 883w, https:\/\/hoyre.no\/content\/uploads\/sites\/267\/2021\/05\/Hoyre-hjerter-300x244.jpg 300w, https:\/\/hoyre.no\/content\/uploads\/sites\/267\/2021\/05\/Hoyre-hjerter-768x625.jpg 768w\" sizes=\"auto, (max-width: 883px) 100vw, 883px\" \/><\/div><\/figure>\n\n\n\n<div class=\"tags\">\n\t<\/div>\n<div class=\"post-footer alignfull has-background block-editor-block-list__block\" data-align=full>\n\t<div class=\"post-footer-inner\">\n\t\t<h3>Relaterte artikler<\/h3>\n\t\t<div class=\"related-content\"><div class=\"is-card-hoyre\">\n\t<div class=\"teft-card hoyre-teft-card post-teft-card\">\n\t\t<a href=\"https:\/\/hoyre.no\/alta\/aktuelt\/altahoyre-vil-bygge-flere-omsorgsboliger\/\" class=\"teft-card__primary-action\">\n\n\t\t\t\t\t<div class=\"teft-card__media teft-card__media--16-9\">\n\t\t\t\t\t\t<img loading=\"lazy\" decoding=\"async\" width=\"768\" height=\"512\" src=\"https:\/\/hoyre.no\/content\/uploads\/sites\/267\/2023\/06\/Y9A9819-768x512.jpg\" class=\"attachment-medium_large size-medium_large\" alt=\"\" srcset=\"https:\/\/hoyre.no\/content\/uploads\/sites\/267\/2023\/06\/Y9A9819-768x512.jpg 768w, https:\/\/hoyre.no\/content\/uploads\/sites\/267\/2023\/06\/Y9A9819-300x200.jpg 300w, https:\/\/hoyre.no\/content\/uploads\/sites\/267\/2023\/06\/Y9A9819-1024x683.jpg 1024w, https:\/\/hoyre.no\/content\/uploads\/sites\/267\/2023\/06\/Y9A9819-1536x1024.jpg 1536w, https:\/\/hoyre.no\/content\/uploads\/sites\/267\/2023\/06\/Y9A9819-2048x1365.jpg 2048w\" sizes=\"auto, (max-width: 768px) 100vw, 768px\" \/>\t\t<\/div>\n\t\t\n\t\t\t<div class=\"teft-card__content-wrapper\">\n\t\t\t\t<div class=\"teft-card__secondary\">\n\t\t\t\t\t\n\t\t\t\t\t\t\t\t<div class=\"teft-card__meta\">\n\t\t\t\t\t\t\t\t\t<span class=\"post-date\">26. jun 2023<\/span>\n\n\t\t\t\t\t\t\t\t\t<span class=\"post-category\">Nyheter<\/span>\t\t\t\t\t\t\t\t<\/div>\n\t\t\t\t\t\t\t\t\t\t\t<\/div>\n\n\t\t\t\t<div class=\"teft-card__primary\">\n\t\t\t\t\t<h2 class=\"teft-card__title\">Alta H\u00f8yre vil bygge flere omsorgsboliger&nbsp;<span class=\"teft-card__primary-title-append\"><\/span><\/h2>\t\t\t\t<\/div>\n\t\t\t<\/div>\n\t\t<\/a>\n\t<\/div>\n\n\t<\/div><div class=\"is-card-hoyre\">\n\t<div class=\"teft-card hoyre-teft-card post-teft-card\">\n\t\t<a href=\"https:\/\/hoyre.no\/alta\/aktuelt\/alex-bjorkmann-er-valgt-som-alta-hoyre-sin-ordforerkandidat\/\" class=\"teft-card__primary-action\">\n\n\t\t\t<div class=\"teft-card__media teft-card__media--16-9 no-image\"><\/div>\n\t\t\t<div class=\"teft-card__content-wrapper\">\n\t\t\t\t<div class=\"teft-card__secondary\">\n\t\t\t\t\t\n\t\t\t\t\t\t\t\t<div class=\"teft-card__meta\">\n\t\t\t\t\t\t\t\t\t<span class=\"post-date\">26. mai 2022<\/span>\n\n\t\t\t\t\t\t\t\t\t\t\t\t\t\t\t\t\t<\/div>\n\t\t\t\t\t\t\t\t\t\t\t<\/div>\n\n\t\t\t\t<div class=\"teft-card__primary\">\n\t\t\t\t\t<h2 class=\"teft-card__title\">Alex Bj\u00f8rkmann er valgt som Alta H\u00f8yre sin ordf\u00f8rerkandidat!&nbsp;<span class=\"teft-card__primary-title-append\"><\/span><\/h2>\t\t\t\t<\/div>\n\t\t\t<\/div>\n\t\t<\/a>\n\t<\/div>\n\n\t<\/div><div class=\"is-card-hoyre\">\n\t<div class=\"teft-card hoyre-teft-card post-teft-card\">\n\t\t<a href=\"https:\/\/hoyre.no\/alta\/aktuelt\/alta-hoyre-onsker-dere-alle-en-riktig-god-jul-og-et-godt-nytt-ar\/\" class=\"teft-card__primary-action\">\n\n\t\t\t<div class=\"teft-card__media teft-card__media--16-9 no-image\"><\/div>\n\t\t\t<div class=\"teft-card__content-wrapper\">\n\t\t\t\t<div class=\"teft-card__secondary\">\n\t\t\t\t\t\n\t\t\t\t\t\t\t\t<div class=\"teft-card__meta\">\n\t\t\t\t\t\t\t\t\t<span class=\"post-date\">23. des 2021<\/span>\n\n\t\t\t\t\t\t\t\t\t\t\t\t\t\t\t\t\t<\/div>\n\t\t\t\t\t\t\t\t\t\t\t<\/div>\n\n\t\t\t\t<div class=\"teft-card__primary\">\n\t\t\t\t\t<h2 class=\"teft-card__title\">Alta H\u00f8yre \u00f8nsker dere alle en riktig god jul og et godt nytt \u00e5r!&nbsp;<span class=\"teft-card__primary-title-append\"><\/span><\/h2>\t\t\t\t<\/div>\n\t\t\t<\/div>\n\t\t<\/a>\n\t<\/div>\n\n\t<\/div><\/div>\t<\/div>\n<\/div>\n","protected":false},"excerpt":{"rendered":"","protected":false},"author":1,"featured_media":0,"comment_status":"closed","ping_status":"closed","sticky":false,"template":"","format":"standard","meta":{"teft_cards_image_url":"","teft_cards_custom_pretitle":"","teft_cards_image_id":0,"teft_cards_image_focal_point_x":0,"teft_cards_image_focal_point_y":0,"teft_cards_title":"","teft_cards_excerpt":"","teft_show_chapters":false,"author_display_name":"","footnotes":""},"category":[1],"post_tag":[],"hoyre-visibility":[],"article-type":[],"politician":[],"class_list":["post-48","post","type-post","status-publish","format-standard","hentry","category-ukategorisert"],"yoast_head":"<!-- This site is optimized with the Yoast SEO plugin v26.6 - https:\/\/yoast.com\/wordpress\/plugins\/seo\/ -->\n<title>Alle mennesker har en fantastisk superevne. - Alta H\u00f8yre<\/title>\n<meta name=\"robots\" content=\"index, follow, max-snippet:-1, max-image-preview:large, max-video-preview:-1\" \/>\n<link rel=\"canonical\" href=\"https:\/\/hoyre.no\/alta\/aktuelt\/alle-mennesker-har-en-fantastisk-superevne\/\" \/>\n<meta property=\"og:locale\" content=\"nb_NO\" \/>\n<meta property=\"og:type\" content=\"article\" \/>\n<meta property=\"og:title\" content=\"Alle mennesker har en fantastisk superevne. - Alta H\u00f8yre\" \/>\n<meta property=\"og:url\" content=\"https:\/\/hoyre.no\/alta\/aktuelt\/alle-mennesker-har-en-fantastisk-superevne\/\" \/>\n<meta property=\"og:site_name\" content=\"Alta H\u00f8yre\" \/>\n<meta property=\"article:published_time\" content=\"2021-05-12T12:48:35+00:00\" \/>\n<meta property=\"article:modified_time\" content=\"2021-05-12T12:48:36+00:00\" \/>\n<meta property=\"og:image\" content=\"https:\/\/hoyre.no\/content\/uploads\/sites\/267\/2022\/11\/Hoyres-logo.png\" \/>\n\t<meta property=\"og:image:width\" content=\"1000\" \/>\n\t<meta property=\"og:image:height\" content=\"1000\" \/>\n\t<meta property=\"og:image:type\" content=\"image\/png\" \/>\n<meta name=\"author\" content=\"dekode\" \/>\n<meta name=\"twitter:card\" content=\"summary_large_image\" \/>\n<meta name=\"twitter:label1\" content=\"Skrevet av\" \/>\n\t<meta name=\"twitter:data1\" content=\"dekode\" \/>\n\t<meta name=\"twitter:label2\" content=\"Ansl. lesetid\" \/>\n\t<meta name=\"twitter:data2\" content=\"1 minutt\" \/>\n<script type=\"application\/ld+json\" class=\"yoast-schema-graph\">{\"@context\":\"https:\/\/schema.org\",\"@graph\":[{\"@type\":\"NewsArticle\",\"@id\":\"https:\/\/hoyre.no\/alta\/aktuelt\/alle-mennesker-har-en-fantastisk-superevne\/\",\"url\":\"https:\/\/hoyre.no\/alta\/aktuelt\/alle-mennesker-har-en-fantastisk-superevne\/\",\"name\":\"Alle mennesker har en fantastisk superevne. - Alta H\u00f8yre\",\"isPartOf\":{\"@id\":\"https:\/\/hoyre.no\/alta\/#website\"},\"datePublished\":\"2021-05-12T12:48:35+00:00\",\"dateModified\":\"2021-05-12T12:48:36+00:00\",\"author\":{\"@id\":\"https:\/\/hoyre.no\/alta\/#\/schema\/person\/a98f739fbce27610adc69134cc8a6383\"},\"breadcrumb\":{\"@id\":\"https:\/\/hoyre.no\/alta\/aktuelt\/alle-mennesker-har-en-fantastisk-superevne\/#breadcrumb\"},\"inLanguage\":\"nb-NO\",\"potentialAction\":[{\"@type\":\"ReadAction\",\"target\":[\"https:\/\/hoyre.no\/alta\/aktuelt\/alle-mennesker-har-en-fantastisk-superevne\/\"]}]},{\"@type\":\"BreadcrumbList\",\"@id\":\"https:\/\/hoyre.no\/alta\/aktuelt\/alle-mennesker-har-en-fantastisk-superevne\/#breadcrumb\",\"itemListElement\":[{\"@type\":\"ListItem\",\"position\":1,\"name\":\"Til hoyre.no\",\"item\":\"https:\/\/hoyre.no\"},{\"@type\":\"ListItem\",\"position\":2,\"name\":\"Hjem\",\"item\":\"https:\/\/hoyre.no\/alta\/\"},{\"@type\":\"ListItem\",\"position\":3,\"name\":\"Alle mennesker har en fantastisk superevne.\"}]},{\"@type\":\"WebSite\",\"@id\":\"https:\/\/hoyre.no\/alta\/#website\",\"url\":\"https:\/\/hoyre.no\/alta\/\",\"name\":\"Alta H\u00f8yre\",\"description\":\"Bare enda et H\u00f8yres nettsteder-nettsted\",\"inLanguage\":\"nb-NO\"},{\"@type\":\"Person\",\"@id\":\"https:\/\/hoyre.no\/alta\/#\/schema\/person\/a98f739fbce27610adc69134cc8a6383\",\"name\":\"dekode\",\"image\":{\"@type\":\"ImageObject\",\"inLanguage\":\"nb-NO\",\"@id\":\"https:\/\/hoyre.no\/alta\/#\/schema\/person\/image\/\",\"url\":\"https:\/\/secure.gravatar.com\/avatar\/bffaff487bc7653514cf6f17943ba8ab9dacc16c651f35b5bf603b89d8b76476?s=96&d=mm&r=g\",\"contentUrl\":\"https:\/\/secure.gravatar.com\/avatar\/bffaff487bc7653514cf6f17943ba8ab9dacc16c651f35b5bf603b89d8b76476?s=96&d=mm&r=g\",\"caption\":\"dekode\"},\"sameAs\":[\"https:\/\/hoyre.no\/wp\"],\"url\":\"https:\/\/hoyre.no\/alta\/aktuelt\/author\/dekode\/\"}]}<\/script>\n<!-- \/ Yoast SEO plugin. -->","yoast_head_json":{"title":"Alle mennesker har en fantastisk superevne. - Alta H\u00f8yre","robots":{"index":"index","follow":"follow","max-snippet":"max-snippet:-1","max-image-preview":"max-image-preview:large","max-video-preview":"max-video-preview:-1"},"canonical":"https:\/\/hoyre.no\/alta\/aktuelt\/alle-mennesker-har-en-fantastisk-superevne\/","og_locale":"nb_NO","og_type":"article","og_title":"Alle mennesker har en fantastisk superevne. - Alta H\u00f8yre","og_url":"https:\/\/hoyre.no\/alta\/aktuelt\/alle-mennesker-har-en-fantastisk-superevne\/","og_site_name":"Alta H\u00f8yre","article_published_time":"2021-05-12T12:48:35+00:00","article_modified_time":"2021-05-12T12:48:36+00:00","og_image":[{"width":1000,"height":1000,"url":"https:\/\/hoyre.no\/content\/uploads\/sites\/267\/2022\/11\/Hoyres-logo.png","type":"image\/png"}],"author":"dekode","twitter_card":"summary_large_image","twitter_misc":{"Skrevet av":"dekode","Ansl. lesetid":"1 minutt"},"schema":{"@context":"https:\/\/schema.org","@graph":[{"@type":"NewsArticle","@id":"https:\/\/hoyre.no\/alta\/aktuelt\/alle-mennesker-har-en-fantastisk-superevne\/","url":"https:\/\/hoyre.no\/alta\/aktuelt\/alle-mennesker-har-en-fantastisk-superevne\/","name":"Alle mennesker har en fantastisk superevne. - Alta H\u00f8yre","isPartOf":{"@id":"https:\/\/hoyre.no\/alta\/#website"},"datePublished":"2021-05-12T12:48:35+00:00","dateModified":"2021-05-12T12:48:36+00:00","author":{"@id":"https:\/\/hoyre.no\/alta\/#\/schema\/person\/a98f739fbce27610adc69134cc8a6383"},"breadcrumb":{"@id":"https:\/\/hoyre.no\/alta\/aktuelt\/alle-mennesker-har-en-fantastisk-superevne\/#breadcrumb"},"inLanguage":"nb-NO","potentialAction":[{"@type":"ReadAction","target":["https:\/\/hoyre.no\/alta\/aktuelt\/alle-mennesker-har-en-fantastisk-superevne\/"]}]},{"@type":"BreadcrumbList","@id":"https:\/\/hoyre.no\/alta\/aktuelt\/alle-mennesker-har-en-fantastisk-superevne\/#breadcrumb","itemListElement":[{"@type":"ListItem","position":1,"name":"Til hoyre.no","item":"https:\/\/hoyre.no"},{"@type":"ListItem","position":2,"name":"Hjem","item":"https:\/\/hoyre.no\/alta\/"},{"@type":"ListItem","position":3,"name":"Alle mennesker har en fantastisk superevne."}]},{"@type":"WebSite","@id":"https:\/\/hoyre.no\/alta\/#website","url":"https:\/\/hoyre.no\/alta\/","name":"Alta H\u00f8yre","description":"Bare enda et H\u00f8yres nettsteder-nettsted","inLanguage":"nb-NO"},{"@type":"Person","@id":"https:\/\/hoyre.no\/alta\/#\/schema\/person\/a98f739fbce27610adc69134cc8a6383","name":"dekode","image":{"@type":"ImageObject","inLanguage":"nb-NO","@id":"https:\/\/hoyre.no\/alta\/#\/schema\/person\/image\/","url":"https:\/\/secure.gravatar.com\/avatar\/bffaff487bc7653514cf6f17943ba8ab9dacc16c651f35b5bf603b89d8b76476?s=96&d=mm&r=g","contentUrl":"https:\/\/secure.gravatar.com\/avatar\/bffaff487bc7653514cf6f17943ba8ab9dacc16c651f35b5bf603b89d8b76476?s=96&d=mm&r=g","caption":"dekode"},"sameAs":["https:\/\/hoyre.no\/wp"],"url":"https:\/\/hoyre.no\/alta\/aktuelt\/author\/dekode\/"}]}},"distributor_meta":false,"distributor_terms":false,"distributor_media":false,"distributor_original_site_name":"Alta H\u00f8yre","distributor_original_site_url":"https:\/\/hoyre.no\/alta","push-errors":false,"_links":{"self":[{"href":"https:\/\/hoyre.no\/alta\/wp-json\/wp\/v2\/posts\/48","targetHints":{"allow":["GET"]}}],"collection":[{"href":"https:\/\/hoyre.no\/alta\/wp-json\/wp\/v2\/posts"}],"about":[{"href":"https:\/\/hoyre.no\/alta\/wp-json\/wp\/v2\/types\/post"}],"author":[{"embeddable":true,"href":"https:\/\/hoyre.no\/alta\/wp-json\/wp\/v2\/users\/1"}],"replies":[{"embeddable":true,"href":"https:\/\/hoyre.no\/alta\/wp-json\/wp\/v2\/comments?post=48"}],"version-history":[{"count":2,"href":"https:\/\/hoyre.no\/alta\/wp-json\/wp\/v2\/posts\/48\/revisions"}],"predecessor-version":[{"id":51,"href":"https:\/\/hoyre.no\/alta\/wp-json\/wp\/v2\/posts\/48\/revisions\/51"}],"wp:attachment":[{"href":"https:\/\/hoyre.no\/alta\/wp-json\/wp\/v2\/media?parent=48"}],"wp:term":[{"taxonomy":"category","embeddable":true,"href":"https:\/\/hoyre.no\/alta\/wp-json\/wp\/v2\/category?post=48"},{"taxonomy":"post_tag","embeddable":true,"href":"https:\/\/hoyre.no\/alta\/wp-json\/wp\/v2\/post_tag?post=48"},{"taxonomy":"hoyre-visibility","embeddable":true,"href":"https:\/\/hoyre.no\/alta\/wp-json\/wp\/v2\/hoyre-visibility?post=48"},{"taxonomy":"article-type","embeddable":true,"href":"https:\/\/hoyre.no\/alta\/wp-json\/wp\/v2\/article-type?post=48"},{"taxonomy":"politician","embeddable":true,"href":"https:\/\/hoyre.no\/alta\/wp-json\/wp\/v2\/politician?post=48"}],"curies":[{"name":"wp","href":"https:\/\/api.w.org\/{rel}","templated":true}]}}