{"id":39,"date":"2023-02-10T11:39:39","date_gmt":"2023-02-10T10:39:39","guid":{"rendered":"https:\/\/hoyre.no\/amot\/?p=39"},"modified":"2023-03-08T13:57:07","modified_gmt":"2023-03-08T12:57:07","slug":"arsmote-i-amot-hoyre-26-01-2023","status":"publish","type":"post","link":"https:\/\/hoyre.no\/amot\/aktuelt\/arsmote-i-amot-hoyre-26-01-2023\/","title":{"rendered":"\u00c5rsm\u00f8te i \u00c5mot H\u00f8yre 26.01 2023"},"content":{"rendered":"\n<p class=\"preamble\">DET\u00a0BLIR\u00a0SPENNEDE\u00a0TIDER\u00a0<\/p>\t\t\t<div class=\"post-meta wp-block teft-byline-wrapper\">\n\t\t\t\t<div class=\"top\">\n\t\t\t\t\t<div class=\"signature\">\n\t\t\t\t\t\t<div class=\"teft-byline\">\n\t\t\t\t\t\t\t\t\t\t\t\t\t\t<div>\n\t\t\t\t\t\t\t\t<h3>H\u00f8yres redaksjon<\/h3>\t\t\t\t\t\t\t\t\n\t\t\t\t\t\t\t\t\t\t\t\t\t\t\t\t\t<span class=\"date\">Sist oppdatert: 8. mars 2023<\/span>\n\t\t\t\t\t\t\t\t\t\t\t\t\t\t\t\t\t\t\t\t\t\t\t\t\t<span class=\"reading-time\" itemprop=\"timeRequired\" content=\"PT1M\"><em>Ca. 1 minutter lesetid<\/em><\/span>\n\t\t\t\t\t\t\t\t\t\t\t\t\t\t\t<\/div>\n\t\t\t\t\t\t<\/div>\n\t\t\t\t\t<\/div>\n\t\t\t\t\t\t<div class=\"sharing\">\n\t\t<a class=\"share-button share-link copy-link\" data-copy=\"https:\/\/hoyre.no\/amot\/aktuelt\/arsmote-i-amot-hoyre-26-01-2023\/\" target=\"_blank\"><span class=\"screen-reader-text\">Del link<\/span><\/a>\n\t\t<a class=\"share-button share-twitter\" href=\"http:\/\/twitter.com\/share?text=\u00c5rsm\u00f8te i \u00c5mot H\u00f8yre 26.01 2023&#038;url=https:\/\/hoyre.no\/amot\/aktuelt\/arsmote-i-amot-hoyre-26-01-2023\/&#038;hashtags=Hoyre\" target=\"_blank\"><span class=\"screen-reader-text\">Del p\u00e5 twitter<\/span><\/a>\n\t\t<a class=\"share-button share-facebook\" href=\"https:\/\/www.facebook.com\/sharer\/sharer.php?u=https:\/\/hoyre.no\/amot\/aktuelt\/arsmote-i-amot-hoyre-26-01-2023\/\" target=\"_blank\"><span class=\"screen-reader-text\">Del p\u00e5 facebook<\/span><\/a>\n\t<\/div>\n\t\t\t\t\t<\/div>\n\t\t\t<\/div>\n\n\t\t\t<figure class=\"hoyre-image-wrapper\"><div class=\"hoyre-image\"><img loading=\"lazy\" decoding=\"async\" width=\"2000\" height=\"1125\" src=\"https:\/\/hoyre.no\/content\/uploads\/sites\/42\/2023\/01\/ole-erik-horstad.jpg\" class=\"attachment-scaled size-scaled\" alt=\"\" style=\"object-position: 50% 50%\" srcset=\"https:\/\/hoyre.no\/content\/uploads\/sites\/42\/2023\/01\/ole-erik-horstad.jpg 2000w, https:\/\/hoyre.no\/content\/uploads\/sites\/42\/2023\/01\/ole-erik-horstad-300x169.jpg 300w, https:\/\/hoyre.no\/content\/uploads\/sites\/42\/2023\/01\/ole-erik-horstad-1024x576.jpg 1024w, https:\/\/hoyre.no\/content\/uploads\/sites\/42\/2023\/01\/ole-erik-horstad-768x432.jpg 768w, https:\/\/hoyre.no\/content\/uploads\/sites\/42\/2023\/01\/ole-erik-horstad-1536x864.jpg 1536w\" sizes=\"auto, (max-width: 2000px) 100vw, 2000px\" \/><\/div><\/figure>\n\n\n\n\n<h2 class=\"wp-block-heading\">N\u00e5 er vi igang<\/h2>\n\n\n\n<p>Den 26 Januar ble det avholdt \u00e5rsm\u00f8te i \u00c5mot H\u00f8yre.<br>Selv om fremm\u00f8te kunne v\u00e6rt noe bedre ble det gjennomf\u00f8rt i fin stil.<br> I forbindelse med nominasjonsprosessen sitter styret igjen med inntrykket at den medvinden H\u00f8yre har nasjonalt, ogs\u00e5 gjelder lokalt. Ikke minst med bakgrunn i den gode jobben Ole Erik har gjort som ordf\u00f8rer. <br><br>Lokallaget har ligget noe nede de siste \u00e5rene og dette ble det besluttet \u00e5 gj\u00f8re noe med. Det ble valgt et interimstyre som skal s\u00f8ke \u00e5 f\u00e5 dette i gang igjen. Skal demokratiet virke trenger man aktive lokallag som kan p\u00e5virke folkevalgte, b\u00e5de lokalt og sentralt. <\/p>\n\n\n\n<p>Valgt frem til sommeren ble:<\/p>\n\n\n\n<ul class=\"wp-block-list\"><li>Per Walmsn\u00e6ss, Leder<\/li><li>Atle Haugland,  Styremedlem<\/li><li>Ole Erik H\u00f8rstad, leder kommunestyregruppen og Ordf\u00f8rer<\/li><\/ul>\n\n\n\n<p>Etter \u00e5rsm\u00f8tet med det gjennomf\u00f8rt Nominasjonsm\u00f8te. Resultatet fra dette sendes ut n\u00e5r alle representanter er forespurt og har akseptert plassen.<\/p>\n\n\n\n<p><\/p>\n\n\n<div class=\"tags\">\n\t\t<div class=\"wp-block-tag-cloud\">\n\t\t\t\t\t<a href=\"https:\/\/hoyre.no\/amot\/aktuelt\/tag\/amot-hoyre\/\" class=\"tag-cloud-link\">\u00c5mot H\u00f8yre<\/a>\n\t\t\t\t\t<a href=\"https:\/\/hoyre.no\/amot\/aktuelt\/tag\/styret-i-amot-hoyre\/\" class=\"tag-cloud-link\">Styret i \u00c5mot H\u00f8yre<\/a>\n\t\t\t<\/div>\n\t<\/div>\n<div class=\"post-footer alignfull has-background block-editor-block-list__block\" data-align=full>\n\t<div class=\"post-footer-inner\">\n\t\t<h3>Relaterte artikler<\/h3>\n\t\t<div class=\"related-content\"><div class=\"is-card-hoyre\">\n\t<div class=\"teft-card hoyre-teft-card post-teft-card\">\n\t\t<a href=\"https:\/\/hoyre.no\/amot\/aktuelt\/4-nye-ar-med-ole-erik\/\" class=\"teft-card__primary-action\">\n\n\t\t\t<div class=\"teft-card__media teft-card__media--16-9 no-image\"><\/div>\n\t\t\t<div class=\"teft-card__content-wrapper\">\n\t\t\t\t<div class=\"teft-card__secondary\">\n\t\t\t\t\t\n\t\t\t\t\t\t\t\t<div class=\"teft-card__meta\">\n\t\t\t\t\t\t\t\t\t<span class=\"post-date\">10. aug 2023<\/span>\n\n\t\t\t\t\t\t\t\t\t\t\t\t\t\t\t\t\t<\/div>\n\t\t\t\t\t\t\t\t\t\t\t<\/div>\n\n\t\t\t\t<div class=\"teft-card__primary\">\n\t\t\t\t\t<h2 class=\"teft-card__title\">4 nye \u00e5r med Ole Erik&nbsp;<span class=\"teft-card__primary-title-append\"><\/span><\/h2>\t\t\t\t<\/div>\n\t\t\t<\/div>\n\t\t<\/a>\n\t<\/div>\n\n\t<\/div><div class=\"is-card-hoyre\">\n\t<div class=\"teft-card hoyre-teft-card post-teft-card\">\n\t\t<a href=\"https:\/\/hoyre.no\/amot\/aktuelt\/arsmote-og-nominasjonsmote\/\" class=\"teft-card__primary-action\">\n\n\t\t\t\t\t<div class=\"teft-card__media teft-card__media--16-9\">\n\t\t\t\t\t\t<img loading=\"lazy\" decoding=\"async\" width=\"768\" height=\"432\" src=\"https:\/\/hoyre.no\/content\/uploads\/sites\/42\/2023\/01\/ole-erik-horstad-768x432.jpg\" class=\"attachment-medium_large size-medium_large\" alt=\"\" srcset=\"https:\/\/hoyre.no\/content\/uploads\/sites\/42\/2023\/01\/ole-erik-horstad-768x432.jpg 768w, https:\/\/hoyre.no\/content\/uploads\/sites\/42\/2023\/01\/ole-erik-horstad-300x169.jpg 300w, https:\/\/hoyre.no\/content\/uploads\/sites\/42\/2023\/01\/ole-erik-horstad-1024x576.jpg 1024w, https:\/\/hoyre.no\/content\/uploads\/sites\/42\/2023\/01\/ole-erik-horstad-1536x864.jpg 1536w, https:\/\/hoyre.no\/content\/uploads\/sites\/42\/2023\/01\/ole-erik-horstad.jpg 2000w\" sizes=\"auto, (max-width: 768px) 100vw, 768px\" \/>\t\t<\/div>\n\t\t\n\t\t\t<div class=\"teft-card__content-wrapper\">\n\t\t\t\t<div class=\"teft-card__secondary\">\n\t\t\t\t\t\n\t\t\t\t\t\t\t\t<div class=\"teft-card__meta\">\n\t\t\t\t\t\t\t\t\t<span class=\"post-date\">2. jan 2023<\/span>\n\n\t\t\t\t\t\t\t\t\t\t\t\t\t\t\t\t\t<\/div>\n\t\t\t\t\t\t\t\t\t\t\t<\/div>\n\n\t\t\t\t<div class=\"teft-card__primary\">\n\t\t\t\t\t<h2 class=\"teft-card__title\">\u00c5rsm\u00f8te og nominasjonsm\u00f8te&nbsp;<span class=\"teft-card__primary-title-append\"><\/span><\/h2>\t\t\t\t<\/div>\n\t\t\t<\/div>\n\t\t<\/a>\n\t<\/div>\n\n\t<\/div><\/div>\t<\/div>\n<\/div>\n","protected":false},"excerpt":{"rendered":"","protected":false},"author":29798,"featured_media":0,"comment_status":"closed","ping_status":"closed","sticky":false,"template":"","format":"standard","meta":{"teft_cards_image_url":"","teft_cards_custom_pretitle":"","teft_cards_image_id":0,"teft_cards_image_focal_point_x":0,"teft_cards_image_focal_point_y":0,"teft_cards_title":"","teft_cards_excerpt":"","teft_show_chapters":false,"author_display_name":"","footnotes":""},"category":[1],"post_tag":[6,5],"hoyre-visibility":[],"article-type":[],"politician":[],"class_list":["post-39","post","type-post","status-publish","format-standard","hentry","category-ukategorisert","tag-amot-hoyre","tag-styret-i-amot-hoyre"],"yoast_head":"<!-- This site is optimized with the Yoast SEO plugin v26.6 - https:\/\/yoast.com\/wordpress\/plugins\/seo\/ -->\n<title>\u00c5rsm\u00f8te i \u00c5mot H\u00f8yre 26.01 2023 - \u00c5mot H\u00f8yre<\/title>\n<meta name=\"robots\" content=\"index, follow, max-snippet:-1, max-image-preview:large, max-video-preview:-1\" \/>\n<link rel=\"canonical\" href=\"https:\/\/hoyre.no\/amot\/aktuelt\/arsmote-i-amot-hoyre-26-01-2023\/\" \/>\n<meta property=\"og:locale\" content=\"nb_NO\" \/>\n<meta property=\"og:type\" content=\"article\" \/>\n<meta property=\"og:title\" content=\"\u00c5rsm\u00f8te i \u00c5mot H\u00f8yre 26.01 2023 - \u00c5mot H\u00f8yre\" \/>\n<meta property=\"og:url\" content=\"https:\/\/hoyre.no\/amot\/aktuelt\/arsmote-i-amot-hoyre-26-01-2023\/\" \/>\n<meta property=\"og:site_name\" content=\"\u00c5mot H\u00f8yre\" \/>\n<meta property=\"article:published_time\" content=\"2023-02-10T10:39:39+00:00\" \/>\n<meta property=\"article:modified_time\" content=\"2023-03-08T12:57:07+00:00\" \/>\n<meta property=\"og:image\" content=\"https:\/\/hoyre.no\/content\/uploads\/sites\/42\/2023\/01\/ole-erik-horstad-1024x576.jpg\" \/>\n<meta name=\"author\" content=\"Per Walmsn\u00e6ss\" \/>\n<meta name=\"twitter:card\" content=\"summary_large_image\" \/>\n<meta name=\"twitter:label1\" content=\"Skrevet av\" \/>\n\t<meta name=\"twitter:data1\" content=\"Per Walmsn\u00e6ss\" \/>\n\t<meta name=\"twitter:label2\" content=\"Ansl. lesetid\" \/>\n\t<meta name=\"twitter:data2\" content=\"1 minutt\" \/>\n<script type=\"application\/ld+json\" class=\"yoast-schema-graph\">{\"@context\":\"https:\/\/schema.org\",\"@graph\":[{\"@type\":\"NewsArticle\",\"@id\":\"https:\/\/hoyre.no\/amot\/aktuelt\/arsmote-i-amot-hoyre-26-01-2023\/\",\"url\":\"https:\/\/hoyre.no\/amot\/aktuelt\/arsmote-i-amot-hoyre-26-01-2023\/\",\"name\":\"\u00c5rsm\u00f8te i \u00c5mot H\u00f8yre 26.01 2023 - \u00c5mot H\u00f8yre\",\"isPartOf\":{\"@id\":\"https:\/\/hoyre.no\/amot\/#website\"},\"datePublished\":\"2023-02-10T10:39:39+00:00\",\"dateModified\":\"2023-03-08T12:57:07+00:00\",\"author\":{\"@id\":\"https:\/\/hoyre.no\/amot\/#\/schema\/person\/58dab34660576e10ea3c7a6f46eaa8cf\"},\"breadcrumb\":{\"@id\":\"https:\/\/hoyre.no\/amot\/aktuelt\/arsmote-i-amot-hoyre-26-01-2023\/#breadcrumb\"},\"inLanguage\":\"nb-NO\",\"potentialAction\":[{\"@type\":\"ReadAction\",\"target\":[\"https:\/\/hoyre.no\/amot\/aktuelt\/arsmote-i-amot-hoyre-26-01-2023\/\"]}]},{\"@type\":\"BreadcrumbList\",\"@id\":\"https:\/\/hoyre.no\/amot\/aktuelt\/arsmote-i-amot-hoyre-26-01-2023\/#breadcrumb\",\"itemListElement\":[{\"@type\":\"ListItem\",\"position\":1,\"name\":\"Til hoyre.no\",\"item\":\"https:\/\/hoyre.no\"},{\"@type\":\"ListItem\",\"position\":2,\"name\":\"Hjem\",\"item\":\"https:\/\/hoyre.no\/amot\/\"},{\"@type\":\"ListItem\",\"position\":3,\"name\":\"\u00c5rsm\u00f8te i \u00c5mot H\u00f8yre 26.01 2023\"}]},{\"@type\":\"WebSite\",\"@id\":\"https:\/\/hoyre.no\/amot\/#website\",\"url\":\"https:\/\/hoyre.no\/amot\/\",\"name\":\"\u00c5mot H\u00f8yre\",\"description\":\"Bare enda et H\u00f8yres nettsteder-nettsted\",\"inLanguage\":\"nb-NO\"},{\"@type\":\"Person\",\"@id\":\"https:\/\/hoyre.no\/amot\/#\/schema\/person\/58dab34660576e10ea3c7a6f46eaa8cf\",\"name\":\"Per Walmsn\u00e6ss\",\"image\":{\"@type\":\"ImageObject\",\"inLanguage\":\"nb-NO\",\"@id\":\"https:\/\/hoyre.no\/amot\/#\/schema\/person\/image\/\",\"url\":\"https:\/\/secure.gravatar.com\/avatar\/487df1854c235580cd7deb385cdd26beeee6b565461f9a78787d0dfdd559bf7b?s=96&d=mm&r=g\",\"contentUrl\":\"https:\/\/secure.gravatar.com\/avatar\/487df1854c235580cd7deb385cdd26beeee6b565461f9a78787d0dfdd559bf7b?s=96&d=mm&r=g\",\"caption\":\"Per Walmsn\u00e6ss\"},\"url\":\"https:\/\/hoyre.no\/amot\/aktuelt\/author\/m4070108\/\"}]}<\/script>\n<!-- \/ Yoast SEO plugin. -->","yoast_head_json":{"title":"\u00c5rsm\u00f8te i \u00c5mot H\u00f8yre 26.01 2023 - \u00c5mot H\u00f8yre","robots":{"index":"index","follow":"follow","max-snippet":"max-snippet:-1","max-image-preview":"max-image-preview:large","max-video-preview":"max-video-preview:-1"},"canonical":"https:\/\/hoyre.no\/amot\/aktuelt\/arsmote-i-amot-hoyre-26-01-2023\/","og_locale":"nb_NO","og_type":"article","og_title":"\u00c5rsm\u00f8te i \u00c5mot H\u00f8yre 26.01 2023 - \u00c5mot H\u00f8yre","og_url":"https:\/\/hoyre.no\/amot\/aktuelt\/arsmote-i-amot-hoyre-26-01-2023\/","og_site_name":"\u00c5mot H\u00f8yre","article_published_time":"2023-02-10T10:39:39+00:00","article_modified_time":"2023-03-08T12:57:07+00:00","og_image":[{"url":"https:\/\/hoyre.no\/content\/uploads\/sites\/42\/2023\/01\/ole-erik-horstad-1024x576.jpg","width":"","height":"","type":""}],"author":"Per Walmsn\u00e6ss","twitter_card":"summary_large_image","twitter_misc":{"Skrevet av":"Per Walmsn\u00e6ss","Ansl. lesetid":"1 minutt"},"schema":{"@context":"https:\/\/schema.org","@graph":[{"@type":"NewsArticle","@id":"https:\/\/hoyre.no\/amot\/aktuelt\/arsmote-i-amot-hoyre-26-01-2023\/","url":"https:\/\/hoyre.no\/amot\/aktuelt\/arsmote-i-amot-hoyre-26-01-2023\/","name":"\u00c5rsm\u00f8te i \u00c5mot H\u00f8yre 26.01 2023 - \u00c5mot H\u00f8yre","isPartOf":{"@id":"https:\/\/hoyre.no\/amot\/#website"},"datePublished":"2023-02-10T10:39:39+00:00","dateModified":"2023-03-08T12:57:07+00:00","author":{"@id":"https:\/\/hoyre.no\/amot\/#\/schema\/person\/58dab34660576e10ea3c7a6f46eaa8cf"},"breadcrumb":{"@id":"https:\/\/hoyre.no\/amot\/aktuelt\/arsmote-i-amot-hoyre-26-01-2023\/#breadcrumb"},"inLanguage":"nb-NO","potentialAction":[{"@type":"ReadAction","target":["https:\/\/hoyre.no\/amot\/aktuelt\/arsmote-i-amot-hoyre-26-01-2023\/"]}]},{"@type":"BreadcrumbList","@id":"https:\/\/hoyre.no\/amot\/aktuelt\/arsmote-i-amot-hoyre-26-01-2023\/#breadcrumb","itemListElement":[{"@type":"ListItem","position":1,"name":"Til hoyre.no","item":"https:\/\/hoyre.no"},{"@type":"ListItem","position":2,"name":"Hjem","item":"https:\/\/hoyre.no\/amot\/"},{"@type":"ListItem","position":3,"name":"\u00c5rsm\u00f8te i \u00c5mot H\u00f8yre 26.01 2023"}]},{"@type":"WebSite","@id":"https:\/\/hoyre.no\/amot\/#website","url":"https:\/\/hoyre.no\/amot\/","name":"\u00c5mot H\u00f8yre","description":"Bare enda et H\u00f8yres nettsteder-nettsted","inLanguage":"nb-NO"},{"@type":"Person","@id":"https:\/\/hoyre.no\/amot\/#\/schema\/person\/58dab34660576e10ea3c7a6f46eaa8cf","name":"Per Walmsn\u00e6ss","image":{"@type":"ImageObject","inLanguage":"nb-NO","@id":"https:\/\/hoyre.no\/amot\/#\/schema\/person\/image\/","url":"https:\/\/secure.gravatar.com\/avatar\/487df1854c235580cd7deb385cdd26beeee6b565461f9a78787d0dfdd559bf7b?s=96&d=mm&r=g","contentUrl":"https:\/\/secure.gravatar.com\/avatar\/487df1854c235580cd7deb385cdd26beeee6b565461f9a78787d0dfdd559bf7b?s=96&d=mm&r=g","caption":"Per Walmsn\u00e6ss"},"url":"https:\/\/hoyre.no\/amot\/aktuelt\/author\/m4070108\/"}]}},"distributor_meta":false,"distributor_terms":false,"distributor_media":false,"distributor_original_site_name":"\u00c5mot H\u00f8yre","distributor_original_site_url":"https:\/\/hoyre.no\/amot","push-errors":false,"_links":{"self":[{"href":"https:\/\/hoyre.no\/amot\/wp-json\/wp\/v2\/posts\/39","targetHints":{"allow":["GET"]}}],"collection":[{"href":"https:\/\/hoyre.no\/amot\/wp-json\/wp\/v2\/posts"}],"about":[{"href":"https:\/\/hoyre.no\/amot\/wp-json\/wp\/v2\/types\/post"}],"author":[{"embeddable":true,"href":"https:\/\/hoyre.no\/amot\/wp-json\/wp\/v2\/users\/29798"}],"replies":[{"embeddable":true,"href":"https:\/\/hoyre.no\/amot\/wp-json\/wp\/v2\/comments?post=39"}],"version-history":[{"count":3,"href":"https:\/\/hoyre.no\/amot\/wp-json\/wp\/v2\/posts\/39\/revisions"}],"predecessor-version":[{"id":43,"href":"https:\/\/hoyre.no\/amot\/wp-json\/wp\/v2\/posts\/39\/revisions\/43"}],"wp:attachment":[{"href":"https:\/\/hoyre.no\/amot\/wp-json\/wp\/v2\/media?parent=39"}],"wp:term":[{"taxonomy":"category","embeddable":true,"href":"https:\/\/hoyre.no\/amot\/wp-json\/wp\/v2\/category?post=39"},{"taxonomy":"post_tag","embeddable":true,"href":"https:\/\/hoyre.no\/amot\/wp-json\/wp\/v2\/post_tag?post=39"},{"taxonomy":"hoyre-visibility","embeddable":true,"href":"https:\/\/hoyre.no\/amot\/wp-json\/wp\/v2\/hoyre-visibility?post=39"},{"taxonomy":"article-type","embeddable":true,"href":"https:\/\/hoyre.no\/amot\/wp-json\/wp\/v2\/article-type?post=39"},{"taxonomy":"politician","embeddable":true,"href":"https:\/\/hoyre.no\/amot\/wp-json\/wp\/v2\/politician?post=39"}],"curies":[{"name":"wp","href":"https:\/\/api.w.org\/{rel}","templated":true}]}}