{"id":15,"date":"2019-07-26T22:00:00","date_gmt":"2019-07-26T20:00:00","guid":{"rendered":"https:\/\/hoyre.no\/aremark\/aktuelt\/aremark_hoyres_program_2019_2023\/"},"modified":"2019-07-26T22:00:00","modified_gmt":"2019-07-26T20:00:00","slug":"aremark_hoyres_program_2019_2023","status":"publish","type":"post","link":"https:\/\/hoyre.no\/aremark\/aktuelt\/aremark_hoyres_program_2019_2023\/","title":{"rendered":"Aremark H\u00f8yres  valgprogram 2019-2023"},"content":{"rendered":"<p class=\"preamble\">Aremark H\u00f8yre vil:at Aremark skal v\u00e6re en god kommune \u00e5 leve og bo iat Aremark skal tilby innbyggerne et godt utbygd tjenestetilbud preget av h\u00f8y kvalitetat Aremark skal v\u00e6re en n\u00e6ringsvennlig slik at flest mulig skal kunne ha sitt arbeid i Aremarkat Aremark skal v\u00e6re et attraktivt og inkluderende lokalsamfunn som tiltrekker seg nye innbyggereat Aremark skal v\u00e6re en JA-kommune<\/p>\t\t\t<div class=\"post-meta wp-block teft-byline-wrapper\">\n\t\t\t\t<div class=\"top\">\n\t\t\t\t\t<div class=\"signature\">\n\t\t\t\t\t\t<div class=\"teft-byline\">\n\t\t\t\t\t\t\t\t\t\t\t\t\t\t<div>\n\t\t\t\t\t\t\t\t<h3>H\u00f8yres redaksjon<\/h3>\t\t\t\t\t\t\t\t\n\t\t\t\t\t\t\t\t\t\t\t\t\t\t\t\t\t<span class=\"date\">Sist oppdatert: 26. juli 2019<\/span>\n\t\t\t\t\t\t\t\t\t\t\t\t\t\t\t\t\t\t\t\t\t\t\t\t\t<span class=\"reading-time\" itemprop=\"timeRequired\" content=\"PT9M\"><em>Ca. 9 minutter lesetid<\/em><\/span>\n\t\t\t\t\t\t\t\t\t\t\t\t\t\t\t<\/div>\n\t\t\t\t\t\t<\/div>\n\t\t\t\t\t<\/div>\n\t\t\t\t\t\t<div class=\"sharing\">\n\t\t<a class=\"share-button share-link copy-link\" data-copy=\"https:\/\/hoyre.no\/aremark\/aktuelt\/aremark_hoyres_program_2019_2023\/\" target=\"_blank\"><span class=\"screen-reader-text\">Del link<\/span><\/a>\n\t\t<a class=\"share-button share-twitter\" href=\"http:\/\/twitter.com\/share?text=Aremark H\u00f8yres  valgprogram 2019-2023&#038;url=https:\/\/hoyre.no\/aremark\/aktuelt\/aremark_hoyres_program_2019_2023\/&#038;hashtags=Hoyre\" target=\"_blank\"><span class=\"screen-reader-text\">Del p\u00e5 twitter<\/span><\/a>\n\t\t<a class=\"share-button share-facebook\" href=\"https:\/\/www.facebook.com\/sharer\/sharer.php?u=https:\/\/hoyre.no\/aremark\/aktuelt\/aremark_hoyres_program_2019_2023\/\" target=\"_blank\"><span class=\"screen-reader-text\">Del p\u00e5 facebook<\/span><\/a>\n\t<\/div>\n\t\t\t\t\t<\/div>\n\t\t\t<\/div>\n\n\t\t\t<figure class=\"hoyre-image-wrapper\"><div class=\"hoyre-image\"><img loading=\"lazy\" decoding=\"async\" width=\"2560\" height=\"1707\" src=\"https:\/\/hoyre.no\/content\/uploads\/sites\/203\/2020\/11\/gruppe_hoyre_web-scaled.jpg\" class=\"attachment-scaled size-scaled\" alt=\"\" style=\"object-position: 50% 50%\" srcset=\"https:\/\/hoyre.no\/content\/uploads\/sites\/203\/2020\/11\/gruppe_hoyre_web-scaled.jpg 2560w, https:\/\/hoyre.no\/content\/uploads\/sites\/203\/2020\/11\/gruppe_hoyre_web-300x200.jpg 300w, https:\/\/hoyre.no\/content\/uploads\/sites\/203\/2020\/11\/gruppe_hoyre_web-1024x683.jpg 1024w, https:\/\/hoyre.no\/content\/uploads\/sites\/203\/2020\/11\/gruppe_hoyre_web-768x512.jpg 768w, https:\/\/hoyre.no\/content\/uploads\/sites\/203\/2020\/11\/gruppe_hoyre_web-1536x1024.jpg 1536w, https:\/\/hoyre.no\/content\/uploads\/sites\/203\/2020\/11\/gruppe_hoyre_web-2048x1365.jpg 2048w\" sizes=\"auto, (max-width: 2560px) 100vw, 2560px\" \/><\/div><\/figure><div id=\"hoyre-old-article-content-wrapper\"><h2><b>Barnehage<\/b><\/h2><p>Aremark H\u00f8yre skal gjennomf\u00f8re rehabilitering og modernisering av dagens barnehage. Den skal ferdigstilles i 2020. Dette er n\u00f8dvendig for \u00e5 sikre et kvalitativt godt tilbud til barna og en god arbeidsplass for de ansatte.<\/p><p>Aremark H\u00f8yre vil i samarbeid med Barnehagens ledelse s\u00f8rge for at vi til enhver tid har tilstrekkelig personell p\u00e5 jobb slik at tilbudet til barna holder h\u00f8y kvalitet.<\/p><p>Et viktig m\u00e5l er at alle barna som avslutter barnehagen skal ha god evne til \u00e5 forst\u00e5 og p\u00e5 egenh\u00e5nd kunne kommunisere godt p\u00e5 norsk for \u00e5 v\u00e6re forberedt p\u00e5 skolegang. <\/p><h2><b>Skole<\/b><\/h2><p>Aremark H\u00f8yre skal ferdigstille utbygging og oppgradering av Aremark Skole slik at vi f\u00e5r en helhetlig topp moderne Barne- og Ungdomsskole i Aremark. Den skal ferdigstilles v\u00e5ren 2020.<\/p><p>Grunnleggende lese-, skrive- og regneferdigheter er sv\u00e6rt viktig for elevenes videre utvikling og muligheter i samfunns- og arbeidsliv. Aremark H\u00f8yre vil derfor f\u00f8re en lokal skolepolitikk som sikrer at alle elever f\u00e5r et undervisningstilbud som er tilpasset den enkelte elev og sikrer et h\u00f8yt l\u00e6ringsutbytte. <\/p><p>Aremark H\u00f8yre vil s\u00f8rge for at skolen skal ha mulighet for \u00e5 tilby l\u00e6rerne etter- og videreutdanning slik at l\u00e6rerne til enhver tid har den kompetansen som er n\u00f8dvendig.<\/p><p>Aremark H\u00f8yre vil legge opp til et godt samarbeid med skolens ledelse for \u00e5 n\u00e5 Aremarks m\u00e5l for skolen. <\/p><p>En forutsetning for et godt l\u00e6ringsmilj\u00f8 i skolen er at alle elever opplever inkludering, trygghet og tilh\u00f8righet i sin skolehverdag. Aremark H\u00f8yre har derfor nulltoleranse mot mobbing i skolen, og vil videref\u00f8re arbeidet med MOT-prosjektet.<\/p><p>Aremark H\u00f8yre vil sikre at barna i Aremark-skolen f\u00e5r gode muligheter til \u00e5 bruke IKT i sin skolehverdag.  <\/p><h2><b>Ungdom, idrett, kultur og fritidstilbud<\/b><\/h2><p>Aremark H\u00f8yre mener at satsing p\u00e5 tilbud til ungdommen lokalt er av stor betydning for ungdommens utvikling og trivsel i lokalmilj\u00f8et. Aremark H\u00f8yre vil prioritere oppf\u00f8lging av de aktiviteter og tilbudsom inkluderer flest muligungdommer og \u00f8nsker god kvalitet p\u00e5 tilbudene i Aremark.<\/p><p>Idrettshallen, sv\u00f8mmehallen, idrettsbanene og ungdomsklubb er viktige samlingspunkter for ungdom i bygda. Det er viktig \u00e5 s\u00f8rge for at disse tilbudene har tilstrekkelig \u00f8konomi.. Ungdomsklubben skal f\u00e5 faste lokaler og et tilbud inntil to dager i uken. Attraktivt innhold er minst like viktig som plassering. <\/p><p>Aremark H\u00f8yre vil prioritere tilbud som gj\u00f8r at ungdommen vil bli i Aremark. <\/p><h2><b>Omsorg<\/b><\/h2><p>Aremark H\u00f8yre vil opprettholde et godt omsorgstilbud i kommunen hvor alle innbyggere som har behov for det kan f\u00e5 god og trygg omsorg i sitt n\u00e6rmilj\u00f8.<\/p><p>Aremark H\u00f8yre vil modernisere dagens sykehjem slik at det tilfredsstiller krav fra ansatte, brukere og p\u00e5r\u00f8rende. Dette skal v\u00e6re gjennomf\u00f8rt innen 2021. <\/p><p>Det skal v\u00e6re hyggelig og godt \u00e5 v\u00e6re beboer og ansatt p\u00e5 Aremark Sykehjem. <\/p><p>Aremark H\u00f8yre vil utvikle hjemmehjelpstjenesten slik at flest mulige kan bo hjemme i sin egen bolig s\u00e5 lenge de selv \u00f8nsker det og det er medisinsk forsvarlig. Vi skal investere i ny teknologi i hjemmetjenesten som kan frigj\u00f8re tid for de ansatte til \u00e5 kunne gi enda bedre personlig omsorg ved hjemmebes\u00f8k.<\/p><p>Aremark H\u00f8yre vil rehabilitere deler av sykehjemsboligene til omsorgsboliger, for de som \u00f8nsker \u00e5 bo i tilknytning til sykehjemmet. <\/p><h2><b>Folkehelse<\/b><\/h2><p>Aremark kan by p\u00e5 fantastiske omgivelser for fysisk aktivitet og friluftsaktiviteter. Dette er viktig for \u00e5 sikre god folkehelse og Aremark H\u00f8yre vil at Aremark skal v\u00e6re en foregangskommune innen folkehelsearbeidet. <\/p><p>Aremark H\u00f8yre mener vi m\u00e5 ta st\u00f8rre del av ansvaret for folkehelse. Vi skal prioritere forebyggende helsearbeid, legge vekt p\u00e5 fysisk aktivitet og friluftsaktiviteter. Flest mulig innbyggere skal aktiviseres.<\/p><h2><b>N\u00e6ringsutvikling<\/b><\/h2><p>Aremark H\u00f8yre vil satse p\u00e5 n\u00e6ringsutvikling som er realistisk og b\u00e6rekraftig i Aremark, gitt Aremarks beliggenhet og naturgitte forutsetninger. Det er prim\u00e6rn\u00e6ringene (jord- og skogbruk), sm\u00e5 h\u00e5ndverksbedrifter og reiselivsbaserte bedrifter som har st\u00f8rst potensiale  for n\u00e6ringsutvikling i Aremark. Flere arbeidsplasser i Aremark er m\u00e5let. Aremark H\u00f8yre \u00f8nsker \u00e5 utvikle turistn\u00e6ringen rundt vassdragstilbudene og hvor kortreist matproduksjon og unike naturopplevelser skal v\u00e6re blant hovedattraksjonene.<\/p><p>Aremark H\u00f8yre \u00f8nsker fokus p\u00e5 n\u00e6ringsliv som prioriterer l\u00e6rlingplasser i sin virksomhet og vil kunne v\u00e6re et tilbud til ungdommen i n\u00e6rmilj\u00f8et.<\/p><p>Ansatte i Aremark kommune skal \u00f8ke sin kompetanse til \u00e5 v\u00e6re en god samarbeidspartner for n\u00e6ringsutvikling.  De skal kjenne til alle tilskuddsordninger til n\u00e6ringslivet og aktivt markedsf\u00f8re disse for n\u00e6ringslivet for \u00e5 \u00f8ke lokal l\u00f8nnsomhet og vi f\u00e5r en god n\u00e6ringsutvikling i Aremark. <\/p><p>Aremark H\u00f8yre skal arbeide aktivt for at Aremark Kommune skal endre status fra sone 1 til sone 3 i fordelingen av landbruksst\u00f8tte. <\/p><h2><b>\u00d8konomistyring og framtidsutsikter<\/b><\/h2><p>Det er et m\u00e5l for Aremark H\u00f8yre at Aremark kommune skal kunne fortsette som egen kommune. Skal dette v\u00e6re mulig m\u00e5 vi holde \u00aborden i eget hus\u00bb og sikre at den kommunale \u00f8konomien er robust og at vi ikke bruker penger vi ikke har. Samtidig m\u00e5 innbyggerne kunne f\u00f8le seg trygge p\u00e5 at de f\u00e5r de tjenestene de har behov for og at vi er i stand til \u00e5 levere lovp\u00e5lagte tjenester. Skal Aremark i fremtiden v\u00e6re en attraktiv og inkluderende bostedskommune m\u00e5 vi kunne tilby et kvalitativt godt skole- og omsorgstilbud i kommunen.<\/p><h3>Aremark H\u00f8yre <\/h3><ul><li><!--[endif]-->\u00f8nsker \u00e5 \u00f8ke inntektene gjennom \u00f8kt bosetting \u2013 flere innbyggere.<\/li><li><!--[endif]-->\u00f8nsker \u00e5 redusere kj\u00f8p av tjenester fra andre kommuner og prioritere ansatte i egen kommune der det er \u00f8konomisk forsvarlig. <\/li><li><!--[endif]-->er mot eiendomsskatt og vil til enhver tid vurdere om vi kan endre kostnadsniv\u00e5et og m\u00e5ten \u00e5 drive kommunen p\u00e5 slik at vi kan redusere eiendomsskatten og samtidig opprettholde tjenestetilbudet vi \u00f8nsker oss i kommunen.<\/li><li><!--[endif]-->vil selge aksjene i \u00d8stfold Energi AS og deler av utleieboligene for \u00e5 frigj\u00f8re penger til \u00e5 investere i barnehage, eldreomsorg og nedbetale gjeld for \u00e5 bedre \u00f8konomien i kommunen. <\/li><li><!--[endif]-->vil arbeide for at alle innbyggere skal f\u00e5 innlagt bredb\u00e5nd slik at alle innbyggere kan ta i bruk all digital utvikling i fremtiden. Dermed kan det legges til rette for at flere kan jobbe hjemmefra og slippe \u00e5 pendle ut av kommunen. Dette skal utf\u00f8res i 2020 der det ikke f\u00f8lger Vann- og avl\u00f8psutbyggingen. <\/li><li><!--[endif]-->vil ferdigstille Vann- og avl\u00f8psutbyggingen slik at vi har kontroll p\u00e5 vann og avl\u00f8pssituasjonen i Aremark kommune innen 2022.<\/li><li><!--[endif]-->vil arbeide for at vi f\u00e5r mer synlig Politi i Aremark og at det forebyggende arbeidet i ungdomsmilj\u00f8et utvides. <\/li><\/ul><h2><b>Plan og utvikling<\/b><\/h2><p>Aremark Kommune er avhengig av at innbyggerne tar initiativ til utvikling av sine eiendommer for at det skal skje noe i kommunen. Aremark H\u00f8yre vil arbeide for at alle skal f\u00e5 godkjent sine planer dersom det ikke strider mot viktige samfunnsmessige interesser. Vi vil arbeide for f\u00e6rrest mulig begrensinger i Kommuneplanen, god tilgjengelighet til Vassdraget og vi vil ha utvikling b\u00e5de i sentrum og hele kommunen<\/p><h3><b>Boligutvikling  <\/b><\/h3><ul start=\"2020\"><li><!--[endif]-->Aremark H\u00f8yre skal gjennomf\u00f8re utbygning av Flateby\u00e5sen II og legge disse tomtene ut for salg slik at det blir tilgjengelige hustomter i Aremark senest v\u00e5ren 2020.<\/li><li><!--[endif]-->Aremark H\u00f8yre vil ha prioritet p\u00e5 \u00e5 utvikle sentrumsomr\u00e5dene og tror at et aktivt sentrumsmilj\u00f8 er viktig for Aremark. Vi skal ikke ha sorte, m\u00f8rklagte vinduer i sentrum n\u00e5r vi kommer til 2023<\/li><li><!--[endif]-->Aktivt arbeide for \u00e5 etablere flere leiligheter i Aremark sentrum for \u00e5 sikre et bedre bosettingstilbud i kommunen.<\/li><\/ul><h3><b>N\u00e6ringsutvikling<\/b><\/h3><ul start=\"0\"><li><!--[endif]-->Aremark H\u00f8yre vil v\u00e6re positiv til at alle \u00e5 kan utvikle sin eiendom til b\u00e6rekraftig n\u00e6ringsutvikling innenfor landbruket.<\/li><li><!--[endif]-->Aremark H\u00f8yre \u00f8nsker flere hytter i Kommunen. Aremark er en stor hyttekommune med n\u00e6rmere 700 hytter og \u00f8nsker \u00e5 legge til rette for at det kan bygges flere. Hyttefolk er en viktig ressurs og inntektskilde for Aremark-samfunnet og det b\u00f8r derfor \u00e5pnes for at hytteeiere kan f\u00e5 lov til \u00e5 bosette seg p\u00e5 hytta, dersom forholdene ligger til rette for det.  <\/li><\/ul><h2><b>Milj\u00f8politikk<\/b><\/h2><p>Aremark H\u00f8yre er milj\u00f8bevisste og skal v\u00e6re en p\u00e5driver for Det Gr\u00f8nne Skiftet som er helt n\u00f8dvendig.<\/p><p>Aremark H\u00f8yre \u00f8nsker \u00e5 ivareta alle n\u00f8dvendige milj\u00f8hensyn som sikrer at Aremark kommune bedrer sin milj\u00f8status. Vi er spesielt opptatt av Vassdraget og v\u00e5re unike naturomr\u00e5der som er en stor ressurs i v\u00e5rt n\u00e6romr\u00e5de.  <\/p><p>Etablere flere ladestasjoner for EL-biler i Aremark Kommune<\/p><p>Aremark H\u00f8yre vil arbeide for bedre vannkvalitet i vassdraget ved \u00e5 sikre gode milj\u00f8l\u00f8sninger gjennom utbygning av Vann og kloakkanlegg og mindre avrenning og utslipp. <\/p><h2><b>Rovdyrpolitikk<\/b><\/h2><p>Aremark H\u00f8yre vil arbeide aktivt for at gjeldende rovdyrpolitikk endres, slik at Stortingets bestandsm\u00e5l oppn\u00e5s i henhold til rovdyrforliket. I dette ligger at grenseflokker\/revir i sin helhet skal regnes som helnorske flokker\/revir, da disse flokkene utgj\u00f8r det reelle skadeomfanget for en grensekommune som Aremark. Aremark H\u00f8yre vil ogs\u00e5 jobbe aktivt for at sentrale myndigheter skal \u00e5pne for \u00e5 kunne felle ulv i kommunen, slik at beiten\u00e6ringen og viltstammene ikke lider mer under ulvens tilbakekomst enn n\u00f8dvendig.  <\/p><h2><b>Viltforvaltning<\/b><\/h2><p>Aremark H\u00f8yre er sterkt opptatt av at kommunen skal ha levedyktige og h\u00f8stbare bestander av vilt. Kommunen har gjennom generasjoner sterke, rotfestede jakttradisjoner som vi vil arbeide aktivt for at kommunens grunneiere og jegere, med viltforvaltningen i ryggen, skal videref\u00f8re til kommende generasjoner. Aremark H\u00f8yre vil arbeide aktivt for at jegerne i kommunen skal kunne h\u00f8ste av overskuddet i v\u00e5re skoger. Dette vil vi gj\u00f8re ved \u00e5 bedrive god og m\u00e5lrettet viltforvaltning, i samarbeide med kommunens grunneiere og aktive jegere. <b><\/b><\/p><h2><b>Kommunesammensl\u00e5ing<\/b><\/h2><p>Aremark H\u00f8yre \u00f8nsker at Aremark skal kunne fortsette som egen kommune. Da m\u00e5 vi bruke v\u00e5re egne ressurser til \u00e5 bygge et b\u00e6rekraftig samfunn hvor det er innbyggerne i Aremark som selv bestemmer og avgj\u00f8r sakene. <\/p><p>Aremark H\u00f8yre \u00f8nsker \u00e5 satse p\u00e5 gode avtaler med samarbeidskommuner i de tilfeller der dette er \u00f8konomisk l\u00f8nnsomt og hvor det begrenser v\u00e5r s\u00e5rbarhet for tjenesteleveranser i Aremark. <\/p><h2><b>Fylkespolitikk<\/b><\/h2><p>Aremark H\u00f8yre vil gjennom Viken H\u00f8yre arbeide aktivt overfor fylkespolitikerne: <\/p><ul start=\"2\"><li><!--[endif]-->Slik at de videreg\u00e5ende skolene i Halden blir oppgradert og tilf\u00f8rt tilstrekkelig driftsmidler til \u00e5 v\u00e6re gode tilbud for v\u00e5r ungdom i Aremark<\/li><li><!--[endif]-->For at fylkeskommunen skal engasjere seg i Haldenvassdraget med \u00f8konomiske midler som tilfaller Aremark kommune, slik at den unike vannveien \u00abHaldenvassdraget\u00bb med tilh\u00f8rende sluseanlegg kan vedlikeholdes og rustes opp<\/li><li><!--[endif]-->At veistandarden p\u00e5 Fylkesveiene forbedres i Aremark<\/li><li><!--[endif]-->Opprettholde og om mulig utvide dagens kollektivtilbud<\/li><li><!--[endif]-->Arbeide for at Fylkeskommunen har lokal tannhelsetjeneste i Aremark<\/li><\/ul><p><\/p><\/div>\n<div class=\"tags\">\n\t<\/div>\n<div class=\"post-footer alignfull has-background block-editor-block-list__block\" data-align=full>\n\t<div class=\"post-footer-inner\">\n\t\t<h3>Relaterte artikler<\/h3>\n\t\t<div class=\"related-content\"><div class=\"is-card-hoyre\">\n\t<div class=\"teft-card hoyre-teft-card post-teft-card\">\n\t\t<a href=\"https:\/\/hoyre.no\/aremark\/aktuelt\/det-gode-liv-i-aremark-midt-i-naturen\/\" class=\"teft-card__primary-action\">\n\n\t\t\t\t\t<div class=\"teft-card__media teft-card__media--16-9\">\n\t\t\t\t\t\t<img loading=\"lazy\" decoding=\"async\" width=\"768\" height=\"576\" src=\"https:\/\/hoyre.no\/content\/uploads\/sites\/203\/2023\/08\/Martin-Engeset-4-3-ii-768x576.png\" class=\"attachment-medium_large size-medium_large\" alt=\"\" srcset=\"https:\/\/hoyre.no\/content\/uploads\/sites\/203\/2023\/08\/Martin-Engeset-4-3-ii-768x576.png 768w, https:\/\/hoyre.no\/content\/uploads\/sites\/203\/2023\/08\/Martin-Engeset-4-3-ii-300x225.png 300w, https:\/\/hoyre.no\/content\/uploads\/sites\/203\/2023\/08\/Martin-Engeset-4-3-ii.png 886w\" sizes=\"auto, (max-width: 768px) 100vw, 768px\" \/>\t\t<\/div>\n\t\t\n\t\t\t<div class=\"teft-card__content-wrapper\">\n\t\t\t\t<div class=\"teft-card__secondary\">\n\t\t\t\t\t\n\t\t\t\t\t\t\t\t<div class=\"teft-card__meta\">\n\t\t\t\t\t\t\t\t\t<span class=\"post-date\">16. aug 2023<\/span>\n\n\t\t\t\t\t\t\t\t\t<span class=\"post-category\">Valg 2023<\/span>\t\t\t\t\t\t\t\t<\/div>\n\t\t\t\t\t\t\t\t\t\t\t<\/div>\n\n\t\t\t\t<div class=\"teft-card__primary\">\n\t\t\t\t\t<h2 class=\"teft-card__title\">Det gode liv i Aremark \u2013 midt i naturen&nbsp;<span class=\"teft-card__primary-title-append\"><\/span><\/h2>\t\t\t\t<\/div>\n\t\t\t<\/div>\n\t\t<\/a>\n\t<\/div>\n\n\t<\/div><div class=\"is-card-hoyre\">\n\t<div class=\"teft-card hoyre-teft-card post-teft-card\">\n\t\t<a href=\"https:\/\/hoyre.no\/aremark\/aktuelt\/valgkamp-og-redelighet\/\" class=\"teft-card__primary-action\">\n\n\t\t\t\t\t<div class=\"teft-card__media teft-card__media--16-9\">\n\t\t\t\t\t\t<img loading=\"lazy\" decoding=\"async\" width=\"768\" height=\"576\" src=\"https:\/\/hoyre.no\/content\/uploads\/sites\/203\/2023\/08\/Martin-Engeset-4-3-768x576.jpg\" class=\"attachment-medium_large size-medium_large\" alt=\"\" srcset=\"https:\/\/hoyre.no\/content\/uploads\/sites\/203\/2023\/08\/Martin-Engeset-4-3-768x576.jpg 768w, https:\/\/hoyre.no\/content\/uploads\/sites\/203\/2023\/08\/Martin-Engeset-4-3-300x225.jpg 300w, https:\/\/hoyre.no\/content\/uploads\/sites\/203\/2023\/08\/Martin-Engeset-4-3-1024x768.jpg 1024w, https:\/\/hoyre.no\/content\/uploads\/sites\/203\/2023\/08\/Martin-Engeset-4-3-1536x1152.jpg 1536w, https:\/\/hoyre.no\/content\/uploads\/sites\/203\/2023\/08\/Martin-Engeset-4-3-2048x1536.jpg 2048w\" sizes=\"auto, (max-width: 768px) 100vw, 768px\" \/>\t\t<\/div>\n\t\t\n\t\t\t<div class=\"teft-card__content-wrapper\">\n\t\t\t\t<div class=\"teft-card__secondary\">\n\t\t\t\t\t\n\t\t\t\t\t\t\t\t<div class=\"teft-card__meta\">\n\t\t\t\t\t\t\t\t\t<span class=\"post-date\">10. aug 2023<\/span>\n\n\t\t\t\t\t\t\t\t\t<span class=\"post-category\">Valg 2023<\/span>\t\t\t\t\t\t\t\t<\/div>\n\t\t\t\t\t\t\t\t\t\t\t<\/div>\n\n\t\t\t\t<div class=\"teft-card__primary\">\n\t\t\t\t\t<h2 class=\"teft-card__title\">Valgkamp og redelighet&nbsp;<span class=\"teft-card__primary-title-append\"><\/span><\/h2>\t\t\t\t<\/div>\n\t\t\t<\/div>\n\t\t<\/a>\n\t<\/div>\n\n\t<\/div><\/div>\t<\/div>\n<\/div>\n","protected":false},"excerpt":{"rendered":"","protected":false},"author":0,"featured_media":0,"comment_status":"closed","ping_status":"closed","sticky":false,"template":"","format":"standard","meta":{"teft_cards_image_url":"https:\/\/hoyre.no\/content\/uploads\/sites\/203\/2020\/11\/gruppe_hoyre_web-scaled.jpg","teft_cards_custom_pretitle":"","teft_cards_image_id":14,"teft_cards_image_focal_point_x":0,"teft_cards_image_focal_point_y":0,"teft_cards_title":"","teft_cards_excerpt":"","teft_show_chapters":false,"author_display_name":"Aremark H\u00f8yre","footnotes":""},"category":[1],"post_tag":[],"hoyre-visibility":[],"article-type":[],"politician":[],"class_list":["post-15","post","type-post","status-publish","format-standard","hentry","category-ukategorisert"],"yoast_head":"<!-- This site is optimized with the Yoast SEO plugin v26.6 - https:\/\/yoast.com\/wordpress\/plugins\/seo\/ -->\n<title>Aremark H\u00f8yres valgprogram 2019-2023 - Aremark H\u00f8yre<\/title>\n<meta name=\"robots\" content=\"index, follow, max-snippet:-1, max-image-preview:large, max-video-preview:-1\" \/>\n<link rel=\"canonical\" href=\"https:\/\/hoyre.no\/aremark\/aktuelt\/aremark_hoyres_program_2019_2023\/\" \/>\n<meta property=\"og:locale\" content=\"nb_NO\" \/>\n<meta property=\"og:type\" content=\"article\" \/>\n<meta property=\"og:title\" content=\"Aremark H\u00f8yres valgprogram 2019-2023 - Aremark H\u00f8yre\" \/>\n<meta property=\"og:url\" content=\"https:\/\/hoyre.no\/aremark\/aktuelt\/aremark_hoyres_program_2019_2023\/\" \/>\n<meta property=\"og:site_name\" content=\"Aremark H\u00f8yre\" \/>\n<meta property=\"article:published_time\" content=\"2019-07-26T20:00:00+00:00\" \/>\n<meta property=\"og:image\" content=\"https:\/\/hoyre.no\/content\/uploads\/sites\/203\/2023\/08\/Martin-Engeset-4-3-1024x768.jpg\" \/>\n<meta name=\"twitter:card\" content=\"summary_large_image\" \/>\n<meta name=\"twitter:label1\" content=\"Ansl. lesetid\" \/>\n\t<meta name=\"twitter:data1\" content=\"9 minutter\" \/>\n<script type=\"application\/ld+json\" class=\"yoast-schema-graph\">{\"@context\":\"https:\/\/schema.org\",\"@graph\":[{\"@type\":\"NewsArticle\",\"@id\":\"https:\/\/hoyre.no\/aremark\/aktuelt\/aremark_hoyres_program_2019_2023\/\",\"url\":\"https:\/\/hoyre.no\/aremark\/aktuelt\/aremark_hoyres_program_2019_2023\/\",\"name\":\"Aremark H\u00f8yres valgprogram 2019-2023 - Aremark H\u00f8yre\",\"isPartOf\":{\"@id\":\"https:\/\/hoyre.no\/aremark\/#website\"},\"datePublished\":\"2019-07-26T20:00:00+00:00\",\"author\":{\"@id\":\"\"},\"breadcrumb\":{\"@id\":\"https:\/\/hoyre.no\/aremark\/aktuelt\/aremark_hoyres_program_2019_2023\/#breadcrumb\"},\"inLanguage\":\"nb-NO\",\"potentialAction\":[{\"@type\":\"ReadAction\",\"target\":[\"https:\/\/hoyre.no\/aremark\/aktuelt\/aremark_hoyres_program_2019_2023\/\"]}]},{\"@type\":\"BreadcrumbList\",\"@id\":\"https:\/\/hoyre.no\/aremark\/aktuelt\/aremark_hoyres_program_2019_2023\/#breadcrumb\",\"itemListElement\":[{\"@type\":\"ListItem\",\"position\":1,\"name\":\"Til hoyre.no\",\"item\":\"https:\/\/hoyre.no\"},{\"@type\":\"ListItem\",\"position\":2,\"name\":\"Hjem\",\"item\":\"https:\/\/hoyre.no\/aremark\/\"},{\"@type\":\"ListItem\",\"position\":3,\"name\":\"Aremark H\u00f8yres valgprogram 2019-2023\"}]},{\"@type\":\"WebSite\",\"@id\":\"https:\/\/hoyre.no\/aremark\/#website\",\"url\":\"https:\/\/hoyre.no\/aremark\/\",\"name\":\"Aremark H\u00f8yre\",\"description\":\"Bare enda et H\u00f8yres nettsteder-nettsted\",\"inLanguage\":\"nb-NO\"}]}<\/script>\n<!-- \/ Yoast SEO plugin. -->","yoast_head_json":{"title":"Aremark H\u00f8yres valgprogram 2019-2023 - Aremark H\u00f8yre","robots":{"index":"index","follow":"follow","max-snippet":"max-snippet:-1","max-image-preview":"max-image-preview:large","max-video-preview":"max-video-preview:-1"},"canonical":"https:\/\/hoyre.no\/aremark\/aktuelt\/aremark_hoyres_program_2019_2023\/","og_locale":"nb_NO","og_type":"article","og_title":"Aremark H\u00f8yres valgprogram 2019-2023 - Aremark H\u00f8yre","og_url":"https:\/\/hoyre.no\/aremark\/aktuelt\/aremark_hoyres_program_2019_2023\/","og_site_name":"Aremark H\u00f8yre","article_published_time":"2019-07-26T20:00:00+00:00","og_image":[{"url":"https:\/\/hoyre.no\/content\/uploads\/sites\/203\/2023\/08\/Martin-Engeset-4-3-1024x768.jpg","width":"","height":"","type":""}],"twitter_card":"summary_large_image","twitter_misc":{"Ansl. lesetid":"9 minutter"},"schema":{"@context":"https:\/\/schema.org","@graph":[{"@type":"NewsArticle","@id":"https:\/\/hoyre.no\/aremark\/aktuelt\/aremark_hoyres_program_2019_2023\/","url":"https:\/\/hoyre.no\/aremark\/aktuelt\/aremark_hoyres_program_2019_2023\/","name":"Aremark H\u00f8yres valgprogram 2019-2023 - Aremark H\u00f8yre","isPartOf":{"@id":"https:\/\/hoyre.no\/aremark\/#website"},"datePublished":"2019-07-26T20:00:00+00:00","author":{"@id":""},"breadcrumb":{"@id":"https:\/\/hoyre.no\/aremark\/aktuelt\/aremark_hoyres_program_2019_2023\/#breadcrumb"},"inLanguage":"nb-NO","potentialAction":[{"@type":"ReadAction","target":["https:\/\/hoyre.no\/aremark\/aktuelt\/aremark_hoyres_program_2019_2023\/"]}]},{"@type":"BreadcrumbList","@id":"https:\/\/hoyre.no\/aremark\/aktuelt\/aremark_hoyres_program_2019_2023\/#breadcrumb","itemListElement":[{"@type":"ListItem","position":1,"name":"Til hoyre.no","item":"https:\/\/hoyre.no"},{"@type":"ListItem","position":2,"name":"Hjem","item":"https:\/\/hoyre.no\/aremark\/"},{"@type":"ListItem","position":3,"name":"Aremark H\u00f8yres valgprogram 2019-2023"}]},{"@type":"WebSite","@id":"https:\/\/hoyre.no\/aremark\/#website","url":"https:\/\/hoyre.no\/aremark\/","name":"Aremark H\u00f8yre","description":"Bare enda et H\u00f8yres nettsteder-nettsted","inLanguage":"nb-NO"}]}},"distributor_meta":false,"distributor_terms":false,"distributor_media":false,"distributor_original_site_name":"Aremark H\u00f8yre","distributor_original_site_url":"https:\/\/hoyre.no\/aremark","push-errors":false,"_links":{"self":[{"href":"https:\/\/hoyre.no\/aremark\/wp-json\/wp\/v2\/posts\/15","targetHints":{"allow":["GET"]}}],"collection":[{"href":"https:\/\/hoyre.no\/aremark\/wp-json\/wp\/v2\/posts"}],"about":[{"href":"https:\/\/hoyre.no\/aremark\/wp-json\/wp\/v2\/types\/post"}],"replies":[{"embeddable":true,"href":"https:\/\/hoyre.no\/aremark\/wp-json\/wp\/v2\/comments?post=15"}],"version-history":[{"count":0,"href":"https:\/\/hoyre.no\/aremark\/wp-json\/wp\/v2\/posts\/15\/revisions"}],"wp:attachment":[{"href":"https:\/\/hoyre.no\/aremark\/wp-json\/wp\/v2\/media?parent=15"}],"wp:term":[{"taxonomy":"category","embeddable":true,"href":"https:\/\/hoyre.no\/aremark\/wp-json\/wp\/v2\/category?post=15"},{"taxonomy":"post_tag","embeddable":true,"href":"https:\/\/hoyre.no\/aremark\/wp-json\/wp\/v2\/post_tag?post=15"},{"taxonomy":"hoyre-visibility","embeddable":true,"href":"https:\/\/hoyre.no\/aremark\/wp-json\/wp\/v2\/hoyre-visibility?post=15"},{"taxonomy":"article-type","embeddable":true,"href":"https:\/\/hoyre.no\/aremark\/wp-json\/wp\/v2\/article-type?post=15"},{"taxonomy":"politician","embeddable":true,"href":"https:\/\/hoyre.no\/aremark\/wp-json\/wp\/v2\/politician?post=15"}],"curies":[{"name":"wp","href":"https:\/\/api.w.org\/{rel}","templated":true}]}}