{"id":76,"date":"2023-08-10T13:42:40","date_gmt":"2023-08-10T11:42:40","guid":{"rendered":"https:\/\/hoyre.no\/aremark\/?p=76"},"modified":"2023-08-10T13:45:03","modified_gmt":"2023-08-10T11:45:03","slug":"valgkamp-og-redelighet","status":"publish","type":"post","link":"https:\/\/hoyre.no\/aremark\/aktuelt\/valgkamp-og-redelighet\/","title":{"rendered":"Valgkamp og redelighet"},"content":{"rendered":"\n<p class=\"preamble\">I enhver valgkamp opplever ulike partier \u00e5 bli angrepet fra politiske motstandere. Ogs\u00e5 i denne valgkampen er vi fra H\u00f8yres side forberedt p\u00e5 dette, selv om vi naturligvis h\u00e5per og \u00f8nsker \u00e5 f\u00e5 snakke mest mulig om v\u00e5r egen politikk.<\/p>\t\t\t<div class=\"post-meta wp-block teft-byline-wrapper\">\n\t\t\t\t<div class=\"top\">\n\t\t\t\t\t<div class=\"signature\">\n\t\t\t\t\t\t<div class=\"teft-byline\">\n\t\t\t\t\t\t\t\t\t\t\t\t\t\t<div>\n\t\t\t\t\t\t\t\t<h3>H\u00f8yres redaksjon<\/h3>\t\t\t\t\t\t\t\t\n\t\t\t\t\t\t\t\t\t\t\t\t\t\t\t\t\t<span class=\"date\">Sist oppdatert: 10. august 2023<\/span>\n\t\t\t\t\t\t\t\t\t\t\t\t\t\t\t\t\t\t\t\t\t\t\t\t\t<span class=\"reading-time\" itemprop=\"timeRequired\" content=\"PT2M\"><em>Ca. 2 minutter lesetid<\/em><\/span>\n\t\t\t\t\t\t\t\t\t\t\t\t\t\t\t<\/div>\n\t\t\t\t\t\t<\/div>\n\t\t\t\t\t<\/div>\n\t\t\t\t\t\t<div class=\"sharing\">\n\t\t<a class=\"share-button share-link copy-link\" data-copy=\"https:\/\/hoyre.no\/aremark\/aktuelt\/valgkamp-og-redelighet\/\" target=\"_blank\"><span class=\"screen-reader-text\">Del link<\/span><\/a>\n\t\t<a class=\"share-button share-twitter\" href=\"http:\/\/twitter.com\/share?text=Valgkamp og redelighet&#038;url=https:\/\/hoyre.no\/aremark\/aktuelt\/valgkamp-og-redelighet\/&#038;hashtags=Hoyre\" target=\"_blank\"><span class=\"screen-reader-text\">Del p\u00e5 twitter<\/span><\/a>\n\t\t<a class=\"share-button share-facebook\" href=\"https:\/\/www.facebook.com\/sharer\/sharer.php?u=https:\/\/hoyre.no\/aremark\/aktuelt\/valgkamp-og-redelighet\/\" target=\"_blank\"><span class=\"screen-reader-text\">Del p\u00e5 facebook<\/span><\/a>\n\t<\/div>\n\t\t\t\t\t<\/div>\n\t\t\t<\/div>\n\n\t\t\t<figure class=\"hoyre-image-wrapper\"><div class=\"hoyre-image\"><img loading=\"lazy\" decoding=\"async\" width=\"2500\" height=\"1875\" src=\"https:\/\/hoyre.no\/content\/uploads\/sites\/203\/2023\/08\/Martin-Engeset-4-3-scaled.jpg\" class=\"attachment-scaled size-scaled\" alt=\"\" style=\"object-position: 50% 50%\" srcset=\"https:\/\/hoyre.no\/content\/uploads\/sites\/203\/2023\/08\/Martin-Engeset-4-3-scaled.jpg 2500w, https:\/\/hoyre.no\/content\/uploads\/sites\/203\/2023\/08\/Martin-Engeset-4-3-300x225.jpg 300w, https:\/\/hoyre.no\/content\/uploads\/sites\/203\/2023\/08\/Martin-Engeset-4-3-1024x768.jpg 1024w, https:\/\/hoyre.no\/content\/uploads\/sites\/203\/2023\/08\/Martin-Engeset-4-3-768x576.jpg 768w, https:\/\/hoyre.no\/content\/uploads\/sites\/203\/2023\/08\/Martin-Engeset-4-3-1536x1152.jpg 1536w, https:\/\/hoyre.no\/content\/uploads\/sites\/203\/2023\/08\/Martin-Engeset-4-3-2048x1536.jpg 2048w\" sizes=\"auto, (max-width: 2500px) 100vw, 2500px\" \/><\/div><figcaption class=\"caption\">Martin Engeset, ordf\u00f8rerkandidat, Aremark H\u00f8yre.<\/figcaption><\/figure>\n\n\n\n\n<p>N\u00e5r det er sagt tror jeg at det politiske ordskiftet i Aremark-politikken b\u00e5de t\u00e5ler \u2013 og har godt av \u2013 litt h\u00f8yere temperatur og klarere meningsforskjeller.<\/p>\n\n\n\n<p>T\u00f8ffe og skarpe debatter \u00f8nsker jeg gjerne velkommen. Det kan skjerpe interessen blant velgerne og bidra til h\u00f8yere valgdeltakelse. Vel \u00e5 merke hvis det fortrinnsvis g\u00e5r p\u00e5 sak og ikke person.<\/p>\n\n\n\n<p>Og: At partiene ikke bruker feilaktige p\u00e5stander om hverandres politikk, for deretter \u00e5 angripe et enkelt parti for et standpunkt partiet ikke har. Slik H\u00f8yre har opplevd at b\u00e5de kunnskapsminister Brenna og statsminister St\u00f8re har gjort n\u00e5r de feilaktig har hevdet at H\u00f8yre vil innf\u00f8re karakterer i barneskolen. Dette eksempelet p\u00e5 d\u00e5rlig debattkultur fikk Aftenposten til \u00e5 skrive f\u00f8lgende beskjed til Ap p\u00e5 lederplass i dag: \u00abSlutt med t\u00f8vet om karakterer i barneskolen.\u00bb<\/p>\n\n\n\n<p>Vi m\u00e5 svare ut angrep som vi oppfatter som b\u00e5de urimelige og usanne. En annen gjenganger i en kommunevalgkamp pleier \u00e5 v\u00e6re debatten om kommune\u00f8konomi, ledsaget av p\u00e5stander om at H\u00f8yre i regjering skal ha svekket kommune\u00f8konomien. Man trenger ikke v\u00e6re s\u00e6rlig god sp\u00e5mann for \u00e5 forutsi at denne feilaktige p\u00e5standen ogs\u00e5 vil bli gjenbrukt i valgkampen i Aremark.<\/p>\n\n\n\n<p>Da er det grunn til \u00e5 minne om hva den r\u00f8dgr\u00f8nne regjeringen selv skriver i dokumenter til Stortinget n\u00e5r det ikke er valgkamp. I revidert nasjonalbudsjett i fjor skrev de: \u00abDet har v\u00e6rt h\u00f8y vekst i kommunesektorens inntekter over flere \u00e5r, og den \u00f8konomiske situasjonen i sektoren var god ved inngangen til 2022.\u00bb Tenk det, etter \u00e5tte \u00e5r med H\u00f8yre i regjering!<\/p>\n\n\n\n<p>Dette ble ikke bare skrevet av regjeringen, men faktisk finansminister Trygve Slagsvold Vedum (Sp) og kommunalminister Sigbj\u00f8rn Gjelsvik (Sp). Da er det h\u00e5p for en mer ryddig og sannferdig debatt, ogs\u00e5 her lokalt.<\/p>\n\n\n<div class=\"tags\">\n\t\t<div class=\"wp-block-tag-cloud\">\n\t\t\t\t\t<a href=\"https:\/\/hoyre.no\/aremark\/aktuelt\/tag\/valg-2023\/\" class=\"tag-cloud-link\">Valg 2023<\/a>\n\t\t\t<\/div>\n\t<\/div>\n<div class=\"post-footer alignfull has-background block-editor-block-list__block\" data-align=full>\n\t<div class=\"post-footer-inner\">\n\t\t<h3>Relaterte artikler<\/h3>\n\t\t<div class=\"related-content\"><div class=\"is-card-hoyre\">\n\t<div class=\"teft-card hoyre-teft-card post-teft-card\">\n\t\t<a href=\"https:\/\/hoyre.no\/aremark\/aktuelt\/det-gode-liv-i-aremark-midt-i-naturen\/\" class=\"teft-card__primary-action\">\n\n\t\t\t\t\t<div class=\"teft-card__media teft-card__media--16-9\">\n\t\t\t\t\t\t<img loading=\"lazy\" decoding=\"async\" width=\"768\" height=\"576\" src=\"https:\/\/hoyre.no\/content\/uploads\/sites\/203\/2023\/08\/Martin-Engeset-4-3-ii-768x576.png\" class=\"attachment-medium_large size-medium_large\" alt=\"\" srcset=\"https:\/\/hoyre.no\/content\/uploads\/sites\/203\/2023\/08\/Martin-Engeset-4-3-ii-768x576.png 768w, https:\/\/hoyre.no\/content\/uploads\/sites\/203\/2023\/08\/Martin-Engeset-4-3-ii-300x225.png 300w, https:\/\/hoyre.no\/content\/uploads\/sites\/203\/2023\/08\/Martin-Engeset-4-3-ii.png 886w\" sizes=\"auto, (max-width: 768px) 100vw, 768px\" \/>\t\t<\/div>\n\t\t\n\t\t\t<div class=\"teft-card__content-wrapper\">\n\t\t\t\t<div class=\"teft-card__secondary\">\n\t\t\t\t\t\n\t\t\t\t\t\t\t\t<div class=\"teft-card__meta\">\n\t\t\t\t\t\t\t\t\t<span class=\"post-date\">16. aug 2023<\/span>\n\n\t\t\t\t\t\t\t\t\t<span class=\"post-category\">Valg 2023<\/span>\t\t\t\t\t\t\t\t<\/div>\n\t\t\t\t\t\t\t\t\t\t\t<\/div>\n\n\t\t\t\t<div class=\"teft-card__primary\">\n\t\t\t\t\t<h2 class=\"teft-card__title\">Det gode liv i Aremark \u2013 midt i naturen&nbsp;<span class=\"teft-card__primary-title-append\"><\/span><\/h2>\t\t\t\t<\/div>\n\t\t\t<\/div>\n\t\t<\/a>\n\t<\/div>\n\n\t<\/div><div class=\"is-card-hoyre\">\n\t<div class=\"teft-card hoyre-teft-card post-teft-card\">\n\t\t<a href=\"https:\/\/hoyre.no\/aremark\/aktuelt\/aremark_hoyres_program_2019_2023\/\" class=\"teft-card__primary-action\">\n\n\t\t\t\t\t<div class=\"teft-card__media teft-card__media--16-9\">\n\t\t\t\t\t\t<img loading=\"lazy\" decoding=\"async\" width=\"768\" height=\"512\" src=\"https:\/\/hoyre.no\/content\/uploads\/sites\/203\/2020\/11\/gruppe_hoyre_web-768x512.jpg\" class=\"attachment-medium_large size-medium_large\" alt=\"\" srcset=\"https:\/\/hoyre.no\/content\/uploads\/sites\/203\/2020\/11\/gruppe_hoyre_web-768x512.jpg 768w, https:\/\/hoyre.no\/content\/uploads\/sites\/203\/2020\/11\/gruppe_hoyre_web-300x200.jpg 300w, https:\/\/hoyre.no\/content\/uploads\/sites\/203\/2020\/11\/gruppe_hoyre_web-1024x683.jpg 1024w, https:\/\/hoyre.no\/content\/uploads\/sites\/203\/2020\/11\/gruppe_hoyre_web-1536x1024.jpg 1536w, https:\/\/hoyre.no\/content\/uploads\/sites\/203\/2020\/11\/gruppe_hoyre_web-2048x1365.jpg 2048w\" sizes=\"auto, (max-width: 768px) 100vw, 768px\" \/>\t\t<\/div>\n\t\t\n\t\t\t<div class=\"teft-card__content-wrapper\">\n\t\t\t\t<div class=\"teft-card__secondary\">\n\t\t\t\t\t\n\t\t\t\t\t\t\t\t<div class=\"teft-card__meta\">\n\t\t\t\t\t\t\t\t\t<span class=\"post-date\">26. jul 2019<\/span>\n\n\t\t\t\t\t\t\t\t\t\t\t\t\t\t\t\t\t<\/div>\n\t\t\t\t\t\t\t\t\t\t\t<\/div>\n\n\t\t\t\t<div class=\"teft-card__primary\">\n\t\t\t\t\t<h2 class=\"teft-card__title\">Aremark H\u00f8yres  valgprogram 2019-2023&nbsp;<span class=\"teft-card__primary-title-append\"><\/span><\/h2>\t\t\t\t<\/div>\n\t\t\t<\/div>\n\t\t<\/a>\n\t<\/div>\n\n\t<\/div><\/div>\t<\/div>\n<\/div>\n","protected":false},"excerpt":{"rendered":"","protected":false},"author":339,"featured_media":0,"comment_status":"closed","ping_status":"closed","sticky":false,"template":"","format":"standard","meta":{"teft_cards_image_url":"","teft_cards_custom_pretitle":"","teft_cards_image_id":77,"teft_cards_image_focal_point_x":0.5,"teft_cards_image_focal_point_y":0.5,"teft_cards_title":"","teft_cards_excerpt":"","teft_show_chapters":false,"author_display_name":"Martin Engeset","footnotes":""},"category":[6],"post_tag":[5],"hoyre-visibility":[],"article-type":[],"politician":[],"class_list":["post-76","post","type-post","status-publish","format-standard","hentry","category-valg-2023","tag-valg-2023"],"yoast_head":"<!-- This site is optimized with the Yoast SEO plugin v26.6 - https:\/\/yoast.com\/wordpress\/plugins\/seo\/ -->\n<title>Valgkamp og redelighet - Aremark H\u00f8yre<\/title>\n<meta name=\"robots\" content=\"index, follow, max-snippet:-1, max-image-preview:large, max-video-preview:-1\" \/>\n<link rel=\"canonical\" href=\"https:\/\/hoyre.no\/aremark\/aktuelt\/valgkamp-og-redelighet\/\" \/>\n<meta property=\"og:locale\" content=\"nb_NO\" \/>\n<meta property=\"og:type\" content=\"article\" \/>\n<meta property=\"og:title\" content=\"Valgkamp og redelighet - Aremark H\u00f8yre\" \/>\n<meta property=\"og:url\" content=\"https:\/\/hoyre.no\/aremark\/aktuelt\/valgkamp-og-redelighet\/\" \/>\n<meta property=\"og:site_name\" content=\"Aremark H\u00f8yre\" \/>\n<meta property=\"article:published_time\" content=\"2023-08-10T11:42:40+00:00\" \/>\n<meta property=\"article:modified_time\" content=\"2023-08-10T11:45:03+00:00\" \/>\n<meta property=\"og:image\" content=\"https:\/\/hoyre.no\/content\/uploads\/sites\/203\/2020\/11\/gruppe_hoyre_web-1024x683.jpg\" \/>\n<meta name=\"author\" content=\"Gjermund Krogstad\" \/>\n<meta name=\"twitter:card\" content=\"summary_large_image\" \/>\n<meta name=\"twitter:label1\" content=\"Skrevet av\" \/>\n\t<meta name=\"twitter:data1\" content=\"Gjermund Krogstad\" \/>\n\t<meta name=\"twitter:label2\" content=\"Ansl. lesetid\" \/>\n\t<meta name=\"twitter:data2\" content=\"2 minutter\" \/>\n<script type=\"application\/ld+json\" class=\"yoast-schema-graph\">{\"@context\":\"https:\/\/schema.org\",\"@graph\":[{\"@type\":\"NewsArticle\",\"@id\":\"https:\/\/hoyre.no\/aremark\/aktuelt\/valgkamp-og-redelighet\/\",\"url\":\"https:\/\/hoyre.no\/aremark\/aktuelt\/valgkamp-og-redelighet\/\",\"name\":\"Valgkamp og redelighet - Aremark H\u00f8yre\",\"isPartOf\":{\"@id\":\"https:\/\/hoyre.no\/aremark\/#website\"},\"datePublished\":\"2023-08-10T11:42:40+00:00\",\"dateModified\":\"2023-08-10T11:45:03+00:00\",\"author\":{\"@id\":\"https:\/\/hoyre.no\/aremark\/#\/schema\/person\/5be7a0ced8da0969840a21bd65689d59\"},\"breadcrumb\":{\"@id\":\"https:\/\/hoyre.no\/aremark\/aktuelt\/valgkamp-og-redelighet\/#breadcrumb\"},\"inLanguage\":\"nb-NO\",\"potentialAction\":[{\"@type\":\"ReadAction\",\"target\":[\"https:\/\/hoyre.no\/aremark\/aktuelt\/valgkamp-og-redelighet\/\"]}]},{\"@type\":\"BreadcrumbList\",\"@id\":\"https:\/\/hoyre.no\/aremark\/aktuelt\/valgkamp-og-redelighet\/#breadcrumb\",\"itemListElement\":[{\"@type\":\"ListItem\",\"position\":1,\"name\":\"Til hoyre.no\",\"item\":\"https:\/\/hoyre.no\"},{\"@type\":\"ListItem\",\"position\":2,\"name\":\"Hjem\",\"item\":\"https:\/\/hoyre.no\/aremark\/\"},{\"@type\":\"ListItem\",\"position\":3,\"name\":\"Valgkamp og redelighet\"}]},{\"@type\":\"WebSite\",\"@id\":\"https:\/\/hoyre.no\/aremark\/#website\",\"url\":\"https:\/\/hoyre.no\/aremark\/\",\"name\":\"Aremark H\u00f8yre\",\"description\":\"Bare enda et H\u00f8yres nettsteder-nettsted\",\"inLanguage\":\"nb-NO\"},{\"@type\":\"Person\",\"@id\":\"https:\/\/hoyre.no\/aremark\/#\/schema\/person\/5be7a0ced8da0969840a21bd65689d59\",\"name\":\"Gjermund Krogstad\",\"image\":{\"@type\":\"ImageObject\",\"inLanguage\":\"nb-NO\",\"@id\":\"https:\/\/hoyre.no\/aremark\/#\/schema\/person\/image\/\",\"url\":\"https:\/\/secure.gravatar.com\/avatar\/a581018c855c680f78e882c15f70e9b9fd9190ee714b6cb95d911f77171b4086?s=96&d=mm&r=g\",\"contentUrl\":\"https:\/\/secure.gravatar.com\/avatar\/a581018c855c680f78e882c15f70e9b9fd9190ee714b6cb95d911f77171b4086?s=96&d=mm&r=g\",\"caption\":\"Gjermund Krogstad\"},\"url\":\"https:\/\/hoyre.no\/aremark\/aktuelt\/author\/m50137017\/\"}]}<\/script>\n<!-- \/ Yoast SEO plugin. -->","yoast_head_json":{"title":"Valgkamp og redelighet - Aremark H\u00f8yre","robots":{"index":"index","follow":"follow","max-snippet":"max-snippet:-1","max-image-preview":"max-image-preview:large","max-video-preview":"max-video-preview:-1"},"canonical":"https:\/\/hoyre.no\/aremark\/aktuelt\/valgkamp-og-redelighet\/","og_locale":"nb_NO","og_type":"article","og_title":"Valgkamp og redelighet - Aremark H\u00f8yre","og_url":"https:\/\/hoyre.no\/aremark\/aktuelt\/valgkamp-og-redelighet\/","og_site_name":"Aremark H\u00f8yre","article_published_time":"2023-08-10T11:42:40+00:00","article_modified_time":"2023-08-10T11:45:03+00:00","og_image":[{"url":"https:\/\/hoyre.no\/content\/uploads\/sites\/203\/2020\/11\/gruppe_hoyre_web-1024x683.jpg","width":"","height":"","type":""}],"author":"Gjermund Krogstad","twitter_card":"summary_large_image","twitter_misc":{"Skrevet av":"Gjermund Krogstad","Ansl. lesetid":"2 minutter"},"schema":{"@context":"https:\/\/schema.org","@graph":[{"@type":"NewsArticle","@id":"https:\/\/hoyre.no\/aremark\/aktuelt\/valgkamp-og-redelighet\/","url":"https:\/\/hoyre.no\/aremark\/aktuelt\/valgkamp-og-redelighet\/","name":"Valgkamp og redelighet - Aremark H\u00f8yre","isPartOf":{"@id":"https:\/\/hoyre.no\/aremark\/#website"},"datePublished":"2023-08-10T11:42:40+00:00","dateModified":"2023-08-10T11:45:03+00:00","author":{"@id":"https:\/\/hoyre.no\/aremark\/#\/schema\/person\/5be7a0ced8da0969840a21bd65689d59"},"breadcrumb":{"@id":"https:\/\/hoyre.no\/aremark\/aktuelt\/valgkamp-og-redelighet\/#breadcrumb"},"inLanguage":"nb-NO","potentialAction":[{"@type":"ReadAction","target":["https:\/\/hoyre.no\/aremark\/aktuelt\/valgkamp-og-redelighet\/"]}]},{"@type":"BreadcrumbList","@id":"https:\/\/hoyre.no\/aremark\/aktuelt\/valgkamp-og-redelighet\/#breadcrumb","itemListElement":[{"@type":"ListItem","position":1,"name":"Til hoyre.no","item":"https:\/\/hoyre.no"},{"@type":"ListItem","position":2,"name":"Hjem","item":"https:\/\/hoyre.no\/aremark\/"},{"@type":"ListItem","position":3,"name":"Valgkamp og redelighet"}]},{"@type":"WebSite","@id":"https:\/\/hoyre.no\/aremark\/#website","url":"https:\/\/hoyre.no\/aremark\/","name":"Aremark H\u00f8yre","description":"Bare enda et H\u00f8yres nettsteder-nettsted","inLanguage":"nb-NO"},{"@type":"Person","@id":"https:\/\/hoyre.no\/aremark\/#\/schema\/person\/5be7a0ced8da0969840a21bd65689d59","name":"Gjermund Krogstad","image":{"@type":"ImageObject","inLanguage":"nb-NO","@id":"https:\/\/hoyre.no\/aremark\/#\/schema\/person\/image\/","url":"https:\/\/secure.gravatar.com\/avatar\/a581018c855c680f78e882c15f70e9b9fd9190ee714b6cb95d911f77171b4086?s=96&d=mm&r=g","contentUrl":"https:\/\/secure.gravatar.com\/avatar\/a581018c855c680f78e882c15f70e9b9fd9190ee714b6cb95d911f77171b4086?s=96&d=mm&r=g","caption":"Gjermund Krogstad"},"url":"https:\/\/hoyre.no\/aremark\/aktuelt\/author\/m50137017\/"}]}},"distributor_meta":false,"distributor_terms":false,"distributor_media":false,"distributor_original_site_name":"Aremark H\u00f8yre","distributor_original_site_url":"https:\/\/hoyre.no\/aremark","push-errors":false,"_links":{"self":[{"href":"https:\/\/hoyre.no\/aremark\/wp-json\/wp\/v2\/posts\/76","targetHints":{"allow":["GET"]}}],"collection":[{"href":"https:\/\/hoyre.no\/aremark\/wp-json\/wp\/v2\/posts"}],"about":[{"href":"https:\/\/hoyre.no\/aremark\/wp-json\/wp\/v2\/types\/post"}],"author":[{"embeddable":true,"href":"https:\/\/hoyre.no\/aremark\/wp-json\/wp\/v2\/users\/339"}],"replies":[{"embeddable":true,"href":"https:\/\/hoyre.no\/aremark\/wp-json\/wp\/v2\/comments?post=76"}],"version-history":[{"count":1,"href":"https:\/\/hoyre.no\/aremark\/wp-json\/wp\/v2\/posts\/76\/revisions"}],"predecessor-version":[{"id":78,"href":"https:\/\/hoyre.no\/aremark\/wp-json\/wp\/v2\/posts\/76\/revisions\/78"}],"wp:attachment":[{"href":"https:\/\/hoyre.no\/aremark\/wp-json\/wp\/v2\/media?parent=76"}],"wp:term":[{"taxonomy":"category","embeddable":true,"href":"https:\/\/hoyre.no\/aremark\/wp-json\/wp\/v2\/category?post=76"},{"taxonomy":"post_tag","embeddable":true,"href":"https:\/\/hoyre.no\/aremark\/wp-json\/wp\/v2\/post_tag?post=76"},{"taxonomy":"hoyre-visibility","embeddable":true,"href":"https:\/\/hoyre.no\/aremark\/wp-json\/wp\/v2\/hoyre-visibility?post=76"},{"taxonomy":"article-type","embeddable":true,"href":"https:\/\/hoyre.no\/aremark\/wp-json\/wp\/v2\/article-type?post=76"},{"taxonomy":"politician","embeddable":true,"href":"https:\/\/hoyre.no\/aremark\/wp-json\/wp\/v2\/politician?post=76"}],"curies":[{"name":"wp","href":"https:\/\/api.w.org\/{rel}","templated":true}]}}