{"id":79,"date":"2023-08-16T12:02:50","date_gmt":"2023-08-16T10:02:50","guid":{"rendered":"https:\/\/hoyre.no\/aremark\/?p=79"},"modified":"2023-08-16T12:10:14","modified_gmt":"2023-08-16T10:10:14","slug":"det-gode-liv-i-aremark-midt-i-naturen","status":"publish","type":"post","link":"https:\/\/hoyre.no\/aremark\/aktuelt\/det-gode-liv-i-aremark-midt-i-naturen\/","title":{"rendered":"Det gode liv i Aremark \u2013 midt i naturen"},"content":{"rendered":"\n<p class=\"preamble\">I HA p\u00e5 nett s\u00f8ndag 13. august kunne vi lese en virkelig god og gledelig artikkel som het \u00abFant dr\u00f8mmesm\u00e5bruket sitt i Aremark: \u2013 Ja, her skal vi bli gamle, forh\u00e5pentligvis\u00bb. <\/p>\t\t\t<div class=\"post-meta wp-block teft-byline-wrapper\">\n\t\t\t\t<div class=\"top\">\n\t\t\t\t\t<div class=\"signature\">\n\t\t\t\t\t\t<div class=\"teft-byline\">\n\t\t\t\t\t\t\t\t\t\t\t\t\t\t<div>\n\t\t\t\t\t\t\t\t<h3>H\u00f8yres redaksjon<\/h3>\t\t\t\t\t\t\t\t\n\t\t\t\t\t\t\t\t\t\t\t\t\t\t\t\t\t<span class=\"date\">Sist oppdatert: 16. august 2023<\/span>\n\t\t\t\t\t\t\t\t\t\t\t\t\t\t\t\t\t\t\t\t\t\t\t\t\t<span class=\"reading-time\" itemprop=\"timeRequired\" content=\"PT4M\"><em>Ca. 4 minutter lesetid<\/em><\/span>\n\t\t\t\t\t\t\t\t\t\t\t\t\t\t\t<\/div>\n\t\t\t\t\t\t<\/div>\n\t\t\t\t\t<\/div>\n\t\t\t\t\t\t<div class=\"sharing\">\n\t\t<a class=\"share-button share-link copy-link\" data-copy=\"https:\/\/hoyre.no\/aremark\/aktuelt\/det-gode-liv-i-aremark-midt-i-naturen\/\" target=\"_blank\"><span class=\"screen-reader-text\">Del link<\/span><\/a>\n\t\t<a class=\"share-button share-twitter\" href=\"http:\/\/twitter.com\/share?text=Det gode liv i Aremark \u2013 midt i naturen&#038;url=https:\/\/hoyre.no\/aremark\/aktuelt\/det-gode-liv-i-aremark-midt-i-naturen\/&#038;hashtags=Hoyre\" target=\"_blank\"><span class=\"screen-reader-text\">Del p\u00e5 twitter<\/span><\/a>\n\t\t<a class=\"share-button share-facebook\" href=\"https:\/\/www.facebook.com\/sharer\/sharer.php?u=https:\/\/hoyre.no\/aremark\/aktuelt\/det-gode-liv-i-aremark-midt-i-naturen\/\" target=\"_blank\"><span class=\"screen-reader-text\">Del p\u00e5 facebook<\/span><\/a>\n\t<\/div>\n\t\t\t\t\t<\/div>\n\t\t\t<\/div>\n\n\t\t\t<figure class=\"hoyre-image-wrapper\"><div class=\"hoyre-image\"><img loading=\"lazy\" decoding=\"async\" width=\"886\" height=\"664\" src=\"https:\/\/hoyre.no\/content\/uploads\/sites\/203\/2023\/08\/Martin-Engeset-4-3-ii.png\" class=\"attachment-scaled size-scaled\" alt=\"\" style=\"object-position: 50% 50%\" srcset=\"https:\/\/hoyre.no\/content\/uploads\/sites\/203\/2023\/08\/Martin-Engeset-4-3-ii.png 886w, https:\/\/hoyre.no\/content\/uploads\/sites\/203\/2023\/08\/Martin-Engeset-4-3-ii-300x225.png 300w, https:\/\/hoyre.no\/content\/uploads\/sites\/203\/2023\/08\/Martin-Engeset-4-3-ii-768x576.png 768w\" sizes=\"auto, (max-width: 886px) 100vw, 886px\" \/><\/div><figcaption class=\"caption\">Martin Engeset, ordf\u00f8rerkandidat for Aremark H\u00f8yre.<\/figcaption><\/figure>\n\n\n\n\n<p>Saken dreide seg om det unge paret Bo Andr\u00e9 Nese (31) og samboer Marie (28) som solgte leiligheten sin i Oslo og kj\u00f8pte seg et sm\u00e5bruk i Aremark, med spennende og offensive planer for \u00e5 satse. Slike tilflyttere m\u00e5 Aremark ha flere av. Det skaper vekst, utvikling og inntekter i kommunekassa.<\/p>\n\n\n\n<p>Samtidig g\u00e5r denne saken rett inn i kjernen av hva Aremark skal og b\u00f8r v\u00e6re. \u00abVi var lei storbylivet. Vi brukte byen mindre og lengtet ut mot naturen\u00bb, sa paret.<\/p>\n\n\n\n<p>Jeg er overbevist om at Aremarks fremste fortrinn er rik tilgang p\u00e5 vakker natur, med vassdrag, vakre jord- og skogbruksarealer og et rikt dyre- og fugleliv. Slike naturverdier vil bli stadig mer ettertraktet i \u00e5rene som kommer og vil kunne friste mange til \u00e5 gj\u00f8re som det unge paret fra Oslo, nemlig flytte til Aremark for \u00e5 skape seg det gode liv. Uten k\u00f8, kaos, st\u00f8y og forurensning \u2013 og galopperende boligpriser. Jeg har selv flyttet fra Sarpsborg til Aremark og funnet mitt paradis og kan ikke tenke meg noe bedre sted \u00e5 bo. Er det noe Aremark f\u00f8rst og fremst trenger s\u00e5 er det flere innbyggere. Dette gir \u00f8kte overf\u00f8ringer fra staten i form av innbygger- og rammetilskudd, samtidig som skatteinntektene til Aremark vil \u00f8ke.<\/p>\n\n\n\n<p>For \u00e5 utnytte v\u00e5re naturgitte fortrinn i Aremark \u2013 denne vakre bygda \u2013 og tiltrekke oss flere innbyggere, er det tre avgj\u00f8rende forutsetninger:<\/p>\n\n\n\n<h3 class=\"wp-block-heading\">Vi m\u00e5 ta vare p\u00e5 den unike naturen v\u00e5r<\/h3>\n\n\n\n<p>Aremark er p\u00e5 mange m\u00e5ter \u00aben godt bevart hemmelighet\u00bb. Selv blant mange \u00f8stfoldinger er det mange som har et fjernt forhold til hvor Aremark ligger eller hvor flott det er her. Med vassdraget som bukter seg gjennom hele kommunen og videre oppover til Marker og Aurskog- H\u00f8land. Dette vassdraget som p\u00e5 mange m\u00e5ter overg\u00e5r Telemarkskanalen. Med dette som utgangspunkt er det store muligheter til \u00e5 skape spennende n\u00e6ring og arbeidsplasser knyttet til turisme og opplevelser, uten \u00e5 \u00f8delegge naturen. Bare se til Dals-Ed p\u00e5 svensk side hva de har f\u00e5tt til.<\/p>\n\n\n\n<p>\u00c5 mene at en storstilt utbygging av industrielle vindturbinomr\u00e5der med tilh\u00f8rende natur\u00f8deleggelser skal trekke flere innbyggere til Aremark, er b\u00e5de en alvorlig misforst\u00e5else og en synd mot fremtidige generasjoner.<\/p>\n\n\n\n<h3 class=\"wp-block-heading\">Aremark m\u00e5 markedsf\u00f8res p\u00e5 en helt ny og offensiv m\u00e5te<\/h3>\n\n\n\n<p>Kanskje er vi ikke i stand til \u00e5 se Aremark som den unike \u00abperlen\u00bb som Aremark faktisk er. Kanskje \u00abser vi ikke skogen for bare tr\u00e6r?\u00bb Ett er i hvert fall sikkert: Den som framstiller seg som \u00e5tsel, er bare interessant for gribber. Hvorfor ikke l\u00e6re av distriktskommuner som faktisk har lykkes med \u00e5 tiltrekke seg nye innbyggere? Som for eksempel Fyresdal i Telemark. Der leide de for et par \u00e5r siden inn influenseren @firgisle til \u00e5 flytte dit og dokumentere det gode liv p\u00e5 landet. Visstnok skal Fyresdals st\u00f8rste problem n\u00e5 v\u00e6re \u00e5 skaffe boliger til alle de som vil flytte dit.<\/p>\n\n\n\n<h3 class=\"wp-block-heading\">Det m\u00e5 bli billigere \u00e5 bo og leve i Aremark<\/h3>\n\n\n\n<p>Gjennom de senere \u00e5r har Aremark utviklet seg til \u00e5 g\u00e5 fra en av de billigste til en av de dyreste kommunene i \u00d8stfold \u00e5 bo i. Huseiernes Landsforbund har nylig lagt frem en unders\u00f8kelse som viser at de kommunale avgiftene har \u00f8kt fra kr 10.943 i 2019 til kr 25.453 i \u00e5r (+ 133 %). Og bare fra i fjor til i \u00e5r har flertallet i kommunestyret vedtatt en dramatisk \u00f8kning i eiendomsskatten fra innbyggerne fra 3,7 millioner kroner til 5,9 millioner kroner. (+ 59 %)<\/p>\n\n\n\n<p>I en tid hvor sv\u00e6rt mange ogs\u00e5 i Aremark opplever en stadig mer anstrengt privat\u00f8konomi med \u00f8kte renter og \u00f8kte priser p\u00e5 det meste, er det brutalt av det politiske flertallet \u00e5 p\u00e5f\u00f8re aremarkingene s\u00e5 h\u00f8ye regninger fra kommunen.<\/p>\n\n\n\n<p>Skal flere velge \u00e5 flytte til og ikke fra Aremark, m\u00e5 de kommunale skattene ned og respekten for Aremarks vakre natur opp.<\/p>\n\n\n<div class=\"tags\">\n\t<\/div>\n<div class=\"post-footer alignfull has-background block-editor-block-list__block\" data-align=full>\n\t<div class=\"post-footer-inner\">\n\t\t<h3>Relaterte artikler<\/h3>\n\t\t<div class=\"related-content\"><div class=\"is-card-hoyre\">\n\t<div class=\"teft-card hoyre-teft-card post-teft-card\">\n\t\t<a href=\"https:\/\/hoyre.no\/aremark\/aktuelt\/valgkamp-og-redelighet\/\" class=\"teft-card__primary-action\">\n\n\t\t\t\t\t<div class=\"teft-card__media teft-card__media--16-9\">\n\t\t\t\t\t\t<img loading=\"lazy\" decoding=\"async\" width=\"768\" height=\"576\" src=\"https:\/\/hoyre.no\/content\/uploads\/sites\/203\/2023\/08\/Martin-Engeset-4-3-768x576.jpg\" class=\"attachment-medium_large size-medium_large\" alt=\"\" srcset=\"https:\/\/hoyre.no\/content\/uploads\/sites\/203\/2023\/08\/Martin-Engeset-4-3-768x576.jpg 768w, https:\/\/hoyre.no\/content\/uploads\/sites\/203\/2023\/08\/Martin-Engeset-4-3-300x225.jpg 300w, https:\/\/hoyre.no\/content\/uploads\/sites\/203\/2023\/08\/Martin-Engeset-4-3-1024x768.jpg 1024w, https:\/\/hoyre.no\/content\/uploads\/sites\/203\/2023\/08\/Martin-Engeset-4-3-1536x1152.jpg 1536w, https:\/\/hoyre.no\/content\/uploads\/sites\/203\/2023\/08\/Martin-Engeset-4-3-2048x1536.jpg 2048w\" sizes=\"auto, (max-width: 768px) 100vw, 768px\" \/>\t\t<\/div>\n\t\t\n\t\t\t<div class=\"teft-card__content-wrapper\">\n\t\t\t\t<div class=\"teft-card__secondary\">\n\t\t\t\t\t\n\t\t\t\t\t\t\t\t<div class=\"teft-card__meta\">\n\t\t\t\t\t\t\t\t\t<span class=\"post-date\">10. aug 2023<\/span>\n\n\t\t\t\t\t\t\t\t\t<span class=\"post-category\">Valg 2023<\/span>\t\t\t\t\t\t\t\t<\/div>\n\t\t\t\t\t\t\t\t\t\t\t<\/div>\n\n\t\t\t\t<div class=\"teft-card__primary\">\n\t\t\t\t\t<h2 class=\"teft-card__title\">Valgkamp og redelighet&nbsp;<span class=\"teft-card__primary-title-append\"><\/span><\/h2>\t\t\t\t<\/div>\n\t\t\t<\/div>\n\t\t<\/a>\n\t<\/div>\n\n\t<\/div><div class=\"is-card-hoyre\">\n\t<div class=\"teft-card hoyre-teft-card post-teft-card\">\n\t\t<a href=\"https:\/\/hoyre.no\/aremark\/aktuelt\/aremark_hoyres_program_2019_2023\/\" class=\"teft-card__primary-action\">\n\n\t\t\t\t\t<div class=\"teft-card__media teft-card__media--16-9\">\n\t\t\t\t\t\t<img loading=\"lazy\" decoding=\"async\" width=\"768\" height=\"512\" src=\"https:\/\/hoyre.no\/content\/uploads\/sites\/203\/2020\/11\/gruppe_hoyre_web-768x512.jpg\" class=\"attachment-medium_large size-medium_large\" alt=\"\" srcset=\"https:\/\/hoyre.no\/content\/uploads\/sites\/203\/2020\/11\/gruppe_hoyre_web-768x512.jpg 768w, https:\/\/hoyre.no\/content\/uploads\/sites\/203\/2020\/11\/gruppe_hoyre_web-300x200.jpg 300w, https:\/\/hoyre.no\/content\/uploads\/sites\/203\/2020\/11\/gruppe_hoyre_web-1024x683.jpg 1024w, https:\/\/hoyre.no\/content\/uploads\/sites\/203\/2020\/11\/gruppe_hoyre_web-1536x1024.jpg 1536w, https:\/\/hoyre.no\/content\/uploads\/sites\/203\/2020\/11\/gruppe_hoyre_web-2048x1365.jpg 2048w\" sizes=\"auto, (max-width: 768px) 100vw, 768px\" \/>\t\t<\/div>\n\t\t\n\t\t\t<div class=\"teft-card__content-wrapper\">\n\t\t\t\t<div class=\"teft-card__secondary\">\n\t\t\t\t\t\n\t\t\t\t\t\t\t\t<div class=\"teft-card__meta\">\n\t\t\t\t\t\t\t\t\t<span class=\"post-date\">26. jul 2019<\/span>\n\n\t\t\t\t\t\t\t\t\t\t\t\t\t\t\t\t\t<\/div>\n\t\t\t\t\t\t\t\t\t\t\t<\/div>\n\n\t\t\t\t<div class=\"teft-card__primary\">\n\t\t\t\t\t<h2 class=\"teft-card__title\">Aremark H\u00f8yres  valgprogram 2019-2023&nbsp;<span class=\"teft-card__primary-title-append\"><\/span><\/h2>\t\t\t\t<\/div>\n\t\t\t<\/div>\n\t\t<\/a>\n\t<\/div>\n\n\t<\/div><\/div>\t<\/div>\n<\/div>\n","protected":false},"excerpt":{"rendered":"","protected":false},"author":339,"featured_media":0,"comment_status":"closed","ping_status":"closed","sticky":false,"template":"","format":"standard","meta":{"teft_cards_image_url":"","teft_cards_custom_pretitle":"","teft_cards_image_id":80,"teft_cards_image_focal_point_x":0.5,"teft_cards_image_focal_point_y":0.5,"teft_cards_title":"","teft_cards_excerpt":"","teft_show_chapters":false,"author_display_name":"Martin Engeset","footnotes":""},"category":[6],"post_tag":[],"hoyre-visibility":[],"article-type":[],"politician":[],"class_list":["post-79","post","type-post","status-publish","format-standard","hentry","category-valg-2023"],"yoast_head":"<!-- This site is optimized with the Yoast SEO plugin v26.6 - https:\/\/yoast.com\/wordpress\/plugins\/seo\/ -->\n<title>Det gode liv i Aremark \u2013 midt i naturen - Aremark H\u00f8yre<\/title>\n<meta name=\"robots\" content=\"index, follow, max-snippet:-1, max-image-preview:large, max-video-preview:-1\" \/>\n<link rel=\"canonical\" href=\"https:\/\/hoyre.no\/aremark\/aktuelt\/det-gode-liv-i-aremark-midt-i-naturen\/\" \/>\n<meta property=\"og:locale\" content=\"nb_NO\" \/>\n<meta property=\"og:type\" content=\"article\" \/>\n<meta property=\"og:title\" content=\"Det gode liv i Aremark \u2013 midt i naturen - Aremark H\u00f8yre\" \/>\n<meta property=\"og:url\" content=\"https:\/\/hoyre.no\/aremark\/aktuelt\/det-gode-liv-i-aremark-midt-i-naturen\/\" \/>\n<meta property=\"og:site_name\" content=\"Aremark H\u00f8yre\" \/>\n<meta property=\"article:published_time\" content=\"2023-08-16T10:02:50+00:00\" \/>\n<meta property=\"article:modified_time\" content=\"2023-08-16T10:10:14+00:00\" \/>\n<meta property=\"og:image\" content=\"https:\/\/hoyre.no\/content\/uploads\/sites\/203\/2020\/11\/gruppe_hoyre_web-1024x683.jpg\" \/>\n<meta name=\"author\" content=\"Gjermund Krogstad\" \/>\n<meta name=\"twitter:card\" content=\"summary_large_image\" \/>\n<meta name=\"twitter:label1\" content=\"Skrevet av\" \/>\n\t<meta name=\"twitter:data1\" content=\"Gjermund Krogstad\" \/>\n\t<meta name=\"twitter:label2\" content=\"Ansl. lesetid\" \/>\n\t<meta name=\"twitter:data2\" content=\"4 minutter\" \/>\n<script type=\"application\/ld+json\" class=\"yoast-schema-graph\">{\"@context\":\"https:\/\/schema.org\",\"@graph\":[{\"@type\":\"NewsArticle\",\"@id\":\"https:\/\/hoyre.no\/aremark\/aktuelt\/det-gode-liv-i-aremark-midt-i-naturen\/\",\"url\":\"https:\/\/hoyre.no\/aremark\/aktuelt\/det-gode-liv-i-aremark-midt-i-naturen\/\",\"name\":\"Det gode liv i Aremark \u2013 midt i naturen - Aremark H\u00f8yre\",\"isPartOf\":{\"@id\":\"https:\/\/hoyre.no\/aremark\/#website\"},\"datePublished\":\"2023-08-16T10:02:50+00:00\",\"dateModified\":\"2023-08-16T10:10:14+00:00\",\"author\":{\"@id\":\"https:\/\/hoyre.no\/aremark\/#\/schema\/person\/5be7a0ced8da0969840a21bd65689d59\"},\"breadcrumb\":{\"@id\":\"https:\/\/hoyre.no\/aremark\/aktuelt\/det-gode-liv-i-aremark-midt-i-naturen\/#breadcrumb\"},\"inLanguage\":\"nb-NO\",\"potentialAction\":[{\"@type\":\"ReadAction\",\"target\":[\"https:\/\/hoyre.no\/aremark\/aktuelt\/det-gode-liv-i-aremark-midt-i-naturen\/\"]}]},{\"@type\":\"BreadcrumbList\",\"@id\":\"https:\/\/hoyre.no\/aremark\/aktuelt\/det-gode-liv-i-aremark-midt-i-naturen\/#breadcrumb\",\"itemListElement\":[{\"@type\":\"ListItem\",\"position\":1,\"name\":\"Til hoyre.no\",\"item\":\"https:\/\/hoyre.no\"},{\"@type\":\"ListItem\",\"position\":2,\"name\":\"Hjem\",\"item\":\"https:\/\/hoyre.no\/aremark\/\"},{\"@type\":\"ListItem\",\"position\":3,\"name\":\"Det gode liv i Aremark \u2013 midt i naturen\"}]},{\"@type\":\"WebSite\",\"@id\":\"https:\/\/hoyre.no\/aremark\/#website\",\"url\":\"https:\/\/hoyre.no\/aremark\/\",\"name\":\"Aremark H\u00f8yre\",\"description\":\"Bare enda et H\u00f8yres nettsteder-nettsted\",\"inLanguage\":\"nb-NO\"},{\"@type\":\"Person\",\"@id\":\"https:\/\/hoyre.no\/aremark\/#\/schema\/person\/5be7a0ced8da0969840a21bd65689d59\",\"name\":\"Gjermund Krogstad\",\"image\":{\"@type\":\"ImageObject\",\"inLanguage\":\"nb-NO\",\"@id\":\"https:\/\/hoyre.no\/aremark\/#\/schema\/person\/image\/\",\"url\":\"https:\/\/secure.gravatar.com\/avatar\/a581018c855c680f78e882c15f70e9b9fd9190ee714b6cb95d911f77171b4086?s=96&d=mm&r=g\",\"contentUrl\":\"https:\/\/secure.gravatar.com\/avatar\/a581018c855c680f78e882c15f70e9b9fd9190ee714b6cb95d911f77171b4086?s=96&d=mm&r=g\",\"caption\":\"Gjermund Krogstad\"},\"url\":\"https:\/\/hoyre.no\/aremark\/aktuelt\/author\/m50137017\/\"}]}<\/script>\n<!-- \/ Yoast SEO plugin. -->","yoast_head_json":{"title":"Det gode liv i Aremark \u2013 midt i naturen - Aremark H\u00f8yre","robots":{"index":"index","follow":"follow","max-snippet":"max-snippet:-1","max-image-preview":"max-image-preview:large","max-video-preview":"max-video-preview:-1"},"canonical":"https:\/\/hoyre.no\/aremark\/aktuelt\/det-gode-liv-i-aremark-midt-i-naturen\/","og_locale":"nb_NO","og_type":"article","og_title":"Det gode liv i Aremark \u2013 midt i naturen - Aremark H\u00f8yre","og_url":"https:\/\/hoyre.no\/aremark\/aktuelt\/det-gode-liv-i-aremark-midt-i-naturen\/","og_site_name":"Aremark H\u00f8yre","article_published_time":"2023-08-16T10:02:50+00:00","article_modified_time":"2023-08-16T10:10:14+00:00","og_image":[{"url":"https:\/\/hoyre.no\/content\/uploads\/sites\/203\/2020\/11\/gruppe_hoyre_web-1024x683.jpg","width":"","height":"","type":""}],"author":"Gjermund Krogstad","twitter_card":"summary_large_image","twitter_misc":{"Skrevet av":"Gjermund Krogstad","Ansl. lesetid":"4 minutter"},"schema":{"@context":"https:\/\/schema.org","@graph":[{"@type":"NewsArticle","@id":"https:\/\/hoyre.no\/aremark\/aktuelt\/det-gode-liv-i-aremark-midt-i-naturen\/","url":"https:\/\/hoyre.no\/aremark\/aktuelt\/det-gode-liv-i-aremark-midt-i-naturen\/","name":"Det gode liv i Aremark \u2013 midt i naturen - Aremark H\u00f8yre","isPartOf":{"@id":"https:\/\/hoyre.no\/aremark\/#website"},"datePublished":"2023-08-16T10:02:50+00:00","dateModified":"2023-08-16T10:10:14+00:00","author":{"@id":"https:\/\/hoyre.no\/aremark\/#\/schema\/person\/5be7a0ced8da0969840a21bd65689d59"},"breadcrumb":{"@id":"https:\/\/hoyre.no\/aremark\/aktuelt\/det-gode-liv-i-aremark-midt-i-naturen\/#breadcrumb"},"inLanguage":"nb-NO","potentialAction":[{"@type":"ReadAction","target":["https:\/\/hoyre.no\/aremark\/aktuelt\/det-gode-liv-i-aremark-midt-i-naturen\/"]}]},{"@type":"BreadcrumbList","@id":"https:\/\/hoyre.no\/aremark\/aktuelt\/det-gode-liv-i-aremark-midt-i-naturen\/#breadcrumb","itemListElement":[{"@type":"ListItem","position":1,"name":"Til hoyre.no","item":"https:\/\/hoyre.no"},{"@type":"ListItem","position":2,"name":"Hjem","item":"https:\/\/hoyre.no\/aremark\/"},{"@type":"ListItem","position":3,"name":"Det gode liv i Aremark \u2013 midt i naturen"}]},{"@type":"WebSite","@id":"https:\/\/hoyre.no\/aremark\/#website","url":"https:\/\/hoyre.no\/aremark\/","name":"Aremark H\u00f8yre","description":"Bare enda et H\u00f8yres nettsteder-nettsted","inLanguage":"nb-NO"},{"@type":"Person","@id":"https:\/\/hoyre.no\/aremark\/#\/schema\/person\/5be7a0ced8da0969840a21bd65689d59","name":"Gjermund Krogstad","image":{"@type":"ImageObject","inLanguage":"nb-NO","@id":"https:\/\/hoyre.no\/aremark\/#\/schema\/person\/image\/","url":"https:\/\/secure.gravatar.com\/avatar\/a581018c855c680f78e882c15f70e9b9fd9190ee714b6cb95d911f77171b4086?s=96&d=mm&r=g","contentUrl":"https:\/\/secure.gravatar.com\/avatar\/a581018c855c680f78e882c15f70e9b9fd9190ee714b6cb95d911f77171b4086?s=96&d=mm&r=g","caption":"Gjermund Krogstad"},"url":"https:\/\/hoyre.no\/aremark\/aktuelt\/author\/m50137017\/"}]}},"distributor_meta":false,"distributor_terms":false,"distributor_media":false,"distributor_original_site_name":"Aremark H\u00f8yre","distributor_original_site_url":"https:\/\/hoyre.no\/aremark","push-errors":false,"_links":{"self":[{"href":"https:\/\/hoyre.no\/aremark\/wp-json\/wp\/v2\/posts\/79","targetHints":{"allow":["GET"]}}],"collection":[{"href":"https:\/\/hoyre.no\/aremark\/wp-json\/wp\/v2\/posts"}],"about":[{"href":"https:\/\/hoyre.no\/aremark\/wp-json\/wp\/v2\/types\/post"}],"author":[{"embeddable":true,"href":"https:\/\/hoyre.no\/aremark\/wp-json\/wp\/v2\/users\/339"}],"replies":[{"embeddable":true,"href":"https:\/\/hoyre.no\/aremark\/wp-json\/wp\/v2\/comments?post=79"}],"version-history":[{"count":1,"href":"https:\/\/hoyre.no\/aremark\/wp-json\/wp\/v2\/posts\/79\/revisions"}],"predecessor-version":[{"id":81,"href":"https:\/\/hoyre.no\/aremark\/wp-json\/wp\/v2\/posts\/79\/revisions\/81"}],"wp:attachment":[{"href":"https:\/\/hoyre.no\/aremark\/wp-json\/wp\/v2\/media?parent=79"}],"wp:term":[{"taxonomy":"category","embeddable":true,"href":"https:\/\/hoyre.no\/aremark\/wp-json\/wp\/v2\/category?post=79"},{"taxonomy":"post_tag","embeddable":true,"href":"https:\/\/hoyre.no\/aremark\/wp-json\/wp\/v2\/post_tag?post=79"},{"taxonomy":"hoyre-visibility","embeddable":true,"href":"https:\/\/hoyre.no\/aremark\/wp-json\/wp\/v2\/hoyre-visibility?post=79"},{"taxonomy":"article-type","embeddable":true,"href":"https:\/\/hoyre.no\/aremark\/wp-json\/wp\/v2\/article-type?post=79"},{"taxonomy":"politician","embeddable":true,"href":"https:\/\/hoyre.no\/aremark\/wp-json\/wp\/v2\/politician?post=79"}],"curies":[{"name":"wp","href":"https:\/\/api.w.org\/{rel}","templated":true}]}}